{"id":8965,"date":"2026-03-06T11:52:03","date_gmt":"2026-03-06T10:52:03","guid":{"rendered":"https:\/\/www.smedemokrati.sk\/?p=8965"},"modified":"2026-03-06T11:52:04","modified_gmt":"2026-03-06T10:52:04","slug":"koalicia-chce-zvysit-volebnu-kauciu-demokrati-hovoria-o-pokuse-zlikvidovat-ferovu-sutaz-a-zabranit-demokratom-kandidovat","status":"publish","type":"post","link":"https:\/\/www.smedemokrati.sk\/en\/koalicia-chce-zvysit-volebnu-kauciu-demokrati-hovoria-o-pokuse-zlikvidovat-ferovu-sutaz-a-zabranit-demokratom-kandidovat\/","title":{"rendered":"Koal\u00edcia chce zv\u00fd\u0161i\u0165 volebn\u00fa kauciu. Demokrati hovoria o pokuse zlikvidova\u0165 f\u00e9rov\u00fa s\u00fa\u0165a\u017e a zabr\u00e1ni\u0165 Demokratom kandidova\u0165"},"content":{"rendered":"<div id=\"fb-root\"><\/div>\n\n<p><strong>Strana Demokrati ostro odmieta \u00favahy vl\u00e1dnej koal\u00edcie o dramatickom zv\u00fd\u0161en\u00ed volebnej kaucie pre politick\u00e9 strany. Pod\u013ea Demokratov nejde o technick\u00fa zmenu z\u00e1kona, ale o politick\u00fd pokus vyradi\u0165 nepohodln\u00fa opoz\u00edciu z demokratickej s\u00fa\u0165a\u017ee. Robert Fico sa vyjadril o volebnej kaucii vo v\u00fd\u0161ke 500 000 eur. To by bolo pre stranu Demokrati likvida\u010dn\u00e9.<\/strong><\/p>\n\n\n\n<p>Podpredseda strany Juraj \u0160eliga pova\u017euje pl\u00e1novan\u00e9 zv\u00fd\u0161enie kaucie za \u00fa\u010delov\u00fd krok namieren\u00fd priamo proti Demokratom.<\/p>\n\n\n\n<p><em>\u201eKoal\u00edcia sa dnes ani nesna\u017e\u00ed skr\u00fdva\u0165, \u017ee men\u00ed pravidl\u00e1 hry po\u010das z\u00e1pasu. Zv\u00fd\u0161enie volebnej kaucie na astronomick\u00fa \u00farove\u0148 je politick\u00fd pokus zlikvidova\u0165 Demokratov. Vidia, \u017ee n\u00e1m rastie podpora a vedia, \u017ee Demokrati vo vl\u00e1de znamenaj\u00fa jedin\u00e9 \u2013 oni s\u00fa mimo vl\u00e1dy. Z\u00e1rove\u0148 Demokrati nedisponuj\u00fa \u0161t\u00e1tnym pr\u00edspevkom ako ostatn\u00e9 politick\u00e9 strany a volebn\u00e1 kaucia 500 000 eur, ako o nej rozpr\u00e1val predseda vl\u00e1dy Fico by bola pre stranu likvida\u010dn\u00e1.\u201d<\/em>&nbsp;vyhl\u00e1sil \u0160eliga.<\/p>\n\n\n\n<p>Pod\u013ea neho t\u00fdmto vl\u00e1dna moc uzavrie politick\u00fd syst\u00e9m a znev\u00fdhodn\u00ed politick\u00e9 subjekty:&nbsp;<em>\u201eToto nie je o transparentnosti ani o poriadku v politike. Toto je o strachu. Strachu z politickej konkurencie a strachu z toho, \u017ee pr\u00edde vl\u00e1da, ktor\u00e1 bude vy\u0161etrova\u0165 ich kauzy a zneu\u017e\u00edvanie moci,\u201c&nbsp;<\/em>zd\u00f4raznil \u0160eliga.<\/p>\n\n\n\n<p>Demokrati z\u00e1rove\u0148 zd\u00f4raz\u0148uj\u00fa, \u017ee na rozdiel od koali\u010dn\u00fdch str\u00e1n nemaj\u00fa za sebou oligarchov ani finan\u010dn\u00e9 skupiny.<\/p>\n\n\n\n<p><em>\u201eMy nem\u00e1me \u017eiadnych igelitk\u00e1rov, ktor\u00ed n\u00e1m nosia mili\u00f3ny v hotovosti. Demokrati stoja na \u010dlensk\u00fdch pr\u00edspevkoch a podpore tis\u00edcov \u013eud\u00ed, ktor\u00ed chc\u00fa slu\u0161n\u00fa a spravodliv\u00fa krajinu. A pr\u00e1ve tak\u00fato politiku sa dnes koal\u00edcia sna\u017e\u00ed uml\u010da\u0165. Ak sa stane politika len klubom bohat\u00fdch, tak to je rezign\u00e1cia na demokratick\u00fd charakter krajiny. Nehovoriac o tom, \u017ee to je vo v\u00fdslovnom rozpore s \u00fastavou. Volebn\u00e1 kaucia nesmie by\u0165 tak vysok\u00e1, lebo br\u00e1ni slobodnej volebnej s\u00fa\u0165a\u017ei. My nie sme Robert Fico, ktor\u00fd vedel zohna\u0165 vlastnou hlavou 75 mil. kor\u00fan.\u201d&nbsp;<\/em>dodal \u0160eliga.<\/p>\n\n\n\n<p>Pod\u013ea Demokratov by dramatick\u00e9 zv\u00fd\u0161enie volebnej kaucie znamenalo nebezpe\u010dn\u00fd precedens, ktor\u00fd by obmedzil politick\u00fa s\u00fa\u0165a\u017e a posilnil moc ve\u013ek\u00fdch str\u00e1n. Rovnako strana opakovane kritizuje z\u00e1mer zmeni\u0165 sp\u00f4sob vo\u013eby zo zahrani\u010dia a zn\u00ed\u017ei\u0165 po\u010det mo\u017en\u00fdch preferen\u010dn\u00fdch hlasov.<em>&nbsp;\u201cPr\u00e1ve preferen\u010dn\u00e9 kr\u00fa\u017eky ako ich pozn\u00e1me posil\u0148ovali v\u00f4\u013eu \u013eudu, ke\u010f si na kandid\u00e1tke mohli konkr\u00e9tne vybra\u0165 konkr\u00e9tnych \u013eud\u00ed, toto im chc\u00fa vl\u00e1dni politici vzia\u0165, aj ke\u010f maj\u00fa pln\u00e9 \u00fasta demokracie a posilnenia pr\u00e1va ob\u010danov.\u201d<\/em>&nbsp;hovor\u00ed Juraj \u0160eliga&nbsp;<\/p>\n\n\n\n<p><em>\u201eOpakujem, demokracia nem\u00f4\u017ee by\u0165 klubom pre vyvolen\u00fdch. Ak sa vl\u00e1dna koal\u00edcia sna\u017e\u00ed nastavi\u0165 pravidl\u00e1 tak, aby si politiku mohli dovoli\u0165 len t\u00ed, ktor\u00ed maj\u00fa mili\u00f3ny, je to priamy \u00fatok na demokratick\u00fa s\u00fa\u0165a\u017e. Ak vl\u00e1dna koal\u00edcia pretla\u010d\u00ed tak\u00e9to zmeny, budeme sa br\u00e1ni\u0165 v\u0161etk\u00fdmi dostupn\u00fdmi pr\u00e1vnymi prostriedkami.\u201c<\/em>&nbsp;uzavrel \u0160eliga.<\/p>\n","protected":false},"excerpt":{"rendered":"<p>Strana Demokrati ostro odmieta \u00favahy vl\u00e1dnej koal\u00edcie o dramatickom zv\u00fd\u0161en\u00ed volebnej kaucie pre politick\u00e9 strany. Pod\u013ea Demokratov nejde o technick\u00fa zmenu z\u00e1kona, ale o politick\u00fd pokus vyradi\u0165 nepohodln\u00fa opoz\u00edciu z demokratickej s\u00fa\u0165a\u017ee. Robert Fico sa vyjadril o volebnej kaucii vo v\u00fd\u0161ke 500 000 eur. To by bolo pre stranu Demokrati likvida\u010dn\u00e9. Podpredseda strany Juraj \u0160eliga [&hellip;]<\/p>\n","protected":false},"author":13,"featured_media":930,"comment_status":"closed","ping_status":"closed","sticky":false,"template":"","format":"standard","meta":{"_acf_changed":false,"ngg_post_thumbnail":0,"footnotes":""},"categories":[4],"tags":[],"class_list":["post-8965","post","type-post","status-publish","format-standard","has-post-thumbnail","hentry","category-tlacove-spravy"],"acf":[],"yoast_head":"<!-- This site is optimized with the Yoast SEO plugin v27.2 - https:\/\/yoast.com\/product\/yoast-seo-wordpress\/ -->\n<title>Koal\u00edcia chce zv\u00fd\u0161i\u0165 volebn\u00fa kauciu. Demokrati hovoria o pokuse zlikvidova\u0165 f\u00e9rov\u00fa s\u00fa\u0165a\u017e a zabr\u00e1ni\u0165 Demokratom kandidova\u0165<\/title>\n<meta name=\"robots\" content=\"index, follow, max-snippet:-1, max-image-preview:large, max-video-preview:-1\" \/>\n<link rel=\"canonical\" href=\"https:\/\/www.smedemokrati.sk\/en\/koalicia-chce-zvysit-volebnu-kauciu-demokrati-hovoria-o-pokuse-zlikvidovat-ferovu-sutaz-a-zabranit-demokratom-kandidovat\/\" \/>\n<meta property=\"og:locale\" content=\"en_US\" \/>\n<meta property=\"og:locale:alternate\" content=\"cs_CZ\" \/>\n<meta property=\"og:locale:alternate\" content=\"hu_HU\" \/>\n<meta property=\"og:locale:alternate\" content=\"sk_SK\" \/>\n<meta property=\"og:locale:alternate\" content=\"sv_SE\" \/>\n<meta property=\"og:type\" content=\"article\" \/>\n<meta property=\"og:title\" content=\"Koal\u00edcia chce zv\u00fd\u0161i\u0165 volebn\u00fa kauciu. Demokrati hovoria o pokuse zlikvidova\u0165 f\u00e9rov\u00fa s\u00fa\u0165a\u017e a zabr\u00e1ni\u0165 Demokratom kandidova\u0165\" \/>\n<meta property=\"og:description\" content=\"Strana Demokrati ostro odmieta \u00favahy vl\u00e1dnej koal\u00edcie o dramatickom zv\u00fd\u0161en\u00ed volebnej kaucie pre politick\u00e9 strany. Pod\u013ea Demokratov nejde o technick\u00fa zmenu z\u00e1kona, ale o politick\u00fd pokus vyradi\u0165 nepohodln\u00fa opoz\u00edciu z demokratickej s\u00fa\u0165a\u017ee. Robert Fico sa vyjadril o volebnej kaucii vo v\u00fd\u0161ke 500 000 eur. To by bolo pre stranu Demokrati likvida\u010dn\u00e9. Podpredseda strany Juraj \u0160eliga [&hellip;]\" \/>\n<meta property=\"og:url\" content=\"https:\/\/www.smedemokrati.sk\/en\/koalicia-chce-zvysit-volebnu-kauciu-demokrati-hovoria-o-pokuse-zlikvidovat-ferovu-sutaz-a-zabranit-demokratom-kandidovat\/\" \/>\n<meta property=\"og:site_name\" content=\"Smedemokrati.sk\" \/>\n<meta property=\"article:publisher\" content=\"https:\/\/www.facebook.com\/smedemokrati2023\" \/>\n<meta property=\"article:published_time\" content=\"2026-03-06T10:52:03+00:00\" \/>\n<meta property=\"article:modified_time\" content=\"2026-03-06T10:52:04+00:00\" \/>\n<meta property=\"og:image\" content=\"https:\/\/www.smedemokrati.sk\/wp-content\/uploads\/2023\/04\/Images_web_portety_JS.jpg\" \/>\n\t<meta property=\"og:image:width\" content=\"1520\" \/>\n\t<meta property=\"og:image:height\" content=\"1080\" \/>\n\t<meta property=\"og:image:type\" content=\"image\/jpeg\" \/>\n<meta name=\"author\" content=\"miro.sopko\" \/>\n<meta name=\"twitter:card\" content=\"summary_large_image\" \/>\n<meta name=\"twitter:label1\" content=\"Written by\" \/>\n\t<meta name=\"twitter:data1\" content=\"miro.sopko\" \/>\n\t<meta name=\"twitter:label2\" content=\"Est. reading time\" \/>\n\t<meta name=\"twitter:data2\" content=\"3 minutes\" \/>\n<script type=\"application\/ld+json\" class=\"yoast-schema-graph\">{\"@context\":\"https:\/\/schema.org\",\"@graph\":[{\"@type\":\"Article\",\"@id\":\"https:\/\/www.smedemokrati.sk\/koalicia-chce-zvysit-volebnu-kauciu-demokrati-hovoria-o-pokuse-zlikvidovat-ferovu-sutaz-a-zabranit-demokratom-kandidovat\/#article\",\"isPartOf\":{\"@id\":\"https:\/\/www.smedemokrati.sk\/koalicia-chce-zvysit-volebnu-kauciu-demokrati-hovoria-o-pokuse-zlikvidovat-ferovu-sutaz-a-zabranit-demokratom-kandidovat\/\"},\"author\":{\"name\":\"miro.sopko\",\"@id\":\"https:\/\/www.smedemokrati.sk\/#\/schema\/person\/21f147c88d605aa7ded900e1e7c344ba\"},\"headline\":\"Koal\u00edcia chce zv\u00fd\u0161i\u0165 volebn\u00fa kauciu. Demokrati hovoria o pokuse zlikvidova\u0165 f\u00e9rov\u00fa s\u00fa\u0165a\u017e a zabr\u00e1ni\u0165 Demokratom kandidova\u0165\",\"datePublished\":\"2026-03-06T10:52:03+00:00\",\"dateModified\":\"2026-03-06T10:52:04+00:00\",\"mainEntityOfPage\":{\"@id\":\"https:\/\/www.smedemokrati.sk\/koalicia-chce-zvysit-volebnu-kauciu-demokrati-hovoria-o-pokuse-zlikvidovat-ferovu-sutaz-a-zabranit-demokratom-kandidovat\/\"},\"wordCount\":537,\"publisher\":{\"@id\":\"https:\/\/www.smedemokrati.sk\/#organization\"},\"image\":{\"@id\":\"https:\/\/www.smedemokrati.sk\/koalicia-chce-zvysit-volebnu-kauciu-demokrati-hovoria-o-pokuse-zlikvidovat-ferovu-sutaz-a-zabranit-demokratom-kandidovat\/#primaryimage\"},\"thumbnailUrl\":\"https:\/\/www.smedemokrati.sk\/wp-content\/uploads\/2023\/04\/Images_web_portety_JS.jpg\",\"articleSection\":[\"Tla\u010dov\u00e9 spr\u00e1vy\"],\"inLanguage\":\"en-US\"},{\"@type\":\"WebPage\",\"@id\":\"https:\/\/www.smedemokrati.sk\/koalicia-chce-zvysit-volebnu-kauciu-demokrati-hovoria-o-pokuse-zlikvidovat-ferovu-sutaz-a-zabranit-demokratom-kandidovat\/\",\"url\":\"https:\/\/www.smedemokrati.sk\/koalicia-chce-zvysit-volebnu-kauciu-demokrati-hovoria-o-pokuse-zlikvidovat-ferovu-sutaz-a-zabranit-demokratom-kandidovat\/\",\"name\":\"Koal\u00edcia chce zv\u00fd\u0161i\u0165 volebn\u00fa kauciu. Demokrati hovoria o pokuse zlikvidova\u0165 f\u00e9rov\u00fa s\u00fa\u0165a\u017e a zabr\u00e1ni\u0165 Demokratom kandidova\u0165\",\"isPartOf\":{\"@id\":\"https:\/\/www.smedemokrati.sk\/#website\"},\"primaryImageOfPage\":{\"@id\":\"https:\/\/www.smedemokrati.sk\/koalicia-chce-zvysit-volebnu-kauciu-demokrati-hovoria-o-pokuse-zlikvidovat-ferovu-sutaz-a-zabranit-demokratom-kandidovat\/#primaryimage\"},\"image\":{\"@id\":\"https:\/\/www.smedemokrati.sk\/koalicia-chce-zvysit-volebnu-kauciu-demokrati-hovoria-o-pokuse-zlikvidovat-ferovu-sutaz-a-zabranit-demokratom-kandidovat\/#primaryimage\"},\"thumbnailUrl\":\"https:\/\/www.smedemokrati.sk\/wp-content\/uploads\/2023\/04\/Images_web_portety_JS.jpg\",\"datePublished\":\"2026-03-06T10:52:03+00:00\",\"dateModified\":\"2026-03-06T10:52:04+00:00\",\"breadcrumb\":{\"@id\":\"https:\/\/www.smedemokrati.sk\/koalicia-chce-zvysit-volebnu-kauciu-demokrati-hovoria-o-pokuse-zlikvidovat-ferovu-sutaz-a-zabranit-demokratom-kandidovat\/#breadcrumb\"},\"inLanguage\":\"en-US\",\"potentialAction\":[{\"@type\":\"ReadAction\",\"target\":[\"https:\/\/www.smedemokrati.sk\/koalicia-chce-zvysit-volebnu-kauciu-demokrati-hovoria-o-pokuse-zlikvidovat-ferovu-sutaz-a-zabranit-demokratom-kandidovat\/\"]}]},{\"@type\":\"ImageObject\",\"inLanguage\":\"en-US\",\"@id\":\"https:\/\/www.smedemokrati.sk\/koalicia-chce-zvysit-volebnu-kauciu-demokrati-hovoria-o-pokuse-zlikvidovat-ferovu-sutaz-a-zabranit-demokratom-kandidovat\/#primaryimage\",\"url\":\"https:\/\/www.smedemokrati.sk\/wp-content\/uploads\/2023\/04\/Images_web_portety_JS.jpg\",\"contentUrl\":\"https:\/\/www.smedemokrati.sk\/wp-content\/uploads\/2023\/04\/Images_web_portety_JS.jpg\",\"width\":1520,\"height\":1080},{\"@type\":\"BreadcrumbList\",\"@id\":\"https:\/\/www.smedemokrati.sk\/koalicia-chce-zvysit-volebnu-kauciu-demokrati-hovoria-o-pokuse-zlikvidovat-ferovu-sutaz-a-zabranit-demokratom-kandidovat\/#breadcrumb\",\"itemListElement\":[{\"@type\":\"ListItem\",\"position\":1,\"name\":\"Domovsk\u00e1 str\u00e1nka\",\"item\":\"https:\/\/www.smedemokrati.sk\/\"},{\"@type\":\"ListItem\",\"position\":2,\"name\":\"Koal\u00edcia chce zv\u00fd\u0161i\u0165 volebn\u00fa kauciu. Demokrati hovoria o pokuse zlikvidova\u0165 f\u00e9rov\u00fa s\u00fa\u0165a\u017e a zabr\u00e1ni\u0165 Demokratom kandidova\u0165\"}]},{\"@type\":\"WebSite\",\"@id\":\"https:\/\/www.smedemokrati.sk\/#website\",\"url\":\"https:\/\/www.smedemokrati.sk\/\",\"name\":\"Smedemokrati.sk\",\"description\":\"Demokracia a slu\u0161nos\u0165 zv\u00ed\u0165az\u00ed\",\"publisher\":{\"@id\":\"https:\/\/www.smedemokrati.sk\/#organization\"},\"potentialAction\":[{\"@type\":\"SearchAction\",\"target\":{\"@type\":\"EntryPoint\",\"urlTemplate\":\"https:\/\/www.smedemokrati.sk\/?s={search_term_string}\"},\"query-input\":{\"@type\":\"PropertyValueSpecification\",\"valueRequired\":true,\"valueName\":\"search_term_string\"}}],\"inLanguage\":\"en-US\"},{\"@type\":\"Organization\",\"@id\":\"https:\/\/www.smedemokrati.sk\/#organization\",\"name\":\"Smedemokrati.sk\",\"url\":\"https:\/\/www.smedemokrati.sk\/\",\"logo\":{\"@type\":\"ImageObject\",\"inLanguage\":\"en-US\",\"@id\":\"https:\/\/www.smedemokrati.sk\/#\/schema\/logo\/image\/\",\"url\":\"https:\/\/www.smedemokrati.sk\/wp-content\/uploads\/2023\/04\/ff.002.jpeg\",\"contentUrl\":\"https:\/\/www.smedemokrati.sk\/wp-content\/uploads\/2023\/04\/ff.002.jpeg\",\"width\":640,\"height\":480,\"caption\":\"Smedemokrati.sk\"},\"image\":{\"@id\":\"https:\/\/www.smedemokrati.sk\/#\/schema\/logo\/image\/\"},\"sameAs\":[\"https:\/\/www.facebook.com\/smedemokrati2023\"]},{\"@type\":\"Person\",\"@id\":\"https:\/\/www.smedemokrati.sk\/#\/schema\/person\/21f147c88d605aa7ded900e1e7c344ba\",\"name\":\"miro.sopko\",\"image\":{\"@type\":\"ImageObject\",\"inLanguage\":\"en-US\",\"@id\":\"https:\/\/secure.gravatar.com\/avatar\/267e4a36f704376c109afe3a78740c1f5dd8675a2180a908699e7863c9247606?s=96&d=mm&r=g\",\"url\":\"https:\/\/secure.gravatar.com\/avatar\/267e4a36f704376c109afe3a78740c1f5dd8675a2180a908699e7863c9247606?s=96&d=mm&r=g\",\"contentUrl\":\"https:\/\/secure.gravatar.com\/avatar\/267e4a36f704376c109afe3a78740c1f5dd8675a2180a908699e7863c9247606?s=96&d=mm&r=g\",\"caption\":\"miro.sopko\"},\"url\":\"https:\/\/www.smedemokrati.sk\/en\/author\/miro-sopko\/\"}]}<\/script>\n<!-- \/ Yoast SEO plugin. -->","yoast_head_json":{"title":"Koal\u00edcia chce zv\u00fd\u0161i\u0165 volebn\u00fa kauciu. Demokrati hovoria o pokuse zlikvidova\u0165 f\u00e9rov\u00fa s\u00fa\u0165a\u017e a zabr\u00e1ni\u0165 Demokratom kandidova\u0165","robots":{"index":"index","follow":"follow","max-snippet":"max-snippet:-1","max-image-preview":"max-image-preview:large","max-video-preview":"max-video-preview:-1"},"canonical":"https:\/\/www.smedemokrati.sk\/en\/koalicia-chce-zvysit-volebnu-kauciu-demokrati-hovoria-o-pokuse-zlikvidovat-ferovu-sutaz-a-zabranit-demokratom-kandidovat\/","og_locale":"en_US","og_type":"article","og_title":"[:sk]Koal\u00edcia chce zv\u00fd\u0161i\u0165 volebn\u00fa kauciu. Demokrati hovoria o pokuse zlikvidova\u0165 f\u00e9rov\u00fa s\u00fa\u0165a\u017e a zabr\u00e1ni\u0165 Demokratom kandidova\u0165[:] - Smedemokrati.sk","og_description":"Strana Demokrati ostro odmieta \u00favahy vl\u00e1dnej koal\u00edcie o dramatickom zv\u00fd\u0161en\u00ed volebnej kaucie pre politick\u00e9 strany. Pod\u013ea Demokratov nejde o technick\u00fa zmenu z\u00e1kona, ale o politick\u00fd pokus vyradi\u0165 nepohodln\u00fa opoz\u00edciu z demokratickej s\u00fa\u0165a\u017ee. Robert Fico sa vyjadril o volebnej kaucii vo v\u00fd\u0161ke 500 000 eur. To by bolo pre stranu Demokrati likvida\u010dn\u00e9. Podpredseda strany Juraj \u0160eliga [&hellip;]","og_url":"https:\/\/www.smedemokrati.sk\/en\/koalicia-chce-zvysit-volebnu-kauciu-demokrati-hovoria-o-pokuse-zlikvidovat-ferovu-sutaz-a-zabranit-demokratom-kandidovat\/","og_site_name":"Smedemokrati.sk","article_publisher":"https:\/\/www.facebook.com\/smedemokrati2023","article_published_time":"2026-03-06T10:52:03+00:00","article_modified_time":"2026-03-06T10:52:04+00:00","og_image":[{"width":1520,"height":1080,"url":"https:\/\/www.smedemokrati.sk\/wp-content\/uploads\/2023\/04\/Images_web_portety_JS.jpg","type":"image\/jpeg"}],"author":"miro.sopko","twitter_card":"summary_large_image","twitter_misc":{"Written by":"miro.sopko","Est. reading time":"3 minutes"},"schema":{"@context":"https:\/\/schema.org","@graph":[{"@type":"Article","@id":"https:\/\/www.smedemokrati.sk\/koalicia-chce-zvysit-volebnu-kauciu-demokrati-hovoria-o-pokuse-zlikvidovat-ferovu-sutaz-a-zabranit-demokratom-kandidovat\/#article","isPartOf":{"@id":"https:\/\/www.smedemokrati.sk\/koalicia-chce-zvysit-volebnu-kauciu-demokrati-hovoria-o-pokuse-zlikvidovat-ferovu-sutaz-a-zabranit-demokratom-kandidovat\/"},"author":{"name":"miro.sopko","@id":"https:\/\/www.smedemokrati.sk\/#\/schema\/person\/21f147c88d605aa7ded900e1e7c344ba"},"headline":"Koal\u00edcia chce zv\u00fd\u0161i\u0165 volebn\u00fa kauciu. Demokrati hovoria o pokuse zlikvidova\u0165 f\u00e9rov\u00fa s\u00fa\u0165a\u017e a zabr\u00e1ni\u0165 Demokratom kandidova\u0165","datePublished":"2026-03-06T10:52:03+00:00","dateModified":"2026-03-06T10:52:04+00:00","mainEntityOfPage":{"@id":"https:\/\/www.smedemokrati.sk\/koalicia-chce-zvysit-volebnu-kauciu-demokrati-hovoria-o-pokuse-zlikvidovat-ferovu-sutaz-a-zabranit-demokratom-kandidovat\/"},"wordCount":537,"publisher":{"@id":"https:\/\/www.smedemokrati.sk\/#organization"},"image":{"@id":"https:\/\/www.smedemokrati.sk\/koalicia-chce-zvysit-volebnu-kauciu-demokrati-hovoria-o-pokuse-zlikvidovat-ferovu-sutaz-a-zabranit-demokratom-kandidovat\/#primaryimage"},"thumbnailUrl":"https:\/\/www.smedemokrati.sk\/wp-content\/uploads\/2023\/04\/Images_web_portety_JS.jpg","articleSection":["Tla\u010dov\u00e9 spr\u00e1vy"],"inLanguage":"en-US"},{"@type":"WebPage","@id":"https:\/\/www.smedemokrati.sk\/koalicia-chce-zvysit-volebnu-kauciu-demokrati-hovoria-o-pokuse-zlikvidovat-ferovu-sutaz-a-zabranit-demokratom-kandidovat\/","url":"https:\/\/www.smedemokrati.sk\/koalicia-chce-zvysit-volebnu-kauciu-demokrati-hovoria-o-pokuse-zlikvidovat-ferovu-sutaz-a-zabranit-demokratom-kandidovat\/","name":"Koal\u00edcia chce zv\u00fd\u0161i\u0165 volebn\u00fa kauciu. Demokrati hovoria o pokuse zlikvidova\u0165 f\u00e9rov\u00fa s\u00fa\u0165a\u017e a zabr\u00e1ni\u0165 Demokratom kandidova\u0165","isPartOf":{"@id":"https:\/\/www.smedemokrati.sk\/#website"},"primaryImageOfPage":{"@id":"https:\/\/www.smedemokrati.sk\/koalicia-chce-zvysit-volebnu-kauciu-demokrati-hovoria-o-pokuse-zlikvidovat-ferovu-sutaz-a-zabranit-demokratom-kandidovat\/#primaryimage"},"image":{"@id":"https:\/\/www.smedemokrati.sk\/koalicia-chce-zvysit-volebnu-kauciu-demokrati-hovoria-o-pokuse-zlikvidovat-ferovu-sutaz-a-zabranit-demokratom-kandidovat\/#primaryimage"},"thumbnailUrl":"https:\/\/www.smedemokrati.sk\/wp-content\/uploads\/2023\/04\/Images_web_portety_JS.jpg","datePublished":"2026-03-06T10:52:03+00:00","dateModified":"2026-03-06T10:52:04+00:00","breadcrumb":{"@id":"https:\/\/www.smedemokrati.sk\/koalicia-chce-zvysit-volebnu-kauciu-demokrati-hovoria-o-pokuse-zlikvidovat-ferovu-sutaz-a-zabranit-demokratom-kandidovat\/#breadcrumb"},"inLanguage":"en-US","potentialAction":[{"@type":"ReadAction","target":["https:\/\/www.smedemokrati.sk\/koalicia-chce-zvysit-volebnu-kauciu-demokrati-hovoria-o-pokuse-zlikvidovat-ferovu-sutaz-a-zabranit-demokratom-kandidovat\/"]}]},{"@type":"ImageObject","inLanguage":"en-US","@id":"https:\/\/www.smedemokrati.sk\/koalicia-chce-zvysit-volebnu-kauciu-demokrati-hovoria-o-pokuse-zlikvidovat-ferovu-sutaz-a-zabranit-demokratom-kandidovat\/#primaryimage","url":"https:\/\/www.smedemokrati.sk\/wp-content\/uploads\/2023\/04\/Images_web_portety_JS.jpg","contentUrl":"https:\/\/www.smedemokrati.sk\/wp-content\/uploads\/2023\/04\/Images_web_portety_JS.jpg","width":1520,"height":1080},{"@type":"BreadcrumbList","@id":"https:\/\/www.smedemokrati.sk\/koalicia-chce-zvysit-volebnu-kauciu-demokrati-hovoria-o-pokuse-zlikvidovat-ferovu-sutaz-a-zabranit-demokratom-kandidovat\/#breadcrumb","itemListElement":[{"@type":"ListItem","position":1,"name":"Domovsk\u00e1 str\u00e1nka","item":"https:\/\/www.smedemokrati.sk\/"},{"@type":"ListItem","position":2,"name":"Koal\u00edcia chce zv\u00fd\u0161i\u0165 volebn\u00fa kauciu. Demokrati hovoria o pokuse zlikvidova\u0165 f\u00e9rov\u00fa s\u00fa\u0165a\u017e a zabr\u00e1ni\u0165 Demokratom kandidova\u0165"}]},{"@type":"WebSite","@id":"https:\/\/www.smedemokrati.sk\/#website","url":"https:\/\/www.smedemokrati.sk\/","name":"Smedemokrati.sk","description":"Demokracia a slu\u0161nos\u0165 zv\u00ed\u0165az\u00ed","publisher":{"@id":"https:\/\/www.smedemokrati.sk\/#organization"},"potentialAction":[{"@type":"SearchAction","target":{"@type":"EntryPoint","urlTemplate":"https:\/\/www.smedemokrati.sk\/?s={search_term_string}"},"query-input":{"@type":"PropertyValueSpecification","valueRequired":true,"valueName":"search_term_string"}}],"inLanguage":"en-US"},{"@type":"Organization","@id":"https:\/\/www.smedemokrati.sk\/#organization","name":"Smedemokrati.sk","url":"https:\/\/www.smedemokrati.sk\/","logo":{"@type":"ImageObject","inLanguage":"en-US","@id":"https:\/\/www.smedemokrati.sk\/#\/schema\/logo\/image\/","url":"https:\/\/www.smedemokrati.sk\/wp-content\/uploads\/2023\/04\/ff.002.jpeg","contentUrl":"https:\/\/www.smedemokrati.sk\/wp-content\/uploads\/2023\/04\/ff.002.jpeg","width":640,"height":480,"caption":"Smedemokrati.sk"},"image":{"@id":"https:\/\/www.smedemokrati.sk\/#\/schema\/logo\/image\/"},"sameAs":["https:\/\/www.facebook.com\/smedemokrati2023"]},{"@type":"Person","@id":"https:\/\/www.smedemokrati.sk\/#\/schema\/person\/21f147c88d605aa7ded900e1e7c344ba","name":"miro.sopko","image":{"@type":"ImageObject","inLanguage":"en-US","@id":"https:\/\/secure.gravatar.com\/avatar\/267e4a36f704376c109afe3a78740c1f5dd8675a2180a908699e7863c9247606?s=96&d=mm&r=g","url":"https:\/\/secure.gravatar.com\/avatar\/267e4a36f704376c109afe3a78740c1f5dd8675a2180a908699e7863c9247606?s=96&d=mm&r=g","contentUrl":"https:\/\/secure.gravatar.com\/avatar\/267e4a36f704376c109afe3a78740c1f5dd8675a2180a908699e7863c9247606?s=96&d=mm&r=g","caption":"miro.sopko"},"url":"https:\/\/www.smedemokrati.sk\/en\/author\/miro-sopko\/"}]}},"_links":{"self":[{"href":"https:\/\/www.smedemokrati.sk\/en\/wp-json\/wp\/v2\/posts\/8965","targetHints":{"allow":["GET"]}}],"collection":[{"href":"https:\/\/www.smedemokrati.sk\/en\/wp-json\/wp\/v2\/posts"}],"about":[{"href":"https:\/\/www.smedemokrati.sk\/en\/wp-json\/wp\/v2\/types\/post"}],"author":[{"embeddable":true,"href":"https:\/\/www.smedemokrati.sk\/en\/wp-json\/wp\/v2\/users\/13"}],"replies":[{"embeddable":true,"href":"https:\/\/www.smedemokrati.sk\/en\/wp-json\/wp\/v2\/comments?post=8965"}],"version-history":[{"count":1,"href":"https:\/\/www.smedemokrati.sk\/en\/wp-json\/wp\/v2\/posts\/8965\/revisions"}],"predecessor-version":[{"id":8966,"href":"https:\/\/www.smedemokrati.sk\/en\/wp-json\/wp\/v2\/posts\/8965\/revisions\/8966"}],"wp:featuredmedia":[{"embeddable":true,"href":"https:\/\/www.smedemokrati.sk\/en\/wp-json\/wp\/v2\/media\/930"}],"wp:attachment":[{"href":"https:\/\/www.smedemokrati.sk\/en\/wp-json\/wp\/v2\/media?parent=8965"}],"wp:term":[{"taxonomy":"category","embeddable":true,"href":"https:\/\/www.smedemokrati.sk\/en\/wp-json\/wp\/v2\/categories?post=8965"},{"taxonomy":"post_tag","embeddable":true,"href":"https:\/\/www.smedemokrati.sk\/en\/wp-json\/wp\/v2\/tags?post=8965"}],"curies":[{"name":"wp","href":"https:\/\/api.w.org\/{rel}","templated":true}]}}