{"id":8917,"date":"2026-02-26T10:56:26","date_gmt":"2026-02-26T09:56:26","guid":{"rendered":"https:\/\/www.smedemokrati.sk\/?p=8917"},"modified":"2026-02-26T10:56:27","modified_gmt":"2026-02-26T09:56:27","slug":"posudkovy-chaos-stat-skrta-pomoc-najslabsim-niektori-sa-rozhodnutia-ustredia-prace-nedoziju","status":"publish","type":"post","link":"https:\/\/www.smedemokrati.sk\/en\/posudkovy-chaos-stat-skrta-pomoc-najslabsim-niektori-sa-rozhodnutia-ustredia-prace-nedoziju\/","title":{"rendered":"Posudkov\u00fd chaos: \u0161t\u00e1t \u0161krt\u00e1 pomoc najslab\u0161\u00edm, niektor\u00ed sa rozhodnutia \u00fastredia pr\u00e1ce nedo\u017eij\u00fa"},"content":{"rendered":"<div id=\"fb-root\"><\/div>\n\n<p><strong>Strana Demokrati upozor\u0148uje na v\u00e1\u017ene zlyhania nov\u00e9ho integrovan\u00e9ho syst\u00e9mu posudzovania odk\u00e1zanosti, ktor\u00fd zaviedol minister pr\u00e1ce Erik Tom\u00e1\u0161. Namiesto r\u00fdchlej a spravodlivej pomoci priniesol me\u0161kania, podhodnocovanie zdravotn\u00fdch stavov a existen\u010dn\u00fa neistotu pre seniorov, \u0165a\u017eko chor\u00fdch a ich rodiny.<\/strong><\/p>\n\n\n\n<p>Ob\u010dania n\u00e1m posielaj\u00fa desiatky siln\u00fdch pr\u00edbehov. Pani Marta sa starala o 84-ro\u010dn\u00fa mamu s pokro\u010dilou demenciou. Mala odpor\u00fa\u010dania psychiatra aj neurol\u00f3ga na celodenn\u00fa starostlivos\u0165. Po \u017eiadosti o nov\u00fd posudok kv\u00f4li zmene opatrovate\u013ea \u010dakali dva mesiace, dc\u00e9ra musela da\u0165 v\u00fdpove\u010f aby sa o matku postarala. V\u00fdsledok? Zaradenie do druhej kateg\u00f3rie \u2013 bez n\u00e1roku na opatrovate\u013esk\u00fd pr\u00edspevok. Odvolanie je po piatich mesiacoch st\u00e1le nevybaven\u00e9. Mama sa \u017eia\u013e, rozhodnutia nedo\u017eila.<\/p>\n\n\n\n<p>Demokrati preverili, \u010di ide o individu\u00e1lne zlyhania alebo syst\u00e9mov\u00fd probl\u00e9m. Analyzovali 161 pr\u00edpadov z praxe. Zistenia s\u00fa alarmuj\u00face:<\/p>\n\n\n\n<p>\u2002\u2002\u2002\u2002\u2002\u2002\u2022\u2002\u2002\u2002\u2002\u200234 % konan\u00ed trv\u00e1 viac ako 60 dn\u00ed, \u010fal\u0161\u00edch 30 % viac ako 90 dn\u00ed,<\/p>\n\n\n\n<p>\u2002\u2002\u2002\u2002\u2002\u2002\u2022\u2002\u2002\u2002\u2002\u200254 % dom\u00e1cnost\u00ed m\u00e1 po\u010das konania v\u00fdpadok pr\u00edjmu,<\/p>\n\n\n\n<p>\u2002\u2002\u2002\u2002\u2002\u2002\u2022\u2002\u2002\u2002\u2002\u200256 % pr\u00edpadov poukazuje na podhodnotenie oproti lek\u00e1rskym spr\u00e1vam,<\/p>\n\n\n\n<p>\u2002\u2002\u2002\u2002\u2002\u2002\u2022\u2002\u2002\u2002\u2002\u2002\u0161tvrtina vec\u00ed je v odvolacom konan\u00ed,<\/p>\n\n\n\n<p>\u2002\u2002\u2002\u2002\u2002\u2002\u2022\u2002\u2002\u2002\u2002\u2002v 3 % pr\u00edpadov sa \u017eiadatelia rozhodnutia nedo\u017eili.<\/p>\n\n\n\n<p>\u201eAk nov\u00fd posudok prerad\u00ed pacienta zo \u0161iesteho stup\u0148a do druh\u00e9ho, napriek odborn\u00fdm odpor\u00fa\u010daniam na celodenn\u00fa starostlivos\u0165, nejde o detail. Je to dramatick\u00e9 zn\u00ed\u017eenie pomoci. Bu\u010f je syst\u00e9m nastaven\u00fd z\u00e1merne na \u0161krty, alebo ide o v\u00e1\u017enu metodick\u00fa chybu. V oboch pr\u00edpadoch dopl\u00e1caj\u00fa na to najzranite\u013enej\u0161\u00ed,\u201c upozor\u0148uje Nat\u00e1lia Blahov\u00e1, expertka Demokratov na soci\u00e1lnu oblas\u0165.<\/p>\n\n\n\n<p>\u201eTri percent\u00e1 \u013eud\u00ed sa rozhodnutia nedo\u017eili. To nie je \u0161tatistika to je vizitka syst\u00e9mu. Minister mus\u00ed okam\u017eite stabilizova\u0165 metodiku, skr\u00e1ti\u0165 lehoty a prioritizova\u0165 \u0165a\u017ek\u00e9 pr\u00edpady. \u0160t\u00e1t nesmie rodiny necha\u0165 mesiace bez pr\u00edjmu a bez pomoci,\u201c vyhl\u00e1sil podpredseda Demokratov a b\u00fdval\u00fd premi\u00e9r Eduard Heger.<\/p>\n\n\n\n<p>Demokrati postupuj\u00fa svoj materi\u00e1l Ministerstvu pr\u00e1ce a z\u00e1rove\u0148 ho zasielaj\u00fa verejn\u00e9mu ochrancovi pr\u00e1v, aby preveril, \u010di nedoch\u00e1dza k poru\u0161ovaniu pr\u00e1v ob\u010danov. Z\u00e1rove\u0148 vyz\u00fdvaj\u00fa ministra Erika Tom\u00e1\u0161a, aby bezodkladne zabezpe\u010dil ochranu rod\u00edn \u010dakaj\u00facich na posudky a zastavil podhodnocovanie zdravotn\u00fdch stavov v novom syst\u00e9me.<\/p>\n\n\n\n<div class=\"wp-block-file\"><a id=\"wp-block-file--media-b4ee6a5c-c42a-4c13-8319-9690cc3d4b03\" href=\"https:\/\/www.smedemokrati.sk\/wp-content\/uploads\/2026\/02\/Vysledky-monitoringu-IP.pdf\">Vy\u0301sledky monitoringu IP<\/a><a href=\"https:\/\/www.smedemokrati.sk\/wp-content\/uploads\/2026\/02\/Vysledky-monitoringu-IP.pdf\" class=\"wp-block-file__button wp-element-button\" download aria-describedby=\"wp-block-file--media-b4ee6a5c-c42a-4c13-8319-9690cc3d4b03\">Stiahnu\u0165<\/a><\/div>\n\n\n\n<p>Tla\u010dov\u00e1 konferencia:<\/p>\n\n\n\n<figure class=\"wp-block-embed is-type-video is-provider-youtube wp-block-embed-youtube wp-embed-aspect-16-9 wp-has-aspect-ratio\"><div class=\"wp-block-embed__wrapper\">\n<iframe title=\"Live: V\u00fdzva ministrovi Tom\u00e1\u0161ovi: Seniori a \u013eudia so zdravotn\u00fdm postihnut\u00edm s\u00fa kv\u00f4li v\u00e1m v ohrozen\u00ed!\" width=\"500\" height=\"281\" src=\"https:\/\/www.youtube.com\/embed\/kHnpljbDerU?feature=oembed\" frameborder=\"0\" allow=\"accelerometer; autoplay; clipboard-write; encrypted-media; gyroscope; picture-in-picture; web-share\" referrerpolicy=\"strict-origin-when-cross-origin\" allowfullscreen><\/iframe>\n<\/div><\/figure>\n","protected":false},"excerpt":{"rendered":"<p>Strana Demokrati upozor\u0148uje na v\u00e1\u017ene zlyhania nov\u00e9ho integrovan\u00e9ho syst\u00e9mu posudzovania odk\u00e1zanosti, ktor\u00fd zaviedol minister pr\u00e1ce Erik Tom\u00e1\u0161. Namiesto r\u00fdchlej a spravodlivej pomoci priniesol me\u0161kania, podhodnocovanie zdravotn\u00fdch stavov a existen\u010dn\u00fa neistotu pre seniorov, \u0165a\u017eko chor\u00fdch a ich rodiny. Ob\u010dania n\u00e1m posielaj\u00fa desiatky siln\u00fdch pr\u00edbehov. Pani Marta sa starala o 84-ro\u010dn\u00fa mamu s pokro\u010dilou demenciou. Mala odpor\u00fa\u010dania [&hellip;]<\/p>\n","protected":false},"author":13,"featured_media":8919,"comment_status":"closed","ping_status":"closed","sticky":false,"template":"","format":"standard","meta":{"_acf_changed":false,"ngg_post_thumbnail":0,"footnotes":""},"categories":[4],"tags":[],"class_list":["post-8917","post","type-post","status-publish","format-standard","has-post-thumbnail","hentry","category-tlacove-spravy"],"acf":[],"yoast_head":"<!-- This site is optimized with the Yoast SEO plugin v27.2 - https:\/\/yoast.com\/product\/yoast-seo-wordpress\/ -->\n<title>Posudkov\u00fd chaos: \u0161t\u00e1t \u0161krt\u00e1 pomoc najslab\u0161\u00edm, niektor\u00ed sa rozhodnutia \u00fastredia pr\u00e1ce nedo\u017eij\u00fa<\/title>\n<meta name=\"robots\" content=\"index, follow, max-snippet:-1, max-image-preview:large, max-video-preview:-1\" \/>\n<link rel=\"canonical\" href=\"https:\/\/www.smedemokrati.sk\/en\/posudkovy-chaos-stat-skrta-pomoc-najslabsim-niektori-sa-rozhodnutia-ustredia-prace-nedoziju\/\" \/>\n<meta property=\"og:locale\" content=\"en_US\" \/>\n<meta property=\"og:locale:alternate\" content=\"cs_CZ\" \/>\n<meta property=\"og:locale:alternate\" content=\"hu_HU\" \/>\n<meta property=\"og:locale:alternate\" content=\"sk_SK\" \/>\n<meta property=\"og:locale:alternate\" content=\"sv_SE\" \/>\n<meta property=\"og:type\" content=\"article\" \/>\n<meta property=\"og:title\" content=\"Posudkov\u00fd chaos: \u0161t\u00e1t \u0161krt\u00e1 pomoc najslab\u0161\u00edm, niektor\u00ed sa rozhodnutia \u00fastredia pr\u00e1ce nedo\u017eij\u00fa\" \/>\n<meta property=\"og:description\" content=\"Strana Demokrati upozor\u0148uje na v\u00e1\u017ene zlyhania nov\u00e9ho integrovan\u00e9ho syst\u00e9mu posudzovania odk\u00e1zanosti, ktor\u00fd zaviedol minister pr\u00e1ce Erik Tom\u00e1\u0161. Namiesto r\u00fdchlej a spravodlivej pomoci priniesol me\u0161kania, podhodnocovanie zdravotn\u00fdch stavov a existen\u010dn\u00fa neistotu pre seniorov, \u0165a\u017eko chor\u00fdch a ich rodiny. Ob\u010dania n\u00e1m posielaj\u00fa desiatky siln\u00fdch pr\u00edbehov. Pani Marta sa starala o 84-ro\u010dn\u00fa mamu s pokro\u010dilou demenciou. Mala odpor\u00fa\u010dania [&hellip;]\" \/>\n<meta property=\"og:url\" content=\"https:\/\/www.smedemokrati.sk\/en\/posudkovy-chaos-stat-skrta-pomoc-najslabsim-niektori-sa-rozhodnutia-ustredia-prace-nedoziju\/\" \/>\n<meta property=\"og:site_name\" content=\"Smedemokrati.sk\" \/>\n<meta property=\"article:publisher\" content=\"https:\/\/www.facebook.com\/smedemokrati2023\" \/>\n<meta property=\"article:published_time\" content=\"2026-02-26T09:56:26+00:00\" \/>\n<meta property=\"article:modified_time\" content=\"2026-02-26T09:56:27+00:00\" \/>\n<meta property=\"og:image\" content=\"https:\/\/www.smedemokrati.sk\/wp-content\/uploads\/2026\/02\/posudkovy-chaos.jpg\" \/>\n\t<meta property=\"og:image:width\" content=\"1280\" \/>\n\t<meta property=\"og:image:height\" content=\"720\" \/>\n\t<meta property=\"og:image:type\" content=\"image\/jpeg\" \/>\n<meta name=\"author\" content=\"miro.sopko\" \/>\n<meta name=\"twitter:card\" content=\"summary_large_image\" \/>\n<meta name=\"twitter:label1\" content=\"Written by\" \/>\n\t<meta name=\"twitter:data1\" content=\"miro.sopko\" \/>\n\t<meta name=\"twitter:label2\" content=\"Est. reading time\" \/>\n\t<meta name=\"twitter:data2\" content=\"2 minutes\" \/>\n<script type=\"application\/ld+json\" class=\"yoast-schema-graph\">{\"@context\":\"https:\/\/schema.org\",\"@graph\":[{\"@type\":\"Article\",\"@id\":\"https:\/\/www.smedemokrati.sk\/posudkovy-chaos-stat-skrta-pomoc-najslabsim-niektori-sa-rozhodnutia-ustredia-prace-nedoziju\/#article\",\"isPartOf\":{\"@id\":\"https:\/\/www.smedemokrati.sk\/posudkovy-chaos-stat-skrta-pomoc-najslabsim-niektori-sa-rozhodnutia-ustredia-prace-nedoziju\/\"},\"author\":{\"name\":\"miro.sopko\",\"@id\":\"https:\/\/www.smedemokrati.sk\/#\/schema\/person\/21f147c88d605aa7ded900e1e7c344ba\"},\"headline\":\"Posudkov\u00fd chaos: \u0161t\u00e1t \u0161krt\u00e1 pomoc najslab\u0161\u00edm, niektor\u00ed sa rozhodnutia \u00fastredia pr\u00e1ce nedo\u017eij\u00fa\",\"datePublished\":\"2026-02-26T09:56:26+00:00\",\"dateModified\":\"2026-02-26T09:56:27+00:00\",\"mainEntityOfPage\":{\"@id\":\"https:\/\/www.smedemokrati.sk\/posudkovy-chaos-stat-skrta-pomoc-najslabsim-niektori-sa-rozhodnutia-ustredia-prace-nedoziju\/\"},\"wordCount\":415,\"publisher\":{\"@id\":\"https:\/\/www.smedemokrati.sk\/#organization\"},\"image\":{\"@id\":\"https:\/\/www.smedemokrati.sk\/posudkovy-chaos-stat-skrta-pomoc-najslabsim-niektori-sa-rozhodnutia-ustredia-prace-nedoziju\/#primaryimage\"},\"thumbnailUrl\":\"https:\/\/www.smedemokrati.sk\/wp-content\/uploads\/2026\/02\/posudkovy-chaos.jpg\",\"articleSection\":[\"Tla\u010dov\u00e9 spr\u00e1vy\"],\"inLanguage\":\"en-US\"},{\"@type\":\"WebPage\",\"@id\":\"https:\/\/www.smedemokrati.sk\/posudkovy-chaos-stat-skrta-pomoc-najslabsim-niektori-sa-rozhodnutia-ustredia-prace-nedoziju\/\",\"url\":\"https:\/\/www.smedemokrati.sk\/posudkovy-chaos-stat-skrta-pomoc-najslabsim-niektori-sa-rozhodnutia-ustredia-prace-nedoziju\/\",\"name\":\"Posudkov\u00fd chaos: \u0161t\u00e1t \u0161krt\u00e1 pomoc najslab\u0161\u00edm, niektor\u00ed sa rozhodnutia \u00fastredia pr\u00e1ce nedo\u017eij\u00fa\",\"isPartOf\":{\"@id\":\"https:\/\/www.smedemokrati.sk\/#website\"},\"primaryImageOfPage\":{\"@id\":\"https:\/\/www.smedemokrati.sk\/posudkovy-chaos-stat-skrta-pomoc-najslabsim-niektori-sa-rozhodnutia-ustredia-prace-nedoziju\/#primaryimage\"},\"image\":{\"@id\":\"https:\/\/www.smedemokrati.sk\/posudkovy-chaos-stat-skrta-pomoc-najslabsim-niektori-sa-rozhodnutia-ustredia-prace-nedoziju\/#primaryimage\"},\"thumbnailUrl\":\"https:\/\/www.smedemokrati.sk\/wp-content\/uploads\/2026\/02\/posudkovy-chaos.jpg\",\"datePublished\":\"2026-02-26T09:56:26+00:00\",\"dateModified\":\"2026-02-26T09:56:27+00:00\",\"breadcrumb\":{\"@id\":\"https:\/\/www.smedemokrati.sk\/posudkovy-chaos-stat-skrta-pomoc-najslabsim-niektori-sa-rozhodnutia-ustredia-prace-nedoziju\/#breadcrumb\"},\"inLanguage\":\"en-US\",\"potentialAction\":[{\"@type\":\"ReadAction\",\"target\":[\"https:\/\/www.smedemokrati.sk\/posudkovy-chaos-stat-skrta-pomoc-najslabsim-niektori-sa-rozhodnutia-ustredia-prace-nedoziju\/\"]}]},{\"@type\":\"ImageObject\",\"inLanguage\":\"en-US\",\"@id\":\"https:\/\/www.smedemokrati.sk\/posudkovy-chaos-stat-skrta-pomoc-najslabsim-niektori-sa-rozhodnutia-ustredia-prace-nedoziju\/#primaryimage\",\"url\":\"https:\/\/www.smedemokrati.sk\/wp-content\/uploads\/2026\/02\/posudkovy-chaos.jpg\",\"contentUrl\":\"https:\/\/www.smedemokrati.sk\/wp-content\/uploads\/2026\/02\/posudkovy-chaos.jpg\",\"width\":1280,\"height\":720},{\"@type\":\"BreadcrumbList\",\"@id\":\"https:\/\/www.smedemokrati.sk\/posudkovy-chaos-stat-skrta-pomoc-najslabsim-niektori-sa-rozhodnutia-ustredia-prace-nedoziju\/#breadcrumb\",\"itemListElement\":[{\"@type\":\"ListItem\",\"position\":1,\"name\":\"Domovsk\u00e1 str\u00e1nka\",\"item\":\"https:\/\/www.smedemokrati.sk\/\"},{\"@type\":\"ListItem\",\"position\":2,\"name\":\"Posudkov\u00fd chaos: \u0161t\u00e1t \u0161krt\u00e1 pomoc najslab\u0161\u00edm, niektor\u00ed sa rozhodnutia \u00fastredia pr\u00e1ce nedo\u017eij\u00fa\"}]},{\"@type\":\"WebSite\",\"@id\":\"https:\/\/www.smedemokrati.sk\/#website\",\"url\":\"https:\/\/www.smedemokrati.sk\/\",\"name\":\"Smedemokrati.sk\",\"description\":\"Demokracia a slu\u0161nos\u0165 zv\u00ed\u0165az\u00ed\",\"publisher\":{\"@id\":\"https:\/\/www.smedemokrati.sk\/#organization\"},\"potentialAction\":[{\"@type\":\"SearchAction\",\"target\":{\"@type\":\"EntryPoint\",\"urlTemplate\":\"https:\/\/www.smedemokrati.sk\/?s={search_term_string}\"},\"query-input\":{\"@type\":\"PropertyValueSpecification\",\"valueRequired\":true,\"valueName\":\"search_term_string\"}}],\"inLanguage\":\"en-US\"},{\"@type\":\"Organization\",\"@id\":\"https:\/\/www.smedemokrati.sk\/#organization\",\"name\":\"Smedemokrati.sk\",\"url\":\"https:\/\/www.smedemokrati.sk\/\",\"logo\":{\"@type\":\"ImageObject\",\"inLanguage\":\"en-US\",\"@id\":\"https:\/\/www.smedemokrati.sk\/#\/schema\/logo\/image\/\",\"url\":\"https:\/\/www.smedemokrati.sk\/wp-content\/uploads\/2023\/04\/ff.002.jpeg\",\"contentUrl\":\"https:\/\/www.smedemokrati.sk\/wp-content\/uploads\/2023\/04\/ff.002.jpeg\",\"width\":640,\"height\":480,\"caption\":\"Smedemokrati.sk\"},\"image\":{\"@id\":\"https:\/\/www.smedemokrati.sk\/#\/schema\/logo\/image\/\"},\"sameAs\":[\"https:\/\/www.facebook.com\/smedemokrati2023\"]},{\"@type\":\"Person\",\"@id\":\"https:\/\/www.smedemokrati.sk\/#\/schema\/person\/21f147c88d605aa7ded900e1e7c344ba\",\"name\":\"miro.sopko\",\"image\":{\"@type\":\"ImageObject\",\"inLanguage\":\"en-US\",\"@id\":\"https:\/\/secure.gravatar.com\/avatar\/267e4a36f704376c109afe3a78740c1f5dd8675a2180a908699e7863c9247606?s=96&d=mm&r=g\",\"url\":\"https:\/\/secure.gravatar.com\/avatar\/267e4a36f704376c109afe3a78740c1f5dd8675a2180a908699e7863c9247606?s=96&d=mm&r=g\",\"contentUrl\":\"https:\/\/secure.gravatar.com\/avatar\/267e4a36f704376c109afe3a78740c1f5dd8675a2180a908699e7863c9247606?s=96&d=mm&r=g\",\"caption\":\"miro.sopko\"},\"url\":\"https:\/\/www.smedemokrati.sk\/en\/author\/miro-sopko\/\"}]}<\/script>\n<!-- \/ Yoast SEO plugin. -->","yoast_head_json":{"title":"Posudkov\u00fd chaos: \u0161t\u00e1t \u0161krt\u00e1 pomoc najslab\u0161\u00edm, niektor\u00ed sa rozhodnutia \u00fastredia pr\u00e1ce nedo\u017eij\u00fa","robots":{"index":"index","follow":"follow","max-snippet":"max-snippet:-1","max-image-preview":"max-image-preview:large","max-video-preview":"max-video-preview:-1"},"canonical":"https:\/\/www.smedemokrati.sk\/en\/posudkovy-chaos-stat-skrta-pomoc-najslabsim-niektori-sa-rozhodnutia-ustredia-prace-nedoziju\/","og_locale":"en_US","og_type":"article","og_title":"[:sk]Posudkov\u00fd chaos: \u0161t\u00e1t \u0161krt\u00e1 pomoc najslab\u0161\u00edm, niektor\u00ed sa rozhodnutia \u00fastredia pr\u00e1ce nedo\u017eij\u00fa[:] - Smedemokrati.sk","og_description":"Strana Demokrati upozor\u0148uje na v\u00e1\u017ene zlyhania nov\u00e9ho integrovan\u00e9ho syst\u00e9mu posudzovania odk\u00e1zanosti, ktor\u00fd zaviedol minister pr\u00e1ce Erik Tom\u00e1\u0161. Namiesto r\u00fdchlej a spravodlivej pomoci priniesol me\u0161kania, podhodnocovanie zdravotn\u00fdch stavov a existen\u010dn\u00fa neistotu pre seniorov, \u0165a\u017eko chor\u00fdch a ich rodiny. Ob\u010dania n\u00e1m posielaj\u00fa desiatky siln\u00fdch pr\u00edbehov. Pani Marta sa starala o 84-ro\u010dn\u00fa mamu s pokro\u010dilou demenciou. Mala odpor\u00fa\u010dania [&hellip;]","og_url":"https:\/\/www.smedemokrati.sk\/en\/posudkovy-chaos-stat-skrta-pomoc-najslabsim-niektori-sa-rozhodnutia-ustredia-prace-nedoziju\/","og_site_name":"Smedemokrati.sk","article_publisher":"https:\/\/www.facebook.com\/smedemokrati2023","article_published_time":"2026-02-26T09:56:26+00:00","article_modified_time":"2026-02-26T09:56:27+00:00","og_image":[{"width":1280,"height":720,"url":"https:\/\/www.smedemokrati.sk\/wp-content\/uploads\/2026\/02\/posudkovy-chaos.jpg","type":"image\/jpeg"}],"author":"miro.sopko","twitter_card":"summary_large_image","twitter_misc":{"Written by":"miro.sopko","Est. reading time":"2 minutes"},"schema":{"@context":"https:\/\/schema.org","@graph":[{"@type":"Article","@id":"https:\/\/www.smedemokrati.sk\/posudkovy-chaos-stat-skrta-pomoc-najslabsim-niektori-sa-rozhodnutia-ustredia-prace-nedoziju\/#article","isPartOf":{"@id":"https:\/\/www.smedemokrati.sk\/posudkovy-chaos-stat-skrta-pomoc-najslabsim-niektori-sa-rozhodnutia-ustredia-prace-nedoziju\/"},"author":{"name":"miro.sopko","@id":"https:\/\/www.smedemokrati.sk\/#\/schema\/person\/21f147c88d605aa7ded900e1e7c344ba"},"headline":"Posudkov\u00fd chaos: \u0161t\u00e1t \u0161krt\u00e1 pomoc najslab\u0161\u00edm, niektor\u00ed sa rozhodnutia \u00fastredia pr\u00e1ce nedo\u017eij\u00fa","datePublished":"2026-02-26T09:56:26+00:00","dateModified":"2026-02-26T09:56:27+00:00","mainEntityOfPage":{"@id":"https:\/\/www.smedemokrati.sk\/posudkovy-chaos-stat-skrta-pomoc-najslabsim-niektori-sa-rozhodnutia-ustredia-prace-nedoziju\/"},"wordCount":415,"publisher":{"@id":"https:\/\/www.smedemokrati.sk\/#organization"},"image":{"@id":"https:\/\/www.smedemokrati.sk\/posudkovy-chaos-stat-skrta-pomoc-najslabsim-niektori-sa-rozhodnutia-ustredia-prace-nedoziju\/#primaryimage"},"thumbnailUrl":"https:\/\/www.smedemokrati.sk\/wp-content\/uploads\/2026\/02\/posudkovy-chaos.jpg","articleSection":["Tla\u010dov\u00e9 spr\u00e1vy"],"inLanguage":"en-US"},{"@type":"WebPage","@id":"https:\/\/www.smedemokrati.sk\/posudkovy-chaos-stat-skrta-pomoc-najslabsim-niektori-sa-rozhodnutia-ustredia-prace-nedoziju\/","url":"https:\/\/www.smedemokrati.sk\/posudkovy-chaos-stat-skrta-pomoc-najslabsim-niektori-sa-rozhodnutia-ustredia-prace-nedoziju\/","name":"Posudkov\u00fd chaos: \u0161t\u00e1t \u0161krt\u00e1 pomoc najslab\u0161\u00edm, niektor\u00ed sa rozhodnutia \u00fastredia pr\u00e1ce nedo\u017eij\u00fa","isPartOf":{"@id":"https:\/\/www.smedemokrati.sk\/#website"},"primaryImageOfPage":{"@id":"https:\/\/www.smedemokrati.sk\/posudkovy-chaos-stat-skrta-pomoc-najslabsim-niektori-sa-rozhodnutia-ustredia-prace-nedoziju\/#primaryimage"},"image":{"@id":"https:\/\/www.smedemokrati.sk\/posudkovy-chaos-stat-skrta-pomoc-najslabsim-niektori-sa-rozhodnutia-ustredia-prace-nedoziju\/#primaryimage"},"thumbnailUrl":"https:\/\/www.smedemokrati.sk\/wp-content\/uploads\/2026\/02\/posudkovy-chaos.jpg","datePublished":"2026-02-26T09:56:26+00:00","dateModified":"2026-02-26T09:56:27+00:00","breadcrumb":{"@id":"https:\/\/www.smedemokrati.sk\/posudkovy-chaos-stat-skrta-pomoc-najslabsim-niektori-sa-rozhodnutia-ustredia-prace-nedoziju\/#breadcrumb"},"inLanguage":"en-US","potentialAction":[{"@type":"ReadAction","target":["https:\/\/www.smedemokrati.sk\/posudkovy-chaos-stat-skrta-pomoc-najslabsim-niektori-sa-rozhodnutia-ustredia-prace-nedoziju\/"]}]},{"@type":"ImageObject","inLanguage":"en-US","@id":"https:\/\/www.smedemokrati.sk\/posudkovy-chaos-stat-skrta-pomoc-najslabsim-niektori-sa-rozhodnutia-ustredia-prace-nedoziju\/#primaryimage","url":"https:\/\/www.smedemokrati.sk\/wp-content\/uploads\/2026\/02\/posudkovy-chaos.jpg","contentUrl":"https:\/\/www.smedemokrati.sk\/wp-content\/uploads\/2026\/02\/posudkovy-chaos.jpg","width":1280,"height":720},{"@type":"BreadcrumbList","@id":"https:\/\/www.smedemokrati.sk\/posudkovy-chaos-stat-skrta-pomoc-najslabsim-niektori-sa-rozhodnutia-ustredia-prace-nedoziju\/#breadcrumb","itemListElement":[{"@type":"ListItem","position":1,"name":"Domovsk\u00e1 str\u00e1nka","item":"https:\/\/www.smedemokrati.sk\/"},{"@type":"ListItem","position":2,"name":"Posudkov\u00fd chaos: \u0161t\u00e1t \u0161krt\u00e1 pomoc najslab\u0161\u00edm, niektor\u00ed sa rozhodnutia \u00fastredia pr\u00e1ce nedo\u017eij\u00fa"}]},{"@type":"WebSite","@id":"https:\/\/www.smedemokrati.sk\/#website","url":"https:\/\/www.smedemokrati.sk\/","name":"Smedemokrati.sk","description":"Demokracia a slu\u0161nos\u0165 zv\u00ed\u0165az\u00ed","publisher":{"@id":"https:\/\/www.smedemokrati.sk\/#organization"},"potentialAction":[{"@type":"SearchAction","target":{"@type":"EntryPoint","urlTemplate":"https:\/\/www.smedemokrati.sk\/?s={search_term_string}"},"query-input":{"@type":"PropertyValueSpecification","valueRequired":true,"valueName":"search_term_string"}}],"inLanguage":"en-US"},{"@type":"Organization","@id":"https:\/\/www.smedemokrati.sk\/#organization","name":"Smedemokrati.sk","url":"https:\/\/www.smedemokrati.sk\/","logo":{"@type":"ImageObject","inLanguage":"en-US","@id":"https:\/\/www.smedemokrati.sk\/#\/schema\/logo\/image\/","url":"https:\/\/www.smedemokrati.sk\/wp-content\/uploads\/2023\/04\/ff.002.jpeg","contentUrl":"https:\/\/www.smedemokrati.sk\/wp-content\/uploads\/2023\/04\/ff.002.jpeg","width":640,"height":480,"caption":"Smedemokrati.sk"},"image":{"@id":"https:\/\/www.smedemokrati.sk\/#\/schema\/logo\/image\/"},"sameAs":["https:\/\/www.facebook.com\/smedemokrati2023"]},{"@type":"Person","@id":"https:\/\/www.smedemokrati.sk\/#\/schema\/person\/21f147c88d605aa7ded900e1e7c344ba","name":"miro.sopko","image":{"@type":"ImageObject","inLanguage":"en-US","@id":"https:\/\/secure.gravatar.com\/avatar\/267e4a36f704376c109afe3a78740c1f5dd8675a2180a908699e7863c9247606?s=96&d=mm&r=g","url":"https:\/\/secure.gravatar.com\/avatar\/267e4a36f704376c109afe3a78740c1f5dd8675a2180a908699e7863c9247606?s=96&d=mm&r=g","contentUrl":"https:\/\/secure.gravatar.com\/avatar\/267e4a36f704376c109afe3a78740c1f5dd8675a2180a908699e7863c9247606?s=96&d=mm&r=g","caption":"miro.sopko"},"url":"https:\/\/www.smedemokrati.sk\/en\/author\/miro-sopko\/"}]}},"_links":{"self":[{"href":"https:\/\/www.smedemokrati.sk\/en\/wp-json\/wp\/v2\/posts\/8917","targetHints":{"allow":["GET"]}}],"collection":[{"href":"https:\/\/www.smedemokrati.sk\/en\/wp-json\/wp\/v2\/posts"}],"about":[{"href":"https:\/\/www.smedemokrati.sk\/en\/wp-json\/wp\/v2\/types\/post"}],"author":[{"embeddable":true,"href":"https:\/\/www.smedemokrati.sk\/en\/wp-json\/wp\/v2\/users\/13"}],"replies":[{"embeddable":true,"href":"https:\/\/www.smedemokrati.sk\/en\/wp-json\/wp\/v2\/comments?post=8917"}],"version-history":[{"count":1,"href":"https:\/\/www.smedemokrati.sk\/en\/wp-json\/wp\/v2\/posts\/8917\/revisions"}],"predecessor-version":[{"id":8920,"href":"https:\/\/www.smedemokrati.sk\/en\/wp-json\/wp\/v2\/posts\/8917\/revisions\/8920"}],"wp:featuredmedia":[{"embeddable":true,"href":"https:\/\/www.smedemokrati.sk\/en\/wp-json\/wp\/v2\/media\/8919"}],"wp:attachment":[{"href":"https:\/\/www.smedemokrati.sk\/en\/wp-json\/wp\/v2\/media?parent=8917"}],"wp:term":[{"taxonomy":"category","embeddable":true,"href":"https:\/\/www.smedemokrati.sk\/en\/wp-json\/wp\/v2\/categories?post=8917"},{"taxonomy":"post_tag","embeddable":true,"href":"https:\/\/www.smedemokrati.sk\/en\/wp-json\/wp\/v2\/tags?post=8917"}],"curies":[{"name":"wp","href":"https:\/\/api.w.org\/{rel}","templated":true}]}}