{"id":8898,"date":"2026-02-23T20:03:09","date_gmt":"2026-02-23T19:03:09","guid":{"rendered":"https:\/\/www.smedemokrati.sk\/?p=8898"},"modified":"2026-02-23T20:03:10","modified_gmt":"2026-02-23T19:03:10","slug":"nezamestnanost-rastie-firmy-odchadzaju-a-vlada-sa-iba-vyhovara-demokrati-vyzyvaju-kamenickeho-na-prijatie-opatreni","status":"publish","type":"post","link":"https:\/\/www.smedemokrati.sk\/en\/nezamestnanost-rastie-firmy-odchadzaju-a-vlada-sa-iba-vyhovara-demokrati-vyzyvaju-kamenickeho-na-prijatie-opatreni\/","title":{"rendered":"Nezamestnanos\u0165 rastie, firmy odch\u00e1dzaj\u00fa a vl\u00e1da sa iba vyhov\u00e1ra. Demokrati vyz\u00fdvaj\u00fa Kamenick\u00e9ho na prijatie opatren\u00ed"},"content":{"rendered":"<div id=\"fb-root\"><\/div>\n\n<p><strong>Nezamestnanos\u0165 na Slovensku od novembra 2025 vzr\u00e1stla o 0,38 percentu\u00e1lneho bodu a dosiahla \u00farove\u0148 6,36 %. Politick\u00e1 strana Demokrati upozor\u0148uje, \u017ee ide o jasn\u00fd d\u00f4kaz zhor\u0161uj\u00faceho sa ekonomick\u00e9ho prostredia, na ktor\u00e9 dlhodobo upozor\u0148ovala u\u017e po\u010das minul\u00e9ho roka. Vyz\u00fdvaj\u00fa preto ministra Kamenick\u00e9ho, aby za\u010dal kona\u0165 a in\u0161piroval sa opatreniami z programu strany Demokrati<\/strong><\/p>\n\n\n\n<p><em>\u201eU\u017e pred viac ako rokom sme varovali, \u017ee Slovensko prest\u00e1va by\u0165 atrakt\u00edvnym miestom pre podnikanie. Len za posledn\u00fd rok odi\u0161lo zo Slovenska viac ako 20 firiem. Dokonca aj slovensk\u00e1 firma presunula svoje p\u00f4sobenie z v\u00fdchodn\u00e9ho Slovenska do Rak\u00faska. To je alarmuj\u00faci sign\u00e1l o tom, v akom podnikate\u013eskom prostred\u00ed dnes \u017eijeme, ke\u010f sa slovensk\u00fdm firm\u00e1m viac oplat\u00ed podnika\u0165 za hranicami ako doma,\u201c<\/em> uviedol Eduard Heger.<\/p>\n\n\n\n<p>Situ\u00e1ciu pod\u013ea Hegera zhor\u0161uje fakt, \u017ee odchod firiem zasahuje najm\u00e4 regi\u00f3ny s u\u017e dnes nadpriemernou nezamestnanos\u0165ou. Ide najm\u00e4 o Banskobystrick\u00fd, Pre\u0161ovsk\u00fd a Ko\u0161ick\u00fd kraj: <em>\u201eV Pre\u0161ovskom kraji u\u017e nezamestnanos\u0165\u00a0 presiahla 9 %. V okresoch Rimavsk\u00e1 Sobota a Rev\u00faca dosahuje a\u017e 13,6 % a 12,3 %, \u010do patr\u00ed medzi najhor\u0161ie hodnoty na Slovensku. Za na\u0161ej vl\u00e1dy sme\u00a0 do t\u00fdchto regi\u00f3nov priniesli nov\u00fdch zamestn\u00e1vate\u013eov, zatia\u013e \u010do s\u00fa\u010dasn\u00e1 vl\u00e1da ich svojimi rozhodnutiami vyh\u00e1\u0148a.\u201c<\/em>\u00a0<\/p>\n\n\n\n<p>Pod\u013ea Hegera nejde o sez\u00f3nny jav, ale o dlhodob\u00fd a syst\u00e9mov\u00fd probl\u00e9m sp\u00f4soben\u00fd ekonomickou politikou vl\u00e1dy.<\/p>\n\n\n\n<p>Za hlavn\u00e9 pr\u00ed\u010diny ozna\u010duje zv\u00fd\u0161en\u00e9 dane, zavedenie transak\u010dnej dane, rast odvodov\u00e9ho za\u0165a\u017eenia, neefekt\u00edvnu konsolid\u00e1ciu verejn\u00fdch financi\u00ed.\u00a0 <em>\u201eTieto opatrenia nepriniesli viac pe\u0148az\u00ed do rozpo\u010dtu. Naopak, zadusili ekonomiku a oslabili podnikate\u013esk\u00e9 prostredie. Upozor\u0148ovali sme na to od \u00fapln\u00e9ho za\u010diatku,\u201c <\/em>dod\u00e1va Eduard Heger.\u00a0<\/p>\n\n\n\n<p>Eduard Heger z\u00e1rove\u0148 odmieta tvrdenia premi\u00e9ra Roberta Fica, \u017ee za aktu\u00e1lny stav nes\u00fa zodpovednos\u0165 predch\u00e1dzaj\u00face vl\u00e1dy. <em>\u201ePo\u010das vl\u00e1d Igora Matovi\u010da, Eduarda Hegera a \u013dudov\u00edta \u00d3dora hospod\u00e1rilo Slovensko lep\u0161ie ne\u017e bol priemer Eur\u00f3pskej \u00fanie. Verejn\u00fd dlh r\u00e1stol pomal\u0161ie ako napr\u00edklad v \u010cesku \u010di Ma\u010farsku. V\u0161etky ekonomick\u00e9 ukazovatele dokazuj\u00fa, \u017ee s\u00fa\u010dasn\u00e1 vl\u00e1da neprevzala krajinu v tak zlom stave, ako tvrd\u00ed.\u201c<\/em>\u00a0<\/p>\n\n\n\n<p>Strana Demokrati vyz\u00fdva ministra financi\u00ed Ladislava Kamenick\u00e9ho, aby bezodkladne pripravil opatrenia na zastavenie odchodu firiem a pril\u00e1kanie nov\u00fdch investorov.<\/p>\n\n\n\n<p>Demokrati navrhuj\u00fa najm\u00e4:<\/p>\n\n\n\n<ul class=\"wp-block-list\">\n<li>zavedenie rovnej dane na \u00farovni 17 %,<\/li>\n\n\n\n<li>jednotn\u00e9 pau\u0161\u00e1lne platby pre \u017eivnostn\u00edkov,<\/li>\n\n\n\n<li>vy\u0161\u0161iu efektivitu verejn\u00e9ho obstar\u00e1vania,<\/li>\n\n\n\n<li>centraliz\u00e1ciu n\u00e1kupov \u0161t\u00e1tu,<\/li>\n\n\n\n<li>\u00faspory na extern\u00fdch poradensk\u00fdch slu\u017eb\u00e1ch,<\/li>\n\n\n\n<li>efekt\u00edvnej\u0161iu spr\u00e1vu \u0161t\u00e1tneho majetku,<\/li>\n\n\n\n<li>zdie\u013eanie infra\u0161trukt\u00fary a optimaliz\u00e1ciu IT syst\u00e9mov,<\/li>\n\n\n\n<li>presmerovanie eurofondov do regi\u00f3nov s vysokou nezamestnanos\u0165ou.<\/li>\n<\/ul>\n\n\n\n<p>Z\u00e1rove\u0148 po\u017eaduj\u00fa v\u00fdmenu vedenia Finan\u010dnej spr\u00e1vy a K\u00daFS prostredn\u00edctvom transparentn\u00fdch v\u00fdberov\u00fdch konan\u00ed, ako aj obnovenie \u00daradu \u0161peci\u00e1lnej prokurat\u00fary a NAKA.<\/p>\n\n\n\n<p><em>\u201eVl\u00e1da sa nem\u00e1 spr\u00e1va\u0165 ako p\u0161tros a pcha\u0165 hlavu do piesku. M\u00e1 kona\u0165 v prospech ob\u010danov Slovenska. \u010c\u00edsla, ktor\u00e9 sme dnes prezentovali s\u00fa len d\u00f4sledkom chybnej kosolid\u00e1cie verejn\u00fdh financi\u00ed. Aj napriek vysok\u00fdm daniam a odvodom dnes v \u0161t\u00e1tnom rozpo\u010dte ch\u00fdbaj\u00fa viac ako dve miliardy eur. Ob\u00e1vame sa, ak\u00fdm sp\u00f4sobom bude vl\u00e1da op\u00e4\u0165 za\u0165a\u017eova\u0165 ob\u010danov a ekonomiku, aby tento v\u00fdpadok vykryla,\u201c<\/em> uzavrel Dominik Sumbal \u010dlen expertnej skupiny pre ekonomiku.<\/p>\n\n\n\n<figure class=\"wp-block-embed is-type-video is-provider-youtube wp-block-embed-youtube wp-embed-aspect-4-3 wp-has-aspect-ratio\"><div class=\"wp-block-embed__wrapper\">\n<iframe title=\"Live: Nezamestnanos\u0165 st\u00fapa a vl\u00e1da ni\u010d nerob\u00ed! V\u00fdzva ministrovi Kamenick\u00e9mu\" width=\"500\" height=\"375\" src=\"https:\/\/www.youtube.com\/embed\/9dJoLhSNebs?feature=oembed\" frameborder=\"0\" allow=\"accelerometer; autoplay; clipboard-write; encrypted-media; gyroscope; picture-in-picture; web-share\" referrerpolicy=\"strict-origin-when-cross-origin\" allowfullscreen><\/iframe>\n<\/div><\/figure>\n","protected":false},"excerpt":{"rendered":"<p>Nezamestnanos\u0165 na Slovensku od novembra 2025 vzr\u00e1stla o 0,38 percentu\u00e1lneho bodu a dosiahla \u00farove\u0148 6,36 %. Politick\u00e1 strana Demokrati upozor\u0148uje, \u017ee ide o jasn\u00fd d\u00f4kaz zhor\u0161uj\u00faceho sa ekonomick\u00e9ho prostredia, na ktor\u00e9 dlhodobo upozor\u0148ovala u\u017e po\u010das minul\u00e9ho roka. Vyz\u00fdvaj\u00fa preto ministra Kamenick\u00e9ho, aby za\u010dal kona\u0165 a in\u0161piroval sa opatreniami z programu strany Demokrati \u201eU\u017e pred viac [&hellip;]<\/p>\n","protected":false},"author":13,"featured_media":8899,"comment_status":"closed","ping_status":"closed","sticky":false,"template":"","format":"standard","meta":{"_acf_changed":false,"ngg_post_thumbnail":0,"footnotes":""},"categories":[4],"tags":[],"class_list":["post-8898","post","type-post","status-publish","format-standard","has-post-thumbnail","hentry","category-tlacove-spravy"],"acf":[],"yoast_head":"<!-- This site is optimized with the Yoast SEO plugin v27.2 - https:\/\/yoast.com\/product\/yoast-seo-wordpress\/ -->\n<title>Nezamestnanos\u0165 rastie, firmy odch\u00e1dzaj\u00fa a vl\u00e1da sa iba vyhov\u00e1ra. Demokrati vyz\u00fdvaj\u00fa Kamenick\u00e9ho na prijatie opatren\u00ed<\/title>\n<meta name=\"robots\" content=\"index, follow, max-snippet:-1, max-image-preview:large, max-video-preview:-1\" \/>\n<link rel=\"canonical\" href=\"https:\/\/www.smedemokrati.sk\/en\/nezamestnanost-rastie-firmy-odchadzaju-a-vlada-sa-iba-vyhovara-demokrati-vyzyvaju-kamenickeho-na-prijatie-opatreni\/\" \/>\n<meta property=\"og:locale\" content=\"en_US\" \/>\n<meta property=\"og:locale:alternate\" content=\"cs_CZ\" \/>\n<meta property=\"og:locale:alternate\" content=\"hu_HU\" \/>\n<meta property=\"og:locale:alternate\" content=\"sk_SK\" \/>\n<meta property=\"og:locale:alternate\" content=\"sv_SE\" \/>\n<meta property=\"og:type\" content=\"article\" \/>\n<meta property=\"og:title\" content=\"Nezamestnanos\u0165 rastie, firmy odch\u00e1dzaj\u00fa a vl\u00e1da sa iba vyhov\u00e1ra. Demokrati vyz\u00fdvaj\u00fa Kamenick\u00e9ho na prijatie opatren\u00ed\" \/>\n<meta property=\"og:description\" content=\"Nezamestnanos\u0165 na Slovensku od novembra 2025 vzr\u00e1stla o 0,38 percentu\u00e1lneho bodu a dosiahla \u00farove\u0148 6,36 %. Politick\u00e1 strana Demokrati upozor\u0148uje, \u017ee ide o jasn\u00fd d\u00f4kaz zhor\u0161uj\u00faceho sa ekonomick\u00e9ho prostredia, na ktor\u00e9 dlhodobo upozor\u0148ovala u\u017e po\u010das minul\u00e9ho roka. Vyz\u00fdvaj\u00fa preto ministra Kamenick\u00e9ho, aby za\u010dal kona\u0165 a in\u0161piroval sa opatreniami z programu strany Demokrati \u201eU\u017e pred viac [&hellip;]\" \/>\n<meta property=\"og:url\" content=\"https:\/\/www.smedemokrati.sk\/en\/nezamestnanost-rastie-firmy-odchadzaju-a-vlada-sa-iba-vyhovara-demokrati-vyzyvaju-kamenickeho-na-prijatie-opatreni\/\" \/>\n<meta property=\"og:site_name\" content=\"Smedemokrati.sk\" \/>\n<meta property=\"article:publisher\" content=\"https:\/\/www.facebook.com\/smedemokrati2023\" \/>\n<meta property=\"article:published_time\" content=\"2026-02-23T19:03:09+00:00\" \/>\n<meta property=\"article:modified_time\" content=\"2026-02-23T19:03:10+00:00\" \/>\n<meta property=\"og:image\" content=\"https:\/\/www.smedemokrati.sk\/wp-content\/uploads\/2026\/02\/odkaz_kamenickemu.jpg\" \/>\n\t<meta property=\"og:image:width\" content=\"1280\" \/>\n\t<meta property=\"og:image:height\" content=\"720\" \/>\n\t<meta property=\"og:image:type\" content=\"image\/jpeg\" \/>\n<meta name=\"author\" content=\"miro.sopko\" \/>\n<meta name=\"twitter:card\" content=\"summary_large_image\" \/>\n<meta name=\"twitter:label1\" content=\"Written by\" \/>\n\t<meta name=\"twitter:data1\" content=\"miro.sopko\" \/>\n\t<meta name=\"twitter:label2\" content=\"Est. reading time\" \/>\n\t<meta name=\"twitter:data2\" content=\"3 minutes\" \/>\n<script type=\"application\/ld+json\" class=\"yoast-schema-graph\">{\"@context\":\"https:\/\/schema.org\",\"@graph\":[{\"@type\":\"Article\",\"@id\":\"https:\/\/www.smedemokrati.sk\/nezamestnanost-rastie-firmy-odchadzaju-a-vlada-sa-iba-vyhovara-demokrati-vyzyvaju-kamenickeho-na-prijatie-opatreni\/#article\",\"isPartOf\":{\"@id\":\"https:\/\/www.smedemokrati.sk\/nezamestnanost-rastie-firmy-odchadzaju-a-vlada-sa-iba-vyhovara-demokrati-vyzyvaju-kamenickeho-na-prijatie-opatreni\/\"},\"author\":{\"name\":\"miro.sopko\",\"@id\":\"https:\/\/www.smedemokrati.sk\/#\/schema\/person\/21f147c88d605aa7ded900e1e7c344ba\"},\"headline\":\"Nezamestnanos\u0165 rastie, firmy odch\u00e1dzaj\u00fa a vl\u00e1da sa iba vyhov\u00e1ra. Demokrati vyz\u00fdvaj\u00fa Kamenick\u00e9ho na prijatie opatren\u00ed\",\"datePublished\":\"2026-02-23T19:03:09+00:00\",\"dateModified\":\"2026-02-23T19:03:10+00:00\",\"mainEntityOfPage\":{\"@id\":\"https:\/\/www.smedemokrati.sk\/nezamestnanost-rastie-firmy-odchadzaju-a-vlada-sa-iba-vyhovara-demokrati-vyzyvaju-kamenickeho-na-prijatie-opatreni\/\"},\"wordCount\":614,\"publisher\":{\"@id\":\"https:\/\/www.smedemokrati.sk\/#organization\"},\"image\":{\"@id\":\"https:\/\/www.smedemokrati.sk\/nezamestnanost-rastie-firmy-odchadzaju-a-vlada-sa-iba-vyhovara-demokrati-vyzyvaju-kamenickeho-na-prijatie-opatreni\/#primaryimage\"},\"thumbnailUrl\":\"https:\/\/www.smedemokrati.sk\/wp-content\/uploads\/2026\/02\/odkaz_kamenickemu.jpg\",\"articleSection\":[\"Tla\u010dov\u00e9 spr\u00e1vy\"],\"inLanguage\":\"en-US\"},{\"@type\":\"WebPage\",\"@id\":\"https:\/\/www.smedemokrati.sk\/nezamestnanost-rastie-firmy-odchadzaju-a-vlada-sa-iba-vyhovara-demokrati-vyzyvaju-kamenickeho-na-prijatie-opatreni\/\",\"url\":\"https:\/\/www.smedemokrati.sk\/nezamestnanost-rastie-firmy-odchadzaju-a-vlada-sa-iba-vyhovara-demokrati-vyzyvaju-kamenickeho-na-prijatie-opatreni\/\",\"name\":\"Nezamestnanos\u0165 rastie, firmy odch\u00e1dzaj\u00fa a vl\u00e1da sa iba vyhov\u00e1ra. Demokrati vyz\u00fdvaj\u00fa Kamenick\u00e9ho na prijatie opatren\u00ed\",\"isPartOf\":{\"@id\":\"https:\/\/www.smedemokrati.sk\/#website\"},\"primaryImageOfPage\":{\"@id\":\"https:\/\/www.smedemokrati.sk\/nezamestnanost-rastie-firmy-odchadzaju-a-vlada-sa-iba-vyhovara-demokrati-vyzyvaju-kamenickeho-na-prijatie-opatreni\/#primaryimage\"},\"image\":{\"@id\":\"https:\/\/www.smedemokrati.sk\/nezamestnanost-rastie-firmy-odchadzaju-a-vlada-sa-iba-vyhovara-demokrati-vyzyvaju-kamenickeho-na-prijatie-opatreni\/#primaryimage\"},\"thumbnailUrl\":\"https:\/\/www.smedemokrati.sk\/wp-content\/uploads\/2026\/02\/odkaz_kamenickemu.jpg\",\"datePublished\":\"2026-02-23T19:03:09+00:00\",\"dateModified\":\"2026-02-23T19:03:10+00:00\",\"breadcrumb\":{\"@id\":\"https:\/\/www.smedemokrati.sk\/nezamestnanost-rastie-firmy-odchadzaju-a-vlada-sa-iba-vyhovara-demokrati-vyzyvaju-kamenickeho-na-prijatie-opatreni\/#breadcrumb\"},\"inLanguage\":\"en-US\",\"potentialAction\":[{\"@type\":\"ReadAction\",\"target\":[\"https:\/\/www.smedemokrati.sk\/nezamestnanost-rastie-firmy-odchadzaju-a-vlada-sa-iba-vyhovara-demokrati-vyzyvaju-kamenickeho-na-prijatie-opatreni\/\"]}]},{\"@type\":\"ImageObject\",\"inLanguage\":\"en-US\",\"@id\":\"https:\/\/www.smedemokrati.sk\/nezamestnanost-rastie-firmy-odchadzaju-a-vlada-sa-iba-vyhovara-demokrati-vyzyvaju-kamenickeho-na-prijatie-opatreni\/#primaryimage\",\"url\":\"https:\/\/www.smedemokrati.sk\/wp-content\/uploads\/2026\/02\/odkaz_kamenickemu.jpg\",\"contentUrl\":\"https:\/\/www.smedemokrati.sk\/wp-content\/uploads\/2026\/02\/odkaz_kamenickemu.jpg\",\"width\":1280,\"height\":720},{\"@type\":\"BreadcrumbList\",\"@id\":\"https:\/\/www.smedemokrati.sk\/nezamestnanost-rastie-firmy-odchadzaju-a-vlada-sa-iba-vyhovara-demokrati-vyzyvaju-kamenickeho-na-prijatie-opatreni\/#breadcrumb\",\"itemListElement\":[{\"@type\":\"ListItem\",\"position\":1,\"name\":\"Domovsk\u00e1 str\u00e1nka\",\"item\":\"https:\/\/www.smedemokrati.sk\/\"},{\"@type\":\"ListItem\",\"position\":2,\"name\":\"Nezamestnanos\u0165 rastie, firmy odch\u00e1dzaj\u00fa a vl\u00e1da sa iba vyhov\u00e1ra. Demokrati vyz\u00fdvaj\u00fa Kamenick\u00e9ho na prijatie opatren\u00ed\"}]},{\"@type\":\"WebSite\",\"@id\":\"https:\/\/www.smedemokrati.sk\/#website\",\"url\":\"https:\/\/www.smedemokrati.sk\/\",\"name\":\"Smedemokrati.sk\",\"description\":\"Demokracia a slu\u0161nos\u0165 zv\u00ed\u0165az\u00ed\",\"publisher\":{\"@id\":\"https:\/\/www.smedemokrati.sk\/#organization\"},\"potentialAction\":[{\"@type\":\"SearchAction\",\"target\":{\"@type\":\"EntryPoint\",\"urlTemplate\":\"https:\/\/www.smedemokrati.sk\/?s={search_term_string}\"},\"query-input\":{\"@type\":\"PropertyValueSpecification\",\"valueRequired\":true,\"valueName\":\"search_term_string\"}}],\"inLanguage\":\"en-US\"},{\"@type\":\"Organization\",\"@id\":\"https:\/\/www.smedemokrati.sk\/#organization\",\"name\":\"Smedemokrati.sk\",\"url\":\"https:\/\/www.smedemokrati.sk\/\",\"logo\":{\"@type\":\"ImageObject\",\"inLanguage\":\"en-US\",\"@id\":\"https:\/\/www.smedemokrati.sk\/#\/schema\/logo\/image\/\",\"url\":\"https:\/\/www.smedemokrati.sk\/wp-content\/uploads\/2023\/04\/ff.002.jpeg\",\"contentUrl\":\"https:\/\/www.smedemokrati.sk\/wp-content\/uploads\/2023\/04\/ff.002.jpeg\",\"width\":640,\"height\":480,\"caption\":\"Smedemokrati.sk\"},\"image\":{\"@id\":\"https:\/\/www.smedemokrati.sk\/#\/schema\/logo\/image\/\"},\"sameAs\":[\"https:\/\/www.facebook.com\/smedemokrati2023\"]},{\"@type\":\"Person\",\"@id\":\"https:\/\/www.smedemokrati.sk\/#\/schema\/person\/21f147c88d605aa7ded900e1e7c344ba\",\"name\":\"miro.sopko\",\"image\":{\"@type\":\"ImageObject\",\"inLanguage\":\"en-US\",\"@id\":\"https:\/\/secure.gravatar.com\/avatar\/267e4a36f704376c109afe3a78740c1f5dd8675a2180a908699e7863c9247606?s=96&d=mm&r=g\",\"url\":\"https:\/\/secure.gravatar.com\/avatar\/267e4a36f704376c109afe3a78740c1f5dd8675a2180a908699e7863c9247606?s=96&d=mm&r=g\",\"contentUrl\":\"https:\/\/secure.gravatar.com\/avatar\/267e4a36f704376c109afe3a78740c1f5dd8675a2180a908699e7863c9247606?s=96&d=mm&r=g\",\"caption\":\"miro.sopko\"},\"url\":\"https:\/\/www.smedemokrati.sk\/en\/author\/miro-sopko\/\"}]}<\/script>\n<!-- \/ Yoast SEO plugin. -->","yoast_head_json":{"title":"Nezamestnanos\u0165 rastie, firmy odch\u00e1dzaj\u00fa a vl\u00e1da sa iba vyhov\u00e1ra. Demokrati vyz\u00fdvaj\u00fa Kamenick\u00e9ho na prijatie opatren\u00ed","robots":{"index":"index","follow":"follow","max-snippet":"max-snippet:-1","max-image-preview":"max-image-preview:large","max-video-preview":"max-video-preview:-1"},"canonical":"https:\/\/www.smedemokrati.sk\/en\/nezamestnanost-rastie-firmy-odchadzaju-a-vlada-sa-iba-vyhovara-demokrati-vyzyvaju-kamenickeho-na-prijatie-opatreni\/","og_locale":"en_US","og_type":"article","og_title":"[:sk]Nezamestnanos\u0165 rastie, firmy odch\u00e1dzaj\u00fa a vl\u00e1da sa iba vyhov\u00e1ra. Demokrati vyz\u00fdvaj\u00fa Kamenick\u00e9ho na prijatie opatren\u00ed[:] - Smedemokrati.sk","og_description":"Nezamestnanos\u0165 na Slovensku od novembra 2025 vzr\u00e1stla o 0,38 percentu\u00e1lneho bodu a dosiahla \u00farove\u0148 6,36 %. Politick\u00e1 strana Demokrati upozor\u0148uje, \u017ee ide o jasn\u00fd d\u00f4kaz zhor\u0161uj\u00faceho sa ekonomick\u00e9ho prostredia, na ktor\u00e9 dlhodobo upozor\u0148ovala u\u017e po\u010das minul\u00e9ho roka. Vyz\u00fdvaj\u00fa preto ministra Kamenick\u00e9ho, aby za\u010dal kona\u0165 a in\u0161piroval sa opatreniami z programu strany Demokrati \u201eU\u017e pred viac [&hellip;]","og_url":"https:\/\/www.smedemokrati.sk\/en\/nezamestnanost-rastie-firmy-odchadzaju-a-vlada-sa-iba-vyhovara-demokrati-vyzyvaju-kamenickeho-na-prijatie-opatreni\/","og_site_name":"Smedemokrati.sk","article_publisher":"https:\/\/www.facebook.com\/smedemokrati2023","article_published_time":"2026-02-23T19:03:09+00:00","article_modified_time":"2026-02-23T19:03:10+00:00","og_image":[{"width":1280,"height":720,"url":"https:\/\/www.smedemokrati.sk\/wp-content\/uploads\/2026\/02\/odkaz_kamenickemu.jpg","type":"image\/jpeg"}],"author":"miro.sopko","twitter_card":"summary_large_image","twitter_misc":{"Written by":"miro.sopko","Est. reading time":"3 minutes"},"schema":{"@context":"https:\/\/schema.org","@graph":[{"@type":"Article","@id":"https:\/\/www.smedemokrati.sk\/nezamestnanost-rastie-firmy-odchadzaju-a-vlada-sa-iba-vyhovara-demokrati-vyzyvaju-kamenickeho-na-prijatie-opatreni\/#article","isPartOf":{"@id":"https:\/\/www.smedemokrati.sk\/nezamestnanost-rastie-firmy-odchadzaju-a-vlada-sa-iba-vyhovara-demokrati-vyzyvaju-kamenickeho-na-prijatie-opatreni\/"},"author":{"name":"miro.sopko","@id":"https:\/\/www.smedemokrati.sk\/#\/schema\/person\/21f147c88d605aa7ded900e1e7c344ba"},"headline":"Nezamestnanos\u0165 rastie, firmy odch\u00e1dzaj\u00fa a vl\u00e1da sa iba vyhov\u00e1ra. Demokrati vyz\u00fdvaj\u00fa Kamenick\u00e9ho na prijatie opatren\u00ed","datePublished":"2026-02-23T19:03:09+00:00","dateModified":"2026-02-23T19:03:10+00:00","mainEntityOfPage":{"@id":"https:\/\/www.smedemokrati.sk\/nezamestnanost-rastie-firmy-odchadzaju-a-vlada-sa-iba-vyhovara-demokrati-vyzyvaju-kamenickeho-na-prijatie-opatreni\/"},"wordCount":614,"publisher":{"@id":"https:\/\/www.smedemokrati.sk\/#organization"},"image":{"@id":"https:\/\/www.smedemokrati.sk\/nezamestnanost-rastie-firmy-odchadzaju-a-vlada-sa-iba-vyhovara-demokrati-vyzyvaju-kamenickeho-na-prijatie-opatreni\/#primaryimage"},"thumbnailUrl":"https:\/\/www.smedemokrati.sk\/wp-content\/uploads\/2026\/02\/odkaz_kamenickemu.jpg","articleSection":["Tla\u010dov\u00e9 spr\u00e1vy"],"inLanguage":"en-US"},{"@type":"WebPage","@id":"https:\/\/www.smedemokrati.sk\/nezamestnanost-rastie-firmy-odchadzaju-a-vlada-sa-iba-vyhovara-demokrati-vyzyvaju-kamenickeho-na-prijatie-opatreni\/","url":"https:\/\/www.smedemokrati.sk\/nezamestnanost-rastie-firmy-odchadzaju-a-vlada-sa-iba-vyhovara-demokrati-vyzyvaju-kamenickeho-na-prijatie-opatreni\/","name":"Nezamestnanos\u0165 rastie, firmy odch\u00e1dzaj\u00fa a vl\u00e1da sa iba vyhov\u00e1ra. Demokrati vyz\u00fdvaj\u00fa Kamenick\u00e9ho na prijatie opatren\u00ed","isPartOf":{"@id":"https:\/\/www.smedemokrati.sk\/#website"},"primaryImageOfPage":{"@id":"https:\/\/www.smedemokrati.sk\/nezamestnanost-rastie-firmy-odchadzaju-a-vlada-sa-iba-vyhovara-demokrati-vyzyvaju-kamenickeho-na-prijatie-opatreni\/#primaryimage"},"image":{"@id":"https:\/\/www.smedemokrati.sk\/nezamestnanost-rastie-firmy-odchadzaju-a-vlada-sa-iba-vyhovara-demokrati-vyzyvaju-kamenickeho-na-prijatie-opatreni\/#primaryimage"},"thumbnailUrl":"https:\/\/www.smedemokrati.sk\/wp-content\/uploads\/2026\/02\/odkaz_kamenickemu.jpg","datePublished":"2026-02-23T19:03:09+00:00","dateModified":"2026-02-23T19:03:10+00:00","breadcrumb":{"@id":"https:\/\/www.smedemokrati.sk\/nezamestnanost-rastie-firmy-odchadzaju-a-vlada-sa-iba-vyhovara-demokrati-vyzyvaju-kamenickeho-na-prijatie-opatreni\/#breadcrumb"},"inLanguage":"en-US","potentialAction":[{"@type":"ReadAction","target":["https:\/\/www.smedemokrati.sk\/nezamestnanost-rastie-firmy-odchadzaju-a-vlada-sa-iba-vyhovara-demokrati-vyzyvaju-kamenickeho-na-prijatie-opatreni\/"]}]},{"@type":"ImageObject","inLanguage":"en-US","@id":"https:\/\/www.smedemokrati.sk\/nezamestnanost-rastie-firmy-odchadzaju-a-vlada-sa-iba-vyhovara-demokrati-vyzyvaju-kamenickeho-na-prijatie-opatreni\/#primaryimage","url":"https:\/\/www.smedemokrati.sk\/wp-content\/uploads\/2026\/02\/odkaz_kamenickemu.jpg","contentUrl":"https:\/\/www.smedemokrati.sk\/wp-content\/uploads\/2026\/02\/odkaz_kamenickemu.jpg","width":1280,"height":720},{"@type":"BreadcrumbList","@id":"https:\/\/www.smedemokrati.sk\/nezamestnanost-rastie-firmy-odchadzaju-a-vlada-sa-iba-vyhovara-demokrati-vyzyvaju-kamenickeho-na-prijatie-opatreni\/#breadcrumb","itemListElement":[{"@type":"ListItem","position":1,"name":"Domovsk\u00e1 str\u00e1nka","item":"https:\/\/www.smedemokrati.sk\/"},{"@type":"ListItem","position":2,"name":"Nezamestnanos\u0165 rastie, firmy odch\u00e1dzaj\u00fa a vl\u00e1da sa iba vyhov\u00e1ra. Demokrati vyz\u00fdvaj\u00fa Kamenick\u00e9ho na prijatie opatren\u00ed"}]},{"@type":"WebSite","@id":"https:\/\/www.smedemokrati.sk\/#website","url":"https:\/\/www.smedemokrati.sk\/","name":"Smedemokrati.sk","description":"Demokracia a slu\u0161nos\u0165 zv\u00ed\u0165az\u00ed","publisher":{"@id":"https:\/\/www.smedemokrati.sk\/#organization"},"potentialAction":[{"@type":"SearchAction","target":{"@type":"EntryPoint","urlTemplate":"https:\/\/www.smedemokrati.sk\/?s={search_term_string}"},"query-input":{"@type":"PropertyValueSpecification","valueRequired":true,"valueName":"search_term_string"}}],"inLanguage":"en-US"},{"@type":"Organization","@id":"https:\/\/www.smedemokrati.sk\/#organization","name":"Smedemokrati.sk","url":"https:\/\/www.smedemokrati.sk\/","logo":{"@type":"ImageObject","inLanguage":"en-US","@id":"https:\/\/www.smedemokrati.sk\/#\/schema\/logo\/image\/","url":"https:\/\/www.smedemokrati.sk\/wp-content\/uploads\/2023\/04\/ff.002.jpeg","contentUrl":"https:\/\/www.smedemokrati.sk\/wp-content\/uploads\/2023\/04\/ff.002.jpeg","width":640,"height":480,"caption":"Smedemokrati.sk"},"image":{"@id":"https:\/\/www.smedemokrati.sk\/#\/schema\/logo\/image\/"},"sameAs":["https:\/\/www.facebook.com\/smedemokrati2023"]},{"@type":"Person","@id":"https:\/\/www.smedemokrati.sk\/#\/schema\/person\/21f147c88d605aa7ded900e1e7c344ba","name":"miro.sopko","image":{"@type":"ImageObject","inLanguage":"en-US","@id":"https:\/\/secure.gravatar.com\/avatar\/267e4a36f704376c109afe3a78740c1f5dd8675a2180a908699e7863c9247606?s=96&d=mm&r=g","url":"https:\/\/secure.gravatar.com\/avatar\/267e4a36f704376c109afe3a78740c1f5dd8675a2180a908699e7863c9247606?s=96&d=mm&r=g","contentUrl":"https:\/\/secure.gravatar.com\/avatar\/267e4a36f704376c109afe3a78740c1f5dd8675a2180a908699e7863c9247606?s=96&d=mm&r=g","caption":"miro.sopko"},"url":"https:\/\/www.smedemokrati.sk\/en\/author\/miro-sopko\/"}]}},"_links":{"self":[{"href":"https:\/\/www.smedemokrati.sk\/en\/wp-json\/wp\/v2\/posts\/8898","targetHints":{"allow":["GET"]}}],"collection":[{"href":"https:\/\/www.smedemokrati.sk\/en\/wp-json\/wp\/v2\/posts"}],"about":[{"href":"https:\/\/www.smedemokrati.sk\/en\/wp-json\/wp\/v2\/types\/post"}],"author":[{"embeddable":true,"href":"https:\/\/www.smedemokrati.sk\/en\/wp-json\/wp\/v2\/users\/13"}],"replies":[{"embeddable":true,"href":"https:\/\/www.smedemokrati.sk\/en\/wp-json\/wp\/v2\/comments?post=8898"}],"version-history":[{"count":1,"href":"https:\/\/www.smedemokrati.sk\/en\/wp-json\/wp\/v2\/posts\/8898\/revisions"}],"predecessor-version":[{"id":8900,"href":"https:\/\/www.smedemokrati.sk\/en\/wp-json\/wp\/v2\/posts\/8898\/revisions\/8900"}],"wp:featuredmedia":[{"embeddable":true,"href":"https:\/\/www.smedemokrati.sk\/en\/wp-json\/wp\/v2\/media\/8899"}],"wp:attachment":[{"href":"https:\/\/www.smedemokrati.sk\/en\/wp-json\/wp\/v2\/media?parent=8898"}],"wp:term":[{"taxonomy":"category","embeddable":true,"href":"https:\/\/www.smedemokrati.sk\/en\/wp-json\/wp\/v2\/categories?post=8898"},{"taxonomy":"post_tag","embeddable":true,"href":"https:\/\/www.smedemokrati.sk\/en\/wp-json\/wp\/v2\/tags?post=8898"}],"curies":[{"name":"wp","href":"https:\/\/api.w.org\/{rel}","templated":true}]}}