{"id":8874,"date":"2026-02-16T12:27:35","date_gmt":"2026-02-16T11:27:35","guid":{"rendered":"https:\/\/www.smedemokrati.sk\/?p=8874"},"modified":"2026-02-16T12:27:36","modified_gmt":"2026-02-16T11:27:36","slug":"dohoda-o-obrannej-spolupraci-mala-byt-podla-ficovych-slubov-uz-25-roka-roztrhana-na-franforce-no-stale-je-bez-zmeny-v-platnosti","status":"publish","type":"post","link":"https:\/\/www.smedemokrati.sk\/en\/dohoda-o-obrannej-spolupraci-mala-byt-podla-ficovych-slubov-uz-25-roka-roztrhana-na-franforce-no-stale-je-bez-zmeny-v-platnosti\/","title":{"rendered":"Dohoda o obrannej spolupr\u00e1ci mala by\u0165 pod\u013ea Ficov\u00fdch s\u013eubov u\u017e 2,5 roka roztrhan\u00e1 na franforce, no st\u00e1le je bez zmeny v platnosti"},"content":{"rendered":"<div id=\"fb-root\"><\/div>\n\n<p><strong>Strana Demokrati upozor\u0148uje na jasn\u00fd d\u00f4kaz toho, \u017ee Robert Fico vedome klamal ob\u010danov Slovenska. U\u017e dva a pol roka je&nbsp;Robert Fico&nbsp;premi\u00e9rom, no Dohoda o obrannej spolupr\u00e1ci s USA, ktor\u00fa pred vo\u013ebami hystericky ozna\u010doval za \u201evlastizradcovsk\u00fa\u201c a s\u013euboval ju po n\u00e1stupe k moci zru\u0161i\u0165, je st\u00e1le v platnosti. Bez jedinej zmeny, bez jedinej iniciat\u00edvy na jej \u00fapravu, bez jedinej diplomatickej snahy ju otvori\u0165.<\/strong><\/p>\n\n\n\n<p>V\u010deraj\u0161ie stretnutie s americk\u00fdm ministrom zahrani\u010dn\u00fdch vec\u00ed&nbsp;Marcom Rubiom bolo ide\u00e1lnou pr\u00edle\u017eitos\u0165ou postavi\u0165 sa k vlastn\u00fdm slov\u00e1m a kona\u0165. Robert Fico v\u0161ak t\u00e9mu ani len neotvoril. Rovnako ju neotvoril ani pri in\u00fdch stretnutiach na najvy\u0161\u0161ej \u00farovni, \u010di u\u017e po\u010das n\u00e1v\u0161tev v USA alebo prostredn\u00edctvom diplomatick\u00fdch kan\u00e1lov. V\u017edy, ke\u010f sa ho novin\u00e1ri p\u00fdtaj\u00fa, \u010di u\u017e kone\u010dne konal, reaguje podr\u00e1\u017edene a vyh\u00fdbavo. Preto\u017ee pravda je jednoduch\u00e1 \u2013 nedok\u00e1zal naplni\u0165 ani jeden zo svojich ve\u013ek\u00fdch predvolebn\u00fdch s\u013eubov.<\/p>\n\n\n\n<p>Ako zd\u00f4raznil predseda Demokratov&nbsp;Jaroslav Na\u010f, premi\u00e9r mal opakovane pr\u00edle\u017eitos\u0165 otvori\u0165 ot\u00e1zku obrannej dohody priamo s predstavite\u013emi americkej administrat\u00edvy.<\/p>\n\n\n\n<p><em>\u201e<\/em><em>Neurobil to ani raz. A ani to neurob\u00ed, preto\u017ee vie, \u017ee cel\u00e1 jeho kampa\u0148 bola postaven\u00e1 na strachu, manipul\u00e1cii a vedomom zav\u00e1dzan\u00ed verejnosti. Dohoda je v platnosti \u0161tyri roky, z toho polovicu \u010dasu pod veden\u00edm Roberta Fica. Nestal sa ani jeden zo scen\u00e1rov, ktor\u00fdmi SMER stra\u0161il ob\u010danov. \u017diadna \u017eena nebola zn\u00e1silnen\u00e1 americk\u00fdmi vojakmi ani potraviny neboli vykradnut\u00e9 spojeneck\u00fdmi jednotkami. Slovensko nie je okupovan\u00e9, na na\u0161om \u00fazem\u00ed nie s\u00fa \u017eiadne jadrov\u00e9 zbrane a dohoda sa nestala \u017eiadnou \u201epoz\u00fdvacou zmluvou\u201c na pr\u00edtomnos\u0165 cudz\u00edch vojsk. Naopak, zmluva je v\u00fdhodn\u00e1 a prospe\u0161n\u00e1.&nbsp;Katastrofick\u00e9 v\u00edzie sa rozpadli pod \u0165archou reality. Zostali len pr\u00e1zdne slov\u00e1,&#8221;<\/em>&nbsp;povedal vtedaj\u0161\u00ed minister obrany, dnes predseda Demokratov Jaroslav Na\u010f.&nbsp;<\/p>\n\n\n\n<p>Robert Fico dnes ml\u010d\u00ed tam, kde pred vo\u013ebami kri\u010dal. Ml\u010d\u00ed, preto\u017ee vie, \u017ee by musel prizna\u0165, \u017ee klamal, musel by prizna\u0165, \u017ee obrann\u00e1 dohoda je dobr\u00e1 a v\u00fdhodn\u00e1 pre Slovensko. \u010cas mu vystavil vysved\u010denie a to je jasn\u00e9: cel\u00e9 roky stra\u0161il \u013eud\u00ed nepravdami, aby z\u00edskal moc. Ke\u010f ju z\u00edskal, odvaha kona\u0165 sa vytratila a klamstv\u00e1 ho dobehli, preto vym\u00fd\u0161\u013ea nov\u00e9 a nov\u00e9 l\u017ei.&nbsp;<\/p>\n\n\n\n<p>(o obrannej zmluve v druhej \u010dasti tla\u010dovej konferencie)<\/p>\n\n\n\n<figure class=\"wp-block-embed is-type-video is-provider-youtube wp-block-embed-youtube wp-embed-aspect-16-9 wp-has-aspect-ratio\"><div class=\"wp-block-embed__wrapper\">\n<iframe title=\"Live: \u010eal\u0161ia novela trestn\u00e9ho z\u00e1kona a kaj\u00facnik Ga\u0161par? Zl\u00e1 DCA? Reakcia na TK R. FIca a M. Rubia\" width=\"500\" height=\"281\" src=\"https:\/\/www.youtube.com\/embed\/qMdzJh0YyU4?feature=oembed\" frameborder=\"0\" allow=\"accelerometer; autoplay; clipboard-write; encrypted-media; gyroscope; picture-in-picture; web-share\" referrerpolicy=\"strict-origin-when-cross-origin\" allowfullscreen><\/iframe>\n<\/div><\/figure>\n","protected":false},"excerpt":{"rendered":"<p>Strana Demokrati upozor\u0148uje na jasn\u00fd d\u00f4kaz toho, \u017ee Robert Fico vedome klamal ob\u010danov Slovenska. U\u017e dva a pol roka je&nbsp;Robert Fico&nbsp;premi\u00e9rom, no Dohoda o obrannej spolupr\u00e1ci s USA, ktor\u00fa pred vo\u013ebami hystericky ozna\u010doval za \u201evlastizradcovsk\u00fa\u201c a s\u013euboval ju po n\u00e1stupe k moci zru\u0161i\u0165, je st\u00e1le v platnosti. Bez jedinej zmeny, bez jedinej iniciat\u00edvy na jej [&hellip;]<\/p>\n","protected":false},"author":13,"featured_media":8875,"comment_status":"closed","ping_status":"closed","sticky":false,"template":"","format":"standard","meta":{"_acf_changed":false,"ngg_post_thumbnail":0,"footnotes":""},"categories":[4],"tags":[],"class_list":["post-8874","post","type-post","status-publish","format-standard","has-post-thumbnail","hentry","category-tlacove-spravy"],"acf":[],"yoast_head":"<!-- This site is optimized with the Yoast SEO plugin v27.2 - https:\/\/yoast.com\/product\/yoast-seo-wordpress\/ -->\n<title>Dohoda o obrannej spolupr\u00e1ci mala by\u0165 pod\u013ea Ficov\u00fdch s\u013eubov u\u017e 2,5 roka roztrhan\u00e1 na franforce, no st\u00e1le je bez zmeny v platnosti<\/title>\n<meta name=\"robots\" content=\"index, follow, max-snippet:-1, max-image-preview:large, max-video-preview:-1\" \/>\n<link rel=\"canonical\" href=\"https:\/\/www.smedemokrati.sk\/en\/dohoda-o-obrannej-spolupraci-mala-byt-podla-ficovych-slubov-uz-25-roka-roztrhana-na-franforce-no-stale-je-bez-zmeny-v-platnosti\/\" \/>\n<meta property=\"og:locale\" content=\"en_US\" \/>\n<meta property=\"og:locale:alternate\" content=\"cs_CZ\" \/>\n<meta property=\"og:locale:alternate\" content=\"hu_HU\" \/>\n<meta property=\"og:locale:alternate\" content=\"sk_SK\" \/>\n<meta property=\"og:locale:alternate\" content=\"sv_SE\" \/>\n<meta property=\"og:type\" content=\"article\" \/>\n<meta property=\"og:title\" content=\"Dohoda o obrannej spolupr\u00e1ci mala by\u0165 pod\u013ea Ficov\u00fdch s\u013eubov u\u017e 2,5 roka roztrhan\u00e1 na franforce, no st\u00e1le je bez zmeny v platnosti\" \/>\n<meta property=\"og:description\" content=\"Strana Demokrati upozor\u0148uje na jasn\u00fd d\u00f4kaz toho, \u017ee Robert Fico vedome klamal ob\u010danov Slovenska. U\u017e dva a pol roka je&nbsp;Robert Fico&nbsp;premi\u00e9rom, no Dohoda o obrannej spolupr\u00e1ci s USA, ktor\u00fa pred vo\u013ebami hystericky ozna\u010doval za \u201evlastizradcovsk\u00fa\u201c a s\u013euboval ju po n\u00e1stupe k moci zru\u0161i\u0165, je st\u00e1le v platnosti. Bez jedinej zmeny, bez jedinej iniciat\u00edvy na jej [&hellip;]\" \/>\n<meta property=\"og:url\" content=\"https:\/\/www.smedemokrati.sk\/en\/dohoda-o-obrannej-spolupraci-mala-byt-podla-ficovych-slubov-uz-25-roka-roztrhana-na-franforce-no-stale-je-bez-zmeny-v-platnosti\/\" \/>\n<meta property=\"og:site_name\" content=\"Smedemokrati.sk\" \/>\n<meta property=\"article:publisher\" content=\"https:\/\/www.facebook.com\/smedemokrati2023\" \/>\n<meta property=\"article:published_time\" content=\"2026-02-16T11:27:35+00:00\" \/>\n<meta property=\"article:modified_time\" content=\"2026-02-16T11:27:36+00:00\" \/>\n<meta property=\"og:image\" content=\"https:\/\/www.smedemokrati.sk\/wp-content\/uploads\/2026\/02\/DOS.jpg\" \/>\n\t<meta property=\"og:image:width\" content=\"1152\" \/>\n\t<meta property=\"og:image:height\" content=\"647\" \/>\n\t<meta property=\"og:image:type\" content=\"image\/jpeg\" \/>\n<meta name=\"author\" content=\"miro.sopko\" \/>\n<meta name=\"twitter:card\" content=\"summary_large_image\" \/>\n<meta name=\"twitter:label1\" content=\"Written by\" \/>\n\t<meta name=\"twitter:data1\" content=\"miro.sopko\" \/>\n\t<meta name=\"twitter:label2\" content=\"Est. reading time\" \/>\n\t<meta name=\"twitter:data2\" content=\"3 minutes\" \/>\n<script type=\"application\/ld+json\" class=\"yoast-schema-graph\">{\"@context\":\"https:\/\/schema.org\",\"@graph\":[{\"@type\":\"Article\",\"@id\":\"https:\/\/www.smedemokrati.sk\/dohoda-o-obrannej-spolupraci-mala-byt-podla-ficovych-slubov-uz-25-roka-roztrhana-na-franforce-no-stale-je-bez-zmeny-v-platnosti\/#article\",\"isPartOf\":{\"@id\":\"https:\/\/www.smedemokrati.sk\/dohoda-o-obrannej-spolupraci-mala-byt-podla-ficovych-slubov-uz-25-roka-roztrhana-na-franforce-no-stale-je-bez-zmeny-v-platnosti\/\"},\"author\":{\"name\":\"miro.sopko\",\"@id\":\"https:\/\/www.smedemokrati.sk\/#\/schema\/person\/21f147c88d605aa7ded900e1e7c344ba\"},\"headline\":\"Dohoda o obrannej spolupr\u00e1ci mala by\u0165 pod\u013ea Ficov\u00fdch s\u013eubov u\u017e 2,5 roka roztrhan\u00e1 na franforce, no st\u00e1le je bez zmeny v platnosti\",\"datePublished\":\"2026-02-16T11:27:35+00:00\",\"dateModified\":\"2026-02-16T11:27:36+00:00\",\"mainEntityOfPage\":{\"@id\":\"https:\/\/www.smedemokrati.sk\/dohoda-o-obrannej-spolupraci-mala-byt-podla-ficovych-slubov-uz-25-roka-roztrhana-na-franforce-no-stale-je-bez-zmeny-v-platnosti\/\"},\"wordCount\":461,\"publisher\":{\"@id\":\"https:\/\/www.smedemokrati.sk\/#organization\"},\"image\":{\"@id\":\"https:\/\/www.smedemokrati.sk\/dohoda-o-obrannej-spolupraci-mala-byt-podla-ficovych-slubov-uz-25-roka-roztrhana-na-franforce-no-stale-je-bez-zmeny-v-platnosti\/#primaryimage\"},\"thumbnailUrl\":\"https:\/\/www.smedemokrati.sk\/wp-content\/uploads\/2026\/02\/DOS.jpg\",\"articleSection\":[\"Tla\u010dov\u00e9 spr\u00e1vy\"],\"inLanguage\":\"en-US\"},{\"@type\":\"WebPage\",\"@id\":\"https:\/\/www.smedemokrati.sk\/dohoda-o-obrannej-spolupraci-mala-byt-podla-ficovych-slubov-uz-25-roka-roztrhana-na-franforce-no-stale-je-bez-zmeny-v-platnosti\/\",\"url\":\"https:\/\/www.smedemokrati.sk\/dohoda-o-obrannej-spolupraci-mala-byt-podla-ficovych-slubov-uz-25-roka-roztrhana-na-franforce-no-stale-je-bez-zmeny-v-platnosti\/\",\"name\":\"Dohoda o obrannej spolupr\u00e1ci mala by\u0165 pod\u013ea Ficov\u00fdch s\u013eubov u\u017e 2,5 roka roztrhan\u00e1 na franforce, no st\u00e1le je bez zmeny v platnosti\",\"isPartOf\":{\"@id\":\"https:\/\/www.smedemokrati.sk\/#website\"},\"primaryImageOfPage\":{\"@id\":\"https:\/\/www.smedemokrati.sk\/dohoda-o-obrannej-spolupraci-mala-byt-podla-ficovych-slubov-uz-25-roka-roztrhana-na-franforce-no-stale-je-bez-zmeny-v-platnosti\/#primaryimage\"},\"image\":{\"@id\":\"https:\/\/www.smedemokrati.sk\/dohoda-o-obrannej-spolupraci-mala-byt-podla-ficovych-slubov-uz-25-roka-roztrhana-na-franforce-no-stale-je-bez-zmeny-v-platnosti\/#primaryimage\"},\"thumbnailUrl\":\"https:\/\/www.smedemokrati.sk\/wp-content\/uploads\/2026\/02\/DOS.jpg\",\"datePublished\":\"2026-02-16T11:27:35+00:00\",\"dateModified\":\"2026-02-16T11:27:36+00:00\",\"breadcrumb\":{\"@id\":\"https:\/\/www.smedemokrati.sk\/dohoda-o-obrannej-spolupraci-mala-byt-podla-ficovych-slubov-uz-25-roka-roztrhana-na-franforce-no-stale-je-bez-zmeny-v-platnosti\/#breadcrumb\"},\"inLanguage\":\"en-US\",\"potentialAction\":[{\"@type\":\"ReadAction\",\"target\":[\"https:\/\/www.smedemokrati.sk\/dohoda-o-obrannej-spolupraci-mala-byt-podla-ficovych-slubov-uz-25-roka-roztrhana-na-franforce-no-stale-je-bez-zmeny-v-platnosti\/\"]}]},{\"@type\":\"ImageObject\",\"inLanguage\":\"en-US\",\"@id\":\"https:\/\/www.smedemokrati.sk\/dohoda-o-obrannej-spolupraci-mala-byt-podla-ficovych-slubov-uz-25-roka-roztrhana-na-franforce-no-stale-je-bez-zmeny-v-platnosti\/#primaryimage\",\"url\":\"https:\/\/www.smedemokrati.sk\/wp-content\/uploads\/2026\/02\/DOS.jpg\",\"contentUrl\":\"https:\/\/www.smedemokrati.sk\/wp-content\/uploads\/2026\/02\/DOS.jpg\",\"width\":1152,\"height\":647},{\"@type\":\"BreadcrumbList\",\"@id\":\"https:\/\/www.smedemokrati.sk\/dohoda-o-obrannej-spolupraci-mala-byt-podla-ficovych-slubov-uz-25-roka-roztrhana-na-franforce-no-stale-je-bez-zmeny-v-platnosti\/#breadcrumb\",\"itemListElement\":[{\"@type\":\"ListItem\",\"position\":1,\"name\":\"Domovsk\u00e1 str\u00e1nka\",\"item\":\"https:\/\/www.smedemokrati.sk\/\"},{\"@type\":\"ListItem\",\"position\":2,\"name\":\"Dohoda o obrannej spolupr\u00e1ci mala by\u0165 pod\u013ea Ficov\u00fdch s\u013eubov u\u017e 2,5 roka roztrhan\u00e1 na franforce, no st\u00e1le je bez zmeny v platnosti\"}]},{\"@type\":\"WebSite\",\"@id\":\"https:\/\/www.smedemokrati.sk\/#website\",\"url\":\"https:\/\/www.smedemokrati.sk\/\",\"name\":\"Smedemokrati.sk\",\"description\":\"Demokracia a slu\u0161nos\u0165 zv\u00ed\u0165az\u00ed\",\"publisher\":{\"@id\":\"https:\/\/www.smedemokrati.sk\/#organization\"},\"potentialAction\":[{\"@type\":\"SearchAction\",\"target\":{\"@type\":\"EntryPoint\",\"urlTemplate\":\"https:\/\/www.smedemokrati.sk\/?s={search_term_string}\"},\"query-input\":{\"@type\":\"PropertyValueSpecification\",\"valueRequired\":true,\"valueName\":\"search_term_string\"}}],\"inLanguage\":\"en-US\"},{\"@type\":\"Organization\",\"@id\":\"https:\/\/www.smedemokrati.sk\/#organization\",\"name\":\"Smedemokrati.sk\",\"url\":\"https:\/\/www.smedemokrati.sk\/\",\"logo\":{\"@type\":\"ImageObject\",\"inLanguage\":\"en-US\",\"@id\":\"https:\/\/www.smedemokrati.sk\/#\/schema\/logo\/image\/\",\"url\":\"https:\/\/www.smedemokrati.sk\/wp-content\/uploads\/2023\/04\/ff.002.jpeg\",\"contentUrl\":\"https:\/\/www.smedemokrati.sk\/wp-content\/uploads\/2023\/04\/ff.002.jpeg\",\"width\":640,\"height\":480,\"caption\":\"Smedemokrati.sk\"},\"image\":{\"@id\":\"https:\/\/www.smedemokrati.sk\/#\/schema\/logo\/image\/\"},\"sameAs\":[\"https:\/\/www.facebook.com\/smedemokrati2023\"]},{\"@type\":\"Person\",\"@id\":\"https:\/\/www.smedemokrati.sk\/#\/schema\/person\/21f147c88d605aa7ded900e1e7c344ba\",\"name\":\"miro.sopko\",\"image\":{\"@type\":\"ImageObject\",\"inLanguage\":\"en-US\",\"@id\":\"https:\/\/secure.gravatar.com\/avatar\/267e4a36f704376c109afe3a78740c1f5dd8675a2180a908699e7863c9247606?s=96&d=mm&r=g\",\"url\":\"https:\/\/secure.gravatar.com\/avatar\/267e4a36f704376c109afe3a78740c1f5dd8675a2180a908699e7863c9247606?s=96&d=mm&r=g\",\"contentUrl\":\"https:\/\/secure.gravatar.com\/avatar\/267e4a36f704376c109afe3a78740c1f5dd8675a2180a908699e7863c9247606?s=96&d=mm&r=g\",\"caption\":\"miro.sopko\"},\"url\":\"https:\/\/www.smedemokrati.sk\/en\/author\/miro-sopko\/\"}]}<\/script>\n<!-- \/ Yoast SEO plugin. -->","yoast_head_json":{"title":"Dohoda o obrannej spolupr\u00e1ci mala by\u0165 pod\u013ea Ficov\u00fdch s\u013eubov u\u017e 2,5 roka roztrhan\u00e1 na franforce, no st\u00e1le je bez zmeny v platnosti","robots":{"index":"index","follow":"follow","max-snippet":"max-snippet:-1","max-image-preview":"max-image-preview:large","max-video-preview":"max-video-preview:-1"},"canonical":"https:\/\/www.smedemokrati.sk\/en\/dohoda-o-obrannej-spolupraci-mala-byt-podla-ficovych-slubov-uz-25-roka-roztrhana-na-franforce-no-stale-je-bez-zmeny-v-platnosti\/","og_locale":"en_US","og_type":"article","og_title":"[:sk]Dohoda o obrannej spolupr\u00e1ci mala by\u0165 pod\u013ea Ficov\u00fdch s\u013eubov u\u017e 2,5 roka roztrhan\u00e1 na franforce, no st\u00e1le je bez zmeny v platnosti[:] - Smedemokrati.sk","og_description":"Strana Demokrati upozor\u0148uje na jasn\u00fd d\u00f4kaz toho, \u017ee Robert Fico vedome klamal ob\u010danov Slovenska. U\u017e dva a pol roka je&nbsp;Robert Fico&nbsp;premi\u00e9rom, no Dohoda o obrannej spolupr\u00e1ci s USA, ktor\u00fa pred vo\u013ebami hystericky ozna\u010doval za \u201evlastizradcovsk\u00fa\u201c a s\u013euboval ju po n\u00e1stupe k moci zru\u0161i\u0165, je st\u00e1le v platnosti. Bez jedinej zmeny, bez jedinej iniciat\u00edvy na jej [&hellip;]","og_url":"https:\/\/www.smedemokrati.sk\/en\/dohoda-o-obrannej-spolupraci-mala-byt-podla-ficovych-slubov-uz-25-roka-roztrhana-na-franforce-no-stale-je-bez-zmeny-v-platnosti\/","og_site_name":"Smedemokrati.sk","article_publisher":"https:\/\/www.facebook.com\/smedemokrati2023","article_published_time":"2026-02-16T11:27:35+00:00","article_modified_time":"2026-02-16T11:27:36+00:00","og_image":[{"width":1152,"height":647,"url":"https:\/\/www.smedemokrati.sk\/wp-content\/uploads\/2026\/02\/DOS.jpg","type":"image\/jpeg"}],"author":"miro.sopko","twitter_card":"summary_large_image","twitter_misc":{"Written by":"miro.sopko","Est. reading time":"3 minutes"},"schema":{"@context":"https:\/\/schema.org","@graph":[{"@type":"Article","@id":"https:\/\/www.smedemokrati.sk\/dohoda-o-obrannej-spolupraci-mala-byt-podla-ficovych-slubov-uz-25-roka-roztrhana-na-franforce-no-stale-je-bez-zmeny-v-platnosti\/#article","isPartOf":{"@id":"https:\/\/www.smedemokrati.sk\/dohoda-o-obrannej-spolupraci-mala-byt-podla-ficovych-slubov-uz-25-roka-roztrhana-na-franforce-no-stale-je-bez-zmeny-v-platnosti\/"},"author":{"name":"miro.sopko","@id":"https:\/\/www.smedemokrati.sk\/#\/schema\/person\/21f147c88d605aa7ded900e1e7c344ba"},"headline":"Dohoda o obrannej spolupr\u00e1ci mala by\u0165 pod\u013ea Ficov\u00fdch s\u013eubov u\u017e 2,5 roka roztrhan\u00e1 na franforce, no st\u00e1le je bez zmeny v platnosti","datePublished":"2026-02-16T11:27:35+00:00","dateModified":"2026-02-16T11:27:36+00:00","mainEntityOfPage":{"@id":"https:\/\/www.smedemokrati.sk\/dohoda-o-obrannej-spolupraci-mala-byt-podla-ficovych-slubov-uz-25-roka-roztrhana-na-franforce-no-stale-je-bez-zmeny-v-platnosti\/"},"wordCount":461,"publisher":{"@id":"https:\/\/www.smedemokrati.sk\/#organization"},"image":{"@id":"https:\/\/www.smedemokrati.sk\/dohoda-o-obrannej-spolupraci-mala-byt-podla-ficovych-slubov-uz-25-roka-roztrhana-na-franforce-no-stale-je-bez-zmeny-v-platnosti\/#primaryimage"},"thumbnailUrl":"https:\/\/www.smedemokrati.sk\/wp-content\/uploads\/2026\/02\/DOS.jpg","articleSection":["Tla\u010dov\u00e9 spr\u00e1vy"],"inLanguage":"en-US"},{"@type":"WebPage","@id":"https:\/\/www.smedemokrati.sk\/dohoda-o-obrannej-spolupraci-mala-byt-podla-ficovych-slubov-uz-25-roka-roztrhana-na-franforce-no-stale-je-bez-zmeny-v-platnosti\/","url":"https:\/\/www.smedemokrati.sk\/dohoda-o-obrannej-spolupraci-mala-byt-podla-ficovych-slubov-uz-25-roka-roztrhana-na-franforce-no-stale-je-bez-zmeny-v-platnosti\/","name":"Dohoda o obrannej spolupr\u00e1ci mala by\u0165 pod\u013ea Ficov\u00fdch s\u013eubov u\u017e 2,5 roka roztrhan\u00e1 na franforce, no st\u00e1le je bez zmeny v platnosti","isPartOf":{"@id":"https:\/\/www.smedemokrati.sk\/#website"},"primaryImageOfPage":{"@id":"https:\/\/www.smedemokrati.sk\/dohoda-o-obrannej-spolupraci-mala-byt-podla-ficovych-slubov-uz-25-roka-roztrhana-na-franforce-no-stale-je-bez-zmeny-v-platnosti\/#primaryimage"},"image":{"@id":"https:\/\/www.smedemokrati.sk\/dohoda-o-obrannej-spolupraci-mala-byt-podla-ficovych-slubov-uz-25-roka-roztrhana-na-franforce-no-stale-je-bez-zmeny-v-platnosti\/#primaryimage"},"thumbnailUrl":"https:\/\/www.smedemokrati.sk\/wp-content\/uploads\/2026\/02\/DOS.jpg","datePublished":"2026-02-16T11:27:35+00:00","dateModified":"2026-02-16T11:27:36+00:00","breadcrumb":{"@id":"https:\/\/www.smedemokrati.sk\/dohoda-o-obrannej-spolupraci-mala-byt-podla-ficovych-slubov-uz-25-roka-roztrhana-na-franforce-no-stale-je-bez-zmeny-v-platnosti\/#breadcrumb"},"inLanguage":"en-US","potentialAction":[{"@type":"ReadAction","target":["https:\/\/www.smedemokrati.sk\/dohoda-o-obrannej-spolupraci-mala-byt-podla-ficovych-slubov-uz-25-roka-roztrhana-na-franforce-no-stale-je-bez-zmeny-v-platnosti\/"]}]},{"@type":"ImageObject","inLanguage":"en-US","@id":"https:\/\/www.smedemokrati.sk\/dohoda-o-obrannej-spolupraci-mala-byt-podla-ficovych-slubov-uz-25-roka-roztrhana-na-franforce-no-stale-je-bez-zmeny-v-platnosti\/#primaryimage","url":"https:\/\/www.smedemokrati.sk\/wp-content\/uploads\/2026\/02\/DOS.jpg","contentUrl":"https:\/\/www.smedemokrati.sk\/wp-content\/uploads\/2026\/02\/DOS.jpg","width":1152,"height":647},{"@type":"BreadcrumbList","@id":"https:\/\/www.smedemokrati.sk\/dohoda-o-obrannej-spolupraci-mala-byt-podla-ficovych-slubov-uz-25-roka-roztrhana-na-franforce-no-stale-je-bez-zmeny-v-platnosti\/#breadcrumb","itemListElement":[{"@type":"ListItem","position":1,"name":"Domovsk\u00e1 str\u00e1nka","item":"https:\/\/www.smedemokrati.sk\/"},{"@type":"ListItem","position":2,"name":"Dohoda o obrannej spolupr\u00e1ci mala by\u0165 pod\u013ea Ficov\u00fdch s\u013eubov u\u017e 2,5 roka roztrhan\u00e1 na franforce, no st\u00e1le je bez zmeny v platnosti"}]},{"@type":"WebSite","@id":"https:\/\/www.smedemokrati.sk\/#website","url":"https:\/\/www.smedemokrati.sk\/","name":"Smedemokrati.sk","description":"Demokracia a slu\u0161nos\u0165 zv\u00ed\u0165az\u00ed","publisher":{"@id":"https:\/\/www.smedemokrati.sk\/#organization"},"potentialAction":[{"@type":"SearchAction","target":{"@type":"EntryPoint","urlTemplate":"https:\/\/www.smedemokrati.sk\/?s={search_term_string}"},"query-input":{"@type":"PropertyValueSpecification","valueRequired":true,"valueName":"search_term_string"}}],"inLanguage":"en-US"},{"@type":"Organization","@id":"https:\/\/www.smedemokrati.sk\/#organization","name":"Smedemokrati.sk","url":"https:\/\/www.smedemokrati.sk\/","logo":{"@type":"ImageObject","inLanguage":"en-US","@id":"https:\/\/www.smedemokrati.sk\/#\/schema\/logo\/image\/","url":"https:\/\/www.smedemokrati.sk\/wp-content\/uploads\/2023\/04\/ff.002.jpeg","contentUrl":"https:\/\/www.smedemokrati.sk\/wp-content\/uploads\/2023\/04\/ff.002.jpeg","width":640,"height":480,"caption":"Smedemokrati.sk"},"image":{"@id":"https:\/\/www.smedemokrati.sk\/#\/schema\/logo\/image\/"},"sameAs":["https:\/\/www.facebook.com\/smedemokrati2023"]},{"@type":"Person","@id":"https:\/\/www.smedemokrati.sk\/#\/schema\/person\/21f147c88d605aa7ded900e1e7c344ba","name":"miro.sopko","image":{"@type":"ImageObject","inLanguage":"en-US","@id":"https:\/\/secure.gravatar.com\/avatar\/267e4a36f704376c109afe3a78740c1f5dd8675a2180a908699e7863c9247606?s=96&d=mm&r=g","url":"https:\/\/secure.gravatar.com\/avatar\/267e4a36f704376c109afe3a78740c1f5dd8675a2180a908699e7863c9247606?s=96&d=mm&r=g","contentUrl":"https:\/\/secure.gravatar.com\/avatar\/267e4a36f704376c109afe3a78740c1f5dd8675a2180a908699e7863c9247606?s=96&d=mm&r=g","caption":"miro.sopko"},"url":"https:\/\/www.smedemokrati.sk\/en\/author\/miro-sopko\/"}]}},"_links":{"self":[{"href":"https:\/\/www.smedemokrati.sk\/en\/wp-json\/wp\/v2\/posts\/8874","targetHints":{"allow":["GET"]}}],"collection":[{"href":"https:\/\/www.smedemokrati.sk\/en\/wp-json\/wp\/v2\/posts"}],"about":[{"href":"https:\/\/www.smedemokrati.sk\/en\/wp-json\/wp\/v2\/types\/post"}],"author":[{"embeddable":true,"href":"https:\/\/www.smedemokrati.sk\/en\/wp-json\/wp\/v2\/users\/13"}],"replies":[{"embeddable":true,"href":"https:\/\/www.smedemokrati.sk\/en\/wp-json\/wp\/v2\/comments?post=8874"}],"version-history":[{"count":1,"href":"https:\/\/www.smedemokrati.sk\/en\/wp-json\/wp\/v2\/posts\/8874\/revisions"}],"predecessor-version":[{"id":8876,"href":"https:\/\/www.smedemokrati.sk\/en\/wp-json\/wp\/v2\/posts\/8874\/revisions\/8876"}],"wp:featuredmedia":[{"embeddable":true,"href":"https:\/\/www.smedemokrati.sk\/en\/wp-json\/wp\/v2\/media\/8875"}],"wp:attachment":[{"href":"https:\/\/www.smedemokrati.sk\/en\/wp-json\/wp\/v2\/media?parent=8874"}],"wp:term":[{"taxonomy":"category","embeddable":true,"href":"https:\/\/www.smedemokrati.sk\/en\/wp-json\/wp\/v2\/categories?post=8874"},{"taxonomy":"post_tag","embeddable":true,"href":"https:\/\/www.smedemokrati.sk\/en\/wp-json\/wp\/v2\/tags?post=8874"}],"curies":[{"name":"wp","href":"https:\/\/api.w.org\/{rel}","templated":true}]}}