{"id":8857,"date":"2026-02-12T13:28:10","date_gmt":"2026-02-12T12:28:10","guid":{"rendered":"https:\/\/www.smedemokrati.sk\/?p=8857"},"modified":"2026-02-12T13:28:12","modified_gmt":"2026-02-12T12:28:12","slug":"sutaj-estok-plati-miliony-na-najmy-za-budovy-pricom-ma-vlastne-kapacity-podavame-podnet-na-nku","status":"publish","type":"post","link":"https:\/\/www.smedemokrati.sk\/en\/sutaj-estok-plati-miliony-na-najmy-za-budovy-pricom-ma-vlastne-kapacity-podavame-podnet-na-nku\/","title":{"rendered":"\u0160utaj E\u0161tok plat\u00ed mili\u00f3ny na n\u00e1jmy za budovy, pri\u010dom m\u00e1 vlastn\u00e9 kapacity. Pod\u00e1vame podnet na NK\u00da"},"content":{"rendered":"<div id=\"fb-root\"><\/div>\n\n<p><strong>Demokrati u\u017e v minulosti priniesli inform\u00e1ciu, \u017ee MV SR si prenaj\u00edma budovy pre potreby okresn\u00fdch \u00faradov, pri\u010dom disponuje vlastn\u00fdmi priestormi. N\u00e1jmy sa \u0161plhaj\u00fa na nieko\u013eko mili\u00f3nov eur a Demokrati teraz odha\u013euj\u00fa \u0161kandal\u00f3zny pr\u00edpad z Dunajskej Stredy. Spolo\u010dnos\u0165 Janstav s.r.o. k\u00fapila budovu v auguste 2025 a o 10 dn\u00ed nesk\u00f4r si ju prenajalo MV SR. Konate\u013e Peter \u0160trb\u00e1\u0148 v Janstav je z\u00e1rove\u0148 makl\u00e9rom v realitnej kancel\u00e1rii Franco Real Estate, ktor\u00e1 u\u017e ministerstvu vn\u00fatra prenaj\u00edma budovy. Rovnako v janu\u00e1ri tohto roka odk\u00fapila od Janstav budovu v Dunajskej Strede.<\/strong><\/p>\n\n\n\n<p>\u0160t\u00e1t si v Trebi\u0161ove, Pezinku, Michalovciach a Liptovskom Mikul\u00e1\u0161i prenaj\u00edma budovy pre okresn\u00e9 \u00farady, hoci v t\u00fdchto mest\u00e1ch m\u00e1 vlastn\u00e9 nehnute\u013enosti. Namiesto vyu\u017eitia vlastn\u00e9ho majetku tak plat\u00ed mili\u00f3ny s\u00fakromn\u00edkom.<\/p>\n\n\n\n<p><em>\u201eU\u017e v minulosti sme upozornili, \u017ee viacer\u00e9 budovy pre Ministerstvo vn\u00fatra prenaj\u00edma Franco Real Estate. Teraz prin\u00e1\u0161ame \u010fal\u0161\u00ed pr\u00edklad z Dunajskej Stredy, ktor\u00fd je mimoriadne \u0161kandal\u00f3zny,\u201c&nbsp;<\/em>otv\u00e1ra t\u00e9mu Juraj \u0160eliga, podpredseda Demokratov.<\/p>\n\n\n\n<p>Vysvet\u013euje, \u017ee spolo\u010dnos\u0165 Janstav s.r.o. k\u00fapila budovu za\u010diatkom augusta 2025. O 10 dn\u00ed nesk\u00f4r si ju prenajalo ministerstvo. A 9. febru\u00e1ra bola budova prep\u00edsan\u00e1 na Franco Real Estate. \u201eMakl\u00e9r Franco Real Estate Peter \u0160trb\u00e1\u0148 je z\u00e1rove\u0148 konate\u013eom Janstav s.r.o. T\u00e1 ist\u00e1 osoba na oboch stran\u00e1ch obchodu. Toto nie je n\u00e1hoda a zrejme ani nie menovec. Toto je \u0161kand\u00e1l. Pripom\u00ednam, \u017ee Janstav s.r.o. nemal v \u010dase n\u00e1jmu v predmete \u010dinnosti pren\u00e1jom nehnute\u013enost\u00ed, \u010do len ukazuje, v akej r\u00fdchlosti robili tento \u201av\u00fdhodn\u00fd\u2018 n\u00e1jom. Rovnako to ukazuje, \u017ee budova v Dunajskej Strede, ktor\u00fa vlastn\u00ed \u0161t\u00e1t, mohla by\u0165 za 3,8 mil. eur (\u0161t\u00e1t to\u013eko zaplat\u00ed za 10 rokov n\u00e1jmu) luxusne opraven\u00e1 a zhodnoten\u00e1,\u201c povedal \u0160eliga.<\/p>\n\n\n\n<p>Jedna firma dnes prenaj\u00edma \u0161t\u00e1tu p\u00e4\u0165 budov. Za 10 rokov zaplat\u00ed ministerstvo na n\u00e1jmoch viac ako 26 mili\u00f3nov eur. Toto je konsolid\u00e1cia? Nehovoriac o tom, \u017ee \u0161t\u00e1tne budovy v t\u00fdchto mest\u00e1ch s\u00fa pr\u00e1zdne a neopravuj\u00fa sa.<\/p>\n\n\n\n<p><em>\u201e\u0160t\u00e1t m\u00e1 vlastn\u00e9 budovy, ale rad\u0161ej plat\u00ed mili\u00f3ny prepojen\u00fdm firm\u00e1m. Toto je biznis so \u0161t\u00e1tom, nie spr\u00e1va majetku. To v\u0161etko v \u010dase, ke\u010f \u013eu\u010fom vl\u00e1da zdvihla dane, za\u0165a\u017eila podnikate\u013eov a vyhnala investorov zo Slovenska,\u201c&nbsp;<\/em>vyhl\u00e1sil \u010dlen expertnej skupiny strany pre ekonomiku Dominik Sumbal.<\/p>\n\n\n\n<p><em>\u201eR\u00fdchly n\u00e1kup, okam\u017eit\u00fd pren\u00e1jom a n\u00e1sledn\u00fd prepis medzi zjavne prepojen\u00fdmi firmami. Takto vyzer\u00e1 tunelovanie v praxi. Za 26 mili\u00f3nov eur sa daj\u00fa vybudova\u0165 alebo zrekon\u0161truova\u0165 vlastn\u00e9 priestory. Namiesto toho \u0161t\u00e1t vytv\u00e1ra ist\u00fd pr\u00edjem jednej firme,\u201c<\/em>&nbsp;uviedol podpredseda Demokratov Michal Ki\u010da a upozornil, \u017ee pod\u013ea inform\u00e1ci\u00ed, ktor\u00fdmi strana disponuje, sa chyst\u00e1 \u010fal\u0161\u00ed tak\u00fdto pren\u00e1jom v Ro\u017e\u0148ave.<\/p>\n\n\n\n<p>Demokrati vyz\u00fdvaj\u00fa ministra vn\u00fatra, aby okam\u017eite vysvetlil, pre\u010do \u0161t\u00e1t nevyu\u017e\u00edva vlastn\u00e9 budovy. V tejto s\u00favislosti strana pod\u00e1va podnet na NK\u00da.<\/p>\n\n\n\n<p>Demokrati z\u00e1rove\u0148 upozor\u0148uj\u00fa, \u017ee tieto inform\u00e1cie z\u00edskali v\u010faka CRZ a otvoren\u00e9mu katastru, teda in\u0161tit\u00fatom, ktor\u00e9 chce vl\u00e1da R. Fica v\u00fdrazne obmedzi\u0165, a t\u00fdm obmedzi\u0165 verejn\u00fa kontrolu.<\/p>\n\n\n\n<p>Link na zmluvy:\u00a0<a href=\"https:\/\/crz.gov.sk\/2171273-sk\/centralny-register-zmluv\/?search=05658888&#038;page=0&#038;csrt=9860167564418545207\" target=\"_blank\" rel=\"noreferrer noopener\">https:\/\/crz.gov.sk\/2171273-sk\/centralny-register-zmluv\/?search=05658888&#038;page=0&#038;csrt=9860167564418545207<\/a><br><\/p>\n\n\n\n<figure class=\"wp-block-embed is-type-video is-provider-youtube wp-block-embed-youtube wp-embed-aspect-16-9 wp-has-aspect-ratio\"><div class=\"wp-block-embed__wrapper\">\n<iframe title=\"Live: \u010eal\u0161\u00ed realitn\u00fd biznis u \u0160utaja?\" width=\"500\" height=\"281\" src=\"https:\/\/www.youtube.com\/embed\/EvQXHhBtFp0?feature=oembed\" frameborder=\"0\" allow=\"accelerometer; autoplay; clipboard-write; encrypted-media; gyroscope; picture-in-picture; web-share\" referrerpolicy=\"strict-origin-when-cross-origin\" allowfullscreen><\/iframe>\n<\/div><\/figure>\n","protected":false},"excerpt":{"rendered":"<p>Demokrati u\u017e v minulosti priniesli inform\u00e1ciu, \u017ee MV SR si prenaj\u00edma budovy pre potreby okresn\u00fdch \u00faradov, pri\u010dom disponuje vlastn\u00fdmi priestormi. N\u00e1jmy sa \u0161plhaj\u00fa na nieko\u013eko mili\u00f3nov eur a Demokrati teraz odha\u013euj\u00fa \u0161kandal\u00f3zny pr\u00edpad z Dunajskej Stredy. Spolo\u010dnos\u0165 Janstav s.r.o. k\u00fapila budovu v auguste 2025 a o 10 dn\u00ed nesk\u00f4r si ju prenajalo MV SR. Konate\u013e [&hellip;]<\/p>\n","protected":false},"author":13,"featured_media":8858,"comment_status":"closed","ping_status":"closed","sticky":false,"template":"","format":"standard","meta":{"_acf_changed":false,"ngg_post_thumbnail":0,"footnotes":""},"categories":[4],"tags":[],"class_list":["post-8857","post","type-post","status-publish","format-standard","has-post-thumbnail","hentry","category-tlacove-spravy"],"acf":[],"yoast_head":"<!-- This site is optimized with the Yoast SEO plugin v27.2 - https:\/\/yoast.com\/product\/yoast-seo-wordpress\/ -->\n<title>\u0160utaj E\u0161tok plat\u00ed mili\u00f3ny na n\u00e1jmy za budovy, pri\u010dom m\u00e1 vlastn\u00e9 kapacity. Pod\u00e1vame podnet na NK\u00da<\/title>\n<meta name=\"robots\" content=\"index, follow, max-snippet:-1, max-image-preview:large, max-video-preview:-1\" \/>\n<link rel=\"canonical\" href=\"https:\/\/www.smedemokrati.sk\/en\/sutaj-estok-plati-miliony-na-najmy-za-budovy-pricom-ma-vlastne-kapacity-podavame-podnet-na-nku\/\" \/>\n<meta property=\"og:locale\" content=\"en_US\" \/>\n<meta property=\"og:locale:alternate\" content=\"cs_CZ\" \/>\n<meta property=\"og:locale:alternate\" content=\"hu_HU\" \/>\n<meta property=\"og:locale:alternate\" content=\"sk_SK\" \/>\n<meta property=\"og:locale:alternate\" content=\"sv_SE\" \/>\n<meta property=\"og:type\" content=\"article\" \/>\n<meta property=\"og:title\" content=\"\u0160utaj E\u0161tok plat\u00ed mili\u00f3ny na n\u00e1jmy za budovy, pri\u010dom m\u00e1 vlastn\u00e9 kapacity. Pod\u00e1vame podnet na NK\u00da\" \/>\n<meta property=\"og:description\" content=\"Demokrati u\u017e v minulosti priniesli inform\u00e1ciu, \u017ee MV SR si prenaj\u00edma budovy pre potreby okresn\u00fdch \u00faradov, pri\u010dom disponuje vlastn\u00fdmi priestormi. N\u00e1jmy sa \u0161plhaj\u00fa na nieko\u013eko mili\u00f3nov eur a Demokrati teraz odha\u013euj\u00fa \u0161kandal\u00f3zny pr\u00edpad z Dunajskej Stredy. Spolo\u010dnos\u0165 Janstav s.r.o. k\u00fapila budovu v auguste 2025 a o 10 dn\u00ed nesk\u00f4r si ju prenajalo MV SR. Konate\u013e [&hellip;]\" \/>\n<meta property=\"og:url\" content=\"https:\/\/www.smedemokrati.sk\/en\/sutaj-estok-plati-miliony-na-najmy-za-budovy-pricom-ma-vlastne-kapacity-podavame-podnet-na-nku\/\" \/>\n<meta property=\"og:site_name\" content=\"Smedemokrati.sk\" \/>\n<meta property=\"article:publisher\" content=\"https:\/\/www.facebook.com\/smedemokrati2023\" \/>\n<meta property=\"article:published_time\" content=\"2026-02-12T12:28:10+00:00\" \/>\n<meta property=\"article:modified_time\" content=\"2026-02-12T12:28:12+00:00\" \/>\n<meta property=\"og:image\" content=\"https:\/\/www.smedemokrati.sk\/wp-content\/uploads\/2026\/02\/sutajova_slayada.jpg\" \/>\n\t<meta property=\"og:image:width\" content=\"1207\" \/>\n\t<meta property=\"og:image:height\" content=\"737\" \/>\n\t<meta property=\"og:image:type\" content=\"image\/jpeg\" \/>\n<meta name=\"author\" content=\"miro.sopko\" \/>\n<meta name=\"twitter:card\" content=\"summary_large_image\" \/>\n<meta name=\"twitter:label1\" content=\"Written by\" \/>\n\t<meta name=\"twitter:data1\" content=\"miro.sopko\" \/>\n\t<meta name=\"twitter:label2\" content=\"Est. reading time\" \/>\n\t<meta name=\"twitter:data2\" content=\"3 minutes\" \/>\n<script type=\"application\/ld+json\" class=\"yoast-schema-graph\">{\"@context\":\"https:\/\/schema.org\",\"@graph\":[{\"@type\":\"Article\",\"@id\":\"https:\/\/www.smedemokrati.sk\/sutaj-estok-plati-miliony-na-najmy-za-budovy-pricom-ma-vlastne-kapacity-podavame-podnet-na-nku\/#article\",\"isPartOf\":{\"@id\":\"https:\/\/www.smedemokrati.sk\/sutaj-estok-plati-miliony-na-najmy-za-budovy-pricom-ma-vlastne-kapacity-podavame-podnet-na-nku\/\"},\"author\":{\"name\":\"miro.sopko\",\"@id\":\"https:\/\/www.smedemokrati.sk\/#\/schema\/person\/21f147c88d605aa7ded900e1e7c344ba\"},\"headline\":\"\u0160utaj E\u0161tok plat\u00ed mili\u00f3ny na n\u00e1jmy za budovy, pri\u010dom m\u00e1 vlastn\u00e9 kapacity. Pod\u00e1vame podnet na NK\u00da\",\"datePublished\":\"2026-02-12T12:28:10+00:00\",\"dateModified\":\"2026-02-12T12:28:12+00:00\",\"mainEntityOfPage\":{\"@id\":\"https:\/\/www.smedemokrati.sk\/sutaj-estok-plati-miliony-na-najmy-za-budovy-pricom-ma-vlastne-kapacity-podavame-podnet-na-nku\/\"},\"wordCount\":607,\"publisher\":{\"@id\":\"https:\/\/www.smedemokrati.sk\/#organization\"},\"image\":{\"@id\":\"https:\/\/www.smedemokrati.sk\/sutaj-estok-plati-miliony-na-najmy-za-budovy-pricom-ma-vlastne-kapacity-podavame-podnet-na-nku\/#primaryimage\"},\"thumbnailUrl\":\"https:\/\/www.smedemokrati.sk\/wp-content\/uploads\/2026\/02\/sutajova_slayada.jpg\",\"articleSection\":[\"Tla\u010dov\u00e9 spr\u00e1vy\"],\"inLanguage\":\"en-US\"},{\"@type\":\"WebPage\",\"@id\":\"https:\/\/www.smedemokrati.sk\/sutaj-estok-plati-miliony-na-najmy-za-budovy-pricom-ma-vlastne-kapacity-podavame-podnet-na-nku\/\",\"url\":\"https:\/\/www.smedemokrati.sk\/sutaj-estok-plati-miliony-na-najmy-za-budovy-pricom-ma-vlastne-kapacity-podavame-podnet-na-nku\/\",\"name\":\"\u0160utaj E\u0161tok plat\u00ed mili\u00f3ny na n\u00e1jmy za budovy, pri\u010dom m\u00e1 vlastn\u00e9 kapacity. Pod\u00e1vame podnet na NK\u00da\",\"isPartOf\":{\"@id\":\"https:\/\/www.smedemokrati.sk\/#website\"},\"primaryImageOfPage\":{\"@id\":\"https:\/\/www.smedemokrati.sk\/sutaj-estok-plati-miliony-na-najmy-za-budovy-pricom-ma-vlastne-kapacity-podavame-podnet-na-nku\/#primaryimage\"},\"image\":{\"@id\":\"https:\/\/www.smedemokrati.sk\/sutaj-estok-plati-miliony-na-najmy-za-budovy-pricom-ma-vlastne-kapacity-podavame-podnet-na-nku\/#primaryimage\"},\"thumbnailUrl\":\"https:\/\/www.smedemokrati.sk\/wp-content\/uploads\/2026\/02\/sutajova_slayada.jpg\",\"datePublished\":\"2026-02-12T12:28:10+00:00\",\"dateModified\":\"2026-02-12T12:28:12+00:00\",\"breadcrumb\":{\"@id\":\"https:\/\/www.smedemokrati.sk\/sutaj-estok-plati-miliony-na-najmy-za-budovy-pricom-ma-vlastne-kapacity-podavame-podnet-na-nku\/#breadcrumb\"},\"inLanguage\":\"en-US\",\"potentialAction\":[{\"@type\":\"ReadAction\",\"target\":[\"https:\/\/www.smedemokrati.sk\/sutaj-estok-plati-miliony-na-najmy-za-budovy-pricom-ma-vlastne-kapacity-podavame-podnet-na-nku\/\"]}]},{\"@type\":\"ImageObject\",\"inLanguage\":\"en-US\",\"@id\":\"https:\/\/www.smedemokrati.sk\/sutaj-estok-plati-miliony-na-najmy-za-budovy-pricom-ma-vlastne-kapacity-podavame-podnet-na-nku\/#primaryimage\",\"url\":\"https:\/\/www.smedemokrati.sk\/wp-content\/uploads\/2026\/02\/sutajova_slayada.jpg\",\"contentUrl\":\"https:\/\/www.smedemokrati.sk\/wp-content\/uploads\/2026\/02\/sutajova_slayada.jpg\",\"width\":1207,\"height\":737},{\"@type\":\"BreadcrumbList\",\"@id\":\"https:\/\/www.smedemokrati.sk\/sutaj-estok-plati-miliony-na-najmy-za-budovy-pricom-ma-vlastne-kapacity-podavame-podnet-na-nku\/#breadcrumb\",\"itemListElement\":[{\"@type\":\"ListItem\",\"position\":1,\"name\":\"Domovsk\u00e1 str\u00e1nka\",\"item\":\"https:\/\/www.smedemokrati.sk\/\"},{\"@type\":\"ListItem\",\"position\":2,\"name\":\"\u0160utaj E\u0161tok plat\u00ed mili\u00f3ny na n\u00e1jmy za budovy, pri\u010dom m\u00e1 vlastn\u00e9 kapacity. Pod\u00e1vame podnet na NK\u00da\"}]},{\"@type\":\"WebSite\",\"@id\":\"https:\/\/www.smedemokrati.sk\/#website\",\"url\":\"https:\/\/www.smedemokrati.sk\/\",\"name\":\"Smedemokrati.sk\",\"description\":\"Demokracia a slu\u0161nos\u0165 zv\u00ed\u0165az\u00ed\",\"publisher\":{\"@id\":\"https:\/\/www.smedemokrati.sk\/#organization\"},\"potentialAction\":[{\"@type\":\"SearchAction\",\"target\":{\"@type\":\"EntryPoint\",\"urlTemplate\":\"https:\/\/www.smedemokrati.sk\/?s={search_term_string}\"},\"query-input\":{\"@type\":\"PropertyValueSpecification\",\"valueRequired\":true,\"valueName\":\"search_term_string\"}}],\"inLanguage\":\"en-US\"},{\"@type\":\"Organization\",\"@id\":\"https:\/\/www.smedemokrati.sk\/#organization\",\"name\":\"Smedemokrati.sk\",\"url\":\"https:\/\/www.smedemokrati.sk\/\",\"logo\":{\"@type\":\"ImageObject\",\"inLanguage\":\"en-US\",\"@id\":\"https:\/\/www.smedemokrati.sk\/#\/schema\/logo\/image\/\",\"url\":\"https:\/\/www.smedemokrati.sk\/wp-content\/uploads\/2023\/04\/ff.002.jpeg\",\"contentUrl\":\"https:\/\/www.smedemokrati.sk\/wp-content\/uploads\/2023\/04\/ff.002.jpeg\",\"width\":640,\"height\":480,\"caption\":\"Smedemokrati.sk\"},\"image\":{\"@id\":\"https:\/\/www.smedemokrati.sk\/#\/schema\/logo\/image\/\"},\"sameAs\":[\"https:\/\/www.facebook.com\/smedemokrati2023\"]},{\"@type\":\"Person\",\"@id\":\"https:\/\/www.smedemokrati.sk\/#\/schema\/person\/21f147c88d605aa7ded900e1e7c344ba\",\"name\":\"miro.sopko\",\"image\":{\"@type\":\"ImageObject\",\"inLanguage\":\"en-US\",\"@id\":\"https:\/\/secure.gravatar.com\/avatar\/267e4a36f704376c109afe3a78740c1f5dd8675a2180a908699e7863c9247606?s=96&d=mm&r=g\",\"url\":\"https:\/\/secure.gravatar.com\/avatar\/267e4a36f704376c109afe3a78740c1f5dd8675a2180a908699e7863c9247606?s=96&d=mm&r=g\",\"contentUrl\":\"https:\/\/secure.gravatar.com\/avatar\/267e4a36f704376c109afe3a78740c1f5dd8675a2180a908699e7863c9247606?s=96&d=mm&r=g\",\"caption\":\"miro.sopko\"},\"url\":\"https:\/\/www.smedemokrati.sk\/en\/author\/miro-sopko\/\"}]}<\/script>\n<!-- \/ Yoast SEO plugin. -->","yoast_head_json":{"title":"\u0160utaj E\u0161tok plat\u00ed mili\u00f3ny na n\u00e1jmy za budovy, pri\u010dom m\u00e1 vlastn\u00e9 kapacity. Pod\u00e1vame podnet na NK\u00da","robots":{"index":"index","follow":"follow","max-snippet":"max-snippet:-1","max-image-preview":"max-image-preview:large","max-video-preview":"max-video-preview:-1"},"canonical":"https:\/\/www.smedemokrati.sk\/en\/sutaj-estok-plati-miliony-na-najmy-za-budovy-pricom-ma-vlastne-kapacity-podavame-podnet-na-nku\/","og_locale":"en_US","og_type":"article","og_title":"[:sk]\u0160utaj E\u0161tok plat\u00ed mili\u00f3ny na n\u00e1jmy za budovy, pri\u010dom m\u00e1 vlastn\u00e9 kapacity. Pod\u00e1vame podnet na NK\u00da[:] - Smedemokrati.sk","og_description":"Demokrati u\u017e v minulosti priniesli inform\u00e1ciu, \u017ee MV SR si prenaj\u00edma budovy pre potreby okresn\u00fdch \u00faradov, pri\u010dom disponuje vlastn\u00fdmi priestormi. N\u00e1jmy sa \u0161plhaj\u00fa na nieko\u013eko mili\u00f3nov eur a Demokrati teraz odha\u013euj\u00fa \u0161kandal\u00f3zny pr\u00edpad z Dunajskej Stredy. Spolo\u010dnos\u0165 Janstav s.r.o. k\u00fapila budovu v auguste 2025 a o 10 dn\u00ed nesk\u00f4r si ju prenajalo MV SR. Konate\u013e [&hellip;]","og_url":"https:\/\/www.smedemokrati.sk\/en\/sutaj-estok-plati-miliony-na-najmy-za-budovy-pricom-ma-vlastne-kapacity-podavame-podnet-na-nku\/","og_site_name":"Smedemokrati.sk","article_publisher":"https:\/\/www.facebook.com\/smedemokrati2023","article_published_time":"2026-02-12T12:28:10+00:00","article_modified_time":"2026-02-12T12:28:12+00:00","og_image":[{"width":1207,"height":737,"url":"https:\/\/www.smedemokrati.sk\/wp-content\/uploads\/2026\/02\/sutajova_slayada.jpg","type":"image\/jpeg"}],"author":"miro.sopko","twitter_card":"summary_large_image","twitter_misc":{"Written by":"miro.sopko","Est. reading time":"3 minutes"},"schema":{"@context":"https:\/\/schema.org","@graph":[{"@type":"Article","@id":"https:\/\/www.smedemokrati.sk\/sutaj-estok-plati-miliony-na-najmy-za-budovy-pricom-ma-vlastne-kapacity-podavame-podnet-na-nku\/#article","isPartOf":{"@id":"https:\/\/www.smedemokrati.sk\/sutaj-estok-plati-miliony-na-najmy-za-budovy-pricom-ma-vlastne-kapacity-podavame-podnet-na-nku\/"},"author":{"name":"miro.sopko","@id":"https:\/\/www.smedemokrati.sk\/#\/schema\/person\/21f147c88d605aa7ded900e1e7c344ba"},"headline":"\u0160utaj E\u0161tok plat\u00ed mili\u00f3ny na n\u00e1jmy za budovy, pri\u010dom m\u00e1 vlastn\u00e9 kapacity. Pod\u00e1vame podnet na NK\u00da","datePublished":"2026-02-12T12:28:10+00:00","dateModified":"2026-02-12T12:28:12+00:00","mainEntityOfPage":{"@id":"https:\/\/www.smedemokrati.sk\/sutaj-estok-plati-miliony-na-najmy-za-budovy-pricom-ma-vlastne-kapacity-podavame-podnet-na-nku\/"},"wordCount":607,"publisher":{"@id":"https:\/\/www.smedemokrati.sk\/#organization"},"image":{"@id":"https:\/\/www.smedemokrati.sk\/sutaj-estok-plati-miliony-na-najmy-za-budovy-pricom-ma-vlastne-kapacity-podavame-podnet-na-nku\/#primaryimage"},"thumbnailUrl":"https:\/\/www.smedemokrati.sk\/wp-content\/uploads\/2026\/02\/sutajova_slayada.jpg","articleSection":["Tla\u010dov\u00e9 spr\u00e1vy"],"inLanguage":"en-US"},{"@type":"WebPage","@id":"https:\/\/www.smedemokrati.sk\/sutaj-estok-plati-miliony-na-najmy-za-budovy-pricom-ma-vlastne-kapacity-podavame-podnet-na-nku\/","url":"https:\/\/www.smedemokrati.sk\/sutaj-estok-plati-miliony-na-najmy-za-budovy-pricom-ma-vlastne-kapacity-podavame-podnet-na-nku\/","name":"\u0160utaj E\u0161tok plat\u00ed mili\u00f3ny na n\u00e1jmy za budovy, pri\u010dom m\u00e1 vlastn\u00e9 kapacity. Pod\u00e1vame podnet na NK\u00da","isPartOf":{"@id":"https:\/\/www.smedemokrati.sk\/#website"},"primaryImageOfPage":{"@id":"https:\/\/www.smedemokrati.sk\/sutaj-estok-plati-miliony-na-najmy-za-budovy-pricom-ma-vlastne-kapacity-podavame-podnet-na-nku\/#primaryimage"},"image":{"@id":"https:\/\/www.smedemokrati.sk\/sutaj-estok-plati-miliony-na-najmy-za-budovy-pricom-ma-vlastne-kapacity-podavame-podnet-na-nku\/#primaryimage"},"thumbnailUrl":"https:\/\/www.smedemokrati.sk\/wp-content\/uploads\/2026\/02\/sutajova_slayada.jpg","datePublished":"2026-02-12T12:28:10+00:00","dateModified":"2026-02-12T12:28:12+00:00","breadcrumb":{"@id":"https:\/\/www.smedemokrati.sk\/sutaj-estok-plati-miliony-na-najmy-za-budovy-pricom-ma-vlastne-kapacity-podavame-podnet-na-nku\/#breadcrumb"},"inLanguage":"en-US","potentialAction":[{"@type":"ReadAction","target":["https:\/\/www.smedemokrati.sk\/sutaj-estok-plati-miliony-na-najmy-za-budovy-pricom-ma-vlastne-kapacity-podavame-podnet-na-nku\/"]}]},{"@type":"ImageObject","inLanguage":"en-US","@id":"https:\/\/www.smedemokrati.sk\/sutaj-estok-plati-miliony-na-najmy-za-budovy-pricom-ma-vlastne-kapacity-podavame-podnet-na-nku\/#primaryimage","url":"https:\/\/www.smedemokrati.sk\/wp-content\/uploads\/2026\/02\/sutajova_slayada.jpg","contentUrl":"https:\/\/www.smedemokrati.sk\/wp-content\/uploads\/2026\/02\/sutajova_slayada.jpg","width":1207,"height":737},{"@type":"BreadcrumbList","@id":"https:\/\/www.smedemokrati.sk\/sutaj-estok-plati-miliony-na-najmy-za-budovy-pricom-ma-vlastne-kapacity-podavame-podnet-na-nku\/#breadcrumb","itemListElement":[{"@type":"ListItem","position":1,"name":"Domovsk\u00e1 str\u00e1nka","item":"https:\/\/www.smedemokrati.sk\/"},{"@type":"ListItem","position":2,"name":"\u0160utaj E\u0161tok plat\u00ed mili\u00f3ny na n\u00e1jmy za budovy, pri\u010dom m\u00e1 vlastn\u00e9 kapacity. Pod\u00e1vame podnet na NK\u00da"}]},{"@type":"WebSite","@id":"https:\/\/www.smedemokrati.sk\/#website","url":"https:\/\/www.smedemokrati.sk\/","name":"Smedemokrati.sk","description":"Demokracia a slu\u0161nos\u0165 zv\u00ed\u0165az\u00ed","publisher":{"@id":"https:\/\/www.smedemokrati.sk\/#organization"},"potentialAction":[{"@type":"SearchAction","target":{"@type":"EntryPoint","urlTemplate":"https:\/\/www.smedemokrati.sk\/?s={search_term_string}"},"query-input":{"@type":"PropertyValueSpecification","valueRequired":true,"valueName":"search_term_string"}}],"inLanguage":"en-US"},{"@type":"Organization","@id":"https:\/\/www.smedemokrati.sk\/#organization","name":"Smedemokrati.sk","url":"https:\/\/www.smedemokrati.sk\/","logo":{"@type":"ImageObject","inLanguage":"en-US","@id":"https:\/\/www.smedemokrati.sk\/#\/schema\/logo\/image\/","url":"https:\/\/www.smedemokrati.sk\/wp-content\/uploads\/2023\/04\/ff.002.jpeg","contentUrl":"https:\/\/www.smedemokrati.sk\/wp-content\/uploads\/2023\/04\/ff.002.jpeg","width":640,"height":480,"caption":"Smedemokrati.sk"},"image":{"@id":"https:\/\/www.smedemokrati.sk\/#\/schema\/logo\/image\/"},"sameAs":["https:\/\/www.facebook.com\/smedemokrati2023"]},{"@type":"Person","@id":"https:\/\/www.smedemokrati.sk\/#\/schema\/person\/21f147c88d605aa7ded900e1e7c344ba","name":"miro.sopko","image":{"@type":"ImageObject","inLanguage":"en-US","@id":"https:\/\/secure.gravatar.com\/avatar\/267e4a36f704376c109afe3a78740c1f5dd8675a2180a908699e7863c9247606?s=96&d=mm&r=g","url":"https:\/\/secure.gravatar.com\/avatar\/267e4a36f704376c109afe3a78740c1f5dd8675a2180a908699e7863c9247606?s=96&d=mm&r=g","contentUrl":"https:\/\/secure.gravatar.com\/avatar\/267e4a36f704376c109afe3a78740c1f5dd8675a2180a908699e7863c9247606?s=96&d=mm&r=g","caption":"miro.sopko"},"url":"https:\/\/www.smedemokrati.sk\/en\/author\/miro-sopko\/"}]}},"_links":{"self":[{"href":"https:\/\/www.smedemokrati.sk\/en\/wp-json\/wp\/v2\/posts\/8857","targetHints":{"allow":["GET"]}}],"collection":[{"href":"https:\/\/www.smedemokrati.sk\/en\/wp-json\/wp\/v2\/posts"}],"about":[{"href":"https:\/\/www.smedemokrati.sk\/en\/wp-json\/wp\/v2\/types\/post"}],"author":[{"embeddable":true,"href":"https:\/\/www.smedemokrati.sk\/en\/wp-json\/wp\/v2\/users\/13"}],"replies":[{"embeddable":true,"href":"https:\/\/www.smedemokrati.sk\/en\/wp-json\/wp\/v2\/comments?post=8857"}],"version-history":[{"count":1,"href":"https:\/\/www.smedemokrati.sk\/en\/wp-json\/wp\/v2\/posts\/8857\/revisions"}],"predecessor-version":[{"id":8859,"href":"https:\/\/www.smedemokrati.sk\/en\/wp-json\/wp\/v2\/posts\/8857\/revisions\/8859"}],"wp:featuredmedia":[{"embeddable":true,"href":"https:\/\/www.smedemokrati.sk\/en\/wp-json\/wp\/v2\/media\/8858"}],"wp:attachment":[{"href":"https:\/\/www.smedemokrati.sk\/en\/wp-json\/wp\/v2\/media?parent=8857"}],"wp:term":[{"taxonomy":"category","embeddable":true,"href":"https:\/\/www.smedemokrati.sk\/en\/wp-json\/wp\/v2\/categories?post=8857"},{"taxonomy":"post_tag","embeddable":true,"href":"https:\/\/www.smedemokrati.sk\/en\/wp-json\/wp\/v2\/tags?post=8857"}],"curies":[{"name":"wp","href":"https:\/\/api.w.org\/{rel}","templated":true}]}}