{"id":8754,"date":"2026-01-22T11:52:09","date_gmt":"2026-01-22T10:52:09","guid":{"rendered":"https:\/\/www.smedemokrati.sk\/?p=8754"},"modified":"2026-01-22T11:58:43","modified_gmt":"2026-01-22T10:58:43","slug":"40-miliard-bez-odpovedi-demokrati-otvaraju-otazky-okolo-jadrovej-elektrarne","status":"publish","type":"post","link":"https:\/\/www.smedemokrati.sk\/en\/40-miliard-bez-odpovedi-demokrati-otvaraju-otazky-okolo-jadrovej-elektrarne\/","title":{"rendered":"40 mili\u00e1rd bez odpoved\u00ed: Demokrati otv\u00e1raj\u00fa ot\u00e1zky okolo jadrovej elektr\u00e1rne"},"content":{"rendered":"<div id=\"fb-root\"><\/div>\n\n<p><strong>Demokrati podporuj\u00fa jadrov\u00fa energetiku, no odmietaj\u00fa sp\u00f4sob, ak\u00fdm vl\u00e1da Roberta Fica pripravuje v\u00fdstavbu novej jadrovej elektr\u00e1rne &#8211; netransparentne, bez s\u00fa\u0165a\u017ee a bez odpoved\u00ed na z\u00e1kladn\u00e9 ot\u00e1zky.<\/strong><\/p>\n\n\n\n<p>\u201eSme za jadro, ale nie za netransparentn\u00e9 priame zadanie a \u00fa\u010det, ktor\u00fd zaplatia aj deti na\u0161ich det\u00ed. Ob\u010dania maj\u00fa pr\u00e1vo vedie\u0165, za \u010do bud\u00fa plati\u0165 oni, ich deti aj ich vnuci. Energetick\u00e1 bezpe\u010dnos\u0165 m\u00e1 sp\u00e1ja\u0165, nie rozde\u013eova\u0165 \u013eud\u00ed, o \u010do sa zase postaral, \u017eia\u013e, predseda vl\u00e1dy,\u201c uviedol predseda Demokratov Jaroslav Na\u010f.<\/p>\n\n\n\n<p>Demokrati sa p\u00fdtaj\u00fa: pre\u010do \u0161t\u00e1t nem\u00e1 z\u00e1kladn\u00fa energetick\u00fa strat\u00e9giu? Pre\u010do bol z projektu bez vysvetlenia odstr\u010den\u00fd \u010cEZ, hoci participoval na vypracovan\u00ed povo\u013eovacich dokumentov, a jeho odchod n\u00e1s bude st\u00e1\u0165 desiatky mili\u00f3ny eur? Pre\u010do m\u00e1 ma\u0165 reaktor v\u00fdkon 1 200 MW, ke\u010f potreby Slovenska m\u00f4\u017eu by\u0165 vy\u0161\u0161ie? Pre\u010do sa zrazu objavil americk\u00fd Westinghouse? Pre\u010do premi\u00e9r hovor\u00ed o cene 15 mili\u00e1rd, ke\u010f re\u00e1lne n\u00e1klady pre infl\u00e1ciu, \u00faroky a podobne m\u00f4\u017eu presiahnu\u0165 40 mili\u00e1rd eur?<\/p>\n\n\n\n<p>\u201eZa m\u00f4jho p\u00f4sobenia boli pripraven\u00e9 v\u0161etky povo\u013eovacie dokumenty, no dnes ch\u00fdba z\u00e1kladn\u00e1 anal\u00fdza. Medi\u00e1lny humbuk m\u00e1 zakry\u0165, \u017ee Robert Fico by najrad\u0161ej staval jadrov\u00fa elektr\u00e1re\u0148 s Rusmi a \u017ee vl\u00e1da ml\u010d\u00ed o zv\u00fd\u0161en\u00ed podielu \u0161t\u00e1tu v Slovensk\u00fdch elektr\u00e1r\u0148ach, ktor\u00fd bol zam\u00fd\u0161\u013ean\u00fd. Na druhej strane sa v\u00fdrazn\u00fdm hr\u00e1\u010dom st\u00e1va Ficove dobre zn\u00e1me EPH,\u201c povedal exminister hospod\u00e1rstva Karel Hirman.<\/p>\n\n\n\n<p>Vl\u00e1da z\u00e1rove\u0148 tvrd\u00ed, \u017ee elektr\u00e1re\u0148 sa splat\u00ed z predaja elektriny a s\u013eubuje lacn\u00e9 energie, no logicky to sp\u00f4sob\u00ed opa\u010dn\u00fd cenov\u00fd efekt . \u201eZ \u010doho sa teda m\u00e1 spl\u00e1ca\u0165? Ak maj\u00fa by\u0165 ceny n\u00edzke, spl\u00e1canie sa pred\u013a\u017ei a projekt sa predra\u017e\u00ed. Ru\u010di\u0165 za to budeme v\u0161etci,\u201c dodal \u010dlen predsedn\u00edctva Hirman.<\/p>\n\n\n\n<p>Hirman v tejto s\u00favislosti upozornil, \u017ee za vl\u00e1d Fica v rokoch 2010-2020, ceny elektriny na Slovensku, boli v top trojke najdrah\u0161\u00edch, v r\u00e1mci E\u00da. A to v\u010faka rozhodnutiam Ficov\u00fdch vl\u00e1d, povoli\u0165 mas\u00edvne v\u00fdstavbu fotovoltaick\u00fdch elektr\u00e1rn\u00ed a dotova\u0165 v\u00fdrobu elektriny z nich a z uhlia. Ak bude pr\u00edprava &nbsp;rozvoja jadrovej elektriny takto pokra\u010dova\u0165, tak n\u00e1m hrozia tie\u017e tak\u00e9to extr\u00e9mne ceny elektriny v bud\u00facnosti. &#8220;Po dokon\u010den\u00ed Mochovce 4 a o\u010dak\u00e1vanom z\u00e1sadnom pred\u013a\u017een\u00ed \u017eivotnosti existuj\u00facich reaktorov, vr\u00e1tane V2 v Jaslovsk\u00fdch Bohuniciach, nie sme na Slovensku pod tlakom, aby sme museli ur\u00fdchlene sa zaobera\u0165 novou v\u00fdstavbou. V tom sme vo v\u00fdrazne inej situ\u00e1cii, ako \u010cesi alebo Poliaci, ktor\u00ed v nasleduj\u00facich 10 rokoch &nbsp;uzatv\u00e1raj\u00fa ve\u013ek\u00e9 uho\u013en\u00e9 elektr\u00e1rne,&#8221; dodal Hirman.<\/p>\n\n\n\n<figure class=\"wp-block-embed is-type-video is-provider-youtube wp-block-embed-youtube wp-embed-aspect-16-9 wp-has-aspect-ratio\"><div class=\"wp-block-embed__wrapper\">\n<iframe title=\"Live: Z\u00e1va\u017en\u00e9 ot\u00e1zniky a s\u00favislosti okolo pl\u00e1nu novej jadrovej elektr\u00e1rne v Jaslovsk\u00fdch Bohuniciach\" width=\"500\" height=\"281\" src=\"https:\/\/www.youtube.com\/embed\/z97OY1BjMc4?feature=oembed\" frameborder=\"0\" allow=\"accelerometer; autoplay; clipboard-write; encrypted-media; gyroscope; picture-in-picture; web-share\" referrerpolicy=\"strict-origin-when-cross-origin\" allowfullscreen><\/iframe>\n<\/div><\/figure>\n","protected":false},"excerpt":{"rendered":"<p>Demokrati podporuj\u00fa jadrov\u00fa energetiku, no odmietaj\u00fa sp\u00f4sob, ak\u00fdm vl\u00e1da Roberta Fica pripravuje v\u00fdstavbu novej jadrovej elektr\u00e1rne &#8211; netransparentne, bez s\u00fa\u0165a\u017ee a bez odpoved\u00ed na z\u00e1kladn\u00e9 ot\u00e1zky. \u201eSme za jadro, ale nie za netransparentn\u00e9 priame zadanie a \u00fa\u010det, ktor\u00fd zaplatia aj deti na\u0161ich det\u00ed. Ob\u010dania maj\u00fa pr\u00e1vo vedie\u0165, za \u010do bud\u00fa plati\u0165 oni, ich deti aj [&hellip;]<\/p>\n","protected":false},"author":13,"featured_media":8755,"comment_status":"closed","ping_status":"closed","sticky":false,"template":"","format":"standard","meta":{"_acf_changed":false,"ngg_post_thumbnail":0,"footnotes":""},"categories":[4],"tags":[],"class_list":["post-8754","post","type-post","status-publish","format-standard","has-post-thumbnail","hentry","category-tlacove-spravy"],"acf":[],"yoast_head":"<!-- This site is optimized with the Yoast SEO plugin v27.2 - https:\/\/yoast.com\/product\/yoast-seo-wordpress\/ -->\n<title>40 mili\u00e1rd bez odpoved\u00ed: Demokrati otv\u00e1raj\u00fa ot\u00e1zky okolo jadrovej elektr\u00e1rne<\/title>\n<meta name=\"robots\" content=\"index, follow, max-snippet:-1, max-image-preview:large, max-video-preview:-1\" \/>\n<link rel=\"canonical\" href=\"https:\/\/www.smedemokrati.sk\/en\/40-miliard-bez-odpovedi-demokrati-otvaraju-otazky-okolo-jadrovej-elektrarne\/\" \/>\n<meta property=\"og:locale\" content=\"en_US\" \/>\n<meta property=\"og:locale:alternate\" content=\"cs_CZ\" \/>\n<meta property=\"og:locale:alternate\" content=\"hu_HU\" \/>\n<meta property=\"og:locale:alternate\" content=\"sk_SK\" \/>\n<meta property=\"og:locale:alternate\" content=\"sv_SE\" \/>\n<meta property=\"og:type\" content=\"article\" \/>\n<meta property=\"og:title\" content=\"40 mili\u00e1rd bez odpoved\u00ed: Demokrati otv\u00e1raj\u00fa ot\u00e1zky okolo jadrovej elektr\u00e1rne\" \/>\n<meta property=\"og:description\" content=\"Demokrati podporuj\u00fa jadrov\u00fa energetiku, no odmietaj\u00fa sp\u00f4sob, ak\u00fdm vl\u00e1da Roberta Fica pripravuje v\u00fdstavbu novej jadrovej elektr\u00e1rne &#8211; netransparentne, bez s\u00fa\u0165a\u017ee a bez odpoved\u00ed na z\u00e1kladn\u00e9 ot\u00e1zky. \u201eSme za jadro, ale nie za netransparentn\u00e9 priame zadanie a \u00fa\u010det, ktor\u00fd zaplatia aj deti na\u0161ich det\u00ed. Ob\u010dania maj\u00fa pr\u00e1vo vedie\u0165, za \u010do bud\u00fa plati\u0165 oni, ich deti aj [&hellip;]\" \/>\n<meta property=\"og:url\" content=\"https:\/\/www.smedemokrati.sk\/en\/40-miliard-bez-odpovedi-demokrati-otvaraju-otazky-okolo-jadrovej-elektrarne\/\" \/>\n<meta property=\"og:site_name\" content=\"Smedemokrati.sk\" \/>\n<meta property=\"article:publisher\" content=\"https:\/\/www.facebook.com\/smedemokrati2023\" \/>\n<meta property=\"article:published_time\" content=\"2026-01-22T10:52:09+00:00\" \/>\n<meta property=\"article:modified_time\" content=\"2026-01-22T10:58:43+00:00\" \/>\n<meta property=\"og:image\" content=\"https:\/\/www.smedemokrati.sk\/wp-content\/uploads\/2026\/01\/jadrova_energetika.jpg\" \/>\n\t<meta property=\"og:image:width\" content=\"1280\" \/>\n\t<meta property=\"og:image:height\" content=\"720\" \/>\n\t<meta property=\"og:image:type\" content=\"image\/jpeg\" \/>\n<meta name=\"author\" content=\"miro.sopko\" \/>\n<meta name=\"twitter:card\" content=\"summary_large_image\" \/>\n<meta name=\"twitter:label1\" content=\"Written by\" \/>\n\t<meta name=\"twitter:data1\" content=\"miro.sopko\" \/>\n\t<meta name=\"twitter:label2\" content=\"Est. reading time\" \/>\n\t<meta name=\"twitter:data2\" content=\"3 minutes\" \/>\n<script type=\"application\/ld+json\" class=\"yoast-schema-graph\">{\"@context\":\"https:\/\/schema.org\",\"@graph\":[{\"@type\":\"Article\",\"@id\":\"https:\/\/www.smedemokrati.sk\/40-miliard-bez-odpovedi-demokrati-otvaraju-otazky-okolo-jadrovej-elektrarne\/#article\",\"isPartOf\":{\"@id\":\"https:\/\/www.smedemokrati.sk\/40-miliard-bez-odpovedi-demokrati-otvaraju-otazky-okolo-jadrovej-elektrarne\/\"},\"author\":{\"name\":\"miro.sopko\",\"@id\":\"https:\/\/www.smedemokrati.sk\/#\/schema\/person\/21f147c88d605aa7ded900e1e7c344ba\"},\"headline\":\"40 mili\u00e1rd bez odpoved\u00ed: Demokrati otv\u00e1raj\u00fa ot\u00e1zky okolo jadrovej elektr\u00e1rne\",\"datePublished\":\"2026-01-22T10:52:09+00:00\",\"dateModified\":\"2026-01-22T10:58:43+00:00\",\"mainEntityOfPage\":{\"@id\":\"https:\/\/www.smedemokrati.sk\/40-miliard-bez-odpovedi-demokrati-otvaraju-otazky-okolo-jadrovej-elektrarne\/\"},\"wordCount\":497,\"publisher\":{\"@id\":\"https:\/\/www.smedemokrati.sk\/#organization\"},\"image\":{\"@id\":\"https:\/\/www.smedemokrati.sk\/40-miliard-bez-odpovedi-demokrati-otvaraju-otazky-okolo-jadrovej-elektrarne\/#primaryimage\"},\"thumbnailUrl\":\"https:\/\/www.smedemokrati.sk\/wp-content\/uploads\/2026\/01\/jadrova_energetika.jpg\",\"articleSection\":[\"Tla\u010dov\u00e9 spr\u00e1vy\"],\"inLanguage\":\"en-US\"},{\"@type\":\"WebPage\",\"@id\":\"https:\/\/www.smedemokrati.sk\/40-miliard-bez-odpovedi-demokrati-otvaraju-otazky-okolo-jadrovej-elektrarne\/\",\"url\":\"https:\/\/www.smedemokrati.sk\/40-miliard-bez-odpovedi-demokrati-otvaraju-otazky-okolo-jadrovej-elektrarne\/\",\"name\":\"40 mili\u00e1rd bez odpoved\u00ed: Demokrati otv\u00e1raj\u00fa ot\u00e1zky okolo jadrovej elektr\u00e1rne\",\"isPartOf\":{\"@id\":\"https:\/\/www.smedemokrati.sk\/#website\"},\"primaryImageOfPage\":{\"@id\":\"https:\/\/www.smedemokrati.sk\/40-miliard-bez-odpovedi-demokrati-otvaraju-otazky-okolo-jadrovej-elektrarne\/#primaryimage\"},\"image\":{\"@id\":\"https:\/\/www.smedemokrati.sk\/40-miliard-bez-odpovedi-demokrati-otvaraju-otazky-okolo-jadrovej-elektrarne\/#primaryimage\"},\"thumbnailUrl\":\"https:\/\/www.smedemokrati.sk\/wp-content\/uploads\/2026\/01\/jadrova_energetika.jpg\",\"datePublished\":\"2026-01-22T10:52:09+00:00\",\"dateModified\":\"2026-01-22T10:58:43+00:00\",\"breadcrumb\":{\"@id\":\"https:\/\/www.smedemokrati.sk\/40-miliard-bez-odpovedi-demokrati-otvaraju-otazky-okolo-jadrovej-elektrarne\/#breadcrumb\"},\"inLanguage\":\"en-US\",\"potentialAction\":[{\"@type\":\"ReadAction\",\"target\":[\"https:\/\/www.smedemokrati.sk\/40-miliard-bez-odpovedi-demokrati-otvaraju-otazky-okolo-jadrovej-elektrarne\/\"]}]},{\"@type\":\"ImageObject\",\"inLanguage\":\"en-US\",\"@id\":\"https:\/\/www.smedemokrati.sk\/40-miliard-bez-odpovedi-demokrati-otvaraju-otazky-okolo-jadrovej-elektrarne\/#primaryimage\",\"url\":\"https:\/\/www.smedemokrati.sk\/wp-content\/uploads\/2026\/01\/jadrova_energetika.jpg\",\"contentUrl\":\"https:\/\/www.smedemokrati.sk\/wp-content\/uploads\/2026\/01\/jadrova_energetika.jpg\",\"width\":1280,\"height\":720},{\"@type\":\"BreadcrumbList\",\"@id\":\"https:\/\/www.smedemokrati.sk\/40-miliard-bez-odpovedi-demokrati-otvaraju-otazky-okolo-jadrovej-elektrarne\/#breadcrumb\",\"itemListElement\":[{\"@type\":\"ListItem\",\"position\":1,\"name\":\"Domovsk\u00e1 str\u00e1nka\",\"item\":\"https:\/\/www.smedemokrati.sk\/\"},{\"@type\":\"ListItem\",\"position\":2,\"name\":\"40 mili\u00e1rd bez odpoved\u00ed: Demokrati otv\u00e1raj\u00fa ot\u00e1zky okolo jadrovej elektr\u00e1rne\"}]},{\"@type\":\"WebSite\",\"@id\":\"https:\/\/www.smedemokrati.sk\/#website\",\"url\":\"https:\/\/www.smedemokrati.sk\/\",\"name\":\"Smedemokrati.sk\",\"description\":\"Demokracia a slu\u0161nos\u0165 zv\u00ed\u0165az\u00ed\",\"publisher\":{\"@id\":\"https:\/\/www.smedemokrati.sk\/#organization\"},\"potentialAction\":[{\"@type\":\"SearchAction\",\"target\":{\"@type\":\"EntryPoint\",\"urlTemplate\":\"https:\/\/www.smedemokrati.sk\/?s={search_term_string}\"},\"query-input\":{\"@type\":\"PropertyValueSpecification\",\"valueRequired\":true,\"valueName\":\"search_term_string\"}}],\"inLanguage\":\"en-US\"},{\"@type\":\"Organization\",\"@id\":\"https:\/\/www.smedemokrati.sk\/#organization\",\"name\":\"Smedemokrati.sk\",\"url\":\"https:\/\/www.smedemokrati.sk\/\",\"logo\":{\"@type\":\"ImageObject\",\"inLanguage\":\"en-US\",\"@id\":\"https:\/\/www.smedemokrati.sk\/#\/schema\/logo\/image\/\",\"url\":\"https:\/\/www.smedemokrati.sk\/wp-content\/uploads\/2023\/04\/ff.002.jpeg\",\"contentUrl\":\"https:\/\/www.smedemokrati.sk\/wp-content\/uploads\/2023\/04\/ff.002.jpeg\",\"width\":640,\"height\":480,\"caption\":\"Smedemokrati.sk\"},\"image\":{\"@id\":\"https:\/\/www.smedemokrati.sk\/#\/schema\/logo\/image\/\"},\"sameAs\":[\"https:\/\/www.facebook.com\/smedemokrati2023\"]},{\"@type\":\"Person\",\"@id\":\"https:\/\/www.smedemokrati.sk\/#\/schema\/person\/21f147c88d605aa7ded900e1e7c344ba\",\"name\":\"miro.sopko\",\"image\":{\"@type\":\"ImageObject\",\"inLanguage\":\"en-US\",\"@id\":\"https:\/\/secure.gravatar.com\/avatar\/267e4a36f704376c109afe3a78740c1f5dd8675a2180a908699e7863c9247606?s=96&d=mm&r=g\",\"url\":\"https:\/\/secure.gravatar.com\/avatar\/267e4a36f704376c109afe3a78740c1f5dd8675a2180a908699e7863c9247606?s=96&d=mm&r=g\",\"contentUrl\":\"https:\/\/secure.gravatar.com\/avatar\/267e4a36f704376c109afe3a78740c1f5dd8675a2180a908699e7863c9247606?s=96&d=mm&r=g\",\"caption\":\"miro.sopko\"},\"url\":\"https:\/\/www.smedemokrati.sk\/en\/author\/miro-sopko\/\"}]}<\/script>\n<!-- \/ Yoast SEO plugin. -->","yoast_head_json":{"title":"40 mili\u00e1rd bez odpoved\u00ed: Demokrati otv\u00e1raj\u00fa ot\u00e1zky okolo jadrovej elektr\u00e1rne","robots":{"index":"index","follow":"follow","max-snippet":"max-snippet:-1","max-image-preview":"max-image-preview:large","max-video-preview":"max-video-preview:-1"},"canonical":"https:\/\/www.smedemokrati.sk\/en\/40-miliard-bez-odpovedi-demokrati-otvaraju-otazky-okolo-jadrovej-elektrarne\/","og_locale":"en_US","og_type":"article","og_title":"[:sk]40 mili\u00e1rd bez odpoved\u00ed: Demokrati otv\u00e1raj\u00fa ot\u00e1zky okolo jadrovej elektr\u00e1rne[:] - Smedemokrati.sk","og_description":"Demokrati podporuj\u00fa jadrov\u00fa energetiku, no odmietaj\u00fa sp\u00f4sob, ak\u00fdm vl\u00e1da Roberta Fica pripravuje v\u00fdstavbu novej jadrovej elektr\u00e1rne &#8211; netransparentne, bez s\u00fa\u0165a\u017ee a bez odpoved\u00ed na z\u00e1kladn\u00e9 ot\u00e1zky. \u201eSme za jadro, ale nie za netransparentn\u00e9 priame zadanie a \u00fa\u010det, ktor\u00fd zaplatia aj deti na\u0161ich det\u00ed. Ob\u010dania maj\u00fa pr\u00e1vo vedie\u0165, za \u010do bud\u00fa plati\u0165 oni, ich deti aj [&hellip;]","og_url":"https:\/\/www.smedemokrati.sk\/en\/40-miliard-bez-odpovedi-demokrati-otvaraju-otazky-okolo-jadrovej-elektrarne\/","og_site_name":"Smedemokrati.sk","article_publisher":"https:\/\/www.facebook.com\/smedemokrati2023","article_published_time":"2026-01-22T10:52:09+00:00","article_modified_time":"2026-01-22T10:58:43+00:00","og_image":[{"width":1280,"height":720,"url":"https:\/\/www.smedemokrati.sk\/wp-content\/uploads\/2026\/01\/jadrova_energetika.jpg","type":"image\/jpeg"}],"author":"miro.sopko","twitter_card":"summary_large_image","twitter_misc":{"Written by":"miro.sopko","Est. reading time":"3 minutes"},"schema":{"@context":"https:\/\/schema.org","@graph":[{"@type":"Article","@id":"https:\/\/www.smedemokrati.sk\/40-miliard-bez-odpovedi-demokrati-otvaraju-otazky-okolo-jadrovej-elektrarne\/#article","isPartOf":{"@id":"https:\/\/www.smedemokrati.sk\/40-miliard-bez-odpovedi-demokrati-otvaraju-otazky-okolo-jadrovej-elektrarne\/"},"author":{"name":"miro.sopko","@id":"https:\/\/www.smedemokrati.sk\/#\/schema\/person\/21f147c88d605aa7ded900e1e7c344ba"},"headline":"40 mili\u00e1rd bez odpoved\u00ed: Demokrati otv\u00e1raj\u00fa ot\u00e1zky okolo jadrovej elektr\u00e1rne","datePublished":"2026-01-22T10:52:09+00:00","dateModified":"2026-01-22T10:58:43+00:00","mainEntityOfPage":{"@id":"https:\/\/www.smedemokrati.sk\/40-miliard-bez-odpovedi-demokrati-otvaraju-otazky-okolo-jadrovej-elektrarne\/"},"wordCount":497,"publisher":{"@id":"https:\/\/www.smedemokrati.sk\/#organization"},"image":{"@id":"https:\/\/www.smedemokrati.sk\/40-miliard-bez-odpovedi-demokrati-otvaraju-otazky-okolo-jadrovej-elektrarne\/#primaryimage"},"thumbnailUrl":"https:\/\/www.smedemokrati.sk\/wp-content\/uploads\/2026\/01\/jadrova_energetika.jpg","articleSection":["Tla\u010dov\u00e9 spr\u00e1vy"],"inLanguage":"en-US"},{"@type":"WebPage","@id":"https:\/\/www.smedemokrati.sk\/40-miliard-bez-odpovedi-demokrati-otvaraju-otazky-okolo-jadrovej-elektrarne\/","url":"https:\/\/www.smedemokrati.sk\/40-miliard-bez-odpovedi-demokrati-otvaraju-otazky-okolo-jadrovej-elektrarne\/","name":"40 mili\u00e1rd bez odpoved\u00ed: Demokrati otv\u00e1raj\u00fa ot\u00e1zky okolo jadrovej elektr\u00e1rne","isPartOf":{"@id":"https:\/\/www.smedemokrati.sk\/#website"},"primaryImageOfPage":{"@id":"https:\/\/www.smedemokrati.sk\/40-miliard-bez-odpovedi-demokrati-otvaraju-otazky-okolo-jadrovej-elektrarne\/#primaryimage"},"image":{"@id":"https:\/\/www.smedemokrati.sk\/40-miliard-bez-odpovedi-demokrati-otvaraju-otazky-okolo-jadrovej-elektrarne\/#primaryimage"},"thumbnailUrl":"https:\/\/www.smedemokrati.sk\/wp-content\/uploads\/2026\/01\/jadrova_energetika.jpg","datePublished":"2026-01-22T10:52:09+00:00","dateModified":"2026-01-22T10:58:43+00:00","breadcrumb":{"@id":"https:\/\/www.smedemokrati.sk\/40-miliard-bez-odpovedi-demokrati-otvaraju-otazky-okolo-jadrovej-elektrarne\/#breadcrumb"},"inLanguage":"en-US","potentialAction":[{"@type":"ReadAction","target":["https:\/\/www.smedemokrati.sk\/40-miliard-bez-odpovedi-demokrati-otvaraju-otazky-okolo-jadrovej-elektrarne\/"]}]},{"@type":"ImageObject","inLanguage":"en-US","@id":"https:\/\/www.smedemokrati.sk\/40-miliard-bez-odpovedi-demokrati-otvaraju-otazky-okolo-jadrovej-elektrarne\/#primaryimage","url":"https:\/\/www.smedemokrati.sk\/wp-content\/uploads\/2026\/01\/jadrova_energetika.jpg","contentUrl":"https:\/\/www.smedemokrati.sk\/wp-content\/uploads\/2026\/01\/jadrova_energetika.jpg","width":1280,"height":720},{"@type":"BreadcrumbList","@id":"https:\/\/www.smedemokrati.sk\/40-miliard-bez-odpovedi-demokrati-otvaraju-otazky-okolo-jadrovej-elektrarne\/#breadcrumb","itemListElement":[{"@type":"ListItem","position":1,"name":"Domovsk\u00e1 str\u00e1nka","item":"https:\/\/www.smedemokrati.sk\/"},{"@type":"ListItem","position":2,"name":"40 mili\u00e1rd bez odpoved\u00ed: Demokrati otv\u00e1raj\u00fa ot\u00e1zky okolo jadrovej elektr\u00e1rne"}]},{"@type":"WebSite","@id":"https:\/\/www.smedemokrati.sk\/#website","url":"https:\/\/www.smedemokrati.sk\/","name":"Smedemokrati.sk","description":"Demokracia a slu\u0161nos\u0165 zv\u00ed\u0165az\u00ed","publisher":{"@id":"https:\/\/www.smedemokrati.sk\/#organization"},"potentialAction":[{"@type":"SearchAction","target":{"@type":"EntryPoint","urlTemplate":"https:\/\/www.smedemokrati.sk\/?s={search_term_string}"},"query-input":{"@type":"PropertyValueSpecification","valueRequired":true,"valueName":"search_term_string"}}],"inLanguage":"en-US"},{"@type":"Organization","@id":"https:\/\/www.smedemokrati.sk\/#organization","name":"Smedemokrati.sk","url":"https:\/\/www.smedemokrati.sk\/","logo":{"@type":"ImageObject","inLanguage":"en-US","@id":"https:\/\/www.smedemokrati.sk\/#\/schema\/logo\/image\/","url":"https:\/\/www.smedemokrati.sk\/wp-content\/uploads\/2023\/04\/ff.002.jpeg","contentUrl":"https:\/\/www.smedemokrati.sk\/wp-content\/uploads\/2023\/04\/ff.002.jpeg","width":640,"height":480,"caption":"Smedemokrati.sk"},"image":{"@id":"https:\/\/www.smedemokrati.sk\/#\/schema\/logo\/image\/"},"sameAs":["https:\/\/www.facebook.com\/smedemokrati2023"]},{"@type":"Person","@id":"https:\/\/www.smedemokrati.sk\/#\/schema\/person\/21f147c88d605aa7ded900e1e7c344ba","name":"miro.sopko","image":{"@type":"ImageObject","inLanguage":"en-US","@id":"https:\/\/secure.gravatar.com\/avatar\/267e4a36f704376c109afe3a78740c1f5dd8675a2180a908699e7863c9247606?s=96&d=mm&r=g","url":"https:\/\/secure.gravatar.com\/avatar\/267e4a36f704376c109afe3a78740c1f5dd8675a2180a908699e7863c9247606?s=96&d=mm&r=g","contentUrl":"https:\/\/secure.gravatar.com\/avatar\/267e4a36f704376c109afe3a78740c1f5dd8675a2180a908699e7863c9247606?s=96&d=mm&r=g","caption":"miro.sopko"},"url":"https:\/\/www.smedemokrati.sk\/en\/author\/miro-sopko\/"}]}},"_links":{"self":[{"href":"https:\/\/www.smedemokrati.sk\/en\/wp-json\/wp\/v2\/posts\/8754","targetHints":{"allow":["GET"]}}],"collection":[{"href":"https:\/\/www.smedemokrati.sk\/en\/wp-json\/wp\/v2\/posts"}],"about":[{"href":"https:\/\/www.smedemokrati.sk\/en\/wp-json\/wp\/v2\/types\/post"}],"author":[{"embeddable":true,"href":"https:\/\/www.smedemokrati.sk\/en\/wp-json\/wp\/v2\/users\/13"}],"replies":[{"embeddable":true,"href":"https:\/\/www.smedemokrati.sk\/en\/wp-json\/wp\/v2\/comments?post=8754"}],"version-history":[{"count":1,"href":"https:\/\/www.smedemokrati.sk\/en\/wp-json\/wp\/v2\/posts\/8754\/revisions"}],"predecessor-version":[{"id":8756,"href":"https:\/\/www.smedemokrati.sk\/en\/wp-json\/wp\/v2\/posts\/8754\/revisions\/8756"}],"wp:featuredmedia":[{"embeddable":true,"href":"https:\/\/www.smedemokrati.sk\/en\/wp-json\/wp\/v2\/media\/8755"}],"wp:attachment":[{"href":"https:\/\/www.smedemokrati.sk\/en\/wp-json\/wp\/v2\/media?parent=8754"}],"wp:term":[{"taxonomy":"category","embeddable":true,"href":"https:\/\/www.smedemokrati.sk\/en\/wp-json\/wp\/v2\/categories?post=8754"},{"taxonomy":"post_tag","embeddable":true,"href":"https:\/\/www.smedemokrati.sk\/en\/wp-json\/wp\/v2\/tags?post=8754"}],"curies":[{"name":"wp","href":"https:\/\/api.w.org\/{rel}","templated":true}]}}