{"id":8748,"date":"2026-01-21T16:59:51","date_gmt":"2026-01-21T15:59:51","guid":{"rendered":"https:\/\/www.smedemokrati.sk\/?p=8748"},"modified":"2026-01-21T17:00:22","modified_gmt":"2026-01-21T16:00:22","slug":"obvinenie-matecnej-je-vysledkom-podnetov-z-subovej-a-demokratov-takac-klame-a-zastrasuje","status":"publish","type":"post","link":"https:\/\/www.smedemokrati.sk\/en\/obvinenie-matecnej-je-vysledkom-podnetov-z-subovej-a-demokratov-takac-klame-a-zastrasuje\/","title":{"rendered":"Obvinenie Mate\u010dnej je v\u00fdsledkom podnetov Z. \u0160ubovej a Demokratov, Tak\u00e1\u010d klame a zastra\u0161uje"},"content":{"rendered":"<div id=\"fb-root\"><\/div>\n\n<p><strong>Obvinenie exministerky Gabriely Mate\u010dnej vzniklo na z\u00e1klade konkr\u00e9tnych podnetov, ktor\u00e9 podala Zuzana \u0160ubov\u00e1 v spolupr\u00e1ci so stranou Demokrati. Tvrdenia ministra Richarda Tak\u00e1\u010da o tom, \u017ee m\u00e1 \u00eds\u0165 o zakr\u00fdvanie policajn\u00e9ho z\u00e1sahu u \u0161\u00e9fky Pir\u00e1tov \u0160ubovej, s\u00fa nepravdiv\u00e9 a \u00fa\u010delov\u00e9.<\/strong><\/p>\n\n\n\n<p><em>\u201ePodnety k zmluv\u00e1m a konaniu pani Mate\u010dnej v s\u00favislosti so Slovensk\u00fdm pozemk\u00fdm fondom som riadne odovzdala pol\u00edcii. Na jej odpor\u00fa\u010danie som 25. augusta 2024 podala podnet na Gener\u00e1lnu prokurat\u00faru. Dnes je v\u00fdsledkom vznesen\u00e9 obvinenie,\u201c<\/em> uviedla Zuzana \u0160ubov\u00e1.<\/p>\n\n\n\n<p>Vy\u0161etrovate\u013e za\u010dal trestn\u00e9 st\u00edhanie 3. j\u00fana 2025 pre zlo\u010din poru\u0161ovania povinnost\u00ed pri spr\u00e1ve majetku \u0161t\u00e1tu. Obvinenie vznesen\u00e9 14. janu\u00e1ra 2026 sa t\u00fdka pr\u00edpadu Slansk\u00e9 lesy, kde mohla pod\u013ea na\u0161ich zisten\u00ed a tie\u017e pol\u00edcie, vznikn\u00fa\u0165 \u0161t\u00e1tu \u0161koda 1 830 000 eur za pr\u00e1vne slu\u017eby, ktor\u00e9 \u0161t\u00e1t objekt\u00edvne nepotreboval.<\/p>\n\n\n\n<p><em>\u201e\u0160t\u00e1t zaplatil 1,83 mili\u00f3na eur za jedin\u00e9 procesn\u00e9 podanie k dovolaniu v spore, o ktorom u\u017e vopred vedel, \u017ee ho vyhr\u00e1. Mal vlastn\u00fdch pr\u00e1vnikov aj kapacity na Slovenskom pozemkovom fonde. Toto nie je pr\u00e1vna pomoc, ale plytvanie verejn\u00fdmi peniazmi,\u201c<\/em> povedal podpredseda Demokratov Michal Ki\u010da.<\/p>\n\n\n\n<p><em>\u201eTakmer dva mili\u00f3ny eur odi\u0161li z verejn\u00fdch pe\u0148az\u00ed \u00faplne zbyto\u010dne. P\u00fdtame sa, ko\u013eko podobn\u00fdch zml\u00fav e\u0161te existuje,\u201c<\/em> doplnil za Demokratov Juraj \u0160eliga.<\/p>\n\n\n\n<p>Tak\u00e1\u010d namiesto vysvet\u013eovania verejne vyz\u00fdva na pod\u00e1vanie trestn\u00fdch ozn\u00e1men\u00ed na Zuzanu \u0160ubov\u00fa a Demokratov. <em>\u201eIde o zastra\u0161ovanie \u013eud\u00ed, ktor\u00ed upozor\u0148uj\u00fa na podozrenia z trestnej \u010dinnosti. Pravdu t\u00fdm nezakryj\u00fa,\u201c<\/em> reagovala \u0160ubov\u00e1.<\/p>\n\n\n\n<p>Demokrati odmietaj\u00fa tvrdenia ministra, \u017ee o kauze nemal inform\u00e1cie. Rozhodnutia v tejto veci boli doru\u010dovan\u00e9 aj na Slovensk\u00fd pozemkov\u00fd fond. Obvinenie Mate\u010dnej je v\u00fdsledkom pr\u00e1ce t\u00fdch, ktor\u00ed kauzu otvorili, nie politick\u00e9ho krytia.<\/p>\n\n\n\n<figure class=\"wp-block-embed is-type-video is-provider-youtube wp-block-embed-youtube wp-embed-aspect-16-9 wp-has-aspect-ratio\"><div class=\"wp-block-embed__wrapper\">\n<iframe title=\"Live: Obvinenie Gabriely Mate\u010dnej: nov\u00e9 zistenia!\" width=\"500\" height=\"281\" src=\"https:\/\/www.youtube.com\/embed\/qRYopHVLAds?feature=oembed\" frameborder=\"0\" allow=\"accelerometer; autoplay; clipboard-write; encrypted-media; gyroscope; picture-in-picture; web-share\" referrerpolicy=\"strict-origin-when-cross-origin\" allowfullscreen><\/iframe>\n<\/div><\/figure>\n","protected":false},"excerpt":{"rendered":"<p>Obvinenie exministerky Gabriely Mate\u010dnej vzniklo na z\u00e1klade konkr\u00e9tnych podnetov, ktor\u00e9 podala Zuzana \u0160ubov\u00e1 v spolupr\u00e1ci so stranou Demokrati. Tvrdenia ministra Richarda Tak\u00e1\u010da o tom, \u017ee m\u00e1 \u00eds\u0165 o zakr\u00fdvanie policajn\u00e9ho z\u00e1sahu u \u0161\u00e9fky Pir\u00e1tov \u0160ubovej, s\u00fa nepravdiv\u00e9 a \u00fa\u010delov\u00e9. \u201ePodnety k zmluv\u00e1m a konaniu pani Mate\u010dnej v s\u00favislosti so Slovensk\u00fdm pozemk\u00fdm fondom som riadne odovzdala [&hellip;]<\/p>\n","protected":false},"author":13,"featured_media":8750,"comment_status":"closed","ping_status":"closed","sticky":false,"template":"","format":"standard","meta":{"_acf_changed":false,"ngg_post_thumbnail":0,"footnotes":""},"categories":[4],"tags":[],"class_list":["post-8748","post","type-post","status-publish","format-standard","has-post-thumbnail","hentry","category-tlacove-spravy"],"acf":[],"yoast_head":"<!-- This site is optimized with the Yoast SEO plugin v27.2 - https:\/\/yoast.com\/product\/yoast-seo-wordpress\/ -->\n<title>Obvinenie Mate\u010dnej je v\u00fdsledkom podnetov Z. \u0160ubovej a Demokratov, Tak\u00e1\u010d klame a zastra\u0161uje<\/title>\n<meta name=\"robots\" content=\"index, follow, max-snippet:-1, max-image-preview:large, max-video-preview:-1\" \/>\n<link rel=\"canonical\" href=\"https:\/\/www.smedemokrati.sk\/en\/obvinenie-matecnej-je-vysledkom-podnetov-z-subovej-a-demokratov-takac-klame-a-zastrasuje\/\" \/>\n<meta property=\"og:locale\" content=\"en_US\" \/>\n<meta property=\"og:locale:alternate\" content=\"cs_CZ\" \/>\n<meta property=\"og:locale:alternate\" content=\"hu_HU\" \/>\n<meta property=\"og:locale:alternate\" content=\"sk_SK\" \/>\n<meta property=\"og:locale:alternate\" content=\"sv_SE\" \/>\n<meta property=\"og:type\" content=\"article\" \/>\n<meta property=\"og:title\" content=\"Obvinenie Mate\u010dnej je v\u00fdsledkom podnetov Z. \u0160ubovej a Demokratov, Tak\u00e1\u010d klame a zastra\u0161uje\" \/>\n<meta property=\"og:description\" content=\"Obvinenie exministerky Gabriely Mate\u010dnej vzniklo na z\u00e1klade konkr\u00e9tnych podnetov, ktor\u00e9 podala Zuzana \u0160ubov\u00e1 v spolupr\u00e1ci so stranou Demokrati. Tvrdenia ministra Richarda Tak\u00e1\u010da o tom, \u017ee m\u00e1 \u00eds\u0165 o zakr\u00fdvanie policajn\u00e9ho z\u00e1sahu u \u0161\u00e9fky Pir\u00e1tov \u0160ubovej, s\u00fa nepravdiv\u00e9 a \u00fa\u010delov\u00e9. \u201ePodnety k zmluv\u00e1m a konaniu pani Mate\u010dnej v s\u00favislosti so Slovensk\u00fdm pozemk\u00fdm fondom som riadne odovzdala [&hellip;]\" \/>\n<meta property=\"og:url\" content=\"https:\/\/www.smedemokrati.sk\/en\/obvinenie-matecnej-je-vysledkom-podnetov-z-subovej-a-demokratov-takac-klame-a-zastrasuje\/\" \/>\n<meta property=\"og:site_name\" content=\"Smedemokrati.sk\" \/>\n<meta property=\"article:publisher\" content=\"https:\/\/www.facebook.com\/smedemokrati2023\" \/>\n<meta property=\"article:published_time\" content=\"2026-01-21T15:59:51+00:00\" \/>\n<meta property=\"article:modified_time\" content=\"2026-01-21T16:00:22+00:00\" \/>\n<meta property=\"og:image\" content=\"https:\/\/www.smedemokrati.sk\/wp-content\/uploads\/2026\/01\/matecna-zmatok.jpg\" \/>\n\t<meta property=\"og:image:width\" content=\"1280\" \/>\n\t<meta property=\"og:image:height\" content=\"720\" \/>\n\t<meta property=\"og:image:type\" content=\"image\/jpeg\" \/>\n<meta name=\"author\" content=\"miro.sopko\" \/>\n<meta name=\"twitter:card\" content=\"summary_large_image\" \/>\n<meta name=\"twitter:label1\" content=\"Written by\" \/>\n\t<meta name=\"twitter:data1\" content=\"miro.sopko\" \/>\n\t<meta name=\"twitter:label2\" content=\"Est. reading time\" \/>\n\t<meta name=\"twitter:data2\" content=\"2 minutes\" \/>\n<script type=\"application\/ld+json\" class=\"yoast-schema-graph\">{\"@context\":\"https:\/\/schema.org\",\"@graph\":[{\"@type\":\"Article\",\"@id\":\"https:\/\/www.smedemokrati.sk\/obvinenie-matecnej-je-vysledkom-podnetov-z-subovej-a-demokratov-takac-klame-a-zastrasuje\/#article\",\"isPartOf\":{\"@id\":\"https:\/\/www.smedemokrati.sk\/obvinenie-matecnej-je-vysledkom-podnetov-z-subovej-a-demokratov-takac-klame-a-zastrasuje\/\"},\"author\":{\"name\":\"miro.sopko\",\"@id\":\"https:\/\/www.smedemokrati.sk\/#\/schema\/person\/21f147c88d605aa7ded900e1e7c344ba\"},\"headline\":\"Obvinenie Mate\u010dnej je v\u00fdsledkom podnetov Z. \u0160ubovej a Demokratov, Tak\u00e1\u010d klame a zastra\u0161uje\",\"datePublished\":\"2026-01-21T15:59:51+00:00\",\"dateModified\":\"2026-01-21T16:00:22+00:00\",\"mainEntityOfPage\":{\"@id\":\"https:\/\/www.smedemokrati.sk\/obvinenie-matecnej-je-vysledkom-podnetov-z-subovej-a-demokratov-takac-klame-a-zastrasuje\/\"},\"wordCount\":339,\"publisher\":{\"@id\":\"https:\/\/www.smedemokrati.sk\/#organization\"},\"image\":{\"@id\":\"https:\/\/www.smedemokrati.sk\/obvinenie-matecnej-je-vysledkom-podnetov-z-subovej-a-demokratov-takac-klame-a-zastrasuje\/#primaryimage\"},\"thumbnailUrl\":\"https:\/\/www.smedemokrati.sk\/wp-content\/uploads\/2026\/01\/matecna-zmatok.jpg\",\"articleSection\":[\"Tla\u010dov\u00e9 spr\u00e1vy\"],\"inLanguage\":\"en-US\"},{\"@type\":\"WebPage\",\"@id\":\"https:\/\/www.smedemokrati.sk\/obvinenie-matecnej-je-vysledkom-podnetov-z-subovej-a-demokratov-takac-klame-a-zastrasuje\/\",\"url\":\"https:\/\/www.smedemokrati.sk\/obvinenie-matecnej-je-vysledkom-podnetov-z-subovej-a-demokratov-takac-klame-a-zastrasuje\/\",\"name\":\"Obvinenie Mate\u010dnej je v\u00fdsledkom podnetov Z. \u0160ubovej a Demokratov, Tak\u00e1\u010d klame a zastra\u0161uje\",\"isPartOf\":{\"@id\":\"https:\/\/www.smedemokrati.sk\/#website\"},\"primaryImageOfPage\":{\"@id\":\"https:\/\/www.smedemokrati.sk\/obvinenie-matecnej-je-vysledkom-podnetov-z-subovej-a-demokratov-takac-klame-a-zastrasuje\/#primaryimage\"},\"image\":{\"@id\":\"https:\/\/www.smedemokrati.sk\/obvinenie-matecnej-je-vysledkom-podnetov-z-subovej-a-demokratov-takac-klame-a-zastrasuje\/#primaryimage\"},\"thumbnailUrl\":\"https:\/\/www.smedemokrati.sk\/wp-content\/uploads\/2026\/01\/matecna-zmatok.jpg\",\"datePublished\":\"2026-01-21T15:59:51+00:00\",\"dateModified\":\"2026-01-21T16:00:22+00:00\",\"breadcrumb\":{\"@id\":\"https:\/\/www.smedemokrati.sk\/obvinenie-matecnej-je-vysledkom-podnetov-z-subovej-a-demokratov-takac-klame-a-zastrasuje\/#breadcrumb\"},\"inLanguage\":\"en-US\",\"potentialAction\":[{\"@type\":\"ReadAction\",\"target\":[\"https:\/\/www.smedemokrati.sk\/obvinenie-matecnej-je-vysledkom-podnetov-z-subovej-a-demokratov-takac-klame-a-zastrasuje\/\"]}]},{\"@type\":\"ImageObject\",\"inLanguage\":\"en-US\",\"@id\":\"https:\/\/www.smedemokrati.sk\/obvinenie-matecnej-je-vysledkom-podnetov-z-subovej-a-demokratov-takac-klame-a-zastrasuje\/#primaryimage\",\"url\":\"https:\/\/www.smedemokrati.sk\/wp-content\/uploads\/2026\/01\/matecna-zmatok.jpg\",\"contentUrl\":\"https:\/\/www.smedemokrati.sk\/wp-content\/uploads\/2026\/01\/matecna-zmatok.jpg\",\"width\":1280,\"height\":720},{\"@type\":\"BreadcrumbList\",\"@id\":\"https:\/\/www.smedemokrati.sk\/obvinenie-matecnej-je-vysledkom-podnetov-z-subovej-a-demokratov-takac-klame-a-zastrasuje\/#breadcrumb\",\"itemListElement\":[{\"@type\":\"ListItem\",\"position\":1,\"name\":\"Domovsk\u00e1 str\u00e1nka\",\"item\":\"https:\/\/www.smedemokrati.sk\/\"},{\"@type\":\"ListItem\",\"position\":2,\"name\":\"Obvinenie Mate\u010dnej je v\u00fdsledkom podnetov Z. \u0160ubovej a Demokratov, Tak\u00e1\u010d klame a zastra\u0161uje\"}]},{\"@type\":\"WebSite\",\"@id\":\"https:\/\/www.smedemokrati.sk\/#website\",\"url\":\"https:\/\/www.smedemokrati.sk\/\",\"name\":\"Smedemokrati.sk\",\"description\":\"Demokracia a slu\u0161nos\u0165 zv\u00ed\u0165az\u00ed\",\"publisher\":{\"@id\":\"https:\/\/www.smedemokrati.sk\/#organization\"},\"potentialAction\":[{\"@type\":\"SearchAction\",\"target\":{\"@type\":\"EntryPoint\",\"urlTemplate\":\"https:\/\/www.smedemokrati.sk\/?s={search_term_string}\"},\"query-input\":{\"@type\":\"PropertyValueSpecification\",\"valueRequired\":true,\"valueName\":\"search_term_string\"}}],\"inLanguage\":\"en-US\"},{\"@type\":\"Organization\",\"@id\":\"https:\/\/www.smedemokrati.sk\/#organization\",\"name\":\"Smedemokrati.sk\",\"url\":\"https:\/\/www.smedemokrati.sk\/\",\"logo\":{\"@type\":\"ImageObject\",\"inLanguage\":\"en-US\",\"@id\":\"https:\/\/www.smedemokrati.sk\/#\/schema\/logo\/image\/\",\"url\":\"https:\/\/www.smedemokrati.sk\/wp-content\/uploads\/2023\/04\/ff.002.jpeg\",\"contentUrl\":\"https:\/\/www.smedemokrati.sk\/wp-content\/uploads\/2023\/04\/ff.002.jpeg\",\"width\":640,\"height\":480,\"caption\":\"Smedemokrati.sk\"},\"image\":{\"@id\":\"https:\/\/www.smedemokrati.sk\/#\/schema\/logo\/image\/\"},\"sameAs\":[\"https:\/\/www.facebook.com\/smedemokrati2023\"]},{\"@type\":\"Person\",\"@id\":\"https:\/\/www.smedemokrati.sk\/#\/schema\/person\/21f147c88d605aa7ded900e1e7c344ba\",\"name\":\"miro.sopko\",\"image\":{\"@type\":\"ImageObject\",\"inLanguage\":\"en-US\",\"@id\":\"https:\/\/secure.gravatar.com\/avatar\/267e4a36f704376c109afe3a78740c1f5dd8675a2180a908699e7863c9247606?s=96&d=mm&r=g\",\"url\":\"https:\/\/secure.gravatar.com\/avatar\/267e4a36f704376c109afe3a78740c1f5dd8675a2180a908699e7863c9247606?s=96&d=mm&r=g\",\"contentUrl\":\"https:\/\/secure.gravatar.com\/avatar\/267e4a36f704376c109afe3a78740c1f5dd8675a2180a908699e7863c9247606?s=96&d=mm&r=g\",\"caption\":\"miro.sopko\"},\"url\":\"https:\/\/www.smedemokrati.sk\/en\/author\/miro-sopko\/\"}]}<\/script>\n<!-- \/ Yoast SEO plugin. -->","yoast_head_json":{"title":"Obvinenie Mate\u010dnej je v\u00fdsledkom podnetov Z. \u0160ubovej a Demokratov, Tak\u00e1\u010d klame a zastra\u0161uje","robots":{"index":"index","follow":"follow","max-snippet":"max-snippet:-1","max-image-preview":"max-image-preview:large","max-video-preview":"max-video-preview:-1"},"canonical":"https:\/\/www.smedemokrati.sk\/en\/obvinenie-matecnej-je-vysledkom-podnetov-z-subovej-a-demokratov-takac-klame-a-zastrasuje\/","og_locale":"en_US","og_type":"article","og_title":"[:sk]Obvinenie Mate\u010dnej je v\u00fdsledkom podnetov Z. \u0160ubovej a Demokratov, Tak\u00e1\u010d klame a zastra\u0161uje[:] - Smedemokrati.sk","og_description":"Obvinenie exministerky Gabriely Mate\u010dnej vzniklo na z\u00e1klade konkr\u00e9tnych podnetov, ktor\u00e9 podala Zuzana \u0160ubov\u00e1 v spolupr\u00e1ci so stranou Demokrati. Tvrdenia ministra Richarda Tak\u00e1\u010da o tom, \u017ee m\u00e1 \u00eds\u0165 o zakr\u00fdvanie policajn\u00e9ho z\u00e1sahu u \u0161\u00e9fky Pir\u00e1tov \u0160ubovej, s\u00fa nepravdiv\u00e9 a \u00fa\u010delov\u00e9. \u201ePodnety k zmluv\u00e1m a konaniu pani Mate\u010dnej v s\u00favislosti so Slovensk\u00fdm pozemk\u00fdm fondom som riadne odovzdala [&hellip;]","og_url":"https:\/\/www.smedemokrati.sk\/en\/obvinenie-matecnej-je-vysledkom-podnetov-z-subovej-a-demokratov-takac-klame-a-zastrasuje\/","og_site_name":"Smedemokrati.sk","article_publisher":"https:\/\/www.facebook.com\/smedemokrati2023","article_published_time":"2026-01-21T15:59:51+00:00","article_modified_time":"2026-01-21T16:00:22+00:00","og_image":[{"width":1280,"height":720,"url":"https:\/\/www.smedemokrati.sk\/wp-content\/uploads\/2026\/01\/matecna-zmatok.jpg","type":"image\/jpeg"}],"author":"miro.sopko","twitter_card":"summary_large_image","twitter_misc":{"Written by":"miro.sopko","Est. reading time":"2 minutes"},"schema":{"@context":"https:\/\/schema.org","@graph":[{"@type":"Article","@id":"https:\/\/www.smedemokrati.sk\/obvinenie-matecnej-je-vysledkom-podnetov-z-subovej-a-demokratov-takac-klame-a-zastrasuje\/#article","isPartOf":{"@id":"https:\/\/www.smedemokrati.sk\/obvinenie-matecnej-je-vysledkom-podnetov-z-subovej-a-demokratov-takac-klame-a-zastrasuje\/"},"author":{"name":"miro.sopko","@id":"https:\/\/www.smedemokrati.sk\/#\/schema\/person\/21f147c88d605aa7ded900e1e7c344ba"},"headline":"Obvinenie Mate\u010dnej je v\u00fdsledkom podnetov Z. \u0160ubovej a Demokratov, Tak\u00e1\u010d klame a zastra\u0161uje","datePublished":"2026-01-21T15:59:51+00:00","dateModified":"2026-01-21T16:00:22+00:00","mainEntityOfPage":{"@id":"https:\/\/www.smedemokrati.sk\/obvinenie-matecnej-je-vysledkom-podnetov-z-subovej-a-demokratov-takac-klame-a-zastrasuje\/"},"wordCount":339,"publisher":{"@id":"https:\/\/www.smedemokrati.sk\/#organization"},"image":{"@id":"https:\/\/www.smedemokrati.sk\/obvinenie-matecnej-je-vysledkom-podnetov-z-subovej-a-demokratov-takac-klame-a-zastrasuje\/#primaryimage"},"thumbnailUrl":"https:\/\/www.smedemokrati.sk\/wp-content\/uploads\/2026\/01\/matecna-zmatok.jpg","articleSection":["Tla\u010dov\u00e9 spr\u00e1vy"],"inLanguage":"en-US"},{"@type":"WebPage","@id":"https:\/\/www.smedemokrati.sk\/obvinenie-matecnej-je-vysledkom-podnetov-z-subovej-a-demokratov-takac-klame-a-zastrasuje\/","url":"https:\/\/www.smedemokrati.sk\/obvinenie-matecnej-je-vysledkom-podnetov-z-subovej-a-demokratov-takac-klame-a-zastrasuje\/","name":"Obvinenie Mate\u010dnej je v\u00fdsledkom podnetov Z. \u0160ubovej a Demokratov, Tak\u00e1\u010d klame a zastra\u0161uje","isPartOf":{"@id":"https:\/\/www.smedemokrati.sk\/#website"},"primaryImageOfPage":{"@id":"https:\/\/www.smedemokrati.sk\/obvinenie-matecnej-je-vysledkom-podnetov-z-subovej-a-demokratov-takac-klame-a-zastrasuje\/#primaryimage"},"image":{"@id":"https:\/\/www.smedemokrati.sk\/obvinenie-matecnej-je-vysledkom-podnetov-z-subovej-a-demokratov-takac-klame-a-zastrasuje\/#primaryimage"},"thumbnailUrl":"https:\/\/www.smedemokrati.sk\/wp-content\/uploads\/2026\/01\/matecna-zmatok.jpg","datePublished":"2026-01-21T15:59:51+00:00","dateModified":"2026-01-21T16:00:22+00:00","breadcrumb":{"@id":"https:\/\/www.smedemokrati.sk\/obvinenie-matecnej-je-vysledkom-podnetov-z-subovej-a-demokratov-takac-klame-a-zastrasuje\/#breadcrumb"},"inLanguage":"en-US","potentialAction":[{"@type":"ReadAction","target":["https:\/\/www.smedemokrati.sk\/obvinenie-matecnej-je-vysledkom-podnetov-z-subovej-a-demokratov-takac-klame-a-zastrasuje\/"]}]},{"@type":"ImageObject","inLanguage":"en-US","@id":"https:\/\/www.smedemokrati.sk\/obvinenie-matecnej-je-vysledkom-podnetov-z-subovej-a-demokratov-takac-klame-a-zastrasuje\/#primaryimage","url":"https:\/\/www.smedemokrati.sk\/wp-content\/uploads\/2026\/01\/matecna-zmatok.jpg","contentUrl":"https:\/\/www.smedemokrati.sk\/wp-content\/uploads\/2026\/01\/matecna-zmatok.jpg","width":1280,"height":720},{"@type":"BreadcrumbList","@id":"https:\/\/www.smedemokrati.sk\/obvinenie-matecnej-je-vysledkom-podnetov-z-subovej-a-demokratov-takac-klame-a-zastrasuje\/#breadcrumb","itemListElement":[{"@type":"ListItem","position":1,"name":"Domovsk\u00e1 str\u00e1nka","item":"https:\/\/www.smedemokrati.sk\/"},{"@type":"ListItem","position":2,"name":"Obvinenie Mate\u010dnej je v\u00fdsledkom podnetov Z. \u0160ubovej a Demokratov, Tak\u00e1\u010d klame a zastra\u0161uje"}]},{"@type":"WebSite","@id":"https:\/\/www.smedemokrati.sk\/#website","url":"https:\/\/www.smedemokrati.sk\/","name":"Smedemokrati.sk","description":"Demokracia a slu\u0161nos\u0165 zv\u00ed\u0165az\u00ed","publisher":{"@id":"https:\/\/www.smedemokrati.sk\/#organization"},"potentialAction":[{"@type":"SearchAction","target":{"@type":"EntryPoint","urlTemplate":"https:\/\/www.smedemokrati.sk\/?s={search_term_string}"},"query-input":{"@type":"PropertyValueSpecification","valueRequired":true,"valueName":"search_term_string"}}],"inLanguage":"en-US"},{"@type":"Organization","@id":"https:\/\/www.smedemokrati.sk\/#organization","name":"Smedemokrati.sk","url":"https:\/\/www.smedemokrati.sk\/","logo":{"@type":"ImageObject","inLanguage":"en-US","@id":"https:\/\/www.smedemokrati.sk\/#\/schema\/logo\/image\/","url":"https:\/\/www.smedemokrati.sk\/wp-content\/uploads\/2023\/04\/ff.002.jpeg","contentUrl":"https:\/\/www.smedemokrati.sk\/wp-content\/uploads\/2023\/04\/ff.002.jpeg","width":640,"height":480,"caption":"Smedemokrati.sk"},"image":{"@id":"https:\/\/www.smedemokrati.sk\/#\/schema\/logo\/image\/"},"sameAs":["https:\/\/www.facebook.com\/smedemokrati2023"]},{"@type":"Person","@id":"https:\/\/www.smedemokrati.sk\/#\/schema\/person\/21f147c88d605aa7ded900e1e7c344ba","name":"miro.sopko","image":{"@type":"ImageObject","inLanguage":"en-US","@id":"https:\/\/secure.gravatar.com\/avatar\/267e4a36f704376c109afe3a78740c1f5dd8675a2180a908699e7863c9247606?s=96&d=mm&r=g","url":"https:\/\/secure.gravatar.com\/avatar\/267e4a36f704376c109afe3a78740c1f5dd8675a2180a908699e7863c9247606?s=96&d=mm&r=g","contentUrl":"https:\/\/secure.gravatar.com\/avatar\/267e4a36f704376c109afe3a78740c1f5dd8675a2180a908699e7863c9247606?s=96&d=mm&r=g","caption":"miro.sopko"},"url":"https:\/\/www.smedemokrati.sk\/en\/author\/miro-sopko\/"}]}},"_links":{"self":[{"href":"https:\/\/www.smedemokrati.sk\/en\/wp-json\/wp\/v2\/posts\/8748","targetHints":{"allow":["GET"]}}],"collection":[{"href":"https:\/\/www.smedemokrati.sk\/en\/wp-json\/wp\/v2\/posts"}],"about":[{"href":"https:\/\/www.smedemokrati.sk\/en\/wp-json\/wp\/v2\/types\/post"}],"author":[{"embeddable":true,"href":"https:\/\/www.smedemokrati.sk\/en\/wp-json\/wp\/v2\/users\/13"}],"replies":[{"embeddable":true,"href":"https:\/\/www.smedemokrati.sk\/en\/wp-json\/wp\/v2\/comments?post=8748"}],"version-history":[{"count":1,"href":"https:\/\/www.smedemokrati.sk\/en\/wp-json\/wp\/v2\/posts\/8748\/revisions"}],"predecessor-version":[{"id":8749,"href":"https:\/\/www.smedemokrati.sk\/en\/wp-json\/wp\/v2\/posts\/8748\/revisions\/8749"}],"wp:featuredmedia":[{"embeddable":true,"href":"https:\/\/www.smedemokrati.sk\/en\/wp-json\/wp\/v2\/media\/8750"}],"wp:attachment":[{"href":"https:\/\/www.smedemokrati.sk\/en\/wp-json\/wp\/v2\/media?parent=8748"}],"wp:term":[{"taxonomy":"category","embeddable":true,"href":"https:\/\/www.smedemokrati.sk\/en\/wp-json\/wp\/v2\/categories?post=8748"},{"taxonomy":"post_tag","embeddable":true,"href":"https:\/\/www.smedemokrati.sk\/en\/wp-json\/wp\/v2\/tags?post=8748"}],"curies":[{"name":"wp","href":"https:\/\/api.w.org\/{rel}","templated":true}]}}