{"id":8595,"date":"2025-12-08T18:23:00","date_gmt":"2025-12-08T17:23:00","guid":{"rendered":"https:\/\/www.smedemokrati.sk\/?p=8595"},"modified":"2025-12-08T18:23:02","modified_gmt":"2025-12-08T17:23:02","slug":"prezidentovi-sa-rozpada-krajina-ale-aspon-svetielka-na-stromceku-mu-pekne-svietia","status":"publish","type":"post","link":"https:\/\/www.smedemokrati.sk\/en\/prezidentovi-sa-rozpada-krajina-ale-aspon-svetielka-na-stromceku-mu-pekne-svietia\/","title":{"rendered":"Prezidentovi sa rozpad\u00e1 krajina, ale aspo\u0148 svetielka na strom\u010deku mu pekne svietia"},"content":{"rendered":"<div id=\"fb-root\"><\/div>\n\n<p><strong>Odvola\u0165 \u0161\u00e9fa SIS, zvola\u0165 okr\u00fahly st\u00f4l k bezpe\u010dnostn\u00fdm ot\u00e1zkam a odmietnu\u0165 prokorup\u010dn\u00fd z\u00e1kon o zru\u0161en\u00ed \u00daradu na ochranu oznamovate\u013eov protispolo\u010denskej \u010dinnosti. To s\u00fa tri jasn\u00e9 v\u00fdzvy, ktor\u00e9 Demokrati spolu s poslancom \u013dubom\u00edrom Galkom adresuj\u00fa prezidentovi SR Petrovi Pellegrinimu. \u017diadaj\u00fa ho, aby sa namiesto \u201eviano\u010dn\u00fdch svetielok\u201c za\u010dal venova\u0165 probl\u00e9mom, ktor\u00e9 ohrozuj\u00fa Slovensko.<\/strong><\/p>\n\n\n\n<p><em>\u201eBolo s\u00edce pekn\u00e9 po\u010d\u00fava\u0165, ako Pellegrini s\u013euboval, \u017ee bude prezidentom v\u0161etk\u00fdch \u013eud\u00ed, ale dva roky nerob\u00ed ni\u010d in\u00e9, len sekunduje Ficovi pri de\u0161trukcii Slovenska. Na stole s\u00fa re\u00e1lne v\u00fdpovede \u013eud\u00ed zvn\u00fatra SIS, \u017ee je zneu\u017e\u00edvan\u00e1 vl\u00e1dnou mocou na monitorovanie opoz\u00edcie, najm\u00e4 Demokratov a Progres\u00edvneho Slovenska. Pod\u013ea mojich inform\u00e1ci\u00ed aktu\u00e1lne vyr\u00e1baj\u00fa kauzy na mimovl\u00e1dnu organiz\u00e1ciu Globsec, na ktorej konferenci\u00e1ch vystupovali aj Fico, aj Kali\u0148\u00e1k a nieko\u013ekokr\u00e1t aj samotn\u00fd Pellegrini,\u201c<\/em>&nbsp;uviedol predseda Demokratov Jaroslav Na\u010f. Z\u00e1rove\u0148 vyz\u00fdva prezidenta, aby v s\u00favislosti s t\u00fdmito, ale aj predch\u00e1dzaj\u00facimi zisteniami vyvodil zodpovednos\u0165 vo\u010di riadite\u013eovi SIS Pavlovi Ga\u0161parovi.<\/p>\n\n\n\n<p>Na\u010f dod\u00e1va, \u017ee v kontexte novej bezpe\u010dnostnej strat\u00e9gie USA by bolo mimoriadne na mieste, aby prezident zvolal okr\u00fahly st\u00f4l najrelevantnej\u0161\u00edch bezpe\u010dnostn\u00fdch in\u0161tit\u00faci\u00ed. Tie by mali zauja\u0165 jasn\u00e9 stanovisko k dokumentom administrat\u00edvy Donalda Trumpa.<\/p>\n\n\n\n<p><em>\u201ePo\u010dujete to ohlu\u0161uj\u00face ticho? Kde s\u00fa dnes \u010deln\u00ed predstavitelia, ktor\u00ed by ob\u010danom vysvetlili, ak\u00e9 s\u00fa poz\u00edcie Slovenskej republiky?\u201c&nbsp;<\/em>p\u00fdta sa Na\u010f.<\/p>\n\n\n\n<p>Podpredseda Demokratov Juraj \u0160eliga apeluje na prezidenta, aby nepodp\u00edsal z\u00e1kon z dielne Hlasu, ktor\u00fd ozna\u010duje za \u201epr\u00e1vny a mor\u00e1lny pa\u0161kvil\u201c.<\/p>\n\n\n\n<p><em>\u201eAk poslanci N\u00e1rodnej rady a n\u00e1sledne Peter Pellegrini schv\u00e1lia a podp\u00ed\u0161u tento prokorup\u010dn\u00fd z\u00e1kon, ktor\u00fdm si chce minister Mat\u00fa\u0161 \u0160utaj E\u0161tok iba zalepi\u0165 svoje ubolen\u00e9 ego, musia po\u010d\u00edta\u0165 s primeranou odozvou verejnosti. \u00darad na ochranu oznamovate\u013eov tu m\u00e1 svoje nezastupite\u013en\u00e9 miesto. Ak by sa tento hlas\u00e1cky pa\u0161kvil stal realitou, ohrozili by sme financie z Pl\u00e1nu obnovy, posledn\u00e9 zvy\u0161ky na\u0161ej reput\u00e1cie aj z\u00e1kladn\u00fd \u0161t\u00e1tny z\u00e1ujem, a to chr\u00e1ni\u0165 verejn\u00e9 prostriedky,\u201c<\/em>&nbsp;uzatv\u00e1ra \u0160eliga.<\/p>\n\n\n<div id=\"fb-root\"><\/div><script async defer crossorigin=\"anonymous\" src=\"https:\/\/connect.facebook.net\/sk_SK\/sdk.js#xfbml=1&version=v18.0\"><\/script><div class=\"fb-video\" data-href=\"https:\/\/fb.watch\/DSIVQTciJ4\" data-width=\"560\" data-show-text=\"false\"><blockquote cite=\"https:\/\/fb.watch\/DSIVQTciJ4\" class=\"fb-xfbml-parse-ignore\"><a href=\"https:\/\/fb.watch\/DSIVQTciJ4\">Video<\/a><\/blockquote><\/div>\n","protected":false},"excerpt":{"rendered":"<p>Odvola\u0165 \u0161\u00e9fa SIS, zvola\u0165 okr\u00fahly st\u00f4l k bezpe\u010dnostn\u00fdm ot\u00e1zkam a odmietnu\u0165 prokorup\u010dn\u00fd z\u00e1kon o zru\u0161en\u00ed \u00daradu na ochranu oznamovate\u013eov protispolo\u010denskej \u010dinnosti. To s\u00fa tri jasn\u00e9 v\u00fdzvy, ktor\u00e9 Demokrati spolu s poslancom \u013dubom\u00edrom Galkom adresuj\u00fa prezidentovi SR Petrovi Pellegrinimu. \u017diadaj\u00fa ho, aby sa namiesto \u201eviano\u010dn\u00fdch svetielok\u201c za\u010dal venova\u0165 probl\u00e9mom, ktor\u00e9 ohrozuj\u00fa Slovensko. \u201eBolo s\u00edce pekn\u00e9 po\u010d\u00fava\u0165, [&hellip;]<\/p>\n","protected":false},"author":13,"featured_media":8596,"comment_status":"closed","ping_status":"closed","sticky":false,"template":"","format":"standard","meta":{"_acf_changed":false,"ngg_post_thumbnail":0,"footnotes":""},"categories":[4],"tags":[],"class_list":["post-8595","post","type-post","status-publish","format-standard","has-post-thumbnail","hentry","category-tlacove-spravy"],"acf":[],"yoast_head":"<!-- This site is optimized with the Yoast SEO plugin v27.2 - https:\/\/yoast.com\/product\/yoast-seo-wordpress\/ -->\n<title>Prezidentovi sa rozpad\u00e1 krajina, ale aspo\u0148 svetielka na strom\u010deku mu pekne svietia<\/title>\n<meta name=\"robots\" content=\"index, follow, max-snippet:-1, max-image-preview:large, max-video-preview:-1\" \/>\n<link rel=\"canonical\" href=\"https:\/\/www.smedemokrati.sk\/en\/prezidentovi-sa-rozpada-krajina-ale-aspon-svetielka-na-stromceku-mu-pekne-svietia\/\" \/>\n<meta property=\"og:locale\" content=\"en_US\" \/>\n<meta property=\"og:locale:alternate\" content=\"cs_CZ\" \/>\n<meta property=\"og:locale:alternate\" content=\"hu_HU\" \/>\n<meta property=\"og:locale:alternate\" content=\"sk_SK\" \/>\n<meta property=\"og:locale:alternate\" content=\"sv_SE\" \/>\n<meta property=\"og:type\" content=\"article\" \/>\n<meta property=\"og:title\" content=\"Prezidentovi sa rozpad\u00e1 krajina, ale aspo\u0148 svetielka na strom\u010deku mu pekne svietia\" \/>\n<meta property=\"og:description\" content=\"Odvola\u0165 \u0161\u00e9fa SIS, zvola\u0165 okr\u00fahly st\u00f4l k bezpe\u010dnostn\u00fdm ot\u00e1zkam a odmietnu\u0165 prokorup\u010dn\u00fd z\u00e1kon o zru\u0161en\u00ed \u00daradu na ochranu oznamovate\u013eov protispolo\u010denskej \u010dinnosti. To s\u00fa tri jasn\u00e9 v\u00fdzvy, ktor\u00e9 Demokrati spolu s poslancom \u013dubom\u00edrom Galkom adresuj\u00fa prezidentovi SR Petrovi Pellegrinimu. \u017diadaj\u00fa ho, aby sa namiesto \u201eviano\u010dn\u00fdch svetielok\u201c za\u010dal venova\u0165 probl\u00e9mom, ktor\u00e9 ohrozuj\u00fa Slovensko. \u201eBolo s\u00edce pekn\u00e9 po\u010d\u00fava\u0165, [&hellip;]\" \/>\n<meta property=\"og:url\" content=\"https:\/\/www.smedemokrati.sk\/en\/prezidentovi-sa-rozpada-krajina-ale-aspon-svetielka-na-stromceku-mu-pekne-svietia\/\" \/>\n<meta property=\"og:site_name\" content=\"Smedemokrati.sk\" \/>\n<meta property=\"article:publisher\" content=\"https:\/\/www.facebook.com\/smedemokrati2023\" \/>\n<meta property=\"article:published_time\" content=\"2025-12-08T17:23:00+00:00\" \/>\n<meta property=\"article:modified_time\" content=\"2025-12-08T17:23:02+00:00\" \/>\n<meta property=\"og:image\" content=\"https:\/\/www.smedemokrati.sk\/wp-content\/uploads\/2025\/12\/595875230_705796002248914_2337787486021774602_n.jpg\" \/>\n\t<meta property=\"og:image:width\" content=\"1920\" \/>\n\t<meta property=\"og:image:height\" content=\"1080\" \/>\n\t<meta property=\"og:image:type\" content=\"image\/jpeg\" \/>\n<meta name=\"author\" content=\"miro.sopko\" \/>\n<meta name=\"twitter:card\" content=\"summary_large_image\" \/>\n<meta name=\"twitter:label1\" content=\"Written by\" \/>\n\t<meta name=\"twitter:data1\" content=\"miro.sopko\" \/>\n\t<meta name=\"twitter:label2\" content=\"Est. reading time\" \/>\n\t<meta name=\"twitter:data2\" content=\"2 minutes\" \/>\n<script type=\"application\/ld+json\" class=\"yoast-schema-graph\">{\"@context\":\"https:\/\/schema.org\",\"@graph\":[{\"@type\":\"Article\",\"@id\":\"https:\/\/www.smedemokrati.sk\/prezidentovi-sa-rozpada-krajina-ale-aspon-svetielka-na-stromceku-mu-pekne-svietia\/#article\",\"isPartOf\":{\"@id\":\"https:\/\/www.smedemokrati.sk\/prezidentovi-sa-rozpada-krajina-ale-aspon-svetielka-na-stromceku-mu-pekne-svietia\/\"},\"author\":{\"name\":\"miro.sopko\",\"@id\":\"https:\/\/www.smedemokrati.sk\/#\/schema\/person\/21f147c88d605aa7ded900e1e7c344ba\"},\"headline\":\"Prezidentovi sa rozpad\u00e1 krajina, ale aspo\u0148 svetielka na strom\u010deku mu pekne svietia\",\"datePublished\":\"2025-12-08T17:23:00+00:00\",\"dateModified\":\"2025-12-08T17:23:02+00:00\",\"mainEntityOfPage\":{\"@id\":\"https:\/\/www.smedemokrati.sk\/prezidentovi-sa-rozpada-krajina-ale-aspon-svetielka-na-stromceku-mu-pekne-svietia\/\"},\"wordCount\":405,\"publisher\":{\"@id\":\"https:\/\/www.smedemokrati.sk\/#organization\"},\"image\":{\"@id\":\"https:\/\/www.smedemokrati.sk\/prezidentovi-sa-rozpada-krajina-ale-aspon-svetielka-na-stromceku-mu-pekne-svietia\/#primaryimage\"},\"thumbnailUrl\":\"https:\/\/www.smedemokrati.sk\/wp-content\/uploads\/2025\/12\/595875230_705796002248914_2337787486021774602_n.jpg\",\"articleSection\":[\"Tla\u010dov\u00e9 spr\u00e1vy\"],\"inLanguage\":\"en-US\"},{\"@type\":\"WebPage\",\"@id\":\"https:\/\/www.smedemokrati.sk\/prezidentovi-sa-rozpada-krajina-ale-aspon-svetielka-na-stromceku-mu-pekne-svietia\/\",\"url\":\"https:\/\/www.smedemokrati.sk\/prezidentovi-sa-rozpada-krajina-ale-aspon-svetielka-na-stromceku-mu-pekne-svietia\/\",\"name\":\"Prezidentovi sa rozpad\u00e1 krajina, ale aspo\u0148 svetielka na strom\u010deku mu pekne svietia\",\"isPartOf\":{\"@id\":\"https:\/\/www.smedemokrati.sk\/#website\"},\"primaryImageOfPage\":{\"@id\":\"https:\/\/www.smedemokrati.sk\/prezidentovi-sa-rozpada-krajina-ale-aspon-svetielka-na-stromceku-mu-pekne-svietia\/#primaryimage\"},\"image\":{\"@id\":\"https:\/\/www.smedemokrati.sk\/prezidentovi-sa-rozpada-krajina-ale-aspon-svetielka-na-stromceku-mu-pekne-svietia\/#primaryimage\"},\"thumbnailUrl\":\"https:\/\/www.smedemokrati.sk\/wp-content\/uploads\/2025\/12\/595875230_705796002248914_2337787486021774602_n.jpg\",\"datePublished\":\"2025-12-08T17:23:00+00:00\",\"dateModified\":\"2025-12-08T17:23:02+00:00\",\"breadcrumb\":{\"@id\":\"https:\/\/www.smedemokrati.sk\/prezidentovi-sa-rozpada-krajina-ale-aspon-svetielka-na-stromceku-mu-pekne-svietia\/#breadcrumb\"},\"inLanguage\":\"en-US\",\"potentialAction\":[{\"@type\":\"ReadAction\",\"target\":[\"https:\/\/www.smedemokrati.sk\/prezidentovi-sa-rozpada-krajina-ale-aspon-svetielka-na-stromceku-mu-pekne-svietia\/\"]}]},{\"@type\":\"ImageObject\",\"inLanguage\":\"en-US\",\"@id\":\"https:\/\/www.smedemokrati.sk\/prezidentovi-sa-rozpada-krajina-ale-aspon-svetielka-na-stromceku-mu-pekne-svietia\/#primaryimage\",\"url\":\"https:\/\/www.smedemokrati.sk\/wp-content\/uploads\/2025\/12\/595875230_705796002248914_2337787486021774602_n.jpg\",\"contentUrl\":\"https:\/\/www.smedemokrati.sk\/wp-content\/uploads\/2025\/12\/595875230_705796002248914_2337787486021774602_n.jpg\",\"width\":1920,\"height\":1080},{\"@type\":\"BreadcrumbList\",\"@id\":\"https:\/\/www.smedemokrati.sk\/prezidentovi-sa-rozpada-krajina-ale-aspon-svetielka-na-stromceku-mu-pekne-svietia\/#breadcrumb\",\"itemListElement\":[{\"@type\":\"ListItem\",\"position\":1,\"name\":\"Domovsk\u00e1 str\u00e1nka\",\"item\":\"https:\/\/www.smedemokrati.sk\/\"},{\"@type\":\"ListItem\",\"position\":2,\"name\":\"Prezidentovi sa rozpad\u00e1 krajina, ale aspo\u0148 svetielka na strom\u010deku mu pekne svietia\"}]},{\"@type\":\"WebSite\",\"@id\":\"https:\/\/www.smedemokrati.sk\/#website\",\"url\":\"https:\/\/www.smedemokrati.sk\/\",\"name\":\"Smedemokrati.sk\",\"description\":\"Demokracia a slu\u0161nos\u0165 zv\u00ed\u0165az\u00ed\",\"publisher\":{\"@id\":\"https:\/\/www.smedemokrati.sk\/#organization\"},\"potentialAction\":[{\"@type\":\"SearchAction\",\"target\":{\"@type\":\"EntryPoint\",\"urlTemplate\":\"https:\/\/www.smedemokrati.sk\/?s={search_term_string}\"},\"query-input\":{\"@type\":\"PropertyValueSpecification\",\"valueRequired\":true,\"valueName\":\"search_term_string\"}}],\"inLanguage\":\"en-US\"},{\"@type\":\"Organization\",\"@id\":\"https:\/\/www.smedemokrati.sk\/#organization\",\"name\":\"Smedemokrati.sk\",\"url\":\"https:\/\/www.smedemokrati.sk\/\",\"logo\":{\"@type\":\"ImageObject\",\"inLanguage\":\"en-US\",\"@id\":\"https:\/\/www.smedemokrati.sk\/#\/schema\/logo\/image\/\",\"url\":\"https:\/\/www.smedemokrati.sk\/wp-content\/uploads\/2023\/04\/ff.002.jpeg\",\"contentUrl\":\"https:\/\/www.smedemokrati.sk\/wp-content\/uploads\/2023\/04\/ff.002.jpeg\",\"width\":640,\"height\":480,\"caption\":\"Smedemokrati.sk\"},\"image\":{\"@id\":\"https:\/\/www.smedemokrati.sk\/#\/schema\/logo\/image\/\"},\"sameAs\":[\"https:\/\/www.facebook.com\/smedemokrati2023\"]},{\"@type\":\"Person\",\"@id\":\"https:\/\/www.smedemokrati.sk\/#\/schema\/person\/21f147c88d605aa7ded900e1e7c344ba\",\"name\":\"miro.sopko\",\"image\":{\"@type\":\"ImageObject\",\"inLanguage\":\"en-US\",\"@id\":\"https:\/\/secure.gravatar.com\/avatar\/267e4a36f704376c109afe3a78740c1f5dd8675a2180a908699e7863c9247606?s=96&d=mm&r=g\",\"url\":\"https:\/\/secure.gravatar.com\/avatar\/267e4a36f704376c109afe3a78740c1f5dd8675a2180a908699e7863c9247606?s=96&d=mm&r=g\",\"contentUrl\":\"https:\/\/secure.gravatar.com\/avatar\/267e4a36f704376c109afe3a78740c1f5dd8675a2180a908699e7863c9247606?s=96&d=mm&r=g\",\"caption\":\"miro.sopko\"},\"url\":\"https:\/\/www.smedemokrati.sk\/en\/author\/miro-sopko\/\"}]}<\/script>\n<!-- \/ Yoast SEO plugin. -->","yoast_head_json":{"title":"Prezidentovi sa rozpad\u00e1 krajina, ale aspo\u0148 svetielka na strom\u010deku mu pekne svietia","robots":{"index":"index","follow":"follow","max-snippet":"max-snippet:-1","max-image-preview":"max-image-preview:large","max-video-preview":"max-video-preview:-1"},"canonical":"https:\/\/www.smedemokrati.sk\/en\/prezidentovi-sa-rozpada-krajina-ale-aspon-svetielka-na-stromceku-mu-pekne-svietia\/","og_locale":"en_US","og_type":"article","og_title":"[:sk]Prezidentovi sa rozpad\u00e1 krajina, ale aspo\u0148 svetielka na strom\u010deku mu pekne svietia[:] - Smedemokrati.sk","og_description":"Odvola\u0165 \u0161\u00e9fa SIS, zvola\u0165 okr\u00fahly st\u00f4l k bezpe\u010dnostn\u00fdm ot\u00e1zkam a odmietnu\u0165 prokorup\u010dn\u00fd z\u00e1kon o zru\u0161en\u00ed \u00daradu na ochranu oznamovate\u013eov protispolo\u010denskej \u010dinnosti. To s\u00fa tri jasn\u00e9 v\u00fdzvy, ktor\u00e9 Demokrati spolu s poslancom \u013dubom\u00edrom Galkom adresuj\u00fa prezidentovi SR Petrovi Pellegrinimu. \u017diadaj\u00fa ho, aby sa namiesto \u201eviano\u010dn\u00fdch svetielok\u201c za\u010dal venova\u0165 probl\u00e9mom, ktor\u00e9 ohrozuj\u00fa Slovensko. \u201eBolo s\u00edce pekn\u00e9 po\u010d\u00fava\u0165, [&hellip;]","og_url":"https:\/\/www.smedemokrati.sk\/en\/prezidentovi-sa-rozpada-krajina-ale-aspon-svetielka-na-stromceku-mu-pekne-svietia\/","og_site_name":"Smedemokrati.sk","article_publisher":"https:\/\/www.facebook.com\/smedemokrati2023","article_published_time":"2025-12-08T17:23:00+00:00","article_modified_time":"2025-12-08T17:23:02+00:00","og_image":[{"width":1920,"height":1080,"url":"https:\/\/www.smedemokrati.sk\/wp-content\/uploads\/2025\/12\/595875230_705796002248914_2337787486021774602_n.jpg","type":"image\/jpeg"}],"author":"miro.sopko","twitter_card":"summary_large_image","twitter_misc":{"Written by":"miro.sopko","Est. reading time":"2 minutes"},"schema":{"@context":"https:\/\/schema.org","@graph":[{"@type":"Article","@id":"https:\/\/www.smedemokrati.sk\/prezidentovi-sa-rozpada-krajina-ale-aspon-svetielka-na-stromceku-mu-pekne-svietia\/#article","isPartOf":{"@id":"https:\/\/www.smedemokrati.sk\/prezidentovi-sa-rozpada-krajina-ale-aspon-svetielka-na-stromceku-mu-pekne-svietia\/"},"author":{"name":"miro.sopko","@id":"https:\/\/www.smedemokrati.sk\/#\/schema\/person\/21f147c88d605aa7ded900e1e7c344ba"},"headline":"Prezidentovi sa rozpad\u00e1 krajina, ale aspo\u0148 svetielka na strom\u010deku mu pekne svietia","datePublished":"2025-12-08T17:23:00+00:00","dateModified":"2025-12-08T17:23:02+00:00","mainEntityOfPage":{"@id":"https:\/\/www.smedemokrati.sk\/prezidentovi-sa-rozpada-krajina-ale-aspon-svetielka-na-stromceku-mu-pekne-svietia\/"},"wordCount":405,"publisher":{"@id":"https:\/\/www.smedemokrati.sk\/#organization"},"image":{"@id":"https:\/\/www.smedemokrati.sk\/prezidentovi-sa-rozpada-krajina-ale-aspon-svetielka-na-stromceku-mu-pekne-svietia\/#primaryimage"},"thumbnailUrl":"https:\/\/www.smedemokrati.sk\/wp-content\/uploads\/2025\/12\/595875230_705796002248914_2337787486021774602_n.jpg","articleSection":["Tla\u010dov\u00e9 spr\u00e1vy"],"inLanguage":"en-US"},{"@type":"WebPage","@id":"https:\/\/www.smedemokrati.sk\/prezidentovi-sa-rozpada-krajina-ale-aspon-svetielka-na-stromceku-mu-pekne-svietia\/","url":"https:\/\/www.smedemokrati.sk\/prezidentovi-sa-rozpada-krajina-ale-aspon-svetielka-na-stromceku-mu-pekne-svietia\/","name":"Prezidentovi sa rozpad\u00e1 krajina, ale aspo\u0148 svetielka na strom\u010deku mu pekne svietia","isPartOf":{"@id":"https:\/\/www.smedemokrati.sk\/#website"},"primaryImageOfPage":{"@id":"https:\/\/www.smedemokrati.sk\/prezidentovi-sa-rozpada-krajina-ale-aspon-svetielka-na-stromceku-mu-pekne-svietia\/#primaryimage"},"image":{"@id":"https:\/\/www.smedemokrati.sk\/prezidentovi-sa-rozpada-krajina-ale-aspon-svetielka-na-stromceku-mu-pekne-svietia\/#primaryimage"},"thumbnailUrl":"https:\/\/www.smedemokrati.sk\/wp-content\/uploads\/2025\/12\/595875230_705796002248914_2337787486021774602_n.jpg","datePublished":"2025-12-08T17:23:00+00:00","dateModified":"2025-12-08T17:23:02+00:00","breadcrumb":{"@id":"https:\/\/www.smedemokrati.sk\/prezidentovi-sa-rozpada-krajina-ale-aspon-svetielka-na-stromceku-mu-pekne-svietia\/#breadcrumb"},"inLanguage":"en-US","potentialAction":[{"@type":"ReadAction","target":["https:\/\/www.smedemokrati.sk\/prezidentovi-sa-rozpada-krajina-ale-aspon-svetielka-na-stromceku-mu-pekne-svietia\/"]}]},{"@type":"ImageObject","inLanguage":"en-US","@id":"https:\/\/www.smedemokrati.sk\/prezidentovi-sa-rozpada-krajina-ale-aspon-svetielka-na-stromceku-mu-pekne-svietia\/#primaryimage","url":"https:\/\/www.smedemokrati.sk\/wp-content\/uploads\/2025\/12\/595875230_705796002248914_2337787486021774602_n.jpg","contentUrl":"https:\/\/www.smedemokrati.sk\/wp-content\/uploads\/2025\/12\/595875230_705796002248914_2337787486021774602_n.jpg","width":1920,"height":1080},{"@type":"BreadcrumbList","@id":"https:\/\/www.smedemokrati.sk\/prezidentovi-sa-rozpada-krajina-ale-aspon-svetielka-na-stromceku-mu-pekne-svietia\/#breadcrumb","itemListElement":[{"@type":"ListItem","position":1,"name":"Domovsk\u00e1 str\u00e1nka","item":"https:\/\/www.smedemokrati.sk\/"},{"@type":"ListItem","position":2,"name":"Prezidentovi sa rozpad\u00e1 krajina, ale aspo\u0148 svetielka na strom\u010deku mu pekne svietia"}]},{"@type":"WebSite","@id":"https:\/\/www.smedemokrati.sk\/#website","url":"https:\/\/www.smedemokrati.sk\/","name":"Smedemokrati.sk","description":"Demokracia a slu\u0161nos\u0165 zv\u00ed\u0165az\u00ed","publisher":{"@id":"https:\/\/www.smedemokrati.sk\/#organization"},"potentialAction":[{"@type":"SearchAction","target":{"@type":"EntryPoint","urlTemplate":"https:\/\/www.smedemokrati.sk\/?s={search_term_string}"},"query-input":{"@type":"PropertyValueSpecification","valueRequired":true,"valueName":"search_term_string"}}],"inLanguage":"en-US"},{"@type":"Organization","@id":"https:\/\/www.smedemokrati.sk\/#organization","name":"Smedemokrati.sk","url":"https:\/\/www.smedemokrati.sk\/","logo":{"@type":"ImageObject","inLanguage":"en-US","@id":"https:\/\/www.smedemokrati.sk\/#\/schema\/logo\/image\/","url":"https:\/\/www.smedemokrati.sk\/wp-content\/uploads\/2023\/04\/ff.002.jpeg","contentUrl":"https:\/\/www.smedemokrati.sk\/wp-content\/uploads\/2023\/04\/ff.002.jpeg","width":640,"height":480,"caption":"Smedemokrati.sk"},"image":{"@id":"https:\/\/www.smedemokrati.sk\/#\/schema\/logo\/image\/"},"sameAs":["https:\/\/www.facebook.com\/smedemokrati2023"]},{"@type":"Person","@id":"https:\/\/www.smedemokrati.sk\/#\/schema\/person\/21f147c88d605aa7ded900e1e7c344ba","name":"miro.sopko","image":{"@type":"ImageObject","inLanguage":"en-US","@id":"https:\/\/secure.gravatar.com\/avatar\/267e4a36f704376c109afe3a78740c1f5dd8675a2180a908699e7863c9247606?s=96&d=mm&r=g","url":"https:\/\/secure.gravatar.com\/avatar\/267e4a36f704376c109afe3a78740c1f5dd8675a2180a908699e7863c9247606?s=96&d=mm&r=g","contentUrl":"https:\/\/secure.gravatar.com\/avatar\/267e4a36f704376c109afe3a78740c1f5dd8675a2180a908699e7863c9247606?s=96&d=mm&r=g","caption":"miro.sopko"},"url":"https:\/\/www.smedemokrati.sk\/en\/author\/miro-sopko\/"}]}},"_links":{"self":[{"href":"https:\/\/www.smedemokrati.sk\/en\/wp-json\/wp\/v2\/posts\/8595","targetHints":{"allow":["GET"]}}],"collection":[{"href":"https:\/\/www.smedemokrati.sk\/en\/wp-json\/wp\/v2\/posts"}],"about":[{"href":"https:\/\/www.smedemokrati.sk\/en\/wp-json\/wp\/v2\/types\/post"}],"author":[{"embeddable":true,"href":"https:\/\/www.smedemokrati.sk\/en\/wp-json\/wp\/v2\/users\/13"}],"replies":[{"embeddable":true,"href":"https:\/\/www.smedemokrati.sk\/en\/wp-json\/wp\/v2\/comments?post=8595"}],"version-history":[{"count":1,"href":"https:\/\/www.smedemokrati.sk\/en\/wp-json\/wp\/v2\/posts\/8595\/revisions"}],"predecessor-version":[{"id":8597,"href":"https:\/\/www.smedemokrati.sk\/en\/wp-json\/wp\/v2\/posts\/8595\/revisions\/8597"}],"wp:featuredmedia":[{"embeddable":true,"href":"https:\/\/www.smedemokrati.sk\/en\/wp-json\/wp\/v2\/media\/8596"}],"wp:attachment":[{"href":"https:\/\/www.smedemokrati.sk\/en\/wp-json\/wp\/v2\/media?parent=8595"}],"wp:term":[{"taxonomy":"category","embeddable":true,"href":"https:\/\/www.smedemokrati.sk\/en\/wp-json\/wp\/v2\/categories?post=8595"},{"taxonomy":"post_tag","embeddable":true,"href":"https:\/\/www.smedemokrati.sk\/en\/wp-json\/wp\/v2\/tags?post=8595"}],"curies":[{"name":"wp","href":"https:\/\/api.w.org\/{rel}","templated":true}]}}