{"id":8582,"date":"2025-12-06T15:09:26","date_gmt":"2025-12-06T14:09:26","guid":{"rendered":"https:\/\/www.smedemokrati.sk\/?p=8582"},"modified":"2025-12-06T15:14:54","modified_gmt":"2025-12-06T14:14:54","slug":"republikova-rada-demokrati-chcu-byt-sucastou-novej-vlady","status":"publish","type":"post","link":"https:\/\/www.smedemokrati.sk\/en\/republikova-rada-demokrati-chcu-byt-sucastou-novej-vlady\/","title":{"rendered":"Republikov\u00e1 rada: Demokrati chc\u00fa by\u0165 s\u00fa\u010das\u0165ou novej vl\u00e1dy!"},"content":{"rendered":"<div id=\"fb-root\"><\/div>\n\n<p><strong>V Banskej Bystrici sa stretli funkcion\u00e1ri strany Demokrati, a to na druhom zasadnut\u00ed Republikovej rady v tomto roku tak, ako im ukladaj\u00fa stanovy. Rie\u0161ili person\u00e1lne ot\u00e1zky, strat\u00e9giu do komun\u00e1lnych volieb a vz\u0165ahy s opozi\u010dn\u00fdmi partnermi.<\/strong><\/p>\n\n\n\n<p><em>\u201eRastieme po\u010dtom \u010dlenov v regi\u00f3noch, s pokorou sledujeme n\u00e1rast volebn\u00fdch preferenci\u00ed a sme pred ukon\u010den\u00edm zberu podpisov za referendum Sta\u010dilo Fica. N\u00e1\u0161 cie\u013e je do konca roka uzavrie\u0165 zber podpisov, aby sme po novom roku mohli prezidentovi odovzda\u0165 podpisy. Nikdy v hist\u00f3rii sa nestalo, aby sa strana bez \u0161t\u00e1tneho pr\u00edspevku a mimo parlamentu dostala do prvej l\u00ednie. Aby akt\u00edvne otv\u00e1rala t\u00e9my a bola absol\u00fatne relevantnou s\u00fa\u010das\u0165ou politickej s\u00fa\u0165a\u017ee. Za to patr\u00ed v\u010faka v\u0161etk\u00fdm \u010dlenom, sympatizantom a podporovate\u013eom,\u201d<\/em> otvoril zasadnutie Jaroslav Na\u010f, predseda Demokratov.<\/p>\n\n\n\n<p><em>\u201eNa\u0161\u00edm cie\u013eom je by\u0165 pevnou s\u00fa\u010das\u0165ou protivl\u00e1dneho opozi\u010dn\u00e9ho bloku. Slovensko mus\u00ed postavi\u0165 alternat\u00edvu k neschopn\u00e9mu Ficovi, \u0160utaj E\u0161tokovi a Dankovi. Demokrati chc\u00fa by\u0165 s\u00fa\u010das\u0165ou novej vl\u00e1dy, za t\u00fdmto krokom poctivo, pokorne a vytrvalo kr\u00e1\u010dame,&#8221;<\/em> hovor\u00ed Jaroslav Na\u010f. <\/p>\n\n\n\n<p>Podpredseda Juraj \u0160eliga pribli\u017euje pl\u00e1ny a ciele strany na najbli\u017e\u0161ie obdobie: <em>\u201eChceme dozbiera\u0165 podpisy pod pet\u00edciu Sta\u010dilo Fica, \u010falej m\u00e1me rozpracovan\u00e9 t\u00e9my v na\u0161om programe Hlbokej orby &#8211; poctivej obnovy Slovenska. Sme pripraven\u00ed postavi\u0165 kandid\u00e1tov do komun\u00e1lnych a region\u00e1lnych volieb a na\u0161ou amb\u00edciou je obh\u00e1ji\u0165 \u00faspech prim\u00e1tora Pre\u0161ova Franti\u0161ka O\u013ehu a postavi\u0165 aspo\u0148 jedn\u00e9ho kandid\u00e1ta na \u017eupana, rovnako chceme, aby sme v Bratislave postupovali spolo\u010dne s na\u0161imi opozi\u010dn\u00fdmi partnermi. Ver\u00edme, \u017ee spolo\u010dne s partnermi za\u010dneme por\u00e1\u017eku vl\u00e1dnej koal\u00edcie v komun\u00e1lnych vo\u013eb\u00e1ch. To bude prv\u00fd krok a d\u00f4le\u017eit\u00fd sign\u00e1l pred parlamentn\u00fdmi vo\u013ebami.&#8221;<\/em><\/p>\n\n\n\n<p>Peter Markovi\u010d, gener\u00e1lny sekret\u00e1r strany, zhodnotil v\u00fdvoj \u010dlenskej z\u00e1kladne: <em>\u201eV ka\u017edom jednom okrese, a je ich 79, m\u00e1me na\u0161ich \u010dlenov. Dokopy je n\u00e1s u\u017e vy\u0161e tis\u00edc a na stole s\u00fa \u010fal\u0161ie prihl\u00e1\u0161ky. Mlad\u00ed Demokrati &#8211; Gener\u00e1cia D m\u00e1 cez 120 \u010dlenov a toto ur\u010dite nie je kone\u010dn\u00e9 \u010d\u00edslo. Na\u0161\u00edm z\u00e1ujmom je ma\u0165 v ka\u017edom okrese vytvoren\u00fa plno form\u00e1tov\u00fa okresn\u00fa organiz\u00e1ciu. Sme na dobrej ceste a ver\u00edm, \u017ee bud\u00faci rok sa n\u00e1m podar\u00ed aj v tomto naplni\u0165 amb\u00edcie.&#8221;<\/em><\/p>\n\n\n\n<p>Republikov\u00e1 rada poverila \u0161\u00e9fku centr\u00e1lnej kancel\u00e1rie Demokratov Moniku Podhor\u00e1ny Masarikov\u00fa v\u00fdkonom funkcie \u010dlenky predsedn\u00edctva do najbli\u017e\u0161ieho snemu. <\/p>\n\n\n<div id=\"fb-root\"><\/div><script async defer crossorigin=\"anonymous\" src=\"https:\/\/connect.facebook.net\/sk_SK\/sdk.js#xfbml=1&version=v18.0\"><\/script><div class=\"fb-video\" data-href=\"https:\/\/www.facebook.com\/smedemokrati2023\/videos\/2073143473498301\/?mibextid=rS40aB7S9Ucbxw6v\" data-width=\"560\" data-show-text=\"false\"><blockquote cite=\"https:\/\/www.facebook.com\/smedemokrati2023\/videos\/2073143473498301\/?mibextid=rS40aB7S9Ucbxw6v\" class=\"fb-xfbml-parse-ignore\"><a href=\"https:\/\/www.facebook.com\/smedemokrati2023\/videos\/2073143473498301\/?mibextid=rS40aB7S9Ucbxw6v\">Video<\/a><\/blockquote><\/div>\n\n\n\n<p><\/p>\n","protected":false},"excerpt":{"rendered":"<p>V Banskej Bystrici sa stretli funkcion\u00e1ri strany Demokrati, a to na druhom zasadnut\u00ed Republikovej rady v tomto roku tak, ako im ukladaj\u00fa stanovy. Rie\u0161ili person\u00e1lne ot\u00e1zky, strat\u00e9giu do komun\u00e1lnych volieb a vz\u0165ahy s opozi\u010dn\u00fdmi partnermi. \u201eRastieme po\u010dtom \u010dlenov v regi\u00f3noch, s pokorou sledujeme n\u00e1rast volebn\u00fdch preferenci\u00ed a sme pred ukon\u010den\u00edm zberu podpisov za referendum Sta\u010dilo [&hellip;]<\/p>\n","protected":false},"author":13,"featured_media":8583,"comment_status":"closed","ping_status":"closed","sticky":false,"template":"","format":"standard","meta":{"_acf_changed":false,"ngg_post_thumbnail":0,"footnotes":""},"categories":[4],"tags":[],"class_list":["post-8582","post","type-post","status-publish","format-standard","has-post-thumbnail","hentry","category-tlacove-spravy"],"acf":[],"yoast_head":"<!-- This site is optimized with the Yoast SEO plugin v27.2 - https:\/\/yoast.com\/product\/yoast-seo-wordpress\/ -->\n<title>Republikov\u00e1 rada: Demokrati chc\u00fa by\u0165 s\u00fa\u010das\u0165ou novej vl\u00e1dy!<\/title>\n<meta name=\"robots\" content=\"index, follow, max-snippet:-1, max-image-preview:large, max-video-preview:-1\" \/>\n<link rel=\"canonical\" href=\"https:\/\/www.smedemokrati.sk\/en\/republikova-rada-demokrati-chcu-byt-sucastou-novej-vlady\/\" \/>\n<meta property=\"og:locale\" content=\"en_US\" \/>\n<meta property=\"og:locale:alternate\" content=\"cs_CZ\" \/>\n<meta property=\"og:locale:alternate\" content=\"hu_HU\" \/>\n<meta property=\"og:locale:alternate\" content=\"sk_SK\" \/>\n<meta property=\"og:locale:alternate\" content=\"sv_SE\" \/>\n<meta property=\"og:type\" content=\"article\" \/>\n<meta property=\"og:title\" content=\"Republikov\u00e1 rada: Demokrati chc\u00fa by\u0165 s\u00fa\u010das\u0165ou novej vl\u00e1dy!\" \/>\n<meta property=\"og:description\" content=\"V Banskej Bystrici sa stretli funkcion\u00e1ri strany Demokrati, a to na druhom zasadnut\u00ed Republikovej rady v tomto roku tak, ako im ukladaj\u00fa stanovy. Rie\u0161ili person\u00e1lne ot\u00e1zky, strat\u00e9giu do komun\u00e1lnych volieb a vz\u0165ahy s opozi\u010dn\u00fdmi partnermi. \u201eRastieme po\u010dtom \u010dlenov v regi\u00f3noch, s pokorou sledujeme n\u00e1rast volebn\u00fdch preferenci\u00ed a sme pred ukon\u010den\u00edm zberu podpisov za referendum Sta\u010dilo [&hellip;]\" \/>\n<meta property=\"og:url\" content=\"https:\/\/www.smedemokrati.sk\/en\/republikova-rada-demokrati-chcu-byt-sucastou-novej-vlady\/\" \/>\n<meta property=\"og:site_name\" content=\"Smedemokrati.sk\" \/>\n<meta property=\"article:publisher\" content=\"https:\/\/www.facebook.com\/smedemokrati2023\" \/>\n<meta property=\"article:published_time\" content=\"2025-12-06T14:09:26+00:00\" \/>\n<meta property=\"article:modified_time\" content=\"2025-12-06T14:14:54+00:00\" \/>\n<meta property=\"og:image\" content=\"https:\/\/www.smedemokrati.sk\/wp-content\/uploads\/2025\/12\/595655981_3390514771114271_8514392169901053043_n.jpg\" \/>\n\t<meta property=\"og:image:width\" content=\"1920\" \/>\n\t<meta property=\"og:image:height\" content=\"1080\" \/>\n\t<meta property=\"og:image:type\" content=\"image\/jpeg\" \/>\n<meta name=\"author\" content=\"miro.sopko\" \/>\n<meta name=\"twitter:card\" content=\"summary_large_image\" \/>\n<meta name=\"twitter:label1\" content=\"Written by\" \/>\n\t<meta name=\"twitter:data1\" content=\"miro.sopko\" \/>\n\t<meta name=\"twitter:label2\" content=\"Est. reading time\" \/>\n\t<meta name=\"twitter:data2\" content=\"3 minutes\" \/>\n<script type=\"application\/ld+json\" class=\"yoast-schema-graph\">{\"@context\":\"https:\/\/schema.org\",\"@graph\":[{\"@type\":\"Article\",\"@id\":\"https:\/\/www.smedemokrati.sk\/republikova-rada-demokrati-chcu-byt-sucastou-novej-vlady\/#article\",\"isPartOf\":{\"@id\":\"https:\/\/www.smedemokrati.sk\/republikova-rada-demokrati-chcu-byt-sucastou-novej-vlady\/\"},\"author\":{\"name\":\"miro.sopko\",\"@id\":\"https:\/\/www.smedemokrati.sk\/#\/schema\/person\/21f147c88d605aa7ded900e1e7c344ba\"},\"headline\":\"Republikov\u00e1 rada: Demokrati chc\u00fa by\u0165 s\u00fa\u010das\u0165ou novej vl\u00e1dy!\",\"datePublished\":\"2025-12-06T14:09:26+00:00\",\"dateModified\":\"2025-12-06T14:14:54+00:00\",\"mainEntityOfPage\":{\"@id\":\"https:\/\/www.smedemokrati.sk\/republikova-rada-demokrati-chcu-byt-sucastou-novej-vlady\/\"},\"wordCount\":480,\"publisher\":{\"@id\":\"https:\/\/www.smedemokrati.sk\/#organization\"},\"image\":{\"@id\":\"https:\/\/www.smedemokrati.sk\/republikova-rada-demokrati-chcu-byt-sucastou-novej-vlady\/#primaryimage\"},\"thumbnailUrl\":\"https:\/\/www.smedemokrati.sk\/wp-content\/uploads\/2025\/12\/595655981_3390514771114271_8514392169901053043_n.jpg\",\"articleSection\":[\"Tla\u010dov\u00e9 spr\u00e1vy\"],\"inLanguage\":\"en-US\"},{\"@type\":\"WebPage\",\"@id\":\"https:\/\/www.smedemokrati.sk\/republikova-rada-demokrati-chcu-byt-sucastou-novej-vlady\/\",\"url\":\"https:\/\/www.smedemokrati.sk\/republikova-rada-demokrati-chcu-byt-sucastou-novej-vlady\/\",\"name\":\"Republikov\u00e1 rada: Demokrati chc\u00fa by\u0165 s\u00fa\u010das\u0165ou novej vl\u00e1dy!\",\"isPartOf\":{\"@id\":\"https:\/\/www.smedemokrati.sk\/#website\"},\"primaryImageOfPage\":{\"@id\":\"https:\/\/www.smedemokrati.sk\/republikova-rada-demokrati-chcu-byt-sucastou-novej-vlady\/#primaryimage\"},\"image\":{\"@id\":\"https:\/\/www.smedemokrati.sk\/republikova-rada-demokrati-chcu-byt-sucastou-novej-vlady\/#primaryimage\"},\"thumbnailUrl\":\"https:\/\/www.smedemokrati.sk\/wp-content\/uploads\/2025\/12\/595655981_3390514771114271_8514392169901053043_n.jpg\",\"datePublished\":\"2025-12-06T14:09:26+00:00\",\"dateModified\":\"2025-12-06T14:14:54+00:00\",\"breadcrumb\":{\"@id\":\"https:\/\/www.smedemokrati.sk\/republikova-rada-demokrati-chcu-byt-sucastou-novej-vlady\/#breadcrumb\"},\"inLanguage\":\"en-US\",\"potentialAction\":[{\"@type\":\"ReadAction\",\"target\":[\"https:\/\/www.smedemokrati.sk\/republikova-rada-demokrati-chcu-byt-sucastou-novej-vlady\/\"]}]},{\"@type\":\"ImageObject\",\"inLanguage\":\"en-US\",\"@id\":\"https:\/\/www.smedemokrati.sk\/republikova-rada-demokrati-chcu-byt-sucastou-novej-vlady\/#primaryimage\",\"url\":\"https:\/\/www.smedemokrati.sk\/wp-content\/uploads\/2025\/12\/595655981_3390514771114271_8514392169901053043_n.jpg\",\"contentUrl\":\"https:\/\/www.smedemokrati.sk\/wp-content\/uploads\/2025\/12\/595655981_3390514771114271_8514392169901053043_n.jpg\",\"width\":1920,\"height\":1080},{\"@type\":\"BreadcrumbList\",\"@id\":\"https:\/\/www.smedemokrati.sk\/republikova-rada-demokrati-chcu-byt-sucastou-novej-vlady\/#breadcrumb\",\"itemListElement\":[{\"@type\":\"ListItem\",\"position\":1,\"name\":\"Domovsk\u00e1 str\u00e1nka\",\"item\":\"https:\/\/www.smedemokrati.sk\/\"},{\"@type\":\"ListItem\",\"position\":2,\"name\":\"Republikov\u00e1 rada: Demokrati chc\u00fa by\u0165 s\u00fa\u010das\u0165ou novej vl\u00e1dy!\"}]},{\"@type\":\"WebSite\",\"@id\":\"https:\/\/www.smedemokrati.sk\/#website\",\"url\":\"https:\/\/www.smedemokrati.sk\/\",\"name\":\"Smedemokrati.sk\",\"description\":\"Demokracia a slu\u0161nos\u0165 zv\u00ed\u0165az\u00ed\",\"publisher\":{\"@id\":\"https:\/\/www.smedemokrati.sk\/#organization\"},\"potentialAction\":[{\"@type\":\"SearchAction\",\"target\":{\"@type\":\"EntryPoint\",\"urlTemplate\":\"https:\/\/www.smedemokrati.sk\/?s={search_term_string}\"},\"query-input\":{\"@type\":\"PropertyValueSpecification\",\"valueRequired\":true,\"valueName\":\"search_term_string\"}}],\"inLanguage\":\"en-US\"},{\"@type\":\"Organization\",\"@id\":\"https:\/\/www.smedemokrati.sk\/#organization\",\"name\":\"Smedemokrati.sk\",\"url\":\"https:\/\/www.smedemokrati.sk\/\",\"logo\":{\"@type\":\"ImageObject\",\"inLanguage\":\"en-US\",\"@id\":\"https:\/\/www.smedemokrati.sk\/#\/schema\/logo\/image\/\",\"url\":\"https:\/\/www.smedemokrati.sk\/wp-content\/uploads\/2023\/04\/ff.002.jpeg\",\"contentUrl\":\"https:\/\/www.smedemokrati.sk\/wp-content\/uploads\/2023\/04\/ff.002.jpeg\",\"width\":640,\"height\":480,\"caption\":\"Smedemokrati.sk\"},\"image\":{\"@id\":\"https:\/\/www.smedemokrati.sk\/#\/schema\/logo\/image\/\"},\"sameAs\":[\"https:\/\/www.facebook.com\/smedemokrati2023\"]},{\"@type\":\"Person\",\"@id\":\"https:\/\/www.smedemokrati.sk\/#\/schema\/person\/21f147c88d605aa7ded900e1e7c344ba\",\"name\":\"miro.sopko\",\"image\":{\"@type\":\"ImageObject\",\"inLanguage\":\"en-US\",\"@id\":\"https:\/\/secure.gravatar.com\/avatar\/267e4a36f704376c109afe3a78740c1f5dd8675a2180a908699e7863c9247606?s=96&d=mm&r=g\",\"url\":\"https:\/\/secure.gravatar.com\/avatar\/267e4a36f704376c109afe3a78740c1f5dd8675a2180a908699e7863c9247606?s=96&d=mm&r=g\",\"contentUrl\":\"https:\/\/secure.gravatar.com\/avatar\/267e4a36f704376c109afe3a78740c1f5dd8675a2180a908699e7863c9247606?s=96&d=mm&r=g\",\"caption\":\"miro.sopko\"},\"url\":\"https:\/\/www.smedemokrati.sk\/en\/author\/miro-sopko\/\"}]}<\/script>\n<!-- \/ Yoast SEO plugin. -->","yoast_head_json":{"title":"Republikov\u00e1 rada: Demokrati chc\u00fa by\u0165 s\u00fa\u010das\u0165ou novej vl\u00e1dy!","robots":{"index":"index","follow":"follow","max-snippet":"max-snippet:-1","max-image-preview":"max-image-preview:large","max-video-preview":"max-video-preview:-1"},"canonical":"https:\/\/www.smedemokrati.sk\/en\/republikova-rada-demokrati-chcu-byt-sucastou-novej-vlady\/","og_locale":"en_US","og_type":"article","og_title":"[:sk]Republikov\u00e1 rada: Demokrati chc\u00fa by\u0165 s\u00fa\u010das\u0165ou novej vl\u00e1dy![:] - Smedemokrati.sk","og_description":"V Banskej Bystrici sa stretli funkcion\u00e1ri strany Demokrati, a to na druhom zasadnut\u00ed Republikovej rady v tomto roku tak, ako im ukladaj\u00fa stanovy. Rie\u0161ili person\u00e1lne ot\u00e1zky, strat\u00e9giu do komun\u00e1lnych volieb a vz\u0165ahy s opozi\u010dn\u00fdmi partnermi. \u201eRastieme po\u010dtom \u010dlenov v regi\u00f3noch, s pokorou sledujeme n\u00e1rast volebn\u00fdch preferenci\u00ed a sme pred ukon\u010den\u00edm zberu podpisov za referendum Sta\u010dilo [&hellip;]","og_url":"https:\/\/www.smedemokrati.sk\/en\/republikova-rada-demokrati-chcu-byt-sucastou-novej-vlady\/","og_site_name":"Smedemokrati.sk","article_publisher":"https:\/\/www.facebook.com\/smedemokrati2023","article_published_time":"2025-12-06T14:09:26+00:00","article_modified_time":"2025-12-06T14:14:54+00:00","og_image":[{"width":1920,"height":1080,"url":"https:\/\/www.smedemokrati.sk\/wp-content\/uploads\/2025\/12\/595655981_3390514771114271_8514392169901053043_n.jpg","type":"image\/jpeg"}],"author":"miro.sopko","twitter_card":"summary_large_image","twitter_misc":{"Written by":"miro.sopko","Est. reading time":"3 minutes"},"schema":{"@context":"https:\/\/schema.org","@graph":[{"@type":"Article","@id":"https:\/\/www.smedemokrati.sk\/republikova-rada-demokrati-chcu-byt-sucastou-novej-vlady\/#article","isPartOf":{"@id":"https:\/\/www.smedemokrati.sk\/republikova-rada-demokrati-chcu-byt-sucastou-novej-vlady\/"},"author":{"name":"miro.sopko","@id":"https:\/\/www.smedemokrati.sk\/#\/schema\/person\/21f147c88d605aa7ded900e1e7c344ba"},"headline":"Republikov\u00e1 rada: Demokrati chc\u00fa by\u0165 s\u00fa\u010das\u0165ou novej vl\u00e1dy!","datePublished":"2025-12-06T14:09:26+00:00","dateModified":"2025-12-06T14:14:54+00:00","mainEntityOfPage":{"@id":"https:\/\/www.smedemokrati.sk\/republikova-rada-demokrati-chcu-byt-sucastou-novej-vlady\/"},"wordCount":480,"publisher":{"@id":"https:\/\/www.smedemokrati.sk\/#organization"},"image":{"@id":"https:\/\/www.smedemokrati.sk\/republikova-rada-demokrati-chcu-byt-sucastou-novej-vlady\/#primaryimage"},"thumbnailUrl":"https:\/\/www.smedemokrati.sk\/wp-content\/uploads\/2025\/12\/595655981_3390514771114271_8514392169901053043_n.jpg","articleSection":["Tla\u010dov\u00e9 spr\u00e1vy"],"inLanguage":"en-US"},{"@type":"WebPage","@id":"https:\/\/www.smedemokrati.sk\/republikova-rada-demokrati-chcu-byt-sucastou-novej-vlady\/","url":"https:\/\/www.smedemokrati.sk\/republikova-rada-demokrati-chcu-byt-sucastou-novej-vlady\/","name":"Republikov\u00e1 rada: Demokrati chc\u00fa by\u0165 s\u00fa\u010das\u0165ou novej vl\u00e1dy!","isPartOf":{"@id":"https:\/\/www.smedemokrati.sk\/#website"},"primaryImageOfPage":{"@id":"https:\/\/www.smedemokrati.sk\/republikova-rada-demokrati-chcu-byt-sucastou-novej-vlady\/#primaryimage"},"image":{"@id":"https:\/\/www.smedemokrati.sk\/republikova-rada-demokrati-chcu-byt-sucastou-novej-vlady\/#primaryimage"},"thumbnailUrl":"https:\/\/www.smedemokrati.sk\/wp-content\/uploads\/2025\/12\/595655981_3390514771114271_8514392169901053043_n.jpg","datePublished":"2025-12-06T14:09:26+00:00","dateModified":"2025-12-06T14:14:54+00:00","breadcrumb":{"@id":"https:\/\/www.smedemokrati.sk\/republikova-rada-demokrati-chcu-byt-sucastou-novej-vlady\/#breadcrumb"},"inLanguage":"en-US","potentialAction":[{"@type":"ReadAction","target":["https:\/\/www.smedemokrati.sk\/republikova-rada-demokrati-chcu-byt-sucastou-novej-vlady\/"]}]},{"@type":"ImageObject","inLanguage":"en-US","@id":"https:\/\/www.smedemokrati.sk\/republikova-rada-demokrati-chcu-byt-sucastou-novej-vlady\/#primaryimage","url":"https:\/\/www.smedemokrati.sk\/wp-content\/uploads\/2025\/12\/595655981_3390514771114271_8514392169901053043_n.jpg","contentUrl":"https:\/\/www.smedemokrati.sk\/wp-content\/uploads\/2025\/12\/595655981_3390514771114271_8514392169901053043_n.jpg","width":1920,"height":1080},{"@type":"BreadcrumbList","@id":"https:\/\/www.smedemokrati.sk\/republikova-rada-demokrati-chcu-byt-sucastou-novej-vlady\/#breadcrumb","itemListElement":[{"@type":"ListItem","position":1,"name":"Domovsk\u00e1 str\u00e1nka","item":"https:\/\/www.smedemokrati.sk\/"},{"@type":"ListItem","position":2,"name":"Republikov\u00e1 rada: Demokrati chc\u00fa by\u0165 s\u00fa\u010das\u0165ou novej vl\u00e1dy!"}]},{"@type":"WebSite","@id":"https:\/\/www.smedemokrati.sk\/#website","url":"https:\/\/www.smedemokrati.sk\/","name":"Smedemokrati.sk","description":"Demokracia a slu\u0161nos\u0165 zv\u00ed\u0165az\u00ed","publisher":{"@id":"https:\/\/www.smedemokrati.sk\/#organization"},"potentialAction":[{"@type":"SearchAction","target":{"@type":"EntryPoint","urlTemplate":"https:\/\/www.smedemokrati.sk\/?s={search_term_string}"},"query-input":{"@type":"PropertyValueSpecification","valueRequired":true,"valueName":"search_term_string"}}],"inLanguage":"en-US"},{"@type":"Organization","@id":"https:\/\/www.smedemokrati.sk\/#organization","name":"Smedemokrati.sk","url":"https:\/\/www.smedemokrati.sk\/","logo":{"@type":"ImageObject","inLanguage":"en-US","@id":"https:\/\/www.smedemokrati.sk\/#\/schema\/logo\/image\/","url":"https:\/\/www.smedemokrati.sk\/wp-content\/uploads\/2023\/04\/ff.002.jpeg","contentUrl":"https:\/\/www.smedemokrati.sk\/wp-content\/uploads\/2023\/04\/ff.002.jpeg","width":640,"height":480,"caption":"Smedemokrati.sk"},"image":{"@id":"https:\/\/www.smedemokrati.sk\/#\/schema\/logo\/image\/"},"sameAs":["https:\/\/www.facebook.com\/smedemokrati2023"]},{"@type":"Person","@id":"https:\/\/www.smedemokrati.sk\/#\/schema\/person\/21f147c88d605aa7ded900e1e7c344ba","name":"miro.sopko","image":{"@type":"ImageObject","inLanguage":"en-US","@id":"https:\/\/secure.gravatar.com\/avatar\/267e4a36f704376c109afe3a78740c1f5dd8675a2180a908699e7863c9247606?s=96&d=mm&r=g","url":"https:\/\/secure.gravatar.com\/avatar\/267e4a36f704376c109afe3a78740c1f5dd8675a2180a908699e7863c9247606?s=96&d=mm&r=g","contentUrl":"https:\/\/secure.gravatar.com\/avatar\/267e4a36f704376c109afe3a78740c1f5dd8675a2180a908699e7863c9247606?s=96&d=mm&r=g","caption":"miro.sopko"},"url":"https:\/\/www.smedemokrati.sk\/en\/author\/miro-sopko\/"}]}},"_links":{"self":[{"href":"https:\/\/www.smedemokrati.sk\/en\/wp-json\/wp\/v2\/posts\/8582","targetHints":{"allow":["GET"]}}],"collection":[{"href":"https:\/\/www.smedemokrati.sk\/en\/wp-json\/wp\/v2\/posts"}],"about":[{"href":"https:\/\/www.smedemokrati.sk\/en\/wp-json\/wp\/v2\/types\/post"}],"author":[{"embeddable":true,"href":"https:\/\/www.smedemokrati.sk\/en\/wp-json\/wp\/v2\/users\/13"}],"replies":[{"embeddable":true,"href":"https:\/\/www.smedemokrati.sk\/en\/wp-json\/wp\/v2\/comments?post=8582"}],"version-history":[{"count":2,"href":"https:\/\/www.smedemokrati.sk\/en\/wp-json\/wp\/v2\/posts\/8582\/revisions"}],"predecessor-version":[{"id":8585,"href":"https:\/\/www.smedemokrati.sk\/en\/wp-json\/wp\/v2\/posts\/8582\/revisions\/8585"}],"wp:featuredmedia":[{"embeddable":true,"href":"https:\/\/www.smedemokrati.sk\/en\/wp-json\/wp\/v2\/media\/8583"}],"wp:attachment":[{"href":"https:\/\/www.smedemokrati.sk\/en\/wp-json\/wp\/v2\/media?parent=8582"}],"wp:term":[{"taxonomy":"category","embeddable":true,"href":"https:\/\/www.smedemokrati.sk\/en\/wp-json\/wp\/v2\/categories?post=8582"},{"taxonomy":"post_tag","embeddable":true,"href":"https:\/\/www.smedemokrati.sk\/en\/wp-json\/wp\/v2\/tags?post=8582"}],"curies":[{"name":"wp","href":"https:\/\/api.w.org\/{rel}","templated":true}]}}