{"id":8568,"date":"2025-12-03T18:55:00","date_gmt":"2025-12-03T17:55:00","guid":{"rendered":"https:\/\/www.smedemokrati.sk\/?p=8568"},"modified":"2025-12-04T11:55:42","modified_gmt":"2025-12-04T10:55:42","slug":"demokrati-napadli-rozhodnutia-o-povinnosti-statu-za-sanaciu-istrochemu-na-prokurature-a-mzp-sr","status":"publish","type":"post","link":"https:\/\/www.smedemokrati.sk\/en\/demokrati-napadli-rozhodnutia-o-povinnosti-statu-za-sanaciu-istrochemu-na-prokurature-a-mzp-sr\/","title":{"rendered":"Demokrati napadli rozhodnutia o povinnosti \u0161t\u00e1tu za san\u00e1ciu Istrochemu na prokurat\u00fare a M\u017dP SR"},"content":{"rendered":"<div id=\"fb-root\"><\/div>\n\n<p><strong>Z\u00e1konnos\u0165 troch rozhodnut\u00ed Okresn\u00e9ho \u00faradu Bratislava z leta tohto roku presk\u00fama Krajsk\u00e1 prokurat\u00fara v Bratislave. Demokrati \u010falej vyz\u00fdvaj\u00fa ministra Tarabu, aby na z\u00e1klade ich podnetu na mimoriadny opravn\u00fd prostriedok zru\u0161il rozhodnutia zakladaj\u00face povinnos\u0165 \u0161t\u00e1tu sanova\u0165 environment\u00e1lne z\u00e1\u0165a\u017ee v bratislavskom Istrocheme, spadaj\u00facom do imp\u00e9ria Andreja Babi\u0161a a aby a\u017e do preverenia na\u0161ich podnetov nepredkladal vl\u00e1de n\u00e1vrh na definit\u00edvne rozhodnutie o ur\u010den\u00ed ministerstva zodpovedn\u00e9ho za san\u00e1ciu.\u00a0<\/strong><\/p>\n\n\n\n<p>V dnes doru\u010denom podnete adresovanom envirorezortu na presk\u00famanie rozhodnutia v tzv. mimoodvolacom konan\u00ed poukazujeme na mo\u017en\u00e9 pochybenia Okresn\u00e9ho \u00faradu Bratislava. Ten aj na z\u00e1klade privatiza\u010dnej zmluvy z roku 2002 a potvrdenia Fondu n\u00e1rodn\u00e9ho majetku (FNM) z roku 2006 ur\u010dil, \u017ee za san\u00e1ciu m\u00e1 zodpoveda\u0165 \u0161t\u00e1t. Na tieto rozhodnutia sa vyhov\u00e1ra aj minister Taraba, ktor\u00fd tvrd\u00ed, \u017ee nem\u00e1 in\u00fa mo\u017enos\u0165 len san\u00e1ciu v hodnote a\u017e 750 mil. eur vykona\u0165 z verejn\u00fdch prostriedkov.&nbsp;<\/p>\n\n\n\n<p>Z rozhodnut\u00ed okresn\u00e9ho \u00faradu v\u0161ak nie je zrejm\u00e9, ako sk\u00famal naplnenie k\u013e\u00fa\u010dovej podmienky z\u00e1kona, a to, \u017ee privatiz\u00e9r vynalo\u017eil 1 mld. Sk na invest\u00edcie v s\u00favislosti so san\u00e1ciou environment\u00e1lnej z\u00e1\u0165a\u017ee a zlep\u0161en\u00edm stavu \u017eivotn\u00e9ho prostredia, hoci je to k\u013e\u00fa\u010dov\u00e1 z\u00e1konn\u00e1 podmienka. Potvrdenie Fondu n\u00e1rodn\u00e9ho majetku hovor\u00ed len to, \u017ee do\u0161lo k invest\u00edcii tejto sumy na \u201crozvoj spolo\u010dnosti, najm\u00e4 na ekol\u00f3giu,\u201d \u010do je mimoriadne v\u00e1gne. \u201e<em>Okresn\u00fd \u00farad v rozhodnutiach nijako podrobnej\u0161ie neuv\u00e1dza, \u010di bola t\u00e1to suma vynalo\u017een\u00e1 v s\u00favislosti so san\u00e1ciou enviroz\u00e1\u0165a\u017ee a \u010di ne\u0161la len na be\u017en\u00e9 prevadzkov\u00e9 n\u00e1klady alebo investovan\u00e1 do priemyseln\u00fdch zariaden\u00ed. Pritom ide o z\u00e1konom vy\u017eadovan\u00fa podmienku, ktorej naplnenie malo by\u0165 jasne uveden\u00e9 v od\u00f4vodnen\u00ed a preuk\u00e1zan\u00e9 dokazovan\u00edm. Ak by t\u00e1to podmienka splnen\u00e1 nebola, \u0161t\u00e1t by za san\u00e1ciu nezodpovedal. Nie je mo\u017en\u00e9, aby st\u00e1mili\u00f3nov\u00fd z\u00e1v\u00e4zok \u0161t\u00e1tu vych\u00e1dzal len z jednej A4, \u010do je rozsah potvrdenia FNM. Naviac, Babi\u0161ove firmy ozna\u010duj\u00fa invest\u00edcie pod\u013ea privatiza\u010dnej zmluvy za obchodn\u00e9 tajomstvo,<\/em>\u201d vysvet\u013euje Michal Ki\u010da, podpredseda Demokratov.\u00a0<\/p>\n\n\n\n<p>Tarabovo ministerstvo m\u00e1 na z\u00e1klade n\u00e1\u0161ho podnetu povinnos\u0165 presk\u00fama\u0165 z\u00e1konnos\u0165 rozhodnut\u00ed okresn\u00e9ho \u00faradu a v pr\u00edpade zistenia pochyben\u00ed ich zru\u0161i\u0165. \u201e<em>Taraba tak bude m\u00f4c\u0165 uk\u00e1za\u0165, \u010di stoj\u00ed na strane verejn\u00e9ho z\u00e1ujmu a nielen sa vyhov\u00e1ra\u0165 na okresn\u00fd \u00farad a hrozi\u0165 svojim predchodcom trestn\u00fdmi st\u00edhaniami za to, \u017ee Babi\u0161ovmu imp\u00e9riu neprihrali pol miliardy,<\/em>\u201d dop\u013a\u0148a Michal Ki\u010da.<\/p>\n\n\n\n<p>S identickou pr\u00e1vnou argument\u00e1ciou sme sa obr\u00e1tili aj na Krajsk\u00fa prokurat\u00faru v Bratislave s podnetom na podanie protestu prokur\u00e1tora proti rozhodnutiam okresn\u00e9ho \u00faradu. \u201e<em>Vyz\u00fdvame Tarabu, aby a\u017e do rozhodnutia o oboch podnetoch v \u017eiadnom pr\u00edpade nepredkladal vl\u00e1de materi\u00e1l definit\u00edvne zav\u00e4zuj\u00faci \u0161t\u00e1t vykona\u0165 san\u00e1ciu pozemkov jedn\u00e9mu z najbohat\u0161\u00edch \u013eud\u00ed v strednej Eur\u00f3pe,<\/em>\u201d uzavrel Michal Ki\u010da.\u00a0<\/p>\n\n\n\n<p>T\u00e9ma v druhej \u010dasti tla\u010dovej konferencie:<\/p>\n\n\n\n<figure class=\"wp-block-embed is-type-video is-provider-youtube wp-block-embed-youtube wp-embed-aspect-16-9 wp-has-aspect-ratio\"><div class=\"wp-block-embed__wrapper\">\n<iframe title=\"Live: Huliakov konsolida\u010dn\u00fd marat\u00f3n, \u010das\u0165 3.\" width=\"500\" height=\"281\" src=\"https:\/\/www.youtube.com\/embed\/GwNliQXjmrQ?feature=oembed\" frameborder=\"0\" allow=\"accelerometer; autoplay; clipboard-write; encrypted-media; gyroscope; picture-in-picture; web-share\" referrerpolicy=\"strict-origin-when-cross-origin\" allowfullscreen><\/iframe>\n<\/div><\/figure>\n","protected":false},"excerpt":{"rendered":"<p>Z\u00e1konnos\u0165 troch rozhodnut\u00ed Okresn\u00e9ho \u00faradu Bratislava z leta tohto roku presk\u00fama Krajsk\u00e1 prokurat\u00fara v Bratislave. Demokrati \u010falej vyz\u00fdvaj\u00fa ministra Tarabu, aby na z\u00e1klade ich podnetu na mimoriadny opravn\u00fd prostriedok zru\u0161il rozhodnutia zakladaj\u00face povinnos\u0165 \u0161t\u00e1tu sanova\u0165 environment\u00e1lne z\u00e1\u0165a\u017ee v bratislavskom Istrocheme, spadaj\u00facom do imp\u00e9ria Andreja Babi\u0161a a aby a\u017e do preverenia na\u0161ich podnetov nepredkladal vl\u00e1de n\u00e1vrh [&hellip;]<\/p>\n","protected":false},"author":13,"featured_media":4207,"comment_status":"closed","ping_status":"closed","sticky":false,"template":"","format":"standard","meta":{"_acf_changed":false,"ngg_post_thumbnail":0,"footnotes":""},"categories":[4],"tags":[],"class_list":["post-8568","post","type-post","status-publish","format-standard","has-post-thumbnail","hentry","category-tlacove-spravy"],"acf":[],"yoast_head":"<!-- This site is optimized with the Yoast SEO plugin v27.2 - https:\/\/yoast.com\/product\/yoast-seo-wordpress\/ -->\n<title>Demokrati napadli rozhodnutia o povinnosti \u0161t\u00e1tu za san\u00e1ciu Istrochemu na prokurat\u00fare a M\u017dP SR<\/title>\n<meta name=\"robots\" content=\"index, follow, max-snippet:-1, max-image-preview:large, max-video-preview:-1\" \/>\n<link rel=\"canonical\" href=\"https:\/\/www.smedemokrati.sk\/en\/demokrati-napadli-rozhodnutia-o-povinnosti-statu-za-sanaciu-istrochemu-na-prokurature-a-mzp-sr\/\" \/>\n<meta property=\"og:locale\" content=\"en_US\" \/>\n<meta property=\"og:locale:alternate\" content=\"cs_CZ\" \/>\n<meta property=\"og:locale:alternate\" content=\"hu_HU\" \/>\n<meta property=\"og:locale:alternate\" content=\"sk_SK\" \/>\n<meta property=\"og:locale:alternate\" content=\"sv_SE\" \/>\n<meta property=\"og:type\" content=\"article\" \/>\n<meta property=\"og:title\" content=\"Demokrati napadli rozhodnutia o povinnosti \u0161t\u00e1tu za san\u00e1ciu Istrochemu na prokurat\u00fare a M\u017dP SR\" \/>\n<meta property=\"og:description\" content=\"Z\u00e1konnos\u0165 troch rozhodnut\u00ed Okresn\u00e9ho \u00faradu Bratislava z leta tohto roku presk\u00fama Krajsk\u00e1 prokurat\u00fara v Bratislave. Demokrati \u010falej vyz\u00fdvaj\u00fa ministra Tarabu, aby na z\u00e1klade ich podnetu na mimoriadny opravn\u00fd prostriedok zru\u0161il rozhodnutia zakladaj\u00face povinnos\u0165 \u0161t\u00e1tu sanova\u0165 environment\u00e1lne z\u00e1\u0165a\u017ee v bratislavskom Istrocheme, spadaj\u00facom do imp\u00e9ria Andreja Babi\u0161a a aby a\u017e do preverenia na\u0161ich podnetov nepredkladal vl\u00e1de n\u00e1vrh [&hellip;]\" \/>\n<meta property=\"og:url\" content=\"https:\/\/www.smedemokrati.sk\/en\/demokrati-napadli-rozhodnutia-o-povinnosti-statu-za-sanaciu-istrochemu-na-prokurature-a-mzp-sr\/\" \/>\n<meta property=\"og:site_name\" content=\"Smedemokrati.sk\" \/>\n<meta property=\"article:publisher\" content=\"https:\/\/www.facebook.com\/smedemokrati2023\" \/>\n<meta property=\"article:published_time\" content=\"2025-12-03T17:55:00+00:00\" \/>\n<meta property=\"article:modified_time\" content=\"2025-12-04T10:55:42+00:00\" \/>\n<meta property=\"og:image\" content=\"https:\/\/www.smedemokrati.sk\/wp-content\/uploads\/2024\/05\/taraba-amnestia-vyrub.jpg\" \/>\n\t<meta property=\"og:image:width\" content=\"1920\" \/>\n\t<meta property=\"og:image:height\" content=\"1271\" \/>\n\t<meta property=\"og:image:type\" content=\"image\/jpeg\" \/>\n<meta name=\"author\" content=\"miro.sopko\" \/>\n<meta name=\"twitter:card\" content=\"summary_large_image\" \/>\n<meta name=\"twitter:label1\" content=\"Written by\" \/>\n\t<meta name=\"twitter:data1\" content=\"miro.sopko\" \/>\n\t<meta name=\"twitter:label2\" content=\"Est. reading time\" \/>\n\t<meta name=\"twitter:data2\" content=\"3 minutes\" \/>\n<script type=\"application\/ld+json\" class=\"yoast-schema-graph\">{\"@context\":\"https:\/\/schema.org\",\"@graph\":[{\"@type\":\"Article\",\"@id\":\"https:\/\/www.smedemokrati.sk\/demokrati-napadli-rozhodnutia-o-povinnosti-statu-za-sanaciu-istrochemu-na-prokurature-a-mzp-sr\/#article\",\"isPartOf\":{\"@id\":\"https:\/\/www.smedemokrati.sk\/demokrati-napadli-rozhodnutia-o-povinnosti-statu-za-sanaciu-istrochemu-na-prokurature-a-mzp-sr\/\"},\"author\":{\"name\":\"miro.sopko\",\"@id\":\"https:\/\/www.smedemokrati.sk\/#\/schema\/person\/21f147c88d605aa7ded900e1e7c344ba\"},\"headline\":\"Demokrati napadli rozhodnutia o povinnosti \u0161t\u00e1tu za san\u00e1ciu Istrochemu na prokurat\u00fare a M\u017dP SR\",\"datePublished\":\"2025-12-03T17:55:00+00:00\",\"dateModified\":\"2025-12-04T10:55:42+00:00\",\"mainEntityOfPage\":{\"@id\":\"https:\/\/www.smedemokrati.sk\/demokrati-napadli-rozhodnutia-o-povinnosti-statu-za-sanaciu-istrochemu-na-prokurature-a-mzp-sr\/\"},\"wordCount\":568,\"publisher\":{\"@id\":\"https:\/\/www.smedemokrati.sk\/#organization\"},\"image\":{\"@id\":\"https:\/\/www.smedemokrati.sk\/demokrati-napadli-rozhodnutia-o-povinnosti-statu-za-sanaciu-istrochemu-na-prokurature-a-mzp-sr\/#primaryimage\"},\"thumbnailUrl\":\"https:\/\/www.smedemokrati.sk\/wp-content\/uploads\/2024\/05\/taraba-amnestia-vyrub.jpg\",\"articleSection\":[\"Tla\u010dov\u00e9 spr\u00e1vy\"],\"inLanguage\":\"en-US\"},{\"@type\":\"WebPage\",\"@id\":\"https:\/\/www.smedemokrati.sk\/demokrati-napadli-rozhodnutia-o-povinnosti-statu-za-sanaciu-istrochemu-na-prokurature-a-mzp-sr\/\",\"url\":\"https:\/\/www.smedemokrati.sk\/demokrati-napadli-rozhodnutia-o-povinnosti-statu-za-sanaciu-istrochemu-na-prokurature-a-mzp-sr\/\",\"name\":\"Demokrati napadli rozhodnutia o povinnosti \u0161t\u00e1tu za san\u00e1ciu Istrochemu na prokurat\u00fare a M\u017dP SR\",\"isPartOf\":{\"@id\":\"https:\/\/www.smedemokrati.sk\/#website\"},\"primaryImageOfPage\":{\"@id\":\"https:\/\/www.smedemokrati.sk\/demokrati-napadli-rozhodnutia-o-povinnosti-statu-za-sanaciu-istrochemu-na-prokurature-a-mzp-sr\/#primaryimage\"},\"image\":{\"@id\":\"https:\/\/www.smedemokrati.sk\/demokrati-napadli-rozhodnutia-o-povinnosti-statu-za-sanaciu-istrochemu-na-prokurature-a-mzp-sr\/#primaryimage\"},\"thumbnailUrl\":\"https:\/\/www.smedemokrati.sk\/wp-content\/uploads\/2024\/05\/taraba-amnestia-vyrub.jpg\",\"datePublished\":\"2025-12-03T17:55:00+00:00\",\"dateModified\":\"2025-12-04T10:55:42+00:00\",\"breadcrumb\":{\"@id\":\"https:\/\/www.smedemokrati.sk\/demokrati-napadli-rozhodnutia-o-povinnosti-statu-za-sanaciu-istrochemu-na-prokurature-a-mzp-sr\/#breadcrumb\"},\"inLanguage\":\"en-US\",\"potentialAction\":[{\"@type\":\"ReadAction\",\"target\":[\"https:\/\/www.smedemokrati.sk\/demokrati-napadli-rozhodnutia-o-povinnosti-statu-za-sanaciu-istrochemu-na-prokurature-a-mzp-sr\/\"]}]},{\"@type\":\"ImageObject\",\"inLanguage\":\"en-US\",\"@id\":\"https:\/\/www.smedemokrati.sk\/demokrati-napadli-rozhodnutia-o-povinnosti-statu-za-sanaciu-istrochemu-na-prokurature-a-mzp-sr\/#primaryimage\",\"url\":\"https:\/\/www.smedemokrati.sk\/wp-content\/uploads\/2024\/05\/taraba-amnestia-vyrub.jpg\",\"contentUrl\":\"https:\/\/www.smedemokrati.sk\/wp-content\/uploads\/2024\/05\/taraba-amnestia-vyrub.jpg\",\"width\":1920,\"height\":1271},{\"@type\":\"BreadcrumbList\",\"@id\":\"https:\/\/www.smedemokrati.sk\/demokrati-napadli-rozhodnutia-o-povinnosti-statu-za-sanaciu-istrochemu-na-prokurature-a-mzp-sr\/#breadcrumb\",\"itemListElement\":[{\"@type\":\"ListItem\",\"position\":1,\"name\":\"Domovsk\u00e1 str\u00e1nka\",\"item\":\"https:\/\/www.smedemokrati.sk\/\"},{\"@type\":\"ListItem\",\"position\":2,\"name\":\"Demokrati napadli rozhodnutia o povinnosti \u0161t\u00e1tu za san\u00e1ciu Istrochemu na prokurat\u00fare a M\u017dP SR\"}]},{\"@type\":\"WebSite\",\"@id\":\"https:\/\/www.smedemokrati.sk\/#website\",\"url\":\"https:\/\/www.smedemokrati.sk\/\",\"name\":\"Smedemokrati.sk\",\"description\":\"Demokracia a slu\u0161nos\u0165 zv\u00ed\u0165az\u00ed\",\"publisher\":{\"@id\":\"https:\/\/www.smedemokrati.sk\/#organization\"},\"potentialAction\":[{\"@type\":\"SearchAction\",\"target\":{\"@type\":\"EntryPoint\",\"urlTemplate\":\"https:\/\/www.smedemokrati.sk\/?s={search_term_string}\"},\"query-input\":{\"@type\":\"PropertyValueSpecification\",\"valueRequired\":true,\"valueName\":\"search_term_string\"}}],\"inLanguage\":\"en-US\"},{\"@type\":\"Organization\",\"@id\":\"https:\/\/www.smedemokrati.sk\/#organization\",\"name\":\"Smedemokrati.sk\",\"url\":\"https:\/\/www.smedemokrati.sk\/\",\"logo\":{\"@type\":\"ImageObject\",\"inLanguage\":\"en-US\",\"@id\":\"https:\/\/www.smedemokrati.sk\/#\/schema\/logo\/image\/\",\"url\":\"https:\/\/www.smedemokrati.sk\/wp-content\/uploads\/2023\/04\/ff.002.jpeg\",\"contentUrl\":\"https:\/\/www.smedemokrati.sk\/wp-content\/uploads\/2023\/04\/ff.002.jpeg\",\"width\":640,\"height\":480,\"caption\":\"Smedemokrati.sk\"},\"image\":{\"@id\":\"https:\/\/www.smedemokrati.sk\/#\/schema\/logo\/image\/\"},\"sameAs\":[\"https:\/\/www.facebook.com\/smedemokrati2023\"]},{\"@type\":\"Person\",\"@id\":\"https:\/\/www.smedemokrati.sk\/#\/schema\/person\/21f147c88d605aa7ded900e1e7c344ba\",\"name\":\"miro.sopko\",\"image\":{\"@type\":\"ImageObject\",\"inLanguage\":\"en-US\",\"@id\":\"https:\/\/secure.gravatar.com\/avatar\/267e4a36f704376c109afe3a78740c1f5dd8675a2180a908699e7863c9247606?s=96&d=mm&r=g\",\"url\":\"https:\/\/secure.gravatar.com\/avatar\/267e4a36f704376c109afe3a78740c1f5dd8675a2180a908699e7863c9247606?s=96&d=mm&r=g\",\"contentUrl\":\"https:\/\/secure.gravatar.com\/avatar\/267e4a36f704376c109afe3a78740c1f5dd8675a2180a908699e7863c9247606?s=96&d=mm&r=g\",\"caption\":\"miro.sopko\"},\"url\":\"https:\/\/www.smedemokrati.sk\/en\/author\/miro-sopko\/\"}]}<\/script>\n<!-- \/ Yoast SEO plugin. -->","yoast_head_json":{"title":"Demokrati napadli rozhodnutia o povinnosti \u0161t\u00e1tu za san\u00e1ciu Istrochemu na prokurat\u00fare a M\u017dP SR","robots":{"index":"index","follow":"follow","max-snippet":"max-snippet:-1","max-image-preview":"max-image-preview:large","max-video-preview":"max-video-preview:-1"},"canonical":"https:\/\/www.smedemokrati.sk\/en\/demokrati-napadli-rozhodnutia-o-povinnosti-statu-za-sanaciu-istrochemu-na-prokurature-a-mzp-sr\/","og_locale":"en_US","og_type":"article","og_title":"[:sk]Demokrati napadli rozhodnutia o povinnosti \u0161t\u00e1tu za san\u00e1ciu Istrochemu na prokurat\u00fare a M\u017dP SR[:] - Smedemokrati.sk","og_description":"Z\u00e1konnos\u0165 troch rozhodnut\u00ed Okresn\u00e9ho \u00faradu Bratislava z leta tohto roku presk\u00fama Krajsk\u00e1 prokurat\u00fara v Bratislave. Demokrati \u010falej vyz\u00fdvaj\u00fa ministra Tarabu, aby na z\u00e1klade ich podnetu na mimoriadny opravn\u00fd prostriedok zru\u0161il rozhodnutia zakladaj\u00face povinnos\u0165 \u0161t\u00e1tu sanova\u0165 environment\u00e1lne z\u00e1\u0165a\u017ee v bratislavskom Istrocheme, spadaj\u00facom do imp\u00e9ria Andreja Babi\u0161a a aby a\u017e do preverenia na\u0161ich podnetov nepredkladal vl\u00e1de n\u00e1vrh [&hellip;]","og_url":"https:\/\/www.smedemokrati.sk\/en\/demokrati-napadli-rozhodnutia-o-povinnosti-statu-za-sanaciu-istrochemu-na-prokurature-a-mzp-sr\/","og_site_name":"Smedemokrati.sk","article_publisher":"https:\/\/www.facebook.com\/smedemokrati2023","article_published_time":"2025-12-03T17:55:00+00:00","article_modified_time":"2025-12-04T10:55:42+00:00","og_image":[{"width":1920,"height":1271,"url":"https:\/\/www.smedemokrati.sk\/wp-content\/uploads\/2024\/05\/taraba-amnestia-vyrub.jpg","type":"image\/jpeg"}],"author":"miro.sopko","twitter_card":"summary_large_image","twitter_misc":{"Written by":"miro.sopko","Est. reading time":"3 minutes"},"schema":{"@context":"https:\/\/schema.org","@graph":[{"@type":"Article","@id":"https:\/\/www.smedemokrati.sk\/demokrati-napadli-rozhodnutia-o-povinnosti-statu-za-sanaciu-istrochemu-na-prokurature-a-mzp-sr\/#article","isPartOf":{"@id":"https:\/\/www.smedemokrati.sk\/demokrati-napadli-rozhodnutia-o-povinnosti-statu-za-sanaciu-istrochemu-na-prokurature-a-mzp-sr\/"},"author":{"name":"miro.sopko","@id":"https:\/\/www.smedemokrati.sk\/#\/schema\/person\/21f147c88d605aa7ded900e1e7c344ba"},"headline":"Demokrati napadli rozhodnutia o povinnosti \u0161t\u00e1tu za san\u00e1ciu Istrochemu na prokurat\u00fare a M\u017dP SR","datePublished":"2025-12-03T17:55:00+00:00","dateModified":"2025-12-04T10:55:42+00:00","mainEntityOfPage":{"@id":"https:\/\/www.smedemokrati.sk\/demokrati-napadli-rozhodnutia-o-povinnosti-statu-za-sanaciu-istrochemu-na-prokurature-a-mzp-sr\/"},"wordCount":568,"publisher":{"@id":"https:\/\/www.smedemokrati.sk\/#organization"},"image":{"@id":"https:\/\/www.smedemokrati.sk\/demokrati-napadli-rozhodnutia-o-povinnosti-statu-za-sanaciu-istrochemu-na-prokurature-a-mzp-sr\/#primaryimage"},"thumbnailUrl":"https:\/\/www.smedemokrati.sk\/wp-content\/uploads\/2024\/05\/taraba-amnestia-vyrub.jpg","articleSection":["Tla\u010dov\u00e9 spr\u00e1vy"],"inLanguage":"en-US"},{"@type":"WebPage","@id":"https:\/\/www.smedemokrati.sk\/demokrati-napadli-rozhodnutia-o-povinnosti-statu-za-sanaciu-istrochemu-na-prokurature-a-mzp-sr\/","url":"https:\/\/www.smedemokrati.sk\/demokrati-napadli-rozhodnutia-o-povinnosti-statu-za-sanaciu-istrochemu-na-prokurature-a-mzp-sr\/","name":"Demokrati napadli rozhodnutia o povinnosti \u0161t\u00e1tu za san\u00e1ciu Istrochemu na prokurat\u00fare a M\u017dP SR","isPartOf":{"@id":"https:\/\/www.smedemokrati.sk\/#website"},"primaryImageOfPage":{"@id":"https:\/\/www.smedemokrati.sk\/demokrati-napadli-rozhodnutia-o-povinnosti-statu-za-sanaciu-istrochemu-na-prokurature-a-mzp-sr\/#primaryimage"},"image":{"@id":"https:\/\/www.smedemokrati.sk\/demokrati-napadli-rozhodnutia-o-povinnosti-statu-za-sanaciu-istrochemu-na-prokurature-a-mzp-sr\/#primaryimage"},"thumbnailUrl":"https:\/\/www.smedemokrati.sk\/wp-content\/uploads\/2024\/05\/taraba-amnestia-vyrub.jpg","datePublished":"2025-12-03T17:55:00+00:00","dateModified":"2025-12-04T10:55:42+00:00","breadcrumb":{"@id":"https:\/\/www.smedemokrati.sk\/demokrati-napadli-rozhodnutia-o-povinnosti-statu-za-sanaciu-istrochemu-na-prokurature-a-mzp-sr\/#breadcrumb"},"inLanguage":"en-US","potentialAction":[{"@type":"ReadAction","target":["https:\/\/www.smedemokrati.sk\/demokrati-napadli-rozhodnutia-o-povinnosti-statu-za-sanaciu-istrochemu-na-prokurature-a-mzp-sr\/"]}]},{"@type":"ImageObject","inLanguage":"en-US","@id":"https:\/\/www.smedemokrati.sk\/demokrati-napadli-rozhodnutia-o-povinnosti-statu-za-sanaciu-istrochemu-na-prokurature-a-mzp-sr\/#primaryimage","url":"https:\/\/www.smedemokrati.sk\/wp-content\/uploads\/2024\/05\/taraba-amnestia-vyrub.jpg","contentUrl":"https:\/\/www.smedemokrati.sk\/wp-content\/uploads\/2024\/05\/taraba-amnestia-vyrub.jpg","width":1920,"height":1271},{"@type":"BreadcrumbList","@id":"https:\/\/www.smedemokrati.sk\/demokrati-napadli-rozhodnutia-o-povinnosti-statu-za-sanaciu-istrochemu-na-prokurature-a-mzp-sr\/#breadcrumb","itemListElement":[{"@type":"ListItem","position":1,"name":"Domovsk\u00e1 str\u00e1nka","item":"https:\/\/www.smedemokrati.sk\/"},{"@type":"ListItem","position":2,"name":"Demokrati napadli rozhodnutia o povinnosti \u0161t\u00e1tu za san\u00e1ciu Istrochemu na prokurat\u00fare a M\u017dP SR"}]},{"@type":"WebSite","@id":"https:\/\/www.smedemokrati.sk\/#website","url":"https:\/\/www.smedemokrati.sk\/","name":"Smedemokrati.sk","description":"Demokracia a slu\u0161nos\u0165 zv\u00ed\u0165az\u00ed","publisher":{"@id":"https:\/\/www.smedemokrati.sk\/#organization"},"potentialAction":[{"@type":"SearchAction","target":{"@type":"EntryPoint","urlTemplate":"https:\/\/www.smedemokrati.sk\/?s={search_term_string}"},"query-input":{"@type":"PropertyValueSpecification","valueRequired":true,"valueName":"search_term_string"}}],"inLanguage":"en-US"},{"@type":"Organization","@id":"https:\/\/www.smedemokrati.sk\/#organization","name":"Smedemokrati.sk","url":"https:\/\/www.smedemokrati.sk\/","logo":{"@type":"ImageObject","inLanguage":"en-US","@id":"https:\/\/www.smedemokrati.sk\/#\/schema\/logo\/image\/","url":"https:\/\/www.smedemokrati.sk\/wp-content\/uploads\/2023\/04\/ff.002.jpeg","contentUrl":"https:\/\/www.smedemokrati.sk\/wp-content\/uploads\/2023\/04\/ff.002.jpeg","width":640,"height":480,"caption":"Smedemokrati.sk"},"image":{"@id":"https:\/\/www.smedemokrati.sk\/#\/schema\/logo\/image\/"},"sameAs":["https:\/\/www.facebook.com\/smedemokrati2023"]},{"@type":"Person","@id":"https:\/\/www.smedemokrati.sk\/#\/schema\/person\/21f147c88d605aa7ded900e1e7c344ba","name":"miro.sopko","image":{"@type":"ImageObject","inLanguage":"en-US","@id":"https:\/\/secure.gravatar.com\/avatar\/267e4a36f704376c109afe3a78740c1f5dd8675a2180a908699e7863c9247606?s=96&d=mm&r=g","url":"https:\/\/secure.gravatar.com\/avatar\/267e4a36f704376c109afe3a78740c1f5dd8675a2180a908699e7863c9247606?s=96&d=mm&r=g","contentUrl":"https:\/\/secure.gravatar.com\/avatar\/267e4a36f704376c109afe3a78740c1f5dd8675a2180a908699e7863c9247606?s=96&d=mm&r=g","caption":"miro.sopko"},"url":"https:\/\/www.smedemokrati.sk\/en\/author\/miro-sopko\/"}]}},"_links":{"self":[{"href":"https:\/\/www.smedemokrati.sk\/en\/wp-json\/wp\/v2\/posts\/8568","targetHints":{"allow":["GET"]}}],"collection":[{"href":"https:\/\/www.smedemokrati.sk\/en\/wp-json\/wp\/v2\/posts"}],"about":[{"href":"https:\/\/www.smedemokrati.sk\/en\/wp-json\/wp\/v2\/types\/post"}],"author":[{"embeddable":true,"href":"https:\/\/www.smedemokrati.sk\/en\/wp-json\/wp\/v2\/users\/13"}],"replies":[{"embeddable":true,"href":"https:\/\/www.smedemokrati.sk\/en\/wp-json\/wp\/v2\/comments?post=8568"}],"version-history":[{"count":1,"href":"https:\/\/www.smedemokrati.sk\/en\/wp-json\/wp\/v2\/posts\/8568\/revisions"}],"predecessor-version":[{"id":8569,"href":"https:\/\/www.smedemokrati.sk\/en\/wp-json\/wp\/v2\/posts\/8568\/revisions\/8569"}],"wp:featuredmedia":[{"embeddable":true,"href":"https:\/\/www.smedemokrati.sk\/en\/wp-json\/wp\/v2\/media\/4207"}],"wp:attachment":[{"href":"https:\/\/www.smedemokrati.sk\/en\/wp-json\/wp\/v2\/media?parent=8568"}],"wp:term":[{"taxonomy":"category","embeddable":true,"href":"https:\/\/www.smedemokrati.sk\/en\/wp-json\/wp\/v2\/categories?post=8568"},{"taxonomy":"post_tag","embeddable":true,"href":"https:\/\/www.smedemokrati.sk\/en\/wp-json\/wp\/v2\/tags?post=8568"}],"curies":[{"name":"wp","href":"https:\/\/api.w.org\/{rel}","templated":true}]}}