{"id":8562,"date":"2025-12-02T12:27:24","date_gmt":"2025-12-02T11:27:24","guid":{"rendered":"https:\/\/www.smedemokrati.sk\/?p=8562"},"modified":"2025-12-02T12:27:59","modified_gmt":"2025-12-02T11:27:59","slug":"huliak-plati-statisice-externym-pravnikom-zatial-co-internemu-pravnikovi-dal-v-auguste-plat-vyse-37-tisic-eur","status":"publish","type":"post","link":"https:\/\/www.smedemokrati.sk\/en\/huliak-plati-statisice-externym-pravnikom-zatial-co-internemu-pravnikovi-dal-v-auguste-plat-vyse-37-tisic-eur\/","title":{"rendered":"Huliak plat\u00ed st\u00e1tis\u00edce extern\u00fdm pr\u00e1vnikom, zatia\u013e \u010do intern\u00e9mu pr\u00e1vnikovi dal v auguste plat vy\u0161e 37 tis\u00edc eur"},"content":{"rendered":"<div id=\"fb-root\"><\/div>\n\n<p><strong>Strana&nbsp;Demokrati&nbsp;zverejnila \u010fal\u0161ie zistenia o plytvan\u00ed verejn\u00fdmi peniazmi na Ministerstve cestovn\u00e9ho ruchu a \u0161portu pod veden\u00edm Rudolfa Huliaka (SNS). Po zmluve na pr\u00e1vne slu\u017eby za&nbsp;600 000 eur&nbsp;s advok\u00e1tskou kancel\u00e1riou Garaj &#038; Partneri a marketingov\u00fdm st\u00e1nkom za rovnako 600 000 eur, dnes odkryli nad\u0161tandardn\u00e9 odmeny na rezorte. Gener\u00e1lny riadite\u013e sekcie legislat\u00edvy a pr\u00e1va si v auguste na v\u00fdplatnej p\u00e1ske na\u0161iel 37 319 eur, riadite\u013eka osobn\u00e9ho \u00faradu 24 103 eur v m\u00e1ji alebo riadite\u013eka odboru majetkov\u00fdch pr\u00e1v za rovnak\u00fd mesiac 17 760 eur.<\/strong><\/p>\n\n\n\n<p>Len na odmen\u00e1ch pre vybran\u00fdch \u013eud\u00ed na ministerstve bolo pod\u013ea zisten\u00ed strany vyplaten\u00fdch&nbsp;takmer 300 tis\u00edc Eur. Spolu s dvoma zmluvami, o ktor\u00fdch strana hovorila predo\u0161l\u00e9 dni (marketingov\u00fd st\u00e1nok a zmluva na pr\u00e1vne slu\u017eby) ide len v t\u00fdchto pr\u00edpadoch o sumu pribli\u017ene&nbsp;1,5 mili\u00f3na eur, ktor\u00e9 pod\u013ea strany minister Huliak \u201epre\u0161ustroval\u201c. U\u017e je \u00faplne jasn\u00e9, pre\u010do Huliak a jeho skupina tak vydierali Fica, aby dostal ministerstvo.<\/p>\n\n\n\n<p>Podpredseda strany Juraj \u0160eliga upozor\u0148uje, \u017ee Huliak poru\u0161il usmernenie ministerstva financi\u00ed, ke\u010f uzatvoril zmluvu na pr\u00e1vne slu\u017eby za 600 000 eur. \u0160eliga hovor\u00ed:&nbsp;<em>\u201eMinisterstvo cestovn\u00e9ho ruchu a \u0161portu je zlat\u00e1 ba\u0148a pre Huliaka a jeho \u013eud\u00ed. Be\u017en\u00e1 u\u010dite\u013eka, policajt \u010di zdravotn\u00e1 sestra robia za 1 300 \u2013 1 700 eur, zatia\u013e \u010do \u0161\u00e9f legislat\u00edvy dostane&nbsp; v auguste 37-tis\u00edc eur, pri\u010dom rezort k tomu zazmluvn\u00ed extern\u00fa firmu na pr\u00e1vne slu\u017eby za 600-tis\u00edc. Toto je zlodejina, nie zodpovedn\u00e1 spr\u00e1va \u0161t\u00e1tu. P\u00e1n Kamenick\u00fd, ako n\u00e1m toto idete vysvetli\u0165, pre\u010do ste to Huliakovi schv\u00e1lili?\u201c<\/em><\/p>\n\n\n\n<p>Bratislavsk\u00fd krajsk\u00fd predseda strany Dominik Sumbal zd\u00f4raznil:&nbsp;<em>\u201eV \u010dase, ke\u010f vl\u00e1da hovor\u00ed o \u0161etren\u00ed a za\u0165a\u017euje \u013eud\u00ed vy\u0161\u0161\u00edmi da\u0148ami a odvodmi, vypl\u00e1ca ministerstvo Huliaka takmer 300-tis\u00edc eur na odmen\u00e1ch pre p\u00e1r vyvolen\u00fdch. Slovensko je na ekonomickom chvoste a t\u00e1to vl\u00e1da ho zadl\u017euje ka\u017ed\u00fd de\u0148 viac a viac. Namiesto \u0161etrenia na strane \u0161t\u00e1tu tu vytvorili Klondike pre vyvolen\u00fdch.\u201c<\/em><\/p>\n\n\n\n<p>Jaroslav Na\u010f \u010falej dodal \u017ee:&nbsp;<em>\u201eAko minister obrany som v \u010dase vypuknutia vojny a covidu mal gener\u00e1lnych riadite\u013eov sekci\u00ed s platom okolo 3 000 \u2013 3 300 eur a odmenou maxim\u00e1lne do 100 % platu dvakr\u00e1t do roka. Ministerstvo obrany s desa\u0165tis\u00edcmi zamestnancov a vojakov pritom nepotrebovalo ani jednu extern\u00fa pr\u00e1vnu slu\u017ebu za st\u00e1tis\u00edce. Huliakov gener\u00e1lny riadite\u013e legislat\u00edvy m\u00e1 37-tis\u00edc odmenu a k tomu zmluvu na extern\u00e9 pr\u00e1vne slu\u017eby za 600-tis\u00edc eur. To je \u0161pinavos\u0165 a rozkr\u00e1danie verejn\u00fdch pe\u0148az\u00ed.\u201c<\/em><\/p>\n\n\n\n<p>Demokrati vyz\u00fdvaj\u00fa ministra&nbsp;Rudolfa Huliaka, ministra financi\u00ed&nbsp;Ladislava Kamenick\u00e9ho&nbsp;a predsedu vl\u00e1dy&nbsp;Roberta Fica, aby okam\u017eite vysvetlili: ako je mo\u017en\u00e9, \u017ee boli vyplaten\u00e9 tak\u00e9to extr\u00e9mne odmeny, pre\u010do bolo potrebn\u00e9 objedna\u0165 extern\u00e9 pr\u00e1vne slu\u017eby za 600 000 eur, pre\u010do bol st\u00e1nok v zahrani\u010d\u00ed zjavne predra\u017een\u00fd o desiatky a\u017e stovky percent.<\/p>\n\n\n\n<p>Strana Demokrati z\u00e1rove\u0148 avizuje, \u017ee bude v najbli\u017e\u0161\u00edch d\u0148och zverej\u0148ova\u0165 \u010fal\u0161ie a \u010fal\u0161ie konkr\u00e9tne inform\u00e1cie o tom, ako sa z Ministerstva cestovn\u00e9ho ruchu a \u0161portu stala \u201ezlat\u00e1 ba\u0148a\u201c pre nominantov ministra Rudolfa Huliaka.<\/p>\n\n\n\n<figure class=\"wp-block-embed is-type-video is-provider-youtube wp-block-embed-youtube wp-embed-aspect-16-9 wp-has-aspect-ratio\"><div class=\"wp-block-embed__wrapper\">\n<iframe title=\"Live: Huliakov konsolida\u010dn\u00fd marat\u00f3n, \u010das\u0165 2.\" width=\"500\" height=\"281\" src=\"https:\/\/www.youtube.com\/embed\/kM7wSgVUQLQ?feature=oembed\" frameborder=\"0\" allow=\"accelerometer; autoplay; clipboard-write; encrypted-media; gyroscope; picture-in-picture; web-share\" referrerpolicy=\"strict-origin-when-cross-origin\" allowfullscreen><\/iframe>\n<\/div><\/figure>\n","protected":false},"excerpt":{"rendered":"<p>Strana&nbsp;Demokrati&nbsp;zverejnila \u010fal\u0161ie zistenia o plytvan\u00ed verejn\u00fdmi peniazmi na Ministerstve cestovn\u00e9ho ruchu a \u0161portu pod veden\u00edm Rudolfa Huliaka (SNS). Po zmluve na pr\u00e1vne slu\u017eby za&nbsp;600 000 eur&nbsp;s advok\u00e1tskou kancel\u00e1riou Garaj &#038; Partneri a marketingov\u00fdm st\u00e1nkom za rovnako 600 000 eur, dnes odkryli nad\u0161tandardn\u00e9 odmeny na rezorte. Gener\u00e1lny riadite\u013e sekcie legislat\u00edvy a pr\u00e1va si v auguste na [&hellip;]<\/p>\n","protected":false},"author":13,"featured_media":8563,"comment_status":"closed","ping_status":"closed","sticky":false,"template":"","format":"standard","meta":{"_acf_changed":false,"ngg_post_thumbnail":0,"footnotes":""},"categories":[4],"tags":[],"class_list":["post-8562","post","type-post","status-publish","format-standard","has-post-thumbnail","hentry","category-tlacove-spravy"],"acf":[],"yoast_head":"<!-- This site is optimized with the Yoast SEO plugin v27.2 - https:\/\/yoast.com\/product\/yoast-seo-wordpress\/ -->\n<title>Huliak plat\u00ed st\u00e1tis\u00edce extern\u00fdm pr\u00e1vnikom, zatia\u013e \u010do intern\u00e9mu pr\u00e1vnikovi dal v auguste plat vy\u0161e 37 tis\u00edc eur<\/title>\n<meta name=\"robots\" content=\"index, follow, max-snippet:-1, max-image-preview:large, max-video-preview:-1\" \/>\n<link rel=\"canonical\" href=\"https:\/\/www.smedemokrati.sk\/en\/huliak-plati-statisice-externym-pravnikom-zatial-co-internemu-pravnikovi-dal-v-auguste-plat-vyse-37-tisic-eur\/\" \/>\n<meta property=\"og:locale\" content=\"en_US\" \/>\n<meta property=\"og:locale:alternate\" content=\"cs_CZ\" \/>\n<meta property=\"og:locale:alternate\" content=\"hu_HU\" \/>\n<meta property=\"og:locale:alternate\" content=\"sk_SK\" \/>\n<meta property=\"og:locale:alternate\" content=\"sv_SE\" \/>\n<meta property=\"og:type\" content=\"article\" \/>\n<meta property=\"og:title\" content=\"Huliak plat\u00ed st\u00e1tis\u00edce extern\u00fdm pr\u00e1vnikom, zatia\u013e \u010do intern\u00e9mu pr\u00e1vnikovi dal v auguste plat vy\u0161e 37 tis\u00edc eur\" \/>\n<meta property=\"og:description\" content=\"Strana&nbsp;Demokrati&nbsp;zverejnila \u010fal\u0161ie zistenia o plytvan\u00ed verejn\u00fdmi peniazmi na Ministerstve cestovn\u00e9ho ruchu a \u0161portu pod veden\u00edm Rudolfa Huliaka (SNS). Po zmluve na pr\u00e1vne slu\u017eby za&nbsp;600 000 eur&nbsp;s advok\u00e1tskou kancel\u00e1riou Garaj &amp; Partneri a marketingov\u00fdm st\u00e1nkom za rovnako 600 000 eur, dnes odkryli nad\u0161tandardn\u00e9 odmeny na rezorte. Gener\u00e1lny riadite\u013e sekcie legislat\u00edvy a pr\u00e1va si v auguste na [&hellip;]\" \/>\n<meta property=\"og:url\" content=\"https:\/\/www.smedemokrati.sk\/en\/huliak-plati-statisice-externym-pravnikom-zatial-co-internemu-pravnikovi-dal-v-auguste-plat-vyse-37-tisic-eur\/\" \/>\n<meta property=\"og:site_name\" content=\"Smedemokrati.sk\" \/>\n<meta property=\"article:publisher\" content=\"https:\/\/www.facebook.com\/smedemokrati2023\" \/>\n<meta property=\"article:published_time\" content=\"2025-12-02T11:27:24+00:00\" \/>\n<meta property=\"article:modified_time\" content=\"2025-12-02T11:27:59+00:00\" \/>\n<meta property=\"og:image\" content=\"https:\/\/www.smedemokrati.sk\/wp-content\/uploads\/2025\/12\/591627065_1425818912882634_4323322862596808980_n.jpg\" \/>\n\t<meta property=\"og:image:width\" content=\"1920\" \/>\n\t<meta property=\"og:image:height\" content=\"1080\" \/>\n\t<meta property=\"og:image:type\" content=\"image\/jpeg\" \/>\n<meta name=\"author\" content=\"miro.sopko\" \/>\n<meta name=\"twitter:card\" content=\"summary_large_image\" \/>\n<meta name=\"twitter:label1\" content=\"Written by\" \/>\n\t<meta name=\"twitter:data1\" content=\"miro.sopko\" \/>\n\t<meta name=\"twitter:label2\" content=\"Est. reading time\" \/>\n\t<meta name=\"twitter:data2\" content=\"3 minutes\" \/>\n<script type=\"application\/ld+json\" class=\"yoast-schema-graph\">{\"@context\":\"https:\/\/schema.org\",\"@graph\":[{\"@type\":\"Article\",\"@id\":\"https:\/\/www.smedemokrati.sk\/huliak-plati-statisice-externym-pravnikom-zatial-co-internemu-pravnikovi-dal-v-auguste-plat-vyse-37-tisic-eur\/#article\",\"isPartOf\":{\"@id\":\"https:\/\/www.smedemokrati.sk\/huliak-plati-statisice-externym-pravnikom-zatial-co-internemu-pravnikovi-dal-v-auguste-plat-vyse-37-tisic-eur\/\"},\"author\":{\"name\":\"miro.sopko\",\"@id\":\"https:\/\/www.smedemokrati.sk\/#\/schema\/person\/21f147c88d605aa7ded900e1e7c344ba\"},\"headline\":\"Huliak plat\u00ed st\u00e1tis\u00edce extern\u00fdm pr\u00e1vnikom, zatia\u013e \u010do intern\u00e9mu pr\u00e1vnikovi dal v auguste plat vy\u0161e 37 tis\u00edc eur\",\"datePublished\":\"2025-12-02T11:27:24+00:00\",\"dateModified\":\"2025-12-02T11:27:59+00:00\",\"mainEntityOfPage\":{\"@id\":\"https:\/\/www.smedemokrati.sk\/huliak-plati-statisice-externym-pravnikom-zatial-co-internemu-pravnikovi-dal-v-auguste-plat-vyse-37-tisic-eur\/\"},\"wordCount\":598,\"publisher\":{\"@id\":\"https:\/\/www.smedemokrati.sk\/#organization\"},\"image\":{\"@id\":\"https:\/\/www.smedemokrati.sk\/huliak-plati-statisice-externym-pravnikom-zatial-co-internemu-pravnikovi-dal-v-auguste-plat-vyse-37-tisic-eur\/#primaryimage\"},\"thumbnailUrl\":\"https:\/\/www.smedemokrati.sk\/wp-content\/uploads\/2025\/12\/591627065_1425818912882634_4323322862596808980_n.jpg\",\"articleSection\":[\"Tla\u010dov\u00e9 spr\u00e1vy\"],\"inLanguage\":\"en-US\"},{\"@type\":\"WebPage\",\"@id\":\"https:\/\/www.smedemokrati.sk\/huliak-plati-statisice-externym-pravnikom-zatial-co-internemu-pravnikovi-dal-v-auguste-plat-vyse-37-tisic-eur\/\",\"url\":\"https:\/\/www.smedemokrati.sk\/huliak-plati-statisice-externym-pravnikom-zatial-co-internemu-pravnikovi-dal-v-auguste-plat-vyse-37-tisic-eur\/\",\"name\":\"Huliak plat\u00ed st\u00e1tis\u00edce extern\u00fdm pr\u00e1vnikom, zatia\u013e \u010do intern\u00e9mu pr\u00e1vnikovi dal v auguste plat vy\u0161e 37 tis\u00edc eur\",\"isPartOf\":{\"@id\":\"https:\/\/www.smedemokrati.sk\/#website\"},\"primaryImageOfPage\":{\"@id\":\"https:\/\/www.smedemokrati.sk\/huliak-plati-statisice-externym-pravnikom-zatial-co-internemu-pravnikovi-dal-v-auguste-plat-vyse-37-tisic-eur\/#primaryimage\"},\"image\":{\"@id\":\"https:\/\/www.smedemokrati.sk\/huliak-plati-statisice-externym-pravnikom-zatial-co-internemu-pravnikovi-dal-v-auguste-plat-vyse-37-tisic-eur\/#primaryimage\"},\"thumbnailUrl\":\"https:\/\/www.smedemokrati.sk\/wp-content\/uploads\/2025\/12\/591627065_1425818912882634_4323322862596808980_n.jpg\",\"datePublished\":\"2025-12-02T11:27:24+00:00\",\"dateModified\":\"2025-12-02T11:27:59+00:00\",\"breadcrumb\":{\"@id\":\"https:\/\/www.smedemokrati.sk\/huliak-plati-statisice-externym-pravnikom-zatial-co-internemu-pravnikovi-dal-v-auguste-plat-vyse-37-tisic-eur\/#breadcrumb\"},\"inLanguage\":\"en-US\",\"potentialAction\":[{\"@type\":\"ReadAction\",\"target\":[\"https:\/\/www.smedemokrati.sk\/huliak-plati-statisice-externym-pravnikom-zatial-co-internemu-pravnikovi-dal-v-auguste-plat-vyse-37-tisic-eur\/\"]}]},{\"@type\":\"ImageObject\",\"inLanguage\":\"en-US\",\"@id\":\"https:\/\/www.smedemokrati.sk\/huliak-plati-statisice-externym-pravnikom-zatial-co-internemu-pravnikovi-dal-v-auguste-plat-vyse-37-tisic-eur\/#primaryimage\",\"url\":\"https:\/\/www.smedemokrati.sk\/wp-content\/uploads\/2025\/12\/591627065_1425818912882634_4323322862596808980_n.jpg\",\"contentUrl\":\"https:\/\/www.smedemokrati.sk\/wp-content\/uploads\/2025\/12\/591627065_1425818912882634_4323322862596808980_n.jpg\",\"width\":1920,\"height\":1080},{\"@type\":\"BreadcrumbList\",\"@id\":\"https:\/\/www.smedemokrati.sk\/huliak-plati-statisice-externym-pravnikom-zatial-co-internemu-pravnikovi-dal-v-auguste-plat-vyse-37-tisic-eur\/#breadcrumb\",\"itemListElement\":[{\"@type\":\"ListItem\",\"position\":1,\"name\":\"Domovsk\u00e1 str\u00e1nka\",\"item\":\"https:\/\/www.smedemokrati.sk\/\"},{\"@type\":\"ListItem\",\"position\":2,\"name\":\"Huliak plat\u00ed st\u00e1tis\u00edce extern\u00fdm pr\u00e1vnikom, zatia\u013e \u010do intern\u00e9mu pr\u00e1vnikovi dal v auguste plat vy\u0161e 37 tis\u00edc eur\"}]},{\"@type\":\"WebSite\",\"@id\":\"https:\/\/www.smedemokrati.sk\/#website\",\"url\":\"https:\/\/www.smedemokrati.sk\/\",\"name\":\"Smedemokrati.sk\",\"description\":\"Demokracia a slu\u0161nos\u0165 zv\u00ed\u0165az\u00ed\",\"publisher\":{\"@id\":\"https:\/\/www.smedemokrati.sk\/#organization\"},\"potentialAction\":[{\"@type\":\"SearchAction\",\"target\":{\"@type\":\"EntryPoint\",\"urlTemplate\":\"https:\/\/www.smedemokrati.sk\/?s={search_term_string}\"},\"query-input\":{\"@type\":\"PropertyValueSpecification\",\"valueRequired\":true,\"valueName\":\"search_term_string\"}}],\"inLanguage\":\"en-US\"},{\"@type\":\"Organization\",\"@id\":\"https:\/\/www.smedemokrati.sk\/#organization\",\"name\":\"Smedemokrati.sk\",\"url\":\"https:\/\/www.smedemokrati.sk\/\",\"logo\":{\"@type\":\"ImageObject\",\"inLanguage\":\"en-US\",\"@id\":\"https:\/\/www.smedemokrati.sk\/#\/schema\/logo\/image\/\",\"url\":\"https:\/\/www.smedemokrati.sk\/wp-content\/uploads\/2023\/04\/ff.002.jpeg\",\"contentUrl\":\"https:\/\/www.smedemokrati.sk\/wp-content\/uploads\/2023\/04\/ff.002.jpeg\",\"width\":640,\"height\":480,\"caption\":\"Smedemokrati.sk\"},\"image\":{\"@id\":\"https:\/\/www.smedemokrati.sk\/#\/schema\/logo\/image\/\"},\"sameAs\":[\"https:\/\/www.facebook.com\/smedemokrati2023\"]},{\"@type\":\"Person\",\"@id\":\"https:\/\/www.smedemokrati.sk\/#\/schema\/person\/21f147c88d605aa7ded900e1e7c344ba\",\"name\":\"miro.sopko\",\"image\":{\"@type\":\"ImageObject\",\"inLanguage\":\"en-US\",\"@id\":\"https:\/\/secure.gravatar.com\/avatar\/267e4a36f704376c109afe3a78740c1f5dd8675a2180a908699e7863c9247606?s=96&d=mm&r=g\",\"url\":\"https:\/\/secure.gravatar.com\/avatar\/267e4a36f704376c109afe3a78740c1f5dd8675a2180a908699e7863c9247606?s=96&d=mm&r=g\",\"contentUrl\":\"https:\/\/secure.gravatar.com\/avatar\/267e4a36f704376c109afe3a78740c1f5dd8675a2180a908699e7863c9247606?s=96&d=mm&r=g\",\"caption\":\"miro.sopko\"},\"url\":\"https:\/\/www.smedemokrati.sk\/en\/author\/miro-sopko\/\"}]}<\/script>\n<!-- \/ Yoast SEO plugin. -->","yoast_head_json":{"title":"Huliak plat\u00ed st\u00e1tis\u00edce extern\u00fdm pr\u00e1vnikom, zatia\u013e \u010do intern\u00e9mu pr\u00e1vnikovi dal v auguste plat vy\u0161e 37 tis\u00edc eur","robots":{"index":"index","follow":"follow","max-snippet":"max-snippet:-1","max-image-preview":"max-image-preview:large","max-video-preview":"max-video-preview:-1"},"canonical":"https:\/\/www.smedemokrati.sk\/en\/huliak-plati-statisice-externym-pravnikom-zatial-co-internemu-pravnikovi-dal-v-auguste-plat-vyse-37-tisic-eur\/","og_locale":"en_US","og_type":"article","og_title":"[:sk]Huliak plat\u00ed st\u00e1tis\u00edce extern\u00fdm pr\u00e1vnikom, zatia\u013e \u010do intern\u00e9mu pr\u00e1vnikovi dal v auguste plat vy\u0161e 37 tis\u00edc eur[:] - Smedemokrati.sk","og_description":"Strana&nbsp;Demokrati&nbsp;zverejnila \u010fal\u0161ie zistenia o plytvan\u00ed verejn\u00fdmi peniazmi na Ministerstve cestovn\u00e9ho ruchu a \u0161portu pod veden\u00edm Rudolfa Huliaka (SNS). Po zmluve na pr\u00e1vne slu\u017eby za&nbsp;600 000 eur&nbsp;s advok\u00e1tskou kancel\u00e1riou Garaj &#038; Partneri a marketingov\u00fdm st\u00e1nkom za rovnako 600 000 eur, dnes odkryli nad\u0161tandardn\u00e9 odmeny na rezorte. Gener\u00e1lny riadite\u013e sekcie legislat\u00edvy a pr\u00e1va si v auguste na [&hellip;]","og_url":"https:\/\/www.smedemokrati.sk\/en\/huliak-plati-statisice-externym-pravnikom-zatial-co-internemu-pravnikovi-dal-v-auguste-plat-vyse-37-tisic-eur\/","og_site_name":"Smedemokrati.sk","article_publisher":"https:\/\/www.facebook.com\/smedemokrati2023","article_published_time":"2025-12-02T11:27:24+00:00","article_modified_time":"2025-12-02T11:27:59+00:00","og_image":[{"width":1920,"height":1080,"url":"https:\/\/www.smedemokrati.sk\/wp-content\/uploads\/2025\/12\/591627065_1425818912882634_4323322862596808980_n.jpg","type":"image\/jpeg"}],"author":"miro.sopko","twitter_card":"summary_large_image","twitter_misc":{"Written by":"miro.sopko","Est. reading time":"3 minutes"},"schema":{"@context":"https:\/\/schema.org","@graph":[{"@type":"Article","@id":"https:\/\/www.smedemokrati.sk\/huliak-plati-statisice-externym-pravnikom-zatial-co-internemu-pravnikovi-dal-v-auguste-plat-vyse-37-tisic-eur\/#article","isPartOf":{"@id":"https:\/\/www.smedemokrati.sk\/huliak-plati-statisice-externym-pravnikom-zatial-co-internemu-pravnikovi-dal-v-auguste-plat-vyse-37-tisic-eur\/"},"author":{"name":"miro.sopko","@id":"https:\/\/www.smedemokrati.sk\/#\/schema\/person\/21f147c88d605aa7ded900e1e7c344ba"},"headline":"Huliak plat\u00ed st\u00e1tis\u00edce extern\u00fdm pr\u00e1vnikom, zatia\u013e \u010do intern\u00e9mu pr\u00e1vnikovi dal v auguste plat vy\u0161e 37 tis\u00edc eur","datePublished":"2025-12-02T11:27:24+00:00","dateModified":"2025-12-02T11:27:59+00:00","mainEntityOfPage":{"@id":"https:\/\/www.smedemokrati.sk\/huliak-plati-statisice-externym-pravnikom-zatial-co-internemu-pravnikovi-dal-v-auguste-plat-vyse-37-tisic-eur\/"},"wordCount":598,"publisher":{"@id":"https:\/\/www.smedemokrati.sk\/#organization"},"image":{"@id":"https:\/\/www.smedemokrati.sk\/huliak-plati-statisice-externym-pravnikom-zatial-co-internemu-pravnikovi-dal-v-auguste-plat-vyse-37-tisic-eur\/#primaryimage"},"thumbnailUrl":"https:\/\/www.smedemokrati.sk\/wp-content\/uploads\/2025\/12\/591627065_1425818912882634_4323322862596808980_n.jpg","articleSection":["Tla\u010dov\u00e9 spr\u00e1vy"],"inLanguage":"en-US"},{"@type":"WebPage","@id":"https:\/\/www.smedemokrati.sk\/huliak-plati-statisice-externym-pravnikom-zatial-co-internemu-pravnikovi-dal-v-auguste-plat-vyse-37-tisic-eur\/","url":"https:\/\/www.smedemokrati.sk\/huliak-plati-statisice-externym-pravnikom-zatial-co-internemu-pravnikovi-dal-v-auguste-plat-vyse-37-tisic-eur\/","name":"Huliak plat\u00ed st\u00e1tis\u00edce extern\u00fdm pr\u00e1vnikom, zatia\u013e \u010do intern\u00e9mu pr\u00e1vnikovi dal v auguste plat vy\u0161e 37 tis\u00edc eur","isPartOf":{"@id":"https:\/\/www.smedemokrati.sk\/#website"},"primaryImageOfPage":{"@id":"https:\/\/www.smedemokrati.sk\/huliak-plati-statisice-externym-pravnikom-zatial-co-internemu-pravnikovi-dal-v-auguste-plat-vyse-37-tisic-eur\/#primaryimage"},"image":{"@id":"https:\/\/www.smedemokrati.sk\/huliak-plati-statisice-externym-pravnikom-zatial-co-internemu-pravnikovi-dal-v-auguste-plat-vyse-37-tisic-eur\/#primaryimage"},"thumbnailUrl":"https:\/\/www.smedemokrati.sk\/wp-content\/uploads\/2025\/12\/591627065_1425818912882634_4323322862596808980_n.jpg","datePublished":"2025-12-02T11:27:24+00:00","dateModified":"2025-12-02T11:27:59+00:00","breadcrumb":{"@id":"https:\/\/www.smedemokrati.sk\/huliak-plati-statisice-externym-pravnikom-zatial-co-internemu-pravnikovi-dal-v-auguste-plat-vyse-37-tisic-eur\/#breadcrumb"},"inLanguage":"en-US","potentialAction":[{"@type":"ReadAction","target":["https:\/\/www.smedemokrati.sk\/huliak-plati-statisice-externym-pravnikom-zatial-co-internemu-pravnikovi-dal-v-auguste-plat-vyse-37-tisic-eur\/"]}]},{"@type":"ImageObject","inLanguage":"en-US","@id":"https:\/\/www.smedemokrati.sk\/huliak-plati-statisice-externym-pravnikom-zatial-co-internemu-pravnikovi-dal-v-auguste-plat-vyse-37-tisic-eur\/#primaryimage","url":"https:\/\/www.smedemokrati.sk\/wp-content\/uploads\/2025\/12\/591627065_1425818912882634_4323322862596808980_n.jpg","contentUrl":"https:\/\/www.smedemokrati.sk\/wp-content\/uploads\/2025\/12\/591627065_1425818912882634_4323322862596808980_n.jpg","width":1920,"height":1080},{"@type":"BreadcrumbList","@id":"https:\/\/www.smedemokrati.sk\/huliak-plati-statisice-externym-pravnikom-zatial-co-internemu-pravnikovi-dal-v-auguste-plat-vyse-37-tisic-eur\/#breadcrumb","itemListElement":[{"@type":"ListItem","position":1,"name":"Domovsk\u00e1 str\u00e1nka","item":"https:\/\/www.smedemokrati.sk\/"},{"@type":"ListItem","position":2,"name":"Huliak plat\u00ed st\u00e1tis\u00edce extern\u00fdm pr\u00e1vnikom, zatia\u013e \u010do intern\u00e9mu pr\u00e1vnikovi dal v auguste plat vy\u0161e 37 tis\u00edc eur"}]},{"@type":"WebSite","@id":"https:\/\/www.smedemokrati.sk\/#website","url":"https:\/\/www.smedemokrati.sk\/","name":"Smedemokrati.sk","description":"Demokracia a slu\u0161nos\u0165 zv\u00ed\u0165az\u00ed","publisher":{"@id":"https:\/\/www.smedemokrati.sk\/#organization"},"potentialAction":[{"@type":"SearchAction","target":{"@type":"EntryPoint","urlTemplate":"https:\/\/www.smedemokrati.sk\/?s={search_term_string}"},"query-input":{"@type":"PropertyValueSpecification","valueRequired":true,"valueName":"search_term_string"}}],"inLanguage":"en-US"},{"@type":"Organization","@id":"https:\/\/www.smedemokrati.sk\/#organization","name":"Smedemokrati.sk","url":"https:\/\/www.smedemokrati.sk\/","logo":{"@type":"ImageObject","inLanguage":"en-US","@id":"https:\/\/www.smedemokrati.sk\/#\/schema\/logo\/image\/","url":"https:\/\/www.smedemokrati.sk\/wp-content\/uploads\/2023\/04\/ff.002.jpeg","contentUrl":"https:\/\/www.smedemokrati.sk\/wp-content\/uploads\/2023\/04\/ff.002.jpeg","width":640,"height":480,"caption":"Smedemokrati.sk"},"image":{"@id":"https:\/\/www.smedemokrati.sk\/#\/schema\/logo\/image\/"},"sameAs":["https:\/\/www.facebook.com\/smedemokrati2023"]},{"@type":"Person","@id":"https:\/\/www.smedemokrati.sk\/#\/schema\/person\/21f147c88d605aa7ded900e1e7c344ba","name":"miro.sopko","image":{"@type":"ImageObject","inLanguage":"en-US","@id":"https:\/\/secure.gravatar.com\/avatar\/267e4a36f704376c109afe3a78740c1f5dd8675a2180a908699e7863c9247606?s=96&d=mm&r=g","url":"https:\/\/secure.gravatar.com\/avatar\/267e4a36f704376c109afe3a78740c1f5dd8675a2180a908699e7863c9247606?s=96&d=mm&r=g","contentUrl":"https:\/\/secure.gravatar.com\/avatar\/267e4a36f704376c109afe3a78740c1f5dd8675a2180a908699e7863c9247606?s=96&d=mm&r=g","caption":"miro.sopko"},"url":"https:\/\/www.smedemokrati.sk\/en\/author\/miro-sopko\/"}]}},"_links":{"self":[{"href":"https:\/\/www.smedemokrati.sk\/en\/wp-json\/wp\/v2\/posts\/8562","targetHints":{"allow":["GET"]}}],"collection":[{"href":"https:\/\/www.smedemokrati.sk\/en\/wp-json\/wp\/v2\/posts"}],"about":[{"href":"https:\/\/www.smedemokrati.sk\/en\/wp-json\/wp\/v2\/types\/post"}],"author":[{"embeddable":true,"href":"https:\/\/www.smedemokrati.sk\/en\/wp-json\/wp\/v2\/users\/13"}],"replies":[{"embeddable":true,"href":"https:\/\/www.smedemokrati.sk\/en\/wp-json\/wp\/v2\/comments?post=8562"}],"version-history":[{"count":1,"href":"https:\/\/www.smedemokrati.sk\/en\/wp-json\/wp\/v2\/posts\/8562\/revisions"}],"predecessor-version":[{"id":8564,"href":"https:\/\/www.smedemokrati.sk\/en\/wp-json\/wp\/v2\/posts\/8562\/revisions\/8564"}],"wp:featuredmedia":[{"embeddable":true,"href":"https:\/\/www.smedemokrati.sk\/en\/wp-json\/wp\/v2\/media\/8563"}],"wp:attachment":[{"href":"https:\/\/www.smedemokrati.sk\/en\/wp-json\/wp\/v2\/media?parent=8562"}],"wp:term":[{"taxonomy":"category","embeddable":true,"href":"https:\/\/www.smedemokrati.sk\/en\/wp-json\/wp\/v2\/categories?post=8562"},{"taxonomy":"post_tag","embeddable":true,"href":"https:\/\/www.smedemokrati.sk\/en\/wp-json\/wp\/v2\/tags?post=8562"}],"curies":[{"name":"wp","href":"https:\/\/api.w.org\/{rel}","templated":true}]}}