{"id":8441,"date":"2025-11-10T14:23:29","date_gmt":"2025-11-10T13:23:29","guid":{"rendered":"https:\/\/www.smedemokrati.sk\/?p=8441"},"modified":"2025-11-10T14:23:30","modified_gmt":"2025-11-10T13:23:30","slug":"hlas-ide-po-oznamovateloch-bartekov-zakon-sity-na-mieru-proti-curillovcom","status":"publish","type":"post","link":"https:\/\/www.smedemokrati.sk\/en\/hlas-ide-po-oznamovateloch-bartekov-zakon-sity-na-mieru-proti-curillovcom\/","title":{"rendered":"Hlas ide po oznamovate\u013eoch: Bartekov z\u00e1kon \u0161it\u00fd na mieru proti \u010curillovcom"},"content":{"rendered":"<div id=\"fb-root\"><\/div>\n\n<p><strong>Pred\u013a\u017een\u00e1 ruka ministra vn\u00fatra \u0160utaja E\u0161toka a prezidenta Pellegriniho, poslanec Martin Bartek (Hlas), predklad\u00e1 n\u00e1vrh z\u00e1kona, ktor\u00fd oslab\u00ed ochranu oznamovate\u013eov protispolo\u010denskej \u010dinnosti. Pod\u013ea Demokratov ide o \u010fal\u0161\u00ed pokus vl\u00e1dy uml\u010da\u0165 t\u00fdch, ktor\u00ed odha\u013euj\u00fa zneu\u017e\u00edvanie moci, korupciu a rozkr\u00e1danie verejn\u00fdch financi\u00ed.<\/strong><\/p>\n\n\n\n<p>Strana upozor\u0148uje, \u017ee novela m\u00f4\u017ee by\u0165 \u201e\u0161it\u00e1 na mieru\u201c konkr\u00e9tnej skupine policajtov, tzv. \u010curillovcom. Cie\u013eom m\u00e1 by\u0165 odobratie ich statusu oznamovate\u013eov, \u010d\u00edm by bolo jednoduch\u0161ie ich profesion\u00e1lne odstavi\u0165.<\/p>\n\n\n\n<p><em>\u201eStrana Hlas sa n\u00e1vrhom poslanca Barteka rozhodla v\u00fdrazne oslabi\u0165 postavenie oznamovate\u013eov protispolo\u010denskej \u010dinnosti. Zav\u00e1dzaj\u00fa nov\u00e9 prek\u00e1\u017eky, zamestn\u00e1vate\u013e sa bude m\u00f4c\u0165 odvol\u00e1va\u0165, ozn\u00e1menie bude podlieha\u0165 prokur\u00e1torsk\u00e9mu prieskumu a do procesu bude m\u00f4c\u0165 zasahova\u0165 mno\u017estvo subjektov. V praxi to znamen\u00e1, \u017ee napr\u00edklad policajt, ktor\u00fd by chcel nahl\u00e1si\u0165 nekal\u00e9 praktiky na ministerstve spravodlivosti, u\u017e nebude ma\u0165 n\u00e1rok na ochranu, preto\u017ee nie je priamo zamestnancom tohto rezortu,\u201c<\/em>&nbsp;povedal Juraj \u0160eliga, podpredseda strany Demokrati a dodal, \u017ee \u00faprava sa samozrejme dot\u00fdka nielen policajtov ale v\u0161etk\u00fdch, ktor\u00ed chc\u00fa nekal\u00fa \u010dinnos\u0165 nahl\u00e1si\u0165.&nbsp;<\/p>\n\n\n\n<p><em>\u201cJe to pomsta, ktor\u00e1 za\u010dala novelou trestn\u00e9ho z\u00e1kona a trestn\u00e9ho poriadku, pokra\u010dovala zru\u0161en\u00edm \u00daradu \u0161peci\u00e1lnej prokurat\u00fary a NAKA, dokona\u0165 ju chc\u00fa t\u00fdm, \u017ee \u0161t\u00e1t postupne znefunk\u010dn\u00ed \u00darad na ochranu oznamovate\u013eov protispolo\u010denskej \u010dinnosti. Takto sa nespr\u00e1va vl\u00e1dna koal\u00edcia, ktor\u00e1 chce bojova\u0165 proti korupcii, takto sa spr\u00e1va koal\u00edcia, ktor\u00e1 sa tvar\u00ed, \u017ee skutok sa nestal!\u201d&nbsp;<\/em>hovor\u00ed Juraj \u0160eliga, podpredseda Demokratov.<\/p>\n\n\n\n<p>Pod\u013ea Demokratov ide o \u00fa\u010delov\u00fd n\u00e1vrh, ktor\u00fd m\u00e1 pom\u00f4c\u0165 vl\u00e1dnej moci zbavi\u0165 sa nepohodln\u00fdch policajtov \u010di \u00faradn\u00edkov.<\/p>\n\n\n\n<p><em>\u201eDomnievame sa, \u017ee tento, prep\u00e1\u010dte, hl\u00fapy z\u00e1kon je \u0161it\u00fd na mieru proti \u010curillovcom, aby im mohol by\u0165 odobrat\u00fd status oznamovate\u013ea a vl\u00e1da ich mohla definit\u00edvne odstavi\u0165. Z\u00e1kon m\u00e1 by\u0165 \u00fa\u010dinn\u00fd od 1. marca 2026, no umo\u017e\u0148uje aj sp\u00e4tn\u00e9 presk\u00famanie u\u017e vydan\u00fdch rozhodnut\u00ed, \u010do otv\u00e1ra priestor na politick\u00e9 \u010distky. Nie je n\u00e1hoda, \u017ee pr\u00e1ve Hlas a jeho \u013eudia sa sna\u017eia uml\u010da\u0165 t\u00fdch, ktor\u00ed odha\u013eovali ich vlastn\u00e9 kauzy,\u201c<\/em>&nbsp;uviedol Michal Ki\u010da, \u010dlen predsedn\u00edctva Demokratov.<\/p>\n\n\n\n<p>Demokrati ozn\u00e1mili, \u017ee prostredn\u00edctvom poslanca \u013dubom\u00edra Galka bud\u00fa v pl\u00e9ne N\u00e1rodnej rady proti n\u00e1vrhu z\u00e1kona akt\u00edvne vystupova\u0165 a hlasova\u0165 proti nemu.<\/p>\n\n\n\n<figure class=\"wp-block-embed is-type-video is-provider-youtube wp-block-embed-youtube wp-embed-aspect-16-9 wp-has-aspect-ratio\"><div class=\"wp-block-embed__wrapper\">\n<iframe title=\"Reakcia na vyhl\u00e1senie R. Fica v s\u00favislosti s nehodou vlakov\" width=\"500\" height=\"281\" src=\"https:\/\/www.youtube.com\/embed\/7FqFcWMnQIk?feature=oembed\" frameborder=\"0\" allow=\"accelerometer; autoplay; clipboard-write; encrypted-media; gyroscope; picture-in-picture; web-share\" referrerpolicy=\"strict-origin-when-cross-origin\" allowfullscreen><\/iframe>\n<\/div><\/figure>\n","protected":false},"excerpt":{"rendered":"<p>Pred\u013a\u017een\u00e1 ruka ministra vn\u00fatra \u0160utaja E\u0161toka a prezidenta Pellegriniho, poslanec Martin Bartek (Hlas), predklad\u00e1 n\u00e1vrh z\u00e1kona, ktor\u00fd oslab\u00ed ochranu oznamovate\u013eov protispolo\u010denskej \u010dinnosti. Pod\u013ea Demokratov ide o \u010fal\u0161\u00ed pokus vl\u00e1dy uml\u010da\u0165 t\u00fdch, ktor\u00ed odha\u013euj\u00fa zneu\u017e\u00edvanie moci, korupciu a rozkr\u00e1danie verejn\u00fdch financi\u00ed. Strana upozor\u0148uje, \u017ee novela m\u00f4\u017ee by\u0165 \u201e\u0161it\u00e1 na mieru\u201c konkr\u00e9tnej skupine policajtov, tzv. \u010curillovcom. Cie\u013eom [&hellip;]<\/p>\n","protected":false},"author":13,"featured_media":8442,"comment_status":"closed","ping_status":"closed","sticky":false,"template":"","format":"standard","meta":{"_acf_changed":false,"ngg_post_thumbnail":0,"footnotes":""},"categories":[4],"tags":[],"class_list":["post-8441","post","type-post","status-publish","format-standard","has-post-thumbnail","hentry","category-tlacove-spravy"],"acf":[],"yoast_head":"<!-- This site is optimized with the Yoast SEO plugin v27.2 - https:\/\/yoast.com\/product\/yoast-seo-wordpress\/ -->\n<title>Hlas ide po oznamovate\u013eoch: Bartekov z\u00e1kon \u0161it\u00fd na mieru proti \u010curillovcom<\/title>\n<meta name=\"robots\" content=\"index, follow, max-snippet:-1, max-image-preview:large, max-video-preview:-1\" \/>\n<link rel=\"canonical\" href=\"https:\/\/www.smedemokrati.sk\/en\/hlas-ide-po-oznamovateloch-bartekov-zakon-sity-na-mieru-proti-curillovcom\/\" \/>\n<meta property=\"og:locale\" content=\"en_US\" \/>\n<meta property=\"og:locale:alternate\" content=\"cs_CZ\" \/>\n<meta property=\"og:locale:alternate\" content=\"hu_HU\" \/>\n<meta property=\"og:locale:alternate\" content=\"sk_SK\" \/>\n<meta property=\"og:locale:alternate\" content=\"sv_SE\" \/>\n<meta property=\"og:type\" content=\"article\" \/>\n<meta property=\"og:title\" content=\"Hlas ide po oznamovate\u013eoch: Bartekov z\u00e1kon \u0161it\u00fd na mieru proti \u010curillovcom\" \/>\n<meta property=\"og:description\" content=\"Pred\u013a\u017een\u00e1 ruka ministra vn\u00fatra \u0160utaja E\u0161toka a prezidenta Pellegriniho, poslanec Martin Bartek (Hlas), predklad\u00e1 n\u00e1vrh z\u00e1kona, ktor\u00fd oslab\u00ed ochranu oznamovate\u013eov protispolo\u010denskej \u010dinnosti. Pod\u013ea Demokratov ide o \u010fal\u0161\u00ed pokus vl\u00e1dy uml\u010da\u0165 t\u00fdch, ktor\u00ed odha\u013euj\u00fa zneu\u017e\u00edvanie moci, korupciu a rozkr\u00e1danie verejn\u00fdch financi\u00ed. Strana upozor\u0148uje, \u017ee novela m\u00f4\u017ee by\u0165 \u201e\u0161it\u00e1 na mieru\u201c konkr\u00e9tnej skupine policajtov, tzv. \u010curillovcom. Cie\u013eom [&hellip;]\" \/>\n<meta property=\"og:url\" content=\"https:\/\/www.smedemokrati.sk\/en\/hlas-ide-po-oznamovateloch-bartekov-zakon-sity-na-mieru-proti-curillovcom\/\" \/>\n<meta property=\"og:site_name\" content=\"Smedemokrati.sk\" \/>\n<meta property=\"article:publisher\" content=\"https:\/\/www.facebook.com\/smedemokrati2023\" \/>\n<meta property=\"article:published_time\" content=\"2025-11-10T13:23:29+00:00\" \/>\n<meta property=\"article:modified_time\" content=\"2025-11-10T13:23:30+00:00\" \/>\n<meta property=\"og:image\" content=\"https:\/\/www.smedemokrati.sk\/wp-content\/uploads\/2025\/11\/hlas-proti-curilovcom.jpg\" \/>\n\t<meta property=\"og:image:width\" content=\"1280\" \/>\n\t<meta property=\"og:image:height\" content=\"720\" \/>\n\t<meta property=\"og:image:type\" content=\"image\/jpeg\" \/>\n<meta name=\"author\" content=\"miro.sopko\" \/>\n<meta name=\"twitter:card\" content=\"summary_large_image\" \/>\n<meta name=\"twitter:label1\" content=\"Written by\" \/>\n\t<meta name=\"twitter:data1\" content=\"miro.sopko\" \/>\n\t<meta name=\"twitter:label2\" content=\"Est. reading time\" \/>\n\t<meta name=\"twitter:data2\" content=\"2 minutes\" \/>\n<script type=\"application\/ld+json\" class=\"yoast-schema-graph\">{\"@context\":\"https:\/\/schema.org\",\"@graph\":[{\"@type\":\"Article\",\"@id\":\"https:\/\/www.smedemokrati.sk\/hlas-ide-po-oznamovateloch-bartekov-zakon-sity-na-mieru-proti-curillovcom\/#article\",\"isPartOf\":{\"@id\":\"https:\/\/www.smedemokrati.sk\/hlas-ide-po-oznamovateloch-bartekov-zakon-sity-na-mieru-proti-curillovcom\/\"},\"author\":{\"name\":\"miro.sopko\",\"@id\":\"https:\/\/www.smedemokrati.sk\/#\/schema\/person\/21f147c88d605aa7ded900e1e7c344ba\"},\"headline\":\"Hlas ide po oznamovate\u013eoch: Bartekov z\u00e1kon \u0161it\u00fd na mieru proti \u010curillovcom\",\"datePublished\":\"2025-11-10T13:23:29+00:00\",\"dateModified\":\"2025-11-10T13:23:30+00:00\",\"mainEntityOfPage\":{\"@id\":\"https:\/\/www.smedemokrati.sk\/hlas-ide-po-oznamovateloch-bartekov-zakon-sity-na-mieru-proti-curillovcom\/\"},\"wordCount\":442,\"publisher\":{\"@id\":\"https:\/\/www.smedemokrati.sk\/#organization\"},\"image\":{\"@id\":\"https:\/\/www.smedemokrati.sk\/hlas-ide-po-oznamovateloch-bartekov-zakon-sity-na-mieru-proti-curillovcom\/#primaryimage\"},\"thumbnailUrl\":\"https:\/\/www.smedemokrati.sk\/wp-content\/uploads\/2025\/11\/hlas-proti-curilovcom.jpg\",\"articleSection\":[\"Tla\u010dov\u00e9 spr\u00e1vy\"],\"inLanguage\":\"en-US\"},{\"@type\":\"WebPage\",\"@id\":\"https:\/\/www.smedemokrati.sk\/hlas-ide-po-oznamovateloch-bartekov-zakon-sity-na-mieru-proti-curillovcom\/\",\"url\":\"https:\/\/www.smedemokrati.sk\/hlas-ide-po-oznamovateloch-bartekov-zakon-sity-na-mieru-proti-curillovcom\/\",\"name\":\"Hlas ide po oznamovate\u013eoch: Bartekov z\u00e1kon \u0161it\u00fd na mieru proti \u010curillovcom\",\"isPartOf\":{\"@id\":\"https:\/\/www.smedemokrati.sk\/#website\"},\"primaryImageOfPage\":{\"@id\":\"https:\/\/www.smedemokrati.sk\/hlas-ide-po-oznamovateloch-bartekov-zakon-sity-na-mieru-proti-curillovcom\/#primaryimage\"},\"image\":{\"@id\":\"https:\/\/www.smedemokrati.sk\/hlas-ide-po-oznamovateloch-bartekov-zakon-sity-na-mieru-proti-curillovcom\/#primaryimage\"},\"thumbnailUrl\":\"https:\/\/www.smedemokrati.sk\/wp-content\/uploads\/2025\/11\/hlas-proti-curilovcom.jpg\",\"datePublished\":\"2025-11-10T13:23:29+00:00\",\"dateModified\":\"2025-11-10T13:23:30+00:00\",\"breadcrumb\":{\"@id\":\"https:\/\/www.smedemokrati.sk\/hlas-ide-po-oznamovateloch-bartekov-zakon-sity-na-mieru-proti-curillovcom\/#breadcrumb\"},\"inLanguage\":\"en-US\",\"potentialAction\":[{\"@type\":\"ReadAction\",\"target\":[\"https:\/\/www.smedemokrati.sk\/hlas-ide-po-oznamovateloch-bartekov-zakon-sity-na-mieru-proti-curillovcom\/\"]}]},{\"@type\":\"ImageObject\",\"inLanguage\":\"en-US\",\"@id\":\"https:\/\/www.smedemokrati.sk\/hlas-ide-po-oznamovateloch-bartekov-zakon-sity-na-mieru-proti-curillovcom\/#primaryimage\",\"url\":\"https:\/\/www.smedemokrati.sk\/wp-content\/uploads\/2025\/11\/hlas-proti-curilovcom.jpg\",\"contentUrl\":\"https:\/\/www.smedemokrati.sk\/wp-content\/uploads\/2025\/11\/hlas-proti-curilovcom.jpg\",\"width\":1280,\"height\":720},{\"@type\":\"BreadcrumbList\",\"@id\":\"https:\/\/www.smedemokrati.sk\/hlas-ide-po-oznamovateloch-bartekov-zakon-sity-na-mieru-proti-curillovcom\/#breadcrumb\",\"itemListElement\":[{\"@type\":\"ListItem\",\"position\":1,\"name\":\"Domovsk\u00e1 str\u00e1nka\",\"item\":\"https:\/\/www.smedemokrati.sk\/\"},{\"@type\":\"ListItem\",\"position\":2,\"name\":\"Hlas ide po oznamovate\u013eoch: Bartekov z\u00e1kon \u0161it\u00fd na mieru proti \u010curillovcom\"}]},{\"@type\":\"WebSite\",\"@id\":\"https:\/\/www.smedemokrati.sk\/#website\",\"url\":\"https:\/\/www.smedemokrati.sk\/\",\"name\":\"Smedemokrati.sk\",\"description\":\"Demokracia a slu\u0161nos\u0165 zv\u00ed\u0165az\u00ed\",\"publisher\":{\"@id\":\"https:\/\/www.smedemokrati.sk\/#organization\"},\"potentialAction\":[{\"@type\":\"SearchAction\",\"target\":{\"@type\":\"EntryPoint\",\"urlTemplate\":\"https:\/\/www.smedemokrati.sk\/?s={search_term_string}\"},\"query-input\":{\"@type\":\"PropertyValueSpecification\",\"valueRequired\":true,\"valueName\":\"search_term_string\"}}],\"inLanguage\":\"en-US\"},{\"@type\":\"Organization\",\"@id\":\"https:\/\/www.smedemokrati.sk\/#organization\",\"name\":\"Smedemokrati.sk\",\"url\":\"https:\/\/www.smedemokrati.sk\/\",\"logo\":{\"@type\":\"ImageObject\",\"inLanguage\":\"en-US\",\"@id\":\"https:\/\/www.smedemokrati.sk\/#\/schema\/logo\/image\/\",\"url\":\"https:\/\/www.smedemokrati.sk\/wp-content\/uploads\/2023\/04\/ff.002.jpeg\",\"contentUrl\":\"https:\/\/www.smedemokrati.sk\/wp-content\/uploads\/2023\/04\/ff.002.jpeg\",\"width\":640,\"height\":480,\"caption\":\"Smedemokrati.sk\"},\"image\":{\"@id\":\"https:\/\/www.smedemokrati.sk\/#\/schema\/logo\/image\/\"},\"sameAs\":[\"https:\/\/www.facebook.com\/smedemokrati2023\"]},{\"@type\":\"Person\",\"@id\":\"https:\/\/www.smedemokrati.sk\/#\/schema\/person\/21f147c88d605aa7ded900e1e7c344ba\",\"name\":\"miro.sopko\",\"image\":{\"@type\":\"ImageObject\",\"inLanguage\":\"en-US\",\"@id\":\"https:\/\/secure.gravatar.com\/avatar\/267e4a36f704376c109afe3a78740c1f5dd8675a2180a908699e7863c9247606?s=96&d=mm&r=g\",\"url\":\"https:\/\/secure.gravatar.com\/avatar\/267e4a36f704376c109afe3a78740c1f5dd8675a2180a908699e7863c9247606?s=96&d=mm&r=g\",\"contentUrl\":\"https:\/\/secure.gravatar.com\/avatar\/267e4a36f704376c109afe3a78740c1f5dd8675a2180a908699e7863c9247606?s=96&d=mm&r=g\",\"caption\":\"miro.sopko\"},\"url\":\"https:\/\/www.smedemokrati.sk\/en\/author\/miro-sopko\/\"}]}<\/script>\n<!-- \/ Yoast SEO plugin. -->","yoast_head_json":{"title":"Hlas ide po oznamovate\u013eoch: Bartekov z\u00e1kon \u0161it\u00fd na mieru proti \u010curillovcom","robots":{"index":"index","follow":"follow","max-snippet":"max-snippet:-1","max-image-preview":"max-image-preview:large","max-video-preview":"max-video-preview:-1"},"canonical":"https:\/\/www.smedemokrati.sk\/en\/hlas-ide-po-oznamovateloch-bartekov-zakon-sity-na-mieru-proti-curillovcom\/","og_locale":"en_US","og_type":"article","og_title":"[:sk]Hlas ide po oznamovate\u013eoch: Bartekov z\u00e1kon \u0161it\u00fd na mieru proti \u010curillovcom[:] - Smedemokrati.sk","og_description":"Pred\u013a\u017een\u00e1 ruka ministra vn\u00fatra \u0160utaja E\u0161toka a prezidenta Pellegriniho, poslanec Martin Bartek (Hlas), predklad\u00e1 n\u00e1vrh z\u00e1kona, ktor\u00fd oslab\u00ed ochranu oznamovate\u013eov protispolo\u010denskej \u010dinnosti. Pod\u013ea Demokratov ide o \u010fal\u0161\u00ed pokus vl\u00e1dy uml\u010da\u0165 t\u00fdch, ktor\u00ed odha\u013euj\u00fa zneu\u017e\u00edvanie moci, korupciu a rozkr\u00e1danie verejn\u00fdch financi\u00ed. Strana upozor\u0148uje, \u017ee novela m\u00f4\u017ee by\u0165 \u201e\u0161it\u00e1 na mieru\u201c konkr\u00e9tnej skupine policajtov, tzv. \u010curillovcom. Cie\u013eom [&hellip;]","og_url":"https:\/\/www.smedemokrati.sk\/en\/hlas-ide-po-oznamovateloch-bartekov-zakon-sity-na-mieru-proti-curillovcom\/","og_site_name":"Smedemokrati.sk","article_publisher":"https:\/\/www.facebook.com\/smedemokrati2023","article_published_time":"2025-11-10T13:23:29+00:00","article_modified_time":"2025-11-10T13:23:30+00:00","og_image":[{"width":1280,"height":720,"url":"https:\/\/www.smedemokrati.sk\/wp-content\/uploads\/2025\/11\/hlas-proti-curilovcom.jpg","type":"image\/jpeg"}],"author":"miro.sopko","twitter_card":"summary_large_image","twitter_misc":{"Written by":"miro.sopko","Est. reading time":"2 minutes"},"schema":{"@context":"https:\/\/schema.org","@graph":[{"@type":"Article","@id":"https:\/\/www.smedemokrati.sk\/hlas-ide-po-oznamovateloch-bartekov-zakon-sity-na-mieru-proti-curillovcom\/#article","isPartOf":{"@id":"https:\/\/www.smedemokrati.sk\/hlas-ide-po-oznamovateloch-bartekov-zakon-sity-na-mieru-proti-curillovcom\/"},"author":{"name":"miro.sopko","@id":"https:\/\/www.smedemokrati.sk\/#\/schema\/person\/21f147c88d605aa7ded900e1e7c344ba"},"headline":"Hlas ide po oznamovate\u013eoch: Bartekov z\u00e1kon \u0161it\u00fd na mieru proti \u010curillovcom","datePublished":"2025-11-10T13:23:29+00:00","dateModified":"2025-11-10T13:23:30+00:00","mainEntityOfPage":{"@id":"https:\/\/www.smedemokrati.sk\/hlas-ide-po-oznamovateloch-bartekov-zakon-sity-na-mieru-proti-curillovcom\/"},"wordCount":442,"publisher":{"@id":"https:\/\/www.smedemokrati.sk\/#organization"},"image":{"@id":"https:\/\/www.smedemokrati.sk\/hlas-ide-po-oznamovateloch-bartekov-zakon-sity-na-mieru-proti-curillovcom\/#primaryimage"},"thumbnailUrl":"https:\/\/www.smedemokrati.sk\/wp-content\/uploads\/2025\/11\/hlas-proti-curilovcom.jpg","articleSection":["Tla\u010dov\u00e9 spr\u00e1vy"],"inLanguage":"en-US"},{"@type":"WebPage","@id":"https:\/\/www.smedemokrati.sk\/hlas-ide-po-oznamovateloch-bartekov-zakon-sity-na-mieru-proti-curillovcom\/","url":"https:\/\/www.smedemokrati.sk\/hlas-ide-po-oznamovateloch-bartekov-zakon-sity-na-mieru-proti-curillovcom\/","name":"Hlas ide po oznamovate\u013eoch: Bartekov z\u00e1kon \u0161it\u00fd na mieru proti \u010curillovcom","isPartOf":{"@id":"https:\/\/www.smedemokrati.sk\/#website"},"primaryImageOfPage":{"@id":"https:\/\/www.smedemokrati.sk\/hlas-ide-po-oznamovateloch-bartekov-zakon-sity-na-mieru-proti-curillovcom\/#primaryimage"},"image":{"@id":"https:\/\/www.smedemokrati.sk\/hlas-ide-po-oznamovateloch-bartekov-zakon-sity-na-mieru-proti-curillovcom\/#primaryimage"},"thumbnailUrl":"https:\/\/www.smedemokrati.sk\/wp-content\/uploads\/2025\/11\/hlas-proti-curilovcom.jpg","datePublished":"2025-11-10T13:23:29+00:00","dateModified":"2025-11-10T13:23:30+00:00","breadcrumb":{"@id":"https:\/\/www.smedemokrati.sk\/hlas-ide-po-oznamovateloch-bartekov-zakon-sity-na-mieru-proti-curillovcom\/#breadcrumb"},"inLanguage":"en-US","potentialAction":[{"@type":"ReadAction","target":["https:\/\/www.smedemokrati.sk\/hlas-ide-po-oznamovateloch-bartekov-zakon-sity-na-mieru-proti-curillovcom\/"]}]},{"@type":"ImageObject","inLanguage":"en-US","@id":"https:\/\/www.smedemokrati.sk\/hlas-ide-po-oznamovateloch-bartekov-zakon-sity-na-mieru-proti-curillovcom\/#primaryimage","url":"https:\/\/www.smedemokrati.sk\/wp-content\/uploads\/2025\/11\/hlas-proti-curilovcom.jpg","contentUrl":"https:\/\/www.smedemokrati.sk\/wp-content\/uploads\/2025\/11\/hlas-proti-curilovcom.jpg","width":1280,"height":720},{"@type":"BreadcrumbList","@id":"https:\/\/www.smedemokrati.sk\/hlas-ide-po-oznamovateloch-bartekov-zakon-sity-na-mieru-proti-curillovcom\/#breadcrumb","itemListElement":[{"@type":"ListItem","position":1,"name":"Domovsk\u00e1 str\u00e1nka","item":"https:\/\/www.smedemokrati.sk\/"},{"@type":"ListItem","position":2,"name":"Hlas ide po oznamovate\u013eoch: Bartekov z\u00e1kon \u0161it\u00fd na mieru proti \u010curillovcom"}]},{"@type":"WebSite","@id":"https:\/\/www.smedemokrati.sk\/#website","url":"https:\/\/www.smedemokrati.sk\/","name":"Smedemokrati.sk","description":"Demokracia a slu\u0161nos\u0165 zv\u00ed\u0165az\u00ed","publisher":{"@id":"https:\/\/www.smedemokrati.sk\/#organization"},"potentialAction":[{"@type":"SearchAction","target":{"@type":"EntryPoint","urlTemplate":"https:\/\/www.smedemokrati.sk\/?s={search_term_string}"},"query-input":{"@type":"PropertyValueSpecification","valueRequired":true,"valueName":"search_term_string"}}],"inLanguage":"en-US"},{"@type":"Organization","@id":"https:\/\/www.smedemokrati.sk\/#organization","name":"Smedemokrati.sk","url":"https:\/\/www.smedemokrati.sk\/","logo":{"@type":"ImageObject","inLanguage":"en-US","@id":"https:\/\/www.smedemokrati.sk\/#\/schema\/logo\/image\/","url":"https:\/\/www.smedemokrati.sk\/wp-content\/uploads\/2023\/04\/ff.002.jpeg","contentUrl":"https:\/\/www.smedemokrati.sk\/wp-content\/uploads\/2023\/04\/ff.002.jpeg","width":640,"height":480,"caption":"Smedemokrati.sk"},"image":{"@id":"https:\/\/www.smedemokrati.sk\/#\/schema\/logo\/image\/"},"sameAs":["https:\/\/www.facebook.com\/smedemokrati2023"]},{"@type":"Person","@id":"https:\/\/www.smedemokrati.sk\/#\/schema\/person\/21f147c88d605aa7ded900e1e7c344ba","name":"miro.sopko","image":{"@type":"ImageObject","inLanguage":"en-US","@id":"https:\/\/secure.gravatar.com\/avatar\/267e4a36f704376c109afe3a78740c1f5dd8675a2180a908699e7863c9247606?s=96&d=mm&r=g","url":"https:\/\/secure.gravatar.com\/avatar\/267e4a36f704376c109afe3a78740c1f5dd8675a2180a908699e7863c9247606?s=96&d=mm&r=g","contentUrl":"https:\/\/secure.gravatar.com\/avatar\/267e4a36f704376c109afe3a78740c1f5dd8675a2180a908699e7863c9247606?s=96&d=mm&r=g","caption":"miro.sopko"},"url":"https:\/\/www.smedemokrati.sk\/en\/author\/miro-sopko\/"}]}},"_links":{"self":[{"href":"https:\/\/www.smedemokrati.sk\/en\/wp-json\/wp\/v2\/posts\/8441","targetHints":{"allow":["GET"]}}],"collection":[{"href":"https:\/\/www.smedemokrati.sk\/en\/wp-json\/wp\/v2\/posts"}],"about":[{"href":"https:\/\/www.smedemokrati.sk\/en\/wp-json\/wp\/v2\/types\/post"}],"author":[{"embeddable":true,"href":"https:\/\/www.smedemokrati.sk\/en\/wp-json\/wp\/v2\/users\/13"}],"replies":[{"embeddable":true,"href":"https:\/\/www.smedemokrati.sk\/en\/wp-json\/wp\/v2\/comments?post=8441"}],"version-history":[{"count":1,"href":"https:\/\/www.smedemokrati.sk\/en\/wp-json\/wp\/v2\/posts\/8441\/revisions"}],"predecessor-version":[{"id":8443,"href":"https:\/\/www.smedemokrati.sk\/en\/wp-json\/wp\/v2\/posts\/8441\/revisions\/8443"}],"wp:featuredmedia":[{"embeddable":true,"href":"https:\/\/www.smedemokrati.sk\/en\/wp-json\/wp\/v2\/media\/8442"}],"wp:attachment":[{"href":"https:\/\/www.smedemokrati.sk\/en\/wp-json\/wp\/v2\/media?parent=8441"}],"wp:term":[{"taxonomy":"category","embeddable":true,"href":"https:\/\/www.smedemokrati.sk\/en\/wp-json\/wp\/v2\/categories?post=8441"},{"taxonomy":"post_tag","embeddable":true,"href":"https:\/\/www.smedemokrati.sk\/en\/wp-json\/wp\/v2\/tags?post=8441"}],"curies":[{"name":"wp","href":"https:\/\/api.w.org\/{rel}","templated":true}]}}