{"id":8410,"date":"2025-11-03T19:31:21","date_gmt":"2025-11-03T18:31:21","guid":{"rendered":"https:\/\/www.smedemokrati.sk\/?p=8410"},"modified":"2025-11-03T19:31:22","modified_gmt":"2025-11-03T18:31:22","slug":"projekt-zandari-je-sedou-pravnou-zonou-policajni-funkcionari-maju-mnozstvo-otazok-odpovede-neprichadzaju","status":"publish","type":"post","link":"https:\/\/www.smedemokrati.sk\/en\/projekt-zandari-je-sedou-pravnou-zonou-policajni-funkcionari-maju-mnozstvo-otazok-odpovede-neprichadzaju\/","title":{"rendered":"Projekt \u201e\u017eand\u00e1ri\u201c je \u0161edou pr\u00e1vnou z\u00f3nou. Policajn\u00ed funkcion\u00e1ri maj\u00fa mno\u017estvo ot\u00e1zok, odpovede neprich\u00e1dzaj\u00fa"},"content":{"rendered":"<div id=\"fb-root\"><\/div>\n\n<p><strong>Pod\u013ea materi\u00e1lov, ktor\u00e9 m\u00e1 strana Demokrati z ofici\u00e1lneho stretnutia v Banskej Bystrici, nie je projekt zriadenia \u017eand\u00e1rskeho zboru pripraven\u00fd, a to ani z legislat\u00edvneho, ani z administrat\u00edvneho, technick\u00e9ho \u010di kompeten\u010dn\u00e9ho h\u013eadiska. Projekt sp\u00f4sobuje chaos v policajnom zbore i vo Vojenskej pol\u00edcii a tie\u017e medzi verejnos\u0165ou.<\/strong><\/p>\n\n\n\n<p>Exminister obrany Jaroslav Na\u010f kritizuje, \u017ee minister Kali\u0148\u00e1k zria\u010fuje pod\u013ea ofici\u00e1lnych materi\u00e1lov \u010fal\u0161\u00ed ozbrojen\u00fd zbor, ktor\u00fd naz\u00fdva&nbsp;&#8220;nie profesion\u00e1lny&#8221; a deklaruje, \u017ee Demokrati, ak bud\u00fa jej s\u00fa\u010das\u0165ou, sa v \u010fal\u0161ej vl\u00e1de zasadia o jeho zru\u0161enie.<\/p>\n\n\n\n<p><em>\u201e28. okt\u00f3bra kv\u00f4li narastaj\u00facej nervozite riadiacich pracovn\u00edkov PZ, minister Kali\u0148\u00e1k zorganizoval v Banskej Bystrici stretnutie, ktor\u00e9 malo policajn\u00fdm funkcion\u00e1rom objasni\u0165 fungovanie a spolupr\u00e1cu medzi \u017eand\u00e1rmi a Policajn\u00fdm zborom. Vysvet\u013eova\u0165 pri\u0161iel poradca ministra &nbsp;\u00c1bel, b\u00fdval\u00fd viceprezident Policajn\u00e9ho zboru. Ot\u00e1zok bolo viac ne\u017e odpoved\u00ed, cel\u00e9 stretnutie skon\u010dilo absol\u00fatnym fiaskom. Projekt sp\u00f4sobuje chaos v \u0161trukt\u00fare pol\u00edcie a vytv\u00e1ra bezpe\u010dnostn\u00e9 riziko a tie\u017e nap\u00e4tie medzi vojakmi a policajtmi,\u201c<\/em>&nbsp;povedal Jaroslav Na\u010f. Na stretnut\u00ed sa z\u00fa\u010dastnilo 221 riadite\u013eov \u00fatvarov Policajn\u00e9ho zboru a 41 riadite\u013eov poriadkovej pol\u00edcie z cel\u00e9ho Slovenska.<\/p>\n\n\n\n<p>Pr\u00edslu\u0161n\u00edci mohli cez aplik\u00e1ciu Slido posiela\u0165 ot\u00e1zky, na ktor\u00e9 na mieste odpovedal, alebo nevedel odpoveda\u0165, z\u00e1stupca rezortu obrany, p\u00e1n \u00c1bel. Zaznelo viacero z\u00e1sadn\u00fdch v\u00fdhrad: nedefinovan\u00e9 kompetencie medzi Policajn\u00fdm zborom a \u017eand\u00e1rskym zborom, nezmyseln\u00e9 vyhadzovanie pe\u0148az\u00ed, ch\u00fdbaj\u00faca riadiaca l\u00ednia alebo napr\u00edklad nelogick\u00e9 \u00fazemn\u00e9 obmedzenia p\u00f4sobnosti (napr\u00edklad navrhovan\u00e9 30 km od domovsk\u00e9ho \u00fatvaru, po ktor\u00fdch by \u017eand\u00e1ri prestali ma\u0165 p\u00f4sobnos\u0165).&nbsp;<em>\u201ePredstavte si, \u017ee bud\u00fa nah\u00e1\u0148a\u0165 p\u00e1chate\u013ea a po 30 km sa bud\u00fa musie\u0165 oto\u010di\u0165, lebo im kon\u010d\u00ed p\u00f4sobnos\u0165,\u201c<\/em>&nbsp;upozornil na policajtmi kritizovan\u00fa nelogickos\u0165 Na\u010f. Rovnako kritizuje len 14-d\u0148ov\u00e9 \u0161kolenie \u017eand\u00e1rov oproti dlhodob\u00e9mu 8-mesa\u010dn\u00e9mu v\u00fdcviku policajtov.<\/p>\n\n\n\n<p>Na\u010f tie\u017e tvrd\u00ed, \u017ee disponuje inform\u00e1ciami o pl\u00e1novanom nesyst\u00e9movom povy\u0161ovan\u00ed vojensk\u00fdch funkcion\u00e1rov, vr\u00e1tane riadite\u013ea Vojenskej pol\u00edcie.&nbsp;<em>\u201ePod\u013ea mojich inform\u00e1ci\u00ed maj\u00fa by\u0165 niektor\u00ed riaditelia odborov, ktor\u00ed bud\u00fa ma\u0165 \u010do do\u010dinenia so \u017eand\u00e1rmi, pov\u00fd\u0161en\u00ed z podplukovn\u00edkov na plukovn\u00edkov a pre riadite\u013ea Vojenskej pol\u00edcie je pripravovan\u00e1 dokonca hodnos\u0165 gener\u00e1la, hoci pod sebou v \u0161trukt\u00fare m\u00e1 len nie\u010do nad 300 \u013eud\u00ed. Takto si p\u00e1n Kali\u0148\u00e1k kupuje ich podporu. Pre v\u0161etky tieto d\u00f4vody priamo hovor\u00edm, \u017ee \u017eand\u00e1rov v bud\u00facej vl\u00e1de, ak v nej budeme p\u00f4sobi\u0165, ur\u010dite zru\u0161\u00edme,\u201c<\/em>&nbsp;uzavrel Na\u010f.<\/p>\n\n\n\n<figure class=\"wp-block-embed is-type-video is-provider-youtube wp-block-embed-youtube wp-embed-aspect-16-9 wp-has-aspect-ratio\"><div class=\"wp-block-embed__wrapper\">\n<iframe title=\"Live: Tis\u00edc a jeden probl\u00e9mov okolo Kali\u0148\u00e1kov\u00fdch \u017eand\u00e1rov\" width=\"500\" height=\"281\" src=\"https:\/\/www.youtube.com\/embed\/UodtEgrDHYM?feature=oembed\" frameborder=\"0\" allow=\"accelerometer; autoplay; clipboard-write; encrypted-media; gyroscope; picture-in-picture; web-share\" referrerpolicy=\"strict-origin-when-cross-origin\" allowfullscreen><\/iframe>\n<\/div><\/figure>\n","protected":false},"excerpt":{"rendered":"<p>Pod\u013ea materi\u00e1lov, ktor\u00e9 m\u00e1 strana Demokrati z ofici\u00e1lneho stretnutia v Banskej Bystrici, nie je projekt zriadenia \u017eand\u00e1rskeho zboru pripraven\u00fd, a to ani z legislat\u00edvneho, ani z administrat\u00edvneho, technick\u00e9ho \u010di kompeten\u010dn\u00e9ho h\u013eadiska. Projekt sp\u00f4sobuje chaos v policajnom zbore i vo Vojenskej pol\u00edcii a tie\u017e medzi verejnos\u0165ou. Exminister obrany Jaroslav Na\u010f kritizuje, \u017ee minister Kali\u0148\u00e1k zria\u010fuje pod\u013ea [&hellip;]<\/p>\n","protected":false},"author":13,"featured_media":8411,"comment_status":"closed","ping_status":"closed","sticky":false,"template":"","format":"standard","meta":{"_acf_changed":false,"ngg_post_thumbnail":0,"footnotes":""},"categories":[4],"tags":[],"class_list":["post-8410","post","type-post","status-publish","format-standard","has-post-thumbnail","hentry","category-tlacove-spravy"],"acf":[],"yoast_head":"<!-- This site is optimized with the Yoast SEO plugin v27.2 - https:\/\/yoast.com\/product\/yoast-seo-wordpress\/ -->\n<title>Projekt \u201e\u017eand\u00e1ri\u201c je \u0161edou pr\u00e1vnou z\u00f3nou. Policajn\u00ed funkcion\u00e1ri maj\u00fa mno\u017estvo ot\u00e1zok, odpovede neprich\u00e1dzaj\u00fa<\/title>\n<meta name=\"robots\" content=\"index, follow, max-snippet:-1, max-image-preview:large, max-video-preview:-1\" \/>\n<link rel=\"canonical\" href=\"https:\/\/www.smedemokrati.sk\/en\/projekt-zandari-je-sedou-pravnou-zonou-policajni-funkcionari-maju-mnozstvo-otazok-odpovede-neprichadzaju\/\" \/>\n<meta property=\"og:locale\" content=\"en_US\" \/>\n<meta property=\"og:locale:alternate\" content=\"cs_CZ\" \/>\n<meta property=\"og:locale:alternate\" content=\"hu_HU\" \/>\n<meta property=\"og:locale:alternate\" content=\"sk_SK\" \/>\n<meta property=\"og:locale:alternate\" content=\"sv_SE\" \/>\n<meta property=\"og:type\" content=\"article\" \/>\n<meta property=\"og:title\" content=\"Projekt \u201e\u017eand\u00e1ri\u201c je \u0161edou pr\u00e1vnou z\u00f3nou. Policajn\u00ed funkcion\u00e1ri maj\u00fa mno\u017estvo ot\u00e1zok, odpovede neprich\u00e1dzaj\u00fa\" \/>\n<meta property=\"og:description\" content=\"Pod\u013ea materi\u00e1lov, ktor\u00e9 m\u00e1 strana Demokrati z ofici\u00e1lneho stretnutia v Banskej Bystrici, nie je projekt zriadenia \u017eand\u00e1rskeho zboru pripraven\u00fd, a to ani z legislat\u00edvneho, ani z administrat\u00edvneho, technick\u00e9ho \u010di kompeten\u010dn\u00e9ho h\u013eadiska. Projekt sp\u00f4sobuje chaos v policajnom zbore i vo Vojenskej pol\u00edcii a tie\u017e medzi verejnos\u0165ou. Exminister obrany Jaroslav Na\u010f kritizuje, \u017ee minister Kali\u0148\u00e1k zria\u010fuje pod\u013ea [&hellip;]\" \/>\n<meta property=\"og:url\" content=\"https:\/\/www.smedemokrati.sk\/en\/projekt-zandari-je-sedou-pravnou-zonou-policajni-funkcionari-maju-mnozstvo-otazok-odpovede-neprichadzaju\/\" \/>\n<meta property=\"og:site_name\" content=\"Smedemokrati.sk\" \/>\n<meta property=\"article:publisher\" content=\"https:\/\/www.facebook.com\/smedemokrati2023\" \/>\n<meta property=\"article:published_time\" content=\"2025-11-03T18:31:21+00:00\" \/>\n<meta property=\"article:modified_time\" content=\"2025-11-03T18:31:22+00:00\" \/>\n<meta property=\"og:image\" content=\"https:\/\/www.smedemokrati.sk\/wp-content\/uploads\/2025\/11\/zandari.jpg\" \/>\n\t<meta property=\"og:image:width\" content=\"1280\" \/>\n\t<meta property=\"og:image:height\" content=\"720\" \/>\n\t<meta property=\"og:image:type\" content=\"image\/jpeg\" \/>\n<meta name=\"author\" content=\"miro.sopko\" \/>\n<meta name=\"twitter:card\" content=\"summary_large_image\" \/>\n<meta name=\"twitter:label1\" content=\"Written by\" \/>\n\t<meta name=\"twitter:data1\" content=\"miro.sopko\" \/>\n\t<meta name=\"twitter:label2\" content=\"Est. reading time\" \/>\n\t<meta name=\"twitter:data2\" content=\"3 minutes\" \/>\n<script type=\"application\/ld+json\" class=\"yoast-schema-graph\">{\"@context\":\"https:\/\/schema.org\",\"@graph\":[{\"@type\":\"Article\",\"@id\":\"https:\/\/www.smedemokrati.sk\/projekt-zandari-je-sedou-pravnou-zonou-policajni-funkcionari-maju-mnozstvo-otazok-odpovede-neprichadzaju\/#article\",\"isPartOf\":{\"@id\":\"https:\/\/www.smedemokrati.sk\/projekt-zandari-je-sedou-pravnou-zonou-policajni-funkcionari-maju-mnozstvo-otazok-odpovede-neprichadzaju\/\"},\"author\":{\"name\":\"miro.sopko\",\"@id\":\"https:\/\/www.smedemokrati.sk\/#\/schema\/person\/21f147c88d605aa7ded900e1e7c344ba\"},\"headline\":\"Projekt \u201e\u017eand\u00e1ri\u201c je \u0161edou pr\u00e1vnou z\u00f3nou. Policajn\u00ed funkcion\u00e1ri maj\u00fa mno\u017estvo ot\u00e1zok, odpovede neprich\u00e1dzaj\u00fa\",\"datePublished\":\"2025-11-03T18:31:21+00:00\",\"dateModified\":\"2025-11-03T18:31:22+00:00\",\"mainEntityOfPage\":{\"@id\":\"https:\/\/www.smedemokrati.sk\/projekt-zandari-je-sedou-pravnou-zonou-policajni-funkcionari-maju-mnozstvo-otazok-odpovede-neprichadzaju\/\"},\"wordCount\":491,\"publisher\":{\"@id\":\"https:\/\/www.smedemokrati.sk\/#organization\"},\"image\":{\"@id\":\"https:\/\/www.smedemokrati.sk\/projekt-zandari-je-sedou-pravnou-zonou-policajni-funkcionari-maju-mnozstvo-otazok-odpovede-neprichadzaju\/#primaryimage\"},\"thumbnailUrl\":\"https:\/\/www.smedemokrati.sk\/wp-content\/uploads\/2025\/11\/zandari.jpg\",\"articleSection\":[\"Tla\u010dov\u00e9 spr\u00e1vy\"],\"inLanguage\":\"en-US\"},{\"@type\":\"WebPage\",\"@id\":\"https:\/\/www.smedemokrati.sk\/projekt-zandari-je-sedou-pravnou-zonou-policajni-funkcionari-maju-mnozstvo-otazok-odpovede-neprichadzaju\/\",\"url\":\"https:\/\/www.smedemokrati.sk\/projekt-zandari-je-sedou-pravnou-zonou-policajni-funkcionari-maju-mnozstvo-otazok-odpovede-neprichadzaju\/\",\"name\":\"Projekt \u201e\u017eand\u00e1ri\u201c je \u0161edou pr\u00e1vnou z\u00f3nou. Policajn\u00ed funkcion\u00e1ri maj\u00fa mno\u017estvo ot\u00e1zok, odpovede neprich\u00e1dzaj\u00fa\",\"isPartOf\":{\"@id\":\"https:\/\/www.smedemokrati.sk\/#website\"},\"primaryImageOfPage\":{\"@id\":\"https:\/\/www.smedemokrati.sk\/projekt-zandari-je-sedou-pravnou-zonou-policajni-funkcionari-maju-mnozstvo-otazok-odpovede-neprichadzaju\/#primaryimage\"},\"image\":{\"@id\":\"https:\/\/www.smedemokrati.sk\/projekt-zandari-je-sedou-pravnou-zonou-policajni-funkcionari-maju-mnozstvo-otazok-odpovede-neprichadzaju\/#primaryimage\"},\"thumbnailUrl\":\"https:\/\/www.smedemokrati.sk\/wp-content\/uploads\/2025\/11\/zandari.jpg\",\"datePublished\":\"2025-11-03T18:31:21+00:00\",\"dateModified\":\"2025-11-03T18:31:22+00:00\",\"breadcrumb\":{\"@id\":\"https:\/\/www.smedemokrati.sk\/projekt-zandari-je-sedou-pravnou-zonou-policajni-funkcionari-maju-mnozstvo-otazok-odpovede-neprichadzaju\/#breadcrumb\"},\"inLanguage\":\"en-US\",\"potentialAction\":[{\"@type\":\"ReadAction\",\"target\":[\"https:\/\/www.smedemokrati.sk\/projekt-zandari-je-sedou-pravnou-zonou-policajni-funkcionari-maju-mnozstvo-otazok-odpovede-neprichadzaju\/\"]}]},{\"@type\":\"ImageObject\",\"inLanguage\":\"en-US\",\"@id\":\"https:\/\/www.smedemokrati.sk\/projekt-zandari-je-sedou-pravnou-zonou-policajni-funkcionari-maju-mnozstvo-otazok-odpovede-neprichadzaju\/#primaryimage\",\"url\":\"https:\/\/www.smedemokrati.sk\/wp-content\/uploads\/2025\/11\/zandari.jpg\",\"contentUrl\":\"https:\/\/www.smedemokrati.sk\/wp-content\/uploads\/2025\/11\/zandari.jpg\",\"width\":1280,\"height\":720},{\"@type\":\"BreadcrumbList\",\"@id\":\"https:\/\/www.smedemokrati.sk\/projekt-zandari-je-sedou-pravnou-zonou-policajni-funkcionari-maju-mnozstvo-otazok-odpovede-neprichadzaju\/#breadcrumb\",\"itemListElement\":[{\"@type\":\"ListItem\",\"position\":1,\"name\":\"Domovsk\u00e1 str\u00e1nka\",\"item\":\"https:\/\/www.smedemokrati.sk\/\"},{\"@type\":\"ListItem\",\"position\":2,\"name\":\"Projekt \u201e\u017eand\u00e1ri\u201c je \u0161edou pr\u00e1vnou z\u00f3nou. Policajn\u00ed funkcion\u00e1ri maj\u00fa mno\u017estvo ot\u00e1zok, odpovede neprich\u00e1dzaj\u00fa\"}]},{\"@type\":\"WebSite\",\"@id\":\"https:\/\/www.smedemokrati.sk\/#website\",\"url\":\"https:\/\/www.smedemokrati.sk\/\",\"name\":\"Smedemokrati.sk\",\"description\":\"Demokracia a slu\u0161nos\u0165 zv\u00ed\u0165az\u00ed\",\"publisher\":{\"@id\":\"https:\/\/www.smedemokrati.sk\/#organization\"},\"potentialAction\":[{\"@type\":\"SearchAction\",\"target\":{\"@type\":\"EntryPoint\",\"urlTemplate\":\"https:\/\/www.smedemokrati.sk\/?s={search_term_string}\"},\"query-input\":{\"@type\":\"PropertyValueSpecification\",\"valueRequired\":true,\"valueName\":\"search_term_string\"}}],\"inLanguage\":\"en-US\"},{\"@type\":\"Organization\",\"@id\":\"https:\/\/www.smedemokrati.sk\/#organization\",\"name\":\"Smedemokrati.sk\",\"url\":\"https:\/\/www.smedemokrati.sk\/\",\"logo\":{\"@type\":\"ImageObject\",\"inLanguage\":\"en-US\",\"@id\":\"https:\/\/www.smedemokrati.sk\/#\/schema\/logo\/image\/\",\"url\":\"https:\/\/www.smedemokrati.sk\/wp-content\/uploads\/2023\/04\/ff.002.jpeg\",\"contentUrl\":\"https:\/\/www.smedemokrati.sk\/wp-content\/uploads\/2023\/04\/ff.002.jpeg\",\"width\":640,\"height\":480,\"caption\":\"Smedemokrati.sk\"},\"image\":{\"@id\":\"https:\/\/www.smedemokrati.sk\/#\/schema\/logo\/image\/\"},\"sameAs\":[\"https:\/\/www.facebook.com\/smedemokrati2023\"]},{\"@type\":\"Person\",\"@id\":\"https:\/\/www.smedemokrati.sk\/#\/schema\/person\/21f147c88d605aa7ded900e1e7c344ba\",\"name\":\"miro.sopko\",\"image\":{\"@type\":\"ImageObject\",\"inLanguage\":\"en-US\",\"@id\":\"https:\/\/secure.gravatar.com\/avatar\/267e4a36f704376c109afe3a78740c1f5dd8675a2180a908699e7863c9247606?s=96&d=mm&r=g\",\"url\":\"https:\/\/secure.gravatar.com\/avatar\/267e4a36f704376c109afe3a78740c1f5dd8675a2180a908699e7863c9247606?s=96&d=mm&r=g\",\"contentUrl\":\"https:\/\/secure.gravatar.com\/avatar\/267e4a36f704376c109afe3a78740c1f5dd8675a2180a908699e7863c9247606?s=96&d=mm&r=g\",\"caption\":\"miro.sopko\"},\"url\":\"https:\/\/www.smedemokrati.sk\/en\/author\/miro-sopko\/\"}]}<\/script>\n<!-- \/ Yoast SEO plugin. -->","yoast_head_json":{"title":"Projekt \u201e\u017eand\u00e1ri\u201c je \u0161edou pr\u00e1vnou z\u00f3nou. Policajn\u00ed funkcion\u00e1ri maj\u00fa mno\u017estvo ot\u00e1zok, odpovede neprich\u00e1dzaj\u00fa","robots":{"index":"index","follow":"follow","max-snippet":"max-snippet:-1","max-image-preview":"max-image-preview:large","max-video-preview":"max-video-preview:-1"},"canonical":"https:\/\/www.smedemokrati.sk\/en\/projekt-zandari-je-sedou-pravnou-zonou-policajni-funkcionari-maju-mnozstvo-otazok-odpovede-neprichadzaju\/","og_locale":"en_US","og_type":"article","og_title":"[:sk]Projekt \u201e\u017eand\u00e1ri\u201c je \u0161edou pr\u00e1vnou z\u00f3nou. Policajn\u00ed funkcion\u00e1ri maj\u00fa mno\u017estvo ot\u00e1zok, odpovede neprich\u00e1dzaj\u00fa[:] - Smedemokrati.sk","og_description":"Pod\u013ea materi\u00e1lov, ktor\u00e9 m\u00e1 strana Demokrati z ofici\u00e1lneho stretnutia v Banskej Bystrici, nie je projekt zriadenia \u017eand\u00e1rskeho zboru pripraven\u00fd, a to ani z legislat\u00edvneho, ani z administrat\u00edvneho, technick\u00e9ho \u010di kompeten\u010dn\u00e9ho h\u013eadiska. Projekt sp\u00f4sobuje chaos v policajnom zbore i vo Vojenskej pol\u00edcii a tie\u017e medzi verejnos\u0165ou. Exminister obrany Jaroslav Na\u010f kritizuje, \u017ee minister Kali\u0148\u00e1k zria\u010fuje pod\u013ea [&hellip;]","og_url":"https:\/\/www.smedemokrati.sk\/en\/projekt-zandari-je-sedou-pravnou-zonou-policajni-funkcionari-maju-mnozstvo-otazok-odpovede-neprichadzaju\/","og_site_name":"Smedemokrati.sk","article_publisher":"https:\/\/www.facebook.com\/smedemokrati2023","article_published_time":"2025-11-03T18:31:21+00:00","article_modified_time":"2025-11-03T18:31:22+00:00","og_image":[{"width":1280,"height":720,"url":"https:\/\/www.smedemokrati.sk\/wp-content\/uploads\/2025\/11\/zandari.jpg","type":"image\/jpeg"}],"author":"miro.sopko","twitter_card":"summary_large_image","twitter_misc":{"Written by":"miro.sopko","Est. reading time":"3 minutes"},"schema":{"@context":"https:\/\/schema.org","@graph":[{"@type":"Article","@id":"https:\/\/www.smedemokrati.sk\/projekt-zandari-je-sedou-pravnou-zonou-policajni-funkcionari-maju-mnozstvo-otazok-odpovede-neprichadzaju\/#article","isPartOf":{"@id":"https:\/\/www.smedemokrati.sk\/projekt-zandari-je-sedou-pravnou-zonou-policajni-funkcionari-maju-mnozstvo-otazok-odpovede-neprichadzaju\/"},"author":{"name":"miro.sopko","@id":"https:\/\/www.smedemokrati.sk\/#\/schema\/person\/21f147c88d605aa7ded900e1e7c344ba"},"headline":"Projekt \u201e\u017eand\u00e1ri\u201c je \u0161edou pr\u00e1vnou z\u00f3nou. Policajn\u00ed funkcion\u00e1ri maj\u00fa mno\u017estvo ot\u00e1zok, odpovede neprich\u00e1dzaj\u00fa","datePublished":"2025-11-03T18:31:21+00:00","dateModified":"2025-11-03T18:31:22+00:00","mainEntityOfPage":{"@id":"https:\/\/www.smedemokrati.sk\/projekt-zandari-je-sedou-pravnou-zonou-policajni-funkcionari-maju-mnozstvo-otazok-odpovede-neprichadzaju\/"},"wordCount":491,"publisher":{"@id":"https:\/\/www.smedemokrati.sk\/#organization"},"image":{"@id":"https:\/\/www.smedemokrati.sk\/projekt-zandari-je-sedou-pravnou-zonou-policajni-funkcionari-maju-mnozstvo-otazok-odpovede-neprichadzaju\/#primaryimage"},"thumbnailUrl":"https:\/\/www.smedemokrati.sk\/wp-content\/uploads\/2025\/11\/zandari.jpg","articleSection":["Tla\u010dov\u00e9 spr\u00e1vy"],"inLanguage":"en-US"},{"@type":"WebPage","@id":"https:\/\/www.smedemokrati.sk\/projekt-zandari-je-sedou-pravnou-zonou-policajni-funkcionari-maju-mnozstvo-otazok-odpovede-neprichadzaju\/","url":"https:\/\/www.smedemokrati.sk\/projekt-zandari-je-sedou-pravnou-zonou-policajni-funkcionari-maju-mnozstvo-otazok-odpovede-neprichadzaju\/","name":"Projekt \u201e\u017eand\u00e1ri\u201c je \u0161edou pr\u00e1vnou z\u00f3nou. Policajn\u00ed funkcion\u00e1ri maj\u00fa mno\u017estvo ot\u00e1zok, odpovede neprich\u00e1dzaj\u00fa","isPartOf":{"@id":"https:\/\/www.smedemokrati.sk\/#website"},"primaryImageOfPage":{"@id":"https:\/\/www.smedemokrati.sk\/projekt-zandari-je-sedou-pravnou-zonou-policajni-funkcionari-maju-mnozstvo-otazok-odpovede-neprichadzaju\/#primaryimage"},"image":{"@id":"https:\/\/www.smedemokrati.sk\/projekt-zandari-je-sedou-pravnou-zonou-policajni-funkcionari-maju-mnozstvo-otazok-odpovede-neprichadzaju\/#primaryimage"},"thumbnailUrl":"https:\/\/www.smedemokrati.sk\/wp-content\/uploads\/2025\/11\/zandari.jpg","datePublished":"2025-11-03T18:31:21+00:00","dateModified":"2025-11-03T18:31:22+00:00","breadcrumb":{"@id":"https:\/\/www.smedemokrati.sk\/projekt-zandari-je-sedou-pravnou-zonou-policajni-funkcionari-maju-mnozstvo-otazok-odpovede-neprichadzaju\/#breadcrumb"},"inLanguage":"en-US","potentialAction":[{"@type":"ReadAction","target":["https:\/\/www.smedemokrati.sk\/projekt-zandari-je-sedou-pravnou-zonou-policajni-funkcionari-maju-mnozstvo-otazok-odpovede-neprichadzaju\/"]}]},{"@type":"ImageObject","inLanguage":"en-US","@id":"https:\/\/www.smedemokrati.sk\/projekt-zandari-je-sedou-pravnou-zonou-policajni-funkcionari-maju-mnozstvo-otazok-odpovede-neprichadzaju\/#primaryimage","url":"https:\/\/www.smedemokrati.sk\/wp-content\/uploads\/2025\/11\/zandari.jpg","contentUrl":"https:\/\/www.smedemokrati.sk\/wp-content\/uploads\/2025\/11\/zandari.jpg","width":1280,"height":720},{"@type":"BreadcrumbList","@id":"https:\/\/www.smedemokrati.sk\/projekt-zandari-je-sedou-pravnou-zonou-policajni-funkcionari-maju-mnozstvo-otazok-odpovede-neprichadzaju\/#breadcrumb","itemListElement":[{"@type":"ListItem","position":1,"name":"Domovsk\u00e1 str\u00e1nka","item":"https:\/\/www.smedemokrati.sk\/"},{"@type":"ListItem","position":2,"name":"Projekt \u201e\u017eand\u00e1ri\u201c je \u0161edou pr\u00e1vnou z\u00f3nou. Policajn\u00ed funkcion\u00e1ri maj\u00fa mno\u017estvo ot\u00e1zok, odpovede neprich\u00e1dzaj\u00fa"}]},{"@type":"WebSite","@id":"https:\/\/www.smedemokrati.sk\/#website","url":"https:\/\/www.smedemokrati.sk\/","name":"Smedemokrati.sk","description":"Demokracia a slu\u0161nos\u0165 zv\u00ed\u0165az\u00ed","publisher":{"@id":"https:\/\/www.smedemokrati.sk\/#organization"},"potentialAction":[{"@type":"SearchAction","target":{"@type":"EntryPoint","urlTemplate":"https:\/\/www.smedemokrati.sk\/?s={search_term_string}"},"query-input":{"@type":"PropertyValueSpecification","valueRequired":true,"valueName":"search_term_string"}}],"inLanguage":"en-US"},{"@type":"Organization","@id":"https:\/\/www.smedemokrati.sk\/#organization","name":"Smedemokrati.sk","url":"https:\/\/www.smedemokrati.sk\/","logo":{"@type":"ImageObject","inLanguage":"en-US","@id":"https:\/\/www.smedemokrati.sk\/#\/schema\/logo\/image\/","url":"https:\/\/www.smedemokrati.sk\/wp-content\/uploads\/2023\/04\/ff.002.jpeg","contentUrl":"https:\/\/www.smedemokrati.sk\/wp-content\/uploads\/2023\/04\/ff.002.jpeg","width":640,"height":480,"caption":"Smedemokrati.sk"},"image":{"@id":"https:\/\/www.smedemokrati.sk\/#\/schema\/logo\/image\/"},"sameAs":["https:\/\/www.facebook.com\/smedemokrati2023"]},{"@type":"Person","@id":"https:\/\/www.smedemokrati.sk\/#\/schema\/person\/21f147c88d605aa7ded900e1e7c344ba","name":"miro.sopko","image":{"@type":"ImageObject","inLanguage":"en-US","@id":"https:\/\/secure.gravatar.com\/avatar\/267e4a36f704376c109afe3a78740c1f5dd8675a2180a908699e7863c9247606?s=96&d=mm&r=g","url":"https:\/\/secure.gravatar.com\/avatar\/267e4a36f704376c109afe3a78740c1f5dd8675a2180a908699e7863c9247606?s=96&d=mm&r=g","contentUrl":"https:\/\/secure.gravatar.com\/avatar\/267e4a36f704376c109afe3a78740c1f5dd8675a2180a908699e7863c9247606?s=96&d=mm&r=g","caption":"miro.sopko"},"url":"https:\/\/www.smedemokrati.sk\/en\/author\/miro-sopko\/"}]}},"_links":{"self":[{"href":"https:\/\/www.smedemokrati.sk\/en\/wp-json\/wp\/v2\/posts\/8410","targetHints":{"allow":["GET"]}}],"collection":[{"href":"https:\/\/www.smedemokrati.sk\/en\/wp-json\/wp\/v2\/posts"}],"about":[{"href":"https:\/\/www.smedemokrati.sk\/en\/wp-json\/wp\/v2\/types\/post"}],"author":[{"embeddable":true,"href":"https:\/\/www.smedemokrati.sk\/en\/wp-json\/wp\/v2\/users\/13"}],"replies":[{"embeddable":true,"href":"https:\/\/www.smedemokrati.sk\/en\/wp-json\/wp\/v2\/comments?post=8410"}],"version-history":[{"count":1,"href":"https:\/\/www.smedemokrati.sk\/en\/wp-json\/wp\/v2\/posts\/8410\/revisions"}],"predecessor-version":[{"id":8412,"href":"https:\/\/www.smedemokrati.sk\/en\/wp-json\/wp\/v2\/posts\/8410\/revisions\/8412"}],"wp:featuredmedia":[{"embeddable":true,"href":"https:\/\/www.smedemokrati.sk\/en\/wp-json\/wp\/v2\/media\/8411"}],"wp:attachment":[{"href":"https:\/\/www.smedemokrati.sk\/en\/wp-json\/wp\/v2\/media?parent=8410"}],"wp:term":[{"taxonomy":"category","embeddable":true,"href":"https:\/\/www.smedemokrati.sk\/en\/wp-json\/wp\/v2\/categories?post=8410"},{"taxonomy":"post_tag","embeddable":true,"href":"https:\/\/www.smedemokrati.sk\/en\/wp-json\/wp\/v2\/tags?post=8410"}],"curies":[{"name":"wp","href":"https:\/\/api.w.org\/{rel}","templated":true}]}}