{"id":8322,"date":"2025-10-14T13:02:36","date_gmt":"2025-10-14T12:02:36","guid":{"rendered":"https:\/\/www.smedemokrati.sk\/?p=8322"},"modified":"2025-10-14T13:02:37","modified_gmt":"2025-10-14T12:02:37","slug":"samospravy-biju-na-poplach-pred-vystavbou-elektrarne-malinec-ziadaju-ochranu-pitnej-vody-pre-300-tisic-ludi","status":"publish","type":"post","link":"https:\/\/www.smedemokrati.sk\/en\/samospravy-biju-na-poplach-pred-vystavbou-elektrarne-malinec-ziadaju-ochranu-pitnej-vody-pre-300-tisic-ludi\/","title":{"rendered":"Samospr\u00e1vy bij\u00fa na poplach: Pred v\u00fdstavbou elektr\u00e1rne M\u00e1linec \u017eiadaj\u00fa ochranu pitnej vody pre 300-tis\u00edc \u013eud\u00ed"},"content":{"rendered":"<div id=\"fb-root\"><\/div>\n\n<p><strong><em>Predstavitelia viacer\u00fdch zdru\u017een\u00ed samospr\u00e1v Banskobystrick\u00e9ho kraja zastupuj\u00faci 304 tis\u00edc obyvate\u013eov v otvorenom liste adresovanom predsedovi vl\u00e1dy a ministrom \u017eiadaj\u00fa, aby e\u0161te pred za\u010diatkom ak\u00fdchko\u013evek pr\u00e1c na pre\u010derp\u00e1vacej elektr\u00e1rni M\u00e1linec boli obce v regi\u00f3ne napojen\u00e9 na verejn\u00e9 vodovody. Upozor\u0148uj\u00fa na v\u00e1\u017ene rizik\u00e1 mo\u017en\u00e9ho zhor\u0161enia kvality pitnej vody, ktor\u00e9 by v\u00fdstavba elektr\u00e1rne mohla prinies\u0165. Okrem pripojenia obc\u00ed po\u017eaduj\u00fa aj moderniz\u00e1ciu s\u00fa\u010dasn\u00fdch vodovodov. Vyz\u00fdvame vl\u00e1du, aby schv\u00e1lila na svojom rokovan\u00ed z\u00e1v\u00e4zok splni\u0165 po\u017eiadavky samospr\u00e1v.\u00a0<\/em><\/strong><\/p>\n\n\n\n<p><em>O otvorenom liste informoval Michal Ki\u010da, enviroexpert a \u010dlen predsedn\u00edctva Demokratov.<\/em><\/p>\n\n\n\n<p><em>\u201ePredstavitelia z okresov Lu\u010denec, Polt\u00e1r, Ve\u013ek\u00fd Krt\u00ed\u0161, Rimavsk\u00e1 Sobota, Detva a Zvolen opr\u00e1vnene hovoria o ohrozen\u00ed pitnej vody v pr\u00edpade v\u00fdstavby pre\u010derp\u00e1vacej elektr\u00e1rne M\u00e1linec. T\u00fdka sa to viac ako 300-tis\u00edc obyvate\u013eov. Ak sledujeme nesyst\u00e9mov\u00fa, no o to dychtivej\u0161iu snahu Tarabu o v\u00fdstavbu pre\u010derp\u00e1va\u010dky, otvoren\u00fd list premi\u00e9rovi vl\u00e1dy pova\u017eujem za opodstatnen\u00fd,\u201c uviedol Michal Ki\u010da.<\/em><\/p>\n\n\n\n<p><em>Ukazuje sa, \u017ee Tarabov pl\u00e1n nie \u017ee nem\u00e1 tak\u00fa podporu v regi\u00f3noch, akou sa ned\u00e1vno chv\u00e1li, ale presn\u00fd opak. Z\u00e1stupcovia samospr\u00e1v s 304 tis\u00edc obyvate\u013emi jasne vzniesli svoje obavy. \u201cVyz\u00fdvame vl\u00e1du a osobitne ministra Tarabu, aby po\u017eiadavky samospr\u00e1v Banskobystrick\u00e9ho kraja splnili aj vo forme vl\u00e1dneho uznesenia a zabezpe\u010dili z\u00e1sobovanie pitnou vodou cel\u00e9ho regi\u00f3nu pred ak\u00fdmiko\u013evek \u010fal\u0161\u00edmi krokmi oh\u013eadom elektr\u00e1rne. Inak bud\u00fa jeho slov\u00e1 o podpore z\u00e1meru elektr\u00e1rne regi\u00f3nom len pr\u00e1zdnym marketingom,\u201d po\u017eaduje Michal Ki\u010da.<\/em><\/p>\n\n\n\n<p><em>Z\u00e1stupcovia samospr\u00e1v vyz\u00fdvaj\u00fa vl\u00e1du na ur\u00fdchlen\u00e9 dobudovanie a moderniz\u00e1ciu vod\u00e1renskej infra\u0161trukt\u00fary v Banskobystrickom kraji. Po\u017eaduj\u00fa tie\u017e zabezpe\u010denie z\u00e1kladn\u00e9ho pr\u00e1va ob\u010danov \u2013 trval\u00e9ho pr\u00edstupu k bezpe\u010dnej pitnej vode v s\u00falade s eur\u00f3pskymi \u0161tandardmi. \u201eBez vody niet \u017eivota. Ak \u0161t\u00e1t chce stava\u0165 elektr\u00e1rne, mus\u00ed najprv garantova\u0165 \u013eu\u010fom pitn\u00fa vodu,\u201c zd\u00f4raznil Ki\u010da.&nbsp;<\/em><\/p>\n\n\n\n<figure class=\"wp-block-image size-large\"><img decoding=\"async\" width=\"697\" height=\"1024\" src=\"https:\/\/www.smedemokrati.sk\/wp-content\/uploads\/2025\/10\/Otvoreny-list-vlade-SR-697x1024.jpeg\" alt=\"\" class=\"wp-image-8323\" srcset=\"https:\/\/www.smedemokrati.sk\/wp-content\/uploads\/2025\/10\/Otvoreny-list-vlade-SR-697x1024.jpeg 697w, https:\/\/www.smedemokrati.sk\/wp-content\/uploads\/2025\/10\/Otvoreny-list-vlade-SR-204x300.jpeg 204w, https:\/\/www.smedemokrati.sk\/wp-content\/uploads\/2025\/10\/Otvoreny-list-vlade-SR-768x1128.jpeg 768w, https:\/\/www.smedemokrati.sk\/wp-content\/uploads\/2025\/10\/Otvoreny-list-vlade-SR-1046x1536.jpeg 1046w, https:\/\/www.smedemokrati.sk\/wp-content\/uploads\/2025\/10\/Otvoreny-list-vlade-SR.jpeg 1080w\" sizes=\"(max-width: 697px) 100vw, 697px\" \/><\/figure>\n\n\n\n<figure class=\"wp-block-embed is-type-video is-provider-youtube wp-block-embed-youtube wp-embed-aspect-4-3 wp-has-aspect-ratio\"><div class=\"wp-block-embed__wrapper\">\n<iframe title=\"Live: Situ\u00e1cia okolo PVE M\u00e1linec sa vyostruje \/ \u00datok vl\u00e1dy na rozpo\u010det samospr\u00e1v\" width=\"500\" height=\"375\" src=\"https:\/\/www.youtube.com\/embed\/vF2r3UvTdjY?start=1&#038;feature=oembed\" frameborder=\"0\" allow=\"accelerometer; autoplay; clipboard-write; encrypted-media; gyroscope; picture-in-picture; web-share\" referrerpolicy=\"strict-origin-when-cross-origin\" allowfullscreen><\/iframe>\n<\/div><\/figure>\n","protected":false},"excerpt":{"rendered":"<p>Predstavitelia viacer\u00fdch zdru\u017een\u00ed samospr\u00e1v Banskobystrick\u00e9ho kraja zastupuj\u00faci 304 tis\u00edc obyvate\u013eov v otvorenom liste adresovanom predsedovi vl\u00e1dy a ministrom \u017eiadaj\u00fa, aby e\u0161te pred za\u010diatkom ak\u00fdchko\u013evek pr\u00e1c na pre\u010derp\u00e1vacej elektr\u00e1rni M\u00e1linec boli obce v regi\u00f3ne napojen\u00e9 na verejn\u00e9 vodovody. Upozor\u0148uj\u00fa na v\u00e1\u017ene rizik\u00e1 mo\u017en\u00e9ho zhor\u0161enia kvality pitnej vody, ktor\u00e9 by v\u00fdstavba elektr\u00e1rne mohla prinies\u0165. Okrem pripojenia obc\u00ed [&hellip;]<\/p>\n","protected":false},"author":13,"featured_media":7456,"comment_status":"closed","ping_status":"closed","sticky":false,"template":"","format":"standard","meta":{"_acf_changed":false,"ngg_post_thumbnail":0,"footnotes":""},"categories":[4],"tags":[],"class_list":["post-8322","post","type-post","status-publish","format-standard","has-post-thumbnail","hentry","category-tlacove-spravy"],"acf":[],"yoast_head":"<!-- This site is optimized with the Yoast SEO plugin v27.2 - https:\/\/yoast.com\/product\/yoast-seo-wordpress\/ -->\n<title>Samospr\u00e1vy bij\u00fa na poplach: Pred v\u00fdstavbou elektr\u00e1rne M\u00e1linec \u017eiadaj\u00fa ochranu pitnej vody pre 300-tis\u00edc \u013eud\u00ed<\/title>\n<meta name=\"robots\" content=\"index, follow, max-snippet:-1, max-image-preview:large, max-video-preview:-1\" \/>\n<link rel=\"canonical\" href=\"https:\/\/www.smedemokrati.sk\/en\/samospravy-biju-na-poplach-pred-vystavbou-elektrarne-malinec-ziadaju-ochranu-pitnej-vody-pre-300-tisic-ludi\/\" \/>\n<meta property=\"og:locale\" content=\"en_US\" \/>\n<meta property=\"og:locale:alternate\" content=\"cs_CZ\" \/>\n<meta property=\"og:locale:alternate\" content=\"hu_HU\" \/>\n<meta property=\"og:locale:alternate\" content=\"sk_SK\" \/>\n<meta property=\"og:locale:alternate\" content=\"sv_SE\" \/>\n<meta property=\"og:type\" content=\"article\" \/>\n<meta property=\"og:title\" content=\"Samospr\u00e1vy bij\u00fa na poplach: Pred v\u00fdstavbou elektr\u00e1rne M\u00e1linec \u017eiadaj\u00fa ochranu pitnej vody pre 300-tis\u00edc \u013eud\u00ed\" \/>\n<meta property=\"og:description\" content=\"Predstavitelia viacer\u00fdch zdru\u017een\u00ed samospr\u00e1v Banskobystrick\u00e9ho kraja zastupuj\u00faci 304 tis\u00edc obyvate\u013eov v otvorenom liste adresovanom predsedovi vl\u00e1dy a ministrom \u017eiadaj\u00fa, aby e\u0161te pred za\u010diatkom ak\u00fdchko\u013evek pr\u00e1c na pre\u010derp\u00e1vacej elektr\u00e1rni M\u00e1linec boli obce v regi\u00f3ne napojen\u00e9 na verejn\u00e9 vodovody. Upozor\u0148uj\u00fa na v\u00e1\u017ene rizik\u00e1 mo\u017en\u00e9ho zhor\u0161enia kvality pitnej vody, ktor\u00e9 by v\u00fdstavba elektr\u00e1rne mohla prinies\u0165. Okrem pripojenia obc\u00ed [&hellip;]\" \/>\n<meta property=\"og:url\" content=\"https:\/\/www.smedemokrati.sk\/en\/samospravy-biju-na-poplach-pred-vystavbou-elektrarne-malinec-ziadaju-ochranu-pitnej-vody-pre-300-tisic-ludi\/\" \/>\n<meta property=\"og:site_name\" content=\"Smedemokrati.sk\" \/>\n<meta property=\"article:publisher\" content=\"https:\/\/www.facebook.com\/smedemokrati2023\" \/>\n<meta property=\"article:published_time\" content=\"2025-10-14T12:02:36+00:00\" \/>\n<meta property=\"article:modified_time\" content=\"2025-10-14T12:02:37+00:00\" \/>\n<meta property=\"og:image\" content=\"https:\/\/www.smedemokrati.sk\/wp-content\/uploads\/2025\/06\/malinec.jpg\" \/>\n\t<meta property=\"og:image:width\" content=\"935\" \/>\n\t<meta property=\"og:image:height\" content=\"531\" \/>\n\t<meta property=\"og:image:type\" content=\"image\/jpeg\" \/>\n<meta name=\"author\" content=\"miro.sopko\" \/>\n<meta name=\"twitter:card\" content=\"summary_large_image\" \/>\n<meta name=\"twitter:label1\" content=\"Written by\" \/>\n\t<meta name=\"twitter:data1\" content=\"miro.sopko\" \/>\n\t<meta name=\"twitter:label2\" content=\"Est. reading time\" \/>\n\t<meta name=\"twitter:data2\" content=\"2 minutes\" \/>\n<script type=\"application\/ld+json\" class=\"yoast-schema-graph\">{\"@context\":\"https:\/\/schema.org\",\"@graph\":[{\"@type\":\"Article\",\"@id\":\"https:\/\/www.smedemokrati.sk\/samospravy-biju-na-poplach-pred-vystavbou-elektrarne-malinec-ziadaju-ochranu-pitnej-vody-pre-300-tisic-ludi\/#article\",\"isPartOf\":{\"@id\":\"https:\/\/www.smedemokrati.sk\/samospravy-biju-na-poplach-pred-vystavbou-elektrarne-malinec-ziadaju-ochranu-pitnej-vody-pre-300-tisic-ludi\/\"},\"author\":{\"name\":\"miro.sopko\",\"@id\":\"https:\/\/www.smedemokrati.sk\/#\/schema\/person\/21f147c88d605aa7ded900e1e7c344ba\"},\"headline\":\"Samospr\u00e1vy bij\u00fa na poplach: Pred v\u00fdstavbou elektr\u00e1rne M\u00e1linec \u017eiadaj\u00fa ochranu pitnej vody pre 300-tis\u00edc \u013eud\u00ed\",\"datePublished\":\"2025-10-14T12:02:36+00:00\",\"dateModified\":\"2025-10-14T12:02:37+00:00\",\"mainEntityOfPage\":{\"@id\":\"https:\/\/www.smedemokrati.sk\/samospravy-biju-na-poplach-pred-vystavbou-elektrarne-malinec-ziadaju-ochranu-pitnej-vody-pre-300-tisic-ludi\/\"},\"wordCount\":405,\"publisher\":{\"@id\":\"https:\/\/www.smedemokrati.sk\/#organization\"},\"image\":{\"@id\":\"https:\/\/www.smedemokrati.sk\/samospravy-biju-na-poplach-pred-vystavbou-elektrarne-malinec-ziadaju-ochranu-pitnej-vody-pre-300-tisic-ludi\/#primaryimage\"},\"thumbnailUrl\":\"https:\/\/www.smedemokrati.sk\/wp-content\/uploads\/2025\/06\/malinec.jpg\",\"articleSection\":[\"Tla\u010dov\u00e9 spr\u00e1vy\"],\"inLanguage\":\"en-US\"},{\"@type\":\"WebPage\",\"@id\":\"https:\/\/www.smedemokrati.sk\/samospravy-biju-na-poplach-pred-vystavbou-elektrarne-malinec-ziadaju-ochranu-pitnej-vody-pre-300-tisic-ludi\/\",\"url\":\"https:\/\/www.smedemokrati.sk\/samospravy-biju-na-poplach-pred-vystavbou-elektrarne-malinec-ziadaju-ochranu-pitnej-vody-pre-300-tisic-ludi\/\",\"name\":\"Samospr\u00e1vy bij\u00fa na poplach: Pred v\u00fdstavbou elektr\u00e1rne M\u00e1linec \u017eiadaj\u00fa ochranu pitnej vody pre 300-tis\u00edc \u013eud\u00ed\",\"isPartOf\":{\"@id\":\"https:\/\/www.smedemokrati.sk\/#website\"},\"primaryImageOfPage\":{\"@id\":\"https:\/\/www.smedemokrati.sk\/samospravy-biju-na-poplach-pred-vystavbou-elektrarne-malinec-ziadaju-ochranu-pitnej-vody-pre-300-tisic-ludi\/#primaryimage\"},\"image\":{\"@id\":\"https:\/\/www.smedemokrati.sk\/samospravy-biju-na-poplach-pred-vystavbou-elektrarne-malinec-ziadaju-ochranu-pitnej-vody-pre-300-tisic-ludi\/#primaryimage\"},\"thumbnailUrl\":\"https:\/\/www.smedemokrati.sk\/wp-content\/uploads\/2025\/06\/malinec.jpg\",\"datePublished\":\"2025-10-14T12:02:36+00:00\",\"dateModified\":\"2025-10-14T12:02:37+00:00\",\"breadcrumb\":{\"@id\":\"https:\/\/www.smedemokrati.sk\/samospravy-biju-na-poplach-pred-vystavbou-elektrarne-malinec-ziadaju-ochranu-pitnej-vody-pre-300-tisic-ludi\/#breadcrumb\"},\"inLanguage\":\"en-US\",\"potentialAction\":[{\"@type\":\"ReadAction\",\"target\":[\"https:\/\/www.smedemokrati.sk\/samospravy-biju-na-poplach-pred-vystavbou-elektrarne-malinec-ziadaju-ochranu-pitnej-vody-pre-300-tisic-ludi\/\"]}]},{\"@type\":\"ImageObject\",\"inLanguage\":\"en-US\",\"@id\":\"https:\/\/www.smedemokrati.sk\/samospravy-biju-na-poplach-pred-vystavbou-elektrarne-malinec-ziadaju-ochranu-pitnej-vody-pre-300-tisic-ludi\/#primaryimage\",\"url\":\"https:\/\/www.smedemokrati.sk\/wp-content\/uploads\/2025\/06\/malinec.jpg\",\"contentUrl\":\"https:\/\/www.smedemokrati.sk\/wp-content\/uploads\/2025\/06\/malinec.jpg\",\"width\":935,\"height\":531},{\"@type\":\"BreadcrumbList\",\"@id\":\"https:\/\/www.smedemokrati.sk\/samospravy-biju-na-poplach-pred-vystavbou-elektrarne-malinec-ziadaju-ochranu-pitnej-vody-pre-300-tisic-ludi\/#breadcrumb\",\"itemListElement\":[{\"@type\":\"ListItem\",\"position\":1,\"name\":\"Domovsk\u00e1 str\u00e1nka\",\"item\":\"https:\/\/www.smedemokrati.sk\/\"},{\"@type\":\"ListItem\",\"position\":2,\"name\":\"Samospr\u00e1vy bij\u00fa na poplach: Pred v\u00fdstavbou elektr\u00e1rne M\u00e1linec \u017eiadaj\u00fa ochranu pitnej vody pre 300-tis\u00edc \u013eud\u00ed\"}]},{\"@type\":\"WebSite\",\"@id\":\"https:\/\/www.smedemokrati.sk\/#website\",\"url\":\"https:\/\/www.smedemokrati.sk\/\",\"name\":\"Smedemokrati.sk\",\"description\":\"Demokracia a slu\u0161nos\u0165 zv\u00ed\u0165az\u00ed\",\"publisher\":{\"@id\":\"https:\/\/www.smedemokrati.sk\/#organization\"},\"potentialAction\":[{\"@type\":\"SearchAction\",\"target\":{\"@type\":\"EntryPoint\",\"urlTemplate\":\"https:\/\/www.smedemokrati.sk\/?s={search_term_string}\"},\"query-input\":{\"@type\":\"PropertyValueSpecification\",\"valueRequired\":true,\"valueName\":\"search_term_string\"}}],\"inLanguage\":\"en-US\"},{\"@type\":\"Organization\",\"@id\":\"https:\/\/www.smedemokrati.sk\/#organization\",\"name\":\"Smedemokrati.sk\",\"url\":\"https:\/\/www.smedemokrati.sk\/\",\"logo\":{\"@type\":\"ImageObject\",\"inLanguage\":\"en-US\",\"@id\":\"https:\/\/www.smedemokrati.sk\/#\/schema\/logo\/image\/\",\"url\":\"https:\/\/www.smedemokrati.sk\/wp-content\/uploads\/2023\/04\/ff.002.jpeg\",\"contentUrl\":\"https:\/\/www.smedemokrati.sk\/wp-content\/uploads\/2023\/04\/ff.002.jpeg\",\"width\":640,\"height\":480,\"caption\":\"Smedemokrati.sk\"},\"image\":{\"@id\":\"https:\/\/www.smedemokrati.sk\/#\/schema\/logo\/image\/\"},\"sameAs\":[\"https:\/\/www.facebook.com\/smedemokrati2023\"]},{\"@type\":\"Person\",\"@id\":\"https:\/\/www.smedemokrati.sk\/#\/schema\/person\/21f147c88d605aa7ded900e1e7c344ba\",\"name\":\"miro.sopko\",\"image\":{\"@type\":\"ImageObject\",\"inLanguage\":\"en-US\",\"@id\":\"https:\/\/secure.gravatar.com\/avatar\/267e4a36f704376c109afe3a78740c1f5dd8675a2180a908699e7863c9247606?s=96&d=mm&r=g\",\"url\":\"https:\/\/secure.gravatar.com\/avatar\/267e4a36f704376c109afe3a78740c1f5dd8675a2180a908699e7863c9247606?s=96&d=mm&r=g\",\"contentUrl\":\"https:\/\/secure.gravatar.com\/avatar\/267e4a36f704376c109afe3a78740c1f5dd8675a2180a908699e7863c9247606?s=96&d=mm&r=g\",\"caption\":\"miro.sopko\"},\"url\":\"https:\/\/www.smedemokrati.sk\/en\/author\/miro-sopko\/\"}]}<\/script>\n<!-- \/ Yoast SEO plugin. -->","yoast_head_json":{"title":"Samospr\u00e1vy bij\u00fa na poplach: Pred v\u00fdstavbou elektr\u00e1rne M\u00e1linec \u017eiadaj\u00fa ochranu pitnej vody pre 300-tis\u00edc \u013eud\u00ed","robots":{"index":"index","follow":"follow","max-snippet":"max-snippet:-1","max-image-preview":"max-image-preview:large","max-video-preview":"max-video-preview:-1"},"canonical":"https:\/\/www.smedemokrati.sk\/en\/samospravy-biju-na-poplach-pred-vystavbou-elektrarne-malinec-ziadaju-ochranu-pitnej-vody-pre-300-tisic-ludi\/","og_locale":"en_US","og_type":"article","og_title":"[:sk]Samospr\u00e1vy bij\u00fa na poplach: Pred v\u00fdstavbou elektr\u00e1rne M\u00e1linec \u017eiadaj\u00fa ochranu pitnej vody pre 300-tis\u00edc \u013eud\u00ed[:] - Smedemokrati.sk","og_description":"Predstavitelia viacer\u00fdch zdru\u017een\u00ed samospr\u00e1v Banskobystrick\u00e9ho kraja zastupuj\u00faci 304 tis\u00edc obyvate\u013eov v otvorenom liste adresovanom predsedovi vl\u00e1dy a ministrom \u017eiadaj\u00fa, aby e\u0161te pred za\u010diatkom ak\u00fdchko\u013evek pr\u00e1c na pre\u010derp\u00e1vacej elektr\u00e1rni M\u00e1linec boli obce v regi\u00f3ne napojen\u00e9 na verejn\u00e9 vodovody. Upozor\u0148uj\u00fa na v\u00e1\u017ene rizik\u00e1 mo\u017en\u00e9ho zhor\u0161enia kvality pitnej vody, ktor\u00e9 by v\u00fdstavba elektr\u00e1rne mohla prinies\u0165. Okrem pripojenia obc\u00ed [&hellip;]","og_url":"https:\/\/www.smedemokrati.sk\/en\/samospravy-biju-na-poplach-pred-vystavbou-elektrarne-malinec-ziadaju-ochranu-pitnej-vody-pre-300-tisic-ludi\/","og_site_name":"Smedemokrati.sk","article_publisher":"https:\/\/www.facebook.com\/smedemokrati2023","article_published_time":"2025-10-14T12:02:36+00:00","article_modified_time":"2025-10-14T12:02:37+00:00","og_image":[{"width":935,"height":531,"url":"https:\/\/www.smedemokrati.sk\/wp-content\/uploads\/2025\/06\/malinec.jpg","type":"image\/jpeg"}],"author":"miro.sopko","twitter_card":"summary_large_image","twitter_misc":{"Written by":"miro.sopko","Est. reading time":"2 minutes"},"schema":{"@context":"https:\/\/schema.org","@graph":[{"@type":"Article","@id":"https:\/\/www.smedemokrati.sk\/samospravy-biju-na-poplach-pred-vystavbou-elektrarne-malinec-ziadaju-ochranu-pitnej-vody-pre-300-tisic-ludi\/#article","isPartOf":{"@id":"https:\/\/www.smedemokrati.sk\/samospravy-biju-na-poplach-pred-vystavbou-elektrarne-malinec-ziadaju-ochranu-pitnej-vody-pre-300-tisic-ludi\/"},"author":{"name":"miro.sopko","@id":"https:\/\/www.smedemokrati.sk\/#\/schema\/person\/21f147c88d605aa7ded900e1e7c344ba"},"headline":"Samospr\u00e1vy bij\u00fa na poplach: Pred v\u00fdstavbou elektr\u00e1rne M\u00e1linec \u017eiadaj\u00fa ochranu pitnej vody pre 300-tis\u00edc \u013eud\u00ed","datePublished":"2025-10-14T12:02:36+00:00","dateModified":"2025-10-14T12:02:37+00:00","mainEntityOfPage":{"@id":"https:\/\/www.smedemokrati.sk\/samospravy-biju-na-poplach-pred-vystavbou-elektrarne-malinec-ziadaju-ochranu-pitnej-vody-pre-300-tisic-ludi\/"},"wordCount":405,"publisher":{"@id":"https:\/\/www.smedemokrati.sk\/#organization"},"image":{"@id":"https:\/\/www.smedemokrati.sk\/samospravy-biju-na-poplach-pred-vystavbou-elektrarne-malinec-ziadaju-ochranu-pitnej-vody-pre-300-tisic-ludi\/#primaryimage"},"thumbnailUrl":"https:\/\/www.smedemokrati.sk\/wp-content\/uploads\/2025\/06\/malinec.jpg","articleSection":["Tla\u010dov\u00e9 spr\u00e1vy"],"inLanguage":"en-US"},{"@type":"WebPage","@id":"https:\/\/www.smedemokrati.sk\/samospravy-biju-na-poplach-pred-vystavbou-elektrarne-malinec-ziadaju-ochranu-pitnej-vody-pre-300-tisic-ludi\/","url":"https:\/\/www.smedemokrati.sk\/samospravy-biju-na-poplach-pred-vystavbou-elektrarne-malinec-ziadaju-ochranu-pitnej-vody-pre-300-tisic-ludi\/","name":"Samospr\u00e1vy bij\u00fa na poplach: Pred v\u00fdstavbou elektr\u00e1rne M\u00e1linec \u017eiadaj\u00fa ochranu pitnej vody pre 300-tis\u00edc \u013eud\u00ed","isPartOf":{"@id":"https:\/\/www.smedemokrati.sk\/#website"},"primaryImageOfPage":{"@id":"https:\/\/www.smedemokrati.sk\/samospravy-biju-na-poplach-pred-vystavbou-elektrarne-malinec-ziadaju-ochranu-pitnej-vody-pre-300-tisic-ludi\/#primaryimage"},"image":{"@id":"https:\/\/www.smedemokrati.sk\/samospravy-biju-na-poplach-pred-vystavbou-elektrarne-malinec-ziadaju-ochranu-pitnej-vody-pre-300-tisic-ludi\/#primaryimage"},"thumbnailUrl":"https:\/\/www.smedemokrati.sk\/wp-content\/uploads\/2025\/06\/malinec.jpg","datePublished":"2025-10-14T12:02:36+00:00","dateModified":"2025-10-14T12:02:37+00:00","breadcrumb":{"@id":"https:\/\/www.smedemokrati.sk\/samospravy-biju-na-poplach-pred-vystavbou-elektrarne-malinec-ziadaju-ochranu-pitnej-vody-pre-300-tisic-ludi\/#breadcrumb"},"inLanguage":"en-US","potentialAction":[{"@type":"ReadAction","target":["https:\/\/www.smedemokrati.sk\/samospravy-biju-na-poplach-pred-vystavbou-elektrarne-malinec-ziadaju-ochranu-pitnej-vody-pre-300-tisic-ludi\/"]}]},{"@type":"ImageObject","inLanguage":"en-US","@id":"https:\/\/www.smedemokrati.sk\/samospravy-biju-na-poplach-pred-vystavbou-elektrarne-malinec-ziadaju-ochranu-pitnej-vody-pre-300-tisic-ludi\/#primaryimage","url":"https:\/\/www.smedemokrati.sk\/wp-content\/uploads\/2025\/06\/malinec.jpg","contentUrl":"https:\/\/www.smedemokrati.sk\/wp-content\/uploads\/2025\/06\/malinec.jpg","width":935,"height":531},{"@type":"BreadcrumbList","@id":"https:\/\/www.smedemokrati.sk\/samospravy-biju-na-poplach-pred-vystavbou-elektrarne-malinec-ziadaju-ochranu-pitnej-vody-pre-300-tisic-ludi\/#breadcrumb","itemListElement":[{"@type":"ListItem","position":1,"name":"Domovsk\u00e1 str\u00e1nka","item":"https:\/\/www.smedemokrati.sk\/"},{"@type":"ListItem","position":2,"name":"Samospr\u00e1vy bij\u00fa na poplach: Pred v\u00fdstavbou elektr\u00e1rne M\u00e1linec \u017eiadaj\u00fa ochranu pitnej vody pre 300-tis\u00edc \u013eud\u00ed"}]},{"@type":"WebSite","@id":"https:\/\/www.smedemokrati.sk\/#website","url":"https:\/\/www.smedemokrati.sk\/","name":"Smedemokrati.sk","description":"Demokracia a slu\u0161nos\u0165 zv\u00ed\u0165az\u00ed","publisher":{"@id":"https:\/\/www.smedemokrati.sk\/#organization"},"potentialAction":[{"@type":"SearchAction","target":{"@type":"EntryPoint","urlTemplate":"https:\/\/www.smedemokrati.sk\/?s={search_term_string}"},"query-input":{"@type":"PropertyValueSpecification","valueRequired":true,"valueName":"search_term_string"}}],"inLanguage":"en-US"},{"@type":"Organization","@id":"https:\/\/www.smedemokrati.sk\/#organization","name":"Smedemokrati.sk","url":"https:\/\/www.smedemokrati.sk\/","logo":{"@type":"ImageObject","inLanguage":"en-US","@id":"https:\/\/www.smedemokrati.sk\/#\/schema\/logo\/image\/","url":"https:\/\/www.smedemokrati.sk\/wp-content\/uploads\/2023\/04\/ff.002.jpeg","contentUrl":"https:\/\/www.smedemokrati.sk\/wp-content\/uploads\/2023\/04\/ff.002.jpeg","width":640,"height":480,"caption":"Smedemokrati.sk"},"image":{"@id":"https:\/\/www.smedemokrati.sk\/#\/schema\/logo\/image\/"},"sameAs":["https:\/\/www.facebook.com\/smedemokrati2023"]},{"@type":"Person","@id":"https:\/\/www.smedemokrati.sk\/#\/schema\/person\/21f147c88d605aa7ded900e1e7c344ba","name":"miro.sopko","image":{"@type":"ImageObject","inLanguage":"en-US","@id":"https:\/\/secure.gravatar.com\/avatar\/267e4a36f704376c109afe3a78740c1f5dd8675a2180a908699e7863c9247606?s=96&d=mm&r=g","url":"https:\/\/secure.gravatar.com\/avatar\/267e4a36f704376c109afe3a78740c1f5dd8675a2180a908699e7863c9247606?s=96&d=mm&r=g","contentUrl":"https:\/\/secure.gravatar.com\/avatar\/267e4a36f704376c109afe3a78740c1f5dd8675a2180a908699e7863c9247606?s=96&d=mm&r=g","caption":"miro.sopko"},"url":"https:\/\/www.smedemokrati.sk\/en\/author\/miro-sopko\/"}]}},"_links":{"self":[{"href":"https:\/\/www.smedemokrati.sk\/en\/wp-json\/wp\/v2\/posts\/8322","targetHints":{"allow":["GET"]}}],"collection":[{"href":"https:\/\/www.smedemokrati.sk\/en\/wp-json\/wp\/v2\/posts"}],"about":[{"href":"https:\/\/www.smedemokrati.sk\/en\/wp-json\/wp\/v2\/types\/post"}],"author":[{"embeddable":true,"href":"https:\/\/www.smedemokrati.sk\/en\/wp-json\/wp\/v2\/users\/13"}],"replies":[{"embeddable":true,"href":"https:\/\/www.smedemokrati.sk\/en\/wp-json\/wp\/v2\/comments?post=8322"}],"version-history":[{"count":1,"href":"https:\/\/www.smedemokrati.sk\/en\/wp-json\/wp\/v2\/posts\/8322\/revisions"}],"predecessor-version":[{"id":8324,"href":"https:\/\/www.smedemokrati.sk\/en\/wp-json\/wp\/v2\/posts\/8322\/revisions\/8324"}],"wp:featuredmedia":[{"embeddable":true,"href":"https:\/\/www.smedemokrati.sk\/en\/wp-json\/wp\/v2\/media\/7456"}],"wp:attachment":[{"href":"https:\/\/www.smedemokrati.sk\/en\/wp-json\/wp\/v2\/media?parent=8322"}],"wp:term":[{"taxonomy":"category","embeddable":true,"href":"https:\/\/www.smedemokrati.sk\/en\/wp-json\/wp\/v2\/categories?post=8322"},{"taxonomy":"post_tag","embeddable":true,"href":"https:\/\/www.smedemokrati.sk\/en\/wp-json\/wp\/v2\/tags?post=8322"}],"curies":[{"name":"wp","href":"https:\/\/api.w.org\/{rel}","templated":true}]}}