{"id":8313,"date":"2025-10-11T14:59:11","date_gmt":"2025-10-11T13:59:11","guid":{"rendered":"https:\/\/www.smedemokrati.sk\/?p=8313"},"modified":"2025-10-11T14:59:12","modified_gmt":"2025-10-11T13:59:12","slug":"fico-pohrda-samospravami-aj-volicmi-k-predlzeniu-volebneho-obdobia-organov-samosprav-nedal-ziadny-argument","status":"publish","type":"post","link":"https:\/\/www.smedemokrati.sk\/en\/fico-pohrda-samospravami-aj-volicmi-k-predlzeniu-volebneho-obdobia-organov-samosprav-nedal-ziadny-argument\/","title":{"rendered":"Fico poh\u0155da samospr\u00e1vami aj voli\u010dmi, k\u00a0pred\u013a\u017eeniu volebn\u00e9ho obdobia org\u00e1nov samospr\u00e1v nedal \u017eiadny argument"},"content":{"rendered":"<div id=\"fb-root\"><\/div>\n\n<p><strong>Demokrati ostro protestuj\u00fa proti snah\u00e1m Roberta Fica pres\u00fava\u0165 term\u00edn volieb do org\u00e1nov samospr\u00e1v z\u00a0jesene 2026 o rok. Neexistuje na to \u017eiadny d\u00f4vod, okrem strachu Roberta Fica z por\u00e1\u017eky. Je to \u010fal\u0161ia snaha prekry\u0165 vlastn\u00e9 zlyhania a o\u017eobra\u010dovanie Slov\u00e1kov.<\/strong><\/p>\n\n\n\n<p><strong>\u201eRobert Fico a&nbsp;cel\u00e1 jeho vl\u00e1da poh\u0155daj\u00fa samospr\u00e1vami. Nere\u0161pektuj\u00fa ich auton\u00f3mne postavenie, neber\u00fa ich ako partnerov a&nbsp;len im jednostranne ber\u00fa peniaze, ktor\u00e9 vl\u00e1da potom nezmyselne m\u00ed\u0148a. V&nbsp;tomto kontexte vyznieva smie\u0161ne, \u017ee si premi\u00e9r dovol\u00ed vyzva\u0165 zdru\u017eenia samospr\u00e1v, aby s\u00fahlasili s&nbsp;odlo\u017een\u00edm volieb o&nbsp;rok. Podot\u00fdkam, \u017ee bez jedin\u00e9ho argumentu,\u201c<\/strong>&nbsp;uviedol gener\u00e1lny sekret\u00e1r Demokratov a expert na region\u00e1lny rozvoj Peter Markovi\u010d.<\/p>\n\n\n\n<p>Demokrati si ctia \u00fastavn\u00fd z\u00e1klad demokratick\u00e9ho Slovenska, v&nbsp;zmysle ktor\u00e9ho ob\u010dania dali v&nbsp;roku 2022 mand\u00e1t svojim z\u00e1stupcom v&nbsp;org\u00e1noch samospr\u00e1v na \u0161tyri roky. S\u00fa\u010das\u0165ou prejavenia v\u00f4le ob\u010danov nebola opcia na \u010fal\u0161\u00ed rok.<\/p>\n\n\n\n<p><strong>\u201ePolitici si musia zvykn\u00fa\u0165, \u017ee vo\u013eby nie s\u00fa bianko\u0161ekom na svojv\u00f4\u013eu, ale \u00fastavnou axi\u00f3mou. O&nbsp;d\u013a\u017eke mand\u00e1tu rozhoduj\u00fa ob\u010dania a t\u00ed vo vo\u013eb\u00e1ch rozhodli o mand\u00e1te na 4 roky. To \u017eiadna koal\u00edcia v parlamente zmeni\u0165 nem\u00f4\u017ee,\u201c&nbsp;<\/strong>dodal Markovi\u010d.<\/p>\n","protected":false},"excerpt":{"rendered":"<p>Demokrati ostro protestuj\u00fa proti snah\u00e1m Roberta Fica pres\u00fava\u0165 term\u00edn volieb do org\u00e1nov samospr\u00e1v z\u00a0jesene 2026 o rok. Neexistuje na to \u017eiadny d\u00f4vod, okrem strachu Roberta Fica z por\u00e1\u017eky. Je to \u010fal\u0161ia snaha prekry\u0165 vlastn\u00e9 zlyhania a o\u017eobra\u010dovanie Slov\u00e1kov. \u201eRobert Fico a&nbsp;cel\u00e1 jeho vl\u00e1da poh\u0155daj\u00fa samospr\u00e1vami. Nere\u0161pektuj\u00fa ich auton\u00f3mne postavenie, neber\u00fa ich ako partnerov a&nbsp;len im [&hellip;]<\/p>\n","protected":false},"author":13,"featured_media":387,"comment_status":"closed","ping_status":"closed","sticky":false,"template":"","format":"standard","meta":{"_acf_changed":false,"ngg_post_thumbnail":0,"footnotes":""},"categories":[4],"tags":[],"class_list":["post-8313","post","type-post","status-publish","format-standard","has-post-thumbnail","hentry","category-tlacove-spravy"],"acf":[],"yoast_head":"<!-- This site is optimized with the Yoast SEO plugin v27.2 - https:\/\/yoast.com\/product\/yoast-seo-wordpress\/ -->\n<title>Fico poh\u0155da samospr\u00e1vami aj voli\u010dmi, k\u00a0pred\u013a\u017eeniu volebn\u00e9ho obdobia org\u00e1nov samospr\u00e1v nedal \u017eiadny argument<\/title>\n<meta name=\"robots\" content=\"index, follow, max-snippet:-1, max-image-preview:large, max-video-preview:-1\" \/>\n<link rel=\"canonical\" href=\"https:\/\/www.smedemokrati.sk\/en\/fico-pohrda-samospravami-aj-volicmi-k-predlzeniu-volebneho-obdobia-organov-samosprav-nedal-ziadny-argument\/\" \/>\n<meta property=\"og:locale\" content=\"en_US\" \/>\n<meta property=\"og:locale:alternate\" content=\"cs_CZ\" \/>\n<meta property=\"og:locale:alternate\" content=\"hu_HU\" \/>\n<meta property=\"og:locale:alternate\" content=\"sk_SK\" \/>\n<meta property=\"og:locale:alternate\" content=\"sv_SE\" \/>\n<meta property=\"og:type\" content=\"article\" \/>\n<meta property=\"og:title\" content=\"Fico poh\u0155da samospr\u00e1vami aj voli\u010dmi, k\u00a0pred\u013a\u017eeniu volebn\u00e9ho obdobia org\u00e1nov samospr\u00e1v nedal \u017eiadny argument\" \/>\n<meta property=\"og:description\" content=\"Demokrati ostro protestuj\u00fa proti snah\u00e1m Roberta Fica pres\u00fava\u0165 term\u00edn volieb do org\u00e1nov samospr\u00e1v z\u00a0jesene 2026 o rok. Neexistuje na to \u017eiadny d\u00f4vod, okrem strachu Roberta Fica z por\u00e1\u017eky. Je to \u010fal\u0161ia snaha prekry\u0165 vlastn\u00e9 zlyhania a o\u017eobra\u010dovanie Slov\u00e1kov. \u201eRobert Fico a&nbsp;cel\u00e1 jeho vl\u00e1da poh\u0155daj\u00fa samospr\u00e1vami. Nere\u0161pektuj\u00fa ich auton\u00f3mne postavenie, neber\u00fa ich ako partnerov a&nbsp;len im [&hellip;]\" \/>\n<meta property=\"og:url\" content=\"https:\/\/www.smedemokrati.sk\/en\/fico-pohrda-samospravami-aj-volicmi-k-predlzeniu-volebneho-obdobia-organov-samosprav-nedal-ziadny-argument\/\" \/>\n<meta property=\"og:site_name\" content=\"Smedemokrati.sk\" \/>\n<meta property=\"article:publisher\" content=\"https:\/\/www.facebook.com\/smedemokrati2023\" \/>\n<meta property=\"article:published_time\" content=\"2025-10-11T13:59:11+00:00\" \/>\n<meta property=\"article:modified_time\" content=\"2025-10-11T13:59:12+00:00\" \/>\n<meta property=\"og:image\" content=\"https:\/\/www.smedemokrati.sk\/wp-content\/uploads\/2023\/04\/PM.jpg\" \/>\n\t<meta property=\"og:image:width\" content=\"1520\" \/>\n\t<meta property=\"og:image:height\" content=\"1080\" \/>\n\t<meta property=\"og:image:type\" content=\"image\/jpeg\" \/>\n<meta name=\"author\" content=\"miro.sopko\" \/>\n<meta name=\"twitter:card\" content=\"summary_large_image\" \/>\n<meta name=\"twitter:label1\" content=\"Written by\" \/>\n\t<meta name=\"twitter:data1\" content=\"miro.sopko\" \/>\n\t<meta name=\"twitter:label2\" content=\"Est. reading time\" \/>\n\t<meta name=\"twitter:data2\" content=\"2 minutes\" \/>\n<script type=\"application\/ld+json\" class=\"yoast-schema-graph\">{\"@context\":\"https:\/\/schema.org\",\"@graph\":[{\"@type\":\"Article\",\"@id\":\"https:\/\/www.smedemokrati.sk\/fico-pohrda-samospravami-aj-volicmi-k-predlzeniu-volebneho-obdobia-organov-samosprav-nedal-ziadny-argument\/#article\",\"isPartOf\":{\"@id\":\"https:\/\/www.smedemokrati.sk\/fico-pohrda-samospravami-aj-volicmi-k-predlzeniu-volebneho-obdobia-organov-samosprav-nedal-ziadny-argument\/\"},\"author\":{\"name\":\"miro.sopko\",\"@id\":\"https:\/\/www.smedemokrati.sk\/#\/schema\/person\/21f147c88d605aa7ded900e1e7c344ba\"},\"headline\":\"Fico poh\u0155da samospr\u00e1vami aj voli\u010dmi, k\u00a0pred\u013a\u017eeniu volebn\u00e9ho obdobia org\u00e1nov samospr\u00e1v nedal \u017eiadny argument\",\"datePublished\":\"2025-10-11T13:59:11+00:00\",\"dateModified\":\"2025-10-11T13:59:12+00:00\",\"mainEntityOfPage\":{\"@id\":\"https:\/\/www.smedemokrati.sk\/fico-pohrda-samospravami-aj-volicmi-k-predlzeniu-volebneho-obdobia-organov-samosprav-nedal-ziadny-argument\/\"},\"wordCount\":257,\"publisher\":{\"@id\":\"https:\/\/www.smedemokrati.sk\/#organization\"},\"image\":{\"@id\":\"https:\/\/www.smedemokrati.sk\/fico-pohrda-samospravami-aj-volicmi-k-predlzeniu-volebneho-obdobia-organov-samosprav-nedal-ziadny-argument\/#primaryimage\"},\"thumbnailUrl\":\"https:\/\/www.smedemokrati.sk\/wp-content\/uploads\/2023\/04\/PM.jpg\",\"articleSection\":[\"Tla\u010dov\u00e9 spr\u00e1vy\"],\"inLanguage\":\"en-US\"},{\"@type\":\"WebPage\",\"@id\":\"https:\/\/www.smedemokrati.sk\/fico-pohrda-samospravami-aj-volicmi-k-predlzeniu-volebneho-obdobia-organov-samosprav-nedal-ziadny-argument\/\",\"url\":\"https:\/\/www.smedemokrati.sk\/fico-pohrda-samospravami-aj-volicmi-k-predlzeniu-volebneho-obdobia-organov-samosprav-nedal-ziadny-argument\/\",\"name\":\"Fico poh\u0155da samospr\u00e1vami aj voli\u010dmi, k\u00a0pred\u013a\u017eeniu volebn\u00e9ho obdobia org\u00e1nov samospr\u00e1v nedal \u017eiadny argument\",\"isPartOf\":{\"@id\":\"https:\/\/www.smedemokrati.sk\/#website\"},\"primaryImageOfPage\":{\"@id\":\"https:\/\/www.smedemokrati.sk\/fico-pohrda-samospravami-aj-volicmi-k-predlzeniu-volebneho-obdobia-organov-samosprav-nedal-ziadny-argument\/#primaryimage\"},\"image\":{\"@id\":\"https:\/\/www.smedemokrati.sk\/fico-pohrda-samospravami-aj-volicmi-k-predlzeniu-volebneho-obdobia-organov-samosprav-nedal-ziadny-argument\/#primaryimage\"},\"thumbnailUrl\":\"https:\/\/www.smedemokrati.sk\/wp-content\/uploads\/2023\/04\/PM.jpg\",\"datePublished\":\"2025-10-11T13:59:11+00:00\",\"dateModified\":\"2025-10-11T13:59:12+00:00\",\"breadcrumb\":{\"@id\":\"https:\/\/www.smedemokrati.sk\/fico-pohrda-samospravami-aj-volicmi-k-predlzeniu-volebneho-obdobia-organov-samosprav-nedal-ziadny-argument\/#breadcrumb\"},\"inLanguage\":\"en-US\",\"potentialAction\":[{\"@type\":\"ReadAction\",\"target\":[\"https:\/\/www.smedemokrati.sk\/fico-pohrda-samospravami-aj-volicmi-k-predlzeniu-volebneho-obdobia-organov-samosprav-nedal-ziadny-argument\/\"]}]},{\"@type\":\"ImageObject\",\"inLanguage\":\"en-US\",\"@id\":\"https:\/\/www.smedemokrati.sk\/fico-pohrda-samospravami-aj-volicmi-k-predlzeniu-volebneho-obdobia-organov-samosprav-nedal-ziadny-argument\/#primaryimage\",\"url\":\"https:\/\/www.smedemokrati.sk\/wp-content\/uploads\/2023\/04\/PM.jpg\",\"contentUrl\":\"https:\/\/www.smedemokrati.sk\/wp-content\/uploads\/2023\/04\/PM.jpg\",\"width\":1520,\"height\":1080},{\"@type\":\"BreadcrumbList\",\"@id\":\"https:\/\/www.smedemokrati.sk\/fico-pohrda-samospravami-aj-volicmi-k-predlzeniu-volebneho-obdobia-organov-samosprav-nedal-ziadny-argument\/#breadcrumb\",\"itemListElement\":[{\"@type\":\"ListItem\",\"position\":1,\"name\":\"Domovsk\u00e1 str\u00e1nka\",\"item\":\"https:\/\/www.smedemokrati.sk\/\"},{\"@type\":\"ListItem\",\"position\":2,\"name\":\"Fico poh\u0155da samospr\u00e1vami aj voli\u010dmi, k\u00a0pred\u013a\u017eeniu volebn\u00e9ho obdobia org\u00e1nov samospr\u00e1v nedal \u017eiadny argument\"}]},{\"@type\":\"WebSite\",\"@id\":\"https:\/\/www.smedemokrati.sk\/#website\",\"url\":\"https:\/\/www.smedemokrati.sk\/\",\"name\":\"Smedemokrati.sk\",\"description\":\"Demokracia a slu\u0161nos\u0165 zv\u00ed\u0165az\u00ed\",\"publisher\":{\"@id\":\"https:\/\/www.smedemokrati.sk\/#organization\"},\"potentialAction\":[{\"@type\":\"SearchAction\",\"target\":{\"@type\":\"EntryPoint\",\"urlTemplate\":\"https:\/\/www.smedemokrati.sk\/?s={search_term_string}\"},\"query-input\":{\"@type\":\"PropertyValueSpecification\",\"valueRequired\":true,\"valueName\":\"search_term_string\"}}],\"inLanguage\":\"en-US\"},{\"@type\":\"Organization\",\"@id\":\"https:\/\/www.smedemokrati.sk\/#organization\",\"name\":\"Smedemokrati.sk\",\"url\":\"https:\/\/www.smedemokrati.sk\/\",\"logo\":{\"@type\":\"ImageObject\",\"inLanguage\":\"en-US\",\"@id\":\"https:\/\/www.smedemokrati.sk\/#\/schema\/logo\/image\/\",\"url\":\"https:\/\/www.smedemokrati.sk\/wp-content\/uploads\/2023\/04\/ff.002.jpeg\",\"contentUrl\":\"https:\/\/www.smedemokrati.sk\/wp-content\/uploads\/2023\/04\/ff.002.jpeg\",\"width\":640,\"height\":480,\"caption\":\"Smedemokrati.sk\"},\"image\":{\"@id\":\"https:\/\/www.smedemokrati.sk\/#\/schema\/logo\/image\/\"},\"sameAs\":[\"https:\/\/www.facebook.com\/smedemokrati2023\"]},{\"@type\":\"Person\",\"@id\":\"https:\/\/www.smedemokrati.sk\/#\/schema\/person\/21f147c88d605aa7ded900e1e7c344ba\",\"name\":\"miro.sopko\",\"image\":{\"@type\":\"ImageObject\",\"inLanguage\":\"en-US\",\"@id\":\"https:\/\/secure.gravatar.com\/avatar\/267e4a36f704376c109afe3a78740c1f5dd8675a2180a908699e7863c9247606?s=96&d=mm&r=g\",\"url\":\"https:\/\/secure.gravatar.com\/avatar\/267e4a36f704376c109afe3a78740c1f5dd8675a2180a908699e7863c9247606?s=96&d=mm&r=g\",\"contentUrl\":\"https:\/\/secure.gravatar.com\/avatar\/267e4a36f704376c109afe3a78740c1f5dd8675a2180a908699e7863c9247606?s=96&d=mm&r=g\",\"caption\":\"miro.sopko\"},\"url\":\"https:\/\/www.smedemokrati.sk\/en\/author\/miro-sopko\/\"}]}<\/script>\n<!-- \/ Yoast SEO plugin. -->","yoast_head_json":{"title":"Fico poh\u0155da samospr\u00e1vami aj voli\u010dmi, k\u00a0pred\u013a\u017eeniu volebn\u00e9ho obdobia org\u00e1nov samospr\u00e1v nedal \u017eiadny argument","robots":{"index":"index","follow":"follow","max-snippet":"max-snippet:-1","max-image-preview":"max-image-preview:large","max-video-preview":"max-video-preview:-1"},"canonical":"https:\/\/www.smedemokrati.sk\/en\/fico-pohrda-samospravami-aj-volicmi-k-predlzeniu-volebneho-obdobia-organov-samosprav-nedal-ziadny-argument\/","og_locale":"en_US","og_type":"article","og_title":"[:sk]Fico poh\u0155da samospr\u00e1vami aj voli\u010dmi, k\u00a0pred\u013a\u017eeniu volebn\u00e9ho obdobia org\u00e1nov samospr\u00e1v nedal \u017eiadny argument[:] - Smedemokrati.sk","og_description":"Demokrati ostro protestuj\u00fa proti snah\u00e1m Roberta Fica pres\u00fava\u0165 term\u00edn volieb do org\u00e1nov samospr\u00e1v z\u00a0jesene 2026 o rok. Neexistuje na to \u017eiadny d\u00f4vod, okrem strachu Roberta Fica z por\u00e1\u017eky. Je to \u010fal\u0161ia snaha prekry\u0165 vlastn\u00e9 zlyhania a o\u017eobra\u010dovanie Slov\u00e1kov. \u201eRobert Fico a&nbsp;cel\u00e1 jeho vl\u00e1da poh\u0155daj\u00fa samospr\u00e1vami. Nere\u0161pektuj\u00fa ich auton\u00f3mne postavenie, neber\u00fa ich ako partnerov a&nbsp;len im [&hellip;]","og_url":"https:\/\/www.smedemokrati.sk\/en\/fico-pohrda-samospravami-aj-volicmi-k-predlzeniu-volebneho-obdobia-organov-samosprav-nedal-ziadny-argument\/","og_site_name":"Smedemokrati.sk","article_publisher":"https:\/\/www.facebook.com\/smedemokrati2023","article_published_time":"2025-10-11T13:59:11+00:00","article_modified_time":"2025-10-11T13:59:12+00:00","og_image":[{"width":1520,"height":1080,"url":"https:\/\/www.smedemokrati.sk\/wp-content\/uploads\/2023\/04\/PM.jpg","type":"image\/jpeg"}],"author":"miro.sopko","twitter_card":"summary_large_image","twitter_misc":{"Written by":"miro.sopko","Est. reading time":"2 minutes"},"schema":{"@context":"https:\/\/schema.org","@graph":[{"@type":"Article","@id":"https:\/\/www.smedemokrati.sk\/fico-pohrda-samospravami-aj-volicmi-k-predlzeniu-volebneho-obdobia-organov-samosprav-nedal-ziadny-argument\/#article","isPartOf":{"@id":"https:\/\/www.smedemokrati.sk\/fico-pohrda-samospravami-aj-volicmi-k-predlzeniu-volebneho-obdobia-organov-samosprav-nedal-ziadny-argument\/"},"author":{"name":"miro.sopko","@id":"https:\/\/www.smedemokrati.sk\/#\/schema\/person\/21f147c88d605aa7ded900e1e7c344ba"},"headline":"Fico poh\u0155da samospr\u00e1vami aj voli\u010dmi, k\u00a0pred\u013a\u017eeniu volebn\u00e9ho obdobia org\u00e1nov samospr\u00e1v nedal \u017eiadny argument","datePublished":"2025-10-11T13:59:11+00:00","dateModified":"2025-10-11T13:59:12+00:00","mainEntityOfPage":{"@id":"https:\/\/www.smedemokrati.sk\/fico-pohrda-samospravami-aj-volicmi-k-predlzeniu-volebneho-obdobia-organov-samosprav-nedal-ziadny-argument\/"},"wordCount":257,"publisher":{"@id":"https:\/\/www.smedemokrati.sk\/#organization"},"image":{"@id":"https:\/\/www.smedemokrati.sk\/fico-pohrda-samospravami-aj-volicmi-k-predlzeniu-volebneho-obdobia-organov-samosprav-nedal-ziadny-argument\/#primaryimage"},"thumbnailUrl":"https:\/\/www.smedemokrati.sk\/wp-content\/uploads\/2023\/04\/PM.jpg","articleSection":["Tla\u010dov\u00e9 spr\u00e1vy"],"inLanguage":"en-US"},{"@type":"WebPage","@id":"https:\/\/www.smedemokrati.sk\/fico-pohrda-samospravami-aj-volicmi-k-predlzeniu-volebneho-obdobia-organov-samosprav-nedal-ziadny-argument\/","url":"https:\/\/www.smedemokrati.sk\/fico-pohrda-samospravami-aj-volicmi-k-predlzeniu-volebneho-obdobia-organov-samosprav-nedal-ziadny-argument\/","name":"Fico poh\u0155da samospr\u00e1vami aj voli\u010dmi, k\u00a0pred\u013a\u017eeniu volebn\u00e9ho obdobia org\u00e1nov samospr\u00e1v nedal \u017eiadny argument","isPartOf":{"@id":"https:\/\/www.smedemokrati.sk\/#website"},"primaryImageOfPage":{"@id":"https:\/\/www.smedemokrati.sk\/fico-pohrda-samospravami-aj-volicmi-k-predlzeniu-volebneho-obdobia-organov-samosprav-nedal-ziadny-argument\/#primaryimage"},"image":{"@id":"https:\/\/www.smedemokrati.sk\/fico-pohrda-samospravami-aj-volicmi-k-predlzeniu-volebneho-obdobia-organov-samosprav-nedal-ziadny-argument\/#primaryimage"},"thumbnailUrl":"https:\/\/www.smedemokrati.sk\/wp-content\/uploads\/2023\/04\/PM.jpg","datePublished":"2025-10-11T13:59:11+00:00","dateModified":"2025-10-11T13:59:12+00:00","breadcrumb":{"@id":"https:\/\/www.smedemokrati.sk\/fico-pohrda-samospravami-aj-volicmi-k-predlzeniu-volebneho-obdobia-organov-samosprav-nedal-ziadny-argument\/#breadcrumb"},"inLanguage":"en-US","potentialAction":[{"@type":"ReadAction","target":["https:\/\/www.smedemokrati.sk\/fico-pohrda-samospravami-aj-volicmi-k-predlzeniu-volebneho-obdobia-organov-samosprav-nedal-ziadny-argument\/"]}]},{"@type":"ImageObject","inLanguage":"en-US","@id":"https:\/\/www.smedemokrati.sk\/fico-pohrda-samospravami-aj-volicmi-k-predlzeniu-volebneho-obdobia-organov-samosprav-nedal-ziadny-argument\/#primaryimage","url":"https:\/\/www.smedemokrati.sk\/wp-content\/uploads\/2023\/04\/PM.jpg","contentUrl":"https:\/\/www.smedemokrati.sk\/wp-content\/uploads\/2023\/04\/PM.jpg","width":1520,"height":1080},{"@type":"BreadcrumbList","@id":"https:\/\/www.smedemokrati.sk\/fico-pohrda-samospravami-aj-volicmi-k-predlzeniu-volebneho-obdobia-organov-samosprav-nedal-ziadny-argument\/#breadcrumb","itemListElement":[{"@type":"ListItem","position":1,"name":"Domovsk\u00e1 str\u00e1nka","item":"https:\/\/www.smedemokrati.sk\/"},{"@type":"ListItem","position":2,"name":"Fico poh\u0155da samospr\u00e1vami aj voli\u010dmi, k\u00a0pred\u013a\u017eeniu volebn\u00e9ho obdobia org\u00e1nov samospr\u00e1v nedal \u017eiadny argument"}]},{"@type":"WebSite","@id":"https:\/\/www.smedemokrati.sk\/#website","url":"https:\/\/www.smedemokrati.sk\/","name":"Smedemokrati.sk","description":"Demokracia a slu\u0161nos\u0165 zv\u00ed\u0165az\u00ed","publisher":{"@id":"https:\/\/www.smedemokrati.sk\/#organization"},"potentialAction":[{"@type":"SearchAction","target":{"@type":"EntryPoint","urlTemplate":"https:\/\/www.smedemokrati.sk\/?s={search_term_string}"},"query-input":{"@type":"PropertyValueSpecification","valueRequired":true,"valueName":"search_term_string"}}],"inLanguage":"en-US"},{"@type":"Organization","@id":"https:\/\/www.smedemokrati.sk\/#organization","name":"Smedemokrati.sk","url":"https:\/\/www.smedemokrati.sk\/","logo":{"@type":"ImageObject","inLanguage":"en-US","@id":"https:\/\/www.smedemokrati.sk\/#\/schema\/logo\/image\/","url":"https:\/\/www.smedemokrati.sk\/wp-content\/uploads\/2023\/04\/ff.002.jpeg","contentUrl":"https:\/\/www.smedemokrati.sk\/wp-content\/uploads\/2023\/04\/ff.002.jpeg","width":640,"height":480,"caption":"Smedemokrati.sk"},"image":{"@id":"https:\/\/www.smedemokrati.sk\/#\/schema\/logo\/image\/"},"sameAs":["https:\/\/www.facebook.com\/smedemokrati2023"]},{"@type":"Person","@id":"https:\/\/www.smedemokrati.sk\/#\/schema\/person\/21f147c88d605aa7ded900e1e7c344ba","name":"miro.sopko","image":{"@type":"ImageObject","inLanguage":"en-US","@id":"https:\/\/secure.gravatar.com\/avatar\/267e4a36f704376c109afe3a78740c1f5dd8675a2180a908699e7863c9247606?s=96&d=mm&r=g","url":"https:\/\/secure.gravatar.com\/avatar\/267e4a36f704376c109afe3a78740c1f5dd8675a2180a908699e7863c9247606?s=96&d=mm&r=g","contentUrl":"https:\/\/secure.gravatar.com\/avatar\/267e4a36f704376c109afe3a78740c1f5dd8675a2180a908699e7863c9247606?s=96&d=mm&r=g","caption":"miro.sopko"},"url":"https:\/\/www.smedemokrati.sk\/en\/author\/miro-sopko\/"}]}},"_links":{"self":[{"href":"https:\/\/www.smedemokrati.sk\/en\/wp-json\/wp\/v2\/posts\/8313","targetHints":{"allow":["GET"]}}],"collection":[{"href":"https:\/\/www.smedemokrati.sk\/en\/wp-json\/wp\/v2\/posts"}],"about":[{"href":"https:\/\/www.smedemokrati.sk\/en\/wp-json\/wp\/v2\/types\/post"}],"author":[{"embeddable":true,"href":"https:\/\/www.smedemokrati.sk\/en\/wp-json\/wp\/v2\/users\/13"}],"replies":[{"embeddable":true,"href":"https:\/\/www.smedemokrati.sk\/en\/wp-json\/wp\/v2\/comments?post=8313"}],"version-history":[{"count":1,"href":"https:\/\/www.smedemokrati.sk\/en\/wp-json\/wp\/v2\/posts\/8313\/revisions"}],"predecessor-version":[{"id":8314,"href":"https:\/\/www.smedemokrati.sk\/en\/wp-json\/wp\/v2\/posts\/8313\/revisions\/8314"}],"wp:featuredmedia":[{"embeddable":true,"href":"https:\/\/www.smedemokrati.sk\/en\/wp-json\/wp\/v2\/media\/387"}],"wp:attachment":[{"href":"https:\/\/www.smedemokrati.sk\/en\/wp-json\/wp\/v2\/media?parent=8313"}],"wp:term":[{"taxonomy":"category","embeddable":true,"href":"https:\/\/www.smedemokrati.sk\/en\/wp-json\/wp\/v2\/categories?post=8313"},{"taxonomy":"post_tag","embeddable":true,"href":"https:\/\/www.smedemokrati.sk\/en\/wp-json\/wp\/v2\/tags?post=8313"}],"curies":[{"name":"wp","href":"https:\/\/api.w.org\/{rel}","templated":true}]}}