{"id":8283,"date":"2025-10-04T15:22:38","date_gmt":"2025-10-04T14:22:38","guid":{"rendered":"https:\/\/www.smedemokrati.sk\/?p=8283"},"modified":"2025-10-04T15:22:39","modified_gmt":"2025-10-04T14:22:39","slug":"napadnutie-clena-v-povazskej-bystrici","status":"publish","type":"post","link":"https:\/\/www.smedemokrati.sk\/en\/napadnutie-clena-v-povazskej-bystrici\/","title":{"rendered":"Napadnutie \u010dlena v Pova\u017eskej Bystrici"},"content":{"rendered":"<div id=\"fb-root\"><\/div>\n\n<p><strong>M\u00f4\u017eeme potvrdi\u0165, \u017ee dnes (4. okt\u00f3bra) do\u0161lo k incidentu, pri ktorom bol bez akejko\u013evek provok\u00e1cie napadnut\u00fd okresn\u00fd predseda strany Demokrati pre Pova\u017esk\u00fa Bystricu, J\u00e1n Kvasnica.<br><\/strong><br>\u00dato\u010dn\u00edk, star\u0161\u00ed mu\u017e, ne\u010dakane a bez varovania vybehol z kr\u00edkov a fyzicky napadol z\u00e1stupcu strany. J\u00e1n Kvasnica je moment\u00e1lne na lek\u00e1rskom o\u0161etren\u00ed, \u00fato\u010dn\u00edk mu poranil peru a \u00faderom sp\u00f4sobil siln\u00fa boles\u0165 hlavy. Okrem toho zdemoloval peti\u010dn\u00fd stol\u00edk, a situ\u00e1ciu musela rie\u0161i\u0165 privolan\u00e1 hliadka.<br><br><em>\u201eBl\u00ed\u017eime sa k dozbieraniu potrebn\u00e9ho po\u010dtu podpisov, aby sme mohli odovzda\u0165 peti\u010dn\u00e9 h\u00e1rky. Rozumiem, \u017ee t\u00fdmto rastie nervozita koali\u010dn\u00fdch str\u00e1n a ich sympatizantov, ktor\u00ed sa c\u00edtia ohrozen\u00ed stratou moci. N\u00e1silie a agresia vo\u010di na\u0161im \u010dlenom a sympatizantom s\u00fa absol\u00fatne neprijate\u013en\u00e9. Tak\u00e9to \u010diny s\u00fa \u00fatokom na demokraciu a na\u0161e peti\u010dn\u00e9 pr\u00e1vo a bud\u00fa d\u00f4sledne rie\u0161en\u00e9. Kto si mysl\u00ed, \u017ee zastra\u0161ovan\u00edm n\u00e1s odrad\u00ed, m\u00fdli sa. Na\u010falej budeme pokra\u010dova\u0165 vo svojej pr\u00e1ci pokojne, ale nekompromisne.\u201d<\/em>\u00a0reagoval predseda strany Jaroslav Na\u010f.<\/p>\n","protected":false},"excerpt":{"rendered":"<p>M\u00f4\u017eeme potvrdi\u0165, \u017ee dnes (4. okt\u00f3bra) do\u0161lo k incidentu, pri ktorom bol bez akejko\u013evek provok\u00e1cie napadnut\u00fd okresn\u00fd predseda strany Demokrati pre Pova\u017esk\u00fa Bystricu, J\u00e1n Kvasnica.\u00dato\u010dn\u00edk, star\u0161\u00ed mu\u017e, ne\u010dakane a bez varovania vybehol z kr\u00edkov a fyzicky napadol z\u00e1stupcu strany. J\u00e1n Kvasnica je moment\u00e1lne na lek\u00e1rskom o\u0161etren\u00ed, \u00fato\u010dn\u00edk mu poranil peru a \u00faderom sp\u00f4sobil siln\u00fa boles\u0165 [&hellip;]<\/p>\n","protected":false},"author":13,"featured_media":2761,"comment_status":"closed","ping_status":"closed","sticky":false,"template":"","format":"standard","meta":{"_acf_changed":false,"ngg_post_thumbnail":0,"footnotes":""},"categories":[11],"tags":[],"class_list":["post-8283","post","type-post","status-publish","format-standard","has-post-thumbnail","hentry","category-vyhlasenia"],"acf":[],"yoast_head":"<!-- This site is optimized with the Yoast SEO plugin v27.2 - https:\/\/yoast.com\/product\/yoast-seo-wordpress\/ -->\n<title>Napadnutie \u010dlena v Pova\u017eskej Bystrici<\/title>\n<meta name=\"robots\" content=\"index, follow, max-snippet:-1, max-image-preview:large, max-video-preview:-1\" \/>\n<link rel=\"canonical\" href=\"https:\/\/www.smedemokrati.sk\/en\/napadnutie-clena-v-povazskej-bystrici\/\" \/>\n<meta property=\"og:locale\" content=\"en_US\" \/>\n<meta property=\"og:locale:alternate\" content=\"cs_CZ\" \/>\n<meta property=\"og:locale:alternate\" content=\"hu_HU\" \/>\n<meta property=\"og:locale:alternate\" content=\"sk_SK\" \/>\n<meta property=\"og:locale:alternate\" content=\"sv_SE\" \/>\n<meta property=\"og:type\" content=\"article\" \/>\n<meta property=\"og:title\" content=\"Napadnutie \u010dlena v Pova\u017eskej Bystrici\" \/>\n<meta property=\"og:description\" content=\"M\u00f4\u017eeme potvrdi\u0165, \u017ee dnes (4. okt\u00f3bra) do\u0161lo k incidentu, pri ktorom bol bez akejko\u013evek provok\u00e1cie napadnut\u00fd okresn\u00fd predseda strany Demokrati pre Pova\u017esk\u00fa Bystricu, J\u00e1n Kvasnica.\u00dato\u010dn\u00edk, star\u0161\u00ed mu\u017e, ne\u010dakane a bez varovania vybehol z kr\u00edkov a fyzicky napadol z\u00e1stupcu strany. J\u00e1n Kvasnica je moment\u00e1lne na lek\u00e1rskom o\u0161etren\u00ed, \u00fato\u010dn\u00edk mu poranil peru a \u00faderom sp\u00f4sobil siln\u00fa boles\u0165 [&hellip;]\" \/>\n<meta property=\"og:url\" content=\"https:\/\/www.smedemokrati.sk\/en\/napadnutie-clena-v-povazskej-bystrici\/\" \/>\n<meta property=\"og:site_name\" content=\"Smedemokrati.sk\" \/>\n<meta property=\"article:publisher\" content=\"https:\/\/www.facebook.com\/smedemokrati2023\" \/>\n<meta property=\"article:published_time\" content=\"2025-10-04T14:22:38+00:00\" \/>\n<meta property=\"article:modified_time\" content=\"2025-10-04T14:22:39+00:00\" \/>\n<meta property=\"og:image\" content=\"https:\/\/www.smedemokrati.sk\/wp-content\/uploads\/2024\/02\/banner_demokrati_profil-e1709977549423.png\" \/>\n\t<meta property=\"og:image:width\" content=\"3000\" \/>\n\t<meta property=\"og:image:height\" content=\"870\" \/>\n\t<meta property=\"og:image:type\" content=\"image\/png\" \/>\n<meta name=\"author\" content=\"miro.sopko\" \/>\n<meta name=\"twitter:card\" content=\"summary_large_image\" \/>\n<meta name=\"twitter:label1\" content=\"Written by\" \/>\n\t<meta name=\"twitter:data1\" content=\"miro.sopko\" \/>\n\t<meta name=\"twitter:label2\" content=\"Est. reading time\" \/>\n\t<meta name=\"twitter:data2\" content=\"1 minute\" \/>\n<script type=\"application\/ld+json\" class=\"yoast-schema-graph\">{\"@context\":\"https:\/\/schema.org\",\"@graph\":[{\"@type\":\"Article\",\"@id\":\"https:\/\/www.smedemokrati.sk\/napadnutie-clena-v-povazskej-bystrici\/#article\",\"isPartOf\":{\"@id\":\"https:\/\/www.smedemokrati.sk\/napadnutie-clena-v-povazskej-bystrici\/\"},\"author\":{\"name\":\"miro.sopko\",\"@id\":\"https:\/\/www.smedemokrati.sk\/#\/schema\/person\/21f147c88d605aa7ded900e1e7c344ba\"},\"headline\":\"Napadnutie \u010dlena v Pova\u017eskej Bystrici\",\"datePublished\":\"2025-10-04T14:22:38+00:00\",\"dateModified\":\"2025-10-04T14:22:39+00:00\",\"mainEntityOfPage\":{\"@id\":\"https:\/\/www.smedemokrati.sk\/napadnutie-clena-v-povazskej-bystrici\/\"},\"wordCount\":203,\"publisher\":{\"@id\":\"https:\/\/www.smedemokrati.sk\/#organization\"},\"image\":{\"@id\":\"https:\/\/www.smedemokrati.sk\/napadnutie-clena-v-povazskej-bystrici\/#primaryimage\"},\"thumbnailUrl\":\"https:\/\/www.smedemokrati.sk\/wp-content\/uploads\/2024\/02\/banner_demokrati_profil-e1709977549423.png\",\"articleSection\":[\"Vyhl\u00e1senia\"],\"inLanguage\":\"en-US\"},{\"@type\":\"WebPage\",\"@id\":\"https:\/\/www.smedemokrati.sk\/napadnutie-clena-v-povazskej-bystrici\/\",\"url\":\"https:\/\/www.smedemokrati.sk\/napadnutie-clena-v-povazskej-bystrici\/\",\"name\":\"Napadnutie \u010dlena v Pova\u017eskej Bystrici\",\"isPartOf\":{\"@id\":\"https:\/\/www.smedemokrati.sk\/#website\"},\"primaryImageOfPage\":{\"@id\":\"https:\/\/www.smedemokrati.sk\/napadnutie-clena-v-povazskej-bystrici\/#primaryimage\"},\"image\":{\"@id\":\"https:\/\/www.smedemokrati.sk\/napadnutie-clena-v-povazskej-bystrici\/#primaryimage\"},\"thumbnailUrl\":\"https:\/\/www.smedemokrati.sk\/wp-content\/uploads\/2024\/02\/banner_demokrati_profil-e1709977549423.png\",\"datePublished\":\"2025-10-04T14:22:38+00:00\",\"dateModified\":\"2025-10-04T14:22:39+00:00\",\"breadcrumb\":{\"@id\":\"https:\/\/www.smedemokrati.sk\/napadnutie-clena-v-povazskej-bystrici\/#breadcrumb\"},\"inLanguage\":\"en-US\",\"potentialAction\":[{\"@type\":\"ReadAction\",\"target\":[\"https:\/\/www.smedemokrati.sk\/napadnutie-clena-v-povazskej-bystrici\/\"]}]},{\"@type\":\"ImageObject\",\"inLanguage\":\"en-US\",\"@id\":\"https:\/\/www.smedemokrati.sk\/napadnutie-clena-v-povazskej-bystrici\/#primaryimage\",\"url\":\"https:\/\/www.smedemokrati.sk\/wp-content\/uploads\/2024\/02\/banner_demokrati_profil-e1709977549423.png\",\"contentUrl\":\"https:\/\/www.smedemokrati.sk\/wp-content\/uploads\/2024\/02\/banner_demokrati_profil-e1709977549423.png\",\"width\":3000,\"height\":870},{\"@type\":\"BreadcrumbList\",\"@id\":\"https:\/\/www.smedemokrati.sk\/napadnutie-clena-v-povazskej-bystrici\/#breadcrumb\",\"itemListElement\":[{\"@type\":\"ListItem\",\"position\":1,\"name\":\"Domovsk\u00e1 str\u00e1nka\",\"item\":\"https:\/\/www.smedemokrati.sk\/\"},{\"@type\":\"ListItem\",\"position\":2,\"name\":\"Napadnutie \u010dlena v Pova\u017eskej Bystrici\"}]},{\"@type\":\"WebSite\",\"@id\":\"https:\/\/www.smedemokrati.sk\/#website\",\"url\":\"https:\/\/www.smedemokrati.sk\/\",\"name\":\"Smedemokrati.sk\",\"description\":\"Demokracia a slu\u0161nos\u0165 zv\u00ed\u0165az\u00ed\",\"publisher\":{\"@id\":\"https:\/\/www.smedemokrati.sk\/#organization\"},\"potentialAction\":[{\"@type\":\"SearchAction\",\"target\":{\"@type\":\"EntryPoint\",\"urlTemplate\":\"https:\/\/www.smedemokrati.sk\/?s={search_term_string}\"},\"query-input\":{\"@type\":\"PropertyValueSpecification\",\"valueRequired\":true,\"valueName\":\"search_term_string\"}}],\"inLanguage\":\"en-US\"},{\"@type\":\"Organization\",\"@id\":\"https:\/\/www.smedemokrati.sk\/#organization\",\"name\":\"Smedemokrati.sk\",\"url\":\"https:\/\/www.smedemokrati.sk\/\",\"logo\":{\"@type\":\"ImageObject\",\"inLanguage\":\"en-US\",\"@id\":\"https:\/\/www.smedemokrati.sk\/#\/schema\/logo\/image\/\",\"url\":\"https:\/\/www.smedemokrati.sk\/wp-content\/uploads\/2023\/04\/ff.002.jpeg\",\"contentUrl\":\"https:\/\/www.smedemokrati.sk\/wp-content\/uploads\/2023\/04\/ff.002.jpeg\",\"width\":640,\"height\":480,\"caption\":\"Smedemokrati.sk\"},\"image\":{\"@id\":\"https:\/\/www.smedemokrati.sk\/#\/schema\/logo\/image\/\"},\"sameAs\":[\"https:\/\/www.facebook.com\/smedemokrati2023\"]},{\"@type\":\"Person\",\"@id\":\"https:\/\/www.smedemokrati.sk\/#\/schema\/person\/21f147c88d605aa7ded900e1e7c344ba\",\"name\":\"miro.sopko\",\"image\":{\"@type\":\"ImageObject\",\"inLanguage\":\"en-US\",\"@id\":\"https:\/\/secure.gravatar.com\/avatar\/267e4a36f704376c109afe3a78740c1f5dd8675a2180a908699e7863c9247606?s=96&d=mm&r=g\",\"url\":\"https:\/\/secure.gravatar.com\/avatar\/267e4a36f704376c109afe3a78740c1f5dd8675a2180a908699e7863c9247606?s=96&d=mm&r=g\",\"contentUrl\":\"https:\/\/secure.gravatar.com\/avatar\/267e4a36f704376c109afe3a78740c1f5dd8675a2180a908699e7863c9247606?s=96&d=mm&r=g\",\"caption\":\"miro.sopko\"},\"url\":\"https:\/\/www.smedemokrati.sk\/en\/author\/miro-sopko\/\"}]}<\/script>\n<!-- \/ Yoast SEO plugin. -->","yoast_head_json":{"title":"Napadnutie \u010dlena v Pova\u017eskej Bystrici","robots":{"index":"index","follow":"follow","max-snippet":"max-snippet:-1","max-image-preview":"max-image-preview:large","max-video-preview":"max-video-preview:-1"},"canonical":"https:\/\/www.smedemokrati.sk\/en\/napadnutie-clena-v-povazskej-bystrici\/","og_locale":"en_US","og_type":"article","og_title":"[:sk]Napadnutie \u010dlena v Pova\u017eskej Bystrici[:] - Smedemokrati.sk","og_description":"M\u00f4\u017eeme potvrdi\u0165, \u017ee dnes (4. okt\u00f3bra) do\u0161lo k incidentu, pri ktorom bol bez akejko\u013evek provok\u00e1cie napadnut\u00fd okresn\u00fd predseda strany Demokrati pre Pova\u017esk\u00fa Bystricu, J\u00e1n Kvasnica.\u00dato\u010dn\u00edk, star\u0161\u00ed mu\u017e, ne\u010dakane a bez varovania vybehol z kr\u00edkov a fyzicky napadol z\u00e1stupcu strany. J\u00e1n Kvasnica je moment\u00e1lne na lek\u00e1rskom o\u0161etren\u00ed, \u00fato\u010dn\u00edk mu poranil peru a \u00faderom sp\u00f4sobil siln\u00fa boles\u0165 [&hellip;]","og_url":"https:\/\/www.smedemokrati.sk\/en\/napadnutie-clena-v-povazskej-bystrici\/","og_site_name":"Smedemokrati.sk","article_publisher":"https:\/\/www.facebook.com\/smedemokrati2023","article_published_time":"2025-10-04T14:22:38+00:00","article_modified_time":"2025-10-04T14:22:39+00:00","og_image":[{"width":3000,"height":870,"url":"https:\/\/www.smedemokrati.sk\/wp-content\/uploads\/2024\/02\/banner_demokrati_profil-e1709977549423.png","type":"image\/png"}],"author":"miro.sopko","twitter_card":"summary_large_image","twitter_misc":{"Written by":"miro.sopko","Est. reading time":"1 minute"},"schema":{"@context":"https:\/\/schema.org","@graph":[{"@type":"Article","@id":"https:\/\/www.smedemokrati.sk\/napadnutie-clena-v-povazskej-bystrici\/#article","isPartOf":{"@id":"https:\/\/www.smedemokrati.sk\/napadnutie-clena-v-povazskej-bystrici\/"},"author":{"name":"miro.sopko","@id":"https:\/\/www.smedemokrati.sk\/#\/schema\/person\/21f147c88d605aa7ded900e1e7c344ba"},"headline":"Napadnutie \u010dlena v Pova\u017eskej Bystrici","datePublished":"2025-10-04T14:22:38+00:00","dateModified":"2025-10-04T14:22:39+00:00","mainEntityOfPage":{"@id":"https:\/\/www.smedemokrati.sk\/napadnutie-clena-v-povazskej-bystrici\/"},"wordCount":203,"publisher":{"@id":"https:\/\/www.smedemokrati.sk\/#organization"},"image":{"@id":"https:\/\/www.smedemokrati.sk\/napadnutie-clena-v-povazskej-bystrici\/#primaryimage"},"thumbnailUrl":"https:\/\/www.smedemokrati.sk\/wp-content\/uploads\/2024\/02\/banner_demokrati_profil-e1709977549423.png","articleSection":["Vyhl\u00e1senia"],"inLanguage":"en-US"},{"@type":"WebPage","@id":"https:\/\/www.smedemokrati.sk\/napadnutie-clena-v-povazskej-bystrici\/","url":"https:\/\/www.smedemokrati.sk\/napadnutie-clena-v-povazskej-bystrici\/","name":"Napadnutie \u010dlena v Pova\u017eskej Bystrici","isPartOf":{"@id":"https:\/\/www.smedemokrati.sk\/#website"},"primaryImageOfPage":{"@id":"https:\/\/www.smedemokrati.sk\/napadnutie-clena-v-povazskej-bystrici\/#primaryimage"},"image":{"@id":"https:\/\/www.smedemokrati.sk\/napadnutie-clena-v-povazskej-bystrici\/#primaryimage"},"thumbnailUrl":"https:\/\/www.smedemokrati.sk\/wp-content\/uploads\/2024\/02\/banner_demokrati_profil-e1709977549423.png","datePublished":"2025-10-04T14:22:38+00:00","dateModified":"2025-10-04T14:22:39+00:00","breadcrumb":{"@id":"https:\/\/www.smedemokrati.sk\/napadnutie-clena-v-povazskej-bystrici\/#breadcrumb"},"inLanguage":"en-US","potentialAction":[{"@type":"ReadAction","target":["https:\/\/www.smedemokrati.sk\/napadnutie-clena-v-povazskej-bystrici\/"]}]},{"@type":"ImageObject","inLanguage":"en-US","@id":"https:\/\/www.smedemokrati.sk\/napadnutie-clena-v-povazskej-bystrici\/#primaryimage","url":"https:\/\/www.smedemokrati.sk\/wp-content\/uploads\/2024\/02\/banner_demokrati_profil-e1709977549423.png","contentUrl":"https:\/\/www.smedemokrati.sk\/wp-content\/uploads\/2024\/02\/banner_demokrati_profil-e1709977549423.png","width":3000,"height":870},{"@type":"BreadcrumbList","@id":"https:\/\/www.smedemokrati.sk\/napadnutie-clena-v-povazskej-bystrici\/#breadcrumb","itemListElement":[{"@type":"ListItem","position":1,"name":"Domovsk\u00e1 str\u00e1nka","item":"https:\/\/www.smedemokrati.sk\/"},{"@type":"ListItem","position":2,"name":"Napadnutie \u010dlena v Pova\u017eskej Bystrici"}]},{"@type":"WebSite","@id":"https:\/\/www.smedemokrati.sk\/#website","url":"https:\/\/www.smedemokrati.sk\/","name":"Smedemokrati.sk","description":"Demokracia a slu\u0161nos\u0165 zv\u00ed\u0165az\u00ed","publisher":{"@id":"https:\/\/www.smedemokrati.sk\/#organization"},"potentialAction":[{"@type":"SearchAction","target":{"@type":"EntryPoint","urlTemplate":"https:\/\/www.smedemokrati.sk\/?s={search_term_string}"},"query-input":{"@type":"PropertyValueSpecification","valueRequired":true,"valueName":"search_term_string"}}],"inLanguage":"en-US"},{"@type":"Organization","@id":"https:\/\/www.smedemokrati.sk\/#organization","name":"Smedemokrati.sk","url":"https:\/\/www.smedemokrati.sk\/","logo":{"@type":"ImageObject","inLanguage":"en-US","@id":"https:\/\/www.smedemokrati.sk\/#\/schema\/logo\/image\/","url":"https:\/\/www.smedemokrati.sk\/wp-content\/uploads\/2023\/04\/ff.002.jpeg","contentUrl":"https:\/\/www.smedemokrati.sk\/wp-content\/uploads\/2023\/04\/ff.002.jpeg","width":640,"height":480,"caption":"Smedemokrati.sk"},"image":{"@id":"https:\/\/www.smedemokrati.sk\/#\/schema\/logo\/image\/"},"sameAs":["https:\/\/www.facebook.com\/smedemokrati2023"]},{"@type":"Person","@id":"https:\/\/www.smedemokrati.sk\/#\/schema\/person\/21f147c88d605aa7ded900e1e7c344ba","name":"miro.sopko","image":{"@type":"ImageObject","inLanguage":"en-US","@id":"https:\/\/secure.gravatar.com\/avatar\/267e4a36f704376c109afe3a78740c1f5dd8675a2180a908699e7863c9247606?s=96&d=mm&r=g","url":"https:\/\/secure.gravatar.com\/avatar\/267e4a36f704376c109afe3a78740c1f5dd8675a2180a908699e7863c9247606?s=96&d=mm&r=g","contentUrl":"https:\/\/secure.gravatar.com\/avatar\/267e4a36f704376c109afe3a78740c1f5dd8675a2180a908699e7863c9247606?s=96&d=mm&r=g","caption":"miro.sopko"},"url":"https:\/\/www.smedemokrati.sk\/en\/author\/miro-sopko\/"}]}},"_links":{"self":[{"href":"https:\/\/www.smedemokrati.sk\/en\/wp-json\/wp\/v2\/posts\/8283","targetHints":{"allow":["GET"]}}],"collection":[{"href":"https:\/\/www.smedemokrati.sk\/en\/wp-json\/wp\/v2\/posts"}],"about":[{"href":"https:\/\/www.smedemokrati.sk\/en\/wp-json\/wp\/v2\/types\/post"}],"author":[{"embeddable":true,"href":"https:\/\/www.smedemokrati.sk\/en\/wp-json\/wp\/v2\/users\/13"}],"replies":[{"embeddable":true,"href":"https:\/\/www.smedemokrati.sk\/en\/wp-json\/wp\/v2\/comments?post=8283"}],"version-history":[{"count":1,"href":"https:\/\/www.smedemokrati.sk\/en\/wp-json\/wp\/v2\/posts\/8283\/revisions"}],"predecessor-version":[{"id":8284,"href":"https:\/\/www.smedemokrati.sk\/en\/wp-json\/wp\/v2\/posts\/8283\/revisions\/8284"}],"wp:featuredmedia":[{"embeddable":true,"href":"https:\/\/www.smedemokrati.sk\/en\/wp-json\/wp\/v2\/media\/2761"}],"wp:attachment":[{"href":"https:\/\/www.smedemokrati.sk\/en\/wp-json\/wp\/v2\/media?parent=8283"}],"wp:term":[{"taxonomy":"category","embeddable":true,"href":"https:\/\/www.smedemokrati.sk\/en\/wp-json\/wp\/v2\/categories?post=8283"},{"taxonomy":"post_tag","embeddable":true,"href":"https:\/\/www.smedemokrati.sk\/en\/wp-json\/wp\/v2\/tags?post=8283"}],"curies":[{"name":"wp","href":"https:\/\/api.w.org\/{rel}","templated":true}]}}