{"id":8253,"date":"2025-09-29T13:39:06","date_gmt":"2025-09-29T12:39:06","guid":{"rendered":"https:\/\/www.smedemokrati.sk\/?p=8253"},"modified":"2025-09-29T13:41:35","modified_gmt":"2025-09-29T12:41:35","slug":"ficova-konsolidacia-berie-rodinam-a-nici-buducnost-slovenska-vyzyvame-pellegriniho-aby-ju-nepodpisal","status":"publish","type":"post","link":"https:\/\/www.smedemokrati.sk\/en\/ficova-konsolidacia-berie-rodinam-a-nici-buducnost-slovenska-vyzyvame-pellegriniho-aby-ju-nepodpisal\/","title":{"rendered":"Ficova konsolid\u00e1cia berie rodin\u00e1m a ni\u010d\u00ed bud\u00facnos\u0165 Slovenska, vyz\u00fdvame Pellegriniho, aby ju nepodp\u00edsal"},"content":{"rendered":"<div id=\"fb-root\"><\/div>\n\n<p><strong>Ficova vl\u00e1da sa rozhodla konsolidova\u0165 verejn\u00e9 financie na \u00fakor t\u00fdch najslab\u0161\u00edch, \u017eivnostn\u00edkov \u010di invalidn\u00fdch d\u00f4chodcov. Demokrati pred prezidentsk\u00fd pal\u00e1c symbolicky doniesli pr\u00e1zdne detsk\u00e9 ko\u010d\u00edky, aby ilustrovali, \u017ee podp\u00edsanie konsolid\u00e1cie Petrom Pellegrinim bude ma\u0165 v\u00e1\u017eny dopad na ohrozen\u00e9 skupiny a najm\u00e4 mlad\u00e9 rodiny. Strana vyzvala prezidenta, aby z\u00e1kon nepodp\u00edsal a vr\u00e1til ho do parlamentu.<\/strong><\/p>\n\n\n\n<p><em>\u201eHovorili ste, \u017ee budete prezidentom v\u0161etk\u00fdch \u013eud\u00ed. T\u00fdch \u013eud\u00ed, ktor\u00fdch op\u00e4\u0165 zasiahne konsolid\u00e1cia a mnoh\u00fdch doslova polo\u017e\u00ed na kolen\u00e1. Hovor\u00edm najm\u00e4 o matk\u00e1ch samo\u017eivite\u013ek\u00e1ch, \u017eivnostn\u00edkoch a tie\u017e \u013eu\u010foch na invalidnom d\u00f4chodku. Koniec koncov, aj v\u00e1\u0161 minister pr\u00e1ce Tom\u00e1\u0161 priznal, \u017ee n\u00e1vrh je zl\u00fd a treba ho prerobi\u0165. Vyz\u00fdvame v\u00e1s vr\u00e1ti\u0165 n\u00e1vrh do parlamentu s r\u00e1znymi pripomienkami, aby ste ochr\u00e1nili u\u017e aj tak ohrozen\u00fdch ob\u010danov,\u201c<\/em>&nbsp;povedal podpredseda Demokratov Juraj \u0160eliga.<\/p>\n\n\n\n<p>Pod\u013ea neho znamen\u00e1 konsolid\u00e1cia drastick\u00e9 zv\u00fd\u0161enie odvodov a likvida\u010dn\u00e9 podmienky pre podnikate\u013eov. \u201eTis\u00edc eur viac pre \u017eivnostn\u00edkov je likvida\u010dn\u00e9 a mnoh\u00ed to\u013eko ani nevyrobia. Odvody zamestnancom vy\u0161\u0161ie o 200 a\u017e 300 eur ro\u010dne s\u00fa no\u017eom do chrbta pre podnikate\u013eov aj cel\u00fa ekonomiku. Va\u0161e vr\u00e1tenie n\u00e1vrhu do parlamentu je posledn\u00e1 mo\u017enos\u0165, ako \u013eud\u00ed ochr\u00e1ni\u0165. Vyz\u00fdvam v\u00e1s, aby ste tento z\u00e1kon nepodp\u00edsali,\u201c zd\u00f4raznil \u0160eliga.<\/p>\n\n\n\n<p>E\u0161te ostrej\u0161ie varovala Monika Podhor\u00e1ny Masarikov\u00e1, ktor\u00e1 upozornila na priamy dopad na slovensk\u00e9 rodiny:&nbsp;<em>\u201eAk tento z\u00e1kon prejde, detsk\u00e9 ko\u010d\u00edky ostan\u00fa pr\u00e1zdne. Rodi\u010dia si jednoducho nebud\u00fa m\u00f4c\u0165 dovoli\u0165 die\u0165a. To nie je stra\u0161enie, ale realita, ktor\u00fa u\u017e dnes c\u00edtime: menej det\u00ed na ihrisk\u00e1ch, pr\u00e1zdne \u0161k\u00f4lky a starn\u00face Slovensko. Namiesto vr\u00facnych statusov na De\u0148 matiek potrebuj\u00fa rodiny od \u0161t\u00e1tu re\u00e1lnu pomoc. Preto vyz\u00fdvam prezidenta Pellegriniho, aby tento z\u00e1kon vr\u00e1til do parlamentu.\u201c<\/em><\/p>\n\n\n\n<p>Demokrati upozor\u0148uj\u00fa, \u017ee vl\u00e1da namiesto \u0161etrenia na sebe a siaha na rodiny, ktor\u00e9 u\u017e dnes \u017eij\u00fa z mesiaca na mesiac. Ficova konsolid\u00e1cia tak pod\u013ea nich nie je reformou, ale priamym ohrozen\u00edm bud\u00facnosti Slovenska.<\/p>\n\n\n<div id=\"fb-root\"><\/div><script async defer crossorigin=\"anonymous\" src=\"https:\/\/connect.facebook.net\/sk_SK\/sdk.js#xfbml=1&version=v18.0\"><\/script><div class=\"fb-video\" data-href=\"https:\/\/fb.watch\/Cq3ehWncaY\/\" data-width=\"560\" data-show-text=\"false\"><blockquote cite=\"https:\/\/fb.watch\/Cq3ehWncaY\/\" class=\"fb-xfbml-parse-ignore\"><a href=\"https:\/\/fb.watch\/Cq3ehWncaY\/\">Video<\/a><\/blockquote><\/div>\n","protected":false},"excerpt":{"rendered":"<p>Ficova vl\u00e1da sa rozhodla konsolidova\u0165 verejn\u00e9 financie na \u00fakor t\u00fdch najslab\u0161\u00edch, \u017eivnostn\u00edkov \u010di invalidn\u00fdch d\u00f4chodcov. Demokrati pred prezidentsk\u00fd pal\u00e1c symbolicky doniesli pr\u00e1zdne detsk\u00e9 ko\u010d\u00edky, aby ilustrovali, \u017ee podp\u00edsanie konsolid\u00e1cie Petrom Pellegrinim bude ma\u0165 v\u00e1\u017eny dopad na ohrozen\u00e9 skupiny a najm\u00e4 mlad\u00e9 rodiny. Strana vyzvala prezidenta, aby z\u00e1kon nepodp\u00edsal a vr\u00e1til ho do parlamentu. \u201eHovorili ste, [&hellip;]<\/p>\n","protected":false},"author":13,"featured_media":8255,"comment_status":"closed","ping_status":"closed","sticky":false,"template":"","format":"standard","meta":{"_acf_changed":false,"ngg_post_thumbnail":0,"footnotes":""},"categories":[4],"tags":[],"class_list":["post-8253","post","type-post","status-publish","format-standard","has-post-thumbnail","hentry","category-tlacove-spravy"],"acf":[],"yoast_head":"<!-- This site is optimized with the Yoast SEO plugin v27.2 - https:\/\/yoast.com\/product\/yoast-seo-wordpress\/ -->\n<title>Ficova konsolid\u00e1cia berie rodin\u00e1m a ni\u010d\u00ed bud\u00facnos\u0165 Slovenska, vyz\u00fdvame Pellegriniho, aby ju nepodp\u00edsal<\/title>\n<meta name=\"robots\" content=\"index, follow, max-snippet:-1, max-image-preview:large, max-video-preview:-1\" \/>\n<link rel=\"canonical\" href=\"https:\/\/www.smedemokrati.sk\/en\/ficova-konsolidacia-berie-rodinam-a-nici-buducnost-slovenska-vyzyvame-pellegriniho-aby-ju-nepodpisal\/\" \/>\n<meta property=\"og:locale\" content=\"en_US\" \/>\n<meta property=\"og:locale:alternate\" content=\"cs_CZ\" \/>\n<meta property=\"og:locale:alternate\" content=\"hu_HU\" \/>\n<meta property=\"og:locale:alternate\" content=\"sk_SK\" \/>\n<meta property=\"og:locale:alternate\" content=\"sv_SE\" \/>\n<meta property=\"og:type\" content=\"article\" \/>\n<meta property=\"og:title\" content=\"Ficova konsolid\u00e1cia berie rodin\u00e1m a ni\u010d\u00ed bud\u00facnos\u0165 Slovenska, vyz\u00fdvame Pellegriniho, aby ju nepodp\u00edsal\" \/>\n<meta property=\"og:description\" content=\"Ficova vl\u00e1da sa rozhodla konsolidova\u0165 verejn\u00e9 financie na \u00fakor t\u00fdch najslab\u0161\u00edch, \u017eivnostn\u00edkov \u010di invalidn\u00fdch d\u00f4chodcov. Demokrati pred prezidentsk\u00fd pal\u00e1c symbolicky doniesli pr\u00e1zdne detsk\u00e9 ko\u010d\u00edky, aby ilustrovali, \u017ee podp\u00edsanie konsolid\u00e1cie Petrom Pellegrinim bude ma\u0165 v\u00e1\u017eny dopad na ohrozen\u00e9 skupiny a najm\u00e4 mlad\u00e9 rodiny. Strana vyzvala prezidenta, aby z\u00e1kon nepodp\u00edsal a vr\u00e1til ho do parlamentu. \u201eHovorili ste, [&hellip;]\" \/>\n<meta property=\"og:url\" content=\"https:\/\/www.smedemokrati.sk\/en\/ficova-konsolidacia-berie-rodinam-a-nici-buducnost-slovenska-vyzyvame-pellegriniho-aby-ju-nepodpisal\/\" \/>\n<meta property=\"og:site_name\" content=\"Smedemokrati.sk\" \/>\n<meta property=\"article:publisher\" content=\"https:\/\/www.facebook.com\/smedemokrati2023\" \/>\n<meta property=\"article:published_time\" content=\"2025-09-29T12:39:06+00:00\" \/>\n<meta property=\"article:modified_time\" content=\"2025-09-29T12:41:35+00:00\" \/>\n<meta property=\"og:image\" content=\"https:\/\/www.smedemokrati.sk\/wp-content\/uploads\/2025\/09\/kociky.jpg\" \/>\n\t<meta property=\"og:image:width\" content=\"1280\" \/>\n\t<meta property=\"og:image:height\" content=\"720\" \/>\n\t<meta property=\"og:image:type\" content=\"image\/jpeg\" \/>\n<meta name=\"author\" content=\"miro.sopko\" \/>\n<meta name=\"twitter:card\" content=\"summary_large_image\" \/>\n<meta name=\"twitter:label1\" content=\"Written by\" \/>\n\t<meta name=\"twitter:data1\" content=\"miro.sopko\" \/>\n\t<meta name=\"twitter:label2\" content=\"Est. reading time\" \/>\n\t<meta name=\"twitter:data2\" content=\"2 minutes\" \/>\n<script type=\"application\/ld+json\" class=\"yoast-schema-graph\">{\"@context\":\"https:\/\/schema.org\",\"@graph\":[{\"@type\":\"Article\",\"@id\":\"https:\/\/www.smedemokrati.sk\/ficova-konsolidacia-berie-rodinam-a-nici-buducnost-slovenska-vyzyvame-pellegriniho-aby-ju-nepodpisal\/#article\",\"isPartOf\":{\"@id\":\"https:\/\/www.smedemokrati.sk\/ficova-konsolidacia-berie-rodinam-a-nici-buducnost-slovenska-vyzyvame-pellegriniho-aby-ju-nepodpisal\/\"},\"author\":{\"name\":\"miro.sopko\",\"@id\":\"https:\/\/www.smedemokrati.sk\/#\/schema\/person\/21f147c88d605aa7ded900e1e7c344ba\"},\"headline\":\"Ficova konsolid\u00e1cia berie rodin\u00e1m a ni\u010d\u00ed bud\u00facnos\u0165 Slovenska, vyz\u00fdvame Pellegriniho, aby ju nepodp\u00edsal\",\"datePublished\":\"2025-09-29T12:39:06+00:00\",\"dateModified\":\"2025-09-29T12:41:35+00:00\",\"mainEntityOfPage\":{\"@id\":\"https:\/\/www.smedemokrati.sk\/ficova-konsolidacia-berie-rodinam-a-nici-buducnost-slovenska-vyzyvame-pellegriniho-aby-ju-nepodpisal\/\"},\"wordCount\":403,\"publisher\":{\"@id\":\"https:\/\/www.smedemokrati.sk\/#organization\"},\"image\":{\"@id\":\"https:\/\/www.smedemokrati.sk\/ficova-konsolidacia-berie-rodinam-a-nici-buducnost-slovenska-vyzyvame-pellegriniho-aby-ju-nepodpisal\/#primaryimage\"},\"thumbnailUrl\":\"https:\/\/www.smedemokrati.sk\/wp-content\/uploads\/2025\/09\/kociky.jpg\",\"articleSection\":[\"Tla\u010dov\u00e9 spr\u00e1vy\"],\"inLanguage\":\"en-US\"},{\"@type\":\"WebPage\",\"@id\":\"https:\/\/www.smedemokrati.sk\/ficova-konsolidacia-berie-rodinam-a-nici-buducnost-slovenska-vyzyvame-pellegriniho-aby-ju-nepodpisal\/\",\"url\":\"https:\/\/www.smedemokrati.sk\/ficova-konsolidacia-berie-rodinam-a-nici-buducnost-slovenska-vyzyvame-pellegriniho-aby-ju-nepodpisal\/\",\"name\":\"Ficova konsolid\u00e1cia berie rodin\u00e1m a ni\u010d\u00ed bud\u00facnos\u0165 Slovenska, vyz\u00fdvame Pellegriniho, aby ju nepodp\u00edsal\",\"isPartOf\":{\"@id\":\"https:\/\/www.smedemokrati.sk\/#website\"},\"primaryImageOfPage\":{\"@id\":\"https:\/\/www.smedemokrati.sk\/ficova-konsolidacia-berie-rodinam-a-nici-buducnost-slovenska-vyzyvame-pellegriniho-aby-ju-nepodpisal\/#primaryimage\"},\"image\":{\"@id\":\"https:\/\/www.smedemokrati.sk\/ficova-konsolidacia-berie-rodinam-a-nici-buducnost-slovenska-vyzyvame-pellegriniho-aby-ju-nepodpisal\/#primaryimage\"},\"thumbnailUrl\":\"https:\/\/www.smedemokrati.sk\/wp-content\/uploads\/2025\/09\/kociky.jpg\",\"datePublished\":\"2025-09-29T12:39:06+00:00\",\"dateModified\":\"2025-09-29T12:41:35+00:00\",\"breadcrumb\":{\"@id\":\"https:\/\/www.smedemokrati.sk\/ficova-konsolidacia-berie-rodinam-a-nici-buducnost-slovenska-vyzyvame-pellegriniho-aby-ju-nepodpisal\/#breadcrumb\"},\"inLanguage\":\"en-US\",\"potentialAction\":[{\"@type\":\"ReadAction\",\"target\":[\"https:\/\/www.smedemokrati.sk\/ficova-konsolidacia-berie-rodinam-a-nici-buducnost-slovenska-vyzyvame-pellegriniho-aby-ju-nepodpisal\/\"]}]},{\"@type\":\"ImageObject\",\"inLanguage\":\"en-US\",\"@id\":\"https:\/\/www.smedemokrati.sk\/ficova-konsolidacia-berie-rodinam-a-nici-buducnost-slovenska-vyzyvame-pellegriniho-aby-ju-nepodpisal\/#primaryimage\",\"url\":\"https:\/\/www.smedemokrati.sk\/wp-content\/uploads\/2025\/09\/kociky.jpg\",\"contentUrl\":\"https:\/\/www.smedemokrati.sk\/wp-content\/uploads\/2025\/09\/kociky.jpg\",\"width\":1280,\"height\":720},{\"@type\":\"BreadcrumbList\",\"@id\":\"https:\/\/www.smedemokrati.sk\/ficova-konsolidacia-berie-rodinam-a-nici-buducnost-slovenska-vyzyvame-pellegriniho-aby-ju-nepodpisal\/#breadcrumb\",\"itemListElement\":[{\"@type\":\"ListItem\",\"position\":1,\"name\":\"Domovsk\u00e1 str\u00e1nka\",\"item\":\"https:\/\/www.smedemokrati.sk\/\"},{\"@type\":\"ListItem\",\"position\":2,\"name\":\"Ficova konsolid\u00e1cia berie rodin\u00e1m a ni\u010d\u00ed bud\u00facnos\u0165 Slovenska, vyz\u00fdvame Pellegriniho, aby ju nepodp\u00edsal\"}]},{\"@type\":\"WebSite\",\"@id\":\"https:\/\/www.smedemokrati.sk\/#website\",\"url\":\"https:\/\/www.smedemokrati.sk\/\",\"name\":\"Smedemokrati.sk\",\"description\":\"Demokracia a slu\u0161nos\u0165 zv\u00ed\u0165az\u00ed\",\"publisher\":{\"@id\":\"https:\/\/www.smedemokrati.sk\/#organization\"},\"potentialAction\":[{\"@type\":\"SearchAction\",\"target\":{\"@type\":\"EntryPoint\",\"urlTemplate\":\"https:\/\/www.smedemokrati.sk\/?s={search_term_string}\"},\"query-input\":{\"@type\":\"PropertyValueSpecification\",\"valueRequired\":true,\"valueName\":\"search_term_string\"}}],\"inLanguage\":\"en-US\"},{\"@type\":\"Organization\",\"@id\":\"https:\/\/www.smedemokrati.sk\/#organization\",\"name\":\"Smedemokrati.sk\",\"url\":\"https:\/\/www.smedemokrati.sk\/\",\"logo\":{\"@type\":\"ImageObject\",\"inLanguage\":\"en-US\",\"@id\":\"https:\/\/www.smedemokrati.sk\/#\/schema\/logo\/image\/\",\"url\":\"https:\/\/www.smedemokrati.sk\/wp-content\/uploads\/2023\/04\/ff.002.jpeg\",\"contentUrl\":\"https:\/\/www.smedemokrati.sk\/wp-content\/uploads\/2023\/04\/ff.002.jpeg\",\"width\":640,\"height\":480,\"caption\":\"Smedemokrati.sk\"},\"image\":{\"@id\":\"https:\/\/www.smedemokrati.sk\/#\/schema\/logo\/image\/\"},\"sameAs\":[\"https:\/\/www.facebook.com\/smedemokrati2023\"]},{\"@type\":\"Person\",\"@id\":\"https:\/\/www.smedemokrati.sk\/#\/schema\/person\/21f147c88d605aa7ded900e1e7c344ba\",\"name\":\"miro.sopko\",\"image\":{\"@type\":\"ImageObject\",\"inLanguage\":\"en-US\",\"@id\":\"https:\/\/secure.gravatar.com\/avatar\/267e4a36f704376c109afe3a78740c1f5dd8675a2180a908699e7863c9247606?s=96&d=mm&r=g\",\"url\":\"https:\/\/secure.gravatar.com\/avatar\/267e4a36f704376c109afe3a78740c1f5dd8675a2180a908699e7863c9247606?s=96&d=mm&r=g\",\"contentUrl\":\"https:\/\/secure.gravatar.com\/avatar\/267e4a36f704376c109afe3a78740c1f5dd8675a2180a908699e7863c9247606?s=96&d=mm&r=g\",\"caption\":\"miro.sopko\"},\"url\":\"https:\/\/www.smedemokrati.sk\/en\/author\/miro-sopko\/\"}]}<\/script>\n<!-- \/ Yoast SEO plugin. -->","yoast_head_json":{"title":"Ficova konsolid\u00e1cia berie rodin\u00e1m a ni\u010d\u00ed bud\u00facnos\u0165 Slovenska, vyz\u00fdvame Pellegriniho, aby ju nepodp\u00edsal","robots":{"index":"index","follow":"follow","max-snippet":"max-snippet:-1","max-image-preview":"max-image-preview:large","max-video-preview":"max-video-preview:-1"},"canonical":"https:\/\/www.smedemokrati.sk\/en\/ficova-konsolidacia-berie-rodinam-a-nici-buducnost-slovenska-vyzyvame-pellegriniho-aby-ju-nepodpisal\/","og_locale":"en_US","og_type":"article","og_title":"[:sk]Ficova konsolid\u00e1cia berie rodin\u00e1m a ni\u010d\u00ed bud\u00facnos\u0165 Slovenska, vyz\u00fdvame Pellegriniho, aby ju nepodp\u00edsal[:] - Smedemokrati.sk","og_description":"Ficova vl\u00e1da sa rozhodla konsolidova\u0165 verejn\u00e9 financie na \u00fakor t\u00fdch najslab\u0161\u00edch, \u017eivnostn\u00edkov \u010di invalidn\u00fdch d\u00f4chodcov. Demokrati pred prezidentsk\u00fd pal\u00e1c symbolicky doniesli pr\u00e1zdne detsk\u00e9 ko\u010d\u00edky, aby ilustrovali, \u017ee podp\u00edsanie konsolid\u00e1cie Petrom Pellegrinim bude ma\u0165 v\u00e1\u017eny dopad na ohrozen\u00e9 skupiny a najm\u00e4 mlad\u00e9 rodiny. Strana vyzvala prezidenta, aby z\u00e1kon nepodp\u00edsal a vr\u00e1til ho do parlamentu. \u201eHovorili ste, [&hellip;]","og_url":"https:\/\/www.smedemokrati.sk\/en\/ficova-konsolidacia-berie-rodinam-a-nici-buducnost-slovenska-vyzyvame-pellegriniho-aby-ju-nepodpisal\/","og_site_name":"Smedemokrati.sk","article_publisher":"https:\/\/www.facebook.com\/smedemokrati2023","article_published_time":"2025-09-29T12:39:06+00:00","article_modified_time":"2025-09-29T12:41:35+00:00","og_image":[{"width":1280,"height":720,"url":"https:\/\/www.smedemokrati.sk\/wp-content\/uploads\/2025\/09\/kociky.jpg","type":"image\/jpeg"}],"author":"miro.sopko","twitter_card":"summary_large_image","twitter_misc":{"Written by":"miro.sopko","Est. reading time":"2 minutes"},"schema":{"@context":"https:\/\/schema.org","@graph":[{"@type":"Article","@id":"https:\/\/www.smedemokrati.sk\/ficova-konsolidacia-berie-rodinam-a-nici-buducnost-slovenska-vyzyvame-pellegriniho-aby-ju-nepodpisal\/#article","isPartOf":{"@id":"https:\/\/www.smedemokrati.sk\/ficova-konsolidacia-berie-rodinam-a-nici-buducnost-slovenska-vyzyvame-pellegriniho-aby-ju-nepodpisal\/"},"author":{"name":"miro.sopko","@id":"https:\/\/www.smedemokrati.sk\/#\/schema\/person\/21f147c88d605aa7ded900e1e7c344ba"},"headline":"Ficova konsolid\u00e1cia berie rodin\u00e1m a ni\u010d\u00ed bud\u00facnos\u0165 Slovenska, vyz\u00fdvame Pellegriniho, aby ju nepodp\u00edsal","datePublished":"2025-09-29T12:39:06+00:00","dateModified":"2025-09-29T12:41:35+00:00","mainEntityOfPage":{"@id":"https:\/\/www.smedemokrati.sk\/ficova-konsolidacia-berie-rodinam-a-nici-buducnost-slovenska-vyzyvame-pellegriniho-aby-ju-nepodpisal\/"},"wordCount":403,"publisher":{"@id":"https:\/\/www.smedemokrati.sk\/#organization"},"image":{"@id":"https:\/\/www.smedemokrati.sk\/ficova-konsolidacia-berie-rodinam-a-nici-buducnost-slovenska-vyzyvame-pellegriniho-aby-ju-nepodpisal\/#primaryimage"},"thumbnailUrl":"https:\/\/www.smedemokrati.sk\/wp-content\/uploads\/2025\/09\/kociky.jpg","articleSection":["Tla\u010dov\u00e9 spr\u00e1vy"],"inLanguage":"en-US"},{"@type":"WebPage","@id":"https:\/\/www.smedemokrati.sk\/ficova-konsolidacia-berie-rodinam-a-nici-buducnost-slovenska-vyzyvame-pellegriniho-aby-ju-nepodpisal\/","url":"https:\/\/www.smedemokrati.sk\/ficova-konsolidacia-berie-rodinam-a-nici-buducnost-slovenska-vyzyvame-pellegriniho-aby-ju-nepodpisal\/","name":"Ficova konsolid\u00e1cia berie rodin\u00e1m a ni\u010d\u00ed bud\u00facnos\u0165 Slovenska, vyz\u00fdvame Pellegriniho, aby ju nepodp\u00edsal","isPartOf":{"@id":"https:\/\/www.smedemokrati.sk\/#website"},"primaryImageOfPage":{"@id":"https:\/\/www.smedemokrati.sk\/ficova-konsolidacia-berie-rodinam-a-nici-buducnost-slovenska-vyzyvame-pellegriniho-aby-ju-nepodpisal\/#primaryimage"},"image":{"@id":"https:\/\/www.smedemokrati.sk\/ficova-konsolidacia-berie-rodinam-a-nici-buducnost-slovenska-vyzyvame-pellegriniho-aby-ju-nepodpisal\/#primaryimage"},"thumbnailUrl":"https:\/\/www.smedemokrati.sk\/wp-content\/uploads\/2025\/09\/kociky.jpg","datePublished":"2025-09-29T12:39:06+00:00","dateModified":"2025-09-29T12:41:35+00:00","breadcrumb":{"@id":"https:\/\/www.smedemokrati.sk\/ficova-konsolidacia-berie-rodinam-a-nici-buducnost-slovenska-vyzyvame-pellegriniho-aby-ju-nepodpisal\/#breadcrumb"},"inLanguage":"en-US","potentialAction":[{"@type":"ReadAction","target":["https:\/\/www.smedemokrati.sk\/ficova-konsolidacia-berie-rodinam-a-nici-buducnost-slovenska-vyzyvame-pellegriniho-aby-ju-nepodpisal\/"]}]},{"@type":"ImageObject","inLanguage":"en-US","@id":"https:\/\/www.smedemokrati.sk\/ficova-konsolidacia-berie-rodinam-a-nici-buducnost-slovenska-vyzyvame-pellegriniho-aby-ju-nepodpisal\/#primaryimage","url":"https:\/\/www.smedemokrati.sk\/wp-content\/uploads\/2025\/09\/kociky.jpg","contentUrl":"https:\/\/www.smedemokrati.sk\/wp-content\/uploads\/2025\/09\/kociky.jpg","width":1280,"height":720},{"@type":"BreadcrumbList","@id":"https:\/\/www.smedemokrati.sk\/ficova-konsolidacia-berie-rodinam-a-nici-buducnost-slovenska-vyzyvame-pellegriniho-aby-ju-nepodpisal\/#breadcrumb","itemListElement":[{"@type":"ListItem","position":1,"name":"Domovsk\u00e1 str\u00e1nka","item":"https:\/\/www.smedemokrati.sk\/"},{"@type":"ListItem","position":2,"name":"Ficova konsolid\u00e1cia berie rodin\u00e1m a ni\u010d\u00ed bud\u00facnos\u0165 Slovenska, vyz\u00fdvame Pellegriniho, aby ju nepodp\u00edsal"}]},{"@type":"WebSite","@id":"https:\/\/www.smedemokrati.sk\/#website","url":"https:\/\/www.smedemokrati.sk\/","name":"Smedemokrati.sk","description":"Demokracia a slu\u0161nos\u0165 zv\u00ed\u0165az\u00ed","publisher":{"@id":"https:\/\/www.smedemokrati.sk\/#organization"},"potentialAction":[{"@type":"SearchAction","target":{"@type":"EntryPoint","urlTemplate":"https:\/\/www.smedemokrati.sk\/?s={search_term_string}"},"query-input":{"@type":"PropertyValueSpecification","valueRequired":true,"valueName":"search_term_string"}}],"inLanguage":"en-US"},{"@type":"Organization","@id":"https:\/\/www.smedemokrati.sk\/#organization","name":"Smedemokrati.sk","url":"https:\/\/www.smedemokrati.sk\/","logo":{"@type":"ImageObject","inLanguage":"en-US","@id":"https:\/\/www.smedemokrati.sk\/#\/schema\/logo\/image\/","url":"https:\/\/www.smedemokrati.sk\/wp-content\/uploads\/2023\/04\/ff.002.jpeg","contentUrl":"https:\/\/www.smedemokrati.sk\/wp-content\/uploads\/2023\/04\/ff.002.jpeg","width":640,"height":480,"caption":"Smedemokrati.sk"},"image":{"@id":"https:\/\/www.smedemokrati.sk\/#\/schema\/logo\/image\/"},"sameAs":["https:\/\/www.facebook.com\/smedemokrati2023"]},{"@type":"Person","@id":"https:\/\/www.smedemokrati.sk\/#\/schema\/person\/21f147c88d605aa7ded900e1e7c344ba","name":"miro.sopko","image":{"@type":"ImageObject","inLanguage":"en-US","@id":"https:\/\/secure.gravatar.com\/avatar\/267e4a36f704376c109afe3a78740c1f5dd8675a2180a908699e7863c9247606?s=96&d=mm&r=g","url":"https:\/\/secure.gravatar.com\/avatar\/267e4a36f704376c109afe3a78740c1f5dd8675a2180a908699e7863c9247606?s=96&d=mm&r=g","contentUrl":"https:\/\/secure.gravatar.com\/avatar\/267e4a36f704376c109afe3a78740c1f5dd8675a2180a908699e7863c9247606?s=96&d=mm&r=g","caption":"miro.sopko"},"url":"https:\/\/www.smedemokrati.sk\/en\/author\/miro-sopko\/"}]}},"_links":{"self":[{"href":"https:\/\/www.smedemokrati.sk\/en\/wp-json\/wp\/v2\/posts\/8253","targetHints":{"allow":["GET"]}}],"collection":[{"href":"https:\/\/www.smedemokrati.sk\/en\/wp-json\/wp\/v2\/posts"}],"about":[{"href":"https:\/\/www.smedemokrati.sk\/en\/wp-json\/wp\/v2\/types\/post"}],"author":[{"embeddable":true,"href":"https:\/\/www.smedemokrati.sk\/en\/wp-json\/wp\/v2\/users\/13"}],"replies":[{"embeddable":true,"href":"https:\/\/www.smedemokrati.sk\/en\/wp-json\/wp\/v2\/comments?post=8253"}],"version-history":[{"count":1,"href":"https:\/\/www.smedemokrati.sk\/en\/wp-json\/wp\/v2\/posts\/8253\/revisions"}],"predecessor-version":[{"id":8256,"href":"https:\/\/www.smedemokrati.sk\/en\/wp-json\/wp\/v2\/posts\/8253\/revisions\/8256"}],"wp:featuredmedia":[{"embeddable":true,"href":"https:\/\/www.smedemokrati.sk\/en\/wp-json\/wp\/v2\/media\/8255"}],"wp:attachment":[{"href":"https:\/\/www.smedemokrati.sk\/en\/wp-json\/wp\/v2\/media?parent=8253"}],"wp:term":[{"taxonomy":"category","embeddable":true,"href":"https:\/\/www.smedemokrati.sk\/en\/wp-json\/wp\/v2\/categories?post=8253"},{"taxonomy":"post_tag","embeddable":true,"href":"https:\/\/www.smedemokrati.sk\/en\/wp-json\/wp\/v2\/tags?post=8253"}],"curies":[{"name":"wp","href":"https:\/\/api.w.org\/{rel}","templated":true}]}}