{"id":8227,"date":"2025-09-24T15:16:57","date_gmt":"2025-09-24T14:16:57","guid":{"rendered":"https:\/\/www.smedemokrati.sk\/?p=8227"},"modified":"2025-09-24T15:16:57","modified_gmt":"2025-09-24T14:16:57","slug":"demokrati-vyzyvaju-na-odstupenie-alexandra-daska-z-funkcie-splnomocnenca-vlady-sr-pre-romske-komunity-po-odhaleni-dvoch-nezmyselnych-projektov","status":"publish","type":"post","link":"https:\/\/www.smedemokrati.sk\/en\/demokrati-vyzyvaju-na-odstupenie-alexandra-daska-z-funkcie-splnomocnenca-vlady-sr-pre-romske-komunity-po-odhaleni-dvoch-nezmyselnych-projektov\/","title":{"rendered":"Demokrati vyz\u00fdvaj\u00fa na odst\u00fapenie Alexandra Da\u0161ka z funkcie splnomocnenca vl\u00e1dy SR pre r\u00f3mske komunity po odhalen\u00ed dvoch nezmyseln\u00fdch projektov"},"content":{"rendered":"<div id=\"fb-root\"><\/div>\n\n<p><strong>Demokrati vyz\u00fdvaj\u00fa na odst\u00fapenie Alexandra Da\u0161ka z funkcie splnomocnenca vl\u00e1dy SR pre r\u00f3mske komunity po odhalen\u00ed dvoch nezmyseln\u00fdch projektov v celkovej hodnote viac ako 80 mili\u00f3nov eur, ktor\u00e9 by nijak\u00fdm sp\u00f4sobom nezlep\u0161ili \u017eivotn\u00e9 podmienky r\u00f3mskej komunity.\u00a0<\/strong><\/p>\n\n\n\n<p><em>\u201eDeti v osad\u00e1ch na v\u00fdchodnom Slovensku nemaj\u00fa \u010do jes\u0165, chodia bos\u00e9, nemaj\u00fa pitn\u00fa vodu ani strechu nad hlavou a \u017eij\u00fa v zl\u00fdch a ne\u00fanosn\u00fdch podmienkach. Nem\u00e1 absol\u00fatne \u017eiadny zmysel stava\u0165 pre ne medi\u00e1lny dom v Banskej Bystrici za 20 mili\u00f3nov eur. Rovnako im nijako nepom\u00f4\u017ee ani v\u00fdsadba strom\u010dekov za 60 mili\u00f3nov eur. Na tak\u00e9to nezmyseln\u00e9 projekty dlhodobo upozor\u0148ujeme po\u010das na\u0161ich n\u00e1v\u0161tev v marginalizovan\u00fdch komunit\u00e1ch a osad\u00e1ch po celom Slovensku. Nikto z tamoj\u0161\u00edch obyvate\u013eov o \u017eiadnom medi\u00e1lnom dome ni\u010d nevie. T\u00edto \u013eudia potrebuj\u00fa d\u00f4stojn\u00e9 podmienky na \u017eivot, pitn\u00fa vodu a strechu nad hlavou. Po zna\u010dnom tlaku niektor\u00fdch opozi\u010dn\u00fdch str\u00e1n vr\u00e1tane Demokratov, na tieto dva projekty upozornil Eur\u00f3psku komisiu \u00a0europoslanec Zdechovsk\u00fd, ktor\u00e1 ich kam\u017eite zastavila. Vl\u00e1da SR ich n\u00e1sledne potichu stiahla. My to v\u0161ak vid\u00edme a preto \u017eiadame okam\u017eit\u00e9 odst\u00fapenie Alexandra Da\u0161ka z funkcie splnomocnenca vl\u00e1dy SR pre r\u00f3mske komunity.\u201c<\/em> vrav\u00ed Dorota Nvotov\u00e1, \u010dlenka predsedn\u00edctva strany a expertka strany pre oblas\u0165 kult\u00fary a marginalizovan\u00fdch skup\u00edn.<\/p>\n\n\n<div id=\"fb-root\"><\/div><script async defer crossorigin=\"anonymous\" src=\"https:\/\/connect.facebook.net\/sk_SK\/sdk.js#xfbml=1&version=v18.0\"><\/script><div class=\"fb-video\" data-href=\"https:\/\/www.facebook.com\/reel\/1477797683465584\" data-width=\"560\" data-show-text=\"false\"><blockquote cite=\"https:\/\/www.facebook.com\/reel\/1477797683465584\" class=\"fb-xfbml-parse-ignore\"><a href=\"https:\/\/www.facebook.com\/reel\/1477797683465584\">Video<\/a><\/blockquote><\/div>\n","protected":false},"excerpt":{"rendered":"<p>Demokrati vyz\u00fdvaj\u00fa na odst\u00fapenie Alexandra Da\u0161ka z funkcie splnomocnenca vl\u00e1dy SR pre r\u00f3mske komunity po odhalen\u00ed dvoch nezmyseln\u00fdch projektov v celkovej hodnote viac ako 80 mili\u00f3nov eur, ktor\u00e9 by nijak\u00fdm sp\u00f4sobom nezlep\u0161ili \u017eivotn\u00e9 podmienky r\u00f3mskej komunity.\u00a0 \u201eDeti v osad\u00e1ch na v\u00fdchodnom Slovensku nemaj\u00fa \u010do jes\u0165, chodia bos\u00e9, nemaj\u00fa pitn\u00fa vodu ani strechu nad hlavou a [&hellip;]<\/p>\n","protected":false},"author":13,"featured_media":8228,"comment_status":"closed","ping_status":"closed","sticky":false,"template":"","format":"standard","meta":{"_acf_changed":false,"ngg_post_thumbnail":0,"footnotes":""},"categories":[11],"tags":[],"class_list":["post-8227","post","type-post","status-publish","format-standard","has-post-thumbnail","hentry","category-vyhlasenia"],"acf":[],"yoast_head":"<!-- This site is optimized with the Yoast SEO plugin v27.2 - https:\/\/yoast.com\/product\/yoast-seo-wordpress\/ -->\n<title>Demokrati vyz\u00fdvaj\u00fa na odst\u00fapenie Alexandra Da\u0161ka z funkcie splnomocnenca vl\u00e1dy SR pre r\u00f3mske komunity po odhalen\u00ed dvoch nezmyseln\u00fdch projektov<\/title>\n<meta name=\"robots\" content=\"index, follow, max-snippet:-1, max-image-preview:large, max-video-preview:-1\" \/>\n<link rel=\"canonical\" href=\"https:\/\/www.smedemokrati.sk\/en\/demokrati-vyzyvaju-na-odstupenie-alexandra-daska-z-funkcie-splnomocnenca-vlady-sr-pre-romske-komunity-po-odhaleni-dvoch-nezmyselnych-projektov\/\" \/>\n<meta property=\"og:locale\" content=\"en_US\" \/>\n<meta property=\"og:locale:alternate\" content=\"cs_CZ\" \/>\n<meta property=\"og:locale:alternate\" content=\"hu_HU\" \/>\n<meta property=\"og:locale:alternate\" content=\"sk_SK\" \/>\n<meta property=\"og:locale:alternate\" content=\"sv_SE\" \/>\n<meta property=\"og:type\" content=\"article\" \/>\n<meta property=\"og:title\" content=\"Demokrati vyz\u00fdvaj\u00fa na odst\u00fapenie Alexandra Da\u0161ka z funkcie splnomocnenca vl\u00e1dy SR pre r\u00f3mske komunity po odhalen\u00ed dvoch nezmyseln\u00fdch projektov\" \/>\n<meta property=\"og:description\" content=\"Demokrati vyz\u00fdvaj\u00fa na odst\u00fapenie Alexandra Da\u0161ka z funkcie splnomocnenca vl\u00e1dy SR pre r\u00f3mske komunity po odhalen\u00ed dvoch nezmyseln\u00fdch projektov v celkovej hodnote viac ako 80 mili\u00f3nov eur, ktor\u00e9 by nijak\u00fdm sp\u00f4sobom nezlep\u0161ili \u017eivotn\u00e9 podmienky r\u00f3mskej komunity.\u00a0 \u201eDeti v osad\u00e1ch na v\u00fdchodnom Slovensku nemaj\u00fa \u010do jes\u0165, chodia bos\u00e9, nemaj\u00fa pitn\u00fa vodu ani strechu nad hlavou a [&hellip;]\" \/>\n<meta property=\"og:url\" content=\"https:\/\/www.smedemokrati.sk\/en\/demokrati-vyzyvaju-na-odstupenie-alexandra-daska-z-funkcie-splnomocnenca-vlady-sr-pre-romske-komunity-po-odhaleni-dvoch-nezmyselnych-projektov\/\" \/>\n<meta property=\"og:site_name\" content=\"Smedemokrati.sk\" \/>\n<meta property=\"article:publisher\" content=\"https:\/\/www.facebook.com\/smedemokrati2023\" \/>\n<meta property=\"article:published_time\" content=\"2025-09-24T14:16:57+00:00\" \/>\n<meta property=\"og:image\" content=\"https:\/\/www.smedemokrati.sk\/wp-content\/uploads\/2025\/09\/554519206_1490929551950317_803971083704042576_n-e1758723401717.jpg\" \/>\n\t<meta property=\"og:image:width\" content=\"1080\" \/>\n\t<meta property=\"og:image:height\" content=\"1078\" \/>\n\t<meta property=\"og:image:type\" content=\"image\/jpeg\" \/>\n<meta name=\"author\" content=\"miro.sopko\" \/>\n<meta name=\"twitter:card\" content=\"summary_large_image\" \/>\n<meta name=\"twitter:label1\" content=\"Written by\" \/>\n\t<meta name=\"twitter:data1\" content=\"miro.sopko\" \/>\n\t<meta name=\"twitter:label2\" content=\"Est. reading time\" \/>\n\t<meta name=\"twitter:data2\" content=\"2 minutes\" \/>\n<script type=\"application\/ld+json\" class=\"yoast-schema-graph\">{\"@context\":\"https:\/\/schema.org\",\"@graph\":[{\"@type\":\"Article\",\"@id\":\"https:\/\/www.smedemokrati.sk\/demokrati-vyzyvaju-na-odstupenie-alexandra-daska-z-funkcie-splnomocnenca-vlady-sr-pre-romske-komunity-po-odhaleni-dvoch-nezmyselnych-projektov\/#article\",\"isPartOf\":{\"@id\":\"https:\/\/www.smedemokrati.sk\/demokrati-vyzyvaju-na-odstupenie-alexandra-daska-z-funkcie-splnomocnenca-vlady-sr-pre-romske-komunity-po-odhaleni-dvoch-nezmyselnych-projektov\/\"},\"author\":{\"name\":\"miro.sopko\",\"@id\":\"https:\/\/www.smedemokrati.sk\/#\/schema\/person\/21f147c88d605aa7ded900e1e7c344ba\"},\"headline\":\"Demokrati vyz\u00fdvaj\u00fa na odst\u00fapenie Alexandra Da\u0161ka z funkcie splnomocnenca vl\u00e1dy SR pre r\u00f3mske komunity po odhalen\u00ed dvoch nezmyseln\u00fdch projektov\",\"datePublished\":\"2025-09-24T14:16:57+00:00\",\"mainEntityOfPage\":{\"@id\":\"https:\/\/www.smedemokrati.sk\/demokrati-vyzyvaju-na-odstupenie-alexandra-daska-z-funkcie-splnomocnenca-vlady-sr-pre-romske-komunity-po-odhaleni-dvoch-nezmyselnych-projektov\/\"},\"wordCount\":278,\"publisher\":{\"@id\":\"https:\/\/www.smedemokrati.sk\/#organization\"},\"image\":{\"@id\":\"https:\/\/www.smedemokrati.sk\/demokrati-vyzyvaju-na-odstupenie-alexandra-daska-z-funkcie-splnomocnenca-vlady-sr-pre-romske-komunity-po-odhaleni-dvoch-nezmyselnych-projektov\/#primaryimage\"},\"thumbnailUrl\":\"https:\/\/www.smedemokrati.sk\/wp-content\/uploads\/2025\/09\/554519206_1490929551950317_803971083704042576_n-e1758723401717.jpg\",\"articleSection\":[\"Vyhl\u00e1senia\"],\"inLanguage\":\"en-US\"},{\"@type\":\"WebPage\",\"@id\":\"https:\/\/www.smedemokrati.sk\/demokrati-vyzyvaju-na-odstupenie-alexandra-daska-z-funkcie-splnomocnenca-vlady-sr-pre-romske-komunity-po-odhaleni-dvoch-nezmyselnych-projektov\/\",\"url\":\"https:\/\/www.smedemokrati.sk\/demokrati-vyzyvaju-na-odstupenie-alexandra-daska-z-funkcie-splnomocnenca-vlady-sr-pre-romske-komunity-po-odhaleni-dvoch-nezmyselnych-projektov\/\",\"name\":\"Demokrati vyz\u00fdvaj\u00fa na odst\u00fapenie Alexandra Da\u0161ka z funkcie splnomocnenca vl\u00e1dy SR pre r\u00f3mske komunity po odhalen\u00ed dvoch nezmyseln\u00fdch projektov\",\"isPartOf\":{\"@id\":\"https:\/\/www.smedemokrati.sk\/#website\"},\"primaryImageOfPage\":{\"@id\":\"https:\/\/www.smedemokrati.sk\/demokrati-vyzyvaju-na-odstupenie-alexandra-daska-z-funkcie-splnomocnenca-vlady-sr-pre-romske-komunity-po-odhaleni-dvoch-nezmyselnych-projektov\/#primaryimage\"},\"image\":{\"@id\":\"https:\/\/www.smedemokrati.sk\/demokrati-vyzyvaju-na-odstupenie-alexandra-daska-z-funkcie-splnomocnenca-vlady-sr-pre-romske-komunity-po-odhaleni-dvoch-nezmyselnych-projektov\/#primaryimage\"},\"thumbnailUrl\":\"https:\/\/www.smedemokrati.sk\/wp-content\/uploads\/2025\/09\/554519206_1490929551950317_803971083704042576_n-e1758723401717.jpg\",\"datePublished\":\"2025-09-24T14:16:57+00:00\",\"breadcrumb\":{\"@id\":\"https:\/\/www.smedemokrati.sk\/demokrati-vyzyvaju-na-odstupenie-alexandra-daska-z-funkcie-splnomocnenca-vlady-sr-pre-romske-komunity-po-odhaleni-dvoch-nezmyselnych-projektov\/#breadcrumb\"},\"inLanguage\":\"en-US\",\"potentialAction\":[{\"@type\":\"ReadAction\",\"target\":[\"https:\/\/www.smedemokrati.sk\/demokrati-vyzyvaju-na-odstupenie-alexandra-daska-z-funkcie-splnomocnenca-vlady-sr-pre-romske-komunity-po-odhaleni-dvoch-nezmyselnych-projektov\/\"]}]},{\"@type\":\"ImageObject\",\"inLanguage\":\"en-US\",\"@id\":\"https:\/\/www.smedemokrati.sk\/demokrati-vyzyvaju-na-odstupenie-alexandra-daska-z-funkcie-splnomocnenca-vlady-sr-pre-romske-komunity-po-odhaleni-dvoch-nezmyselnych-projektov\/#primaryimage\",\"url\":\"https:\/\/www.smedemokrati.sk\/wp-content\/uploads\/2025\/09\/554519206_1490929551950317_803971083704042576_n-e1758723401717.jpg\",\"contentUrl\":\"https:\/\/www.smedemokrati.sk\/wp-content\/uploads\/2025\/09\/554519206_1490929551950317_803971083704042576_n-e1758723401717.jpg\",\"width\":1080,\"height\":1078},{\"@type\":\"BreadcrumbList\",\"@id\":\"https:\/\/www.smedemokrati.sk\/demokrati-vyzyvaju-na-odstupenie-alexandra-daska-z-funkcie-splnomocnenca-vlady-sr-pre-romske-komunity-po-odhaleni-dvoch-nezmyselnych-projektov\/#breadcrumb\",\"itemListElement\":[{\"@type\":\"ListItem\",\"position\":1,\"name\":\"Domovsk\u00e1 str\u00e1nka\",\"item\":\"https:\/\/www.smedemokrati.sk\/\"},{\"@type\":\"ListItem\",\"position\":2,\"name\":\"Demokrati vyz\u00fdvaj\u00fa na odst\u00fapenie Alexandra Da\u0161ka z funkcie splnomocnenca vl\u00e1dy SR pre r\u00f3mske komunity po odhalen\u00ed dvoch nezmyseln\u00fdch projektov\"}]},{\"@type\":\"WebSite\",\"@id\":\"https:\/\/www.smedemokrati.sk\/#website\",\"url\":\"https:\/\/www.smedemokrati.sk\/\",\"name\":\"Smedemokrati.sk\",\"description\":\"Demokracia a slu\u0161nos\u0165 zv\u00ed\u0165az\u00ed\",\"publisher\":{\"@id\":\"https:\/\/www.smedemokrati.sk\/#organization\"},\"potentialAction\":[{\"@type\":\"SearchAction\",\"target\":{\"@type\":\"EntryPoint\",\"urlTemplate\":\"https:\/\/www.smedemokrati.sk\/?s={search_term_string}\"},\"query-input\":{\"@type\":\"PropertyValueSpecification\",\"valueRequired\":true,\"valueName\":\"search_term_string\"}}],\"inLanguage\":\"en-US\"},{\"@type\":\"Organization\",\"@id\":\"https:\/\/www.smedemokrati.sk\/#organization\",\"name\":\"Smedemokrati.sk\",\"url\":\"https:\/\/www.smedemokrati.sk\/\",\"logo\":{\"@type\":\"ImageObject\",\"inLanguage\":\"en-US\",\"@id\":\"https:\/\/www.smedemokrati.sk\/#\/schema\/logo\/image\/\",\"url\":\"https:\/\/www.smedemokrati.sk\/wp-content\/uploads\/2023\/04\/ff.002.jpeg\",\"contentUrl\":\"https:\/\/www.smedemokrati.sk\/wp-content\/uploads\/2023\/04\/ff.002.jpeg\",\"width\":640,\"height\":480,\"caption\":\"Smedemokrati.sk\"},\"image\":{\"@id\":\"https:\/\/www.smedemokrati.sk\/#\/schema\/logo\/image\/\"},\"sameAs\":[\"https:\/\/www.facebook.com\/smedemokrati2023\"]},{\"@type\":\"Person\",\"@id\":\"https:\/\/www.smedemokrati.sk\/#\/schema\/person\/21f147c88d605aa7ded900e1e7c344ba\",\"name\":\"miro.sopko\",\"image\":{\"@type\":\"ImageObject\",\"inLanguage\":\"en-US\",\"@id\":\"https:\/\/secure.gravatar.com\/avatar\/267e4a36f704376c109afe3a78740c1f5dd8675a2180a908699e7863c9247606?s=96&d=mm&r=g\",\"url\":\"https:\/\/secure.gravatar.com\/avatar\/267e4a36f704376c109afe3a78740c1f5dd8675a2180a908699e7863c9247606?s=96&d=mm&r=g\",\"contentUrl\":\"https:\/\/secure.gravatar.com\/avatar\/267e4a36f704376c109afe3a78740c1f5dd8675a2180a908699e7863c9247606?s=96&d=mm&r=g\",\"caption\":\"miro.sopko\"},\"url\":\"https:\/\/www.smedemokrati.sk\/en\/author\/miro-sopko\/\"}]}<\/script>\n<!-- \/ Yoast SEO plugin. -->","yoast_head_json":{"title":"Demokrati vyz\u00fdvaj\u00fa na odst\u00fapenie Alexandra Da\u0161ka z funkcie splnomocnenca vl\u00e1dy SR pre r\u00f3mske komunity po odhalen\u00ed dvoch nezmyseln\u00fdch projektov","robots":{"index":"index","follow":"follow","max-snippet":"max-snippet:-1","max-image-preview":"max-image-preview:large","max-video-preview":"max-video-preview:-1"},"canonical":"https:\/\/www.smedemokrati.sk\/en\/demokrati-vyzyvaju-na-odstupenie-alexandra-daska-z-funkcie-splnomocnenca-vlady-sr-pre-romske-komunity-po-odhaleni-dvoch-nezmyselnych-projektov\/","og_locale":"en_US","og_type":"article","og_title":"[:sk]Demokrati vyz\u00fdvaj\u00fa na odst\u00fapenie Alexandra Da\u0161ka z funkcie splnomocnenca vl\u00e1dy SR pre r\u00f3mske komunity po odhalen\u00ed dvoch nezmyseln\u00fdch projektov[:] - Smedemokrati.sk","og_description":"Demokrati vyz\u00fdvaj\u00fa na odst\u00fapenie Alexandra Da\u0161ka z funkcie splnomocnenca vl\u00e1dy SR pre r\u00f3mske komunity po odhalen\u00ed dvoch nezmyseln\u00fdch projektov v celkovej hodnote viac ako 80 mili\u00f3nov eur, ktor\u00e9 by nijak\u00fdm sp\u00f4sobom nezlep\u0161ili \u017eivotn\u00e9 podmienky r\u00f3mskej komunity.\u00a0 \u201eDeti v osad\u00e1ch na v\u00fdchodnom Slovensku nemaj\u00fa \u010do jes\u0165, chodia bos\u00e9, nemaj\u00fa pitn\u00fa vodu ani strechu nad hlavou a [&hellip;]","og_url":"https:\/\/www.smedemokrati.sk\/en\/demokrati-vyzyvaju-na-odstupenie-alexandra-daska-z-funkcie-splnomocnenca-vlady-sr-pre-romske-komunity-po-odhaleni-dvoch-nezmyselnych-projektov\/","og_site_name":"Smedemokrati.sk","article_publisher":"https:\/\/www.facebook.com\/smedemokrati2023","article_published_time":"2025-09-24T14:16:57+00:00","og_image":[{"width":1080,"height":1078,"url":"https:\/\/www.smedemokrati.sk\/wp-content\/uploads\/2025\/09\/554519206_1490929551950317_803971083704042576_n-e1758723401717.jpg","type":"image\/jpeg"}],"author":"miro.sopko","twitter_card":"summary_large_image","twitter_misc":{"Written by":"miro.sopko","Est. reading time":"2 minutes"},"schema":{"@context":"https:\/\/schema.org","@graph":[{"@type":"Article","@id":"https:\/\/www.smedemokrati.sk\/demokrati-vyzyvaju-na-odstupenie-alexandra-daska-z-funkcie-splnomocnenca-vlady-sr-pre-romske-komunity-po-odhaleni-dvoch-nezmyselnych-projektov\/#article","isPartOf":{"@id":"https:\/\/www.smedemokrati.sk\/demokrati-vyzyvaju-na-odstupenie-alexandra-daska-z-funkcie-splnomocnenca-vlady-sr-pre-romske-komunity-po-odhaleni-dvoch-nezmyselnych-projektov\/"},"author":{"name":"miro.sopko","@id":"https:\/\/www.smedemokrati.sk\/#\/schema\/person\/21f147c88d605aa7ded900e1e7c344ba"},"headline":"Demokrati vyz\u00fdvaj\u00fa na odst\u00fapenie Alexandra Da\u0161ka z funkcie splnomocnenca vl\u00e1dy SR pre r\u00f3mske komunity po odhalen\u00ed dvoch nezmyseln\u00fdch projektov","datePublished":"2025-09-24T14:16:57+00:00","mainEntityOfPage":{"@id":"https:\/\/www.smedemokrati.sk\/demokrati-vyzyvaju-na-odstupenie-alexandra-daska-z-funkcie-splnomocnenca-vlady-sr-pre-romske-komunity-po-odhaleni-dvoch-nezmyselnych-projektov\/"},"wordCount":278,"publisher":{"@id":"https:\/\/www.smedemokrati.sk\/#organization"},"image":{"@id":"https:\/\/www.smedemokrati.sk\/demokrati-vyzyvaju-na-odstupenie-alexandra-daska-z-funkcie-splnomocnenca-vlady-sr-pre-romske-komunity-po-odhaleni-dvoch-nezmyselnych-projektov\/#primaryimage"},"thumbnailUrl":"https:\/\/www.smedemokrati.sk\/wp-content\/uploads\/2025\/09\/554519206_1490929551950317_803971083704042576_n-e1758723401717.jpg","articleSection":["Vyhl\u00e1senia"],"inLanguage":"en-US"},{"@type":"WebPage","@id":"https:\/\/www.smedemokrati.sk\/demokrati-vyzyvaju-na-odstupenie-alexandra-daska-z-funkcie-splnomocnenca-vlady-sr-pre-romske-komunity-po-odhaleni-dvoch-nezmyselnych-projektov\/","url":"https:\/\/www.smedemokrati.sk\/demokrati-vyzyvaju-na-odstupenie-alexandra-daska-z-funkcie-splnomocnenca-vlady-sr-pre-romske-komunity-po-odhaleni-dvoch-nezmyselnych-projektov\/","name":"Demokrati vyz\u00fdvaj\u00fa na odst\u00fapenie Alexandra Da\u0161ka z funkcie splnomocnenca vl\u00e1dy SR pre r\u00f3mske komunity po odhalen\u00ed dvoch nezmyseln\u00fdch projektov","isPartOf":{"@id":"https:\/\/www.smedemokrati.sk\/#website"},"primaryImageOfPage":{"@id":"https:\/\/www.smedemokrati.sk\/demokrati-vyzyvaju-na-odstupenie-alexandra-daska-z-funkcie-splnomocnenca-vlady-sr-pre-romske-komunity-po-odhaleni-dvoch-nezmyselnych-projektov\/#primaryimage"},"image":{"@id":"https:\/\/www.smedemokrati.sk\/demokrati-vyzyvaju-na-odstupenie-alexandra-daska-z-funkcie-splnomocnenca-vlady-sr-pre-romske-komunity-po-odhaleni-dvoch-nezmyselnych-projektov\/#primaryimage"},"thumbnailUrl":"https:\/\/www.smedemokrati.sk\/wp-content\/uploads\/2025\/09\/554519206_1490929551950317_803971083704042576_n-e1758723401717.jpg","datePublished":"2025-09-24T14:16:57+00:00","breadcrumb":{"@id":"https:\/\/www.smedemokrati.sk\/demokrati-vyzyvaju-na-odstupenie-alexandra-daska-z-funkcie-splnomocnenca-vlady-sr-pre-romske-komunity-po-odhaleni-dvoch-nezmyselnych-projektov\/#breadcrumb"},"inLanguage":"en-US","potentialAction":[{"@type":"ReadAction","target":["https:\/\/www.smedemokrati.sk\/demokrati-vyzyvaju-na-odstupenie-alexandra-daska-z-funkcie-splnomocnenca-vlady-sr-pre-romske-komunity-po-odhaleni-dvoch-nezmyselnych-projektov\/"]}]},{"@type":"ImageObject","inLanguage":"en-US","@id":"https:\/\/www.smedemokrati.sk\/demokrati-vyzyvaju-na-odstupenie-alexandra-daska-z-funkcie-splnomocnenca-vlady-sr-pre-romske-komunity-po-odhaleni-dvoch-nezmyselnych-projektov\/#primaryimage","url":"https:\/\/www.smedemokrati.sk\/wp-content\/uploads\/2025\/09\/554519206_1490929551950317_803971083704042576_n-e1758723401717.jpg","contentUrl":"https:\/\/www.smedemokrati.sk\/wp-content\/uploads\/2025\/09\/554519206_1490929551950317_803971083704042576_n-e1758723401717.jpg","width":1080,"height":1078},{"@type":"BreadcrumbList","@id":"https:\/\/www.smedemokrati.sk\/demokrati-vyzyvaju-na-odstupenie-alexandra-daska-z-funkcie-splnomocnenca-vlady-sr-pre-romske-komunity-po-odhaleni-dvoch-nezmyselnych-projektov\/#breadcrumb","itemListElement":[{"@type":"ListItem","position":1,"name":"Domovsk\u00e1 str\u00e1nka","item":"https:\/\/www.smedemokrati.sk\/"},{"@type":"ListItem","position":2,"name":"Demokrati vyz\u00fdvaj\u00fa na odst\u00fapenie Alexandra Da\u0161ka z funkcie splnomocnenca vl\u00e1dy SR pre r\u00f3mske komunity po odhalen\u00ed dvoch nezmyseln\u00fdch projektov"}]},{"@type":"WebSite","@id":"https:\/\/www.smedemokrati.sk\/#website","url":"https:\/\/www.smedemokrati.sk\/","name":"Smedemokrati.sk","description":"Demokracia a slu\u0161nos\u0165 zv\u00ed\u0165az\u00ed","publisher":{"@id":"https:\/\/www.smedemokrati.sk\/#organization"},"potentialAction":[{"@type":"SearchAction","target":{"@type":"EntryPoint","urlTemplate":"https:\/\/www.smedemokrati.sk\/?s={search_term_string}"},"query-input":{"@type":"PropertyValueSpecification","valueRequired":true,"valueName":"search_term_string"}}],"inLanguage":"en-US"},{"@type":"Organization","@id":"https:\/\/www.smedemokrati.sk\/#organization","name":"Smedemokrati.sk","url":"https:\/\/www.smedemokrati.sk\/","logo":{"@type":"ImageObject","inLanguage":"en-US","@id":"https:\/\/www.smedemokrati.sk\/#\/schema\/logo\/image\/","url":"https:\/\/www.smedemokrati.sk\/wp-content\/uploads\/2023\/04\/ff.002.jpeg","contentUrl":"https:\/\/www.smedemokrati.sk\/wp-content\/uploads\/2023\/04\/ff.002.jpeg","width":640,"height":480,"caption":"Smedemokrati.sk"},"image":{"@id":"https:\/\/www.smedemokrati.sk\/#\/schema\/logo\/image\/"},"sameAs":["https:\/\/www.facebook.com\/smedemokrati2023"]},{"@type":"Person","@id":"https:\/\/www.smedemokrati.sk\/#\/schema\/person\/21f147c88d605aa7ded900e1e7c344ba","name":"miro.sopko","image":{"@type":"ImageObject","inLanguage":"en-US","@id":"https:\/\/secure.gravatar.com\/avatar\/267e4a36f704376c109afe3a78740c1f5dd8675a2180a908699e7863c9247606?s=96&d=mm&r=g","url":"https:\/\/secure.gravatar.com\/avatar\/267e4a36f704376c109afe3a78740c1f5dd8675a2180a908699e7863c9247606?s=96&d=mm&r=g","contentUrl":"https:\/\/secure.gravatar.com\/avatar\/267e4a36f704376c109afe3a78740c1f5dd8675a2180a908699e7863c9247606?s=96&d=mm&r=g","caption":"miro.sopko"},"url":"https:\/\/www.smedemokrati.sk\/en\/author\/miro-sopko\/"}]}},"_links":{"self":[{"href":"https:\/\/www.smedemokrati.sk\/en\/wp-json\/wp\/v2\/posts\/8227","targetHints":{"allow":["GET"]}}],"collection":[{"href":"https:\/\/www.smedemokrati.sk\/en\/wp-json\/wp\/v2\/posts"}],"about":[{"href":"https:\/\/www.smedemokrati.sk\/en\/wp-json\/wp\/v2\/types\/post"}],"author":[{"embeddable":true,"href":"https:\/\/www.smedemokrati.sk\/en\/wp-json\/wp\/v2\/users\/13"}],"replies":[{"embeddable":true,"href":"https:\/\/www.smedemokrati.sk\/en\/wp-json\/wp\/v2\/comments?post=8227"}],"version-history":[{"count":1,"href":"https:\/\/www.smedemokrati.sk\/en\/wp-json\/wp\/v2\/posts\/8227\/revisions"}],"predecessor-version":[{"id":8229,"href":"https:\/\/www.smedemokrati.sk\/en\/wp-json\/wp\/v2\/posts\/8227\/revisions\/8229"}],"wp:featuredmedia":[{"embeddable":true,"href":"https:\/\/www.smedemokrati.sk\/en\/wp-json\/wp\/v2\/media\/8228"}],"wp:attachment":[{"href":"https:\/\/www.smedemokrati.sk\/en\/wp-json\/wp\/v2\/media?parent=8227"}],"wp:term":[{"taxonomy":"category","embeddable":true,"href":"https:\/\/www.smedemokrati.sk\/en\/wp-json\/wp\/v2\/categories?post=8227"},{"taxonomy":"post_tag","embeddable":true,"href":"https:\/\/www.smedemokrati.sk\/en\/wp-json\/wp\/v2\/tags?post=8227"}],"curies":[{"name":"wp","href":"https:\/\/api.w.org\/{rel}","templated":true}]}}