{"id":8197,"date":"2025-09-19T16:10:34","date_gmt":"2025-09-19T15:10:34","guid":{"rendered":"https:\/\/www.smedemokrati.sk\/?p=8197"},"modified":"2025-09-19T16:10:34","modified_gmt":"2025-09-19T15:10:34","slug":"slovenskemu-agrosektoru-hrozi-pre-takacovu-neschopnost-pohroma","status":"publish","type":"post","link":"https:\/\/www.smedemokrati.sk\/en\/slovenskemu-agrosektoru-hrozi-pre-takacovu-neschopnost-pohroma\/","title":{"rendered":"Slovensk\u00e9mu agrosektoru hroz\u00ed pre Tak\u00e1\u010dovu neschopnos\u0165 pohroma"},"content":{"rendered":"<div id=\"fb-root\"><\/div>\n\n<p><strong>Minister p\u00f4dohospod\u00e1rstva Richard Tak\u00e1\u010d bu\u010f netu\u0161\u00ed, ak\u00e1 je podstata n\u00e1vrhov Eur\u00f3pskej komisie (EK) pre bud\u00face dota\u010dn\u00e9 obdobie v oblasti po\u013enohospod\u00e1rstva, alebo o nich vedome zav\u00e1dza. Agrosektoru na Slovensku sa po roku 2028 otv\u00e1ra ob\u00e1lka v hodnote takmer 20 mld. eur. Aby v s\u00fa\u0165a\u017ei o tieto zdroje s in\u00fdmi rezortmi uspel, potrebuje pl\u00e1n, ako pr\u00e1ve po\u013enohospod\u00e1rstvo zv\u00fd\u0161i konkurencieschopnos\u0165 Slovenska ako celku. Tak\u00e1\u010dovo vyplak\u00e1vanie a snaha o konzerv\u00e1ciu s\u00fa\u010dasn\u00e9ho stavu po\u013enohospod\u00e1rom nijako nepom\u00f4\u017ee.<\/strong><\/p>\n\n\n\n<p>Minister Tak\u00e1\u010d na dne\u0161nej tla\u010dovej konferencii op\u00e4\u0165 preuk\u00e1zal \u00fapln\u00fa bezradnos\u0165 v s\u00favislosti s reformou po\u013enohospod\u00e1rskych dot\u00e1ci\u00ed a eurofondov v bud\u00facom programovom obdob\u00ed.<br><em>\u201ePod\u013ea n\u00e1vrhu EK m\u00e1 v roku 2028 d\u00f4js\u0165 k ich zl\u00fa\u010deniu, \u010do na jednej strane zn\u00ed\u017ei garantovan\u00fd podiel pre agrosektor, no na druhej strane sa slovensk\u00fdm po\u013enohospod\u00e1rom otv\u00e1ra mo\u017enos\u0165 \u010derpa\u0165 takmer 20 mld. eur z tzv. N\u00e1rodn\u00e9ho a region\u00e1lneho pl\u00e1nu partnerstva. V \u0148om bud\u00fa s\u00fa\u0165a\u017ei\u0165 v\u0161etky sektory hospod\u00e1rstva a uspej\u00fa tie, ktor\u00e9 preuk\u00e1\u017eu schopnos\u0165 zv\u00fd\u0161i\u0165 konkurencieschopnos\u0165 Slovenska ako celku. Zjednodu\u0161ene povedan\u00e9, pr\u00edjmy agrosektora m\u00f4\u017eu by\u0165 dokonca vy\u0161\u0161ie ako v s\u00fa\u010dasnosti, ak ministerstvo p\u00f4dohospod\u00e1rstva dok\u00e1\u017ee pripravi\u0165 kvalitn\u00fa v\u00edziu rozvoja po\u013enohospod\u00e1rstva v konkurencii s in\u00fdmi rezortmi. Tak\u00e1\u010dovo vyplak\u00e1vanie takou v\u00edziou nie je. Instagramov\u00e9mu ministrovi zrejme vyhovuje s\u00fa\u010dasn\u00fd stav, ktor\u00fd nahr\u00e1va zop\u00e1r ve\u013ek\u00fdm hr\u00e1\u010dom. V \u0148om v\u0161ak slovensk\u00fd agrosektor pokr\u00fdva len pribli\u017ene tretinu dom\u00e1cej spotreby, sme odk\u00e1zan\u00ed na dovoz zahrani\u010dn\u00fdch potrav\u00edn, ktor\u00fdch cena rastie, a po\u013enohospod\u00e1rske dot\u00e1cie sa rozkr\u00e1daj\u00fa na ne\u00fa\u010deln\u00e9 projekty, ak\u00fdmi s\u00fa papal\u00e1\u0161ske haciendy,\u201c<\/em> vysvet\u013euje Michal Ki\u010da, \u010dlen predsedn\u00edctva Demokratov.<\/p>\n\n\n\n<p>Tak\u00e1\u010d neuviedol ani jeden n\u00e1vrh na zv\u00fd\u0161enie \u017ealostne slabej konkurencieschopnosti slovensk\u00e9ho po\u013enohospod\u00e1rstva, ktor\u00fd by chcel presadi\u0165 v bud\u00facom dota\u010dnom obdob\u00ed. <em>\u201eJedin\u00e9, na \u010do sa opakovane zmohol, je \u00fato\u010denie na zl\u00fd Brusel. Ten v\u0161ak s\u00fa\u010dasn\u00fd stav v slovenskom po\u013enohospod\u00e1rstve nezavinil, na rozdiel od dlhoro\u010dn\u00fdch vl\u00e1d SMER-u. S Tak\u00e1\u010dom, mu\u017eom bez v\u00edzie a n\u00e1padu, hroz\u00ed slovensk\u00e9mu agrosektoru po roku 2028 pohroma,\u201c<\/em> uzavrel Michal Ki\u010da.<\/p>\n\n\n\n<figure class=\"wp-block-video\"><video height=\"1080\" style=\"aspect-ratio: 1920 \/ 1080;\" width=\"1920\" controls src=\"https:\/\/www.smedemokrati.sk\/wp-content\/uploads\/2025\/09\/IMG_0593.mov\"><\/video><\/figure>\n","protected":false},"excerpt":{"rendered":"<p>Minister p\u00f4dohospod\u00e1rstva Richard Tak\u00e1\u010d bu\u010f netu\u0161\u00ed, ak\u00e1 je podstata n\u00e1vrhov Eur\u00f3pskej komisie (EK) pre bud\u00face dota\u010dn\u00e9 obdobie v oblasti po\u013enohospod\u00e1rstva, alebo o nich vedome zav\u00e1dza. Agrosektoru na Slovensku sa po roku 2028 otv\u00e1ra ob\u00e1lka v hodnote takmer 20 mld. eur. Aby v s\u00fa\u0165a\u017ei o tieto zdroje s in\u00fdmi rezortmi uspel, potrebuje pl\u00e1n, ako pr\u00e1ve po\u013enohospod\u00e1rstvo [&hellip;]<\/p>\n","protected":false},"author":13,"featured_media":8198,"comment_status":"closed","ping_status":"closed","sticky":false,"template":"","format":"standard","meta":{"_acf_changed":false,"ngg_post_thumbnail":0,"footnotes":""},"categories":[4],"tags":[],"class_list":["post-8197","post","type-post","status-publish","format-standard","has-post-thumbnail","hentry","category-tlacove-spravy"],"acf":[],"yoast_head":"<!-- This site is optimized with the Yoast SEO plugin v27.2 - https:\/\/yoast.com\/product\/yoast-seo-wordpress\/ -->\n<title>Slovensk\u00e9mu agrosektoru hroz\u00ed pre Tak\u00e1\u010dovu neschopnos\u0165 pohroma<\/title>\n<meta name=\"description\" content=\"Minister p\u00f4dohospod\u00e1rstva Richard Tak\u00e1\u010d bu\u010f netu\u0161\u00ed, ak\u00e1 je podstata n\u00e1vrhov Eur\u00f3pskej komisie (EK) pre bud\u00face dota\u010dn\u00e9 obdobie v oblasti po\u013enohospod\u00e1rstva, alebo o nich vedome zav\u00e1dza. Agrosektoru na Slovensku sa po roku 2028 otv\u00e1ra ob\u00e1lka v hodnote takmer 20 mld. eur. Aby v s\u00fa\u0165a\u017ei o tieto zdroje s in\u00fdmi rezortmi uspel, potrebuje pl\u00e1n, ako pr\u00e1ve po\u013enohospod\u00e1rstvo zv\u00fd\u0161i konkurencieschopnos\u0165 Slovenska ako celku. Tak\u00e1\u010dovo vyplak\u00e1vanie a snaha o konzerv\u00e1ciu s\u00fa\u010dasn\u00e9ho stavu po\u013enohospod\u00e1rom nijako nepom\u00f4\u017ee.\" \/>\n<meta name=\"robots\" content=\"index, follow, max-snippet:-1, max-image-preview:large, max-video-preview:-1\" \/>\n<link rel=\"canonical\" href=\"https:\/\/www.smedemokrati.sk\/en\/slovenskemu-agrosektoru-hrozi-pre-takacovu-neschopnost-pohroma\/\" \/>\n<meta property=\"og:locale\" content=\"en_US\" \/>\n<meta property=\"og:locale:alternate\" content=\"cs_CZ\" \/>\n<meta property=\"og:locale:alternate\" content=\"hu_HU\" \/>\n<meta property=\"og:locale:alternate\" content=\"sk_SK\" \/>\n<meta property=\"og:locale:alternate\" content=\"sv_SE\" \/>\n<meta property=\"og:type\" content=\"article\" \/>\n<meta property=\"og:title\" content=\"Slovensk\u00e9mu agrosektoru hroz\u00ed pre Tak\u00e1\u010dovu neschopnos\u0165 pohroma\" \/>\n<meta property=\"og:description\" content=\"Minister p\u00f4dohospod\u00e1rstva Richard Tak\u00e1\u010d bu\u010f netu\u0161\u00ed, ak\u00e1 je podstata n\u00e1vrhov Eur\u00f3pskej komisie (EK) pre bud\u00face dota\u010dn\u00e9 obdobie v oblasti po\u013enohospod\u00e1rstva, alebo o nich vedome zav\u00e1dza. Agrosektoru na Slovensku sa po roku 2028 otv\u00e1ra ob\u00e1lka v hodnote takmer 20 mld. eur. Aby v s\u00fa\u0165a\u017ei o tieto zdroje s in\u00fdmi rezortmi uspel, potrebuje pl\u00e1n, ako pr\u00e1ve po\u013enohospod\u00e1rstvo zv\u00fd\u0161i konkurencieschopnos\u0165 Slovenska ako celku. Tak\u00e1\u010dovo vyplak\u00e1vanie a snaha o konzerv\u00e1ciu s\u00fa\u010dasn\u00e9ho stavu po\u013enohospod\u00e1rom nijako nepom\u00f4\u017ee.\" \/>\n<meta property=\"og:url\" content=\"https:\/\/www.smedemokrati.sk\/en\/slovenskemu-agrosektoru-hrozi-pre-takacovu-neschopnost-pohroma\/\" \/>\n<meta property=\"og:site_name\" content=\"Smedemokrati.sk\" \/>\n<meta property=\"article:publisher\" content=\"https:\/\/www.facebook.com\/smedemokrati2023\" \/>\n<meta property=\"article:published_time\" content=\"2025-09-19T15:10:34+00:00\" \/>\n<meta property=\"og:image\" content=\"https:\/\/www.smedemokrati.sk\/wp-content\/uploads\/2025\/09\/550172854_775836285425237_3359784677125367860_n-e1758294524656.jpg\" \/>\n\t<meta property=\"og:image:width\" content=\"1080\" \/>\n\t<meta property=\"og:image:height\" content=\"1033\" \/>\n\t<meta property=\"og:image:type\" content=\"image\/jpeg\" \/>\n<meta name=\"author\" content=\"miro.sopko\" \/>\n<meta name=\"twitter:card\" content=\"summary_large_image\" \/>\n<meta name=\"twitter:label1\" content=\"Written by\" \/>\n\t<meta name=\"twitter:data1\" content=\"miro.sopko\" \/>\n\t<meta name=\"twitter:label2\" content=\"Est. reading time\" \/>\n\t<meta name=\"twitter:data2\" content=\"2 minutes\" \/>\n<script type=\"application\/ld+json\" class=\"yoast-schema-graph\">{\"@context\":\"https:\/\/schema.org\",\"@graph\":[{\"@type\":\"Article\",\"@id\":\"https:\/\/www.smedemokrati.sk\/slovenskemu-agrosektoru-hrozi-pre-takacovu-neschopnost-pohroma\/#article\",\"isPartOf\":{\"@id\":\"https:\/\/www.smedemokrati.sk\/slovenskemu-agrosektoru-hrozi-pre-takacovu-neschopnost-pohroma\/\"},\"author\":{\"name\":\"miro.sopko\",\"@id\":\"https:\/\/www.smedemokrati.sk\/#\/schema\/person\/21f147c88d605aa7ded900e1e7c344ba\"},\"headline\":\"Slovensk\u00e9mu agrosektoru hroz\u00ed pre Tak\u00e1\u010dovu neschopnos\u0165 pohroma\",\"datePublished\":\"2025-09-19T15:10:34+00:00\",\"mainEntityOfPage\":{\"@id\":\"https:\/\/www.smedemokrati.sk\/slovenskemu-agrosektoru-hrozi-pre-takacovu-neschopnost-pohroma\/\"},\"wordCount\":417,\"publisher\":{\"@id\":\"https:\/\/www.smedemokrati.sk\/#organization\"},\"image\":{\"@id\":\"https:\/\/www.smedemokrati.sk\/slovenskemu-agrosektoru-hrozi-pre-takacovu-neschopnost-pohroma\/#primaryimage\"},\"thumbnailUrl\":\"https:\/\/www.smedemokrati.sk\/wp-content\/uploads\/2025\/09\/550172854_775836285425237_3359784677125367860_n-e1758294524656.jpg\",\"articleSection\":[\"Tla\u010dov\u00e9 spr\u00e1vy\"],\"inLanguage\":\"en-US\"},{\"@type\":\"WebPage\",\"@id\":\"https:\/\/www.smedemokrati.sk\/slovenskemu-agrosektoru-hrozi-pre-takacovu-neschopnost-pohroma\/\",\"url\":\"https:\/\/www.smedemokrati.sk\/slovenskemu-agrosektoru-hrozi-pre-takacovu-neschopnost-pohroma\/\",\"name\":\"Slovensk\u00e9mu agrosektoru hroz\u00ed pre Tak\u00e1\u010dovu neschopnos\u0165 pohroma\",\"isPartOf\":{\"@id\":\"https:\/\/www.smedemokrati.sk\/#website\"},\"primaryImageOfPage\":{\"@id\":\"https:\/\/www.smedemokrati.sk\/slovenskemu-agrosektoru-hrozi-pre-takacovu-neschopnost-pohroma\/#primaryimage\"},\"image\":{\"@id\":\"https:\/\/www.smedemokrati.sk\/slovenskemu-agrosektoru-hrozi-pre-takacovu-neschopnost-pohroma\/#primaryimage\"},\"thumbnailUrl\":\"https:\/\/www.smedemokrati.sk\/wp-content\/uploads\/2025\/09\/550172854_775836285425237_3359784677125367860_n-e1758294524656.jpg\",\"datePublished\":\"2025-09-19T15:10:34+00:00\",\"description\":\"Minister p\u00f4dohospod\u00e1rstva Richard Tak\u00e1\u010d bu\u010f netu\u0161\u00ed, ak\u00e1 je podstata n\u00e1vrhov Eur\u00f3pskej komisie (EK) pre bud\u00face dota\u010dn\u00e9 obdobie v oblasti po\u013enohospod\u00e1rstva, alebo o nich vedome zav\u00e1dza. Agrosektoru na Slovensku sa po roku 2028 otv\u00e1ra ob\u00e1lka v hodnote takmer 20 mld. eur. Aby v s\u00fa\u0165a\u017ei o tieto zdroje s in\u00fdmi rezortmi uspel, potrebuje pl\u00e1n, ako pr\u00e1ve po\u013enohospod\u00e1rstvo zv\u00fd\u0161i konkurencieschopnos\u0165 Slovenska ako celku. Tak\u00e1\u010dovo vyplak\u00e1vanie a snaha o konzerv\u00e1ciu s\u00fa\u010dasn\u00e9ho stavu po\u013enohospod\u00e1rom nijako nepom\u00f4\u017ee.\",\"breadcrumb\":{\"@id\":\"https:\/\/www.smedemokrati.sk\/slovenskemu-agrosektoru-hrozi-pre-takacovu-neschopnost-pohroma\/#breadcrumb\"},\"inLanguage\":\"en-US\",\"potentialAction\":[{\"@type\":\"ReadAction\",\"target\":[\"https:\/\/www.smedemokrati.sk\/slovenskemu-agrosektoru-hrozi-pre-takacovu-neschopnost-pohroma\/\"]}]},{\"@type\":\"ImageObject\",\"inLanguage\":\"en-US\",\"@id\":\"https:\/\/www.smedemokrati.sk\/slovenskemu-agrosektoru-hrozi-pre-takacovu-neschopnost-pohroma\/#primaryimage\",\"url\":\"https:\/\/www.smedemokrati.sk\/wp-content\/uploads\/2025\/09\/550172854_775836285425237_3359784677125367860_n-e1758294524656.jpg\",\"contentUrl\":\"https:\/\/www.smedemokrati.sk\/wp-content\/uploads\/2025\/09\/550172854_775836285425237_3359784677125367860_n-e1758294524656.jpg\",\"width\":1080,\"height\":1033},{\"@type\":\"BreadcrumbList\",\"@id\":\"https:\/\/www.smedemokrati.sk\/slovenskemu-agrosektoru-hrozi-pre-takacovu-neschopnost-pohroma\/#breadcrumb\",\"itemListElement\":[{\"@type\":\"ListItem\",\"position\":1,\"name\":\"Domovsk\u00e1 str\u00e1nka\",\"item\":\"https:\/\/www.smedemokrati.sk\/\"},{\"@type\":\"ListItem\",\"position\":2,\"name\":\"Slovensk\u00e9mu agrosektoru hroz\u00ed pre Tak\u00e1\u010dovu neschopnos\u0165 pohroma\"}]},{\"@type\":\"WebSite\",\"@id\":\"https:\/\/www.smedemokrati.sk\/#website\",\"url\":\"https:\/\/www.smedemokrati.sk\/\",\"name\":\"Smedemokrati.sk\",\"description\":\"Demokracia a slu\u0161nos\u0165 zv\u00ed\u0165az\u00ed\",\"publisher\":{\"@id\":\"https:\/\/www.smedemokrati.sk\/#organization\"},\"potentialAction\":[{\"@type\":\"SearchAction\",\"target\":{\"@type\":\"EntryPoint\",\"urlTemplate\":\"https:\/\/www.smedemokrati.sk\/?s={search_term_string}\"},\"query-input\":{\"@type\":\"PropertyValueSpecification\",\"valueRequired\":true,\"valueName\":\"search_term_string\"}}],\"inLanguage\":\"en-US\"},{\"@type\":\"Organization\",\"@id\":\"https:\/\/www.smedemokrati.sk\/#organization\",\"name\":\"Smedemokrati.sk\",\"url\":\"https:\/\/www.smedemokrati.sk\/\",\"logo\":{\"@type\":\"ImageObject\",\"inLanguage\":\"en-US\",\"@id\":\"https:\/\/www.smedemokrati.sk\/#\/schema\/logo\/image\/\",\"url\":\"https:\/\/www.smedemokrati.sk\/wp-content\/uploads\/2023\/04\/ff.002.jpeg\",\"contentUrl\":\"https:\/\/www.smedemokrati.sk\/wp-content\/uploads\/2023\/04\/ff.002.jpeg\",\"width\":640,\"height\":480,\"caption\":\"Smedemokrati.sk\"},\"image\":{\"@id\":\"https:\/\/www.smedemokrati.sk\/#\/schema\/logo\/image\/\"},\"sameAs\":[\"https:\/\/www.facebook.com\/smedemokrati2023\"]},{\"@type\":\"Person\",\"@id\":\"https:\/\/www.smedemokrati.sk\/#\/schema\/person\/21f147c88d605aa7ded900e1e7c344ba\",\"name\":\"miro.sopko\",\"image\":{\"@type\":\"ImageObject\",\"inLanguage\":\"en-US\",\"@id\":\"https:\/\/secure.gravatar.com\/avatar\/267e4a36f704376c109afe3a78740c1f5dd8675a2180a908699e7863c9247606?s=96&d=mm&r=g\",\"url\":\"https:\/\/secure.gravatar.com\/avatar\/267e4a36f704376c109afe3a78740c1f5dd8675a2180a908699e7863c9247606?s=96&d=mm&r=g\",\"contentUrl\":\"https:\/\/secure.gravatar.com\/avatar\/267e4a36f704376c109afe3a78740c1f5dd8675a2180a908699e7863c9247606?s=96&d=mm&r=g\",\"caption\":\"miro.sopko\"},\"url\":\"https:\/\/www.smedemokrati.sk\/en\/author\/miro-sopko\/\"}]}<\/script>\n<!-- \/ Yoast SEO plugin. -->","yoast_head_json":{"title":"Slovensk\u00e9mu agrosektoru hroz\u00ed pre Tak\u00e1\u010dovu neschopnos\u0165 pohroma","description":"Minister p\u00f4dohospod\u00e1rstva Richard Tak\u00e1\u010d bu\u010f netu\u0161\u00ed, ak\u00e1 je podstata n\u00e1vrhov Eur\u00f3pskej komisie (EK) pre bud\u00face dota\u010dn\u00e9 obdobie v oblasti po\u013enohospod\u00e1rstva, alebo o nich vedome zav\u00e1dza. Agrosektoru na Slovensku sa po roku 2028 otv\u00e1ra ob\u00e1lka v hodnote takmer 20 mld. eur. Aby v s\u00fa\u0165a\u017ei o tieto zdroje s in\u00fdmi rezortmi uspel, potrebuje pl\u00e1n, ako pr\u00e1ve po\u013enohospod\u00e1rstvo zv\u00fd\u0161i konkurencieschopnos\u0165 Slovenska ako celku. Tak\u00e1\u010dovo vyplak\u00e1vanie a snaha o konzerv\u00e1ciu s\u00fa\u010dasn\u00e9ho stavu po\u013enohospod\u00e1rom nijako nepom\u00f4\u017ee.","robots":{"index":"index","follow":"follow","max-snippet":"max-snippet:-1","max-image-preview":"max-image-preview:large","max-video-preview":"max-video-preview:-1"},"canonical":"https:\/\/www.smedemokrati.sk\/en\/slovenskemu-agrosektoru-hrozi-pre-takacovu-neschopnost-pohroma\/","og_locale":"en_US","og_type":"article","og_title":"[:sk]Slovensk\u00e9mu agrosektoru hroz\u00ed pre Tak\u00e1\u010dovu neschopnos\u0165 pohroma[:] - Smedemokrati.sk","og_description":"[:sk]Minister p\u00f4dohospod\u00e1rstva Richard Tak\u00e1\u010d bu\u010f netu\u0161\u00ed, ak\u00e1 je podstata n\u00e1vrhov Eur\u00f3pskej komisie (EK) pre bud\u00face dota\u010dn\u00e9 obdobie v oblasti po\u013enohospod\u00e1rstva, alebo o nich vedome zav\u00e1dza. Agrosektoru na Slovensku sa po roku 2028 otv\u00e1ra ob\u00e1lka v hodnote takmer 20 mld. eur. Aby v s\u00fa\u0165a\u017ei o tieto zdroje s in\u00fdmi rezortmi uspel, potrebuje pl\u00e1n, ako pr\u00e1ve po\u013enohospod\u00e1rstvo zv\u00fd\u0161i konkurencieschopnos\u0165 Slovenska ako celku. Tak\u00e1\u010dovo vyplak\u00e1vanie a snaha o konzerv\u00e1ciu s\u00fa\u010dasn\u00e9ho stavu po\u013enohospod\u00e1rom nijako nepom\u00f4\u017ee.[:]","og_url":"https:\/\/www.smedemokrati.sk\/en\/slovenskemu-agrosektoru-hrozi-pre-takacovu-neschopnost-pohroma\/","og_site_name":"Smedemokrati.sk","article_publisher":"https:\/\/www.facebook.com\/smedemokrati2023","article_published_time":"2025-09-19T15:10:34+00:00","og_image":[{"width":1080,"height":1033,"url":"https:\/\/www.smedemokrati.sk\/wp-content\/uploads\/2025\/09\/550172854_775836285425237_3359784677125367860_n-e1758294524656.jpg","type":"image\/jpeg"}],"author":"miro.sopko","twitter_card":"summary_large_image","twitter_misc":{"Written by":"miro.sopko","Est. reading time":"2 minutes"},"schema":{"@context":"https:\/\/schema.org","@graph":[{"@type":"Article","@id":"https:\/\/www.smedemokrati.sk\/slovenskemu-agrosektoru-hrozi-pre-takacovu-neschopnost-pohroma\/#article","isPartOf":{"@id":"https:\/\/www.smedemokrati.sk\/slovenskemu-agrosektoru-hrozi-pre-takacovu-neschopnost-pohroma\/"},"author":{"name":"miro.sopko","@id":"https:\/\/www.smedemokrati.sk\/#\/schema\/person\/21f147c88d605aa7ded900e1e7c344ba"},"headline":"Slovensk\u00e9mu agrosektoru hroz\u00ed pre Tak\u00e1\u010dovu neschopnos\u0165 pohroma","datePublished":"2025-09-19T15:10:34+00:00","mainEntityOfPage":{"@id":"https:\/\/www.smedemokrati.sk\/slovenskemu-agrosektoru-hrozi-pre-takacovu-neschopnost-pohroma\/"},"wordCount":417,"publisher":{"@id":"https:\/\/www.smedemokrati.sk\/#organization"},"image":{"@id":"https:\/\/www.smedemokrati.sk\/slovenskemu-agrosektoru-hrozi-pre-takacovu-neschopnost-pohroma\/#primaryimage"},"thumbnailUrl":"https:\/\/www.smedemokrati.sk\/wp-content\/uploads\/2025\/09\/550172854_775836285425237_3359784677125367860_n-e1758294524656.jpg","articleSection":["Tla\u010dov\u00e9 spr\u00e1vy"],"inLanguage":"en-US"},{"@type":"WebPage","@id":"https:\/\/www.smedemokrati.sk\/slovenskemu-agrosektoru-hrozi-pre-takacovu-neschopnost-pohroma\/","url":"https:\/\/www.smedemokrati.sk\/slovenskemu-agrosektoru-hrozi-pre-takacovu-neschopnost-pohroma\/","name":"Slovensk\u00e9mu agrosektoru hroz\u00ed pre Tak\u00e1\u010dovu neschopnos\u0165 pohroma","isPartOf":{"@id":"https:\/\/www.smedemokrati.sk\/#website"},"primaryImageOfPage":{"@id":"https:\/\/www.smedemokrati.sk\/slovenskemu-agrosektoru-hrozi-pre-takacovu-neschopnost-pohroma\/#primaryimage"},"image":{"@id":"https:\/\/www.smedemokrati.sk\/slovenskemu-agrosektoru-hrozi-pre-takacovu-neschopnost-pohroma\/#primaryimage"},"thumbnailUrl":"https:\/\/www.smedemokrati.sk\/wp-content\/uploads\/2025\/09\/550172854_775836285425237_3359784677125367860_n-e1758294524656.jpg","datePublished":"2025-09-19T15:10:34+00:00","description":"Minister p\u00f4dohospod\u00e1rstva Richard Tak\u00e1\u010d bu\u010f netu\u0161\u00ed, ak\u00e1 je podstata n\u00e1vrhov Eur\u00f3pskej komisie (EK) pre bud\u00face dota\u010dn\u00e9 obdobie v oblasti po\u013enohospod\u00e1rstva, alebo o nich vedome zav\u00e1dza. Agrosektoru na Slovensku sa po roku 2028 otv\u00e1ra ob\u00e1lka v hodnote takmer 20 mld. eur. Aby v s\u00fa\u0165a\u017ei o tieto zdroje s in\u00fdmi rezortmi uspel, potrebuje pl\u00e1n, ako pr\u00e1ve po\u013enohospod\u00e1rstvo zv\u00fd\u0161i konkurencieschopnos\u0165 Slovenska ako celku. Tak\u00e1\u010dovo vyplak\u00e1vanie a snaha o konzerv\u00e1ciu s\u00fa\u010dasn\u00e9ho stavu po\u013enohospod\u00e1rom nijako nepom\u00f4\u017ee.","breadcrumb":{"@id":"https:\/\/www.smedemokrati.sk\/slovenskemu-agrosektoru-hrozi-pre-takacovu-neschopnost-pohroma\/#breadcrumb"},"inLanguage":"en-US","potentialAction":[{"@type":"ReadAction","target":["https:\/\/www.smedemokrati.sk\/slovenskemu-agrosektoru-hrozi-pre-takacovu-neschopnost-pohroma\/"]}]},{"@type":"ImageObject","inLanguage":"en-US","@id":"https:\/\/www.smedemokrati.sk\/slovenskemu-agrosektoru-hrozi-pre-takacovu-neschopnost-pohroma\/#primaryimage","url":"https:\/\/www.smedemokrati.sk\/wp-content\/uploads\/2025\/09\/550172854_775836285425237_3359784677125367860_n-e1758294524656.jpg","contentUrl":"https:\/\/www.smedemokrati.sk\/wp-content\/uploads\/2025\/09\/550172854_775836285425237_3359784677125367860_n-e1758294524656.jpg","width":1080,"height":1033},{"@type":"BreadcrumbList","@id":"https:\/\/www.smedemokrati.sk\/slovenskemu-agrosektoru-hrozi-pre-takacovu-neschopnost-pohroma\/#breadcrumb","itemListElement":[{"@type":"ListItem","position":1,"name":"Domovsk\u00e1 str\u00e1nka","item":"https:\/\/www.smedemokrati.sk\/"},{"@type":"ListItem","position":2,"name":"Slovensk\u00e9mu agrosektoru hroz\u00ed pre Tak\u00e1\u010dovu neschopnos\u0165 pohroma"}]},{"@type":"WebSite","@id":"https:\/\/www.smedemokrati.sk\/#website","url":"https:\/\/www.smedemokrati.sk\/","name":"Smedemokrati.sk","description":"Demokracia a slu\u0161nos\u0165 zv\u00ed\u0165az\u00ed","publisher":{"@id":"https:\/\/www.smedemokrati.sk\/#organization"},"potentialAction":[{"@type":"SearchAction","target":{"@type":"EntryPoint","urlTemplate":"https:\/\/www.smedemokrati.sk\/?s={search_term_string}"},"query-input":{"@type":"PropertyValueSpecification","valueRequired":true,"valueName":"search_term_string"}}],"inLanguage":"en-US"},{"@type":"Organization","@id":"https:\/\/www.smedemokrati.sk\/#organization","name":"Smedemokrati.sk","url":"https:\/\/www.smedemokrati.sk\/","logo":{"@type":"ImageObject","inLanguage":"en-US","@id":"https:\/\/www.smedemokrati.sk\/#\/schema\/logo\/image\/","url":"https:\/\/www.smedemokrati.sk\/wp-content\/uploads\/2023\/04\/ff.002.jpeg","contentUrl":"https:\/\/www.smedemokrati.sk\/wp-content\/uploads\/2023\/04\/ff.002.jpeg","width":640,"height":480,"caption":"Smedemokrati.sk"},"image":{"@id":"https:\/\/www.smedemokrati.sk\/#\/schema\/logo\/image\/"},"sameAs":["https:\/\/www.facebook.com\/smedemokrati2023"]},{"@type":"Person","@id":"https:\/\/www.smedemokrati.sk\/#\/schema\/person\/21f147c88d605aa7ded900e1e7c344ba","name":"miro.sopko","image":{"@type":"ImageObject","inLanguage":"en-US","@id":"https:\/\/secure.gravatar.com\/avatar\/267e4a36f704376c109afe3a78740c1f5dd8675a2180a908699e7863c9247606?s=96&d=mm&r=g","url":"https:\/\/secure.gravatar.com\/avatar\/267e4a36f704376c109afe3a78740c1f5dd8675a2180a908699e7863c9247606?s=96&d=mm&r=g","contentUrl":"https:\/\/secure.gravatar.com\/avatar\/267e4a36f704376c109afe3a78740c1f5dd8675a2180a908699e7863c9247606?s=96&d=mm&r=g","caption":"miro.sopko"},"url":"https:\/\/www.smedemokrati.sk\/en\/author\/miro-sopko\/"}]}},"_links":{"self":[{"href":"https:\/\/www.smedemokrati.sk\/en\/wp-json\/wp\/v2\/posts\/8197","targetHints":{"allow":["GET"]}}],"collection":[{"href":"https:\/\/www.smedemokrati.sk\/en\/wp-json\/wp\/v2\/posts"}],"about":[{"href":"https:\/\/www.smedemokrati.sk\/en\/wp-json\/wp\/v2\/types\/post"}],"author":[{"embeddable":true,"href":"https:\/\/www.smedemokrati.sk\/en\/wp-json\/wp\/v2\/users\/13"}],"replies":[{"embeddable":true,"href":"https:\/\/www.smedemokrati.sk\/en\/wp-json\/wp\/v2\/comments?post=8197"}],"version-history":[{"count":1,"href":"https:\/\/www.smedemokrati.sk\/en\/wp-json\/wp\/v2\/posts\/8197\/revisions"}],"predecessor-version":[{"id":8200,"href":"https:\/\/www.smedemokrati.sk\/en\/wp-json\/wp\/v2\/posts\/8197\/revisions\/8200"}],"wp:featuredmedia":[{"embeddable":true,"href":"https:\/\/www.smedemokrati.sk\/en\/wp-json\/wp\/v2\/media\/8198"}],"wp:attachment":[{"href":"https:\/\/www.smedemokrati.sk\/en\/wp-json\/wp\/v2\/media?parent=8197"}],"wp:term":[{"taxonomy":"category","embeddable":true,"href":"https:\/\/www.smedemokrati.sk\/en\/wp-json\/wp\/v2\/categories?post=8197"},{"taxonomy":"post_tag","embeddable":true,"href":"https:\/\/www.smedemokrati.sk\/en\/wp-json\/wp\/v2\/tags?post=8197"}],"curies":[{"name":"wp","href":"https:\/\/api.w.org\/{rel}","templated":true}]}}