{"id":8166,"date":"2025-09-14T19:43:01","date_gmt":"2025-09-14T18:43:01","guid":{"rendered":"https:\/\/www.smedemokrati.sk\/?p=8166"},"modified":"2025-09-14T19:43:03","modified_gmt":"2025-09-14T18:43:03","slug":"vyzyvame-ministra-estoka-a-policajnu-prezidentku-aby-rokovali-s-policajtmi-a-vladu-aby-predstavila-plan-setrenia","status":"publish","type":"post","link":"https:\/\/www.smedemokrati.sk\/en\/vyzyvame-ministra-estoka-a-policajnu-prezidentku-aby-rokovali-s-policajtmi-a-vladu-aby-predstavila-plan-setrenia\/","title":{"rendered":"Vyz\u00fdvame ministra E\u0161toka a policajn\u00fa prezidentku, aby rokovali s policajtmi, a vl\u00e1du, aby predstavila pl\u00e1n \u0161etrenia"},"content":{"rendered":"<div id=\"fb-root\"><\/div>\n\n<p><strong>Demokrati vyz\u00fdvaj\u00fa ministra E\u0161toka a policajn\u00fa prezidentku Ma\u0161karov\u00fa, aby pre hroziaci \u0161trajk policajtov okam\u017eite za\u010dali rokova\u0165 a najm\u00e4 kone\u010dne podnikli re\u00e1lne kroky na person\u00e1lne a materi\u00e1lne posilnenie uniformovan\u00fdch. Strana tie\u017e opakuje, \u017ee vl\u00e1da mus\u00ed ihne\u010f predstavi\u0165 pl\u00e1n \u0161etrenia na svojej strane, preto\u017ee nie je mo\u017en\u00e9 bra\u0165 peniaze len be\u017en\u00fdm \u013eu\u010fom a sama si neutiahnu\u0165 opasok.<\/strong><\/p>\n\n\n\n<p>Juraj \u0160eliga, podpredseda strany Demokrati, kritizuje situ\u00e1ciu v bezpe\u010dnostn\u00fdch zlo\u017ek\u00e1ch, ktor\u00e9 s\u00fa pre neodborn\u00e9 vedenie vo v\u00e1\u017enom person\u00e1lnom a materi\u00e1lnom stave:<\/p>\n\n\n\n<p><em>\u201eSlovensk\u00e1 pol\u00edcia je vinou \u0160utaja E\u0161toka v rozklade a vl\u00e1da ju nech\u00e1va napospas chaosu, policajtov opakovane klame a pri\u0161lo to a\u017e do bodu, \u017ee policajti s\u00fa n\u00faten\u00ed zva\u017eova\u0165 \u0161trajk. Vyz\u00fdvam ministra vn\u00fatra \u0160utaja E\u0161toka aj policajn\u00fa prezidentku, aby okam\u017eite rokovali s policajn\u00fdmi odbor\u00e1rmi. Ignorova\u0165 ich po\u017eiadavky znamen\u00e1 hazardova\u0165 s bezpe\u010dnos\u0165ou ob\u010danov.\u201c<\/em><\/p>\n\n\n\n<p>Eduard Heger, b\u00fdval\u00fd premi\u00e9r a podpredseda Demokratov, upozornil, \u017ee Slovensko sa prepad\u00e1 do \u0161pir\u00e1ly dlhu:&nbsp;<em>\u201eOkrem bezpe\u010dnostn\u00fdch zlo\u017eiek je situ\u00e1cia v\u00e1\u017ena aj v oblasti verejn\u00fdch financi\u00ed a vl\u00e1da mus\u00ed okam\u017eite predstavi\u0165 pl\u00e1n \u0161etrenia na strane \u0161t\u00e1tu. Dlh rastie, no vl\u00e1da namiesto zodpovedn\u00fdch rozhodnut\u00ed predklad\u00e1 len pr\u00e1zdne s\u013euby. Minister Kamenick\u00fd mus\u00ed okam\u017eite predstavi\u0165 konsolida\u010dn\u00e9 kroky na strane \u0161t\u00e1tu, nie na \u00fakor \u013eud\u00ed a podnikate\u013eov. Bez toho bude d\u00f4vera investorov v Slovensko \u010falej pada\u0165. Minister Kamenick\u00fd sa boj\u00ed oponentov a diskusie. Ale pr\u00e1ve v tejto situ\u00e1cii je potrebn\u00e9 po\u010d\u00fava\u0165 a diskutova\u0165. Z\u00e1rove\u0148 sa p\u00fdtam, kde je premi\u00e9r Fico? Op\u00e4\u0165 dovolenkuje? Toto je probl\u00e9m premi\u00e9ra, preto\u017ee jeho vl\u00e1da o\u017eobra\u010duje \u013eud\u00ed!\u201c<\/em><\/p>\n\n\n\n<p>Dominik Sumbal, \u010dlen ekonomick\u00e9ho t\u00edmu Demokratov, pouk\u00e1zal na v\u00e1\u017ene nedostatky v \u010d\u00edslach ministerstva financi\u00ed:&nbsp;<em>\u201eV odhadoch vl\u00e1dy s\u00fa diery a\u017e vo v\u00fd\u0161ke 284 mili\u00f3nov eur. To je jasn\u00fd d\u00f4kaz, \u017ee ich n\u00e1vrh nie je postaven\u00fd na re\u00e1lnych z\u00e1kladoch. S\u00fa\u010dasn\u00e9 nastavenia navy\u0161e otv\u00e1raj\u00fa priestor na rozmach \u0161edej ekonomiky. Konsolid\u00e1cia postaven\u00e1 na tak\u00fdchto pilieroch je len il\u00faziou.\u201c<\/em><\/p>\n\n\n\n<p>Demokrati zd\u00f4raznili, \u017ee konsolid\u00e1cia mus\u00ed by\u0165 f\u00e9rov\u00e1, predv\u00eddate\u013en\u00e1 a predov\u0161etk\u00fdm postaven\u00e1 na jasn\u00fdch a udr\u017eate\u013en\u00fdch rie\u0161eniach. Vl\u00e1da pod\u013ea nich nesmie pren\u00e1\u0161a\u0165 bremeno svojich zlyhan\u00ed len na plecia ob\u010danov a poctiv\u00fdch podnikate\u013eov.<\/p>\n\n\n\n<p><em>\u201eV\u0161etci vid\u00edme, \u017ee vl\u00e1da svoju \u00falohu nezvl\u00e1da, neschopnos\u0165 sa sna\u017e\u00ed prekr\u00fdva\u0165 fabul\u00e1ciami \u010d\u00edsiel, \u00fatokmi alebo novelami \u00fastavy. Pr\u00e1ve preto, aby to neprekryli, p\u00f4jdeme ako opoz\u00edcia v utorok spolo\u010dne do ul\u00edc,\u201c<\/em>&nbsp;uzatv\u00e1ra Juraj \u0160eliga.<\/p>\n\n\n<div id=\"fb-root\"><\/div><script async defer crossorigin=\"anonymous\" src=\"https:\/\/connect.facebook.net\/sk_SK\/sdk.js#xfbml=1&version=v18.0\"><\/script><div class=\"fb-video\" data-href=\"https:\/\/fb.watch\/C6nsyODgYe\/\" data-width=\"560\" data-show-text=\"false\"><blockquote cite=\"https:\/\/fb.watch\/C6nsyODgYe\/\" class=\"fb-xfbml-parse-ignore\"><a href=\"https:\/\/fb.watch\/C6nsyODgYe\/\">Video<\/a><\/blockquote><\/div>\n","protected":false},"excerpt":{"rendered":"<p>Demokrati vyz\u00fdvaj\u00fa ministra E\u0161toka a policajn\u00fa prezidentku Ma\u0161karov\u00fa, aby pre hroziaci \u0161trajk policajtov okam\u017eite za\u010dali rokova\u0165 a najm\u00e4 kone\u010dne podnikli re\u00e1lne kroky na person\u00e1lne a materi\u00e1lne posilnenie uniformovan\u00fdch. Strana tie\u017e opakuje, \u017ee vl\u00e1da mus\u00ed ihne\u010f predstavi\u0165 pl\u00e1n \u0161etrenia na svojej strane, preto\u017ee nie je mo\u017en\u00e9 bra\u0165 peniaze len be\u017en\u00fdm \u013eu\u010fom a sama si neutiahnu\u0165 opasok. [&hellip;]<\/p>\n","protected":false},"author":13,"featured_media":4137,"comment_status":"closed","ping_status":"closed","sticky":false,"template":"","format":"standard","meta":{"_acf_changed":false,"ngg_post_thumbnail":0,"footnotes":""},"categories":[4],"tags":[],"class_list":["post-8166","post","type-post","status-publish","format-standard","has-post-thumbnail","hentry","category-tlacove-spravy"],"acf":[],"yoast_head":"<!-- This site is optimized with the Yoast SEO plugin v27.2 - https:\/\/yoast.com\/product\/yoast-seo-wordpress\/ -->\n<title>Vyz\u00fdvame ministra E\u0161toka a policajn\u00fa prezidentku, aby rokovali s policajtmi, a vl\u00e1du, aby predstavila pl\u00e1n \u0161etrenia<\/title>\n<meta name=\"robots\" content=\"index, follow, max-snippet:-1, max-image-preview:large, max-video-preview:-1\" \/>\n<link rel=\"canonical\" href=\"https:\/\/www.smedemokrati.sk\/en\/vyzyvame-ministra-estoka-a-policajnu-prezidentku-aby-rokovali-s-policajtmi-a-vladu-aby-predstavila-plan-setrenia\/\" \/>\n<meta property=\"og:locale\" content=\"en_US\" \/>\n<meta property=\"og:locale:alternate\" content=\"cs_CZ\" \/>\n<meta property=\"og:locale:alternate\" content=\"hu_HU\" \/>\n<meta property=\"og:locale:alternate\" content=\"sk_SK\" \/>\n<meta property=\"og:locale:alternate\" content=\"sv_SE\" \/>\n<meta property=\"og:type\" content=\"article\" \/>\n<meta property=\"og:title\" content=\"Vyz\u00fdvame ministra E\u0161toka a policajn\u00fa prezidentku, aby rokovali s policajtmi, a vl\u00e1du, aby predstavila pl\u00e1n \u0161etrenia\" \/>\n<meta property=\"og:description\" content=\"Demokrati vyz\u00fdvaj\u00fa ministra E\u0161toka a policajn\u00fa prezidentku Ma\u0161karov\u00fa, aby pre hroziaci \u0161trajk policajtov okam\u017eite za\u010dali rokova\u0165 a najm\u00e4 kone\u010dne podnikli re\u00e1lne kroky na person\u00e1lne a materi\u00e1lne posilnenie uniformovan\u00fdch. Strana tie\u017e opakuje, \u017ee vl\u00e1da mus\u00ed ihne\u010f predstavi\u0165 pl\u00e1n \u0161etrenia na svojej strane, preto\u017ee nie je mo\u017en\u00e9 bra\u0165 peniaze len be\u017en\u00fdm \u013eu\u010fom a sama si neutiahnu\u0165 opasok. [&hellip;]\" \/>\n<meta property=\"og:url\" content=\"https:\/\/www.smedemokrati.sk\/en\/vyzyvame-ministra-estoka-a-policajnu-prezidentku-aby-rokovali-s-policajtmi-a-vladu-aby-predstavila-plan-setrenia\/\" \/>\n<meta property=\"og:site_name\" content=\"Smedemokrati.sk\" \/>\n<meta property=\"article:publisher\" content=\"https:\/\/www.facebook.com\/smedemokrati2023\" \/>\n<meta property=\"article:published_time\" content=\"2025-09-14T18:43:01+00:00\" \/>\n<meta property=\"article:modified_time\" content=\"2025-09-14T18:43:03+00:00\" \/>\n<meta property=\"og:image\" content=\"https:\/\/www.smedemokrati.sk\/wp-content\/uploads\/2024\/05\/sutaj-estok-minister.jpg\" \/>\n\t<meta property=\"og:image:width\" content=\"960\" \/>\n\t<meta property=\"og:image:height\" content=\"540\" \/>\n\t<meta property=\"og:image:type\" content=\"image\/jpeg\" \/>\n<meta name=\"author\" content=\"miro.sopko\" \/>\n<meta name=\"twitter:card\" content=\"summary_large_image\" \/>\n<meta name=\"twitter:label1\" content=\"Written by\" \/>\n\t<meta name=\"twitter:data1\" content=\"miro.sopko\" \/>\n\t<meta name=\"twitter:label2\" content=\"Est. reading time\" \/>\n\t<meta name=\"twitter:data2\" content=\"3 minutes\" \/>\n<script type=\"application\/ld+json\" class=\"yoast-schema-graph\">{\"@context\":\"https:\/\/schema.org\",\"@graph\":[{\"@type\":\"Article\",\"@id\":\"https:\/\/www.smedemokrati.sk\/vyzyvame-ministra-estoka-a-policajnu-prezidentku-aby-rokovali-s-policajtmi-a-vladu-aby-predstavila-plan-setrenia\/#article\",\"isPartOf\":{\"@id\":\"https:\/\/www.smedemokrati.sk\/vyzyvame-ministra-estoka-a-policajnu-prezidentku-aby-rokovali-s-policajtmi-a-vladu-aby-predstavila-plan-setrenia\/\"},\"author\":{\"name\":\"miro.sopko\",\"@id\":\"https:\/\/www.smedemokrati.sk\/#\/schema\/person\/21f147c88d605aa7ded900e1e7c344ba\"},\"headline\":\"Vyz\u00fdvame ministra E\u0161toka a policajn\u00fa prezidentku, aby rokovali s policajtmi, a vl\u00e1du, aby predstavila pl\u00e1n \u0161etrenia\",\"datePublished\":\"2025-09-14T18:43:01+00:00\",\"dateModified\":\"2025-09-14T18:43:03+00:00\",\"mainEntityOfPage\":{\"@id\":\"https:\/\/www.smedemokrati.sk\/vyzyvame-ministra-estoka-a-policajnu-prezidentku-aby-rokovali-s-policajtmi-a-vladu-aby-predstavila-plan-setrenia\/\"},\"wordCount\":507,\"publisher\":{\"@id\":\"https:\/\/www.smedemokrati.sk\/#organization\"},\"image\":{\"@id\":\"https:\/\/www.smedemokrati.sk\/vyzyvame-ministra-estoka-a-policajnu-prezidentku-aby-rokovali-s-policajtmi-a-vladu-aby-predstavila-plan-setrenia\/#primaryimage\"},\"thumbnailUrl\":\"https:\/\/www.smedemokrati.sk\/wp-content\/uploads\/2024\/05\/sutaj-estok-minister.jpg\",\"articleSection\":[\"Tla\u010dov\u00e9 spr\u00e1vy\"],\"inLanguage\":\"en-US\"},{\"@type\":\"WebPage\",\"@id\":\"https:\/\/www.smedemokrati.sk\/vyzyvame-ministra-estoka-a-policajnu-prezidentku-aby-rokovali-s-policajtmi-a-vladu-aby-predstavila-plan-setrenia\/\",\"url\":\"https:\/\/www.smedemokrati.sk\/vyzyvame-ministra-estoka-a-policajnu-prezidentku-aby-rokovali-s-policajtmi-a-vladu-aby-predstavila-plan-setrenia\/\",\"name\":\"Vyz\u00fdvame ministra E\u0161toka a policajn\u00fa prezidentku, aby rokovali s policajtmi, a vl\u00e1du, aby predstavila pl\u00e1n \u0161etrenia\",\"isPartOf\":{\"@id\":\"https:\/\/www.smedemokrati.sk\/#website\"},\"primaryImageOfPage\":{\"@id\":\"https:\/\/www.smedemokrati.sk\/vyzyvame-ministra-estoka-a-policajnu-prezidentku-aby-rokovali-s-policajtmi-a-vladu-aby-predstavila-plan-setrenia\/#primaryimage\"},\"image\":{\"@id\":\"https:\/\/www.smedemokrati.sk\/vyzyvame-ministra-estoka-a-policajnu-prezidentku-aby-rokovali-s-policajtmi-a-vladu-aby-predstavila-plan-setrenia\/#primaryimage\"},\"thumbnailUrl\":\"https:\/\/www.smedemokrati.sk\/wp-content\/uploads\/2024\/05\/sutaj-estok-minister.jpg\",\"datePublished\":\"2025-09-14T18:43:01+00:00\",\"dateModified\":\"2025-09-14T18:43:03+00:00\",\"breadcrumb\":{\"@id\":\"https:\/\/www.smedemokrati.sk\/vyzyvame-ministra-estoka-a-policajnu-prezidentku-aby-rokovali-s-policajtmi-a-vladu-aby-predstavila-plan-setrenia\/#breadcrumb\"},\"inLanguage\":\"en-US\",\"potentialAction\":[{\"@type\":\"ReadAction\",\"target\":[\"https:\/\/www.smedemokrati.sk\/vyzyvame-ministra-estoka-a-policajnu-prezidentku-aby-rokovali-s-policajtmi-a-vladu-aby-predstavila-plan-setrenia\/\"]}]},{\"@type\":\"ImageObject\",\"inLanguage\":\"en-US\",\"@id\":\"https:\/\/www.smedemokrati.sk\/vyzyvame-ministra-estoka-a-policajnu-prezidentku-aby-rokovali-s-policajtmi-a-vladu-aby-predstavila-plan-setrenia\/#primaryimage\",\"url\":\"https:\/\/www.smedemokrati.sk\/wp-content\/uploads\/2024\/05\/sutaj-estok-minister.jpg\",\"contentUrl\":\"https:\/\/www.smedemokrati.sk\/wp-content\/uploads\/2024\/05\/sutaj-estok-minister.jpg\",\"width\":960,\"height\":540},{\"@type\":\"BreadcrumbList\",\"@id\":\"https:\/\/www.smedemokrati.sk\/vyzyvame-ministra-estoka-a-policajnu-prezidentku-aby-rokovali-s-policajtmi-a-vladu-aby-predstavila-plan-setrenia\/#breadcrumb\",\"itemListElement\":[{\"@type\":\"ListItem\",\"position\":1,\"name\":\"Domovsk\u00e1 str\u00e1nka\",\"item\":\"https:\/\/www.smedemokrati.sk\/\"},{\"@type\":\"ListItem\",\"position\":2,\"name\":\"Vyz\u00fdvame ministra E\u0161toka a policajn\u00fa prezidentku, aby rokovali s policajtmi, a vl\u00e1du, aby predstavila pl\u00e1n \u0161etrenia\"}]},{\"@type\":\"WebSite\",\"@id\":\"https:\/\/www.smedemokrati.sk\/#website\",\"url\":\"https:\/\/www.smedemokrati.sk\/\",\"name\":\"Smedemokrati.sk\",\"description\":\"Demokracia a slu\u0161nos\u0165 zv\u00ed\u0165az\u00ed\",\"publisher\":{\"@id\":\"https:\/\/www.smedemokrati.sk\/#organization\"},\"potentialAction\":[{\"@type\":\"SearchAction\",\"target\":{\"@type\":\"EntryPoint\",\"urlTemplate\":\"https:\/\/www.smedemokrati.sk\/?s={search_term_string}\"},\"query-input\":{\"@type\":\"PropertyValueSpecification\",\"valueRequired\":true,\"valueName\":\"search_term_string\"}}],\"inLanguage\":\"en-US\"},{\"@type\":\"Organization\",\"@id\":\"https:\/\/www.smedemokrati.sk\/#organization\",\"name\":\"Smedemokrati.sk\",\"url\":\"https:\/\/www.smedemokrati.sk\/\",\"logo\":{\"@type\":\"ImageObject\",\"inLanguage\":\"en-US\",\"@id\":\"https:\/\/www.smedemokrati.sk\/#\/schema\/logo\/image\/\",\"url\":\"https:\/\/www.smedemokrati.sk\/wp-content\/uploads\/2023\/04\/ff.002.jpeg\",\"contentUrl\":\"https:\/\/www.smedemokrati.sk\/wp-content\/uploads\/2023\/04\/ff.002.jpeg\",\"width\":640,\"height\":480,\"caption\":\"Smedemokrati.sk\"},\"image\":{\"@id\":\"https:\/\/www.smedemokrati.sk\/#\/schema\/logo\/image\/\"},\"sameAs\":[\"https:\/\/www.facebook.com\/smedemokrati2023\"]},{\"@type\":\"Person\",\"@id\":\"https:\/\/www.smedemokrati.sk\/#\/schema\/person\/21f147c88d605aa7ded900e1e7c344ba\",\"name\":\"miro.sopko\",\"image\":{\"@type\":\"ImageObject\",\"inLanguage\":\"en-US\",\"@id\":\"https:\/\/secure.gravatar.com\/avatar\/267e4a36f704376c109afe3a78740c1f5dd8675a2180a908699e7863c9247606?s=96&d=mm&r=g\",\"url\":\"https:\/\/secure.gravatar.com\/avatar\/267e4a36f704376c109afe3a78740c1f5dd8675a2180a908699e7863c9247606?s=96&d=mm&r=g\",\"contentUrl\":\"https:\/\/secure.gravatar.com\/avatar\/267e4a36f704376c109afe3a78740c1f5dd8675a2180a908699e7863c9247606?s=96&d=mm&r=g\",\"caption\":\"miro.sopko\"},\"url\":\"https:\/\/www.smedemokrati.sk\/en\/author\/miro-sopko\/\"}]}<\/script>\n<!-- \/ Yoast SEO plugin. -->","yoast_head_json":{"title":"Vyz\u00fdvame ministra E\u0161toka a policajn\u00fa prezidentku, aby rokovali s policajtmi, a vl\u00e1du, aby predstavila pl\u00e1n \u0161etrenia","robots":{"index":"index","follow":"follow","max-snippet":"max-snippet:-1","max-image-preview":"max-image-preview:large","max-video-preview":"max-video-preview:-1"},"canonical":"https:\/\/www.smedemokrati.sk\/en\/vyzyvame-ministra-estoka-a-policajnu-prezidentku-aby-rokovali-s-policajtmi-a-vladu-aby-predstavila-plan-setrenia\/","og_locale":"en_US","og_type":"article","og_title":"[:sk]Vyz\u00fdvame ministra E\u0161toka a policajn\u00fa prezidentku, aby rokovali s policajtmi, a vl\u00e1du, aby predstavila pl\u00e1n \u0161etrenia[:] - Smedemokrati.sk","og_description":"Demokrati vyz\u00fdvaj\u00fa ministra E\u0161toka a policajn\u00fa prezidentku Ma\u0161karov\u00fa, aby pre hroziaci \u0161trajk policajtov okam\u017eite za\u010dali rokova\u0165 a najm\u00e4 kone\u010dne podnikli re\u00e1lne kroky na person\u00e1lne a materi\u00e1lne posilnenie uniformovan\u00fdch. Strana tie\u017e opakuje, \u017ee vl\u00e1da mus\u00ed ihne\u010f predstavi\u0165 pl\u00e1n \u0161etrenia na svojej strane, preto\u017ee nie je mo\u017en\u00e9 bra\u0165 peniaze len be\u017en\u00fdm \u013eu\u010fom a sama si neutiahnu\u0165 opasok. [&hellip;]","og_url":"https:\/\/www.smedemokrati.sk\/en\/vyzyvame-ministra-estoka-a-policajnu-prezidentku-aby-rokovali-s-policajtmi-a-vladu-aby-predstavila-plan-setrenia\/","og_site_name":"Smedemokrati.sk","article_publisher":"https:\/\/www.facebook.com\/smedemokrati2023","article_published_time":"2025-09-14T18:43:01+00:00","article_modified_time":"2025-09-14T18:43:03+00:00","og_image":[{"width":960,"height":540,"url":"https:\/\/www.smedemokrati.sk\/wp-content\/uploads\/2024\/05\/sutaj-estok-minister.jpg","type":"image\/jpeg"}],"author":"miro.sopko","twitter_card":"summary_large_image","twitter_misc":{"Written by":"miro.sopko","Est. reading time":"3 minutes"},"schema":{"@context":"https:\/\/schema.org","@graph":[{"@type":"Article","@id":"https:\/\/www.smedemokrati.sk\/vyzyvame-ministra-estoka-a-policajnu-prezidentku-aby-rokovali-s-policajtmi-a-vladu-aby-predstavila-plan-setrenia\/#article","isPartOf":{"@id":"https:\/\/www.smedemokrati.sk\/vyzyvame-ministra-estoka-a-policajnu-prezidentku-aby-rokovali-s-policajtmi-a-vladu-aby-predstavila-plan-setrenia\/"},"author":{"name":"miro.sopko","@id":"https:\/\/www.smedemokrati.sk\/#\/schema\/person\/21f147c88d605aa7ded900e1e7c344ba"},"headline":"Vyz\u00fdvame ministra E\u0161toka a policajn\u00fa prezidentku, aby rokovali s policajtmi, a vl\u00e1du, aby predstavila pl\u00e1n \u0161etrenia","datePublished":"2025-09-14T18:43:01+00:00","dateModified":"2025-09-14T18:43:03+00:00","mainEntityOfPage":{"@id":"https:\/\/www.smedemokrati.sk\/vyzyvame-ministra-estoka-a-policajnu-prezidentku-aby-rokovali-s-policajtmi-a-vladu-aby-predstavila-plan-setrenia\/"},"wordCount":507,"publisher":{"@id":"https:\/\/www.smedemokrati.sk\/#organization"},"image":{"@id":"https:\/\/www.smedemokrati.sk\/vyzyvame-ministra-estoka-a-policajnu-prezidentku-aby-rokovali-s-policajtmi-a-vladu-aby-predstavila-plan-setrenia\/#primaryimage"},"thumbnailUrl":"https:\/\/www.smedemokrati.sk\/wp-content\/uploads\/2024\/05\/sutaj-estok-minister.jpg","articleSection":["Tla\u010dov\u00e9 spr\u00e1vy"],"inLanguage":"en-US"},{"@type":"WebPage","@id":"https:\/\/www.smedemokrati.sk\/vyzyvame-ministra-estoka-a-policajnu-prezidentku-aby-rokovali-s-policajtmi-a-vladu-aby-predstavila-plan-setrenia\/","url":"https:\/\/www.smedemokrati.sk\/vyzyvame-ministra-estoka-a-policajnu-prezidentku-aby-rokovali-s-policajtmi-a-vladu-aby-predstavila-plan-setrenia\/","name":"Vyz\u00fdvame ministra E\u0161toka a policajn\u00fa prezidentku, aby rokovali s policajtmi, a vl\u00e1du, aby predstavila pl\u00e1n \u0161etrenia","isPartOf":{"@id":"https:\/\/www.smedemokrati.sk\/#website"},"primaryImageOfPage":{"@id":"https:\/\/www.smedemokrati.sk\/vyzyvame-ministra-estoka-a-policajnu-prezidentku-aby-rokovali-s-policajtmi-a-vladu-aby-predstavila-plan-setrenia\/#primaryimage"},"image":{"@id":"https:\/\/www.smedemokrati.sk\/vyzyvame-ministra-estoka-a-policajnu-prezidentku-aby-rokovali-s-policajtmi-a-vladu-aby-predstavila-plan-setrenia\/#primaryimage"},"thumbnailUrl":"https:\/\/www.smedemokrati.sk\/wp-content\/uploads\/2024\/05\/sutaj-estok-minister.jpg","datePublished":"2025-09-14T18:43:01+00:00","dateModified":"2025-09-14T18:43:03+00:00","breadcrumb":{"@id":"https:\/\/www.smedemokrati.sk\/vyzyvame-ministra-estoka-a-policajnu-prezidentku-aby-rokovali-s-policajtmi-a-vladu-aby-predstavila-plan-setrenia\/#breadcrumb"},"inLanguage":"en-US","potentialAction":[{"@type":"ReadAction","target":["https:\/\/www.smedemokrati.sk\/vyzyvame-ministra-estoka-a-policajnu-prezidentku-aby-rokovali-s-policajtmi-a-vladu-aby-predstavila-plan-setrenia\/"]}]},{"@type":"ImageObject","inLanguage":"en-US","@id":"https:\/\/www.smedemokrati.sk\/vyzyvame-ministra-estoka-a-policajnu-prezidentku-aby-rokovali-s-policajtmi-a-vladu-aby-predstavila-plan-setrenia\/#primaryimage","url":"https:\/\/www.smedemokrati.sk\/wp-content\/uploads\/2024\/05\/sutaj-estok-minister.jpg","contentUrl":"https:\/\/www.smedemokrati.sk\/wp-content\/uploads\/2024\/05\/sutaj-estok-minister.jpg","width":960,"height":540},{"@type":"BreadcrumbList","@id":"https:\/\/www.smedemokrati.sk\/vyzyvame-ministra-estoka-a-policajnu-prezidentku-aby-rokovali-s-policajtmi-a-vladu-aby-predstavila-plan-setrenia\/#breadcrumb","itemListElement":[{"@type":"ListItem","position":1,"name":"Domovsk\u00e1 str\u00e1nka","item":"https:\/\/www.smedemokrati.sk\/"},{"@type":"ListItem","position":2,"name":"Vyz\u00fdvame ministra E\u0161toka a policajn\u00fa prezidentku, aby rokovali s policajtmi, a vl\u00e1du, aby predstavila pl\u00e1n \u0161etrenia"}]},{"@type":"WebSite","@id":"https:\/\/www.smedemokrati.sk\/#website","url":"https:\/\/www.smedemokrati.sk\/","name":"Smedemokrati.sk","description":"Demokracia a slu\u0161nos\u0165 zv\u00ed\u0165az\u00ed","publisher":{"@id":"https:\/\/www.smedemokrati.sk\/#organization"},"potentialAction":[{"@type":"SearchAction","target":{"@type":"EntryPoint","urlTemplate":"https:\/\/www.smedemokrati.sk\/?s={search_term_string}"},"query-input":{"@type":"PropertyValueSpecification","valueRequired":true,"valueName":"search_term_string"}}],"inLanguage":"en-US"},{"@type":"Organization","@id":"https:\/\/www.smedemokrati.sk\/#organization","name":"Smedemokrati.sk","url":"https:\/\/www.smedemokrati.sk\/","logo":{"@type":"ImageObject","inLanguage":"en-US","@id":"https:\/\/www.smedemokrati.sk\/#\/schema\/logo\/image\/","url":"https:\/\/www.smedemokrati.sk\/wp-content\/uploads\/2023\/04\/ff.002.jpeg","contentUrl":"https:\/\/www.smedemokrati.sk\/wp-content\/uploads\/2023\/04\/ff.002.jpeg","width":640,"height":480,"caption":"Smedemokrati.sk"},"image":{"@id":"https:\/\/www.smedemokrati.sk\/#\/schema\/logo\/image\/"},"sameAs":["https:\/\/www.facebook.com\/smedemokrati2023"]},{"@type":"Person","@id":"https:\/\/www.smedemokrati.sk\/#\/schema\/person\/21f147c88d605aa7ded900e1e7c344ba","name":"miro.sopko","image":{"@type":"ImageObject","inLanguage":"en-US","@id":"https:\/\/secure.gravatar.com\/avatar\/267e4a36f704376c109afe3a78740c1f5dd8675a2180a908699e7863c9247606?s=96&d=mm&r=g","url":"https:\/\/secure.gravatar.com\/avatar\/267e4a36f704376c109afe3a78740c1f5dd8675a2180a908699e7863c9247606?s=96&d=mm&r=g","contentUrl":"https:\/\/secure.gravatar.com\/avatar\/267e4a36f704376c109afe3a78740c1f5dd8675a2180a908699e7863c9247606?s=96&d=mm&r=g","caption":"miro.sopko"},"url":"https:\/\/www.smedemokrati.sk\/en\/author\/miro-sopko\/"}]}},"_links":{"self":[{"href":"https:\/\/www.smedemokrati.sk\/en\/wp-json\/wp\/v2\/posts\/8166","targetHints":{"allow":["GET"]}}],"collection":[{"href":"https:\/\/www.smedemokrati.sk\/en\/wp-json\/wp\/v2\/posts"}],"about":[{"href":"https:\/\/www.smedemokrati.sk\/en\/wp-json\/wp\/v2\/types\/post"}],"author":[{"embeddable":true,"href":"https:\/\/www.smedemokrati.sk\/en\/wp-json\/wp\/v2\/users\/13"}],"replies":[{"embeddable":true,"href":"https:\/\/www.smedemokrati.sk\/en\/wp-json\/wp\/v2\/comments?post=8166"}],"version-history":[{"count":1,"href":"https:\/\/www.smedemokrati.sk\/en\/wp-json\/wp\/v2\/posts\/8166\/revisions"}],"predecessor-version":[{"id":8167,"href":"https:\/\/www.smedemokrati.sk\/en\/wp-json\/wp\/v2\/posts\/8166\/revisions\/8167"}],"wp:featuredmedia":[{"embeddable":true,"href":"https:\/\/www.smedemokrati.sk\/en\/wp-json\/wp\/v2\/media\/4137"}],"wp:attachment":[{"href":"https:\/\/www.smedemokrati.sk\/en\/wp-json\/wp\/v2\/media?parent=8166"}],"wp:term":[{"taxonomy":"category","embeddable":true,"href":"https:\/\/www.smedemokrati.sk\/en\/wp-json\/wp\/v2\/categories?post=8166"},{"taxonomy":"post_tag","embeddable":true,"href":"https:\/\/www.smedemokrati.sk\/en\/wp-json\/wp\/v2\/tags?post=8166"}],"curies":[{"name":"wp","href":"https:\/\/api.w.org\/{rel}","templated":true}]}}