{"id":8153,"date":"2025-09-13T20:06:28","date_gmt":"2025-09-13T19:06:28","guid":{"rendered":"https:\/\/www.smedemokrati.sk\/?p=8153"},"modified":"2025-09-13T20:06:29","modified_gmt":"2025-09-13T19:06:29","slug":"zatavili-sme-tarabov-pokus-ohrozujuci-narodne-parky","status":"publish","type":"post","link":"https:\/\/www.smedemokrati.sk\/en\/zatavili-sme-tarabov-pokus-ohrozujuci-narodne-parky\/","title":{"rendered":"Zatavili sme Tarabov pokus ohrozuj\u00faci n\u00e1rodn\u00e9 parky"},"content":{"rendered":"<div id=\"fb-root\"><\/div>\n\n<p><strong>Koal\u00edcia s\u0165ahuje z Tarabovej novely z\u00e1kona o posudzovan\u00ed vplyvov sporn\u00e9 pas\u00e1\u017ee, ktor\u00e9 by umo\u017enili doslova developersk\u00e9 eldor\u00e1do v chr\u00e1nen\u00fdch \u00fazemi\u00e1ch, ke\u010f\u017ee navrhovali, aby v\u00fdstavba zjazdoviek, lanoviek, ly\u017eiarskych stred\u00edsk a hotelov nemusel prejs\u0165 riadnym pos\u00faden\u00edm vplyvov na \u017eivotn\u00e9 prostredie. Po na\u0161om tlaku, upozorneniach a podan\u00ed na Eur\u00f3psku komisiu v\u010dera ve\u010der predlo\u017eili koali\u010dn\u00ed poslanci pozme\u0148uj\u00faci n\u00e1vrh, ktor\u00fdm sa problematick\u00e1 \u010das\u0165 z novely odstr\u00e1ni.\u00a0<\/strong><\/p>\n\n\n\n<p>\u201c<em>Trvalo t\u00fd\u017ede\u0148, odkedy som si v\u0161imol, \u017ee Taraba pl\u00e1nuje do nes\u00favisiacej novely prepa\u0161ova\u0165 lobistick\u00fa legislat\u00edvu, ktor\u00e1 by spravila z na\u0161ich n\u00e1rodn\u00fdch parkov eldor\u00e1do zjazdoviek, vlekov, lanoviek a hotelov. Robili sme okolo toho krik, tla\u010dovky, upozor\u0148ovali d\u00f4le\u017eit\u00fdch \u013eud\u00ed, informovali Eur\u00f3psku komisiu a \u0161kodlivos\u0165 tohto n\u00e1vrhu vysvet\u013eovali, pripravili pozme\u0148uj\u00faci n\u00e1vrh, vyz\u00fdvali a komunikovali s poslancami. \u00c1no, aj koali\u010dn\u00fdmi. Taraba to chcel schv\u00e1li\u0165 r\u00fdchlo a potichu. Dosiahol ale presn\u00fd opak. Nepomohlo mu ani zav\u00e1dzanie a jemu vlastn\u00e9 hulv\u00e1tstvo,<\/em>\u201d uv\u00e1dza Michal Ki\u010da, enviroexpert Demokratov, ktor\u00fd cel\u00fa t\u00e9mu otvoril.&nbsp;<\/p>\n\n\n\n<p>V\u010faka koordinovanej opozi\u010dnej pr\u00e1ci sa poslanci zap\u00e1jali do rozpravy, Taraba nedok\u00e1zal otvori\u0165 v\u00fdbor, oddialilo sa hlasovanie.&nbsp; V\u010dera ve\u010der musela koal\u00edcia \u201cprizna\u0165\u201d karty a poslanci strany Hlas-SD predlo\u017eili vlastn\u00fd pozme\u0148uj\u00faci n\u00e1vrh v tejto \u010dasti identick\u00fd s t\u00fdm, ktor\u00fd sme pripravil a predlo\u017eili Tamara Stohlov\u00e1 (PS) a \u013dubom\u00edr Galko ( Demokrati). Uzn\u00e1vaj\u00fa v \u0148om, \u017ee Tarabom prepa\u0161ovan\u00e1 n\u00e1\u0161\u013eapn\u00e1 m\u00edna by mohla sp\u00f4sobi\u0165 zvrat v reforme n\u00e1rodn\u00fdch parkov pod\u013ea pl\u00e1nu obnovy a navrhuj\u00fa to zo z\u00e1kona vyhodi\u0165.&nbsp;<\/p>\n\n\n\n<p>\u201c<em>Dnes sme mu op\u00e4\u0165 uk\u00e1zali, \u017ee si nem\u00f4\u017ee robi\u0165 \u010doko\u013evek, \u017ee s\u00fa tu st\u00e1le na\u0161e z\u00e1v\u00e4zky vo\u010di E\u00da a \u017ee na\u0161e rozhodnutie vlo\u017ei\u0165 reformu n\u00e1rodn\u00fdch parkov do pl\u00e1nu obnovy bolo absol\u00fatne k\u013e\u00fa\u010dov\u00e9. Skon\u010dil s rovnakou hanbou ako Filip Kuffa s jeho z\u00e1konom z janu\u00e1ra. Obrovsk\u00e9 \u010fakujem patr\u00ed aj v\u0161etk\u00fdm akt\u00edvnym poslancom z opoz\u00edcie. \u010cak\u00e1 n\u00e1\u0161 e\u0161te fin\u00e1lne hlasovanie, ale je jasn\u00e9, na\u0161a spolupr\u00e1ca m\u00e1 \u010doraz v\u00e4\u010d\u0161\u00ed v\u00fdznam,<\/em>\u201d uzavrel Michal Ki\u010da.<\/p>\n","protected":false},"excerpt":{"rendered":"<p>Koal\u00edcia s\u0165ahuje z Tarabovej novely z\u00e1kona o posudzovan\u00ed vplyvov sporn\u00e9 pas\u00e1\u017ee, ktor\u00e9 by umo\u017enili doslova developersk\u00e9 eldor\u00e1do v chr\u00e1nen\u00fdch \u00fazemi\u00e1ch, ke\u010f\u017ee navrhovali, aby v\u00fdstavba zjazdoviek, lanoviek, ly\u017eiarskych stred\u00edsk a hotelov nemusel prejs\u0165 riadnym pos\u00faden\u00edm vplyvov na \u017eivotn\u00e9 prostredie. Po na\u0161om tlaku, upozorneniach a podan\u00ed na Eur\u00f3psku komisiu v\u010dera ve\u010der predlo\u017eili koali\u010dn\u00ed poslanci pozme\u0148uj\u00faci n\u00e1vrh, ktor\u00fdm [&hellip;]<\/p>\n","protected":false},"author":13,"featured_media":385,"comment_status":"closed","ping_status":"closed","sticky":false,"template":"","format":"standard","meta":{"_acf_changed":false,"ngg_post_thumbnail":0,"footnotes":""},"categories":[4],"tags":[],"class_list":["post-8153","post","type-post","status-publish","format-standard","has-post-thumbnail","hentry","category-tlacove-spravy"],"acf":[],"yoast_head":"<!-- This site is optimized with the Yoast SEO plugin v27.2 - https:\/\/yoast.com\/product\/yoast-seo-wordpress\/ -->\n<title>Zatavili sme Tarabov pokus ohrozuj\u00faci n\u00e1rodn\u00e9 parky<\/title>\n<meta name=\"robots\" content=\"index, follow, max-snippet:-1, max-image-preview:large, max-video-preview:-1\" \/>\n<link rel=\"canonical\" href=\"https:\/\/www.smedemokrati.sk\/en\/zatavili-sme-tarabov-pokus-ohrozujuci-narodne-parky\/\" \/>\n<meta property=\"og:locale\" content=\"en_US\" \/>\n<meta property=\"og:locale:alternate\" content=\"cs_CZ\" \/>\n<meta property=\"og:locale:alternate\" content=\"hu_HU\" \/>\n<meta property=\"og:locale:alternate\" content=\"sk_SK\" \/>\n<meta property=\"og:locale:alternate\" content=\"sv_SE\" \/>\n<meta property=\"og:type\" content=\"article\" \/>\n<meta property=\"og:title\" content=\"Zatavili sme Tarabov pokus ohrozuj\u00faci n\u00e1rodn\u00e9 parky\" \/>\n<meta property=\"og:description\" content=\"Koal\u00edcia s\u0165ahuje z Tarabovej novely z\u00e1kona o posudzovan\u00ed vplyvov sporn\u00e9 pas\u00e1\u017ee, ktor\u00e9 by umo\u017enili doslova developersk\u00e9 eldor\u00e1do v chr\u00e1nen\u00fdch \u00fazemi\u00e1ch, ke\u010f\u017ee navrhovali, aby v\u00fdstavba zjazdoviek, lanoviek, ly\u017eiarskych stred\u00edsk a hotelov nemusel prejs\u0165 riadnym pos\u00faden\u00edm vplyvov na \u017eivotn\u00e9 prostredie. Po na\u0161om tlaku, upozorneniach a podan\u00ed na Eur\u00f3psku komisiu v\u010dera ve\u010der predlo\u017eili koali\u010dn\u00ed poslanci pozme\u0148uj\u00faci n\u00e1vrh, ktor\u00fdm [&hellip;]\" \/>\n<meta property=\"og:url\" content=\"https:\/\/www.smedemokrati.sk\/en\/zatavili-sme-tarabov-pokus-ohrozujuci-narodne-parky\/\" \/>\n<meta property=\"og:site_name\" content=\"Smedemokrati.sk\" \/>\n<meta property=\"article:publisher\" content=\"https:\/\/www.facebook.com\/smedemokrati2023\" \/>\n<meta property=\"article:published_time\" content=\"2025-09-13T19:06:28+00:00\" \/>\n<meta property=\"article:modified_time\" content=\"2025-09-13T19:06:29+00:00\" \/>\n<meta property=\"og:image\" content=\"https:\/\/www.smedemokrati.sk\/wp-content\/uploads\/2023\/04\/MKica.jpg\" \/>\n\t<meta property=\"og:image:width\" content=\"1520\" \/>\n\t<meta property=\"og:image:height\" content=\"1080\" \/>\n\t<meta property=\"og:image:type\" content=\"image\/jpeg\" \/>\n<meta name=\"author\" content=\"miro.sopko\" \/>\n<meta name=\"twitter:card\" content=\"summary_large_image\" \/>\n<meta name=\"twitter:label1\" content=\"Written by\" \/>\n\t<meta name=\"twitter:data1\" content=\"miro.sopko\" \/>\n\t<meta name=\"twitter:label2\" content=\"Est. reading time\" \/>\n\t<meta name=\"twitter:data2\" content=\"2 minutes\" \/>\n<script type=\"application\/ld+json\" class=\"yoast-schema-graph\">{\"@context\":\"https:\/\/schema.org\",\"@graph\":[{\"@type\":\"Article\",\"@id\":\"https:\/\/www.smedemokrati.sk\/zatavili-sme-tarabov-pokus-ohrozujuci-narodne-parky\/#article\",\"isPartOf\":{\"@id\":\"https:\/\/www.smedemokrati.sk\/zatavili-sme-tarabov-pokus-ohrozujuci-narodne-parky\/\"},\"author\":{\"name\":\"miro.sopko\",\"@id\":\"https:\/\/www.smedemokrati.sk\/#\/schema\/person\/21f147c88d605aa7ded900e1e7c344ba\"},\"headline\":\"Zatavili sme Tarabov pokus ohrozuj\u00faci n\u00e1rodn\u00e9 parky\",\"datePublished\":\"2025-09-13T19:06:28+00:00\",\"dateModified\":\"2025-09-13T19:06:29+00:00\",\"mainEntityOfPage\":{\"@id\":\"https:\/\/www.smedemokrati.sk\/zatavili-sme-tarabov-pokus-ohrozujuci-narodne-parky\/\"},\"wordCount\":413,\"publisher\":{\"@id\":\"https:\/\/www.smedemokrati.sk\/#organization\"},\"image\":{\"@id\":\"https:\/\/www.smedemokrati.sk\/zatavili-sme-tarabov-pokus-ohrozujuci-narodne-parky\/#primaryimage\"},\"thumbnailUrl\":\"https:\/\/www.smedemokrati.sk\/wp-content\/uploads\/2023\/04\/MKica.jpg\",\"articleSection\":[\"Tla\u010dov\u00e9 spr\u00e1vy\"],\"inLanguage\":\"en-US\"},{\"@type\":\"WebPage\",\"@id\":\"https:\/\/www.smedemokrati.sk\/zatavili-sme-tarabov-pokus-ohrozujuci-narodne-parky\/\",\"url\":\"https:\/\/www.smedemokrati.sk\/zatavili-sme-tarabov-pokus-ohrozujuci-narodne-parky\/\",\"name\":\"Zatavili sme Tarabov pokus ohrozuj\u00faci n\u00e1rodn\u00e9 parky\",\"isPartOf\":{\"@id\":\"https:\/\/www.smedemokrati.sk\/#website\"},\"primaryImageOfPage\":{\"@id\":\"https:\/\/www.smedemokrati.sk\/zatavili-sme-tarabov-pokus-ohrozujuci-narodne-parky\/#primaryimage\"},\"image\":{\"@id\":\"https:\/\/www.smedemokrati.sk\/zatavili-sme-tarabov-pokus-ohrozujuci-narodne-parky\/#primaryimage\"},\"thumbnailUrl\":\"https:\/\/www.smedemokrati.sk\/wp-content\/uploads\/2023\/04\/MKica.jpg\",\"datePublished\":\"2025-09-13T19:06:28+00:00\",\"dateModified\":\"2025-09-13T19:06:29+00:00\",\"breadcrumb\":{\"@id\":\"https:\/\/www.smedemokrati.sk\/zatavili-sme-tarabov-pokus-ohrozujuci-narodne-parky\/#breadcrumb\"},\"inLanguage\":\"en-US\",\"potentialAction\":[{\"@type\":\"ReadAction\",\"target\":[\"https:\/\/www.smedemokrati.sk\/zatavili-sme-tarabov-pokus-ohrozujuci-narodne-parky\/\"]}]},{\"@type\":\"ImageObject\",\"inLanguage\":\"en-US\",\"@id\":\"https:\/\/www.smedemokrati.sk\/zatavili-sme-tarabov-pokus-ohrozujuci-narodne-parky\/#primaryimage\",\"url\":\"https:\/\/www.smedemokrati.sk\/wp-content\/uploads\/2023\/04\/MKica.jpg\",\"contentUrl\":\"https:\/\/www.smedemokrati.sk\/wp-content\/uploads\/2023\/04\/MKica.jpg\",\"width\":1520,\"height\":1080},{\"@type\":\"BreadcrumbList\",\"@id\":\"https:\/\/www.smedemokrati.sk\/zatavili-sme-tarabov-pokus-ohrozujuci-narodne-parky\/#breadcrumb\",\"itemListElement\":[{\"@type\":\"ListItem\",\"position\":1,\"name\":\"Domovsk\u00e1 str\u00e1nka\",\"item\":\"https:\/\/www.smedemokrati.sk\/\"},{\"@type\":\"ListItem\",\"position\":2,\"name\":\"Zatavili sme Tarabov pokus ohrozuj\u00faci n\u00e1rodn\u00e9 parky\"}]},{\"@type\":\"WebSite\",\"@id\":\"https:\/\/www.smedemokrati.sk\/#website\",\"url\":\"https:\/\/www.smedemokrati.sk\/\",\"name\":\"Smedemokrati.sk\",\"description\":\"Demokracia a slu\u0161nos\u0165 zv\u00ed\u0165az\u00ed\",\"publisher\":{\"@id\":\"https:\/\/www.smedemokrati.sk\/#organization\"},\"potentialAction\":[{\"@type\":\"SearchAction\",\"target\":{\"@type\":\"EntryPoint\",\"urlTemplate\":\"https:\/\/www.smedemokrati.sk\/?s={search_term_string}\"},\"query-input\":{\"@type\":\"PropertyValueSpecification\",\"valueRequired\":true,\"valueName\":\"search_term_string\"}}],\"inLanguage\":\"en-US\"},{\"@type\":\"Organization\",\"@id\":\"https:\/\/www.smedemokrati.sk\/#organization\",\"name\":\"Smedemokrati.sk\",\"url\":\"https:\/\/www.smedemokrati.sk\/\",\"logo\":{\"@type\":\"ImageObject\",\"inLanguage\":\"en-US\",\"@id\":\"https:\/\/www.smedemokrati.sk\/#\/schema\/logo\/image\/\",\"url\":\"https:\/\/www.smedemokrati.sk\/wp-content\/uploads\/2023\/04\/ff.002.jpeg\",\"contentUrl\":\"https:\/\/www.smedemokrati.sk\/wp-content\/uploads\/2023\/04\/ff.002.jpeg\",\"width\":640,\"height\":480,\"caption\":\"Smedemokrati.sk\"},\"image\":{\"@id\":\"https:\/\/www.smedemokrati.sk\/#\/schema\/logo\/image\/\"},\"sameAs\":[\"https:\/\/www.facebook.com\/smedemokrati2023\"]},{\"@type\":\"Person\",\"@id\":\"https:\/\/www.smedemokrati.sk\/#\/schema\/person\/21f147c88d605aa7ded900e1e7c344ba\",\"name\":\"miro.sopko\",\"image\":{\"@type\":\"ImageObject\",\"inLanguage\":\"en-US\",\"@id\":\"https:\/\/secure.gravatar.com\/avatar\/267e4a36f704376c109afe3a78740c1f5dd8675a2180a908699e7863c9247606?s=96&d=mm&r=g\",\"url\":\"https:\/\/secure.gravatar.com\/avatar\/267e4a36f704376c109afe3a78740c1f5dd8675a2180a908699e7863c9247606?s=96&d=mm&r=g\",\"contentUrl\":\"https:\/\/secure.gravatar.com\/avatar\/267e4a36f704376c109afe3a78740c1f5dd8675a2180a908699e7863c9247606?s=96&d=mm&r=g\",\"caption\":\"miro.sopko\"},\"url\":\"https:\/\/www.smedemokrati.sk\/en\/author\/miro-sopko\/\"}]}<\/script>\n<!-- \/ Yoast SEO plugin. -->","yoast_head_json":{"title":"Zatavili sme Tarabov pokus ohrozuj\u00faci n\u00e1rodn\u00e9 parky","robots":{"index":"index","follow":"follow","max-snippet":"max-snippet:-1","max-image-preview":"max-image-preview:large","max-video-preview":"max-video-preview:-1"},"canonical":"https:\/\/www.smedemokrati.sk\/en\/zatavili-sme-tarabov-pokus-ohrozujuci-narodne-parky\/","og_locale":"en_US","og_type":"article","og_title":"[:sk]Zatavili sme Tarabov pokus ohrozuj\u00faci n\u00e1rodn\u00e9 parky[:] - Smedemokrati.sk","og_description":"Koal\u00edcia s\u0165ahuje z Tarabovej novely z\u00e1kona o posudzovan\u00ed vplyvov sporn\u00e9 pas\u00e1\u017ee, ktor\u00e9 by umo\u017enili doslova developersk\u00e9 eldor\u00e1do v chr\u00e1nen\u00fdch \u00fazemi\u00e1ch, ke\u010f\u017ee navrhovali, aby v\u00fdstavba zjazdoviek, lanoviek, ly\u017eiarskych stred\u00edsk a hotelov nemusel prejs\u0165 riadnym pos\u00faden\u00edm vplyvov na \u017eivotn\u00e9 prostredie. Po na\u0161om tlaku, upozorneniach a podan\u00ed na Eur\u00f3psku komisiu v\u010dera ve\u010der predlo\u017eili koali\u010dn\u00ed poslanci pozme\u0148uj\u00faci n\u00e1vrh, ktor\u00fdm [&hellip;]","og_url":"https:\/\/www.smedemokrati.sk\/en\/zatavili-sme-tarabov-pokus-ohrozujuci-narodne-parky\/","og_site_name":"Smedemokrati.sk","article_publisher":"https:\/\/www.facebook.com\/smedemokrati2023","article_published_time":"2025-09-13T19:06:28+00:00","article_modified_time":"2025-09-13T19:06:29+00:00","og_image":[{"width":1520,"height":1080,"url":"https:\/\/www.smedemokrati.sk\/wp-content\/uploads\/2023\/04\/MKica.jpg","type":"image\/jpeg"}],"author":"miro.sopko","twitter_card":"summary_large_image","twitter_misc":{"Written by":"miro.sopko","Est. reading time":"2 minutes"},"schema":{"@context":"https:\/\/schema.org","@graph":[{"@type":"Article","@id":"https:\/\/www.smedemokrati.sk\/zatavili-sme-tarabov-pokus-ohrozujuci-narodne-parky\/#article","isPartOf":{"@id":"https:\/\/www.smedemokrati.sk\/zatavili-sme-tarabov-pokus-ohrozujuci-narodne-parky\/"},"author":{"name":"miro.sopko","@id":"https:\/\/www.smedemokrati.sk\/#\/schema\/person\/21f147c88d605aa7ded900e1e7c344ba"},"headline":"Zatavili sme Tarabov pokus ohrozuj\u00faci n\u00e1rodn\u00e9 parky","datePublished":"2025-09-13T19:06:28+00:00","dateModified":"2025-09-13T19:06:29+00:00","mainEntityOfPage":{"@id":"https:\/\/www.smedemokrati.sk\/zatavili-sme-tarabov-pokus-ohrozujuci-narodne-parky\/"},"wordCount":413,"publisher":{"@id":"https:\/\/www.smedemokrati.sk\/#organization"},"image":{"@id":"https:\/\/www.smedemokrati.sk\/zatavili-sme-tarabov-pokus-ohrozujuci-narodne-parky\/#primaryimage"},"thumbnailUrl":"https:\/\/www.smedemokrati.sk\/wp-content\/uploads\/2023\/04\/MKica.jpg","articleSection":["Tla\u010dov\u00e9 spr\u00e1vy"],"inLanguage":"en-US"},{"@type":"WebPage","@id":"https:\/\/www.smedemokrati.sk\/zatavili-sme-tarabov-pokus-ohrozujuci-narodne-parky\/","url":"https:\/\/www.smedemokrati.sk\/zatavili-sme-tarabov-pokus-ohrozujuci-narodne-parky\/","name":"Zatavili sme Tarabov pokus ohrozuj\u00faci n\u00e1rodn\u00e9 parky","isPartOf":{"@id":"https:\/\/www.smedemokrati.sk\/#website"},"primaryImageOfPage":{"@id":"https:\/\/www.smedemokrati.sk\/zatavili-sme-tarabov-pokus-ohrozujuci-narodne-parky\/#primaryimage"},"image":{"@id":"https:\/\/www.smedemokrati.sk\/zatavili-sme-tarabov-pokus-ohrozujuci-narodne-parky\/#primaryimage"},"thumbnailUrl":"https:\/\/www.smedemokrati.sk\/wp-content\/uploads\/2023\/04\/MKica.jpg","datePublished":"2025-09-13T19:06:28+00:00","dateModified":"2025-09-13T19:06:29+00:00","breadcrumb":{"@id":"https:\/\/www.smedemokrati.sk\/zatavili-sme-tarabov-pokus-ohrozujuci-narodne-parky\/#breadcrumb"},"inLanguage":"en-US","potentialAction":[{"@type":"ReadAction","target":["https:\/\/www.smedemokrati.sk\/zatavili-sme-tarabov-pokus-ohrozujuci-narodne-parky\/"]}]},{"@type":"ImageObject","inLanguage":"en-US","@id":"https:\/\/www.smedemokrati.sk\/zatavili-sme-tarabov-pokus-ohrozujuci-narodne-parky\/#primaryimage","url":"https:\/\/www.smedemokrati.sk\/wp-content\/uploads\/2023\/04\/MKica.jpg","contentUrl":"https:\/\/www.smedemokrati.sk\/wp-content\/uploads\/2023\/04\/MKica.jpg","width":1520,"height":1080},{"@type":"BreadcrumbList","@id":"https:\/\/www.smedemokrati.sk\/zatavili-sme-tarabov-pokus-ohrozujuci-narodne-parky\/#breadcrumb","itemListElement":[{"@type":"ListItem","position":1,"name":"Domovsk\u00e1 str\u00e1nka","item":"https:\/\/www.smedemokrati.sk\/"},{"@type":"ListItem","position":2,"name":"Zatavili sme Tarabov pokus ohrozuj\u00faci n\u00e1rodn\u00e9 parky"}]},{"@type":"WebSite","@id":"https:\/\/www.smedemokrati.sk\/#website","url":"https:\/\/www.smedemokrati.sk\/","name":"Smedemokrati.sk","description":"Demokracia a slu\u0161nos\u0165 zv\u00ed\u0165az\u00ed","publisher":{"@id":"https:\/\/www.smedemokrati.sk\/#organization"},"potentialAction":[{"@type":"SearchAction","target":{"@type":"EntryPoint","urlTemplate":"https:\/\/www.smedemokrati.sk\/?s={search_term_string}"},"query-input":{"@type":"PropertyValueSpecification","valueRequired":true,"valueName":"search_term_string"}}],"inLanguage":"en-US"},{"@type":"Organization","@id":"https:\/\/www.smedemokrati.sk\/#organization","name":"Smedemokrati.sk","url":"https:\/\/www.smedemokrati.sk\/","logo":{"@type":"ImageObject","inLanguage":"en-US","@id":"https:\/\/www.smedemokrati.sk\/#\/schema\/logo\/image\/","url":"https:\/\/www.smedemokrati.sk\/wp-content\/uploads\/2023\/04\/ff.002.jpeg","contentUrl":"https:\/\/www.smedemokrati.sk\/wp-content\/uploads\/2023\/04\/ff.002.jpeg","width":640,"height":480,"caption":"Smedemokrati.sk"},"image":{"@id":"https:\/\/www.smedemokrati.sk\/#\/schema\/logo\/image\/"},"sameAs":["https:\/\/www.facebook.com\/smedemokrati2023"]},{"@type":"Person","@id":"https:\/\/www.smedemokrati.sk\/#\/schema\/person\/21f147c88d605aa7ded900e1e7c344ba","name":"miro.sopko","image":{"@type":"ImageObject","inLanguage":"en-US","@id":"https:\/\/secure.gravatar.com\/avatar\/267e4a36f704376c109afe3a78740c1f5dd8675a2180a908699e7863c9247606?s=96&d=mm&r=g","url":"https:\/\/secure.gravatar.com\/avatar\/267e4a36f704376c109afe3a78740c1f5dd8675a2180a908699e7863c9247606?s=96&d=mm&r=g","contentUrl":"https:\/\/secure.gravatar.com\/avatar\/267e4a36f704376c109afe3a78740c1f5dd8675a2180a908699e7863c9247606?s=96&d=mm&r=g","caption":"miro.sopko"},"url":"https:\/\/www.smedemokrati.sk\/en\/author\/miro-sopko\/"}]}},"_links":{"self":[{"href":"https:\/\/www.smedemokrati.sk\/en\/wp-json\/wp\/v2\/posts\/8153","targetHints":{"allow":["GET"]}}],"collection":[{"href":"https:\/\/www.smedemokrati.sk\/en\/wp-json\/wp\/v2\/posts"}],"about":[{"href":"https:\/\/www.smedemokrati.sk\/en\/wp-json\/wp\/v2\/types\/post"}],"author":[{"embeddable":true,"href":"https:\/\/www.smedemokrati.sk\/en\/wp-json\/wp\/v2\/users\/13"}],"replies":[{"embeddable":true,"href":"https:\/\/www.smedemokrati.sk\/en\/wp-json\/wp\/v2\/comments?post=8153"}],"version-history":[{"count":1,"href":"https:\/\/www.smedemokrati.sk\/en\/wp-json\/wp\/v2\/posts\/8153\/revisions"}],"predecessor-version":[{"id":8154,"href":"https:\/\/www.smedemokrati.sk\/en\/wp-json\/wp\/v2\/posts\/8153\/revisions\/8154"}],"wp:featuredmedia":[{"embeddable":true,"href":"https:\/\/www.smedemokrati.sk\/en\/wp-json\/wp\/v2\/media\/385"}],"wp:attachment":[{"href":"https:\/\/www.smedemokrati.sk\/en\/wp-json\/wp\/v2\/media?parent=8153"}],"wp:term":[{"taxonomy":"category","embeddable":true,"href":"https:\/\/www.smedemokrati.sk\/en\/wp-json\/wp\/v2\/categories?post=8153"},{"taxonomy":"post_tag","embeddable":true,"href":"https:\/\/www.smedemokrati.sk\/en\/wp-json\/wp\/v2\/tags?post=8153"}],"curies":[{"name":"wp","href":"https:\/\/api.w.org\/{rel}","templated":true}]}}