{"id":8101,"date":"2025-09-05T11:40:19","date_gmt":"2025-09-05T10:40:19","guid":{"rendered":"https:\/\/www.smedemokrati.sk\/?p=8101"},"modified":"2025-09-05T11:40:19","modified_gmt":"2025-09-05T10:40:19","slug":"na-seba-setrit-nechcu-opat-hadzu-konsolidaciu-na-plecia-obcanov-a-samosprav","status":"publish","type":"post","link":"https:\/\/www.smedemokrati.sk\/en\/na-seba-setrit-nechcu-opat-hadzu-konsolidaciu-na-plecia-obcanov-a-samosprav\/","title":{"rendered":"Na seba \u0161etri\u0165 nechc\u00fa \u2013 op\u00e4\u0165 h\u00e1d\u017eu konsolid\u00e1ciu na plecia ob\u010danov a samospr\u00e1v!"},"content":{"rendered":"<div id=\"fb-root\"><\/div>\n\n<p><strong>Vl\u00e1dna koal\u00edcia u\u017e mesiace nie je schopn\u00e1 dohodn\u00fa\u0165 sa na konsolid\u00e1cii verejn\u00fdch financi\u00ed. Term\u00edny sa neust\u00e1le pos\u00favaj\u00fa a soci\u00e1lni partneri ani dnes netu\u0161ia, \u010do ich \u010dak\u00e1. Pod\u013ea Demokratov je to nezodpovedn\u00e9 a nebezpe\u010dn\u00e9.<\/strong><\/p>\n\n\n\n<p><em>\u201eAk by malo \u00eds\u0165 o \u0161etrenie na sebe, dohoda by u\u017e d\u00e1vno existovala. Ale ke\u010f\u017ee chc\u00fa op\u00e4\u0165 h\u00e1dza\u0165 bremeno na plecia ob\u010danov, podnikate\u013eov a samospr\u00e1v, rokovania sa vle\u010d\u00fa. To je t\u00e1 pravda \u2013 vl\u00e1da nechce u\u0161etri\u0165 na sebe, ale na \u013eu\u010foch,\u201c<\/em> uviedol podpredseda strany Eduard Heger.Demokrati upozor\u0148uj\u00fa, \u017ee vl\u00e1da pripravuje zv\u00fd\u0161enie da\u0148ov\u00fdch licenci\u00ed, zmenu v \u010dasoch odpisovania majetku a dokonca aj trestanie obc\u00ed, ktor\u00e9 hospod\u00e1ria zodpovedne. Ministerstvo financi\u00ed pod\u013ea dostupn\u00fdch inform\u00e1ci\u00ed pl\u00e1nuje zni\u017eova\u0165 podielov\u00e9 dane t\u00fdm samospr\u00e1vam, ktor\u00e9 si tvoria rezervn\u00e9 fondy.<\/p>\n\n\n\n<p><em>\u201eRezervn\u00e9 fondy s\u00fa pre obce a mest\u00e1 z\u00e1chrann\u00fdm vank\u00fa\u0161om v \u0165a\u017ek\u00fdch \u010dasoch. Pou\u017e\u00edvaj\u00fa sa na spl\u00e1canie \u00faverov \u010di spolufinancovanie projektov. To, \u017ee ich chce vl\u00e1da tresta\u0165 za zodpovedn\u00e9 hospod\u00e1renie, je \u00faplne chor\u00e9, \u0161kodliv\u00e9 a nebezpe\u010dn\u00e9. U\u017e dnes s\u00fa samospr\u00e1vy pod obrovsk\u00fdm tlakom a zdroje, ktor\u00e9 maj\u00fa, sl\u00fa\u017eia \u013eu\u010fom \u2013 od z\u00e1kladn\u00fdch \u0161k\u00f4l, cez soci\u00e1lne zariadenia a\u017e po region\u00e1lnu dopravu \u010di \u00fadr\u017ebu ciest,\u201c<\/em> zd\u00f4raznil \u010dlen ekonomick\u00e9ho t\u00edmu Demokratov Dominik Sumbal. Demokrati pripom\u00ednaj\u00fa, \u017ee v minulosti sa samospr\u00e1vy \u010dasto st\u00e1vali obe\u0165ou vl\u00e1dnych konsolid\u00e1ci\u00ed. Napriek tomu v\u017edy dok\u00e1zali zodpovedne hospod\u00e1ri\u0165 a pom\u00e1ha\u0165 zlep\u0161ova\u0165 deficit \u0161t\u00e1tu. Tentokr\u00e1t v\u0161ak vl\u00e1da ide e\u0161te z\u00e1kern\u00fdm sp\u00f4sobom \u2013 miesto vlastn\u00fdch \u00faspor chc\u00fa siahnu\u0165 na peniaze obc\u00ed a t\u00fdm aj na kvalitu verejn\u00fdch slu\u017eieb pre ob\u010danov.<\/p>\n\n\n\n<p><em>\u201ePo nezmyselnej my\u0161lienke transak\u010dnej dane prich\u00e1dza vl\u00e1da s e\u0161te v\u00e4\u010d\u0161ou hl\u00fapos\u0165ou. Demokrati bud\u00fa st\u00e1\u0165 na strane ob\u010danov, podnikate\u013eov a samospr\u00e1v, ktor\u00e9 vl\u00e1da Fica a jeho ministrov znovu a znovu ober\u00e1 o zdroje, a zasadzova\u0165 sa za to, aby vl\u00e1da \u0161etrila na sebe. Preto o\u010dak\u00e1vame od vl\u00e1dy a vyz\u00fdvame ju k tomu, aby predstavila preh\u013eadn\u00fd zoznam polo\u017eiek, ako ide \u0161t\u00e1t \u0161etri\u0165 na sebe.\u201c<\/em> dodal Heger.<\/p>\n\n\n\n<p>Demokrati preto vyz\u00fdvaj\u00fa vl\u00e1du, aby okam\u017eite prestala h\u013eada\u0165 jednoduch\u00e9 rie\u0161enia na \u00fakor \u013eud\u00ed a samospr\u00e1v a kone\u010dne za\u010dala konsolidova\u0165 vlastn\u00e9 v\u00fddavky.<\/p>\n\n\n<div id=\"fb-root\"><\/div><script async defer crossorigin=\"anonymous\" src=\"https:\/\/connect.facebook.net\/sk_SK\/sdk.js#xfbml=1&version=v18.0\"><\/script><div class=\"fb-video\" data-href=\"https:\/\/fb.watch\/BWsGH6-gNk\/\" data-width=\"560\" data-show-text=\"false\"><blockquote cite=\"https:\/\/fb.watch\/BWsGH6-gNk\/\" class=\"fb-xfbml-parse-ignore\"><a href=\"https:\/\/fb.watch\/BWsGH6-gNk\/\">Video<\/a><\/blockquote><\/div>\n","protected":false},"excerpt":{"rendered":"<p>Vl\u00e1dna koal\u00edcia u\u017e mesiace nie je schopn\u00e1 dohodn\u00fa\u0165 sa na konsolid\u00e1cii verejn\u00fdch financi\u00ed. Term\u00edny sa neust\u00e1le pos\u00favaj\u00fa a soci\u00e1lni partneri ani dnes netu\u0161ia, \u010do ich \u010dak\u00e1. Pod\u013ea Demokratov je to nezodpovedn\u00e9 a nebezpe\u010dn\u00e9. \u201eAk by malo \u00eds\u0165 o \u0161etrenie na sebe, dohoda by u\u017e d\u00e1vno existovala. Ale ke\u010f\u017ee chc\u00fa op\u00e4\u0165 h\u00e1dza\u0165 bremeno na plecia ob\u010danov, [&hellip;]<\/p>\n","protected":false},"author":13,"featured_media":8102,"comment_status":"closed","ping_status":"closed","sticky":false,"template":"","format":"standard","meta":{"_acf_changed":false,"ngg_post_thumbnail":0,"footnotes":""},"categories":[4],"tags":[],"class_list":["post-8101","post","type-post","status-publish","format-standard","has-post-thumbnail","hentry","category-tlacove-spravy"],"acf":[],"yoast_head":"<!-- This site is optimized with the Yoast SEO plugin v27.2 - https:\/\/yoast.com\/product\/yoast-seo-wordpress\/ -->\n<title>Na seba \u0161etri\u0165 nechc\u00fa \u2013 op\u00e4\u0165 h\u00e1d\u017eu konsolid\u00e1ciu na plecia ob\u010danov a samospr\u00e1v!<\/title>\n<meta name=\"robots\" content=\"index, follow, max-snippet:-1, max-image-preview:large, max-video-preview:-1\" \/>\n<link rel=\"canonical\" href=\"https:\/\/www.smedemokrati.sk\/en\/na-seba-setrit-nechcu-opat-hadzu-konsolidaciu-na-plecia-obcanov-a-samosprav\/\" \/>\n<meta property=\"og:locale\" content=\"en_US\" \/>\n<meta property=\"og:locale:alternate\" content=\"cs_CZ\" \/>\n<meta property=\"og:locale:alternate\" content=\"hu_HU\" \/>\n<meta property=\"og:locale:alternate\" content=\"sk_SK\" \/>\n<meta property=\"og:locale:alternate\" content=\"sv_SE\" \/>\n<meta property=\"og:type\" content=\"article\" \/>\n<meta property=\"og:title\" content=\"Na seba \u0161etri\u0165 nechc\u00fa \u2013 op\u00e4\u0165 h\u00e1d\u017eu konsolid\u00e1ciu na plecia ob\u010danov a samospr\u00e1v!\" \/>\n<meta property=\"og:description\" content=\"Vl\u00e1dna koal\u00edcia u\u017e mesiace nie je schopn\u00e1 dohodn\u00fa\u0165 sa na konsolid\u00e1cii verejn\u00fdch financi\u00ed. Term\u00edny sa neust\u00e1le pos\u00favaj\u00fa a soci\u00e1lni partneri ani dnes netu\u0161ia, \u010do ich \u010dak\u00e1. Pod\u013ea Demokratov je to nezodpovedn\u00e9 a nebezpe\u010dn\u00e9. \u201eAk by malo \u00eds\u0165 o \u0161etrenie na sebe, dohoda by u\u017e d\u00e1vno existovala. Ale ke\u010f\u017ee chc\u00fa op\u00e4\u0165 h\u00e1dza\u0165 bremeno na plecia ob\u010danov, [&hellip;]\" \/>\n<meta property=\"og:url\" content=\"https:\/\/www.smedemokrati.sk\/en\/na-seba-setrit-nechcu-opat-hadzu-konsolidaciu-na-plecia-obcanov-a-samosprav\/\" \/>\n<meta property=\"og:site_name\" content=\"Smedemokrati.sk\" \/>\n<meta property=\"article:publisher\" content=\"https:\/\/www.facebook.com\/smedemokrati2023\" \/>\n<meta property=\"article:published_time\" content=\"2025-09-05T10:40:19+00:00\" \/>\n<meta property=\"og:image\" content=\"https:\/\/www.smedemokrati.sk\/wp-content\/uploads\/2025\/09\/konsolidacia.jpg\" \/>\n\t<meta property=\"og:image:width\" content=\"1280\" \/>\n\t<meta property=\"og:image:height\" content=\"720\" \/>\n\t<meta property=\"og:image:type\" content=\"image\/jpeg\" \/>\n<meta name=\"author\" content=\"miro.sopko\" \/>\n<meta name=\"twitter:card\" content=\"summary_large_image\" \/>\n<meta name=\"twitter:label1\" content=\"Written by\" \/>\n\t<meta name=\"twitter:data1\" content=\"miro.sopko\" \/>\n\t<meta name=\"twitter:label2\" content=\"Est. reading time\" \/>\n\t<meta name=\"twitter:data2\" content=\"2 minutes\" \/>\n<script type=\"application\/ld+json\" class=\"yoast-schema-graph\">{\"@context\":\"https:\/\/schema.org\",\"@graph\":[{\"@type\":\"Article\",\"@id\":\"https:\/\/www.smedemokrati.sk\/na-seba-setrit-nechcu-opat-hadzu-konsolidaciu-na-plecia-obcanov-a-samosprav\/#article\",\"isPartOf\":{\"@id\":\"https:\/\/www.smedemokrati.sk\/na-seba-setrit-nechcu-opat-hadzu-konsolidaciu-na-plecia-obcanov-a-samosprav\/\"},\"author\":{\"name\":\"miro.sopko\",\"@id\":\"https:\/\/www.smedemokrati.sk\/#\/schema\/person\/21f147c88d605aa7ded900e1e7c344ba\"},\"headline\":\"Na seba \u0161etri\u0165 nechc\u00fa \u2013 op\u00e4\u0165 h\u00e1d\u017eu konsolid\u00e1ciu na plecia ob\u010danov a samospr\u00e1v!\",\"datePublished\":\"2025-09-05T10:40:19+00:00\",\"mainEntityOfPage\":{\"@id\":\"https:\/\/www.smedemokrati.sk\/na-seba-setrit-nechcu-opat-hadzu-konsolidaciu-na-plecia-obcanov-a-samosprav\/\"},\"wordCount\":450,\"publisher\":{\"@id\":\"https:\/\/www.smedemokrati.sk\/#organization\"},\"image\":{\"@id\":\"https:\/\/www.smedemokrati.sk\/na-seba-setrit-nechcu-opat-hadzu-konsolidaciu-na-plecia-obcanov-a-samosprav\/#primaryimage\"},\"thumbnailUrl\":\"https:\/\/www.smedemokrati.sk\/wp-content\/uploads\/2025\/09\/konsolidacia.jpg\",\"articleSection\":[\"Tla\u010dov\u00e9 spr\u00e1vy\"],\"inLanguage\":\"en-US\"},{\"@type\":\"WebPage\",\"@id\":\"https:\/\/www.smedemokrati.sk\/na-seba-setrit-nechcu-opat-hadzu-konsolidaciu-na-plecia-obcanov-a-samosprav\/\",\"url\":\"https:\/\/www.smedemokrati.sk\/na-seba-setrit-nechcu-opat-hadzu-konsolidaciu-na-plecia-obcanov-a-samosprav\/\",\"name\":\"Na seba \u0161etri\u0165 nechc\u00fa \u2013 op\u00e4\u0165 h\u00e1d\u017eu konsolid\u00e1ciu na plecia ob\u010danov a samospr\u00e1v!\",\"isPartOf\":{\"@id\":\"https:\/\/www.smedemokrati.sk\/#website\"},\"primaryImageOfPage\":{\"@id\":\"https:\/\/www.smedemokrati.sk\/na-seba-setrit-nechcu-opat-hadzu-konsolidaciu-na-plecia-obcanov-a-samosprav\/#primaryimage\"},\"image\":{\"@id\":\"https:\/\/www.smedemokrati.sk\/na-seba-setrit-nechcu-opat-hadzu-konsolidaciu-na-plecia-obcanov-a-samosprav\/#primaryimage\"},\"thumbnailUrl\":\"https:\/\/www.smedemokrati.sk\/wp-content\/uploads\/2025\/09\/konsolidacia.jpg\",\"datePublished\":\"2025-09-05T10:40:19+00:00\",\"breadcrumb\":{\"@id\":\"https:\/\/www.smedemokrati.sk\/na-seba-setrit-nechcu-opat-hadzu-konsolidaciu-na-plecia-obcanov-a-samosprav\/#breadcrumb\"},\"inLanguage\":\"en-US\",\"potentialAction\":[{\"@type\":\"ReadAction\",\"target\":[\"https:\/\/www.smedemokrati.sk\/na-seba-setrit-nechcu-opat-hadzu-konsolidaciu-na-plecia-obcanov-a-samosprav\/\"]}]},{\"@type\":\"ImageObject\",\"inLanguage\":\"en-US\",\"@id\":\"https:\/\/www.smedemokrati.sk\/na-seba-setrit-nechcu-opat-hadzu-konsolidaciu-na-plecia-obcanov-a-samosprav\/#primaryimage\",\"url\":\"https:\/\/www.smedemokrati.sk\/wp-content\/uploads\/2025\/09\/konsolidacia.jpg\",\"contentUrl\":\"https:\/\/www.smedemokrati.sk\/wp-content\/uploads\/2025\/09\/konsolidacia.jpg\",\"width\":1280,\"height\":720},{\"@type\":\"BreadcrumbList\",\"@id\":\"https:\/\/www.smedemokrati.sk\/na-seba-setrit-nechcu-opat-hadzu-konsolidaciu-na-plecia-obcanov-a-samosprav\/#breadcrumb\",\"itemListElement\":[{\"@type\":\"ListItem\",\"position\":1,\"name\":\"Domovsk\u00e1 str\u00e1nka\",\"item\":\"https:\/\/www.smedemokrati.sk\/\"},{\"@type\":\"ListItem\",\"position\":2,\"name\":\"Na seba \u0161etri\u0165 nechc\u00fa \u2013 op\u00e4\u0165 h\u00e1d\u017eu konsolid\u00e1ciu na plecia ob\u010danov a samospr\u00e1v!\"}]},{\"@type\":\"WebSite\",\"@id\":\"https:\/\/www.smedemokrati.sk\/#website\",\"url\":\"https:\/\/www.smedemokrati.sk\/\",\"name\":\"Smedemokrati.sk\",\"description\":\"Demokracia a slu\u0161nos\u0165 zv\u00ed\u0165az\u00ed\",\"publisher\":{\"@id\":\"https:\/\/www.smedemokrati.sk\/#organization\"},\"potentialAction\":[{\"@type\":\"SearchAction\",\"target\":{\"@type\":\"EntryPoint\",\"urlTemplate\":\"https:\/\/www.smedemokrati.sk\/?s={search_term_string}\"},\"query-input\":{\"@type\":\"PropertyValueSpecification\",\"valueRequired\":true,\"valueName\":\"search_term_string\"}}],\"inLanguage\":\"en-US\"},{\"@type\":\"Organization\",\"@id\":\"https:\/\/www.smedemokrati.sk\/#organization\",\"name\":\"Smedemokrati.sk\",\"url\":\"https:\/\/www.smedemokrati.sk\/\",\"logo\":{\"@type\":\"ImageObject\",\"inLanguage\":\"en-US\",\"@id\":\"https:\/\/www.smedemokrati.sk\/#\/schema\/logo\/image\/\",\"url\":\"https:\/\/www.smedemokrati.sk\/wp-content\/uploads\/2023\/04\/ff.002.jpeg\",\"contentUrl\":\"https:\/\/www.smedemokrati.sk\/wp-content\/uploads\/2023\/04\/ff.002.jpeg\",\"width\":640,\"height\":480,\"caption\":\"Smedemokrati.sk\"},\"image\":{\"@id\":\"https:\/\/www.smedemokrati.sk\/#\/schema\/logo\/image\/\"},\"sameAs\":[\"https:\/\/www.facebook.com\/smedemokrati2023\"]},{\"@type\":\"Person\",\"@id\":\"https:\/\/www.smedemokrati.sk\/#\/schema\/person\/21f147c88d605aa7ded900e1e7c344ba\",\"name\":\"miro.sopko\",\"image\":{\"@type\":\"ImageObject\",\"inLanguage\":\"en-US\",\"@id\":\"https:\/\/secure.gravatar.com\/avatar\/267e4a36f704376c109afe3a78740c1f5dd8675a2180a908699e7863c9247606?s=96&d=mm&r=g\",\"url\":\"https:\/\/secure.gravatar.com\/avatar\/267e4a36f704376c109afe3a78740c1f5dd8675a2180a908699e7863c9247606?s=96&d=mm&r=g\",\"contentUrl\":\"https:\/\/secure.gravatar.com\/avatar\/267e4a36f704376c109afe3a78740c1f5dd8675a2180a908699e7863c9247606?s=96&d=mm&r=g\",\"caption\":\"miro.sopko\"},\"url\":\"https:\/\/www.smedemokrati.sk\/en\/author\/miro-sopko\/\"}]}<\/script>\n<!-- \/ Yoast SEO plugin. -->","yoast_head_json":{"title":"Na seba \u0161etri\u0165 nechc\u00fa \u2013 op\u00e4\u0165 h\u00e1d\u017eu konsolid\u00e1ciu na plecia ob\u010danov a samospr\u00e1v!","robots":{"index":"index","follow":"follow","max-snippet":"max-snippet:-1","max-image-preview":"max-image-preview:large","max-video-preview":"max-video-preview:-1"},"canonical":"https:\/\/www.smedemokrati.sk\/en\/na-seba-setrit-nechcu-opat-hadzu-konsolidaciu-na-plecia-obcanov-a-samosprav\/","og_locale":"en_US","og_type":"article","og_title":"[:sk]Na seba \u0161etri\u0165 nechc\u00fa \u2013 op\u00e4\u0165 h\u00e1d\u017eu konsolid\u00e1ciu na plecia ob\u010danov a samospr\u00e1v![:] - Smedemokrati.sk","og_description":"Vl\u00e1dna koal\u00edcia u\u017e mesiace nie je schopn\u00e1 dohodn\u00fa\u0165 sa na konsolid\u00e1cii verejn\u00fdch financi\u00ed. Term\u00edny sa neust\u00e1le pos\u00favaj\u00fa a soci\u00e1lni partneri ani dnes netu\u0161ia, \u010do ich \u010dak\u00e1. Pod\u013ea Demokratov je to nezodpovedn\u00e9 a nebezpe\u010dn\u00e9. \u201eAk by malo \u00eds\u0165 o \u0161etrenie na sebe, dohoda by u\u017e d\u00e1vno existovala. Ale ke\u010f\u017ee chc\u00fa op\u00e4\u0165 h\u00e1dza\u0165 bremeno na plecia ob\u010danov, [&hellip;]","og_url":"https:\/\/www.smedemokrati.sk\/en\/na-seba-setrit-nechcu-opat-hadzu-konsolidaciu-na-plecia-obcanov-a-samosprav\/","og_site_name":"Smedemokrati.sk","article_publisher":"https:\/\/www.facebook.com\/smedemokrati2023","article_published_time":"2025-09-05T10:40:19+00:00","og_image":[{"width":1280,"height":720,"url":"https:\/\/www.smedemokrati.sk\/wp-content\/uploads\/2025\/09\/konsolidacia.jpg","type":"image\/jpeg"}],"author":"miro.sopko","twitter_card":"summary_large_image","twitter_misc":{"Written by":"miro.sopko","Est. reading time":"2 minutes"},"schema":{"@context":"https:\/\/schema.org","@graph":[{"@type":"Article","@id":"https:\/\/www.smedemokrati.sk\/na-seba-setrit-nechcu-opat-hadzu-konsolidaciu-na-plecia-obcanov-a-samosprav\/#article","isPartOf":{"@id":"https:\/\/www.smedemokrati.sk\/na-seba-setrit-nechcu-opat-hadzu-konsolidaciu-na-plecia-obcanov-a-samosprav\/"},"author":{"name":"miro.sopko","@id":"https:\/\/www.smedemokrati.sk\/#\/schema\/person\/21f147c88d605aa7ded900e1e7c344ba"},"headline":"Na seba \u0161etri\u0165 nechc\u00fa \u2013 op\u00e4\u0165 h\u00e1d\u017eu konsolid\u00e1ciu na plecia ob\u010danov a samospr\u00e1v!","datePublished":"2025-09-05T10:40:19+00:00","mainEntityOfPage":{"@id":"https:\/\/www.smedemokrati.sk\/na-seba-setrit-nechcu-opat-hadzu-konsolidaciu-na-plecia-obcanov-a-samosprav\/"},"wordCount":450,"publisher":{"@id":"https:\/\/www.smedemokrati.sk\/#organization"},"image":{"@id":"https:\/\/www.smedemokrati.sk\/na-seba-setrit-nechcu-opat-hadzu-konsolidaciu-na-plecia-obcanov-a-samosprav\/#primaryimage"},"thumbnailUrl":"https:\/\/www.smedemokrati.sk\/wp-content\/uploads\/2025\/09\/konsolidacia.jpg","articleSection":["Tla\u010dov\u00e9 spr\u00e1vy"],"inLanguage":"en-US"},{"@type":"WebPage","@id":"https:\/\/www.smedemokrati.sk\/na-seba-setrit-nechcu-opat-hadzu-konsolidaciu-na-plecia-obcanov-a-samosprav\/","url":"https:\/\/www.smedemokrati.sk\/na-seba-setrit-nechcu-opat-hadzu-konsolidaciu-na-plecia-obcanov-a-samosprav\/","name":"Na seba \u0161etri\u0165 nechc\u00fa \u2013 op\u00e4\u0165 h\u00e1d\u017eu konsolid\u00e1ciu na plecia ob\u010danov a samospr\u00e1v!","isPartOf":{"@id":"https:\/\/www.smedemokrati.sk\/#website"},"primaryImageOfPage":{"@id":"https:\/\/www.smedemokrati.sk\/na-seba-setrit-nechcu-opat-hadzu-konsolidaciu-na-plecia-obcanov-a-samosprav\/#primaryimage"},"image":{"@id":"https:\/\/www.smedemokrati.sk\/na-seba-setrit-nechcu-opat-hadzu-konsolidaciu-na-plecia-obcanov-a-samosprav\/#primaryimage"},"thumbnailUrl":"https:\/\/www.smedemokrati.sk\/wp-content\/uploads\/2025\/09\/konsolidacia.jpg","datePublished":"2025-09-05T10:40:19+00:00","breadcrumb":{"@id":"https:\/\/www.smedemokrati.sk\/na-seba-setrit-nechcu-opat-hadzu-konsolidaciu-na-plecia-obcanov-a-samosprav\/#breadcrumb"},"inLanguage":"en-US","potentialAction":[{"@type":"ReadAction","target":["https:\/\/www.smedemokrati.sk\/na-seba-setrit-nechcu-opat-hadzu-konsolidaciu-na-plecia-obcanov-a-samosprav\/"]}]},{"@type":"ImageObject","inLanguage":"en-US","@id":"https:\/\/www.smedemokrati.sk\/na-seba-setrit-nechcu-opat-hadzu-konsolidaciu-na-plecia-obcanov-a-samosprav\/#primaryimage","url":"https:\/\/www.smedemokrati.sk\/wp-content\/uploads\/2025\/09\/konsolidacia.jpg","contentUrl":"https:\/\/www.smedemokrati.sk\/wp-content\/uploads\/2025\/09\/konsolidacia.jpg","width":1280,"height":720},{"@type":"BreadcrumbList","@id":"https:\/\/www.smedemokrati.sk\/na-seba-setrit-nechcu-opat-hadzu-konsolidaciu-na-plecia-obcanov-a-samosprav\/#breadcrumb","itemListElement":[{"@type":"ListItem","position":1,"name":"Domovsk\u00e1 str\u00e1nka","item":"https:\/\/www.smedemokrati.sk\/"},{"@type":"ListItem","position":2,"name":"Na seba \u0161etri\u0165 nechc\u00fa \u2013 op\u00e4\u0165 h\u00e1d\u017eu konsolid\u00e1ciu na plecia ob\u010danov a samospr\u00e1v!"}]},{"@type":"WebSite","@id":"https:\/\/www.smedemokrati.sk\/#website","url":"https:\/\/www.smedemokrati.sk\/","name":"Smedemokrati.sk","description":"Demokracia a slu\u0161nos\u0165 zv\u00ed\u0165az\u00ed","publisher":{"@id":"https:\/\/www.smedemokrati.sk\/#organization"},"potentialAction":[{"@type":"SearchAction","target":{"@type":"EntryPoint","urlTemplate":"https:\/\/www.smedemokrati.sk\/?s={search_term_string}"},"query-input":{"@type":"PropertyValueSpecification","valueRequired":true,"valueName":"search_term_string"}}],"inLanguage":"en-US"},{"@type":"Organization","@id":"https:\/\/www.smedemokrati.sk\/#organization","name":"Smedemokrati.sk","url":"https:\/\/www.smedemokrati.sk\/","logo":{"@type":"ImageObject","inLanguage":"en-US","@id":"https:\/\/www.smedemokrati.sk\/#\/schema\/logo\/image\/","url":"https:\/\/www.smedemokrati.sk\/wp-content\/uploads\/2023\/04\/ff.002.jpeg","contentUrl":"https:\/\/www.smedemokrati.sk\/wp-content\/uploads\/2023\/04\/ff.002.jpeg","width":640,"height":480,"caption":"Smedemokrati.sk"},"image":{"@id":"https:\/\/www.smedemokrati.sk\/#\/schema\/logo\/image\/"},"sameAs":["https:\/\/www.facebook.com\/smedemokrati2023"]},{"@type":"Person","@id":"https:\/\/www.smedemokrati.sk\/#\/schema\/person\/21f147c88d605aa7ded900e1e7c344ba","name":"miro.sopko","image":{"@type":"ImageObject","inLanguage":"en-US","@id":"https:\/\/secure.gravatar.com\/avatar\/267e4a36f704376c109afe3a78740c1f5dd8675a2180a908699e7863c9247606?s=96&d=mm&r=g","url":"https:\/\/secure.gravatar.com\/avatar\/267e4a36f704376c109afe3a78740c1f5dd8675a2180a908699e7863c9247606?s=96&d=mm&r=g","contentUrl":"https:\/\/secure.gravatar.com\/avatar\/267e4a36f704376c109afe3a78740c1f5dd8675a2180a908699e7863c9247606?s=96&d=mm&r=g","caption":"miro.sopko"},"url":"https:\/\/www.smedemokrati.sk\/en\/author\/miro-sopko\/"}]}},"_links":{"self":[{"href":"https:\/\/www.smedemokrati.sk\/en\/wp-json\/wp\/v2\/posts\/8101","targetHints":{"allow":["GET"]}}],"collection":[{"href":"https:\/\/www.smedemokrati.sk\/en\/wp-json\/wp\/v2\/posts"}],"about":[{"href":"https:\/\/www.smedemokrati.sk\/en\/wp-json\/wp\/v2\/types\/post"}],"author":[{"embeddable":true,"href":"https:\/\/www.smedemokrati.sk\/en\/wp-json\/wp\/v2\/users\/13"}],"replies":[{"embeddable":true,"href":"https:\/\/www.smedemokrati.sk\/en\/wp-json\/wp\/v2\/comments?post=8101"}],"version-history":[{"count":1,"href":"https:\/\/www.smedemokrati.sk\/en\/wp-json\/wp\/v2\/posts\/8101\/revisions"}],"predecessor-version":[{"id":8103,"href":"https:\/\/www.smedemokrati.sk\/en\/wp-json\/wp\/v2\/posts\/8101\/revisions\/8103"}],"wp:featuredmedia":[{"embeddable":true,"href":"https:\/\/www.smedemokrati.sk\/en\/wp-json\/wp\/v2\/media\/8102"}],"wp:attachment":[{"href":"https:\/\/www.smedemokrati.sk\/en\/wp-json\/wp\/v2\/media?parent=8101"}],"wp:term":[{"taxonomy":"category","embeddable":true,"href":"https:\/\/www.smedemokrati.sk\/en\/wp-json\/wp\/v2\/categories?post=8101"},{"taxonomy":"post_tag","embeddable":true,"href":"https:\/\/www.smedemokrati.sk\/en\/wp-json\/wp\/v2\/tags?post=8101"}],"curies":[{"name":"wp","href":"https:\/\/api.w.org\/{rel}","templated":true}]}}