{"id":8089,"date":"2025-09-03T17:20:34","date_gmt":"2025-09-03T16:20:34","guid":{"rendered":"https:\/\/www.smedemokrati.sk\/?p=8089"},"modified":"2025-09-03T17:21:16","modified_gmt":"2025-09-03T16:21:16","slug":"taraba-umoznuje-devastaciu-v-narodnych-parkoch-a-klame-ludi","status":"publish","type":"post","link":"https:\/\/www.smedemokrati.sk\/en\/taraba-umoznuje-devastaciu-v-narodnych-parkoch-a-klame-ludi\/","title":{"rendered":"Taraba umo\u017e\u0148uje devast\u00e1ciu v n\u00e1rodn\u00fdch parkoch a klame \u013eud\u00ed"},"content":{"rendered":"<div id=\"fb-root\"><\/div>\n\n<p><strong>Vl\u00e1dou dnes schv\u00e1len\u00e1 novela z\u00e1kona o posudzovan\u00ed vplyvov na \u017eivotn\u00e9 prostredie (EIA) bezprecedentne u\u013eah\u010duje v\u00fdstavbu nov\u00fdch zjazdoviek, vlekov, hotelov a rekrea\u010dn\u00fdch zariaden\u00ed. Taraba tak po n\u00e1vrhoch zon\u00e1ci\u00ed n\u00e1rodn\u00fdch parkov v kr\u00e1tkom \u010dase op\u00e4\u0165 kon\u00e1 vyslovene v prospech developerov. Naviac, vyslovene klame verejnos\u0165, \u017ee s\u0165a\u017euje v\u00fdstavbu vetern\u00fdch parkov v prebiehaj\u00facich konaniach.&nbsp;<\/strong><\/p>\n\n\n\n<p>Taraba do novely z\u00e1kona po pripomienkovom konan\u00ed prepa\u0161oval zmenu, pod\u013ea ktorej sa nemus\u00ed posudzova\u0165 v\u00fdstavba zjazdov\u00fdch trat\u00ed, lanoviek a hotelov kdeko\u013evek v chr\u00e1nen\u00fdch \u00fazemiach. Tie p\u00f4jdu po novom iba v tzv. zis\u0165ovacom konan\u00ed, teda bez adekv\u00e1tnej \u00fa\u010dasti verejnosti, ne\u0161t\u00e1tnych ochran\u00e1rov, s fikciami s\u00fahlasu. \u201c<em>T\u00e1to brut\u00e1lna \u00faprava umo\u017en\u00ed stava\u0165 zjazdovky, lanovky a hotely prakticky kdeko\u013evek mimo riadnej kontroly. V\u00fdsme\u0161ne to od\u00f4vod\u0148uje \u201csimplifik\u00e1ciou\u201d textu. Taraba m\u00f4\u017ee cel\u00fd z\u00e1kon priamo zru\u0161i\u0165, bolo by to \u00faprimej\u0161ie. Za neakceptovate\u013en\u00e9 pova\u017eujem, \u017ee tieto zmeny predklad\u00e1 aj v skr\u00e1tenom legislat\u00edvnom konan\u00ed, hoci z\u00e1kon mal pripraven\u00fd e\u0161te pred term\u00ednom pod\u00e1vania n\u00e1vrhov z\u00e1konov na septembrov\u00fa sch\u00f4dzu, len ho nepredlo\u017eil. Ide zjavne o \u00fa\u010delov\u00e9 konanie s cie\u013eom tak\u00e9to neakceptovate\u013en\u00e9 zmeny pretla\u010di\u0165 nar\u00fdchlo a potichu,<\/em>\u201d kritizuje Michal Ki\u010da, enviroexpert Demokratov.&nbsp;<\/p>\n\n\n\n<p>\u201c<em>Developeri, ktor\u00fdch argument\u00e1ciu si Taraba plne osvojil, dnes musia b\u00facha\u0165 \u0161ampansk\u00e9. Jednak im predlo\u017eil n\u00e1vrhy zon\u00e1ci\u00ed, ktor\u00e9 im id\u00fa po ruke, v\u010faka ktor\u00fdm sa bud\u00fa m\u00f4c\u0165 privatizova\u0165 a robi\u0165 si tam pomaly \u010do chc\u00fa, ale t\u00fdmto n\u00e1vrhom z\u00e1kona si bud\u00fa m\u00f4c\u0165 pod\u013ea seba budova\u0165 aj nov\u00e9 zjazdovky \u010di hotelov\u00e9 komplexy. O p\u00e1r rokov Tatry nespozn\u00e1me,<\/em>\u201d dop\u013a\u0148a Michal Ki\u010da.&nbsp;<\/p>\n\n\n\n<p>Hoci novela u\u013eah\u010duje povo\u013eovanie obnovite\u013en\u00fdch zdrojov energie, ktor\u00e9 Taraba ozna\u010dil za cestu do pekla, s\u0165a\u017euje povo\u013eovanie vetern\u00fdch parkov, av\u0161ak aj to len na oko. \u201c<em>S\u00fahlasy obc\u00ed a energetick\u00fdch org\u00e1nov sa toti\u017e bud\u00fa vy\u017eadova\u0165 len na bud\u00face z\u00e1mery. K janu\u00e1ru 2025 bolo v procese posudzovania vplyvov pribli\u017ene 24 lokal\u00edt vetern\u00fdch parkov s odhadovan\u00fdm po\u010dtom turb\u00edn okolo 100 a v\u00fdkonom cca 942 MW. Pre v\u0161etky tieto projekty sa s\u00fahlas obce vy\u017eadova\u0165 tak ako doteraz, nebude. Tarabova \u201cantivetern\u00edkova\u201d novela sa ich jednoducho nebude t\u00fdka\u0165. \u013du\u010fom sa skr\u00e1tka vysmieva,<\/em>\u201d uzavrel \u010falej Michal Ki\u010da.&nbsp;<\/p>\n\n\n<div id=\"fb-root\"><\/div><script async defer crossorigin=\"anonymous\" src=\"https:\/\/connect.facebook.net\/sk_SK\/sdk.js#xfbml=1&version=v18.0\"><\/script><div class=\"fb-video\" data-href=\"https:\/\/fb.watch\/BTUE4QVFsg\/\" data-width=\"560\" data-show-text=\"false\"><blockquote cite=\"https:\/\/fb.watch\/BTUE4QVFsg\/\" class=\"fb-xfbml-parse-ignore\"><a href=\"https:\/\/fb.watch\/BTUE4QVFsg\/\">Video<\/a><\/blockquote><\/div>\n","protected":false},"excerpt":{"rendered":"<p>Vl\u00e1dou dnes schv\u00e1len\u00e1 novela z\u00e1kona o posudzovan\u00ed vplyvov na \u017eivotn\u00e9 prostredie (EIA) bezprecedentne u\u013eah\u010duje v\u00fdstavbu nov\u00fdch zjazdoviek, vlekov, hotelov a rekrea\u010dn\u00fdch zariaden\u00ed. Taraba tak po n\u00e1vrhoch zon\u00e1ci\u00ed n\u00e1rodn\u00fdch parkov v kr\u00e1tkom \u010dase op\u00e4\u0165 kon\u00e1 vyslovene v prospech developerov. Naviac, vyslovene klame verejnos\u0165, \u017ee s\u0165a\u017euje v\u00fdstavbu vetern\u00fdch parkov v prebiehaj\u00facich konaniach.&nbsp; Taraba do novely z\u00e1kona po [&hellip;]<\/p>\n","protected":false},"author":13,"featured_media":8090,"comment_status":"closed","ping_status":"closed","sticky":false,"template":"","format":"standard","meta":{"_acf_changed":false,"ngg_post_thumbnail":0,"footnotes":""},"categories":[4],"tags":[],"class_list":["post-8089","post","type-post","status-publish","format-standard","has-post-thumbnail","hentry","category-tlacove-spravy"],"acf":[],"yoast_head":"<!-- This site is optimized with the Yoast SEO plugin v27.2 - https:\/\/yoast.com\/product\/yoast-seo-wordpress\/ -->\n<title>Taraba umo\u017e\u0148uje devast\u00e1ciu v n\u00e1rodn\u00fdch parkoch a klame \u013eud\u00ed<\/title>\n<meta name=\"robots\" content=\"index, follow, max-snippet:-1, max-image-preview:large, max-video-preview:-1\" \/>\n<link rel=\"canonical\" href=\"https:\/\/www.smedemokrati.sk\/en\/taraba-umoznuje-devastaciu-v-narodnych-parkoch-a-klame-ludi\/\" \/>\n<meta property=\"og:locale\" content=\"en_US\" \/>\n<meta property=\"og:locale:alternate\" content=\"cs_CZ\" \/>\n<meta property=\"og:locale:alternate\" content=\"hu_HU\" \/>\n<meta property=\"og:locale:alternate\" content=\"sk_SK\" \/>\n<meta property=\"og:locale:alternate\" content=\"sv_SE\" \/>\n<meta property=\"og:type\" content=\"article\" \/>\n<meta property=\"og:title\" content=\"Taraba umo\u017e\u0148uje devast\u00e1ciu v n\u00e1rodn\u00fdch parkoch a klame \u013eud\u00ed\" \/>\n<meta property=\"og:description\" content=\"Vl\u00e1dou dnes schv\u00e1len\u00e1 novela z\u00e1kona o posudzovan\u00ed vplyvov na \u017eivotn\u00e9 prostredie (EIA) bezprecedentne u\u013eah\u010duje v\u00fdstavbu nov\u00fdch zjazdoviek, vlekov, hotelov a rekrea\u010dn\u00fdch zariaden\u00ed. Taraba tak po n\u00e1vrhoch zon\u00e1ci\u00ed n\u00e1rodn\u00fdch parkov v kr\u00e1tkom \u010dase op\u00e4\u0165 kon\u00e1 vyslovene v prospech developerov. Naviac, vyslovene klame verejnos\u0165, \u017ee s\u0165a\u017euje v\u00fdstavbu vetern\u00fdch parkov v prebiehaj\u00facich konaniach.&nbsp; Taraba do novely z\u00e1kona po [&hellip;]\" \/>\n<meta property=\"og:url\" content=\"https:\/\/www.smedemokrati.sk\/en\/taraba-umoznuje-devastaciu-v-narodnych-parkoch-a-klame-ludi\/\" \/>\n<meta property=\"og:site_name\" content=\"Smedemokrati.sk\" \/>\n<meta property=\"article:publisher\" content=\"https:\/\/www.facebook.com\/smedemokrati2023\" \/>\n<meta property=\"article:published_time\" content=\"2025-09-03T16:20:34+00:00\" \/>\n<meta property=\"article:modified_time\" content=\"2025-09-03T16:21:16+00:00\" \/>\n<meta property=\"og:image\" content=\"https:\/\/www.smedemokrati.sk\/wp-content\/uploads\/2025\/09\/opat-taraba.jpg\" \/>\n\t<meta property=\"og:image:width\" content=\"1280\" \/>\n\t<meta property=\"og:image:height\" content=\"720\" \/>\n\t<meta property=\"og:image:type\" content=\"image\/jpeg\" \/>\n<meta name=\"author\" content=\"miro.sopko\" \/>\n<meta name=\"twitter:card\" content=\"summary_large_image\" \/>\n<meta name=\"twitter:label1\" content=\"Written by\" \/>\n\t<meta name=\"twitter:data1\" content=\"miro.sopko\" \/>\n\t<meta name=\"twitter:label2\" content=\"Est. reading time\" \/>\n\t<meta name=\"twitter:data2\" content=\"2 minutes\" \/>\n<script type=\"application\/ld+json\" class=\"yoast-schema-graph\">{\"@context\":\"https:\/\/schema.org\",\"@graph\":[{\"@type\":\"Article\",\"@id\":\"https:\/\/www.smedemokrati.sk\/taraba-umoznuje-devastaciu-v-narodnych-parkoch-a-klame-ludi\/#article\",\"isPartOf\":{\"@id\":\"https:\/\/www.smedemokrati.sk\/taraba-umoznuje-devastaciu-v-narodnych-parkoch-a-klame-ludi\/\"},\"author\":{\"name\":\"miro.sopko\",\"@id\":\"https:\/\/www.smedemokrati.sk\/#\/schema\/person\/21f147c88d605aa7ded900e1e7c344ba\"},\"headline\":\"Taraba umo\u017e\u0148uje devast\u00e1ciu v n\u00e1rodn\u00fdch parkoch a klame \u013eud\u00ed\",\"datePublished\":\"2025-09-03T16:20:34+00:00\",\"dateModified\":\"2025-09-03T16:21:16+00:00\",\"mainEntityOfPage\":{\"@id\":\"https:\/\/www.smedemokrati.sk\/taraba-umoznuje-devastaciu-v-narodnych-parkoch-a-klame-ludi\/\"},\"wordCount\":454,\"publisher\":{\"@id\":\"https:\/\/www.smedemokrati.sk\/#organization\"},\"image\":{\"@id\":\"https:\/\/www.smedemokrati.sk\/taraba-umoznuje-devastaciu-v-narodnych-parkoch-a-klame-ludi\/#primaryimage\"},\"thumbnailUrl\":\"https:\/\/www.smedemokrati.sk\/wp-content\/uploads\/2025\/09\/opat-taraba.jpg\",\"articleSection\":[\"Tla\u010dov\u00e9 spr\u00e1vy\"],\"inLanguage\":\"en-US\"},{\"@type\":\"WebPage\",\"@id\":\"https:\/\/www.smedemokrati.sk\/taraba-umoznuje-devastaciu-v-narodnych-parkoch-a-klame-ludi\/\",\"url\":\"https:\/\/www.smedemokrati.sk\/taraba-umoznuje-devastaciu-v-narodnych-parkoch-a-klame-ludi\/\",\"name\":\"Taraba umo\u017e\u0148uje devast\u00e1ciu v n\u00e1rodn\u00fdch parkoch a klame \u013eud\u00ed\",\"isPartOf\":{\"@id\":\"https:\/\/www.smedemokrati.sk\/#website\"},\"primaryImageOfPage\":{\"@id\":\"https:\/\/www.smedemokrati.sk\/taraba-umoznuje-devastaciu-v-narodnych-parkoch-a-klame-ludi\/#primaryimage\"},\"image\":{\"@id\":\"https:\/\/www.smedemokrati.sk\/taraba-umoznuje-devastaciu-v-narodnych-parkoch-a-klame-ludi\/#primaryimage\"},\"thumbnailUrl\":\"https:\/\/www.smedemokrati.sk\/wp-content\/uploads\/2025\/09\/opat-taraba.jpg\",\"datePublished\":\"2025-09-03T16:20:34+00:00\",\"dateModified\":\"2025-09-03T16:21:16+00:00\",\"breadcrumb\":{\"@id\":\"https:\/\/www.smedemokrati.sk\/taraba-umoznuje-devastaciu-v-narodnych-parkoch-a-klame-ludi\/#breadcrumb\"},\"inLanguage\":\"en-US\",\"potentialAction\":[{\"@type\":\"ReadAction\",\"target\":[\"https:\/\/www.smedemokrati.sk\/taraba-umoznuje-devastaciu-v-narodnych-parkoch-a-klame-ludi\/\"]}]},{\"@type\":\"ImageObject\",\"inLanguage\":\"en-US\",\"@id\":\"https:\/\/www.smedemokrati.sk\/taraba-umoznuje-devastaciu-v-narodnych-parkoch-a-klame-ludi\/#primaryimage\",\"url\":\"https:\/\/www.smedemokrati.sk\/wp-content\/uploads\/2025\/09\/opat-taraba.jpg\",\"contentUrl\":\"https:\/\/www.smedemokrati.sk\/wp-content\/uploads\/2025\/09\/opat-taraba.jpg\",\"width\":1280,\"height\":720},{\"@type\":\"BreadcrumbList\",\"@id\":\"https:\/\/www.smedemokrati.sk\/taraba-umoznuje-devastaciu-v-narodnych-parkoch-a-klame-ludi\/#breadcrumb\",\"itemListElement\":[{\"@type\":\"ListItem\",\"position\":1,\"name\":\"Domovsk\u00e1 str\u00e1nka\",\"item\":\"https:\/\/www.smedemokrati.sk\/\"},{\"@type\":\"ListItem\",\"position\":2,\"name\":\"Taraba umo\u017e\u0148uje devast\u00e1ciu v n\u00e1rodn\u00fdch parkoch a klame \u013eud\u00ed\"}]},{\"@type\":\"WebSite\",\"@id\":\"https:\/\/www.smedemokrati.sk\/#website\",\"url\":\"https:\/\/www.smedemokrati.sk\/\",\"name\":\"Smedemokrati.sk\",\"description\":\"Demokracia a slu\u0161nos\u0165 zv\u00ed\u0165az\u00ed\",\"publisher\":{\"@id\":\"https:\/\/www.smedemokrati.sk\/#organization\"},\"potentialAction\":[{\"@type\":\"SearchAction\",\"target\":{\"@type\":\"EntryPoint\",\"urlTemplate\":\"https:\/\/www.smedemokrati.sk\/?s={search_term_string}\"},\"query-input\":{\"@type\":\"PropertyValueSpecification\",\"valueRequired\":true,\"valueName\":\"search_term_string\"}}],\"inLanguage\":\"en-US\"},{\"@type\":\"Organization\",\"@id\":\"https:\/\/www.smedemokrati.sk\/#organization\",\"name\":\"Smedemokrati.sk\",\"url\":\"https:\/\/www.smedemokrati.sk\/\",\"logo\":{\"@type\":\"ImageObject\",\"inLanguage\":\"en-US\",\"@id\":\"https:\/\/www.smedemokrati.sk\/#\/schema\/logo\/image\/\",\"url\":\"https:\/\/www.smedemokrati.sk\/wp-content\/uploads\/2023\/04\/ff.002.jpeg\",\"contentUrl\":\"https:\/\/www.smedemokrati.sk\/wp-content\/uploads\/2023\/04\/ff.002.jpeg\",\"width\":640,\"height\":480,\"caption\":\"Smedemokrati.sk\"},\"image\":{\"@id\":\"https:\/\/www.smedemokrati.sk\/#\/schema\/logo\/image\/\"},\"sameAs\":[\"https:\/\/www.facebook.com\/smedemokrati2023\"]},{\"@type\":\"Person\",\"@id\":\"https:\/\/www.smedemokrati.sk\/#\/schema\/person\/21f147c88d605aa7ded900e1e7c344ba\",\"name\":\"miro.sopko\",\"image\":{\"@type\":\"ImageObject\",\"inLanguage\":\"en-US\",\"@id\":\"https:\/\/secure.gravatar.com\/avatar\/267e4a36f704376c109afe3a78740c1f5dd8675a2180a908699e7863c9247606?s=96&d=mm&r=g\",\"url\":\"https:\/\/secure.gravatar.com\/avatar\/267e4a36f704376c109afe3a78740c1f5dd8675a2180a908699e7863c9247606?s=96&d=mm&r=g\",\"contentUrl\":\"https:\/\/secure.gravatar.com\/avatar\/267e4a36f704376c109afe3a78740c1f5dd8675a2180a908699e7863c9247606?s=96&d=mm&r=g\",\"caption\":\"miro.sopko\"},\"url\":\"https:\/\/www.smedemokrati.sk\/en\/author\/miro-sopko\/\"}]}<\/script>\n<!-- \/ Yoast SEO plugin. -->","yoast_head_json":{"title":"Taraba umo\u017e\u0148uje devast\u00e1ciu v n\u00e1rodn\u00fdch parkoch a klame \u013eud\u00ed","robots":{"index":"index","follow":"follow","max-snippet":"max-snippet:-1","max-image-preview":"max-image-preview:large","max-video-preview":"max-video-preview:-1"},"canonical":"https:\/\/www.smedemokrati.sk\/en\/taraba-umoznuje-devastaciu-v-narodnych-parkoch-a-klame-ludi\/","og_locale":"en_US","og_type":"article","og_title":"[:sk]Taraba umo\u017e\u0148uje devast\u00e1ciu v n\u00e1rodn\u00fdch parkoch a klame \u013eud\u00ed[:] - Smedemokrati.sk","og_description":"Vl\u00e1dou dnes schv\u00e1len\u00e1 novela z\u00e1kona o posudzovan\u00ed vplyvov na \u017eivotn\u00e9 prostredie (EIA) bezprecedentne u\u013eah\u010duje v\u00fdstavbu nov\u00fdch zjazdoviek, vlekov, hotelov a rekrea\u010dn\u00fdch zariaden\u00ed. Taraba tak po n\u00e1vrhoch zon\u00e1ci\u00ed n\u00e1rodn\u00fdch parkov v kr\u00e1tkom \u010dase op\u00e4\u0165 kon\u00e1 vyslovene v prospech developerov. Naviac, vyslovene klame verejnos\u0165, \u017ee s\u0165a\u017euje v\u00fdstavbu vetern\u00fdch parkov v prebiehaj\u00facich konaniach.&nbsp; Taraba do novely z\u00e1kona po [&hellip;]","og_url":"https:\/\/www.smedemokrati.sk\/en\/taraba-umoznuje-devastaciu-v-narodnych-parkoch-a-klame-ludi\/","og_site_name":"Smedemokrati.sk","article_publisher":"https:\/\/www.facebook.com\/smedemokrati2023","article_published_time":"2025-09-03T16:20:34+00:00","article_modified_time":"2025-09-03T16:21:16+00:00","og_image":[{"width":1280,"height":720,"url":"https:\/\/www.smedemokrati.sk\/wp-content\/uploads\/2025\/09\/opat-taraba.jpg","type":"image\/jpeg"}],"author":"miro.sopko","twitter_card":"summary_large_image","twitter_misc":{"Written by":"miro.sopko","Est. reading time":"2 minutes"},"schema":{"@context":"https:\/\/schema.org","@graph":[{"@type":"Article","@id":"https:\/\/www.smedemokrati.sk\/taraba-umoznuje-devastaciu-v-narodnych-parkoch-a-klame-ludi\/#article","isPartOf":{"@id":"https:\/\/www.smedemokrati.sk\/taraba-umoznuje-devastaciu-v-narodnych-parkoch-a-klame-ludi\/"},"author":{"name":"miro.sopko","@id":"https:\/\/www.smedemokrati.sk\/#\/schema\/person\/21f147c88d605aa7ded900e1e7c344ba"},"headline":"Taraba umo\u017e\u0148uje devast\u00e1ciu v n\u00e1rodn\u00fdch parkoch a klame \u013eud\u00ed","datePublished":"2025-09-03T16:20:34+00:00","dateModified":"2025-09-03T16:21:16+00:00","mainEntityOfPage":{"@id":"https:\/\/www.smedemokrati.sk\/taraba-umoznuje-devastaciu-v-narodnych-parkoch-a-klame-ludi\/"},"wordCount":454,"publisher":{"@id":"https:\/\/www.smedemokrati.sk\/#organization"},"image":{"@id":"https:\/\/www.smedemokrati.sk\/taraba-umoznuje-devastaciu-v-narodnych-parkoch-a-klame-ludi\/#primaryimage"},"thumbnailUrl":"https:\/\/www.smedemokrati.sk\/wp-content\/uploads\/2025\/09\/opat-taraba.jpg","articleSection":["Tla\u010dov\u00e9 spr\u00e1vy"],"inLanguage":"en-US"},{"@type":"WebPage","@id":"https:\/\/www.smedemokrati.sk\/taraba-umoznuje-devastaciu-v-narodnych-parkoch-a-klame-ludi\/","url":"https:\/\/www.smedemokrati.sk\/taraba-umoznuje-devastaciu-v-narodnych-parkoch-a-klame-ludi\/","name":"Taraba umo\u017e\u0148uje devast\u00e1ciu v n\u00e1rodn\u00fdch parkoch a klame \u013eud\u00ed","isPartOf":{"@id":"https:\/\/www.smedemokrati.sk\/#website"},"primaryImageOfPage":{"@id":"https:\/\/www.smedemokrati.sk\/taraba-umoznuje-devastaciu-v-narodnych-parkoch-a-klame-ludi\/#primaryimage"},"image":{"@id":"https:\/\/www.smedemokrati.sk\/taraba-umoznuje-devastaciu-v-narodnych-parkoch-a-klame-ludi\/#primaryimage"},"thumbnailUrl":"https:\/\/www.smedemokrati.sk\/wp-content\/uploads\/2025\/09\/opat-taraba.jpg","datePublished":"2025-09-03T16:20:34+00:00","dateModified":"2025-09-03T16:21:16+00:00","breadcrumb":{"@id":"https:\/\/www.smedemokrati.sk\/taraba-umoznuje-devastaciu-v-narodnych-parkoch-a-klame-ludi\/#breadcrumb"},"inLanguage":"en-US","potentialAction":[{"@type":"ReadAction","target":["https:\/\/www.smedemokrati.sk\/taraba-umoznuje-devastaciu-v-narodnych-parkoch-a-klame-ludi\/"]}]},{"@type":"ImageObject","inLanguage":"en-US","@id":"https:\/\/www.smedemokrati.sk\/taraba-umoznuje-devastaciu-v-narodnych-parkoch-a-klame-ludi\/#primaryimage","url":"https:\/\/www.smedemokrati.sk\/wp-content\/uploads\/2025\/09\/opat-taraba.jpg","contentUrl":"https:\/\/www.smedemokrati.sk\/wp-content\/uploads\/2025\/09\/opat-taraba.jpg","width":1280,"height":720},{"@type":"BreadcrumbList","@id":"https:\/\/www.smedemokrati.sk\/taraba-umoznuje-devastaciu-v-narodnych-parkoch-a-klame-ludi\/#breadcrumb","itemListElement":[{"@type":"ListItem","position":1,"name":"Domovsk\u00e1 str\u00e1nka","item":"https:\/\/www.smedemokrati.sk\/"},{"@type":"ListItem","position":2,"name":"Taraba umo\u017e\u0148uje devast\u00e1ciu v n\u00e1rodn\u00fdch parkoch a klame \u013eud\u00ed"}]},{"@type":"WebSite","@id":"https:\/\/www.smedemokrati.sk\/#website","url":"https:\/\/www.smedemokrati.sk\/","name":"Smedemokrati.sk","description":"Demokracia a slu\u0161nos\u0165 zv\u00ed\u0165az\u00ed","publisher":{"@id":"https:\/\/www.smedemokrati.sk\/#organization"},"potentialAction":[{"@type":"SearchAction","target":{"@type":"EntryPoint","urlTemplate":"https:\/\/www.smedemokrati.sk\/?s={search_term_string}"},"query-input":{"@type":"PropertyValueSpecification","valueRequired":true,"valueName":"search_term_string"}}],"inLanguage":"en-US"},{"@type":"Organization","@id":"https:\/\/www.smedemokrati.sk\/#organization","name":"Smedemokrati.sk","url":"https:\/\/www.smedemokrati.sk\/","logo":{"@type":"ImageObject","inLanguage":"en-US","@id":"https:\/\/www.smedemokrati.sk\/#\/schema\/logo\/image\/","url":"https:\/\/www.smedemokrati.sk\/wp-content\/uploads\/2023\/04\/ff.002.jpeg","contentUrl":"https:\/\/www.smedemokrati.sk\/wp-content\/uploads\/2023\/04\/ff.002.jpeg","width":640,"height":480,"caption":"Smedemokrati.sk"},"image":{"@id":"https:\/\/www.smedemokrati.sk\/#\/schema\/logo\/image\/"},"sameAs":["https:\/\/www.facebook.com\/smedemokrati2023"]},{"@type":"Person","@id":"https:\/\/www.smedemokrati.sk\/#\/schema\/person\/21f147c88d605aa7ded900e1e7c344ba","name":"miro.sopko","image":{"@type":"ImageObject","inLanguage":"en-US","@id":"https:\/\/secure.gravatar.com\/avatar\/267e4a36f704376c109afe3a78740c1f5dd8675a2180a908699e7863c9247606?s=96&d=mm&r=g","url":"https:\/\/secure.gravatar.com\/avatar\/267e4a36f704376c109afe3a78740c1f5dd8675a2180a908699e7863c9247606?s=96&d=mm&r=g","contentUrl":"https:\/\/secure.gravatar.com\/avatar\/267e4a36f704376c109afe3a78740c1f5dd8675a2180a908699e7863c9247606?s=96&d=mm&r=g","caption":"miro.sopko"},"url":"https:\/\/www.smedemokrati.sk\/en\/author\/miro-sopko\/"}]}},"_links":{"self":[{"href":"https:\/\/www.smedemokrati.sk\/en\/wp-json\/wp\/v2\/posts\/8089","targetHints":{"allow":["GET"]}}],"collection":[{"href":"https:\/\/www.smedemokrati.sk\/en\/wp-json\/wp\/v2\/posts"}],"about":[{"href":"https:\/\/www.smedemokrati.sk\/en\/wp-json\/wp\/v2\/types\/post"}],"author":[{"embeddable":true,"href":"https:\/\/www.smedemokrati.sk\/en\/wp-json\/wp\/v2\/users\/13"}],"replies":[{"embeddable":true,"href":"https:\/\/www.smedemokrati.sk\/en\/wp-json\/wp\/v2\/comments?post=8089"}],"version-history":[{"count":2,"href":"https:\/\/www.smedemokrati.sk\/en\/wp-json\/wp\/v2\/posts\/8089\/revisions"}],"predecessor-version":[{"id":8093,"href":"https:\/\/www.smedemokrati.sk\/en\/wp-json\/wp\/v2\/posts\/8089\/revisions\/8093"}],"wp:featuredmedia":[{"embeddable":true,"href":"https:\/\/www.smedemokrati.sk\/en\/wp-json\/wp\/v2\/media\/8090"}],"wp:attachment":[{"href":"https:\/\/www.smedemokrati.sk\/en\/wp-json\/wp\/v2\/media?parent=8089"}],"wp:term":[{"taxonomy":"category","embeddable":true,"href":"https:\/\/www.smedemokrati.sk\/en\/wp-json\/wp\/v2\/categories?post=8089"},{"taxonomy":"post_tag","embeddable":true,"href":"https:\/\/www.smedemokrati.sk\/en\/wp-json\/wp\/v2\/tags?post=8089"}],"curies":[{"name":"wp","href":"https:\/\/api.w.org\/{rel}","templated":true}]}}