{"id":8048,"date":"2025-09-01T16:33:53","date_gmt":"2025-09-01T15:33:53","guid":{"rendered":"https:\/\/www.smedemokrati.sk\/?p=8048"},"modified":"2025-09-02T20:24:24","modified_gmt":"2025-09-02T19:24:24","slug":"ministerstvo-skolstva-tresta-rodicov-a-ohrozuje-znevyhodnene-deti","status":"publish","type":"post","link":"https:\/\/www.smedemokrati.sk\/en\/ministerstvo-skolstva-tresta-rodicov-a-ohrozuje-znevyhodnene-deti\/","title":{"rendered":"Ministerstvo \u0161kolstva trest\u00e1 rodi\u010dov a ohrozuje znev\u00fdhodnen\u00e9 deti"},"content":{"rendered":"<div id=\"fb-root\"><\/div>\n\n<p><strong>Demokrati z\u00e1sadne odmietaj\u00fa z\u00e1mer ministerstva \u0161kolstva zavies\u0165 dvojit\u00fd normat\u00edv pre \u0161t\u00e1tne a ne\u0161t\u00e1tne \u0161koly. Navrhovan\u00e1 reforma by rodi\u010dom vzala a\u017e 600 eur ro\u010dne na \u017eiaka, \u010do m\u00f4\u017ee vies\u0165 k z\u00e1niku cirkevn\u00fdch a s\u00fakromn\u00fdch \u0161k\u00f4l a najviac zasiahnu\u0165 deti so zdravotn\u00fdm znev\u00fdhodnen\u00edm.<\/strong><\/p>\n\n\n\n<p>\u201eRodi\u010dia platia rovnak\u00e9 dane bez oh\u013eadu na to, \u010di ich die\u0165a nav\u0161tevuje \u0161t\u00e1tnu alebo ne\u0161t\u00e1tnu \u0161kolu. Dvojak\u00fd normat\u00edv je nef\u00e9rov\u00fd, nesyst\u00e9mov\u00fd a diskrimina\u010dn\u00fd krok. Vyz\u00fdvame ministra, aby od neho upustil a ak tak neurob\u00ed, o\u010dak\u00e1vame, \u017ee poslanci n\u00e1vrh odmietnu,\u201c povedal Juraj \u0160eliga, podpredseda Demokratov.<\/p>\n\n\n\n<p>Pod\u013ea Mat\u00fa\u0161a Grzn\u00e1ra, \u010dlena expertnej skupiny Demokratov pre \u0161kolstvo, ohrozen\u00e9 s\u00fa najm\u00e4 deti so \u0161peci\u00e1lnymi potrebami: \u201eNe\u0161t\u00e1tne \u0161koly prij\u00edmaj\u00fa ove\u013ea vy\u0161\u0161\u00ed podiel det\u00ed s \u0165a\u017ek\u00fdm postihnut\u00edm. Pr\u00e1ve v\u010faka individu\u00e1lnemu pr\u00edstupu im vedia poskytn\u00fa\u0165 podporu, ktor\u00fa vo ve\u013ek\u00fdch triedach \u0161t\u00e1tnych \u0161k\u00f4l nedostan\u00fa.\u201c<\/p>\n\n\n\n<p>Proti n\u00e1vrhu sa u\u017e v pripomienkovom konan\u00ed postavili ministerstv\u00e1 hospod\u00e1rstva a pr\u00e1ce, zamestn\u00e1vate\u013esk\u00e9 zv\u00e4zy, Klub 500, Zdru\u017eenie podnikate\u013eov Slovenska, Protimonopoln\u00fd \u00farad aj N\u00e1rodn\u00e1 banka Slovenska. Len v r\u00e1mci pripomienok zaznelo vy\u0161e 1 500 v\u00fdhrad, z toho 500 z\u00e1sadn\u00fdch.<\/p>\n\n\n\n<p>Demokrati upozor\u0148uj\u00fa, \u017ee ministerstvo svoj n\u00e1vrh pripravilo nar\u00fdchlo. \u201eJe to nedokon\u010den\u00e1 pr\u00e1ca, ktor\u00e1 nielen\u017ee ohrozuje rodi\u010dov a deti, ale aj samotn\u00fa rozmanitos\u0165 a kvalitu vzdel\u00e1vania. Ne\u0161t\u00e1tne \u0161koly supluj\u00fa \u0161t\u00e1t tam, kde zlyh\u00e1va \u2013 namiesto ich likvid\u00e1cie cez regul\u00e1ciu, by ich mal minister podporova\u0165, \u0161peci\u00e1lne ak hovor\u00edme o ne\u0161t\u00e1tnych zariadeniach, ktor\u00e9 sa venuj\u00fa de\u0165om so zdravotn\u00fdm znev\u00fdhodnen\u00edm. Tak\u00e9to organiz\u00e1cie a zria\u010fovate\u013eov treba podporova\u0165 a nie regul\u00e1ciou ni\u010di\u0165.\u201c dod\u00e1va b\u00fdval\u00fd premi\u00e9r Eduard Heger.<\/p>\n\n\n\n<p><strong>Demokrati vyz\u00fdvaj\u00fa ministra, aby n\u00e1vrh stiahol a prestal hucka\u0165 verejnos\u0165 proti ne\u0161t\u00e1tnym \u0161kol\u00e1m.<\/strong><\/p>\n\n\n<div class=\"fb-video\" data-href=\"https:\/\/fb.watch\/BRmy7wJV3v\" data-allowfullscreen=\"true\" data-autoplay=\"false\" data-width=\"\" data-show-text=\"false\" data-show-captions=\"true\"><\/div>\n","protected":false},"excerpt":{"rendered":"<p>Demokrati z\u00e1sadne odmietaj\u00fa z\u00e1mer ministerstva \u0161kolstva zavies\u0165 dvojit\u00fd normat\u00edv pre \u0161t\u00e1tne a ne\u0161t\u00e1tne \u0161koly. Navrhovan\u00e1 reforma by rodi\u010dom vzala a\u017e 600 eur ro\u010dne na \u017eiaka, \u010do m\u00f4\u017ee vies\u0165 k z\u00e1niku cirkevn\u00fdch a s\u00fakromn\u00fdch \u0161k\u00f4l a najviac zasiahnu\u0165 deti so zdravotn\u00fdm znev\u00fdhodnen\u00edm. \u201eRodi\u010dia platia rovnak\u00e9 dane bez oh\u013eadu na to, \u010di ich die\u0165a nav\u0161tevuje \u0161t\u00e1tnu alebo [&hellip;]<\/p>\n","protected":false},"author":13,"featured_media":8049,"comment_status":"closed","ping_status":"closed","sticky":false,"template":"","format":"standard","meta":{"_acf_changed":false,"ngg_post_thumbnail":0,"footnotes":""},"categories":[4],"tags":[],"class_list":["post-8048","post","type-post","status-publish","format-standard","has-post-thumbnail","hentry","category-tlacove-spravy"],"acf":[],"yoast_head":"<!-- This site is optimized with the Yoast SEO plugin v27.2 - https:\/\/yoast.com\/product\/yoast-seo-wordpress\/ -->\n<title>Ministerstvo \u0161kolstva trest\u00e1 rodi\u010dov a ohrozuje znev\u00fdhodnen\u00e9 deti<\/title>\n<meta name=\"robots\" content=\"index, follow, max-snippet:-1, max-image-preview:large, max-video-preview:-1\" \/>\n<link rel=\"canonical\" href=\"https:\/\/www.smedemokrati.sk\/en\/ministerstvo-skolstva-tresta-rodicov-a-ohrozuje-znevyhodnene-deti\/\" \/>\n<meta property=\"og:locale\" content=\"en_US\" \/>\n<meta property=\"og:locale:alternate\" content=\"cs_CZ\" \/>\n<meta property=\"og:locale:alternate\" content=\"hu_HU\" \/>\n<meta property=\"og:locale:alternate\" content=\"sk_SK\" \/>\n<meta property=\"og:locale:alternate\" content=\"sv_SE\" \/>\n<meta property=\"og:type\" content=\"article\" \/>\n<meta property=\"og:title\" content=\"Ministerstvo \u0161kolstva trest\u00e1 rodi\u010dov a ohrozuje znev\u00fdhodnen\u00e9 deti\" \/>\n<meta property=\"og:description\" content=\"Demokrati z\u00e1sadne odmietaj\u00fa z\u00e1mer ministerstva \u0161kolstva zavies\u0165 dvojit\u00fd normat\u00edv pre \u0161t\u00e1tne a ne\u0161t\u00e1tne \u0161koly. Navrhovan\u00e1 reforma by rodi\u010dom vzala a\u017e 600 eur ro\u010dne na \u017eiaka, \u010do m\u00f4\u017ee vies\u0165 k z\u00e1niku cirkevn\u00fdch a s\u00fakromn\u00fdch \u0161k\u00f4l a najviac zasiahnu\u0165 deti so zdravotn\u00fdm znev\u00fdhodnen\u00edm. \u201eRodi\u010dia platia rovnak\u00e9 dane bez oh\u013eadu na to, \u010di ich die\u0165a nav\u0161tevuje \u0161t\u00e1tnu alebo [&hellip;]\" \/>\n<meta property=\"og:url\" content=\"https:\/\/www.smedemokrati.sk\/en\/ministerstvo-skolstva-tresta-rodicov-a-ohrozuje-znevyhodnene-deti\/\" \/>\n<meta property=\"og:site_name\" content=\"Smedemokrati.sk\" \/>\n<meta property=\"article:publisher\" content=\"https:\/\/www.facebook.com\/smedemokrati2023\" \/>\n<meta property=\"article:published_time\" content=\"2025-09-01T15:33:53+00:00\" \/>\n<meta property=\"article:modified_time\" content=\"2025-09-02T19:24:24+00:00\" \/>\n<meta property=\"og:image\" content=\"https:\/\/www.smedemokrati.sk\/wp-content\/uploads\/2025\/09\/drucker-darcek.jpg\" \/>\n\t<meta property=\"og:image:width\" content=\"1515\" \/>\n\t<meta property=\"og:image:height\" content=\"851\" \/>\n\t<meta property=\"og:image:type\" content=\"image\/jpeg\" \/>\n<meta name=\"author\" content=\"miro.sopko\" \/>\n<meta name=\"twitter:card\" content=\"summary_large_image\" \/>\n<meta name=\"twitter:label1\" content=\"Written by\" \/>\n\t<meta name=\"twitter:data1\" content=\"miro.sopko\" \/>\n\t<meta name=\"twitter:label2\" content=\"Est. reading time\" \/>\n\t<meta name=\"twitter:data2\" content=\"2 minutes\" \/>\n<script type=\"application\/ld+json\" class=\"yoast-schema-graph\">{\"@context\":\"https:\/\/schema.org\",\"@graph\":[{\"@type\":\"Article\",\"@id\":\"https:\/\/www.smedemokrati.sk\/ministerstvo-skolstva-tresta-rodicov-a-ohrozuje-znevyhodnene-deti\/#article\",\"isPartOf\":{\"@id\":\"https:\/\/www.smedemokrati.sk\/ministerstvo-skolstva-tresta-rodicov-a-ohrozuje-znevyhodnene-deti\/\"},\"author\":{\"name\":\"miro.sopko\",\"@id\":\"https:\/\/www.smedemokrati.sk\/#\/schema\/person\/21f147c88d605aa7ded900e1e7c344ba\"},\"headline\":\"Ministerstvo \u0161kolstva trest\u00e1 rodi\u010dov a ohrozuje znev\u00fdhodnen\u00e9 deti\",\"datePublished\":\"2025-09-01T15:33:53+00:00\",\"dateModified\":\"2025-09-02T19:24:24+00:00\",\"mainEntityOfPage\":{\"@id\":\"https:\/\/www.smedemokrati.sk\/ministerstvo-skolstva-tresta-rodicov-a-ohrozuje-znevyhodnene-deti\/\"},\"wordCount\":365,\"publisher\":{\"@id\":\"https:\/\/www.smedemokrati.sk\/#organization\"},\"image\":{\"@id\":\"https:\/\/www.smedemokrati.sk\/ministerstvo-skolstva-tresta-rodicov-a-ohrozuje-znevyhodnene-deti\/#primaryimage\"},\"thumbnailUrl\":\"https:\/\/www.smedemokrati.sk\/wp-content\/uploads\/2025\/09\/drucker-darcek.jpg\",\"articleSection\":[\"Tla\u010dov\u00e9 spr\u00e1vy\"],\"inLanguage\":\"en-US\"},{\"@type\":\"WebPage\",\"@id\":\"https:\/\/www.smedemokrati.sk\/ministerstvo-skolstva-tresta-rodicov-a-ohrozuje-znevyhodnene-deti\/\",\"url\":\"https:\/\/www.smedemokrati.sk\/ministerstvo-skolstva-tresta-rodicov-a-ohrozuje-znevyhodnene-deti\/\",\"name\":\"Ministerstvo \u0161kolstva trest\u00e1 rodi\u010dov a ohrozuje znev\u00fdhodnen\u00e9 deti\",\"isPartOf\":{\"@id\":\"https:\/\/www.smedemokrati.sk\/#website\"},\"primaryImageOfPage\":{\"@id\":\"https:\/\/www.smedemokrati.sk\/ministerstvo-skolstva-tresta-rodicov-a-ohrozuje-znevyhodnene-deti\/#primaryimage\"},\"image\":{\"@id\":\"https:\/\/www.smedemokrati.sk\/ministerstvo-skolstva-tresta-rodicov-a-ohrozuje-znevyhodnene-deti\/#primaryimage\"},\"thumbnailUrl\":\"https:\/\/www.smedemokrati.sk\/wp-content\/uploads\/2025\/09\/drucker-darcek.jpg\",\"datePublished\":\"2025-09-01T15:33:53+00:00\",\"dateModified\":\"2025-09-02T19:24:24+00:00\",\"breadcrumb\":{\"@id\":\"https:\/\/www.smedemokrati.sk\/ministerstvo-skolstva-tresta-rodicov-a-ohrozuje-znevyhodnene-deti\/#breadcrumb\"},\"inLanguage\":\"en-US\",\"potentialAction\":[{\"@type\":\"ReadAction\",\"target\":[\"https:\/\/www.smedemokrati.sk\/ministerstvo-skolstva-tresta-rodicov-a-ohrozuje-znevyhodnene-deti\/\"]}]},{\"@type\":\"ImageObject\",\"inLanguage\":\"en-US\",\"@id\":\"https:\/\/www.smedemokrati.sk\/ministerstvo-skolstva-tresta-rodicov-a-ohrozuje-znevyhodnene-deti\/#primaryimage\",\"url\":\"https:\/\/www.smedemokrati.sk\/wp-content\/uploads\/2025\/09\/drucker-darcek.jpg\",\"contentUrl\":\"https:\/\/www.smedemokrati.sk\/wp-content\/uploads\/2025\/09\/drucker-darcek.jpg\",\"width\":1515,\"height\":851},{\"@type\":\"BreadcrumbList\",\"@id\":\"https:\/\/www.smedemokrati.sk\/ministerstvo-skolstva-tresta-rodicov-a-ohrozuje-znevyhodnene-deti\/#breadcrumb\",\"itemListElement\":[{\"@type\":\"ListItem\",\"position\":1,\"name\":\"Domovsk\u00e1 str\u00e1nka\",\"item\":\"https:\/\/www.smedemokrati.sk\/\"},{\"@type\":\"ListItem\",\"position\":2,\"name\":\"Ministerstvo \u0161kolstva trest\u00e1 rodi\u010dov a ohrozuje znev\u00fdhodnen\u00e9 deti\"}]},{\"@type\":\"WebSite\",\"@id\":\"https:\/\/www.smedemokrati.sk\/#website\",\"url\":\"https:\/\/www.smedemokrati.sk\/\",\"name\":\"Smedemokrati.sk\",\"description\":\"Demokracia a slu\u0161nos\u0165 zv\u00ed\u0165az\u00ed\",\"publisher\":{\"@id\":\"https:\/\/www.smedemokrati.sk\/#organization\"},\"potentialAction\":[{\"@type\":\"SearchAction\",\"target\":{\"@type\":\"EntryPoint\",\"urlTemplate\":\"https:\/\/www.smedemokrati.sk\/?s={search_term_string}\"},\"query-input\":{\"@type\":\"PropertyValueSpecification\",\"valueRequired\":true,\"valueName\":\"search_term_string\"}}],\"inLanguage\":\"en-US\"},{\"@type\":\"Organization\",\"@id\":\"https:\/\/www.smedemokrati.sk\/#organization\",\"name\":\"Smedemokrati.sk\",\"url\":\"https:\/\/www.smedemokrati.sk\/\",\"logo\":{\"@type\":\"ImageObject\",\"inLanguage\":\"en-US\",\"@id\":\"https:\/\/www.smedemokrati.sk\/#\/schema\/logo\/image\/\",\"url\":\"https:\/\/www.smedemokrati.sk\/wp-content\/uploads\/2023\/04\/ff.002.jpeg\",\"contentUrl\":\"https:\/\/www.smedemokrati.sk\/wp-content\/uploads\/2023\/04\/ff.002.jpeg\",\"width\":640,\"height\":480,\"caption\":\"Smedemokrati.sk\"},\"image\":{\"@id\":\"https:\/\/www.smedemokrati.sk\/#\/schema\/logo\/image\/\"},\"sameAs\":[\"https:\/\/www.facebook.com\/smedemokrati2023\"]},{\"@type\":\"Person\",\"@id\":\"https:\/\/www.smedemokrati.sk\/#\/schema\/person\/21f147c88d605aa7ded900e1e7c344ba\",\"name\":\"miro.sopko\",\"image\":{\"@type\":\"ImageObject\",\"inLanguage\":\"en-US\",\"@id\":\"https:\/\/secure.gravatar.com\/avatar\/267e4a36f704376c109afe3a78740c1f5dd8675a2180a908699e7863c9247606?s=96&d=mm&r=g\",\"url\":\"https:\/\/secure.gravatar.com\/avatar\/267e4a36f704376c109afe3a78740c1f5dd8675a2180a908699e7863c9247606?s=96&d=mm&r=g\",\"contentUrl\":\"https:\/\/secure.gravatar.com\/avatar\/267e4a36f704376c109afe3a78740c1f5dd8675a2180a908699e7863c9247606?s=96&d=mm&r=g\",\"caption\":\"miro.sopko\"},\"url\":\"https:\/\/www.smedemokrati.sk\/en\/author\/miro-sopko\/\"}]}<\/script>\n<!-- \/ Yoast SEO plugin. -->","yoast_head_json":{"title":"Ministerstvo \u0161kolstva trest\u00e1 rodi\u010dov a ohrozuje znev\u00fdhodnen\u00e9 deti","robots":{"index":"index","follow":"follow","max-snippet":"max-snippet:-1","max-image-preview":"max-image-preview:large","max-video-preview":"max-video-preview:-1"},"canonical":"https:\/\/www.smedemokrati.sk\/en\/ministerstvo-skolstva-tresta-rodicov-a-ohrozuje-znevyhodnene-deti\/","og_locale":"en_US","og_type":"article","og_title":"[:sk]Ministerstvo \u0161kolstva trest\u00e1 rodi\u010dov a ohrozuje znev\u00fdhodnen\u00e9 deti[:] - Smedemokrati.sk","og_description":"Demokrati z\u00e1sadne odmietaj\u00fa z\u00e1mer ministerstva \u0161kolstva zavies\u0165 dvojit\u00fd normat\u00edv pre \u0161t\u00e1tne a ne\u0161t\u00e1tne \u0161koly. Navrhovan\u00e1 reforma by rodi\u010dom vzala a\u017e 600 eur ro\u010dne na \u017eiaka, \u010do m\u00f4\u017ee vies\u0165 k z\u00e1niku cirkevn\u00fdch a s\u00fakromn\u00fdch \u0161k\u00f4l a najviac zasiahnu\u0165 deti so zdravotn\u00fdm znev\u00fdhodnen\u00edm. \u201eRodi\u010dia platia rovnak\u00e9 dane bez oh\u013eadu na to, \u010di ich die\u0165a nav\u0161tevuje \u0161t\u00e1tnu alebo [&hellip;]","og_url":"https:\/\/www.smedemokrati.sk\/en\/ministerstvo-skolstva-tresta-rodicov-a-ohrozuje-znevyhodnene-deti\/","og_site_name":"Smedemokrati.sk","article_publisher":"https:\/\/www.facebook.com\/smedemokrati2023","article_published_time":"2025-09-01T15:33:53+00:00","article_modified_time":"2025-09-02T19:24:24+00:00","og_image":[{"width":1515,"height":851,"url":"https:\/\/www.smedemokrati.sk\/wp-content\/uploads\/2025\/09\/drucker-darcek.jpg","type":"image\/jpeg"}],"author":"miro.sopko","twitter_card":"summary_large_image","twitter_misc":{"Written by":"miro.sopko","Est. reading time":"2 minutes"},"schema":{"@context":"https:\/\/schema.org","@graph":[{"@type":"Article","@id":"https:\/\/www.smedemokrati.sk\/ministerstvo-skolstva-tresta-rodicov-a-ohrozuje-znevyhodnene-deti\/#article","isPartOf":{"@id":"https:\/\/www.smedemokrati.sk\/ministerstvo-skolstva-tresta-rodicov-a-ohrozuje-znevyhodnene-deti\/"},"author":{"name":"miro.sopko","@id":"https:\/\/www.smedemokrati.sk\/#\/schema\/person\/21f147c88d605aa7ded900e1e7c344ba"},"headline":"Ministerstvo \u0161kolstva trest\u00e1 rodi\u010dov a ohrozuje znev\u00fdhodnen\u00e9 deti","datePublished":"2025-09-01T15:33:53+00:00","dateModified":"2025-09-02T19:24:24+00:00","mainEntityOfPage":{"@id":"https:\/\/www.smedemokrati.sk\/ministerstvo-skolstva-tresta-rodicov-a-ohrozuje-znevyhodnene-deti\/"},"wordCount":365,"publisher":{"@id":"https:\/\/www.smedemokrati.sk\/#organization"},"image":{"@id":"https:\/\/www.smedemokrati.sk\/ministerstvo-skolstva-tresta-rodicov-a-ohrozuje-znevyhodnene-deti\/#primaryimage"},"thumbnailUrl":"https:\/\/www.smedemokrati.sk\/wp-content\/uploads\/2025\/09\/drucker-darcek.jpg","articleSection":["Tla\u010dov\u00e9 spr\u00e1vy"],"inLanguage":"en-US"},{"@type":"WebPage","@id":"https:\/\/www.smedemokrati.sk\/ministerstvo-skolstva-tresta-rodicov-a-ohrozuje-znevyhodnene-deti\/","url":"https:\/\/www.smedemokrati.sk\/ministerstvo-skolstva-tresta-rodicov-a-ohrozuje-znevyhodnene-deti\/","name":"Ministerstvo \u0161kolstva trest\u00e1 rodi\u010dov a ohrozuje znev\u00fdhodnen\u00e9 deti","isPartOf":{"@id":"https:\/\/www.smedemokrati.sk\/#website"},"primaryImageOfPage":{"@id":"https:\/\/www.smedemokrati.sk\/ministerstvo-skolstva-tresta-rodicov-a-ohrozuje-znevyhodnene-deti\/#primaryimage"},"image":{"@id":"https:\/\/www.smedemokrati.sk\/ministerstvo-skolstva-tresta-rodicov-a-ohrozuje-znevyhodnene-deti\/#primaryimage"},"thumbnailUrl":"https:\/\/www.smedemokrati.sk\/wp-content\/uploads\/2025\/09\/drucker-darcek.jpg","datePublished":"2025-09-01T15:33:53+00:00","dateModified":"2025-09-02T19:24:24+00:00","breadcrumb":{"@id":"https:\/\/www.smedemokrati.sk\/ministerstvo-skolstva-tresta-rodicov-a-ohrozuje-znevyhodnene-deti\/#breadcrumb"},"inLanguage":"en-US","potentialAction":[{"@type":"ReadAction","target":["https:\/\/www.smedemokrati.sk\/ministerstvo-skolstva-tresta-rodicov-a-ohrozuje-znevyhodnene-deti\/"]}]},{"@type":"ImageObject","inLanguage":"en-US","@id":"https:\/\/www.smedemokrati.sk\/ministerstvo-skolstva-tresta-rodicov-a-ohrozuje-znevyhodnene-deti\/#primaryimage","url":"https:\/\/www.smedemokrati.sk\/wp-content\/uploads\/2025\/09\/drucker-darcek.jpg","contentUrl":"https:\/\/www.smedemokrati.sk\/wp-content\/uploads\/2025\/09\/drucker-darcek.jpg","width":1515,"height":851},{"@type":"BreadcrumbList","@id":"https:\/\/www.smedemokrati.sk\/ministerstvo-skolstva-tresta-rodicov-a-ohrozuje-znevyhodnene-deti\/#breadcrumb","itemListElement":[{"@type":"ListItem","position":1,"name":"Domovsk\u00e1 str\u00e1nka","item":"https:\/\/www.smedemokrati.sk\/"},{"@type":"ListItem","position":2,"name":"Ministerstvo \u0161kolstva trest\u00e1 rodi\u010dov a ohrozuje znev\u00fdhodnen\u00e9 deti"}]},{"@type":"WebSite","@id":"https:\/\/www.smedemokrati.sk\/#website","url":"https:\/\/www.smedemokrati.sk\/","name":"Smedemokrati.sk","description":"Demokracia a slu\u0161nos\u0165 zv\u00ed\u0165az\u00ed","publisher":{"@id":"https:\/\/www.smedemokrati.sk\/#organization"},"potentialAction":[{"@type":"SearchAction","target":{"@type":"EntryPoint","urlTemplate":"https:\/\/www.smedemokrati.sk\/?s={search_term_string}"},"query-input":{"@type":"PropertyValueSpecification","valueRequired":true,"valueName":"search_term_string"}}],"inLanguage":"en-US"},{"@type":"Organization","@id":"https:\/\/www.smedemokrati.sk\/#organization","name":"Smedemokrati.sk","url":"https:\/\/www.smedemokrati.sk\/","logo":{"@type":"ImageObject","inLanguage":"en-US","@id":"https:\/\/www.smedemokrati.sk\/#\/schema\/logo\/image\/","url":"https:\/\/www.smedemokrati.sk\/wp-content\/uploads\/2023\/04\/ff.002.jpeg","contentUrl":"https:\/\/www.smedemokrati.sk\/wp-content\/uploads\/2023\/04\/ff.002.jpeg","width":640,"height":480,"caption":"Smedemokrati.sk"},"image":{"@id":"https:\/\/www.smedemokrati.sk\/#\/schema\/logo\/image\/"},"sameAs":["https:\/\/www.facebook.com\/smedemokrati2023"]},{"@type":"Person","@id":"https:\/\/www.smedemokrati.sk\/#\/schema\/person\/21f147c88d605aa7ded900e1e7c344ba","name":"miro.sopko","image":{"@type":"ImageObject","inLanguage":"en-US","@id":"https:\/\/secure.gravatar.com\/avatar\/267e4a36f704376c109afe3a78740c1f5dd8675a2180a908699e7863c9247606?s=96&d=mm&r=g","url":"https:\/\/secure.gravatar.com\/avatar\/267e4a36f704376c109afe3a78740c1f5dd8675a2180a908699e7863c9247606?s=96&d=mm&r=g","contentUrl":"https:\/\/secure.gravatar.com\/avatar\/267e4a36f704376c109afe3a78740c1f5dd8675a2180a908699e7863c9247606?s=96&d=mm&r=g","caption":"miro.sopko"},"url":"https:\/\/www.smedemokrati.sk\/en\/author\/miro-sopko\/"}]}},"_links":{"self":[{"href":"https:\/\/www.smedemokrati.sk\/en\/wp-json\/wp\/v2\/posts\/8048","targetHints":{"allow":["GET"]}}],"collection":[{"href":"https:\/\/www.smedemokrati.sk\/en\/wp-json\/wp\/v2\/posts"}],"about":[{"href":"https:\/\/www.smedemokrati.sk\/en\/wp-json\/wp\/v2\/types\/post"}],"author":[{"embeddable":true,"href":"https:\/\/www.smedemokrati.sk\/en\/wp-json\/wp\/v2\/users\/13"}],"replies":[{"embeddable":true,"href":"https:\/\/www.smedemokrati.sk\/en\/wp-json\/wp\/v2\/comments?post=8048"}],"version-history":[{"count":5,"href":"https:\/\/www.smedemokrati.sk\/en\/wp-json\/wp\/v2\/posts\/8048\/revisions"}],"predecessor-version":[{"id":8057,"href":"https:\/\/www.smedemokrati.sk\/en\/wp-json\/wp\/v2\/posts\/8048\/revisions\/8057"}],"wp:featuredmedia":[{"embeddable":true,"href":"https:\/\/www.smedemokrati.sk\/en\/wp-json\/wp\/v2\/media\/8049"}],"wp:attachment":[{"href":"https:\/\/www.smedemokrati.sk\/en\/wp-json\/wp\/v2\/media?parent=8048"}],"wp:term":[{"taxonomy":"category","embeddable":true,"href":"https:\/\/www.smedemokrati.sk\/en\/wp-json\/wp\/v2\/categories?post=8048"},{"taxonomy":"post_tag","embeddable":true,"href":"https:\/\/www.smedemokrati.sk\/en\/wp-json\/wp\/v2\/tags?post=8048"}],"curies":[{"name":"wp","href":"https:\/\/api.w.org\/{rel}","templated":true}]}}