{"id":8022,"date":"2025-08-28T14:07:58","date_gmt":"2025-08-28T13:07:58","guid":{"rendered":"https:\/\/www.smedemokrati.sk\/?p=8022"},"modified":"2025-08-28T14:07:59","modified_gmt":"2025-08-28T13:07:59","slug":"fico-zvazuje-presun-komunalnych-volieb-a-zamysla-predlzenie-funkcneho-obdobia-starostov-a-primatorov","status":"publish","type":"post","link":"https:\/\/www.smedemokrati.sk\/en\/fico-zvazuje-presun-komunalnych-volieb-a-zamysla-predlzenie-funkcneho-obdobia-starostov-a-primatorov\/","title":{"rendered":"Fico zva\u017euje presun komun\u00e1lnych volieb a zam\u00fd\u0161\u013ea pred\u013a\u017eenie funk\u010dn\u00e9ho obdobia starostov a prim\u00e1torov"},"content":{"rendered":"<div id=\"fb-root\"><\/div>\n\n<p><strong>Pod\u013ea inform\u00e1ci\u00ed Demokratov, s ktor\u00fdmi ich kontaktovali viacer\u00ed starostovia a \u017eupani po v\u010deraj\u0161om (27. augusta 2025) zasadnut\u00ed vl\u00e1dy v Senici, predseda vl\u00e1dy re\u00e1lne zva\u017euje presun komun\u00e1lnych volieb. \u00dadajne ich chce spoji\u0165 s vo\u013ebami do NR SR a tie\u017e pl\u00e1nuje pred\u013a\u017ei\u0165 mand\u00e1t starostom a prim\u00e1torom. Robert Fico to ozna\u010duje za konsolida\u010dn\u00e9 opatrenie, Demokrati tieto \u00favahy ostro kritizuj\u00fa.<\/strong><\/p>\n\n\n\n<p><em>\u201ePo v\u010deraj\u0161om zasadnut\u00ed vl\u00e1dy n\u00e1s kontaktovali viacer\u00ed starostovia a \u017eupani s inform\u00e1ciou, \u017ee Robert Fico uva\u017euje o presune komun\u00e1lnych volieb a o pred\u013a\u017een\u00ed funk\u010dn\u00e9ho obdobia starostov a prim\u00e1torov na 5 rokov. Vraj m\u00e1 \u00eds\u0165 o konsolida\u010dn\u00e9 opatrenie, no ja osobne to \u010d\u00edtam ako stelesnen\u00fd prejav strachu Roberta Fica z prehry. Vie, \u017ee prv\u00e9 ve\u013ek\u00e9 v\u00ed\u0165azstvo opoz\u00edcie pr\u00edde pr\u00e1ve v komun\u00e1le,\u201c&nbsp;<\/em>hovor\u00ed Jaroslav Na\u010f a dod\u00e1va, \u017ee v r\u00e1mci konsolid\u00e1cie by i\u0161lo o zanedbate\u013en\u00fa \u010diastku.<\/p>\n\n\n\n<p>Predseda Demokratov z\u00e1rove\u0148 upozor\u0148uje, \u017ee predseda vl\u00e1dy verejne hovor\u00ed o potrebe zmeny politick\u00e9ho syst\u00e9mu a nab\u00e1da voli\u010dov i opozi\u010dn\u00fdch partnerov, aby tieto sign\u00e1ly nebrali na \u013eahk\u00fa v\u00e1hu:&nbsp;<em>\u201eNebu\u010fme, pros\u00edm, slep\u00ed vo\u010di sign\u00e1lom, ktor\u00e9 Robert Fico vysiela. Jasne a verejne povedal, \u017ee vol\u00e1 po zmene politick\u00e9ho syst\u00e9mu na Slovensku. Uvedomme si tie\u017e, \u017ee aktu\u00e1lne menia z\u00e1kon o politick\u00fdch stran\u00e1ch a sledujme kroky vo\u010di slobode m\u00e9di\u00ed, ktor\u00fdmi sa vl\u00e1da sna\u017e\u00ed oklie\u0161ti\u0165 kritiku opoz\u00edcie. To v\u0161etko s\u00fa sign\u00e1ly, ktor\u00e9 nem\u00f4\u017eeme podceni\u0165, preto\u017ee presne toto m\u00f4\u017ee nav\u017edy demontova\u0165 demokraciu a zdrav\u00fa politick\u00fa s\u00fa\u0165a\u017e.\u201c<\/em><\/p>\n\n\n\n<p>V minulosti sme boli svedkami, \u017ee Robert Fico alebo jeho najbli\u017e\u0161\u00ed vypustili t\u00e9mu \u201ena sk\u00fa\u0161ku\u201c, aby zistili n\u00e1lady verejnosti, a n\u00e1sledne to popreli, napr\u00edklad pri zru\u0161en\u00ed \u00daradu \u0161peci\u00e1lneho s\u00fadu, zru\u0161en\u00ed NAKA, zvy\u0161ovan\u00ed DPH \u010di otv\u00e1ran\u00ed II. piliera. Najprv pri\u0161lo dementovanie a na pozad\u00ed snaha z\u00edska\u0165 podporu pre zmenu. Rovnako sme to videli aj pri pokusoch meni\u0165 \u00fastavu, najprv len re\u010di a dnes n\u00e1s od zmeny \u00fastavy del\u00ed jeden hlas. Napriek tomu, \u017ee na pred\u013a\u017eenie funk\u010dn\u00e9ho obdobia prim\u00e1torov a starostov je potrebn\u00fd \u00fastavn\u00fd z\u00e1kon, apelujeme na v\u0161etk\u00fdch na\u0161ich partnerov v parlamente, aby sa nep\u00fa\u0161\u0165ali do tejto diskusie s Robertom Ficom. Neexistuje \u017eiadny d\u00f4vod na pred\u013a\u017eenie funk\u010dn\u00e9ho obdobia prim\u00e1torov, starostov, mestsk\u00fdch a obecn\u00fdch zastupite\u013estiev. Jedin\u00fdm d\u00f4vodom je Ficov strach a jeho snaha oslabi\u0165 demokraciu.<\/p>\n\n\n\n<p>Demokrati odmietaj\u00fa tieto zmeny a vyz\u00fdvaj\u00fa Roberta Fica, aby sa k t\u00e9me vyjadril verejne, nie len na r\u00f4znych form\u00e1toch za zatvoren\u00fdmi dverami.<\/p>\n\n\n<div class=\"fb-video\" data-href=\"https:\/\/fb.watch\/BLPWf8t_bE\" data-allowfullscreen=\"true\" data-autoplay=\"false\" data-width=\"\" data-show-text=\"false\" data-show-captions=\"true\"><\/div>\n","protected":false},"excerpt":{"rendered":"<p>Pod\u013ea inform\u00e1ci\u00ed Demokratov, s ktor\u00fdmi ich kontaktovali viacer\u00ed starostovia a \u017eupani po v\u010deraj\u0161om (27. augusta 2025) zasadnut\u00ed vl\u00e1dy v Senici, predseda vl\u00e1dy re\u00e1lne zva\u017euje presun komun\u00e1lnych volieb. \u00dadajne ich chce spoji\u0165 s vo\u013ebami do NR SR a tie\u017e pl\u00e1nuje pred\u013a\u017ei\u0165 mand\u00e1t starostom a prim\u00e1torom. Robert Fico to ozna\u010duje za konsolida\u010dn\u00e9 opatrenie, Demokrati tieto \u00favahy ostro [&hellip;]<\/p>\n","protected":false},"author":13,"featured_media":8023,"comment_status":"closed","ping_status":"closed","sticky":false,"template":"","format":"standard","meta":{"_acf_changed":false,"ngg_post_thumbnail":0,"footnotes":""},"categories":[4],"tags":[],"class_list":["post-8022","post","type-post","status-publish","format-standard","has-post-thumbnail","hentry","category-tlacove-spravy"],"acf":[],"yoast_head":"<!-- This site is optimized with the Yoast SEO plugin v27.2 - https:\/\/yoast.com\/product\/yoast-seo-wordpress\/ -->\n<title>Fico zva\u017euje presun komun\u00e1lnych volieb a zam\u00fd\u0161\u013ea pred\u013a\u017eenie funk\u010dn\u00e9ho obdobia starostov a prim\u00e1torov<\/title>\n<meta name=\"robots\" content=\"index, follow, max-snippet:-1, max-image-preview:large, max-video-preview:-1\" \/>\n<link rel=\"canonical\" href=\"https:\/\/www.smedemokrati.sk\/en\/fico-zvazuje-presun-komunalnych-volieb-a-zamysla-predlzenie-funkcneho-obdobia-starostov-a-primatorov\/\" \/>\n<meta property=\"og:locale\" content=\"en_US\" \/>\n<meta property=\"og:locale:alternate\" content=\"cs_CZ\" \/>\n<meta property=\"og:locale:alternate\" content=\"hu_HU\" \/>\n<meta property=\"og:locale:alternate\" content=\"sk_SK\" \/>\n<meta property=\"og:locale:alternate\" content=\"sv_SE\" \/>\n<meta property=\"og:type\" content=\"article\" \/>\n<meta property=\"og:title\" content=\"Fico zva\u017euje presun komun\u00e1lnych volieb a zam\u00fd\u0161\u013ea pred\u013a\u017eenie funk\u010dn\u00e9ho obdobia starostov a prim\u00e1torov\" \/>\n<meta property=\"og:description\" content=\"Pod\u013ea inform\u00e1ci\u00ed Demokratov, s ktor\u00fdmi ich kontaktovali viacer\u00ed starostovia a \u017eupani po v\u010deraj\u0161om (27. augusta 2025) zasadnut\u00ed vl\u00e1dy v Senici, predseda vl\u00e1dy re\u00e1lne zva\u017euje presun komun\u00e1lnych volieb. \u00dadajne ich chce spoji\u0165 s vo\u013ebami do NR SR a tie\u017e pl\u00e1nuje pred\u013a\u017ei\u0165 mand\u00e1t starostom a prim\u00e1torom. Robert Fico to ozna\u010duje za konsolida\u010dn\u00e9 opatrenie, Demokrati tieto \u00favahy ostro [&hellip;]\" \/>\n<meta property=\"og:url\" content=\"https:\/\/www.smedemokrati.sk\/en\/fico-zvazuje-presun-komunalnych-volieb-a-zamysla-predlzenie-funkcneho-obdobia-starostov-a-primatorov\/\" \/>\n<meta property=\"og:site_name\" content=\"Smedemokrati.sk\" \/>\n<meta property=\"article:publisher\" content=\"https:\/\/www.facebook.com\/smedemokrati2023\" \/>\n<meta property=\"article:published_time\" content=\"2025-08-28T13:07:58+00:00\" \/>\n<meta property=\"article:modified_time\" content=\"2025-08-28T13:07:59+00:00\" \/>\n<meta property=\"og:image\" content=\"https:\/\/www.smedemokrati.sk\/wp-content\/uploads\/2025\/08\/539854643_795452873167657_5302898389854821111_n.jpg\" \/>\n\t<meta property=\"og:image:width\" content=\"1920\" \/>\n\t<meta property=\"og:image:height\" content=\"1080\" \/>\n\t<meta property=\"og:image:type\" content=\"image\/jpeg\" \/>\n<meta name=\"author\" content=\"miro.sopko\" \/>\n<meta name=\"twitter:card\" content=\"summary_large_image\" \/>\n<meta name=\"twitter:label1\" content=\"Written by\" \/>\n\t<meta name=\"twitter:data1\" content=\"miro.sopko\" \/>\n\t<meta name=\"twitter:label2\" content=\"Est. reading time\" \/>\n\t<meta name=\"twitter:data2\" content=\"3 minutes\" \/>\n<script type=\"application\/ld+json\" class=\"yoast-schema-graph\">{\"@context\":\"https:\/\/schema.org\",\"@graph\":[{\"@type\":\"Article\",\"@id\":\"https:\/\/www.smedemokrati.sk\/fico-zvazuje-presun-komunalnych-volieb-a-zamysla-predlzenie-funkcneho-obdobia-starostov-a-primatorov\/#article\",\"isPartOf\":{\"@id\":\"https:\/\/www.smedemokrati.sk\/fico-zvazuje-presun-komunalnych-volieb-a-zamysla-predlzenie-funkcneho-obdobia-starostov-a-primatorov\/\"},\"author\":{\"name\":\"miro.sopko\",\"@id\":\"https:\/\/www.smedemokrati.sk\/#\/schema\/person\/21f147c88d605aa7ded900e1e7c344ba\"},\"headline\":\"Fico zva\u017euje presun komun\u00e1lnych volieb a zam\u00fd\u0161\u013ea pred\u013a\u017eenie funk\u010dn\u00e9ho obdobia starostov a prim\u00e1torov\",\"datePublished\":\"2025-08-28T13:07:58+00:00\",\"dateModified\":\"2025-08-28T13:07:59+00:00\",\"mainEntityOfPage\":{\"@id\":\"https:\/\/www.smedemokrati.sk\/fico-zvazuje-presun-komunalnych-volieb-a-zamysla-predlzenie-funkcneho-obdobia-starostov-a-primatorov\/\"},\"wordCount\":507,\"publisher\":{\"@id\":\"https:\/\/www.smedemokrati.sk\/#organization\"},\"image\":{\"@id\":\"https:\/\/www.smedemokrati.sk\/fico-zvazuje-presun-komunalnych-volieb-a-zamysla-predlzenie-funkcneho-obdobia-starostov-a-primatorov\/#primaryimage\"},\"thumbnailUrl\":\"https:\/\/www.smedemokrati.sk\/wp-content\/uploads\/2025\/08\/539854643_795452873167657_5302898389854821111_n.jpg\",\"articleSection\":[\"Tla\u010dov\u00e9 spr\u00e1vy\"],\"inLanguage\":\"en-US\"},{\"@type\":\"WebPage\",\"@id\":\"https:\/\/www.smedemokrati.sk\/fico-zvazuje-presun-komunalnych-volieb-a-zamysla-predlzenie-funkcneho-obdobia-starostov-a-primatorov\/\",\"url\":\"https:\/\/www.smedemokrati.sk\/fico-zvazuje-presun-komunalnych-volieb-a-zamysla-predlzenie-funkcneho-obdobia-starostov-a-primatorov\/\",\"name\":\"Fico zva\u017euje presun komun\u00e1lnych volieb a zam\u00fd\u0161\u013ea pred\u013a\u017eenie funk\u010dn\u00e9ho obdobia starostov a prim\u00e1torov\",\"isPartOf\":{\"@id\":\"https:\/\/www.smedemokrati.sk\/#website\"},\"primaryImageOfPage\":{\"@id\":\"https:\/\/www.smedemokrati.sk\/fico-zvazuje-presun-komunalnych-volieb-a-zamysla-predlzenie-funkcneho-obdobia-starostov-a-primatorov\/#primaryimage\"},\"image\":{\"@id\":\"https:\/\/www.smedemokrati.sk\/fico-zvazuje-presun-komunalnych-volieb-a-zamysla-predlzenie-funkcneho-obdobia-starostov-a-primatorov\/#primaryimage\"},\"thumbnailUrl\":\"https:\/\/www.smedemokrati.sk\/wp-content\/uploads\/2025\/08\/539854643_795452873167657_5302898389854821111_n.jpg\",\"datePublished\":\"2025-08-28T13:07:58+00:00\",\"dateModified\":\"2025-08-28T13:07:59+00:00\",\"breadcrumb\":{\"@id\":\"https:\/\/www.smedemokrati.sk\/fico-zvazuje-presun-komunalnych-volieb-a-zamysla-predlzenie-funkcneho-obdobia-starostov-a-primatorov\/#breadcrumb\"},\"inLanguage\":\"en-US\",\"potentialAction\":[{\"@type\":\"ReadAction\",\"target\":[\"https:\/\/www.smedemokrati.sk\/fico-zvazuje-presun-komunalnych-volieb-a-zamysla-predlzenie-funkcneho-obdobia-starostov-a-primatorov\/\"]}]},{\"@type\":\"ImageObject\",\"inLanguage\":\"en-US\",\"@id\":\"https:\/\/www.smedemokrati.sk\/fico-zvazuje-presun-komunalnych-volieb-a-zamysla-predlzenie-funkcneho-obdobia-starostov-a-primatorov\/#primaryimage\",\"url\":\"https:\/\/www.smedemokrati.sk\/wp-content\/uploads\/2025\/08\/539854643_795452873167657_5302898389854821111_n.jpg\",\"contentUrl\":\"https:\/\/www.smedemokrati.sk\/wp-content\/uploads\/2025\/08\/539854643_795452873167657_5302898389854821111_n.jpg\",\"width\":1920,\"height\":1080},{\"@type\":\"BreadcrumbList\",\"@id\":\"https:\/\/www.smedemokrati.sk\/fico-zvazuje-presun-komunalnych-volieb-a-zamysla-predlzenie-funkcneho-obdobia-starostov-a-primatorov\/#breadcrumb\",\"itemListElement\":[{\"@type\":\"ListItem\",\"position\":1,\"name\":\"Domovsk\u00e1 str\u00e1nka\",\"item\":\"https:\/\/www.smedemokrati.sk\/\"},{\"@type\":\"ListItem\",\"position\":2,\"name\":\"Fico zva\u017euje presun komun\u00e1lnych volieb a zam\u00fd\u0161\u013ea pred\u013a\u017eenie funk\u010dn\u00e9ho obdobia starostov a prim\u00e1torov\"}]},{\"@type\":\"WebSite\",\"@id\":\"https:\/\/www.smedemokrati.sk\/#website\",\"url\":\"https:\/\/www.smedemokrati.sk\/\",\"name\":\"Smedemokrati.sk\",\"description\":\"Demokracia a slu\u0161nos\u0165 zv\u00ed\u0165az\u00ed\",\"publisher\":{\"@id\":\"https:\/\/www.smedemokrati.sk\/#organization\"},\"potentialAction\":[{\"@type\":\"SearchAction\",\"target\":{\"@type\":\"EntryPoint\",\"urlTemplate\":\"https:\/\/www.smedemokrati.sk\/?s={search_term_string}\"},\"query-input\":{\"@type\":\"PropertyValueSpecification\",\"valueRequired\":true,\"valueName\":\"search_term_string\"}}],\"inLanguage\":\"en-US\"},{\"@type\":\"Organization\",\"@id\":\"https:\/\/www.smedemokrati.sk\/#organization\",\"name\":\"Smedemokrati.sk\",\"url\":\"https:\/\/www.smedemokrati.sk\/\",\"logo\":{\"@type\":\"ImageObject\",\"inLanguage\":\"en-US\",\"@id\":\"https:\/\/www.smedemokrati.sk\/#\/schema\/logo\/image\/\",\"url\":\"https:\/\/www.smedemokrati.sk\/wp-content\/uploads\/2023\/04\/ff.002.jpeg\",\"contentUrl\":\"https:\/\/www.smedemokrati.sk\/wp-content\/uploads\/2023\/04\/ff.002.jpeg\",\"width\":640,\"height\":480,\"caption\":\"Smedemokrati.sk\"},\"image\":{\"@id\":\"https:\/\/www.smedemokrati.sk\/#\/schema\/logo\/image\/\"},\"sameAs\":[\"https:\/\/www.facebook.com\/smedemokrati2023\"]},{\"@type\":\"Person\",\"@id\":\"https:\/\/www.smedemokrati.sk\/#\/schema\/person\/21f147c88d605aa7ded900e1e7c344ba\",\"name\":\"miro.sopko\",\"image\":{\"@type\":\"ImageObject\",\"inLanguage\":\"en-US\",\"@id\":\"https:\/\/secure.gravatar.com\/avatar\/267e4a36f704376c109afe3a78740c1f5dd8675a2180a908699e7863c9247606?s=96&d=mm&r=g\",\"url\":\"https:\/\/secure.gravatar.com\/avatar\/267e4a36f704376c109afe3a78740c1f5dd8675a2180a908699e7863c9247606?s=96&d=mm&r=g\",\"contentUrl\":\"https:\/\/secure.gravatar.com\/avatar\/267e4a36f704376c109afe3a78740c1f5dd8675a2180a908699e7863c9247606?s=96&d=mm&r=g\",\"caption\":\"miro.sopko\"},\"url\":\"https:\/\/www.smedemokrati.sk\/en\/author\/miro-sopko\/\"}]}<\/script>\n<!-- \/ Yoast SEO plugin. -->","yoast_head_json":{"title":"Fico zva\u017euje presun komun\u00e1lnych volieb a zam\u00fd\u0161\u013ea pred\u013a\u017eenie funk\u010dn\u00e9ho obdobia starostov a prim\u00e1torov","robots":{"index":"index","follow":"follow","max-snippet":"max-snippet:-1","max-image-preview":"max-image-preview:large","max-video-preview":"max-video-preview:-1"},"canonical":"https:\/\/www.smedemokrati.sk\/en\/fico-zvazuje-presun-komunalnych-volieb-a-zamysla-predlzenie-funkcneho-obdobia-starostov-a-primatorov\/","og_locale":"en_US","og_type":"article","og_title":"[:sk]Fico zva\u017euje presun komun\u00e1lnych volieb a zam\u00fd\u0161\u013ea pred\u013a\u017eenie funk\u010dn\u00e9ho obdobia starostov a prim\u00e1torov[:] - Smedemokrati.sk","og_description":"Pod\u013ea inform\u00e1ci\u00ed Demokratov, s ktor\u00fdmi ich kontaktovali viacer\u00ed starostovia a \u017eupani po v\u010deraj\u0161om (27. augusta 2025) zasadnut\u00ed vl\u00e1dy v Senici, predseda vl\u00e1dy re\u00e1lne zva\u017euje presun komun\u00e1lnych volieb. \u00dadajne ich chce spoji\u0165 s vo\u013ebami do NR SR a tie\u017e pl\u00e1nuje pred\u013a\u017ei\u0165 mand\u00e1t starostom a prim\u00e1torom. Robert Fico to ozna\u010duje za konsolida\u010dn\u00e9 opatrenie, Demokrati tieto \u00favahy ostro [&hellip;]","og_url":"https:\/\/www.smedemokrati.sk\/en\/fico-zvazuje-presun-komunalnych-volieb-a-zamysla-predlzenie-funkcneho-obdobia-starostov-a-primatorov\/","og_site_name":"Smedemokrati.sk","article_publisher":"https:\/\/www.facebook.com\/smedemokrati2023","article_published_time":"2025-08-28T13:07:58+00:00","article_modified_time":"2025-08-28T13:07:59+00:00","og_image":[{"width":1920,"height":1080,"url":"https:\/\/www.smedemokrati.sk\/wp-content\/uploads\/2025\/08\/539854643_795452873167657_5302898389854821111_n.jpg","type":"image\/jpeg"}],"author":"miro.sopko","twitter_card":"summary_large_image","twitter_misc":{"Written by":"miro.sopko","Est. reading time":"3 minutes"},"schema":{"@context":"https:\/\/schema.org","@graph":[{"@type":"Article","@id":"https:\/\/www.smedemokrati.sk\/fico-zvazuje-presun-komunalnych-volieb-a-zamysla-predlzenie-funkcneho-obdobia-starostov-a-primatorov\/#article","isPartOf":{"@id":"https:\/\/www.smedemokrati.sk\/fico-zvazuje-presun-komunalnych-volieb-a-zamysla-predlzenie-funkcneho-obdobia-starostov-a-primatorov\/"},"author":{"name":"miro.sopko","@id":"https:\/\/www.smedemokrati.sk\/#\/schema\/person\/21f147c88d605aa7ded900e1e7c344ba"},"headline":"Fico zva\u017euje presun komun\u00e1lnych volieb a zam\u00fd\u0161\u013ea pred\u013a\u017eenie funk\u010dn\u00e9ho obdobia starostov a prim\u00e1torov","datePublished":"2025-08-28T13:07:58+00:00","dateModified":"2025-08-28T13:07:59+00:00","mainEntityOfPage":{"@id":"https:\/\/www.smedemokrati.sk\/fico-zvazuje-presun-komunalnych-volieb-a-zamysla-predlzenie-funkcneho-obdobia-starostov-a-primatorov\/"},"wordCount":507,"publisher":{"@id":"https:\/\/www.smedemokrati.sk\/#organization"},"image":{"@id":"https:\/\/www.smedemokrati.sk\/fico-zvazuje-presun-komunalnych-volieb-a-zamysla-predlzenie-funkcneho-obdobia-starostov-a-primatorov\/#primaryimage"},"thumbnailUrl":"https:\/\/www.smedemokrati.sk\/wp-content\/uploads\/2025\/08\/539854643_795452873167657_5302898389854821111_n.jpg","articleSection":["Tla\u010dov\u00e9 spr\u00e1vy"],"inLanguage":"en-US"},{"@type":"WebPage","@id":"https:\/\/www.smedemokrati.sk\/fico-zvazuje-presun-komunalnych-volieb-a-zamysla-predlzenie-funkcneho-obdobia-starostov-a-primatorov\/","url":"https:\/\/www.smedemokrati.sk\/fico-zvazuje-presun-komunalnych-volieb-a-zamysla-predlzenie-funkcneho-obdobia-starostov-a-primatorov\/","name":"Fico zva\u017euje presun komun\u00e1lnych volieb a zam\u00fd\u0161\u013ea pred\u013a\u017eenie funk\u010dn\u00e9ho obdobia starostov a prim\u00e1torov","isPartOf":{"@id":"https:\/\/www.smedemokrati.sk\/#website"},"primaryImageOfPage":{"@id":"https:\/\/www.smedemokrati.sk\/fico-zvazuje-presun-komunalnych-volieb-a-zamysla-predlzenie-funkcneho-obdobia-starostov-a-primatorov\/#primaryimage"},"image":{"@id":"https:\/\/www.smedemokrati.sk\/fico-zvazuje-presun-komunalnych-volieb-a-zamysla-predlzenie-funkcneho-obdobia-starostov-a-primatorov\/#primaryimage"},"thumbnailUrl":"https:\/\/www.smedemokrati.sk\/wp-content\/uploads\/2025\/08\/539854643_795452873167657_5302898389854821111_n.jpg","datePublished":"2025-08-28T13:07:58+00:00","dateModified":"2025-08-28T13:07:59+00:00","breadcrumb":{"@id":"https:\/\/www.smedemokrati.sk\/fico-zvazuje-presun-komunalnych-volieb-a-zamysla-predlzenie-funkcneho-obdobia-starostov-a-primatorov\/#breadcrumb"},"inLanguage":"en-US","potentialAction":[{"@type":"ReadAction","target":["https:\/\/www.smedemokrati.sk\/fico-zvazuje-presun-komunalnych-volieb-a-zamysla-predlzenie-funkcneho-obdobia-starostov-a-primatorov\/"]}]},{"@type":"ImageObject","inLanguage":"en-US","@id":"https:\/\/www.smedemokrati.sk\/fico-zvazuje-presun-komunalnych-volieb-a-zamysla-predlzenie-funkcneho-obdobia-starostov-a-primatorov\/#primaryimage","url":"https:\/\/www.smedemokrati.sk\/wp-content\/uploads\/2025\/08\/539854643_795452873167657_5302898389854821111_n.jpg","contentUrl":"https:\/\/www.smedemokrati.sk\/wp-content\/uploads\/2025\/08\/539854643_795452873167657_5302898389854821111_n.jpg","width":1920,"height":1080},{"@type":"BreadcrumbList","@id":"https:\/\/www.smedemokrati.sk\/fico-zvazuje-presun-komunalnych-volieb-a-zamysla-predlzenie-funkcneho-obdobia-starostov-a-primatorov\/#breadcrumb","itemListElement":[{"@type":"ListItem","position":1,"name":"Domovsk\u00e1 str\u00e1nka","item":"https:\/\/www.smedemokrati.sk\/"},{"@type":"ListItem","position":2,"name":"Fico zva\u017euje presun komun\u00e1lnych volieb a zam\u00fd\u0161\u013ea pred\u013a\u017eenie funk\u010dn\u00e9ho obdobia starostov a prim\u00e1torov"}]},{"@type":"WebSite","@id":"https:\/\/www.smedemokrati.sk\/#website","url":"https:\/\/www.smedemokrati.sk\/","name":"Smedemokrati.sk","description":"Demokracia a slu\u0161nos\u0165 zv\u00ed\u0165az\u00ed","publisher":{"@id":"https:\/\/www.smedemokrati.sk\/#organization"},"potentialAction":[{"@type":"SearchAction","target":{"@type":"EntryPoint","urlTemplate":"https:\/\/www.smedemokrati.sk\/?s={search_term_string}"},"query-input":{"@type":"PropertyValueSpecification","valueRequired":true,"valueName":"search_term_string"}}],"inLanguage":"en-US"},{"@type":"Organization","@id":"https:\/\/www.smedemokrati.sk\/#organization","name":"Smedemokrati.sk","url":"https:\/\/www.smedemokrati.sk\/","logo":{"@type":"ImageObject","inLanguage":"en-US","@id":"https:\/\/www.smedemokrati.sk\/#\/schema\/logo\/image\/","url":"https:\/\/www.smedemokrati.sk\/wp-content\/uploads\/2023\/04\/ff.002.jpeg","contentUrl":"https:\/\/www.smedemokrati.sk\/wp-content\/uploads\/2023\/04\/ff.002.jpeg","width":640,"height":480,"caption":"Smedemokrati.sk"},"image":{"@id":"https:\/\/www.smedemokrati.sk\/#\/schema\/logo\/image\/"},"sameAs":["https:\/\/www.facebook.com\/smedemokrati2023"]},{"@type":"Person","@id":"https:\/\/www.smedemokrati.sk\/#\/schema\/person\/21f147c88d605aa7ded900e1e7c344ba","name":"miro.sopko","image":{"@type":"ImageObject","inLanguage":"en-US","@id":"https:\/\/secure.gravatar.com\/avatar\/267e4a36f704376c109afe3a78740c1f5dd8675a2180a908699e7863c9247606?s=96&d=mm&r=g","url":"https:\/\/secure.gravatar.com\/avatar\/267e4a36f704376c109afe3a78740c1f5dd8675a2180a908699e7863c9247606?s=96&d=mm&r=g","contentUrl":"https:\/\/secure.gravatar.com\/avatar\/267e4a36f704376c109afe3a78740c1f5dd8675a2180a908699e7863c9247606?s=96&d=mm&r=g","caption":"miro.sopko"},"url":"https:\/\/www.smedemokrati.sk\/en\/author\/miro-sopko\/"}]}},"_links":{"self":[{"href":"https:\/\/www.smedemokrati.sk\/en\/wp-json\/wp\/v2\/posts\/8022","targetHints":{"allow":["GET"]}}],"collection":[{"href":"https:\/\/www.smedemokrati.sk\/en\/wp-json\/wp\/v2\/posts"}],"about":[{"href":"https:\/\/www.smedemokrati.sk\/en\/wp-json\/wp\/v2\/types\/post"}],"author":[{"embeddable":true,"href":"https:\/\/www.smedemokrati.sk\/en\/wp-json\/wp\/v2\/users\/13"}],"replies":[{"embeddable":true,"href":"https:\/\/www.smedemokrati.sk\/en\/wp-json\/wp\/v2\/comments?post=8022"}],"version-history":[{"count":1,"href":"https:\/\/www.smedemokrati.sk\/en\/wp-json\/wp\/v2\/posts\/8022\/revisions"}],"predecessor-version":[{"id":8024,"href":"https:\/\/www.smedemokrati.sk\/en\/wp-json\/wp\/v2\/posts\/8022\/revisions\/8024"}],"wp:featuredmedia":[{"embeddable":true,"href":"https:\/\/www.smedemokrati.sk\/en\/wp-json\/wp\/v2\/media\/8023"}],"wp:attachment":[{"href":"https:\/\/www.smedemokrati.sk\/en\/wp-json\/wp\/v2\/media?parent=8022"}],"wp:term":[{"taxonomy":"category","embeddable":true,"href":"https:\/\/www.smedemokrati.sk\/en\/wp-json\/wp\/v2\/categories?post=8022"},{"taxonomy":"post_tag","embeddable":true,"href":"https:\/\/www.smedemokrati.sk\/en\/wp-json\/wp\/v2\/tags?post=8022"}],"curies":[{"name":"wp","href":"https:\/\/api.w.org\/{rel}","templated":true}]}}