{"id":8015,"date":"2025-08-27T19:30:13","date_gmt":"2025-08-27T18:30:13","guid":{"rendered":"https:\/\/www.smedemokrati.sk\/?p=8015"},"modified":"2025-08-27T19:30:14","modified_gmt":"2025-08-27T18:30:14","slug":"podavame-trestne-oznamenie-na-brat-za-brata","status":"publish","type":"post","link":"https:\/\/www.smedemokrati.sk\/en\/podavame-trestne-oznamenie-na-brat-za-brata\/","title":{"rendered":"Pod\u00e1vame trestn\u00e9 ozn\u00e1menie na Brat za brata"},"content":{"rendered":"<div id=\"fb-root\"><\/div>\n\n<p><strong>Demokrati podali na GP SR za zjavne sfal\u0161ovan\u00fa pet\u00edciu, ktor\u00fa organizovalo hnutie Brat za brata trestn\u00e9 ozn\u00e1menie. Strana kritizuje, \u017ee vo veci doteraz org\u00e1ny \u010dinn\u00e9 v trestnom konan\u00ed nepodnikli \u017eiadne kroky a \u017eiada vl\u00e1du a bezpe\u010dnostn\u00e9 aby venovala hnutiu pozornos\u0165 a to pre ich aktivity, ktor\u00e9 v\u00e1\u017ene ohrozuj\u00fa ob\u010danov.<\/strong><\/p>\n\n\n\n<p><em>&#8220;V s\u00favislosti s aktivitami organiz\u00e1cie Brat za brata sme o\u010dak\u00e1vali aktivitu gener\u00e1lnej prokurat\u00fary a org\u00e1nov \u010dinn\u00fdch v trestnom konan\u00ed. Vid\u00edme hajlovanie, propag\u00e1ciu komunistick\u00fdch symbolov, vyhr\u00e1\u017eaj\u00fa sa novin\u00e1rom, fal\u0161uj\u00fa podpisy k referendu a zoznam pokra\u010duje \u010falej. Je tu v\u00e1\u017ene podozrenie na prepojenie na cudziu moc s cie\u013eom destabilizova\u0165 n\u00e1\u0161 syst\u00e9m. No od zodpovedn\u00fdch org\u00e1nov je hrobov\u00e9 ticho. Kde s\u00fa teraz t\u00ed, \u010do to\u013eko hovoria o \u0161t\u00e1tnom prevrate, kde je teraz Ga\u0161par, \u0160utaj a spol. Teraz by mali kona\u0165 a nie pri neexistuj\u00facich \u0161t\u00e1tnych prevratoch a pu\u010doch alebo ako\u017ee teroristoch z gruz\u00ednskych l\u00e9gi\u00ed,&#8221;&nbsp;<\/em>Otv\u00e1ra t\u00e9mu Juraj \u0160eliga podpredseda strany Demokrati.&nbsp;<\/p>\n\n\n\n<p><em>&#8220;\u010cinnos\u0165 hnutia Brat za brata vykazuje v\u0161etky zn\u00e1mky takzvan\u00e9ho hybridn\u00e9ho p\u00f4sobenia. Ich aktivity popieraj\u00fa na\u0161e \u010dlenstvo v eur\u00f3pskych a alian\u010dn\u00fdch \u0161trukt\u00farach, predstavitelia organiz\u00e1cie maj\u00fa \u00fazke prepojenia na re\u017eim, ktor\u00fd predstavuje celospolo\u010densk\u00fa hrozbu a ich ostatn\u00e9 konanie u\u017e d\u00e1vno malo org\u00e1ny \u010dinne v tresnom konan\u00ed povzbudi\u0165 k tomu, aby sa bli\u017e\u0161ie pozreli na ich fungovanie.&#8221;&nbsp;<\/em>Hovor\u00ed Monika Podhor\u00e1ny Masarikov\u00e1 bezpe\u010dnostn\u00e1 analyti\u010dka. Kritizuje, \u017ee vo veciach, ktor\u00e9 sa t\u00fdkaj\u00fa ohrozenia predstavite\u013eov vl\u00e1dnej koal\u00edcie, ve\u013emi spr\u00e1vne ihne\u010f konaj\u00fa org\u00e1ny \u0161t\u00e1tu. No ak ide o ohrozenie ob\u010danov vl\u00e1da jednoducho nekon\u00e1. Vyz\u00fdva preto najm\u00e4 bezpe\u010dnostn\u00e9 zlo\u017eky aby zodpovedne pristupovali k celej veci a podrobne nielen monitorovali aktivity hnutia, ale tie\u017e urobili adekv\u00e1tne kroky na zamedzenie \u0161\u00edrenia \u0161kodlivej propagandy a po novom aj nebezpe\u010dn\u00fdch vyhr\u00e1\u017eok.<\/p>\n\n\n\n<p><em>&#8220;Som z Brezna kde sa pod pet\u00edciu Brat za Brata, za zru\u0161enie protirusk\u00fdch sankci\u00ed podp\u00edsalo viac ako 10 tis\u00edc opr\u00e1vnen\u00fdch voli\u010dov mesta, pri\u010dom opr\u00e1vnen\u00fdch sa podp\u00edsa\u0165 je okolo 12 tis\u00edc. Domnievame sa, \u017ee mohlo d\u00f4js\u0165 k \u00faniku z datab\u00e1zy \u010di u\u017e centr\u00e1lneho registra obyvate\u013eov, miestnej alebo \u0161t\u00e1tnej spr\u00e1vy. Prezident Pellegrini toto zjavn\u00e9 sfal\u0161ovanie pet\u00edcie okomentoval, no nem\u00e1me vedomos\u0165 o tom, \u017ee by vo veci aj nie\u010do urobil. Pod\u00e1vame preto trestn\u00e9 ozn\u00e1menie a o\u010dak\u00e1vame, \u017ee prokurat\u00fara sa t\u00fdmto podozreniam bude naplno venova\u0165.&#8221;&nbsp;<\/em>Povedal Michal Dol\u0148an pr\u00e1vnik a okresn\u00fd predseda strany Demokrati v Brezne.<\/p>\n\n\n\n<figure class=\"wp-block-embed is-type-video is-provider-youtube wp-block-embed-youtube wp-embed-aspect-16-9 wp-has-aspect-ratio\"><div class=\"wp-block-embed__wrapper\">\n<iframe title=\"Live: Poda\u0301vame trestne\u0301 ozna\u0301menie na Brat za brata\" width=\"500\" height=\"281\" src=\"https:\/\/www.youtube.com\/embed\/r8vpRoF6e9o?feature=oembed\" frameborder=\"0\" allow=\"accelerometer; autoplay; clipboard-write; encrypted-media; gyroscope; picture-in-picture; web-share\" referrerpolicy=\"strict-origin-when-cross-origin\" allowfullscreen><\/iframe>\n<\/div><\/figure>\n","protected":false},"excerpt":{"rendered":"<p>Demokrati podali na GP SR za zjavne sfal\u0161ovan\u00fa pet\u00edciu, ktor\u00fa organizovalo hnutie Brat za brata trestn\u00e9 ozn\u00e1menie. Strana kritizuje, \u017ee vo veci doteraz org\u00e1ny \u010dinn\u00e9 v trestnom konan\u00ed nepodnikli \u017eiadne kroky a \u017eiada vl\u00e1du a bezpe\u010dnostn\u00e9 aby venovala hnutiu pozornos\u0165 a to pre ich aktivity, ktor\u00e9 v\u00e1\u017ene ohrozuj\u00fa ob\u010danov. &#8220;V s\u00favislosti s aktivitami organiz\u00e1cie Brat [&hellip;]<\/p>\n","protected":false},"author":13,"featured_media":8016,"comment_status":"closed","ping_status":"closed","sticky":false,"template":"","format":"standard","meta":{"_acf_changed":false,"ngg_post_thumbnail":0,"footnotes":""},"categories":[4],"tags":[],"class_list":["post-8015","post","type-post","status-publish","format-standard","has-post-thumbnail","hentry","category-tlacove-spravy"],"acf":[],"yoast_head":"<!-- This site is optimized with the Yoast SEO plugin v27.2 - https:\/\/yoast.com\/product\/yoast-seo-wordpress\/ -->\n<title>Pod\u00e1vame trestn\u00e9 ozn\u00e1menie na Brat za brata<\/title>\n<meta name=\"robots\" content=\"index, follow, max-snippet:-1, max-image-preview:large, max-video-preview:-1\" \/>\n<link rel=\"canonical\" href=\"https:\/\/www.smedemokrati.sk\/en\/podavame-trestne-oznamenie-na-brat-za-brata\/\" \/>\n<meta property=\"og:locale\" content=\"en_US\" \/>\n<meta property=\"og:locale:alternate\" content=\"cs_CZ\" \/>\n<meta property=\"og:locale:alternate\" content=\"hu_HU\" \/>\n<meta property=\"og:locale:alternate\" content=\"sk_SK\" \/>\n<meta property=\"og:locale:alternate\" content=\"sv_SE\" \/>\n<meta property=\"og:type\" content=\"article\" \/>\n<meta property=\"og:title\" content=\"Pod\u00e1vame trestn\u00e9 ozn\u00e1menie na Brat za brata\" \/>\n<meta property=\"og:description\" content=\"Demokrati podali na GP SR za zjavne sfal\u0161ovan\u00fa pet\u00edciu, ktor\u00fa organizovalo hnutie Brat za brata trestn\u00e9 ozn\u00e1menie. Strana kritizuje, \u017ee vo veci doteraz org\u00e1ny \u010dinn\u00e9 v trestnom konan\u00ed nepodnikli \u017eiadne kroky a \u017eiada vl\u00e1du a bezpe\u010dnostn\u00e9 aby venovala hnutiu pozornos\u0165 a to pre ich aktivity, ktor\u00e9 v\u00e1\u017ene ohrozuj\u00fa ob\u010danov. &#8220;V s\u00favislosti s aktivitami organiz\u00e1cie Brat [&hellip;]\" \/>\n<meta property=\"og:url\" content=\"https:\/\/www.smedemokrati.sk\/en\/podavame-trestne-oznamenie-na-brat-za-brata\/\" \/>\n<meta property=\"og:site_name\" content=\"Smedemokrati.sk\" \/>\n<meta property=\"article:publisher\" content=\"https:\/\/www.facebook.com\/smedemokrati2023\" \/>\n<meta property=\"article:published_time\" content=\"2025-08-27T18:30:13+00:00\" \/>\n<meta property=\"article:modified_time\" content=\"2025-08-27T18:30:14+00:00\" \/>\n<meta property=\"og:image\" content=\"https:\/\/www.smedemokrati.sk\/wp-content\/uploads\/2025\/08\/trestne_oznamenie_bzb-e1756319403716.jpg\" \/>\n\t<meta property=\"og:image:width\" content=\"956\" \/>\n\t<meta property=\"og:image:height\" content=\"720\" \/>\n\t<meta property=\"og:image:type\" content=\"image\/jpeg\" \/>\n<meta name=\"author\" content=\"miro.sopko\" \/>\n<meta name=\"twitter:card\" content=\"summary_large_image\" \/>\n<meta name=\"twitter:label1\" content=\"Written by\" \/>\n\t<meta name=\"twitter:data1\" content=\"miro.sopko\" \/>\n\t<meta name=\"twitter:label2\" content=\"Est. reading time\" \/>\n\t<meta name=\"twitter:data2\" content=\"3 minutes\" \/>\n<script type=\"application\/ld+json\" class=\"yoast-schema-graph\">{\"@context\":\"https:\/\/schema.org\",\"@graph\":[{\"@type\":\"Article\",\"@id\":\"https:\/\/www.smedemokrati.sk\/podavame-trestne-oznamenie-na-brat-za-brata\/#article\",\"isPartOf\":{\"@id\":\"https:\/\/www.smedemokrati.sk\/podavame-trestne-oznamenie-na-brat-za-brata\/\"},\"author\":{\"name\":\"miro.sopko\",\"@id\":\"https:\/\/www.smedemokrati.sk\/#\/schema\/person\/21f147c88d605aa7ded900e1e7c344ba\"},\"headline\":\"Pod\u00e1vame trestn\u00e9 ozn\u00e1menie na Brat za brata\",\"datePublished\":\"2025-08-27T18:30:13+00:00\",\"dateModified\":\"2025-08-27T18:30:14+00:00\",\"mainEntityOfPage\":{\"@id\":\"https:\/\/www.smedemokrati.sk\/podavame-trestne-oznamenie-na-brat-za-brata\/\"},\"wordCount\":487,\"publisher\":{\"@id\":\"https:\/\/www.smedemokrati.sk\/#organization\"},\"image\":{\"@id\":\"https:\/\/www.smedemokrati.sk\/podavame-trestne-oznamenie-na-brat-za-brata\/#primaryimage\"},\"thumbnailUrl\":\"https:\/\/www.smedemokrati.sk\/wp-content\/uploads\/2025\/08\/trestne_oznamenie_bzb-e1756319403716.jpg\",\"articleSection\":[\"Tla\u010dov\u00e9 spr\u00e1vy\"],\"inLanguage\":\"en-US\"},{\"@type\":\"WebPage\",\"@id\":\"https:\/\/www.smedemokrati.sk\/podavame-trestne-oznamenie-na-brat-za-brata\/\",\"url\":\"https:\/\/www.smedemokrati.sk\/podavame-trestne-oznamenie-na-brat-za-brata\/\",\"name\":\"Pod\u00e1vame trestn\u00e9 ozn\u00e1menie na Brat za brata\",\"isPartOf\":{\"@id\":\"https:\/\/www.smedemokrati.sk\/#website\"},\"primaryImageOfPage\":{\"@id\":\"https:\/\/www.smedemokrati.sk\/podavame-trestne-oznamenie-na-brat-za-brata\/#primaryimage\"},\"image\":{\"@id\":\"https:\/\/www.smedemokrati.sk\/podavame-trestne-oznamenie-na-brat-za-brata\/#primaryimage\"},\"thumbnailUrl\":\"https:\/\/www.smedemokrati.sk\/wp-content\/uploads\/2025\/08\/trestne_oznamenie_bzb-e1756319403716.jpg\",\"datePublished\":\"2025-08-27T18:30:13+00:00\",\"dateModified\":\"2025-08-27T18:30:14+00:00\",\"breadcrumb\":{\"@id\":\"https:\/\/www.smedemokrati.sk\/podavame-trestne-oznamenie-na-brat-za-brata\/#breadcrumb\"},\"inLanguage\":\"en-US\",\"potentialAction\":[{\"@type\":\"ReadAction\",\"target\":[\"https:\/\/www.smedemokrati.sk\/podavame-trestne-oznamenie-na-brat-za-brata\/\"]}]},{\"@type\":\"ImageObject\",\"inLanguage\":\"en-US\",\"@id\":\"https:\/\/www.smedemokrati.sk\/podavame-trestne-oznamenie-na-brat-za-brata\/#primaryimage\",\"url\":\"https:\/\/www.smedemokrati.sk\/wp-content\/uploads\/2025\/08\/trestne_oznamenie_bzb-e1756319403716.jpg\",\"contentUrl\":\"https:\/\/www.smedemokrati.sk\/wp-content\/uploads\/2025\/08\/trestne_oznamenie_bzb-e1756319403716.jpg\",\"width\":956,\"height\":720},{\"@type\":\"BreadcrumbList\",\"@id\":\"https:\/\/www.smedemokrati.sk\/podavame-trestne-oznamenie-na-brat-za-brata\/#breadcrumb\",\"itemListElement\":[{\"@type\":\"ListItem\",\"position\":1,\"name\":\"Domovsk\u00e1 str\u00e1nka\",\"item\":\"https:\/\/www.smedemokrati.sk\/\"},{\"@type\":\"ListItem\",\"position\":2,\"name\":\"Pod\u00e1vame trestn\u00e9 ozn\u00e1menie na Brat za brata\"}]},{\"@type\":\"WebSite\",\"@id\":\"https:\/\/www.smedemokrati.sk\/#website\",\"url\":\"https:\/\/www.smedemokrati.sk\/\",\"name\":\"Smedemokrati.sk\",\"description\":\"Demokracia a slu\u0161nos\u0165 zv\u00ed\u0165az\u00ed\",\"publisher\":{\"@id\":\"https:\/\/www.smedemokrati.sk\/#organization\"},\"potentialAction\":[{\"@type\":\"SearchAction\",\"target\":{\"@type\":\"EntryPoint\",\"urlTemplate\":\"https:\/\/www.smedemokrati.sk\/?s={search_term_string}\"},\"query-input\":{\"@type\":\"PropertyValueSpecification\",\"valueRequired\":true,\"valueName\":\"search_term_string\"}}],\"inLanguage\":\"en-US\"},{\"@type\":\"Organization\",\"@id\":\"https:\/\/www.smedemokrati.sk\/#organization\",\"name\":\"Smedemokrati.sk\",\"url\":\"https:\/\/www.smedemokrati.sk\/\",\"logo\":{\"@type\":\"ImageObject\",\"inLanguage\":\"en-US\",\"@id\":\"https:\/\/www.smedemokrati.sk\/#\/schema\/logo\/image\/\",\"url\":\"https:\/\/www.smedemokrati.sk\/wp-content\/uploads\/2023\/04\/ff.002.jpeg\",\"contentUrl\":\"https:\/\/www.smedemokrati.sk\/wp-content\/uploads\/2023\/04\/ff.002.jpeg\",\"width\":640,\"height\":480,\"caption\":\"Smedemokrati.sk\"},\"image\":{\"@id\":\"https:\/\/www.smedemokrati.sk\/#\/schema\/logo\/image\/\"},\"sameAs\":[\"https:\/\/www.facebook.com\/smedemokrati2023\"]},{\"@type\":\"Person\",\"@id\":\"https:\/\/www.smedemokrati.sk\/#\/schema\/person\/21f147c88d605aa7ded900e1e7c344ba\",\"name\":\"miro.sopko\",\"image\":{\"@type\":\"ImageObject\",\"inLanguage\":\"en-US\",\"@id\":\"https:\/\/secure.gravatar.com\/avatar\/267e4a36f704376c109afe3a78740c1f5dd8675a2180a908699e7863c9247606?s=96&d=mm&r=g\",\"url\":\"https:\/\/secure.gravatar.com\/avatar\/267e4a36f704376c109afe3a78740c1f5dd8675a2180a908699e7863c9247606?s=96&d=mm&r=g\",\"contentUrl\":\"https:\/\/secure.gravatar.com\/avatar\/267e4a36f704376c109afe3a78740c1f5dd8675a2180a908699e7863c9247606?s=96&d=mm&r=g\",\"caption\":\"miro.sopko\"},\"url\":\"https:\/\/www.smedemokrati.sk\/en\/author\/miro-sopko\/\"}]}<\/script>\n<!-- \/ Yoast SEO plugin. -->","yoast_head_json":{"title":"Pod\u00e1vame trestn\u00e9 ozn\u00e1menie na Brat za brata","robots":{"index":"index","follow":"follow","max-snippet":"max-snippet:-1","max-image-preview":"max-image-preview:large","max-video-preview":"max-video-preview:-1"},"canonical":"https:\/\/www.smedemokrati.sk\/en\/podavame-trestne-oznamenie-na-brat-za-brata\/","og_locale":"en_US","og_type":"article","og_title":"[:sk]Pod\u00e1vame trestn\u00e9 ozn\u00e1menie na Brat za brata[:] - Smedemokrati.sk","og_description":"Demokrati podali na GP SR za zjavne sfal\u0161ovan\u00fa pet\u00edciu, ktor\u00fa organizovalo hnutie Brat za brata trestn\u00e9 ozn\u00e1menie. Strana kritizuje, \u017ee vo veci doteraz org\u00e1ny \u010dinn\u00e9 v trestnom konan\u00ed nepodnikli \u017eiadne kroky a \u017eiada vl\u00e1du a bezpe\u010dnostn\u00e9 aby venovala hnutiu pozornos\u0165 a to pre ich aktivity, ktor\u00e9 v\u00e1\u017ene ohrozuj\u00fa ob\u010danov. &#8220;V s\u00favislosti s aktivitami organiz\u00e1cie Brat [&hellip;]","og_url":"https:\/\/www.smedemokrati.sk\/en\/podavame-trestne-oznamenie-na-brat-za-brata\/","og_site_name":"Smedemokrati.sk","article_publisher":"https:\/\/www.facebook.com\/smedemokrati2023","article_published_time":"2025-08-27T18:30:13+00:00","article_modified_time":"2025-08-27T18:30:14+00:00","og_image":[{"width":956,"height":720,"url":"https:\/\/www.smedemokrati.sk\/wp-content\/uploads\/2025\/08\/trestne_oznamenie_bzb-e1756319403716.jpg","type":"image\/jpeg"}],"author":"miro.sopko","twitter_card":"summary_large_image","twitter_misc":{"Written by":"miro.sopko","Est. reading time":"3 minutes"},"schema":{"@context":"https:\/\/schema.org","@graph":[{"@type":"Article","@id":"https:\/\/www.smedemokrati.sk\/podavame-trestne-oznamenie-na-brat-za-brata\/#article","isPartOf":{"@id":"https:\/\/www.smedemokrati.sk\/podavame-trestne-oznamenie-na-brat-za-brata\/"},"author":{"name":"miro.sopko","@id":"https:\/\/www.smedemokrati.sk\/#\/schema\/person\/21f147c88d605aa7ded900e1e7c344ba"},"headline":"Pod\u00e1vame trestn\u00e9 ozn\u00e1menie na Brat za brata","datePublished":"2025-08-27T18:30:13+00:00","dateModified":"2025-08-27T18:30:14+00:00","mainEntityOfPage":{"@id":"https:\/\/www.smedemokrati.sk\/podavame-trestne-oznamenie-na-brat-za-brata\/"},"wordCount":487,"publisher":{"@id":"https:\/\/www.smedemokrati.sk\/#organization"},"image":{"@id":"https:\/\/www.smedemokrati.sk\/podavame-trestne-oznamenie-na-brat-za-brata\/#primaryimage"},"thumbnailUrl":"https:\/\/www.smedemokrati.sk\/wp-content\/uploads\/2025\/08\/trestne_oznamenie_bzb-e1756319403716.jpg","articleSection":["Tla\u010dov\u00e9 spr\u00e1vy"],"inLanguage":"en-US"},{"@type":"WebPage","@id":"https:\/\/www.smedemokrati.sk\/podavame-trestne-oznamenie-na-brat-za-brata\/","url":"https:\/\/www.smedemokrati.sk\/podavame-trestne-oznamenie-na-brat-za-brata\/","name":"Pod\u00e1vame trestn\u00e9 ozn\u00e1menie na Brat za brata","isPartOf":{"@id":"https:\/\/www.smedemokrati.sk\/#website"},"primaryImageOfPage":{"@id":"https:\/\/www.smedemokrati.sk\/podavame-trestne-oznamenie-na-brat-za-brata\/#primaryimage"},"image":{"@id":"https:\/\/www.smedemokrati.sk\/podavame-trestne-oznamenie-na-brat-za-brata\/#primaryimage"},"thumbnailUrl":"https:\/\/www.smedemokrati.sk\/wp-content\/uploads\/2025\/08\/trestne_oznamenie_bzb-e1756319403716.jpg","datePublished":"2025-08-27T18:30:13+00:00","dateModified":"2025-08-27T18:30:14+00:00","breadcrumb":{"@id":"https:\/\/www.smedemokrati.sk\/podavame-trestne-oznamenie-na-brat-za-brata\/#breadcrumb"},"inLanguage":"en-US","potentialAction":[{"@type":"ReadAction","target":["https:\/\/www.smedemokrati.sk\/podavame-trestne-oznamenie-na-brat-za-brata\/"]}]},{"@type":"ImageObject","inLanguage":"en-US","@id":"https:\/\/www.smedemokrati.sk\/podavame-trestne-oznamenie-na-brat-za-brata\/#primaryimage","url":"https:\/\/www.smedemokrati.sk\/wp-content\/uploads\/2025\/08\/trestne_oznamenie_bzb-e1756319403716.jpg","contentUrl":"https:\/\/www.smedemokrati.sk\/wp-content\/uploads\/2025\/08\/trestne_oznamenie_bzb-e1756319403716.jpg","width":956,"height":720},{"@type":"BreadcrumbList","@id":"https:\/\/www.smedemokrati.sk\/podavame-trestne-oznamenie-na-brat-za-brata\/#breadcrumb","itemListElement":[{"@type":"ListItem","position":1,"name":"Domovsk\u00e1 str\u00e1nka","item":"https:\/\/www.smedemokrati.sk\/"},{"@type":"ListItem","position":2,"name":"Pod\u00e1vame trestn\u00e9 ozn\u00e1menie na Brat za brata"}]},{"@type":"WebSite","@id":"https:\/\/www.smedemokrati.sk\/#website","url":"https:\/\/www.smedemokrati.sk\/","name":"Smedemokrati.sk","description":"Demokracia a slu\u0161nos\u0165 zv\u00ed\u0165az\u00ed","publisher":{"@id":"https:\/\/www.smedemokrati.sk\/#organization"},"potentialAction":[{"@type":"SearchAction","target":{"@type":"EntryPoint","urlTemplate":"https:\/\/www.smedemokrati.sk\/?s={search_term_string}"},"query-input":{"@type":"PropertyValueSpecification","valueRequired":true,"valueName":"search_term_string"}}],"inLanguage":"en-US"},{"@type":"Organization","@id":"https:\/\/www.smedemokrati.sk\/#organization","name":"Smedemokrati.sk","url":"https:\/\/www.smedemokrati.sk\/","logo":{"@type":"ImageObject","inLanguage":"en-US","@id":"https:\/\/www.smedemokrati.sk\/#\/schema\/logo\/image\/","url":"https:\/\/www.smedemokrati.sk\/wp-content\/uploads\/2023\/04\/ff.002.jpeg","contentUrl":"https:\/\/www.smedemokrati.sk\/wp-content\/uploads\/2023\/04\/ff.002.jpeg","width":640,"height":480,"caption":"Smedemokrati.sk"},"image":{"@id":"https:\/\/www.smedemokrati.sk\/#\/schema\/logo\/image\/"},"sameAs":["https:\/\/www.facebook.com\/smedemokrati2023"]},{"@type":"Person","@id":"https:\/\/www.smedemokrati.sk\/#\/schema\/person\/21f147c88d605aa7ded900e1e7c344ba","name":"miro.sopko","image":{"@type":"ImageObject","inLanguage":"en-US","@id":"https:\/\/secure.gravatar.com\/avatar\/267e4a36f704376c109afe3a78740c1f5dd8675a2180a908699e7863c9247606?s=96&d=mm&r=g","url":"https:\/\/secure.gravatar.com\/avatar\/267e4a36f704376c109afe3a78740c1f5dd8675a2180a908699e7863c9247606?s=96&d=mm&r=g","contentUrl":"https:\/\/secure.gravatar.com\/avatar\/267e4a36f704376c109afe3a78740c1f5dd8675a2180a908699e7863c9247606?s=96&d=mm&r=g","caption":"miro.sopko"},"url":"https:\/\/www.smedemokrati.sk\/en\/author\/miro-sopko\/"}]}},"_links":{"self":[{"href":"https:\/\/www.smedemokrati.sk\/en\/wp-json\/wp\/v2\/posts\/8015","targetHints":{"allow":["GET"]}}],"collection":[{"href":"https:\/\/www.smedemokrati.sk\/en\/wp-json\/wp\/v2\/posts"}],"about":[{"href":"https:\/\/www.smedemokrati.sk\/en\/wp-json\/wp\/v2\/types\/post"}],"author":[{"embeddable":true,"href":"https:\/\/www.smedemokrati.sk\/en\/wp-json\/wp\/v2\/users\/13"}],"replies":[{"embeddable":true,"href":"https:\/\/www.smedemokrati.sk\/en\/wp-json\/wp\/v2\/comments?post=8015"}],"version-history":[{"count":1,"href":"https:\/\/www.smedemokrati.sk\/en\/wp-json\/wp\/v2\/posts\/8015\/revisions"}],"predecessor-version":[{"id":8017,"href":"https:\/\/www.smedemokrati.sk\/en\/wp-json\/wp\/v2\/posts\/8015\/revisions\/8017"}],"wp:featuredmedia":[{"embeddable":true,"href":"https:\/\/www.smedemokrati.sk\/en\/wp-json\/wp\/v2\/media\/8016"}],"wp:attachment":[{"href":"https:\/\/www.smedemokrati.sk\/en\/wp-json\/wp\/v2\/media?parent=8015"}],"wp:term":[{"taxonomy":"category","embeddable":true,"href":"https:\/\/www.smedemokrati.sk\/en\/wp-json\/wp\/v2\/categories?post=8015"},{"taxonomy":"post_tag","embeddable":true,"href":"https:\/\/www.smedemokrati.sk\/en\/wp-json\/wp\/v2\/tags?post=8015"}],"curies":[{"name":"wp","href":"https:\/\/api.w.org\/{rel}","templated":true}]}}