{"id":7968,"date":"2025-08-19T15:42:16","date_gmt":"2025-08-19T14:42:16","guid":{"rendered":"https:\/\/www.smedemokrati.sk\/?p=7968"},"modified":"2025-08-19T15:45:21","modified_gmt":"2025-08-19T14:45:21","slug":"dost-bolo-strasenia-prevratmi-podavame-trestne-oznamenie-na-predstavitelov-koalicie-za-sirenie-poplasnej-spravy","status":"publish","type":"post","link":"https:\/\/www.smedemokrati.sk\/en\/dost-bolo-strasenia-prevratmi-podavame-trestne-oznamenie-na-predstavitelov-koalicie-za-sirenie-poplasnej-spravy\/","title":{"rendered":"Dos\u0165 bolo stra\u0161enia prevratmi. Pod\u00e1vame trestn\u00e9 ozn\u00e1menie na predstavite\u013eov koal\u00edcie za \u0161irenie popla\u0161nej spr\u00e1vy"},"content":{"rendered":"<div id=\"fb-root\"><\/div>\n\n<p><strong>Strana Demokrati m\u00e1 pln\u00e9 zuby toho, \u017ee odpove\u010fou na v\u0161etko, \u010do opoz\u00edcia alebo ob\u010dianska spolo\u010dnos\u0165 za posledn\u00e9 roky kritizuje na vl\u00e1dnej koal\u00edcii, je zo strany premi\u00e9ra Fica, \u0160utaja E\u0161toka, Andreja Danka, Roberta Kali\u0148\u00e1ka, prezidenta Pellegriniho a in\u00fdch \u2013 \u0161t\u00e1tny prevrat. Ak\u00e1ko\u013evek kritika \u010di pokojn\u00e9 protesty, ktor\u00e9 organizuje opoz\u00edcia alebo ob\u010dianska spolo\u010dnos\u0165, s\u00fa hne\u010f ozna\u010dovan\u00e9 ako \u0161t\u00e1tny prevrat, majdan alebo pu\u010d. Preto strana Demokrati pod\u00e1va na premi\u00e9ra Roberta Fica a \u010fal\u0161\u00edch popredn\u00fdch predstavite\u013eov vl\u00e1dnej koal\u00edcie trestn\u00e9 ozn\u00e1menie za \u0161\u00edrenie popla\u0161nej spr\u00e1vy, nako\u013eko sa nikdy \u017eiadny pokus o prevrat nepotvrdil a tak\u00e9to konanie na\u0161ej spolo\u010dnosti v\u00e1\u017ene ubli\u017euje.<\/strong><\/p>\n\n\n\n<p>\u201eNem\u00f4\u017ee by\u0165 odpove\u010fou na v\u0161etko \u2013 a u\u017e v\u00f4bec nie na kritiku zlej ekonomickej situ\u00e1cie, zmien v trestnom z\u00e1kone, zlej zahrani\u010dnej politiky alebo poklonkovania sa Putinovi \u2013 \u017ee ide o \u0161t\u00e1tny prevrat alebo rozvrat Slovenskej republiky. Od roku 2018 tu bolo pod\u013ea Roberta Fica minim\u00e1lne p\u00e4\u0165 \u0161t\u00e1tnych prevratov alebo pu\u010dov. Toto je prosto neprijate\u013en\u00e9,\u201c vrav\u00ed Juraj \u0160eliga.<\/p>\n\n\n\n<p>\u010ealej dod\u00e1va: \u201eSkuto\u010dnos\u0165 o \u0161\u00edren\u00ed popla\u0161nej spr\u00e1vy zv\u00fdraz\u0148uje aj fakt, \u017ee 6. augusta 2025 bol v Denn\u00edku N publikovan\u00fd text o tom, ako sa \u0161\u00e9f tzv. Gruz\u00ednskych l\u00e9gi\u00ed, pod\u013ea Fica hlavn\u00fd organiz\u00e1tor prevratu na Slovensku, prech\u00e1dzal popred \u00darad vl\u00e1dy, hoci pod\u013ea inform\u00e1ci\u00ed ministra vn\u00fatra a ministra obrany mal ma\u0165 zak\u00e1zan\u00fd vstup do schengensk\u00e9ho priestoru. Sved\u010d\u00ed to o tom, \u017ee si vym\u00fd\u0161\u013eaj\u00fa, klam\u00fa a zakr\u00fdvaj\u00fa svoju neschopnos\u0165 dobre vl\u00e1dnu\u0165. Zneu\u017e\u00edvaj\u00fa t\u00e9mu \u0161t\u00e1tnych prevratov a pu\u010dov na zastra\u0161ovanie opoz\u00edcie a ob\u010dianskej spolo\u010dnosti a najm\u00e4 na prekr\u00fdvanie t\u00e9m. Av\u0161ak ke\u010f\u017ee premi\u00e9r, ministri alebo prezident po\u017e\u00edvaj\u00fa z titulu svojej funkcie v spolo\u010dnosti d\u00f4veru, m\u00f4\u017eu tak\u00fdmto konan\u00edm \u0161\u00edri\u0165 popla\u0161n\u00fa spr\u00e1vu. Ke\u010f n\u00e1m premi\u00e9r opakovane hovor\u00ed, \u017ee n\u00e1m hroz\u00ed \u0161t\u00e1tny prevrat, ve\u013ea \u013eud\u00ed to m\u00f4\u017ee st\u00e1le bra\u0165 v\u00e1\u017ene napriek tomu, \u017ee to nie je pravda. Pr\u00e1ve preto to m\u00f4\u017ee by\u0165 skutok, ktor\u00fd zaklad\u00e1 trestn\u00fd \u010din \u2013 \u0161\u00edrenie popla\u0161nej spr\u00e1vy. M\u00e1 to devasta\u010dn\u00e9 \u00fa\u010dinky na koh\u00e9ziu a s\u00fadr\u017enos\u0165 spolo\u010dnosti. Ke\u010f n\u00e1s hlavn\u00ed vl\u00e1dni predstavitelia k\u0155mia t\u00fdm, \u017ee tu niekto chyst\u00e1 pu\u010d, \u017ee sa tu niekto sna\u017e\u00ed rozbi\u0165 na\u0161u republiku a ka\u017ed\u00fa jednu z\u00e1sadn\u00fa kritiku vyd\u00e1vaj\u00fa za rozvrat Slovenska, tak to absol\u00fatne zab\u00edja na\u0161u s\u00fadr\u017enos\u0165 a diskusiu. Ka\u017ed\u00fd, kto vyjadr\u00ed svoj n\u00e1zor, m\u00e1 by\u0165 rovno ozna\u010den\u00fd za pu\u010distu, rozvraca\u010da alebo Cintulovca. Gener\u00e1lna prokurat\u00fara by sa mala na tieto skutky v\u00e1\u017ene pozrie\u0165.\u201c<\/p>\n\n\n\n<p>Matej Kar\u00e1sek zo strany Demokrati zd\u00f4vodnil svoje rozhodnutie poda\u0165 trestn\u00e9 ozn\u00e1menie ako svoju ob\u010diansku povinnos\u0165 i gesto, ktor\u00fdm chc\u00fa Demokrati uk\u00e1za\u0165, \u017ee odmietaj\u00fa ur\u00e1\u017eanie a poni\u017eovanie obyvate\u013eov Slovenska evidentn\u00fdmi a detsk\u00fdmi l\u017eami vl\u00e1dy. Kar\u00e1sek z\u00e1rove\u0148 upozornil na vedeck\u00e9 d\u00e1ta, ktor\u00e9 vypovedaj\u00fa o alarmuj\u00facich trendoch v poklese soci\u00e1lnej s\u00fadr\u017enosti na Slovensku. \u00dapadok spolo\u010denskej s\u00fadr\u017enosti je pod\u013ea neho z\u00e1rove\u0148 akcelerovan\u00fd pr\u00e1ve v\u00fdrokmi vl\u00e1dnych predstavite\u013eov o \u0161t\u00e1tnom prevrate. Kar\u00e1sek taktie\u017e upozornil, \u017ee rozklad s\u00fadr\u017enosti m\u00f4\u017ee vies\u0165 k dramatick\u00fdm a tragick\u00fdm d\u00f4sledkom a vyzval akademick\u00fa komunitu, aby sa zhostila svojej povinnosti a verejne upozor\u0148ovala na negat\u00edvne javy, ktor\u00e9 v spolo\u010dnosti podnecuje vl\u00e1da R. Fica.<\/p>\n\n\n<div class=\"fb-video\" data-href=\"https:\/\/fb.watch\/BAb0LVPYOO\" data-allowfullscreen=\"true\" data-autoplay=\"false\" data-width=\"\" data-show-text=\"false\" data-show-captions=\"true\"><\/div>\n","protected":false},"excerpt":{"rendered":"<p>Strana Demokrati m\u00e1 pln\u00e9 zuby toho, \u017ee odpove\u010fou na v\u0161etko, \u010do opoz\u00edcia alebo ob\u010dianska spolo\u010dnos\u0165 za posledn\u00e9 roky kritizuje na vl\u00e1dnej koal\u00edcii, je zo strany premi\u00e9ra Fica, \u0160utaja E\u0161toka, Andreja Danka, Roberta Kali\u0148\u00e1ka, prezidenta Pellegriniho a in\u00fdch \u2013 \u0161t\u00e1tny prevrat. Ak\u00e1ko\u013evek kritika \u010di pokojn\u00e9 protesty, ktor\u00e9 organizuje opoz\u00edcia alebo ob\u010dianska spolo\u010dnos\u0165, s\u00fa hne\u010f ozna\u010dovan\u00e9 ako [&hellip;]<\/p>\n","protected":false},"author":13,"featured_media":7971,"comment_status":"closed","ping_status":"closed","sticky":false,"template":"","format":"standard","meta":{"_acf_changed":false,"ngg_post_thumbnail":0,"footnotes":""},"categories":[4],"tags":[],"class_list":["post-7968","post","type-post","status-publish","format-standard","has-post-thumbnail","hentry","category-tlacove-spravy"],"acf":[],"yoast_head":"<!-- This site is optimized with the Yoast SEO plugin v27.2 - https:\/\/yoast.com\/product\/yoast-seo-wordpress\/ -->\n<title>Dos\u0165 bolo stra\u0161enia prevratmi. Pod\u00e1vame trestn\u00e9 ozn\u00e1menie na predstavite\u013eov koal\u00edcie za \u0161irenie popla\u0161nej spr\u00e1vy<\/title>\n<meta name=\"robots\" content=\"index, follow, max-snippet:-1, max-image-preview:large, max-video-preview:-1\" \/>\n<link rel=\"canonical\" href=\"https:\/\/www.smedemokrati.sk\/en\/dost-bolo-strasenia-prevratmi-podavame-trestne-oznamenie-na-predstavitelov-koalicie-za-sirenie-poplasnej-spravy\/\" \/>\n<meta property=\"og:locale\" content=\"en_US\" \/>\n<meta property=\"og:locale:alternate\" content=\"cs_CZ\" \/>\n<meta property=\"og:locale:alternate\" content=\"hu_HU\" \/>\n<meta property=\"og:locale:alternate\" content=\"sk_SK\" \/>\n<meta property=\"og:locale:alternate\" content=\"sv_SE\" \/>\n<meta property=\"og:type\" content=\"article\" \/>\n<meta property=\"og:title\" content=\"Dos\u0165 bolo stra\u0161enia prevratmi. Pod\u00e1vame trestn\u00e9 ozn\u00e1menie na predstavite\u013eov koal\u00edcie za \u0161irenie popla\u0161nej spr\u00e1vy\" \/>\n<meta property=\"og:description\" content=\"Strana Demokrati m\u00e1 pln\u00e9 zuby toho, \u017ee odpove\u010fou na v\u0161etko, \u010do opoz\u00edcia alebo ob\u010dianska spolo\u010dnos\u0165 za posledn\u00e9 roky kritizuje na vl\u00e1dnej koal\u00edcii, je zo strany premi\u00e9ra Fica, \u0160utaja E\u0161toka, Andreja Danka, Roberta Kali\u0148\u00e1ka, prezidenta Pellegriniho a in\u00fdch \u2013 \u0161t\u00e1tny prevrat. Ak\u00e1ko\u013evek kritika \u010di pokojn\u00e9 protesty, ktor\u00e9 organizuje opoz\u00edcia alebo ob\u010dianska spolo\u010dnos\u0165, s\u00fa hne\u010f ozna\u010dovan\u00e9 ako [&hellip;]\" \/>\n<meta property=\"og:url\" content=\"https:\/\/www.smedemokrati.sk\/en\/dost-bolo-strasenia-prevratmi-podavame-trestne-oznamenie-na-predstavitelov-koalicie-za-sirenie-poplasnej-spravy\/\" \/>\n<meta property=\"og:site_name\" content=\"Smedemokrati.sk\" \/>\n<meta property=\"article:publisher\" content=\"https:\/\/www.facebook.com\/smedemokrati2023\" \/>\n<meta property=\"article:published_time\" content=\"2025-08-19T14:42:16+00:00\" \/>\n<meta property=\"article:modified_time\" content=\"2025-08-19T14:45:21+00:00\" \/>\n<meta property=\"og:image\" content=\"https:\/\/www.smedemokrati.sk\/wp-content\/uploads\/2025\/08\/stacilo-pan-premier.jpg\" \/>\n\t<meta property=\"og:image:width\" content=\"1502\" \/>\n\t<meta property=\"og:image:height\" content=\"926\" \/>\n\t<meta property=\"og:image:type\" content=\"image\/jpeg\" \/>\n<meta name=\"author\" content=\"miro.sopko\" \/>\n<meta name=\"twitter:card\" content=\"summary_large_image\" \/>\n<meta name=\"twitter:label1\" content=\"Written by\" \/>\n\t<meta name=\"twitter:data1\" content=\"miro.sopko\" \/>\n\t<meta name=\"twitter:label2\" content=\"Est. reading time\" \/>\n\t<meta name=\"twitter:data2\" content=\"3 minutes\" \/>\n<script type=\"application\/ld+json\" class=\"yoast-schema-graph\">{\"@context\":\"https:\/\/schema.org\",\"@graph\":[{\"@type\":\"Article\",\"@id\":\"https:\/\/www.smedemokrati.sk\/dost-bolo-strasenia-prevratmi-podavame-trestne-oznamenie-na-predstavitelov-koalicie-za-sirenie-poplasnej-spravy\/#article\",\"isPartOf\":{\"@id\":\"https:\/\/www.smedemokrati.sk\/dost-bolo-strasenia-prevratmi-podavame-trestne-oznamenie-na-predstavitelov-koalicie-za-sirenie-poplasnej-spravy\/\"},\"author\":{\"name\":\"miro.sopko\",\"@id\":\"https:\/\/www.smedemokrati.sk\/#\/schema\/person\/21f147c88d605aa7ded900e1e7c344ba\"},\"headline\":\"Dos\u0165 bolo stra\u0161enia prevratmi. Pod\u00e1vame trestn\u00e9 ozn\u00e1menie na predstavite\u013eov koal\u00edcie za \u0161irenie popla\u0161nej spr\u00e1vy\",\"datePublished\":\"2025-08-19T14:42:16+00:00\",\"dateModified\":\"2025-08-19T14:45:21+00:00\",\"mainEntityOfPage\":{\"@id\":\"https:\/\/www.smedemokrati.sk\/dost-bolo-strasenia-prevratmi-podavame-trestne-oznamenie-na-predstavitelov-koalicie-za-sirenie-poplasnej-spravy\/\"},\"wordCount\":659,\"publisher\":{\"@id\":\"https:\/\/www.smedemokrati.sk\/#organization\"},\"image\":{\"@id\":\"https:\/\/www.smedemokrati.sk\/dost-bolo-strasenia-prevratmi-podavame-trestne-oznamenie-na-predstavitelov-koalicie-za-sirenie-poplasnej-spravy\/#primaryimage\"},\"thumbnailUrl\":\"https:\/\/www.smedemokrati.sk\/wp-content\/uploads\/2025\/08\/stacilo-pan-premier.jpg\",\"articleSection\":[\"Tla\u010dov\u00e9 spr\u00e1vy\"],\"inLanguage\":\"en-US\"},{\"@type\":\"WebPage\",\"@id\":\"https:\/\/www.smedemokrati.sk\/dost-bolo-strasenia-prevratmi-podavame-trestne-oznamenie-na-predstavitelov-koalicie-za-sirenie-poplasnej-spravy\/\",\"url\":\"https:\/\/www.smedemokrati.sk\/dost-bolo-strasenia-prevratmi-podavame-trestne-oznamenie-na-predstavitelov-koalicie-za-sirenie-poplasnej-spravy\/\",\"name\":\"Dos\u0165 bolo stra\u0161enia prevratmi. Pod\u00e1vame trestn\u00e9 ozn\u00e1menie na predstavite\u013eov koal\u00edcie za \u0161irenie popla\u0161nej spr\u00e1vy\",\"isPartOf\":{\"@id\":\"https:\/\/www.smedemokrati.sk\/#website\"},\"primaryImageOfPage\":{\"@id\":\"https:\/\/www.smedemokrati.sk\/dost-bolo-strasenia-prevratmi-podavame-trestne-oznamenie-na-predstavitelov-koalicie-za-sirenie-poplasnej-spravy\/#primaryimage\"},\"image\":{\"@id\":\"https:\/\/www.smedemokrati.sk\/dost-bolo-strasenia-prevratmi-podavame-trestne-oznamenie-na-predstavitelov-koalicie-za-sirenie-poplasnej-spravy\/#primaryimage\"},\"thumbnailUrl\":\"https:\/\/www.smedemokrati.sk\/wp-content\/uploads\/2025\/08\/stacilo-pan-premier.jpg\",\"datePublished\":\"2025-08-19T14:42:16+00:00\",\"dateModified\":\"2025-08-19T14:45:21+00:00\",\"breadcrumb\":{\"@id\":\"https:\/\/www.smedemokrati.sk\/dost-bolo-strasenia-prevratmi-podavame-trestne-oznamenie-na-predstavitelov-koalicie-za-sirenie-poplasnej-spravy\/#breadcrumb\"},\"inLanguage\":\"en-US\",\"potentialAction\":[{\"@type\":\"ReadAction\",\"target\":[\"https:\/\/www.smedemokrati.sk\/dost-bolo-strasenia-prevratmi-podavame-trestne-oznamenie-na-predstavitelov-koalicie-za-sirenie-poplasnej-spravy\/\"]}]},{\"@type\":\"ImageObject\",\"inLanguage\":\"en-US\",\"@id\":\"https:\/\/www.smedemokrati.sk\/dost-bolo-strasenia-prevratmi-podavame-trestne-oznamenie-na-predstavitelov-koalicie-za-sirenie-poplasnej-spravy\/#primaryimage\",\"url\":\"https:\/\/www.smedemokrati.sk\/wp-content\/uploads\/2025\/08\/stacilo-pan-premier.jpg\",\"contentUrl\":\"https:\/\/www.smedemokrati.sk\/wp-content\/uploads\/2025\/08\/stacilo-pan-premier.jpg\",\"width\":1502,\"height\":926},{\"@type\":\"BreadcrumbList\",\"@id\":\"https:\/\/www.smedemokrati.sk\/dost-bolo-strasenia-prevratmi-podavame-trestne-oznamenie-na-predstavitelov-koalicie-za-sirenie-poplasnej-spravy\/#breadcrumb\",\"itemListElement\":[{\"@type\":\"ListItem\",\"position\":1,\"name\":\"Domovsk\u00e1 str\u00e1nka\",\"item\":\"https:\/\/www.smedemokrati.sk\/\"},{\"@type\":\"ListItem\",\"position\":2,\"name\":\"Dos\u0165 bolo stra\u0161enia prevratmi. Pod\u00e1vame trestn\u00e9 ozn\u00e1menie na predstavite\u013eov koal\u00edcie za \u0161irenie popla\u0161nej spr\u00e1vy\"}]},{\"@type\":\"WebSite\",\"@id\":\"https:\/\/www.smedemokrati.sk\/#website\",\"url\":\"https:\/\/www.smedemokrati.sk\/\",\"name\":\"Smedemokrati.sk\",\"description\":\"Demokracia a slu\u0161nos\u0165 zv\u00ed\u0165az\u00ed\",\"publisher\":{\"@id\":\"https:\/\/www.smedemokrati.sk\/#organization\"},\"potentialAction\":[{\"@type\":\"SearchAction\",\"target\":{\"@type\":\"EntryPoint\",\"urlTemplate\":\"https:\/\/www.smedemokrati.sk\/?s={search_term_string}\"},\"query-input\":{\"@type\":\"PropertyValueSpecification\",\"valueRequired\":true,\"valueName\":\"search_term_string\"}}],\"inLanguage\":\"en-US\"},{\"@type\":\"Organization\",\"@id\":\"https:\/\/www.smedemokrati.sk\/#organization\",\"name\":\"Smedemokrati.sk\",\"url\":\"https:\/\/www.smedemokrati.sk\/\",\"logo\":{\"@type\":\"ImageObject\",\"inLanguage\":\"en-US\",\"@id\":\"https:\/\/www.smedemokrati.sk\/#\/schema\/logo\/image\/\",\"url\":\"https:\/\/www.smedemokrati.sk\/wp-content\/uploads\/2023\/04\/ff.002.jpeg\",\"contentUrl\":\"https:\/\/www.smedemokrati.sk\/wp-content\/uploads\/2023\/04\/ff.002.jpeg\",\"width\":640,\"height\":480,\"caption\":\"Smedemokrati.sk\"},\"image\":{\"@id\":\"https:\/\/www.smedemokrati.sk\/#\/schema\/logo\/image\/\"},\"sameAs\":[\"https:\/\/www.facebook.com\/smedemokrati2023\"]},{\"@type\":\"Person\",\"@id\":\"https:\/\/www.smedemokrati.sk\/#\/schema\/person\/21f147c88d605aa7ded900e1e7c344ba\",\"name\":\"miro.sopko\",\"image\":{\"@type\":\"ImageObject\",\"inLanguage\":\"en-US\",\"@id\":\"https:\/\/secure.gravatar.com\/avatar\/267e4a36f704376c109afe3a78740c1f5dd8675a2180a908699e7863c9247606?s=96&d=mm&r=g\",\"url\":\"https:\/\/secure.gravatar.com\/avatar\/267e4a36f704376c109afe3a78740c1f5dd8675a2180a908699e7863c9247606?s=96&d=mm&r=g\",\"contentUrl\":\"https:\/\/secure.gravatar.com\/avatar\/267e4a36f704376c109afe3a78740c1f5dd8675a2180a908699e7863c9247606?s=96&d=mm&r=g\",\"caption\":\"miro.sopko\"},\"url\":\"https:\/\/www.smedemokrati.sk\/en\/author\/miro-sopko\/\"}]}<\/script>\n<!-- \/ Yoast SEO plugin. -->","yoast_head_json":{"title":"Dos\u0165 bolo stra\u0161enia prevratmi. Pod\u00e1vame trestn\u00e9 ozn\u00e1menie na predstavite\u013eov koal\u00edcie za \u0161irenie popla\u0161nej spr\u00e1vy","robots":{"index":"index","follow":"follow","max-snippet":"max-snippet:-1","max-image-preview":"max-image-preview:large","max-video-preview":"max-video-preview:-1"},"canonical":"https:\/\/www.smedemokrati.sk\/en\/dost-bolo-strasenia-prevratmi-podavame-trestne-oznamenie-na-predstavitelov-koalicie-za-sirenie-poplasnej-spravy\/","og_locale":"en_US","og_type":"article","og_title":"[:sk]Dos\u0165 bolo stra\u0161enia prevratmi. Pod\u00e1vame trestn\u00e9 ozn\u00e1menie na predstavite\u013eov koal\u00edcie za \u0161irenie popla\u0161nej spr\u00e1vy[:] - Smedemokrati.sk","og_description":"Strana Demokrati m\u00e1 pln\u00e9 zuby toho, \u017ee odpove\u010fou na v\u0161etko, \u010do opoz\u00edcia alebo ob\u010dianska spolo\u010dnos\u0165 za posledn\u00e9 roky kritizuje na vl\u00e1dnej koal\u00edcii, je zo strany premi\u00e9ra Fica, \u0160utaja E\u0161toka, Andreja Danka, Roberta Kali\u0148\u00e1ka, prezidenta Pellegriniho a in\u00fdch \u2013 \u0161t\u00e1tny prevrat. Ak\u00e1ko\u013evek kritika \u010di pokojn\u00e9 protesty, ktor\u00e9 organizuje opoz\u00edcia alebo ob\u010dianska spolo\u010dnos\u0165, s\u00fa hne\u010f ozna\u010dovan\u00e9 ako [&hellip;]","og_url":"https:\/\/www.smedemokrati.sk\/en\/dost-bolo-strasenia-prevratmi-podavame-trestne-oznamenie-na-predstavitelov-koalicie-za-sirenie-poplasnej-spravy\/","og_site_name":"Smedemokrati.sk","article_publisher":"https:\/\/www.facebook.com\/smedemokrati2023","article_published_time":"2025-08-19T14:42:16+00:00","article_modified_time":"2025-08-19T14:45:21+00:00","og_image":[{"width":1502,"height":926,"url":"https:\/\/www.smedemokrati.sk\/wp-content\/uploads\/2025\/08\/stacilo-pan-premier.jpg","type":"image\/jpeg"}],"author":"miro.sopko","twitter_card":"summary_large_image","twitter_misc":{"Written by":"miro.sopko","Est. reading time":"3 minutes"},"schema":{"@context":"https:\/\/schema.org","@graph":[{"@type":"Article","@id":"https:\/\/www.smedemokrati.sk\/dost-bolo-strasenia-prevratmi-podavame-trestne-oznamenie-na-predstavitelov-koalicie-za-sirenie-poplasnej-spravy\/#article","isPartOf":{"@id":"https:\/\/www.smedemokrati.sk\/dost-bolo-strasenia-prevratmi-podavame-trestne-oznamenie-na-predstavitelov-koalicie-za-sirenie-poplasnej-spravy\/"},"author":{"name":"miro.sopko","@id":"https:\/\/www.smedemokrati.sk\/#\/schema\/person\/21f147c88d605aa7ded900e1e7c344ba"},"headline":"Dos\u0165 bolo stra\u0161enia prevratmi. Pod\u00e1vame trestn\u00e9 ozn\u00e1menie na predstavite\u013eov koal\u00edcie za \u0161irenie popla\u0161nej spr\u00e1vy","datePublished":"2025-08-19T14:42:16+00:00","dateModified":"2025-08-19T14:45:21+00:00","mainEntityOfPage":{"@id":"https:\/\/www.smedemokrati.sk\/dost-bolo-strasenia-prevratmi-podavame-trestne-oznamenie-na-predstavitelov-koalicie-za-sirenie-poplasnej-spravy\/"},"wordCount":659,"publisher":{"@id":"https:\/\/www.smedemokrati.sk\/#organization"},"image":{"@id":"https:\/\/www.smedemokrati.sk\/dost-bolo-strasenia-prevratmi-podavame-trestne-oznamenie-na-predstavitelov-koalicie-za-sirenie-poplasnej-spravy\/#primaryimage"},"thumbnailUrl":"https:\/\/www.smedemokrati.sk\/wp-content\/uploads\/2025\/08\/stacilo-pan-premier.jpg","articleSection":["Tla\u010dov\u00e9 spr\u00e1vy"],"inLanguage":"en-US"},{"@type":"WebPage","@id":"https:\/\/www.smedemokrati.sk\/dost-bolo-strasenia-prevratmi-podavame-trestne-oznamenie-na-predstavitelov-koalicie-za-sirenie-poplasnej-spravy\/","url":"https:\/\/www.smedemokrati.sk\/dost-bolo-strasenia-prevratmi-podavame-trestne-oznamenie-na-predstavitelov-koalicie-za-sirenie-poplasnej-spravy\/","name":"Dos\u0165 bolo stra\u0161enia prevratmi. Pod\u00e1vame trestn\u00e9 ozn\u00e1menie na predstavite\u013eov koal\u00edcie za \u0161irenie popla\u0161nej spr\u00e1vy","isPartOf":{"@id":"https:\/\/www.smedemokrati.sk\/#website"},"primaryImageOfPage":{"@id":"https:\/\/www.smedemokrati.sk\/dost-bolo-strasenia-prevratmi-podavame-trestne-oznamenie-na-predstavitelov-koalicie-za-sirenie-poplasnej-spravy\/#primaryimage"},"image":{"@id":"https:\/\/www.smedemokrati.sk\/dost-bolo-strasenia-prevratmi-podavame-trestne-oznamenie-na-predstavitelov-koalicie-za-sirenie-poplasnej-spravy\/#primaryimage"},"thumbnailUrl":"https:\/\/www.smedemokrati.sk\/wp-content\/uploads\/2025\/08\/stacilo-pan-premier.jpg","datePublished":"2025-08-19T14:42:16+00:00","dateModified":"2025-08-19T14:45:21+00:00","breadcrumb":{"@id":"https:\/\/www.smedemokrati.sk\/dost-bolo-strasenia-prevratmi-podavame-trestne-oznamenie-na-predstavitelov-koalicie-za-sirenie-poplasnej-spravy\/#breadcrumb"},"inLanguage":"en-US","potentialAction":[{"@type":"ReadAction","target":["https:\/\/www.smedemokrati.sk\/dost-bolo-strasenia-prevratmi-podavame-trestne-oznamenie-na-predstavitelov-koalicie-za-sirenie-poplasnej-spravy\/"]}]},{"@type":"ImageObject","inLanguage":"en-US","@id":"https:\/\/www.smedemokrati.sk\/dost-bolo-strasenia-prevratmi-podavame-trestne-oznamenie-na-predstavitelov-koalicie-za-sirenie-poplasnej-spravy\/#primaryimage","url":"https:\/\/www.smedemokrati.sk\/wp-content\/uploads\/2025\/08\/stacilo-pan-premier.jpg","contentUrl":"https:\/\/www.smedemokrati.sk\/wp-content\/uploads\/2025\/08\/stacilo-pan-premier.jpg","width":1502,"height":926},{"@type":"BreadcrumbList","@id":"https:\/\/www.smedemokrati.sk\/dost-bolo-strasenia-prevratmi-podavame-trestne-oznamenie-na-predstavitelov-koalicie-za-sirenie-poplasnej-spravy\/#breadcrumb","itemListElement":[{"@type":"ListItem","position":1,"name":"Domovsk\u00e1 str\u00e1nka","item":"https:\/\/www.smedemokrati.sk\/"},{"@type":"ListItem","position":2,"name":"Dos\u0165 bolo stra\u0161enia prevratmi. Pod\u00e1vame trestn\u00e9 ozn\u00e1menie na predstavite\u013eov koal\u00edcie za \u0161irenie popla\u0161nej spr\u00e1vy"}]},{"@type":"WebSite","@id":"https:\/\/www.smedemokrati.sk\/#website","url":"https:\/\/www.smedemokrati.sk\/","name":"Smedemokrati.sk","description":"Demokracia a slu\u0161nos\u0165 zv\u00ed\u0165az\u00ed","publisher":{"@id":"https:\/\/www.smedemokrati.sk\/#organization"},"potentialAction":[{"@type":"SearchAction","target":{"@type":"EntryPoint","urlTemplate":"https:\/\/www.smedemokrati.sk\/?s={search_term_string}"},"query-input":{"@type":"PropertyValueSpecification","valueRequired":true,"valueName":"search_term_string"}}],"inLanguage":"en-US"},{"@type":"Organization","@id":"https:\/\/www.smedemokrati.sk\/#organization","name":"Smedemokrati.sk","url":"https:\/\/www.smedemokrati.sk\/","logo":{"@type":"ImageObject","inLanguage":"en-US","@id":"https:\/\/www.smedemokrati.sk\/#\/schema\/logo\/image\/","url":"https:\/\/www.smedemokrati.sk\/wp-content\/uploads\/2023\/04\/ff.002.jpeg","contentUrl":"https:\/\/www.smedemokrati.sk\/wp-content\/uploads\/2023\/04\/ff.002.jpeg","width":640,"height":480,"caption":"Smedemokrati.sk"},"image":{"@id":"https:\/\/www.smedemokrati.sk\/#\/schema\/logo\/image\/"},"sameAs":["https:\/\/www.facebook.com\/smedemokrati2023"]},{"@type":"Person","@id":"https:\/\/www.smedemokrati.sk\/#\/schema\/person\/21f147c88d605aa7ded900e1e7c344ba","name":"miro.sopko","image":{"@type":"ImageObject","inLanguage":"en-US","@id":"https:\/\/secure.gravatar.com\/avatar\/267e4a36f704376c109afe3a78740c1f5dd8675a2180a908699e7863c9247606?s=96&d=mm&r=g","url":"https:\/\/secure.gravatar.com\/avatar\/267e4a36f704376c109afe3a78740c1f5dd8675a2180a908699e7863c9247606?s=96&d=mm&r=g","contentUrl":"https:\/\/secure.gravatar.com\/avatar\/267e4a36f704376c109afe3a78740c1f5dd8675a2180a908699e7863c9247606?s=96&d=mm&r=g","caption":"miro.sopko"},"url":"https:\/\/www.smedemokrati.sk\/en\/author\/miro-sopko\/"}]}},"_links":{"self":[{"href":"https:\/\/www.smedemokrati.sk\/en\/wp-json\/wp\/v2\/posts\/7968","targetHints":{"allow":["GET"]}}],"collection":[{"href":"https:\/\/www.smedemokrati.sk\/en\/wp-json\/wp\/v2\/posts"}],"about":[{"href":"https:\/\/www.smedemokrati.sk\/en\/wp-json\/wp\/v2\/types\/post"}],"author":[{"embeddable":true,"href":"https:\/\/www.smedemokrati.sk\/en\/wp-json\/wp\/v2\/users\/13"}],"replies":[{"embeddable":true,"href":"https:\/\/www.smedemokrati.sk\/en\/wp-json\/wp\/v2\/comments?post=7968"}],"version-history":[{"count":1,"href":"https:\/\/www.smedemokrati.sk\/en\/wp-json\/wp\/v2\/posts\/7968\/revisions"}],"predecessor-version":[{"id":7970,"href":"https:\/\/www.smedemokrati.sk\/en\/wp-json\/wp\/v2\/posts\/7968\/revisions\/7970"}],"wp:featuredmedia":[{"embeddable":true,"href":"https:\/\/www.smedemokrati.sk\/en\/wp-json\/wp\/v2\/media\/7971"}],"wp:attachment":[{"href":"https:\/\/www.smedemokrati.sk\/en\/wp-json\/wp\/v2\/media?parent=7968"}],"wp:term":[{"taxonomy":"category","embeddable":true,"href":"https:\/\/www.smedemokrati.sk\/en\/wp-json\/wp\/v2\/categories?post=7968"},{"taxonomy":"post_tag","embeddable":true,"href":"https:\/\/www.smedemokrati.sk\/en\/wp-json\/wp\/v2\/tags?post=7968"}],"curies":[{"name":"wp","href":"https:\/\/api.w.org\/{rel}","templated":true}]}}