{"id":7964,"date":"2025-08-18T16:28:32","date_gmt":"2025-08-18T15:28:32","guid":{"rendered":"https:\/\/www.smedemokrati.sk\/?p=7964"},"modified":"2025-08-18T16:28:33","modified_gmt":"2025-08-18T15:28:33","slug":"putin-nachytal-s-ropou-fica-nepripraveneho","status":"publish","type":"post","link":"https:\/\/www.smedemokrati.sk\/en\/putin-nachytal-s-ropou-fica-nepripraveneho\/","title":{"rendered":"Putin nachytal s ropou Fica nepripraven\u00e9ho"},"content":{"rendered":"<div id=\"fb-root\"><\/div>\n\n<p><strong>Strana Demokrati upozor\u0148uje, \u017ee Putin nachytal Roberta Fica pri preprave ropy nepripraven\u00e9ho a to, \u017ee Slovensko sa mus\u00ed zase zaobera\u0165 zastaven\u00edm dod\u00e1vok ropy z Ruska, je d\u00f4sledok zlej politiky pr\u00e1ve tejto vl\u00e1dy Roberta Fica.\u00a0<\/strong><\/p>\n\n\n\n<p>\u201eKe\u010f som bol ministrom hospod\u00e1rstva, tie\u017e sme \u010delili opakovan\u00fdm preru\u0161eniam dod\u00e1vok, kv\u00f4li Putinovmu bombardovaniu energetickej infra\u0161trukt\u00fary Ukrajiny. Aj preto sme robili ur\u00fdchlene z\u00e1sadn\u00e9 kroky v diverzifik\u00e1cii dovozov a tr\u00e1s pre tieto suroviny,&#8221; hovor\u00ed exminister hospod\u00e1rstva a \u010dlen Predsedn\u00edctva Demokratov Karel Hirman.\u00a0<\/p>\n\n\n\n<p>\u201eBohu\u017eia\u013e, t\u00e1to Ficova vl\u00e1da po svojom n\u00e1stupe v tomto diverzifika\u010dnom \u00fasil\u00ed nielen\u017ee nepokra\u010dovala, ale ho dokonca v nemalej miere zvr\u00e1tila a zase vs\u00e1dza na Putinove suroviny,&#8221; kon\u0161tatuje Hirman.\u00a0<\/p>\n\n\n\n<p>Pod\u013ea jeho slov len naivn\u00fd si m\u00f4\u017ee myslie\u0165, \u017ee v \u010dase vojny a zvl\u00e1\u0161t za situ\u00e1cie, ke\u010f dod\u00e1vate\u013e suroviny (Rusko) napadne jej tranzit\u00e9ra (Ukrajinu), \u017ee nebud\u00fa dod\u00e1vky ohrozen\u00e9. Hirman poukazuje na to, \u017ee takmer v\u0161etci na\u0161i susedia &#8211; Rak\u00fa\u0161ania, \u010cesi, Poliacia &#8211; si tieto rizik\u00e1 uvedomovali a toto nahradenie rusk\u00fdch surov\u00edn u\u017e urobili. \u201eAj preto zo situ\u00e1cie na Dru\u017ebe nie s\u00fa v\u00f4bec nerv\u00f3zni a vlastne ich nezauj\u00edma &#8211; na rozdiel od n\u00e1s a Ma\u010farov. Toto je ohrozenie nielen energetickej bezpe\u010dnosti na\u0161ej krajiny v d\u00f4sledku zl\u00fdch rozhodnut\u00ed Ficovej vl\u00e1dnej koal\u00edcie,&#8221; uzatv\u00e1ra Hirman.<\/p>\n\n\n<div class=\"fb-video\" data-href=\"https:\/\/fb.watch\/ByWSId2ktI\" data-allowfullscreen=\"true\" data-autoplay=\"false\" data-width=\"\" data-show-text=\"false\" data-show-captions=\"true\"><\/div>\n","protected":false},"excerpt":{"rendered":"<p>Strana Demokrati upozor\u0148uje, \u017ee Putin nachytal Roberta Fica pri preprave ropy nepripraven\u00e9ho a to, \u017ee Slovensko sa mus\u00ed zase zaobera\u0165 zastaven\u00edm dod\u00e1vok ropy z Ruska, je d\u00f4sledok zlej politiky pr\u00e1ve tejto vl\u00e1dy Roberta Fica.\u00a0 \u201eKe\u010f som bol ministrom hospod\u00e1rstva, tie\u017e sme \u010delili opakovan\u00fdm preru\u0161eniam dod\u00e1vok, kv\u00f4li Putinovmu bombardovaniu energetickej infra\u0161trukt\u00fary Ukrajiny. Aj preto sme robili [&hellip;]<\/p>\n","protected":false},"author":13,"featured_media":394,"comment_status":"closed","ping_status":"closed","sticky":false,"template":"","format":"standard","meta":{"_acf_changed":false,"ngg_post_thumbnail":0,"footnotes":""},"categories":[4],"tags":[],"class_list":["post-7964","post","type-post","status-publish","format-standard","has-post-thumbnail","hentry","category-tlacove-spravy"],"acf":[],"yoast_head":"<!-- This site is optimized with the Yoast SEO plugin v27.2 - https:\/\/yoast.com\/product\/yoast-seo-wordpress\/ -->\n<title>Putin nachytal s ropou Fica nepripraven\u00e9ho<\/title>\n<meta name=\"robots\" content=\"index, follow, max-snippet:-1, max-image-preview:large, max-video-preview:-1\" \/>\n<link rel=\"canonical\" href=\"https:\/\/www.smedemokrati.sk\/en\/putin-nachytal-s-ropou-fica-nepripraveneho\/\" \/>\n<meta property=\"og:locale\" content=\"en_US\" \/>\n<meta property=\"og:locale:alternate\" content=\"cs_CZ\" \/>\n<meta property=\"og:locale:alternate\" content=\"hu_HU\" \/>\n<meta property=\"og:locale:alternate\" content=\"sk_SK\" \/>\n<meta property=\"og:locale:alternate\" content=\"sv_SE\" \/>\n<meta property=\"og:type\" content=\"article\" \/>\n<meta property=\"og:title\" content=\"Putin nachytal s ropou Fica nepripraven\u00e9ho\" \/>\n<meta property=\"og:description\" content=\"Strana Demokrati upozor\u0148uje, \u017ee Putin nachytal Roberta Fica pri preprave ropy nepripraven\u00e9ho a to, \u017ee Slovensko sa mus\u00ed zase zaobera\u0165 zastaven\u00edm dod\u00e1vok ropy z Ruska, je d\u00f4sledok zlej politiky pr\u00e1ve tejto vl\u00e1dy Roberta Fica.\u00a0 \u201eKe\u010f som bol ministrom hospod\u00e1rstva, tie\u017e sme \u010delili opakovan\u00fdm preru\u0161eniam dod\u00e1vok, kv\u00f4li Putinovmu bombardovaniu energetickej infra\u0161trukt\u00fary Ukrajiny. Aj preto sme robili [&hellip;]\" \/>\n<meta property=\"og:url\" content=\"https:\/\/www.smedemokrati.sk\/en\/putin-nachytal-s-ropou-fica-nepripraveneho\/\" \/>\n<meta property=\"og:site_name\" content=\"Smedemokrati.sk\" \/>\n<meta property=\"article:publisher\" content=\"https:\/\/www.facebook.com\/smedemokrati2023\" \/>\n<meta property=\"article:published_time\" content=\"2025-08-18T15:28:32+00:00\" \/>\n<meta property=\"article:modified_time\" content=\"2025-08-18T15:28:33+00:00\" \/>\n<meta property=\"og:image\" content=\"https:\/\/www.smedemokrati.sk\/wp-content\/uploads\/2023\/03\/KH_web.jpeg\" \/>\n\t<meta property=\"og:image:width\" content=\"1520\" \/>\n\t<meta property=\"og:image:height\" content=\"1080\" \/>\n\t<meta property=\"og:image:type\" content=\"image\/jpeg\" \/>\n<meta name=\"author\" content=\"miro.sopko\" \/>\n<meta name=\"twitter:card\" content=\"summary_large_image\" \/>\n<meta name=\"twitter:label1\" content=\"Written by\" \/>\n\t<meta name=\"twitter:data1\" content=\"miro.sopko\" \/>\n\t<meta name=\"twitter:label2\" content=\"Est. reading time\" \/>\n\t<meta name=\"twitter:data2\" content=\"2 minutes\" \/>\n<script type=\"application\/ld+json\" class=\"yoast-schema-graph\">{\"@context\":\"https:\/\/schema.org\",\"@graph\":[{\"@type\":\"Article\",\"@id\":\"https:\/\/www.smedemokrati.sk\/putin-nachytal-s-ropou-fica-nepripraveneho\/#article\",\"isPartOf\":{\"@id\":\"https:\/\/www.smedemokrati.sk\/putin-nachytal-s-ropou-fica-nepripraveneho\/\"},\"author\":{\"name\":\"miro.sopko\",\"@id\":\"https:\/\/www.smedemokrati.sk\/#\/schema\/person\/21f147c88d605aa7ded900e1e7c344ba\"},\"headline\":\"Putin nachytal s ropou Fica nepripraven\u00e9ho\",\"datePublished\":\"2025-08-18T15:28:32+00:00\",\"dateModified\":\"2025-08-18T15:28:33+00:00\",\"mainEntityOfPage\":{\"@id\":\"https:\/\/www.smedemokrati.sk\/putin-nachytal-s-ropou-fica-nepripraveneho\/\"},\"wordCount\":268,\"publisher\":{\"@id\":\"https:\/\/www.smedemokrati.sk\/#organization\"},\"image\":{\"@id\":\"https:\/\/www.smedemokrati.sk\/putin-nachytal-s-ropou-fica-nepripraveneho\/#primaryimage\"},\"thumbnailUrl\":\"https:\/\/www.smedemokrati.sk\/wp-content\/uploads\/2023\/03\/KH_web.jpeg\",\"articleSection\":[\"Tla\u010dov\u00e9 spr\u00e1vy\"],\"inLanguage\":\"en-US\"},{\"@type\":\"WebPage\",\"@id\":\"https:\/\/www.smedemokrati.sk\/putin-nachytal-s-ropou-fica-nepripraveneho\/\",\"url\":\"https:\/\/www.smedemokrati.sk\/putin-nachytal-s-ropou-fica-nepripraveneho\/\",\"name\":\"Putin nachytal s ropou Fica nepripraven\u00e9ho\",\"isPartOf\":{\"@id\":\"https:\/\/www.smedemokrati.sk\/#website\"},\"primaryImageOfPage\":{\"@id\":\"https:\/\/www.smedemokrati.sk\/putin-nachytal-s-ropou-fica-nepripraveneho\/#primaryimage\"},\"image\":{\"@id\":\"https:\/\/www.smedemokrati.sk\/putin-nachytal-s-ropou-fica-nepripraveneho\/#primaryimage\"},\"thumbnailUrl\":\"https:\/\/www.smedemokrati.sk\/wp-content\/uploads\/2023\/03\/KH_web.jpeg\",\"datePublished\":\"2025-08-18T15:28:32+00:00\",\"dateModified\":\"2025-08-18T15:28:33+00:00\",\"breadcrumb\":{\"@id\":\"https:\/\/www.smedemokrati.sk\/putin-nachytal-s-ropou-fica-nepripraveneho\/#breadcrumb\"},\"inLanguage\":\"en-US\",\"potentialAction\":[{\"@type\":\"ReadAction\",\"target\":[\"https:\/\/www.smedemokrati.sk\/putin-nachytal-s-ropou-fica-nepripraveneho\/\"]}]},{\"@type\":\"ImageObject\",\"inLanguage\":\"en-US\",\"@id\":\"https:\/\/www.smedemokrati.sk\/putin-nachytal-s-ropou-fica-nepripraveneho\/#primaryimage\",\"url\":\"https:\/\/www.smedemokrati.sk\/wp-content\/uploads\/2023\/03\/KH_web.jpeg\",\"contentUrl\":\"https:\/\/www.smedemokrati.sk\/wp-content\/uploads\/2023\/03\/KH_web.jpeg\",\"width\":1520,\"height\":1080},{\"@type\":\"BreadcrumbList\",\"@id\":\"https:\/\/www.smedemokrati.sk\/putin-nachytal-s-ropou-fica-nepripraveneho\/#breadcrumb\",\"itemListElement\":[{\"@type\":\"ListItem\",\"position\":1,\"name\":\"Domovsk\u00e1 str\u00e1nka\",\"item\":\"https:\/\/www.smedemokrati.sk\/\"},{\"@type\":\"ListItem\",\"position\":2,\"name\":\"Putin nachytal s ropou Fica nepripraven\u00e9ho\"}]},{\"@type\":\"WebSite\",\"@id\":\"https:\/\/www.smedemokrati.sk\/#website\",\"url\":\"https:\/\/www.smedemokrati.sk\/\",\"name\":\"Smedemokrati.sk\",\"description\":\"Demokracia a slu\u0161nos\u0165 zv\u00ed\u0165az\u00ed\",\"publisher\":{\"@id\":\"https:\/\/www.smedemokrati.sk\/#organization\"},\"potentialAction\":[{\"@type\":\"SearchAction\",\"target\":{\"@type\":\"EntryPoint\",\"urlTemplate\":\"https:\/\/www.smedemokrati.sk\/?s={search_term_string}\"},\"query-input\":{\"@type\":\"PropertyValueSpecification\",\"valueRequired\":true,\"valueName\":\"search_term_string\"}}],\"inLanguage\":\"en-US\"},{\"@type\":\"Organization\",\"@id\":\"https:\/\/www.smedemokrati.sk\/#organization\",\"name\":\"Smedemokrati.sk\",\"url\":\"https:\/\/www.smedemokrati.sk\/\",\"logo\":{\"@type\":\"ImageObject\",\"inLanguage\":\"en-US\",\"@id\":\"https:\/\/www.smedemokrati.sk\/#\/schema\/logo\/image\/\",\"url\":\"https:\/\/www.smedemokrati.sk\/wp-content\/uploads\/2023\/04\/ff.002.jpeg\",\"contentUrl\":\"https:\/\/www.smedemokrati.sk\/wp-content\/uploads\/2023\/04\/ff.002.jpeg\",\"width\":640,\"height\":480,\"caption\":\"Smedemokrati.sk\"},\"image\":{\"@id\":\"https:\/\/www.smedemokrati.sk\/#\/schema\/logo\/image\/\"},\"sameAs\":[\"https:\/\/www.facebook.com\/smedemokrati2023\"]},{\"@type\":\"Person\",\"@id\":\"https:\/\/www.smedemokrati.sk\/#\/schema\/person\/21f147c88d605aa7ded900e1e7c344ba\",\"name\":\"miro.sopko\",\"image\":{\"@type\":\"ImageObject\",\"inLanguage\":\"en-US\",\"@id\":\"https:\/\/secure.gravatar.com\/avatar\/267e4a36f704376c109afe3a78740c1f5dd8675a2180a908699e7863c9247606?s=96&d=mm&r=g\",\"url\":\"https:\/\/secure.gravatar.com\/avatar\/267e4a36f704376c109afe3a78740c1f5dd8675a2180a908699e7863c9247606?s=96&d=mm&r=g\",\"contentUrl\":\"https:\/\/secure.gravatar.com\/avatar\/267e4a36f704376c109afe3a78740c1f5dd8675a2180a908699e7863c9247606?s=96&d=mm&r=g\",\"caption\":\"miro.sopko\"},\"url\":\"https:\/\/www.smedemokrati.sk\/en\/author\/miro-sopko\/\"}]}<\/script>\n<!-- \/ Yoast SEO plugin. -->","yoast_head_json":{"title":"Putin nachytal s ropou Fica nepripraven\u00e9ho","robots":{"index":"index","follow":"follow","max-snippet":"max-snippet:-1","max-image-preview":"max-image-preview:large","max-video-preview":"max-video-preview:-1"},"canonical":"https:\/\/www.smedemokrati.sk\/en\/putin-nachytal-s-ropou-fica-nepripraveneho\/","og_locale":"en_US","og_type":"article","og_title":"[:sk]Putin nachytal s ropou Fica nepripraven\u00e9ho[:] - Smedemokrati.sk","og_description":"Strana Demokrati upozor\u0148uje, \u017ee Putin nachytal Roberta Fica pri preprave ropy nepripraven\u00e9ho a to, \u017ee Slovensko sa mus\u00ed zase zaobera\u0165 zastaven\u00edm dod\u00e1vok ropy z Ruska, je d\u00f4sledok zlej politiky pr\u00e1ve tejto vl\u00e1dy Roberta Fica.\u00a0 \u201eKe\u010f som bol ministrom hospod\u00e1rstva, tie\u017e sme \u010delili opakovan\u00fdm preru\u0161eniam dod\u00e1vok, kv\u00f4li Putinovmu bombardovaniu energetickej infra\u0161trukt\u00fary Ukrajiny. Aj preto sme robili [&hellip;]","og_url":"https:\/\/www.smedemokrati.sk\/en\/putin-nachytal-s-ropou-fica-nepripraveneho\/","og_site_name":"Smedemokrati.sk","article_publisher":"https:\/\/www.facebook.com\/smedemokrati2023","article_published_time":"2025-08-18T15:28:32+00:00","article_modified_time":"2025-08-18T15:28:33+00:00","og_image":[{"width":1520,"height":1080,"url":"https:\/\/www.smedemokrati.sk\/wp-content\/uploads\/2023\/03\/KH_web.jpeg","type":"image\/jpeg"}],"author":"miro.sopko","twitter_card":"summary_large_image","twitter_misc":{"Written by":"miro.sopko","Est. reading time":"2 minutes"},"schema":{"@context":"https:\/\/schema.org","@graph":[{"@type":"Article","@id":"https:\/\/www.smedemokrati.sk\/putin-nachytal-s-ropou-fica-nepripraveneho\/#article","isPartOf":{"@id":"https:\/\/www.smedemokrati.sk\/putin-nachytal-s-ropou-fica-nepripraveneho\/"},"author":{"name":"miro.sopko","@id":"https:\/\/www.smedemokrati.sk\/#\/schema\/person\/21f147c88d605aa7ded900e1e7c344ba"},"headline":"Putin nachytal s ropou Fica nepripraven\u00e9ho","datePublished":"2025-08-18T15:28:32+00:00","dateModified":"2025-08-18T15:28:33+00:00","mainEntityOfPage":{"@id":"https:\/\/www.smedemokrati.sk\/putin-nachytal-s-ropou-fica-nepripraveneho\/"},"wordCount":268,"publisher":{"@id":"https:\/\/www.smedemokrati.sk\/#organization"},"image":{"@id":"https:\/\/www.smedemokrati.sk\/putin-nachytal-s-ropou-fica-nepripraveneho\/#primaryimage"},"thumbnailUrl":"https:\/\/www.smedemokrati.sk\/wp-content\/uploads\/2023\/03\/KH_web.jpeg","articleSection":["Tla\u010dov\u00e9 spr\u00e1vy"],"inLanguage":"en-US"},{"@type":"WebPage","@id":"https:\/\/www.smedemokrati.sk\/putin-nachytal-s-ropou-fica-nepripraveneho\/","url":"https:\/\/www.smedemokrati.sk\/putin-nachytal-s-ropou-fica-nepripraveneho\/","name":"Putin nachytal s ropou Fica nepripraven\u00e9ho","isPartOf":{"@id":"https:\/\/www.smedemokrati.sk\/#website"},"primaryImageOfPage":{"@id":"https:\/\/www.smedemokrati.sk\/putin-nachytal-s-ropou-fica-nepripraveneho\/#primaryimage"},"image":{"@id":"https:\/\/www.smedemokrati.sk\/putin-nachytal-s-ropou-fica-nepripraveneho\/#primaryimage"},"thumbnailUrl":"https:\/\/www.smedemokrati.sk\/wp-content\/uploads\/2023\/03\/KH_web.jpeg","datePublished":"2025-08-18T15:28:32+00:00","dateModified":"2025-08-18T15:28:33+00:00","breadcrumb":{"@id":"https:\/\/www.smedemokrati.sk\/putin-nachytal-s-ropou-fica-nepripraveneho\/#breadcrumb"},"inLanguage":"en-US","potentialAction":[{"@type":"ReadAction","target":["https:\/\/www.smedemokrati.sk\/putin-nachytal-s-ropou-fica-nepripraveneho\/"]}]},{"@type":"ImageObject","inLanguage":"en-US","@id":"https:\/\/www.smedemokrati.sk\/putin-nachytal-s-ropou-fica-nepripraveneho\/#primaryimage","url":"https:\/\/www.smedemokrati.sk\/wp-content\/uploads\/2023\/03\/KH_web.jpeg","contentUrl":"https:\/\/www.smedemokrati.sk\/wp-content\/uploads\/2023\/03\/KH_web.jpeg","width":1520,"height":1080},{"@type":"BreadcrumbList","@id":"https:\/\/www.smedemokrati.sk\/putin-nachytal-s-ropou-fica-nepripraveneho\/#breadcrumb","itemListElement":[{"@type":"ListItem","position":1,"name":"Domovsk\u00e1 str\u00e1nka","item":"https:\/\/www.smedemokrati.sk\/"},{"@type":"ListItem","position":2,"name":"Putin nachytal s ropou Fica nepripraven\u00e9ho"}]},{"@type":"WebSite","@id":"https:\/\/www.smedemokrati.sk\/#website","url":"https:\/\/www.smedemokrati.sk\/","name":"Smedemokrati.sk","description":"Demokracia a slu\u0161nos\u0165 zv\u00ed\u0165az\u00ed","publisher":{"@id":"https:\/\/www.smedemokrati.sk\/#organization"},"potentialAction":[{"@type":"SearchAction","target":{"@type":"EntryPoint","urlTemplate":"https:\/\/www.smedemokrati.sk\/?s={search_term_string}"},"query-input":{"@type":"PropertyValueSpecification","valueRequired":true,"valueName":"search_term_string"}}],"inLanguage":"en-US"},{"@type":"Organization","@id":"https:\/\/www.smedemokrati.sk\/#organization","name":"Smedemokrati.sk","url":"https:\/\/www.smedemokrati.sk\/","logo":{"@type":"ImageObject","inLanguage":"en-US","@id":"https:\/\/www.smedemokrati.sk\/#\/schema\/logo\/image\/","url":"https:\/\/www.smedemokrati.sk\/wp-content\/uploads\/2023\/04\/ff.002.jpeg","contentUrl":"https:\/\/www.smedemokrati.sk\/wp-content\/uploads\/2023\/04\/ff.002.jpeg","width":640,"height":480,"caption":"Smedemokrati.sk"},"image":{"@id":"https:\/\/www.smedemokrati.sk\/#\/schema\/logo\/image\/"},"sameAs":["https:\/\/www.facebook.com\/smedemokrati2023"]},{"@type":"Person","@id":"https:\/\/www.smedemokrati.sk\/#\/schema\/person\/21f147c88d605aa7ded900e1e7c344ba","name":"miro.sopko","image":{"@type":"ImageObject","inLanguage":"en-US","@id":"https:\/\/secure.gravatar.com\/avatar\/267e4a36f704376c109afe3a78740c1f5dd8675a2180a908699e7863c9247606?s=96&d=mm&r=g","url":"https:\/\/secure.gravatar.com\/avatar\/267e4a36f704376c109afe3a78740c1f5dd8675a2180a908699e7863c9247606?s=96&d=mm&r=g","contentUrl":"https:\/\/secure.gravatar.com\/avatar\/267e4a36f704376c109afe3a78740c1f5dd8675a2180a908699e7863c9247606?s=96&d=mm&r=g","caption":"miro.sopko"},"url":"https:\/\/www.smedemokrati.sk\/en\/author\/miro-sopko\/"}]}},"_links":{"self":[{"href":"https:\/\/www.smedemokrati.sk\/en\/wp-json\/wp\/v2\/posts\/7964","targetHints":{"allow":["GET"]}}],"collection":[{"href":"https:\/\/www.smedemokrati.sk\/en\/wp-json\/wp\/v2\/posts"}],"about":[{"href":"https:\/\/www.smedemokrati.sk\/en\/wp-json\/wp\/v2\/types\/post"}],"author":[{"embeddable":true,"href":"https:\/\/www.smedemokrati.sk\/en\/wp-json\/wp\/v2\/users\/13"}],"replies":[{"embeddable":true,"href":"https:\/\/www.smedemokrati.sk\/en\/wp-json\/wp\/v2\/comments?post=7964"}],"version-history":[{"count":1,"href":"https:\/\/www.smedemokrati.sk\/en\/wp-json\/wp\/v2\/posts\/7964\/revisions"}],"predecessor-version":[{"id":7965,"href":"https:\/\/www.smedemokrati.sk\/en\/wp-json\/wp\/v2\/posts\/7964\/revisions\/7965"}],"wp:featuredmedia":[{"embeddable":true,"href":"https:\/\/www.smedemokrati.sk\/en\/wp-json\/wp\/v2\/media\/394"}],"wp:attachment":[{"href":"https:\/\/www.smedemokrati.sk\/en\/wp-json\/wp\/v2\/media?parent=7964"}],"wp:term":[{"taxonomy":"category","embeddable":true,"href":"https:\/\/www.smedemokrati.sk\/en\/wp-json\/wp\/v2\/categories?post=7964"},{"taxonomy":"post_tag","embeddable":true,"href":"https:\/\/www.smedemokrati.sk\/en\/wp-json\/wp\/v2\/tags?post=7964"}],"curies":[{"name":"wp","href":"https:\/\/api.w.org\/{rel}","templated":true}]}}