{"id":7947,"date":"2025-08-14T12:04:06","date_gmt":"2025-08-14T11:04:06","guid":{"rendered":"https:\/\/www.smedemokrati.sk\/?p=7947"},"modified":"2025-08-14T12:04:07","modified_gmt":"2025-08-14T11:04:07","slug":"koalicna-rada-musi-povedat-pravdu-preco-sa-slovaci-maju-horsie-a-ako-to-idu-riesit-vyssia-dph-nie-je-cesta","status":"publish","type":"post","link":"https:\/\/www.smedemokrati.sk\/en\/koalicna-rada-musi-povedat-pravdu-preco-sa-slovaci-maju-horsie-a-ako-to-idu-riesit-vyssia-dph-nie-je-cesta\/","title":{"rendered":"Koali\u010dn\u00e1 rada mus\u00ed poveda\u0165 pravdu: Pre\u010do sa Slov\u00e1ci maj\u00fa hor\u0161ie a ako to id\u00fa rie\u0161i\u0165? Vy\u0161\u0161ia DPH nie je cesta"},"content":{"rendered":"<div id=\"fb-root\"><\/div>\n\n<p><strong>Po takmer dvoch rokoch vl\u00e1dnutia s\u00fa\u010dasnej koal\u00edcie je bilancia tvrd\u00e1: s\u013euby o lep\u0161om, bezpe\u010dnej\u0161om a pokojnej\u0161om \u017eivote zostali pr\u00e1zdne. Namiesto toho dnes \u017eije v chudobe u\u017e takmer 1 mili\u00f3n ob\u010danov, ceny dosiahli rekordn\u00fa \u00farove\u0148 a infl\u00e1cia je najvy\u0161\u0161ia od n\u00e1stupu tejto vl\u00e1dy. Dane, odvody a poplatky s\u00fa vy\u0161\u0161ie ne\u017e kedyko\u013evek predt\u00fdm, no v pe\u0148a\u017eenk\u00e1ch ost\u00e1va menej. \u013dudia pri\u0161li o \u010das\u0165 da\u0148ov\u00e9ho bonusu, rastie kriminalita, zatv\u00e1raj\u00fa sa fabriky a tis\u00edce Slov\u00e1kov prich\u00e1dzaj\u00fa o pr\u00e1cu. \u0160t\u00e1t nedok\u00e1\u017ee efekt\u00edvne vybera\u0165 dane, ako ukazuje nefunk\u010dn\u00e1 Ficova transak\u010dn\u00e1 da\u0148, a v zahrani\u010d\u00ed je Slovensko v izol\u00e1cii.\u00a0<\/strong><\/p>\n\n\n\n<p>\u201cDnes sa stret\u00e1va koali\u010dn\u00e1 rada. M\u00e1 povinnos\u0165 ob\u010danom poveda\u0165, pre\u010do sa maj\u00fa hor\u0161ie, hoci im s\u013eubovala lep\u0161\u00ed \u017eivot, a ako to ide rie\u0161i\u0165. Ticho a vyh\u00fdbanie sa odpovediam s\u00fa neprijate\u013en\u00e9.&nbsp;<strong>Strana Demokrati hovor\u00ed jasne \u2013 nech ani nepom\u00fd\u0161\u013eaj\u00fa na zvy\u0161ovanie DPH alebo otv\u00e1ranie druh\u00e9ho piliera a siahanie na celo\u017eivotn\u00e9 \u00faspory \u013eud\u00ed.<\/strong>\u201d hovor\u00ed Eduard Heger, podpredseda strany Demokrati&nbsp;<\/p>\n\n\n\n<p>Pod\u013ea z\u00e1kona mus\u00ed vl\u00e1da doru\u010di\u0165 rozpo\u010det do NR SR najnesk\u00f4r 15. okt\u00f3bra. Rokova\u0165 o \u0148om mo\u017eno a\u017e po 30 d\u0148och, teda najsk\u00f4r 16. novembra, a do 21. novembra mus\u00ed by\u0165 schv\u00e1len\u00fd \u2013 inak bude musie\u0165 by\u0165 vyrovnan\u00fd pre platnos\u0165 dlhovej brzdy.&nbsp;<strong>U\u017e dnes pritom soci\u00e1lni partneri hovoria, \u017ee s nimi nikto konsolida\u010dn\u00e9 opatrenia nepreber\u00e1. Z\u00e1sadn\u00e9 z\u00e1sahy do ekonomiky bez konzult\u00e1cie so soci\u00e1lnymi partnermi, to je v\u00fdsmech soci\u00e1lneho dial\u00f3gu.&nbsp;<\/strong><\/p>\n\n\n\n<p>\u201eKoali\u010dn\u00e1 rada dnes mus\u00ed ob\u010danom poveda\u0165, pre\u010do po ich dvoch rokoch vl\u00e1dy m\u00e1me viac chudoby, vy\u0161\u0161ie ceny a slab\u0161iu ekonomiku. A mus\u00ed vysvetli\u0165, ako to id\u00fa rie\u0161i\u0165. Ale jedno hovor\u00edme jasne \u2013 zvy\u0161ovanie DPH a siahanie na druh\u00fd pilier nepripust\u00edme.<\/p>\n\n\n\n<p>Slovensku hroz\u00ed zn\u00e1silnen\u00fd rozpo\u010det, ktor\u00fd si koal\u00edcia upe\u010die potajme a cel\u00e9 bremeno konsolid\u00e1cie op\u00e4\u0165 hod\u00ed na ob\u010danov. My v Demokratoch m\u00e1me in\u00fd pl\u00e1n \u2013 konsolid\u00e1ciu bez zdierania \u013eud\u00ed.<strong>&nbsp;Chceme zdani\u0165 hazard, \u010do prinesie 600 mili\u00f3nov eur ro\u010dne, a \u0161etri\u0165 na prev\u00e1dzke \u0161t\u00e1tu, kde je priestor a\u017e pre 900 mili\u00f3nov eur ro\u010dne. To zah\u0155\u0148a zn\u00ed\u017eenie v\u00fddavkov na extern\u00e9 poradenstvo, efekt\u00edvnej\u0161iu spr\u00e1vu majetku, centraliz\u00e1ciu in\u0161tit\u00faci\u00ed a n\u00e1kupov, lep\u0161iu \u00fadr\u017ebu nehnute\u013enost\u00ed a zdie\u013eanie IT infra\u0161trukt\u00fary.<\/strong>\u201c hovor\u00ed Eduard Heger, podpredseda strany Demokrati<\/p>\n\n\n\n<p>\u201eAk m\u00e1 t\u00e1to vl\u00e1da aspo\u0148 zvy\u0161ky zodpovednosti, dnes sa prestane vyhov\u00e1ra\u0165 a za\u010dne hovori\u0165 pravdu. \u013dudia maj\u00fa pr\u00e1vo vedie\u0165, pre\u010do namiesto s\u013eubovan\u00e9ho lep\u0161ieho \u017eivota \u017eij\u00fa v chudobe a pod tlakom vysok\u00fdch cien. My hovor\u00edme jasne \u2013 konsolid\u00e1cia sa m\u00e1 robi\u0165 \u0161etren\u00edm na vl\u00e1de, nie na ob\u010danoch. 25% DPH alebo siahanie na II. pilier, to nie je cesta, to je postupn\u00e1 ale razantn\u00e1 likvid\u00e1cia ekonomiky.\u201c hovor\u00ed Juraj \u0160eliga, podpredseda strany Demokrati.<\/p>\n\n\n<div class=\"fb-video\" data-href=\"https:\/\/fb.watch\/Btpce9dwkN\" data-allowfullscreen=\"true\" data-autoplay=\"false\" data-width=\"\" data-show-text=\"false\" data-show-captions=\"true\"><\/div>\n","protected":false},"excerpt":{"rendered":"<p>Po takmer dvoch rokoch vl\u00e1dnutia s\u00fa\u010dasnej koal\u00edcie je bilancia tvrd\u00e1: s\u013euby o lep\u0161om, bezpe\u010dnej\u0161om a pokojnej\u0161om \u017eivote zostali pr\u00e1zdne. Namiesto toho dnes \u017eije v chudobe u\u017e takmer 1 mili\u00f3n ob\u010danov, ceny dosiahli rekordn\u00fa \u00farove\u0148 a infl\u00e1cia je najvy\u0161\u0161ia od n\u00e1stupu tejto vl\u00e1dy. Dane, odvody a poplatky s\u00fa vy\u0161\u0161ie ne\u017e kedyko\u013evek predt\u00fdm, no v pe\u0148a\u017eenk\u00e1ch ost\u00e1va [&hellip;]<\/p>\n","protected":false},"author":13,"featured_media":7948,"comment_status":"closed","ping_status":"closed","sticky":false,"template":"","format":"standard","meta":{"_acf_changed":false,"ngg_post_thumbnail":0,"footnotes":""},"categories":[4],"tags":[],"class_list":["post-7947","post","type-post","status-publish","format-standard","has-post-thumbnail","hentry","category-tlacove-spravy"],"acf":[],"yoast_head":"<!-- This site is optimized with the Yoast SEO plugin v27.2 - https:\/\/yoast.com\/product\/yoast-seo-wordpress\/ -->\n<title>Koali\u010dn\u00e1 rada mus\u00ed poveda\u0165 pravdu: Pre\u010do sa Slov\u00e1ci maj\u00fa hor\u0161ie a ako to id\u00fa rie\u0161i\u0165? Vy\u0161\u0161ia DPH nie je cesta<\/title>\n<meta name=\"robots\" content=\"index, follow, max-snippet:-1, max-image-preview:large, max-video-preview:-1\" \/>\n<link rel=\"canonical\" href=\"https:\/\/www.smedemokrati.sk\/en\/koalicna-rada-musi-povedat-pravdu-preco-sa-slovaci-maju-horsie-a-ako-to-idu-riesit-vyssia-dph-nie-je-cesta\/\" \/>\n<meta property=\"og:locale\" content=\"en_US\" \/>\n<meta property=\"og:locale:alternate\" content=\"cs_CZ\" \/>\n<meta property=\"og:locale:alternate\" content=\"hu_HU\" \/>\n<meta property=\"og:locale:alternate\" content=\"sk_SK\" \/>\n<meta property=\"og:locale:alternate\" content=\"sv_SE\" \/>\n<meta property=\"og:type\" content=\"article\" \/>\n<meta property=\"og:title\" content=\"Koali\u010dn\u00e1 rada mus\u00ed poveda\u0165 pravdu: Pre\u010do sa Slov\u00e1ci maj\u00fa hor\u0161ie a ako to id\u00fa rie\u0161i\u0165? Vy\u0161\u0161ia DPH nie je cesta\" \/>\n<meta property=\"og:description\" content=\"Po takmer dvoch rokoch vl\u00e1dnutia s\u00fa\u010dasnej koal\u00edcie je bilancia tvrd\u00e1: s\u013euby o lep\u0161om, bezpe\u010dnej\u0161om a pokojnej\u0161om \u017eivote zostali pr\u00e1zdne. Namiesto toho dnes \u017eije v chudobe u\u017e takmer 1 mili\u00f3n ob\u010danov, ceny dosiahli rekordn\u00fa \u00farove\u0148 a infl\u00e1cia je najvy\u0161\u0161ia od n\u00e1stupu tejto vl\u00e1dy. Dane, odvody a poplatky s\u00fa vy\u0161\u0161ie ne\u017e kedyko\u013evek predt\u00fdm, no v pe\u0148a\u017eenk\u00e1ch ost\u00e1va [&hellip;]\" \/>\n<meta property=\"og:url\" content=\"https:\/\/www.smedemokrati.sk\/en\/koalicna-rada-musi-povedat-pravdu-preco-sa-slovaci-maju-horsie-a-ako-to-idu-riesit-vyssia-dph-nie-je-cesta\/\" \/>\n<meta property=\"og:site_name\" content=\"Smedemokrati.sk\" \/>\n<meta property=\"article:publisher\" content=\"https:\/\/www.facebook.com\/smedemokrati2023\" \/>\n<meta property=\"article:published_time\" content=\"2025-08-14T11:04:06+00:00\" \/>\n<meta property=\"article:modified_time\" content=\"2025-08-14T11:04:07+00:00\" \/>\n<meta property=\"og:image\" content=\"https:\/\/www.smedemokrati.sk\/wp-content\/uploads\/2025\/08\/2025-08-14-130254.jpg\" \/>\n\t<meta property=\"og:image:width\" content=\"1712\" \/>\n\t<meta property=\"og:image:height\" content=\"910\" \/>\n\t<meta property=\"og:image:type\" content=\"image\/jpeg\" \/>\n<meta name=\"author\" content=\"miro.sopko\" \/>\n<meta name=\"twitter:card\" content=\"summary_large_image\" \/>\n<meta name=\"twitter:label1\" content=\"Written by\" \/>\n\t<meta name=\"twitter:data1\" content=\"miro.sopko\" \/>\n\t<meta name=\"twitter:label2\" content=\"Est. reading time\" \/>\n\t<meta name=\"twitter:data2\" content=\"3 minutes\" \/>\n<script type=\"application\/ld+json\" class=\"yoast-schema-graph\">{\"@context\":\"https:\/\/schema.org\",\"@graph\":[{\"@type\":\"Article\",\"@id\":\"https:\/\/www.smedemokrati.sk\/koalicna-rada-musi-povedat-pravdu-preco-sa-slovaci-maju-horsie-a-ako-to-idu-riesit-vyssia-dph-nie-je-cesta\/#article\",\"isPartOf\":{\"@id\":\"https:\/\/www.smedemokrati.sk\/koalicna-rada-musi-povedat-pravdu-preco-sa-slovaci-maju-horsie-a-ako-to-idu-riesit-vyssia-dph-nie-je-cesta\/\"},\"author\":{\"name\":\"miro.sopko\",\"@id\":\"https:\/\/www.smedemokrati.sk\/#\/schema\/person\/21f147c88d605aa7ded900e1e7c344ba\"},\"headline\":\"Koali\u010dn\u00e1 rada mus\u00ed poveda\u0165 pravdu: Pre\u010do sa Slov\u00e1ci maj\u00fa hor\u0161ie a ako to id\u00fa rie\u0161i\u0165? Vy\u0161\u0161ia DPH nie je cesta\",\"datePublished\":\"2025-08-14T11:04:06+00:00\",\"dateModified\":\"2025-08-14T11:04:07+00:00\",\"mainEntityOfPage\":{\"@id\":\"https:\/\/www.smedemokrati.sk\/koalicna-rada-musi-povedat-pravdu-preco-sa-slovaci-maju-horsie-a-ako-to-idu-riesit-vyssia-dph-nie-je-cesta\/\"},\"wordCount\":562,\"publisher\":{\"@id\":\"https:\/\/www.smedemokrati.sk\/#organization\"},\"image\":{\"@id\":\"https:\/\/www.smedemokrati.sk\/koalicna-rada-musi-povedat-pravdu-preco-sa-slovaci-maju-horsie-a-ako-to-idu-riesit-vyssia-dph-nie-je-cesta\/#primaryimage\"},\"thumbnailUrl\":\"https:\/\/www.smedemokrati.sk\/wp-content\/uploads\/2025\/08\/2025-08-14-130254.jpg\",\"articleSection\":[\"Tla\u010dov\u00e9 spr\u00e1vy\"],\"inLanguage\":\"en-US\"},{\"@type\":\"WebPage\",\"@id\":\"https:\/\/www.smedemokrati.sk\/koalicna-rada-musi-povedat-pravdu-preco-sa-slovaci-maju-horsie-a-ako-to-idu-riesit-vyssia-dph-nie-je-cesta\/\",\"url\":\"https:\/\/www.smedemokrati.sk\/koalicna-rada-musi-povedat-pravdu-preco-sa-slovaci-maju-horsie-a-ako-to-idu-riesit-vyssia-dph-nie-je-cesta\/\",\"name\":\"Koali\u010dn\u00e1 rada mus\u00ed poveda\u0165 pravdu: Pre\u010do sa Slov\u00e1ci maj\u00fa hor\u0161ie a ako to id\u00fa rie\u0161i\u0165? Vy\u0161\u0161ia DPH nie je cesta\",\"isPartOf\":{\"@id\":\"https:\/\/www.smedemokrati.sk\/#website\"},\"primaryImageOfPage\":{\"@id\":\"https:\/\/www.smedemokrati.sk\/koalicna-rada-musi-povedat-pravdu-preco-sa-slovaci-maju-horsie-a-ako-to-idu-riesit-vyssia-dph-nie-je-cesta\/#primaryimage\"},\"image\":{\"@id\":\"https:\/\/www.smedemokrati.sk\/koalicna-rada-musi-povedat-pravdu-preco-sa-slovaci-maju-horsie-a-ako-to-idu-riesit-vyssia-dph-nie-je-cesta\/#primaryimage\"},\"thumbnailUrl\":\"https:\/\/www.smedemokrati.sk\/wp-content\/uploads\/2025\/08\/2025-08-14-130254.jpg\",\"datePublished\":\"2025-08-14T11:04:06+00:00\",\"dateModified\":\"2025-08-14T11:04:07+00:00\",\"breadcrumb\":{\"@id\":\"https:\/\/www.smedemokrati.sk\/koalicna-rada-musi-povedat-pravdu-preco-sa-slovaci-maju-horsie-a-ako-to-idu-riesit-vyssia-dph-nie-je-cesta\/#breadcrumb\"},\"inLanguage\":\"en-US\",\"potentialAction\":[{\"@type\":\"ReadAction\",\"target\":[\"https:\/\/www.smedemokrati.sk\/koalicna-rada-musi-povedat-pravdu-preco-sa-slovaci-maju-horsie-a-ako-to-idu-riesit-vyssia-dph-nie-je-cesta\/\"]}]},{\"@type\":\"ImageObject\",\"inLanguage\":\"en-US\",\"@id\":\"https:\/\/www.smedemokrati.sk\/koalicna-rada-musi-povedat-pravdu-preco-sa-slovaci-maju-horsie-a-ako-to-idu-riesit-vyssia-dph-nie-je-cesta\/#primaryimage\",\"url\":\"https:\/\/www.smedemokrati.sk\/wp-content\/uploads\/2025\/08\/2025-08-14-130254.jpg\",\"contentUrl\":\"https:\/\/www.smedemokrati.sk\/wp-content\/uploads\/2025\/08\/2025-08-14-130254.jpg\",\"width\":1712,\"height\":910},{\"@type\":\"BreadcrumbList\",\"@id\":\"https:\/\/www.smedemokrati.sk\/koalicna-rada-musi-povedat-pravdu-preco-sa-slovaci-maju-horsie-a-ako-to-idu-riesit-vyssia-dph-nie-je-cesta\/#breadcrumb\",\"itemListElement\":[{\"@type\":\"ListItem\",\"position\":1,\"name\":\"Domovsk\u00e1 str\u00e1nka\",\"item\":\"https:\/\/www.smedemokrati.sk\/\"},{\"@type\":\"ListItem\",\"position\":2,\"name\":\"Koali\u010dn\u00e1 rada mus\u00ed poveda\u0165 pravdu: Pre\u010do sa Slov\u00e1ci maj\u00fa hor\u0161ie a ako to id\u00fa rie\u0161i\u0165? Vy\u0161\u0161ia DPH nie je cesta\"}]},{\"@type\":\"WebSite\",\"@id\":\"https:\/\/www.smedemokrati.sk\/#website\",\"url\":\"https:\/\/www.smedemokrati.sk\/\",\"name\":\"Smedemokrati.sk\",\"description\":\"Demokracia a slu\u0161nos\u0165 zv\u00ed\u0165az\u00ed\",\"publisher\":{\"@id\":\"https:\/\/www.smedemokrati.sk\/#organization\"},\"potentialAction\":[{\"@type\":\"SearchAction\",\"target\":{\"@type\":\"EntryPoint\",\"urlTemplate\":\"https:\/\/www.smedemokrati.sk\/?s={search_term_string}\"},\"query-input\":{\"@type\":\"PropertyValueSpecification\",\"valueRequired\":true,\"valueName\":\"search_term_string\"}}],\"inLanguage\":\"en-US\"},{\"@type\":\"Organization\",\"@id\":\"https:\/\/www.smedemokrati.sk\/#organization\",\"name\":\"Smedemokrati.sk\",\"url\":\"https:\/\/www.smedemokrati.sk\/\",\"logo\":{\"@type\":\"ImageObject\",\"inLanguage\":\"en-US\",\"@id\":\"https:\/\/www.smedemokrati.sk\/#\/schema\/logo\/image\/\",\"url\":\"https:\/\/www.smedemokrati.sk\/wp-content\/uploads\/2023\/04\/ff.002.jpeg\",\"contentUrl\":\"https:\/\/www.smedemokrati.sk\/wp-content\/uploads\/2023\/04\/ff.002.jpeg\",\"width\":640,\"height\":480,\"caption\":\"Smedemokrati.sk\"},\"image\":{\"@id\":\"https:\/\/www.smedemokrati.sk\/#\/schema\/logo\/image\/\"},\"sameAs\":[\"https:\/\/www.facebook.com\/smedemokrati2023\"]},{\"@type\":\"Person\",\"@id\":\"https:\/\/www.smedemokrati.sk\/#\/schema\/person\/21f147c88d605aa7ded900e1e7c344ba\",\"name\":\"miro.sopko\",\"image\":{\"@type\":\"ImageObject\",\"inLanguage\":\"en-US\",\"@id\":\"https:\/\/secure.gravatar.com\/avatar\/267e4a36f704376c109afe3a78740c1f5dd8675a2180a908699e7863c9247606?s=96&d=mm&r=g\",\"url\":\"https:\/\/secure.gravatar.com\/avatar\/267e4a36f704376c109afe3a78740c1f5dd8675a2180a908699e7863c9247606?s=96&d=mm&r=g\",\"contentUrl\":\"https:\/\/secure.gravatar.com\/avatar\/267e4a36f704376c109afe3a78740c1f5dd8675a2180a908699e7863c9247606?s=96&d=mm&r=g\",\"caption\":\"miro.sopko\"},\"url\":\"https:\/\/www.smedemokrati.sk\/en\/author\/miro-sopko\/\"}]}<\/script>\n<!-- \/ Yoast SEO plugin. -->","yoast_head_json":{"title":"Koali\u010dn\u00e1 rada mus\u00ed poveda\u0165 pravdu: Pre\u010do sa Slov\u00e1ci maj\u00fa hor\u0161ie a ako to id\u00fa rie\u0161i\u0165? Vy\u0161\u0161ia DPH nie je cesta","robots":{"index":"index","follow":"follow","max-snippet":"max-snippet:-1","max-image-preview":"max-image-preview:large","max-video-preview":"max-video-preview:-1"},"canonical":"https:\/\/www.smedemokrati.sk\/en\/koalicna-rada-musi-povedat-pravdu-preco-sa-slovaci-maju-horsie-a-ako-to-idu-riesit-vyssia-dph-nie-je-cesta\/","og_locale":"en_US","og_type":"article","og_title":"[:sk]Koali\u010dn\u00e1 rada mus\u00ed poveda\u0165 pravdu: Pre\u010do sa Slov\u00e1ci maj\u00fa hor\u0161ie a ako to id\u00fa rie\u0161i\u0165? Vy\u0161\u0161ia DPH nie je cesta[:] - Smedemokrati.sk","og_description":"Po takmer dvoch rokoch vl\u00e1dnutia s\u00fa\u010dasnej koal\u00edcie je bilancia tvrd\u00e1: s\u013euby o lep\u0161om, bezpe\u010dnej\u0161om a pokojnej\u0161om \u017eivote zostali pr\u00e1zdne. Namiesto toho dnes \u017eije v chudobe u\u017e takmer 1 mili\u00f3n ob\u010danov, ceny dosiahli rekordn\u00fa \u00farove\u0148 a infl\u00e1cia je najvy\u0161\u0161ia od n\u00e1stupu tejto vl\u00e1dy. Dane, odvody a poplatky s\u00fa vy\u0161\u0161ie ne\u017e kedyko\u013evek predt\u00fdm, no v pe\u0148a\u017eenk\u00e1ch ost\u00e1va [&hellip;]","og_url":"https:\/\/www.smedemokrati.sk\/en\/koalicna-rada-musi-povedat-pravdu-preco-sa-slovaci-maju-horsie-a-ako-to-idu-riesit-vyssia-dph-nie-je-cesta\/","og_site_name":"Smedemokrati.sk","article_publisher":"https:\/\/www.facebook.com\/smedemokrati2023","article_published_time":"2025-08-14T11:04:06+00:00","article_modified_time":"2025-08-14T11:04:07+00:00","og_image":[{"width":1712,"height":910,"url":"https:\/\/www.smedemokrati.sk\/wp-content\/uploads\/2025\/08\/2025-08-14-130254.jpg","type":"image\/jpeg"}],"author":"miro.sopko","twitter_card":"summary_large_image","twitter_misc":{"Written by":"miro.sopko","Est. reading time":"3 minutes"},"schema":{"@context":"https:\/\/schema.org","@graph":[{"@type":"Article","@id":"https:\/\/www.smedemokrati.sk\/koalicna-rada-musi-povedat-pravdu-preco-sa-slovaci-maju-horsie-a-ako-to-idu-riesit-vyssia-dph-nie-je-cesta\/#article","isPartOf":{"@id":"https:\/\/www.smedemokrati.sk\/koalicna-rada-musi-povedat-pravdu-preco-sa-slovaci-maju-horsie-a-ako-to-idu-riesit-vyssia-dph-nie-je-cesta\/"},"author":{"name":"miro.sopko","@id":"https:\/\/www.smedemokrati.sk\/#\/schema\/person\/21f147c88d605aa7ded900e1e7c344ba"},"headline":"Koali\u010dn\u00e1 rada mus\u00ed poveda\u0165 pravdu: Pre\u010do sa Slov\u00e1ci maj\u00fa hor\u0161ie a ako to id\u00fa rie\u0161i\u0165? Vy\u0161\u0161ia DPH nie je cesta","datePublished":"2025-08-14T11:04:06+00:00","dateModified":"2025-08-14T11:04:07+00:00","mainEntityOfPage":{"@id":"https:\/\/www.smedemokrati.sk\/koalicna-rada-musi-povedat-pravdu-preco-sa-slovaci-maju-horsie-a-ako-to-idu-riesit-vyssia-dph-nie-je-cesta\/"},"wordCount":562,"publisher":{"@id":"https:\/\/www.smedemokrati.sk\/#organization"},"image":{"@id":"https:\/\/www.smedemokrati.sk\/koalicna-rada-musi-povedat-pravdu-preco-sa-slovaci-maju-horsie-a-ako-to-idu-riesit-vyssia-dph-nie-je-cesta\/#primaryimage"},"thumbnailUrl":"https:\/\/www.smedemokrati.sk\/wp-content\/uploads\/2025\/08\/2025-08-14-130254.jpg","articleSection":["Tla\u010dov\u00e9 spr\u00e1vy"],"inLanguage":"en-US"},{"@type":"WebPage","@id":"https:\/\/www.smedemokrati.sk\/koalicna-rada-musi-povedat-pravdu-preco-sa-slovaci-maju-horsie-a-ako-to-idu-riesit-vyssia-dph-nie-je-cesta\/","url":"https:\/\/www.smedemokrati.sk\/koalicna-rada-musi-povedat-pravdu-preco-sa-slovaci-maju-horsie-a-ako-to-idu-riesit-vyssia-dph-nie-je-cesta\/","name":"Koali\u010dn\u00e1 rada mus\u00ed poveda\u0165 pravdu: Pre\u010do sa Slov\u00e1ci maj\u00fa hor\u0161ie a ako to id\u00fa rie\u0161i\u0165? Vy\u0161\u0161ia DPH nie je cesta","isPartOf":{"@id":"https:\/\/www.smedemokrati.sk\/#website"},"primaryImageOfPage":{"@id":"https:\/\/www.smedemokrati.sk\/koalicna-rada-musi-povedat-pravdu-preco-sa-slovaci-maju-horsie-a-ako-to-idu-riesit-vyssia-dph-nie-je-cesta\/#primaryimage"},"image":{"@id":"https:\/\/www.smedemokrati.sk\/koalicna-rada-musi-povedat-pravdu-preco-sa-slovaci-maju-horsie-a-ako-to-idu-riesit-vyssia-dph-nie-je-cesta\/#primaryimage"},"thumbnailUrl":"https:\/\/www.smedemokrati.sk\/wp-content\/uploads\/2025\/08\/2025-08-14-130254.jpg","datePublished":"2025-08-14T11:04:06+00:00","dateModified":"2025-08-14T11:04:07+00:00","breadcrumb":{"@id":"https:\/\/www.smedemokrati.sk\/koalicna-rada-musi-povedat-pravdu-preco-sa-slovaci-maju-horsie-a-ako-to-idu-riesit-vyssia-dph-nie-je-cesta\/#breadcrumb"},"inLanguage":"en-US","potentialAction":[{"@type":"ReadAction","target":["https:\/\/www.smedemokrati.sk\/koalicna-rada-musi-povedat-pravdu-preco-sa-slovaci-maju-horsie-a-ako-to-idu-riesit-vyssia-dph-nie-je-cesta\/"]}]},{"@type":"ImageObject","inLanguage":"en-US","@id":"https:\/\/www.smedemokrati.sk\/koalicna-rada-musi-povedat-pravdu-preco-sa-slovaci-maju-horsie-a-ako-to-idu-riesit-vyssia-dph-nie-je-cesta\/#primaryimage","url":"https:\/\/www.smedemokrati.sk\/wp-content\/uploads\/2025\/08\/2025-08-14-130254.jpg","contentUrl":"https:\/\/www.smedemokrati.sk\/wp-content\/uploads\/2025\/08\/2025-08-14-130254.jpg","width":1712,"height":910},{"@type":"BreadcrumbList","@id":"https:\/\/www.smedemokrati.sk\/koalicna-rada-musi-povedat-pravdu-preco-sa-slovaci-maju-horsie-a-ako-to-idu-riesit-vyssia-dph-nie-je-cesta\/#breadcrumb","itemListElement":[{"@type":"ListItem","position":1,"name":"Domovsk\u00e1 str\u00e1nka","item":"https:\/\/www.smedemokrati.sk\/"},{"@type":"ListItem","position":2,"name":"Koali\u010dn\u00e1 rada mus\u00ed poveda\u0165 pravdu: Pre\u010do sa Slov\u00e1ci maj\u00fa hor\u0161ie a ako to id\u00fa rie\u0161i\u0165? Vy\u0161\u0161ia DPH nie je cesta"}]},{"@type":"WebSite","@id":"https:\/\/www.smedemokrati.sk\/#website","url":"https:\/\/www.smedemokrati.sk\/","name":"Smedemokrati.sk","description":"Demokracia a slu\u0161nos\u0165 zv\u00ed\u0165az\u00ed","publisher":{"@id":"https:\/\/www.smedemokrati.sk\/#organization"},"potentialAction":[{"@type":"SearchAction","target":{"@type":"EntryPoint","urlTemplate":"https:\/\/www.smedemokrati.sk\/?s={search_term_string}"},"query-input":{"@type":"PropertyValueSpecification","valueRequired":true,"valueName":"search_term_string"}}],"inLanguage":"en-US"},{"@type":"Organization","@id":"https:\/\/www.smedemokrati.sk\/#organization","name":"Smedemokrati.sk","url":"https:\/\/www.smedemokrati.sk\/","logo":{"@type":"ImageObject","inLanguage":"en-US","@id":"https:\/\/www.smedemokrati.sk\/#\/schema\/logo\/image\/","url":"https:\/\/www.smedemokrati.sk\/wp-content\/uploads\/2023\/04\/ff.002.jpeg","contentUrl":"https:\/\/www.smedemokrati.sk\/wp-content\/uploads\/2023\/04\/ff.002.jpeg","width":640,"height":480,"caption":"Smedemokrati.sk"},"image":{"@id":"https:\/\/www.smedemokrati.sk\/#\/schema\/logo\/image\/"},"sameAs":["https:\/\/www.facebook.com\/smedemokrati2023"]},{"@type":"Person","@id":"https:\/\/www.smedemokrati.sk\/#\/schema\/person\/21f147c88d605aa7ded900e1e7c344ba","name":"miro.sopko","image":{"@type":"ImageObject","inLanguage":"en-US","@id":"https:\/\/secure.gravatar.com\/avatar\/267e4a36f704376c109afe3a78740c1f5dd8675a2180a908699e7863c9247606?s=96&d=mm&r=g","url":"https:\/\/secure.gravatar.com\/avatar\/267e4a36f704376c109afe3a78740c1f5dd8675a2180a908699e7863c9247606?s=96&d=mm&r=g","contentUrl":"https:\/\/secure.gravatar.com\/avatar\/267e4a36f704376c109afe3a78740c1f5dd8675a2180a908699e7863c9247606?s=96&d=mm&r=g","caption":"miro.sopko"},"url":"https:\/\/www.smedemokrati.sk\/en\/author\/miro-sopko\/"}]}},"_links":{"self":[{"href":"https:\/\/www.smedemokrati.sk\/en\/wp-json\/wp\/v2\/posts\/7947","targetHints":{"allow":["GET"]}}],"collection":[{"href":"https:\/\/www.smedemokrati.sk\/en\/wp-json\/wp\/v2\/posts"}],"about":[{"href":"https:\/\/www.smedemokrati.sk\/en\/wp-json\/wp\/v2\/types\/post"}],"author":[{"embeddable":true,"href":"https:\/\/www.smedemokrati.sk\/en\/wp-json\/wp\/v2\/users\/13"}],"replies":[{"embeddable":true,"href":"https:\/\/www.smedemokrati.sk\/en\/wp-json\/wp\/v2\/comments?post=7947"}],"version-history":[{"count":1,"href":"https:\/\/www.smedemokrati.sk\/en\/wp-json\/wp\/v2\/posts\/7947\/revisions"}],"predecessor-version":[{"id":7949,"href":"https:\/\/www.smedemokrati.sk\/en\/wp-json\/wp\/v2\/posts\/7947\/revisions\/7949"}],"wp:featuredmedia":[{"embeddable":true,"href":"https:\/\/www.smedemokrati.sk\/en\/wp-json\/wp\/v2\/media\/7948"}],"wp:attachment":[{"href":"https:\/\/www.smedemokrati.sk\/en\/wp-json\/wp\/v2\/media?parent=7947"}],"wp:term":[{"taxonomy":"category","embeddable":true,"href":"https:\/\/www.smedemokrati.sk\/en\/wp-json\/wp\/v2\/categories?post=7947"},{"taxonomy":"post_tag","embeddable":true,"href":"https:\/\/www.smedemokrati.sk\/en\/wp-json\/wp\/v2\/tags?post=7947"}],"curies":[{"name":"wp","href":"https:\/\/api.w.org\/{rel}","templated":true}]}}