{"id":7889,"date":"2025-08-07T11:28:40","date_gmt":"2025-08-07T10:28:40","guid":{"rendered":"https:\/\/www.smedemokrati.sk\/?p=7889"},"modified":"2025-08-07T11:28:41","modified_gmt":"2025-08-07T10:28:41","slug":"organizacie-pomahaju-ludom-a-stat-ich-nezmyselne-likviduje-pyta-od-nich-naspat-schvalene-dotacie","status":"publish","type":"post","link":"https:\/\/www.smedemokrati.sk\/en\/organizacie-pomahaju-ludom-a-stat-ich-nezmyselne-likviduje-pyta-od-nich-naspat-schvalene-dotacie\/","title":{"rendered":"Organiz\u00e1cie pom\u00e1haj\u00fa \u013eu\u010fom a \u0161t\u00e1t ich nezmyselne likviduje, p\u00fdta od nich nasp\u00e4\u0165 schv\u00e1len\u00e9 dot\u00e1cie"},"content":{"rendered":"<div id=\"fb-root\"><\/div>\n\n<p><strong>Ministerstvo pr\u00e1ce, soci\u00e1lnych vec\u00ed a rodiny SR po\u017eaduje od desiatok organiz\u00e1ci\u00ed, ktor\u00e9 pom\u00e1haj\u00fa \u013eu\u010fom v n\u00fadzi po celom Slovensku, aby vr\u00e1tili peniaze, ktor\u00e9 im boli riadne schv\u00e1len\u00e9 a vyplaten\u00e9. Ide o tzv. \u201ekorekcie\u201c v r\u00e1mci n\u00e1rodn\u00e9ho projektu Ter\u00e9nna soci\u00e1lna pr\u00e1ca a Komunitn\u00e9 centr\u00e1 (NP TSP KC). D\u00f4sledky tohto kroku m\u00f4\u017eu by\u0165 pre mnoh\u00fdch likvida\u010dn\u00e9.<\/strong><\/p>\n\n\n\n<p><em>\u201eDotknut\u00e9 organiz\u00e1cie pritom neporu\u0161ili \u017eiadnu zmluvu, \u017eiadne pravidlo a \u017eiadne usmernenie. V\u0161etky financie pou\u017eili na to, na \u010do boli ur\u010den\u00e9, a to na mzdy ter\u00e9nnych pracovn\u00edkov, ktor\u00ed denne pom\u00e1haj\u00fa chudobn\u00fdm, star\u0161\u00edm \u013eu\u010fom \u010di vyl\u00fa\u010den\u00fdm komunit\u00e1m.&#8221;&nbsp;<\/em>Vysvet\u013euje Nat\u00e1lia Blahov\u00e1, expertka Demokratov na soci\u00e1lnu oblas\u0165.<\/p>\n\n\n\n<p>Ministerstvo toti\u017e sp\u00e4tne men\u00ed sp\u00f4sob v\u00fdpo\u010dtu opr\u00e1vnen\u00fdch v\u00fddavkov. Od augusta 2023 sa m\u00e1 namiesto re\u00e1lne odpracovan\u00fdch hod\u00edn uplat\u0148ova\u0165 pau\u0161\u00e1lna dvan\u00e1stina z ro\u010dn\u00e9ho limitu.\u00a0<em><em>\u201e<\/em>Ale pozor tento nov\u00fd v\u00fdklad sa zav\u00e1dza teraz a je aplikovan\u00fd retroakt\u00edvne. Postihuje teda aj tie mesiace, kedy organiz\u00e1cie konali pod\u013ea p\u00f4vodn\u00e9ho syst\u00e9mu schv\u00e1len\u00e9ho ministerstvom.&#8221;\u00a0<\/em>Hovor\u00ed Blahov\u00e1.<\/p>\n\n\n\n<p>V mnoh\u00fdch pr\u00edpadoch to znamen\u00e1, \u017ee musia vr\u00e1ti\u0165 tis\u00edce eur, ktor\u00e9 u\u017e pou\u017eili. Navy\u0161e korekcie sa net\u00fdkaj\u00fa len tohto n\u00e1rodn\u00e9ho projektu ale aj dopytovo orientovan\u00fdch projektov. Ide teda o stovky poskytovate\u013eov, ktor\u00fdch t\u00e1to zmena zasiahne.<\/p>\n\n\n\n<p><em>\u201eMinisterstvo tvrd\u00ed, \u017ee ide o v\u00fdklad nariadenia Rady E\u00da, no podstatou probl\u00e9mu je chyba ministerstva v interpret\u00e1cii tohto nariadenia. T\u00fa sa teraz sna\u017e\u00ed ministerstvo prehodi\u0165 na plecia mal\u00fdch organiz\u00e1ci\u00ed. Ter\u00e9nna soci\u00e1lna pr\u00e1ca a komunitn\u00e9 centr\u00e1 funguj\u00fa vo v\u00e4\u010d\u0161ine pr\u00edpadov len v\u010faka eurofondom. Mnoh\u00e9 organiz\u00e1cie nemaj\u00fa rezervy. Ak im \u0161t\u00e1t zoberie peniaze na mzdy, bud\u00fa musie\u0165 prep\u00fa\u0161\u0165a\u0165 alebo \u00faplne skon\u010di\u0165.&#8221;<\/em>&nbsp;Hovor\u00ed Blahov\u00e1, pod\u013ea ktorej tis\u00edce \u013eud\u00ed v najchudobnej\u0161\u00edch \u010dastiach Slovenska pr\u00eddu o jedin\u00fa pomoc, ktor\u00fa dnes maj\u00fa.<\/p>\n\n\n\n<p>Organiz\u00e1cie konali v dobrej viere, pod\u013ea platn\u00fdch zml\u00fav a usmernen\u00ed ministerstva, boli pravidelne kontrolovan\u00e9 a ich v\u00fddavky boli schv\u00e1len\u00e9. Dnes s\u00fa sp\u00e4tne trestan\u00e9 za chybu \u0161t\u00e1tu.&nbsp;Ministerstvo, zle nastavilo pravidl\u00e1, zle interpretovalo eur\u00f3pske nariadenie a namiesto prevzatia zodpovednosti po\u017eaduje n\u00e1pravu od obet\u00ed svojho zlyhania.<\/p>\n\n\n\n<p><em>\u201eP\u00fdtame sa, pre\u010do maj\u00fa mimovl\u00e1dne organiz\u00e1cie nies\u0165 d\u00f4sledky za chyby ministerstva? Kde bola kontrola, ke\u010f boli transfery schva\u013eovan\u00e9?<\/em> <em>A kto ponesie zodpovednos\u0165, ak v d\u00f4sledku tejto retroakt\u00edvnej zmeny zanikn\u00fa slu\u017eby v chudobn\u00fdch regi\u00f3noch? Vyz\u00fdvam ministra Tom\u00e1\u0161a aby okam\u017eite zasiahol a zastavil t\u00fato retroaktivitu, teda vracanie pe\u0148az\u00ed od organiz\u00e1ci\u00ed, ktor\u00e9 ich pou\u017eili presne na to, na \u010do boli ur\u010den\u00e9. Ak tak neurob\u00ed, mnoh\u00e9 organiz\u00e1cie skon\u010dia na kolen\u00e1ch.&#8221;<\/em>\u00a0Uzatv\u00e1ra Eduard Heger podpredseda Demokratov.\u00a0<\/p>\n\n\n\n<figure class=\"wp-block-embed is-type-video is-provider-youtube wp-block-embed-youtube wp-embed-aspect-16-9 wp-has-aspect-ratio\"><div class=\"wp-block-embed__wrapper\">\n<iframe title=\"Live: Organiz\u00e1cie pom\u00e1haj\u00fa \u013eu\u010fom a \u0161t\u00e1t ich nezmyselne likviduje, hroz\u00ed im z\u00e1nik!\" width=\"500\" height=\"281\" src=\"https:\/\/www.youtube.com\/embed\/hcMrgGlptBo?feature=oembed\" frameborder=\"0\" allow=\"accelerometer; autoplay; clipboard-write; encrypted-media; gyroscope; picture-in-picture; web-share\" referrerpolicy=\"strict-origin-when-cross-origin\" allowfullscreen><\/iframe>\n<\/div><\/figure>\n","protected":false},"excerpt":{"rendered":"<p>Ministerstvo pr\u00e1ce, soci\u00e1lnych vec\u00ed a rodiny SR po\u017eaduje od desiatok organiz\u00e1ci\u00ed, ktor\u00e9 pom\u00e1haj\u00fa \u013eu\u010fom v n\u00fadzi po celom Slovensku, aby vr\u00e1tili peniaze, ktor\u00e9 im boli riadne schv\u00e1len\u00e9 a vyplaten\u00e9. Ide o tzv. \u201ekorekcie\u201c v r\u00e1mci n\u00e1rodn\u00e9ho projektu Ter\u00e9nna soci\u00e1lna pr\u00e1ca a Komunitn\u00e9 centr\u00e1 (NP TSP KC). D\u00f4sledky tohto kroku m\u00f4\u017eu by\u0165 pre mnoh\u00fdch likvida\u010dn\u00e9. \u201eDotknut\u00e9 [&hellip;]<\/p>\n","protected":false},"author":13,"featured_media":7890,"comment_status":"closed","ping_status":"closed","sticky":false,"template":"","format":"standard","meta":{"_acf_changed":false,"ngg_post_thumbnail":0,"footnotes":""},"categories":[4],"tags":[],"class_list":["post-7889","post","type-post","status-publish","format-standard","has-post-thumbnail","hentry","category-tlacove-spravy"],"acf":[],"yoast_head":"<!-- This site is optimized with the Yoast SEO plugin v27.2 - https:\/\/yoast.com\/product\/yoast-seo-wordpress\/ -->\n<title>Organiz\u00e1cie pom\u00e1haj\u00fa \u013eu\u010fom a \u0161t\u00e1t ich nezmyselne likviduje, p\u00fdta od nich nasp\u00e4\u0165 schv\u00e1len\u00e9 dot\u00e1cie<\/title>\n<meta name=\"robots\" content=\"index, follow, max-snippet:-1, max-image-preview:large, max-video-preview:-1\" \/>\n<link rel=\"canonical\" href=\"https:\/\/www.smedemokrati.sk\/en\/organizacie-pomahaju-ludom-a-stat-ich-nezmyselne-likviduje-pyta-od-nich-naspat-schvalene-dotacie\/\" \/>\n<meta property=\"og:locale\" content=\"en_US\" \/>\n<meta property=\"og:locale:alternate\" content=\"cs_CZ\" \/>\n<meta property=\"og:locale:alternate\" content=\"hu_HU\" \/>\n<meta property=\"og:locale:alternate\" content=\"sk_SK\" \/>\n<meta property=\"og:locale:alternate\" content=\"sv_SE\" \/>\n<meta property=\"og:type\" content=\"article\" \/>\n<meta property=\"og:title\" content=\"Organiz\u00e1cie pom\u00e1haj\u00fa \u013eu\u010fom a \u0161t\u00e1t ich nezmyselne likviduje, p\u00fdta od nich nasp\u00e4\u0165 schv\u00e1len\u00e9 dot\u00e1cie\" \/>\n<meta property=\"og:description\" content=\"Ministerstvo pr\u00e1ce, soci\u00e1lnych vec\u00ed a rodiny SR po\u017eaduje od desiatok organiz\u00e1ci\u00ed, ktor\u00e9 pom\u00e1haj\u00fa \u013eu\u010fom v n\u00fadzi po celom Slovensku, aby vr\u00e1tili peniaze, ktor\u00e9 im boli riadne schv\u00e1len\u00e9 a vyplaten\u00e9. Ide o tzv. \u201ekorekcie\u201c v r\u00e1mci n\u00e1rodn\u00e9ho projektu Ter\u00e9nna soci\u00e1lna pr\u00e1ca a Komunitn\u00e9 centr\u00e1 (NP TSP KC). D\u00f4sledky tohto kroku m\u00f4\u017eu by\u0165 pre mnoh\u00fdch likvida\u010dn\u00e9. \u201eDotknut\u00e9 [&hellip;]\" \/>\n<meta property=\"og:url\" content=\"https:\/\/www.smedemokrati.sk\/en\/organizacie-pomahaju-ludom-a-stat-ich-nezmyselne-likviduje-pyta-od-nich-naspat-schvalene-dotacie\/\" \/>\n<meta property=\"og:site_name\" content=\"Smedemokrati.sk\" \/>\n<meta property=\"article:publisher\" content=\"https:\/\/www.facebook.com\/smedemokrati2023\" \/>\n<meta property=\"article:published_time\" content=\"2025-08-07T10:28:40+00:00\" \/>\n<meta property=\"article:modified_time\" content=\"2025-08-07T10:28:41+00:00\" \/>\n<meta property=\"og:image\" content=\"https:\/\/www.smedemokrati.sk\/wp-content\/uploads\/2025\/08\/hrozba-zaniku-organizaciam-pomoci.jpg\" \/>\n\t<meta property=\"og:image:width\" content=\"1574\" \/>\n\t<meta property=\"og:image:height\" content=\"915\" \/>\n\t<meta property=\"og:image:type\" content=\"image\/jpeg\" \/>\n<meta name=\"author\" content=\"miro.sopko\" \/>\n<meta name=\"twitter:card\" content=\"summary_large_image\" \/>\n<meta name=\"twitter:label1\" content=\"Written by\" \/>\n\t<meta name=\"twitter:data1\" content=\"miro.sopko\" \/>\n\t<meta name=\"twitter:label2\" content=\"Est. reading time\" \/>\n\t<meta name=\"twitter:data2\" content=\"3 minutes\" \/>\n<script type=\"application\/ld+json\" class=\"yoast-schema-graph\">{\"@context\":\"https:\/\/schema.org\",\"@graph\":[{\"@type\":\"Article\",\"@id\":\"https:\/\/www.smedemokrati.sk\/organizacie-pomahaju-ludom-a-stat-ich-nezmyselne-likviduje-pyta-od-nich-naspat-schvalene-dotacie\/#article\",\"isPartOf\":{\"@id\":\"https:\/\/www.smedemokrati.sk\/organizacie-pomahaju-ludom-a-stat-ich-nezmyselne-likviduje-pyta-od-nich-naspat-schvalene-dotacie\/\"},\"author\":{\"name\":\"miro.sopko\",\"@id\":\"https:\/\/www.smedemokrati.sk\/#\/schema\/person\/21f147c88d605aa7ded900e1e7c344ba\"},\"headline\":\"Organiz\u00e1cie pom\u00e1haj\u00fa \u013eu\u010fom a \u0161t\u00e1t ich nezmyselne likviduje, p\u00fdta od nich nasp\u00e4\u0165 schv\u00e1len\u00e9 dot\u00e1cie\",\"datePublished\":\"2025-08-07T10:28:40+00:00\",\"dateModified\":\"2025-08-07T10:28:41+00:00\",\"mainEntityOfPage\":{\"@id\":\"https:\/\/www.smedemokrati.sk\/organizacie-pomahaju-ludom-a-stat-ich-nezmyselne-likviduje-pyta-od-nich-naspat-schvalene-dotacie\/\"},\"wordCount\":535,\"publisher\":{\"@id\":\"https:\/\/www.smedemokrati.sk\/#organization\"},\"image\":{\"@id\":\"https:\/\/www.smedemokrati.sk\/organizacie-pomahaju-ludom-a-stat-ich-nezmyselne-likviduje-pyta-od-nich-naspat-schvalene-dotacie\/#primaryimage\"},\"thumbnailUrl\":\"https:\/\/www.smedemokrati.sk\/wp-content\/uploads\/2025\/08\/hrozba-zaniku-organizaciam-pomoci.jpg\",\"articleSection\":[\"Tla\u010dov\u00e9 spr\u00e1vy\"],\"inLanguage\":\"en-US\"},{\"@type\":\"WebPage\",\"@id\":\"https:\/\/www.smedemokrati.sk\/organizacie-pomahaju-ludom-a-stat-ich-nezmyselne-likviduje-pyta-od-nich-naspat-schvalene-dotacie\/\",\"url\":\"https:\/\/www.smedemokrati.sk\/organizacie-pomahaju-ludom-a-stat-ich-nezmyselne-likviduje-pyta-od-nich-naspat-schvalene-dotacie\/\",\"name\":\"Organiz\u00e1cie pom\u00e1haj\u00fa \u013eu\u010fom a \u0161t\u00e1t ich nezmyselne likviduje, p\u00fdta od nich nasp\u00e4\u0165 schv\u00e1len\u00e9 dot\u00e1cie\",\"isPartOf\":{\"@id\":\"https:\/\/www.smedemokrati.sk\/#website\"},\"primaryImageOfPage\":{\"@id\":\"https:\/\/www.smedemokrati.sk\/organizacie-pomahaju-ludom-a-stat-ich-nezmyselne-likviduje-pyta-od-nich-naspat-schvalene-dotacie\/#primaryimage\"},\"image\":{\"@id\":\"https:\/\/www.smedemokrati.sk\/organizacie-pomahaju-ludom-a-stat-ich-nezmyselne-likviduje-pyta-od-nich-naspat-schvalene-dotacie\/#primaryimage\"},\"thumbnailUrl\":\"https:\/\/www.smedemokrati.sk\/wp-content\/uploads\/2025\/08\/hrozba-zaniku-organizaciam-pomoci.jpg\",\"datePublished\":\"2025-08-07T10:28:40+00:00\",\"dateModified\":\"2025-08-07T10:28:41+00:00\",\"breadcrumb\":{\"@id\":\"https:\/\/www.smedemokrati.sk\/organizacie-pomahaju-ludom-a-stat-ich-nezmyselne-likviduje-pyta-od-nich-naspat-schvalene-dotacie\/#breadcrumb\"},\"inLanguage\":\"en-US\",\"potentialAction\":[{\"@type\":\"ReadAction\",\"target\":[\"https:\/\/www.smedemokrati.sk\/organizacie-pomahaju-ludom-a-stat-ich-nezmyselne-likviduje-pyta-od-nich-naspat-schvalene-dotacie\/\"]}]},{\"@type\":\"ImageObject\",\"inLanguage\":\"en-US\",\"@id\":\"https:\/\/www.smedemokrati.sk\/organizacie-pomahaju-ludom-a-stat-ich-nezmyselne-likviduje-pyta-od-nich-naspat-schvalene-dotacie\/#primaryimage\",\"url\":\"https:\/\/www.smedemokrati.sk\/wp-content\/uploads\/2025\/08\/hrozba-zaniku-organizaciam-pomoci.jpg\",\"contentUrl\":\"https:\/\/www.smedemokrati.sk\/wp-content\/uploads\/2025\/08\/hrozba-zaniku-organizaciam-pomoci.jpg\",\"width\":1574,\"height\":915},{\"@type\":\"BreadcrumbList\",\"@id\":\"https:\/\/www.smedemokrati.sk\/organizacie-pomahaju-ludom-a-stat-ich-nezmyselne-likviduje-pyta-od-nich-naspat-schvalene-dotacie\/#breadcrumb\",\"itemListElement\":[{\"@type\":\"ListItem\",\"position\":1,\"name\":\"Domovsk\u00e1 str\u00e1nka\",\"item\":\"https:\/\/www.smedemokrati.sk\/\"},{\"@type\":\"ListItem\",\"position\":2,\"name\":\"Organiz\u00e1cie pom\u00e1haj\u00fa \u013eu\u010fom a \u0161t\u00e1t ich nezmyselne likviduje, p\u00fdta od nich nasp\u00e4\u0165 schv\u00e1len\u00e9 dot\u00e1cie\"}]},{\"@type\":\"WebSite\",\"@id\":\"https:\/\/www.smedemokrati.sk\/#website\",\"url\":\"https:\/\/www.smedemokrati.sk\/\",\"name\":\"Smedemokrati.sk\",\"description\":\"Demokracia a slu\u0161nos\u0165 zv\u00ed\u0165az\u00ed\",\"publisher\":{\"@id\":\"https:\/\/www.smedemokrati.sk\/#organization\"},\"potentialAction\":[{\"@type\":\"SearchAction\",\"target\":{\"@type\":\"EntryPoint\",\"urlTemplate\":\"https:\/\/www.smedemokrati.sk\/?s={search_term_string}\"},\"query-input\":{\"@type\":\"PropertyValueSpecification\",\"valueRequired\":true,\"valueName\":\"search_term_string\"}}],\"inLanguage\":\"en-US\"},{\"@type\":\"Organization\",\"@id\":\"https:\/\/www.smedemokrati.sk\/#organization\",\"name\":\"Smedemokrati.sk\",\"url\":\"https:\/\/www.smedemokrati.sk\/\",\"logo\":{\"@type\":\"ImageObject\",\"inLanguage\":\"en-US\",\"@id\":\"https:\/\/www.smedemokrati.sk\/#\/schema\/logo\/image\/\",\"url\":\"https:\/\/www.smedemokrati.sk\/wp-content\/uploads\/2023\/04\/ff.002.jpeg\",\"contentUrl\":\"https:\/\/www.smedemokrati.sk\/wp-content\/uploads\/2023\/04\/ff.002.jpeg\",\"width\":640,\"height\":480,\"caption\":\"Smedemokrati.sk\"},\"image\":{\"@id\":\"https:\/\/www.smedemokrati.sk\/#\/schema\/logo\/image\/\"},\"sameAs\":[\"https:\/\/www.facebook.com\/smedemokrati2023\"]},{\"@type\":\"Person\",\"@id\":\"https:\/\/www.smedemokrati.sk\/#\/schema\/person\/21f147c88d605aa7ded900e1e7c344ba\",\"name\":\"miro.sopko\",\"image\":{\"@type\":\"ImageObject\",\"inLanguage\":\"en-US\",\"@id\":\"https:\/\/secure.gravatar.com\/avatar\/267e4a36f704376c109afe3a78740c1f5dd8675a2180a908699e7863c9247606?s=96&d=mm&r=g\",\"url\":\"https:\/\/secure.gravatar.com\/avatar\/267e4a36f704376c109afe3a78740c1f5dd8675a2180a908699e7863c9247606?s=96&d=mm&r=g\",\"contentUrl\":\"https:\/\/secure.gravatar.com\/avatar\/267e4a36f704376c109afe3a78740c1f5dd8675a2180a908699e7863c9247606?s=96&d=mm&r=g\",\"caption\":\"miro.sopko\"},\"url\":\"https:\/\/www.smedemokrati.sk\/en\/author\/miro-sopko\/\"}]}<\/script>\n<!-- \/ Yoast SEO plugin. -->","yoast_head_json":{"title":"Organiz\u00e1cie pom\u00e1haj\u00fa \u013eu\u010fom a \u0161t\u00e1t ich nezmyselne likviduje, p\u00fdta od nich nasp\u00e4\u0165 schv\u00e1len\u00e9 dot\u00e1cie","robots":{"index":"index","follow":"follow","max-snippet":"max-snippet:-1","max-image-preview":"max-image-preview:large","max-video-preview":"max-video-preview:-1"},"canonical":"https:\/\/www.smedemokrati.sk\/en\/organizacie-pomahaju-ludom-a-stat-ich-nezmyselne-likviduje-pyta-od-nich-naspat-schvalene-dotacie\/","og_locale":"en_US","og_type":"article","og_title":"[:sk]Organiz\u00e1cie pom\u00e1haj\u00fa \u013eu\u010fom a \u0161t\u00e1t ich nezmyselne likviduje, p\u00fdta od nich nasp\u00e4\u0165 schv\u00e1len\u00e9 dot\u00e1cie[:] - Smedemokrati.sk","og_description":"Ministerstvo pr\u00e1ce, soci\u00e1lnych vec\u00ed a rodiny SR po\u017eaduje od desiatok organiz\u00e1ci\u00ed, ktor\u00e9 pom\u00e1haj\u00fa \u013eu\u010fom v n\u00fadzi po celom Slovensku, aby vr\u00e1tili peniaze, ktor\u00e9 im boli riadne schv\u00e1len\u00e9 a vyplaten\u00e9. Ide o tzv. \u201ekorekcie\u201c v r\u00e1mci n\u00e1rodn\u00e9ho projektu Ter\u00e9nna soci\u00e1lna pr\u00e1ca a Komunitn\u00e9 centr\u00e1 (NP TSP KC). D\u00f4sledky tohto kroku m\u00f4\u017eu by\u0165 pre mnoh\u00fdch likvida\u010dn\u00e9. \u201eDotknut\u00e9 [&hellip;]","og_url":"https:\/\/www.smedemokrati.sk\/en\/organizacie-pomahaju-ludom-a-stat-ich-nezmyselne-likviduje-pyta-od-nich-naspat-schvalene-dotacie\/","og_site_name":"Smedemokrati.sk","article_publisher":"https:\/\/www.facebook.com\/smedemokrati2023","article_published_time":"2025-08-07T10:28:40+00:00","article_modified_time":"2025-08-07T10:28:41+00:00","og_image":[{"width":1574,"height":915,"url":"https:\/\/www.smedemokrati.sk\/wp-content\/uploads\/2025\/08\/hrozba-zaniku-organizaciam-pomoci.jpg","type":"image\/jpeg"}],"author":"miro.sopko","twitter_card":"summary_large_image","twitter_misc":{"Written by":"miro.sopko","Est. reading time":"3 minutes"},"schema":{"@context":"https:\/\/schema.org","@graph":[{"@type":"Article","@id":"https:\/\/www.smedemokrati.sk\/organizacie-pomahaju-ludom-a-stat-ich-nezmyselne-likviduje-pyta-od-nich-naspat-schvalene-dotacie\/#article","isPartOf":{"@id":"https:\/\/www.smedemokrati.sk\/organizacie-pomahaju-ludom-a-stat-ich-nezmyselne-likviduje-pyta-od-nich-naspat-schvalene-dotacie\/"},"author":{"name":"miro.sopko","@id":"https:\/\/www.smedemokrati.sk\/#\/schema\/person\/21f147c88d605aa7ded900e1e7c344ba"},"headline":"Organiz\u00e1cie pom\u00e1haj\u00fa \u013eu\u010fom a \u0161t\u00e1t ich nezmyselne likviduje, p\u00fdta od nich nasp\u00e4\u0165 schv\u00e1len\u00e9 dot\u00e1cie","datePublished":"2025-08-07T10:28:40+00:00","dateModified":"2025-08-07T10:28:41+00:00","mainEntityOfPage":{"@id":"https:\/\/www.smedemokrati.sk\/organizacie-pomahaju-ludom-a-stat-ich-nezmyselne-likviduje-pyta-od-nich-naspat-schvalene-dotacie\/"},"wordCount":535,"publisher":{"@id":"https:\/\/www.smedemokrati.sk\/#organization"},"image":{"@id":"https:\/\/www.smedemokrati.sk\/organizacie-pomahaju-ludom-a-stat-ich-nezmyselne-likviduje-pyta-od-nich-naspat-schvalene-dotacie\/#primaryimage"},"thumbnailUrl":"https:\/\/www.smedemokrati.sk\/wp-content\/uploads\/2025\/08\/hrozba-zaniku-organizaciam-pomoci.jpg","articleSection":["Tla\u010dov\u00e9 spr\u00e1vy"],"inLanguage":"en-US"},{"@type":"WebPage","@id":"https:\/\/www.smedemokrati.sk\/organizacie-pomahaju-ludom-a-stat-ich-nezmyselne-likviduje-pyta-od-nich-naspat-schvalene-dotacie\/","url":"https:\/\/www.smedemokrati.sk\/organizacie-pomahaju-ludom-a-stat-ich-nezmyselne-likviduje-pyta-od-nich-naspat-schvalene-dotacie\/","name":"Organiz\u00e1cie pom\u00e1haj\u00fa \u013eu\u010fom a \u0161t\u00e1t ich nezmyselne likviduje, p\u00fdta od nich nasp\u00e4\u0165 schv\u00e1len\u00e9 dot\u00e1cie","isPartOf":{"@id":"https:\/\/www.smedemokrati.sk\/#website"},"primaryImageOfPage":{"@id":"https:\/\/www.smedemokrati.sk\/organizacie-pomahaju-ludom-a-stat-ich-nezmyselne-likviduje-pyta-od-nich-naspat-schvalene-dotacie\/#primaryimage"},"image":{"@id":"https:\/\/www.smedemokrati.sk\/organizacie-pomahaju-ludom-a-stat-ich-nezmyselne-likviduje-pyta-od-nich-naspat-schvalene-dotacie\/#primaryimage"},"thumbnailUrl":"https:\/\/www.smedemokrati.sk\/wp-content\/uploads\/2025\/08\/hrozba-zaniku-organizaciam-pomoci.jpg","datePublished":"2025-08-07T10:28:40+00:00","dateModified":"2025-08-07T10:28:41+00:00","breadcrumb":{"@id":"https:\/\/www.smedemokrati.sk\/organizacie-pomahaju-ludom-a-stat-ich-nezmyselne-likviduje-pyta-od-nich-naspat-schvalene-dotacie\/#breadcrumb"},"inLanguage":"en-US","potentialAction":[{"@type":"ReadAction","target":["https:\/\/www.smedemokrati.sk\/organizacie-pomahaju-ludom-a-stat-ich-nezmyselne-likviduje-pyta-od-nich-naspat-schvalene-dotacie\/"]}]},{"@type":"ImageObject","inLanguage":"en-US","@id":"https:\/\/www.smedemokrati.sk\/organizacie-pomahaju-ludom-a-stat-ich-nezmyselne-likviduje-pyta-od-nich-naspat-schvalene-dotacie\/#primaryimage","url":"https:\/\/www.smedemokrati.sk\/wp-content\/uploads\/2025\/08\/hrozba-zaniku-organizaciam-pomoci.jpg","contentUrl":"https:\/\/www.smedemokrati.sk\/wp-content\/uploads\/2025\/08\/hrozba-zaniku-organizaciam-pomoci.jpg","width":1574,"height":915},{"@type":"BreadcrumbList","@id":"https:\/\/www.smedemokrati.sk\/organizacie-pomahaju-ludom-a-stat-ich-nezmyselne-likviduje-pyta-od-nich-naspat-schvalene-dotacie\/#breadcrumb","itemListElement":[{"@type":"ListItem","position":1,"name":"Domovsk\u00e1 str\u00e1nka","item":"https:\/\/www.smedemokrati.sk\/"},{"@type":"ListItem","position":2,"name":"Organiz\u00e1cie pom\u00e1haj\u00fa \u013eu\u010fom a \u0161t\u00e1t ich nezmyselne likviduje, p\u00fdta od nich nasp\u00e4\u0165 schv\u00e1len\u00e9 dot\u00e1cie"}]},{"@type":"WebSite","@id":"https:\/\/www.smedemokrati.sk\/#website","url":"https:\/\/www.smedemokrati.sk\/","name":"Smedemokrati.sk","description":"Demokracia a slu\u0161nos\u0165 zv\u00ed\u0165az\u00ed","publisher":{"@id":"https:\/\/www.smedemokrati.sk\/#organization"},"potentialAction":[{"@type":"SearchAction","target":{"@type":"EntryPoint","urlTemplate":"https:\/\/www.smedemokrati.sk\/?s={search_term_string}"},"query-input":{"@type":"PropertyValueSpecification","valueRequired":true,"valueName":"search_term_string"}}],"inLanguage":"en-US"},{"@type":"Organization","@id":"https:\/\/www.smedemokrati.sk\/#organization","name":"Smedemokrati.sk","url":"https:\/\/www.smedemokrati.sk\/","logo":{"@type":"ImageObject","inLanguage":"en-US","@id":"https:\/\/www.smedemokrati.sk\/#\/schema\/logo\/image\/","url":"https:\/\/www.smedemokrati.sk\/wp-content\/uploads\/2023\/04\/ff.002.jpeg","contentUrl":"https:\/\/www.smedemokrati.sk\/wp-content\/uploads\/2023\/04\/ff.002.jpeg","width":640,"height":480,"caption":"Smedemokrati.sk"},"image":{"@id":"https:\/\/www.smedemokrati.sk\/#\/schema\/logo\/image\/"},"sameAs":["https:\/\/www.facebook.com\/smedemokrati2023"]},{"@type":"Person","@id":"https:\/\/www.smedemokrati.sk\/#\/schema\/person\/21f147c88d605aa7ded900e1e7c344ba","name":"miro.sopko","image":{"@type":"ImageObject","inLanguage":"en-US","@id":"https:\/\/secure.gravatar.com\/avatar\/267e4a36f704376c109afe3a78740c1f5dd8675a2180a908699e7863c9247606?s=96&d=mm&r=g","url":"https:\/\/secure.gravatar.com\/avatar\/267e4a36f704376c109afe3a78740c1f5dd8675a2180a908699e7863c9247606?s=96&d=mm&r=g","contentUrl":"https:\/\/secure.gravatar.com\/avatar\/267e4a36f704376c109afe3a78740c1f5dd8675a2180a908699e7863c9247606?s=96&d=mm&r=g","caption":"miro.sopko"},"url":"https:\/\/www.smedemokrati.sk\/en\/author\/miro-sopko\/"}]}},"_links":{"self":[{"href":"https:\/\/www.smedemokrati.sk\/en\/wp-json\/wp\/v2\/posts\/7889","targetHints":{"allow":["GET"]}}],"collection":[{"href":"https:\/\/www.smedemokrati.sk\/en\/wp-json\/wp\/v2\/posts"}],"about":[{"href":"https:\/\/www.smedemokrati.sk\/en\/wp-json\/wp\/v2\/types\/post"}],"author":[{"embeddable":true,"href":"https:\/\/www.smedemokrati.sk\/en\/wp-json\/wp\/v2\/users\/13"}],"replies":[{"embeddable":true,"href":"https:\/\/www.smedemokrati.sk\/en\/wp-json\/wp\/v2\/comments?post=7889"}],"version-history":[{"count":1,"href":"https:\/\/www.smedemokrati.sk\/en\/wp-json\/wp\/v2\/posts\/7889\/revisions"}],"predecessor-version":[{"id":7891,"href":"https:\/\/www.smedemokrati.sk\/en\/wp-json\/wp\/v2\/posts\/7889\/revisions\/7891"}],"wp:featuredmedia":[{"embeddable":true,"href":"https:\/\/www.smedemokrati.sk\/en\/wp-json\/wp\/v2\/media\/7890"}],"wp:attachment":[{"href":"https:\/\/www.smedemokrati.sk\/en\/wp-json\/wp\/v2\/media?parent=7889"}],"wp:term":[{"taxonomy":"category","embeddable":true,"href":"https:\/\/www.smedemokrati.sk\/en\/wp-json\/wp\/v2\/categories?post=7889"},{"taxonomy":"post_tag","embeddable":true,"href":"https:\/\/www.smedemokrati.sk\/en\/wp-json\/wp\/v2\/tags?post=7889"}],"curies":[{"name":"wp","href":"https:\/\/api.w.org\/{rel}","templated":true}]}}