{"id":7870,"date":"2025-08-05T12:49:09","date_gmt":"2025-08-05T11:49:09","guid":{"rendered":"https:\/\/www.smedemokrati.sk\/?p=7870"},"modified":"2025-08-05T12:49:10","modified_gmt":"2025-08-05T11:49:10","slug":"tender-na-zachranky-zavana-kseftom","status":"publish","type":"post","link":"https:\/\/www.smedemokrati.sk\/en\/tender-na-zachranky-zavana-kseftom\/","title":{"rendered":"Tender na z\u00e1chranky \u201ezav\u00e1\u0148a\u201c k\u0161eftom"},"content":{"rendered":"<div id=\"fb-root\"><\/div>\n\n<p><strong>Od roku 2009 skon\u010dil ka\u017ed\u00fd tender na ambulancie Z\u00e1chrannej zdravotnej slu\u017eby (ZZS) \u0161kand\u00e1lom. Ten posledn\u00fd v 2019 rie\u0161ila dokonca a\u017e Eur\u00f3pska komisia pre podozrenie z nez\u00e1konn\u00e9ho prepojenia \u010dlenov v\u00fdberovej komisie na naj\u00faspe\u0161nej\u0161iu firmu.<\/strong><\/p>\n\n\n\n<p><em>\u201eKe\u010f 4 mesiace h\u013eadal minister \u0160a\u0161ko tzv. &#8220;politick\u00fa zhodu&#8221;\u00a0 na<\/em> <em>predlo\u017eenie novely Z\u00e1kona o z\u00e1chrank\u00e1ch a minister Taraba mal<\/em> <em>z\u00e1sadn\u00e9 pripomienky, Demokrati u\u017e vo febru\u00e1ri upozor\u0148ovali, \u017ee to<\/em> <em>zav\u00e1\u0148a z\u00e1va\u017en\u00fdmi podozreniami z pripravovan\u00e9ho k\u0161eftu pre vopred<\/em> <em>vybrat\u00e9ho uch\u00e1dza\u010da alebo uch\u00e1dza\u010dov,&#8221;\u00a0<\/em>hovor\u00ed Viliam Novotn\u00fd, expert Demokratov pre zdravotn\u00edctvo.\u00a0<\/p>\n\n\n\n<p>Udalosti posledn\u00fdch t\u00fd\u017ed\u0148ov n\u00e1m d\u00e1vaj\u00fa za pravdu. Aj o tom bola dne\u0161n\u00e1 tla\u010dovka predstavite\u013eov celej demokratickej opoz\u00edcie (PS, O\u013dANO, KDH, SaS, Demokrati) pred MZ SR. Je nepochybn\u00e9, \u017ee sme svedkami tendra na z\u00e1chranky, ktor\u00fd e\u0161te neskon\u010dil, ale jeho bud\u00faci v\u00ed\u0165azi u\u017e teraz zjavne poznaj\u00fa v\u00fdsledky a dov\u00e1\u017eaj\u00fa si sanitky.<\/p>\n\n\n\n<p><em>\u201eAko lek\u00e1r odmietam ak\u00e9ko\u013evek ohrozenie neodkladnej zdravotnej<\/em> <em>starostlivosti a\u00a0k\u0161eftovanie s ambulanciami z\u00e1chrannej zdravotnej<\/em> <em>slu\u017eby,\u201c\u00a0<\/em>vysvet\u013euje Viliam Novotn\u00fd.<\/p>\n\n\n\n<p><em>\u201eZa Demokratov opakovane uis\u0165ujeme v\u0161etk\u00fdch pacientov a<\/em> <em>z\u00e1chran\u00e1rov, \u017ee budeme na\u010falej pozorne sledova\u0165 tender na z\u00e1chranky<\/em> <em>a\u00a0odha\u013eova\u0165 v\u0161etky podozrenia z\u00a0klientelizmu a\u00a0korupcie, lebo \u013eudia maj\u00fa pr\u00e1vo vedie\u0165, na \u010do sa min\u00fa 2 miliardy eur v\u00a0zdravotn\u00edctve,\u201c<\/em>\u00a0dod\u00e1va Novotn\u00fd.<\/p>\n","protected":false},"excerpt":{"rendered":"<p>Od roku 2009 skon\u010dil ka\u017ed\u00fd tender na ambulancie Z\u00e1chrannej zdravotnej slu\u017eby (ZZS) \u0161kand\u00e1lom. Ten posledn\u00fd v 2019 rie\u0161ila dokonca a\u017e Eur\u00f3pska komisia pre podozrenie z nez\u00e1konn\u00e9ho prepojenia \u010dlenov v\u00fdberovej komisie na naj\u00faspe\u0161nej\u0161iu firmu. \u201eKe\u010f 4 mesiace h\u013eadal minister \u0160a\u0161ko tzv. &#8220;politick\u00fa zhodu&#8221;\u00a0 na predlo\u017eenie novely Z\u00e1kona o z\u00e1chrank\u00e1ch a minister Taraba mal z\u00e1sadn\u00e9 pripomienky, Demokrati [&hellip;]<\/p>\n","protected":false},"author":13,"featured_media":7871,"comment_status":"closed","ping_status":"closed","sticky":false,"template":"","format":"standard","meta":{"_acf_changed":false,"ngg_post_thumbnail":0,"footnotes":""},"categories":[4],"tags":[],"class_list":["post-7870","post","type-post","status-publish","format-standard","has-post-thumbnail","hentry","category-tlacove-spravy"],"acf":[],"yoast_head":"<!-- This site is optimized with the Yoast SEO plugin v27.2 - https:\/\/yoast.com\/product\/yoast-seo-wordpress\/ -->\n<title>Tender na z\u00e1chranky \u201ezav\u00e1\u0148a\u201c k\u0161eftom<\/title>\n<meta name=\"robots\" content=\"index, follow, max-snippet:-1, max-image-preview:large, max-video-preview:-1\" \/>\n<link rel=\"canonical\" href=\"https:\/\/www.smedemokrati.sk\/en\/tender-na-zachranky-zavana-kseftom\/\" \/>\n<meta property=\"og:locale\" content=\"en_US\" \/>\n<meta property=\"og:locale:alternate\" content=\"cs_CZ\" \/>\n<meta property=\"og:locale:alternate\" content=\"hu_HU\" \/>\n<meta property=\"og:locale:alternate\" content=\"sk_SK\" \/>\n<meta property=\"og:locale:alternate\" content=\"sv_SE\" \/>\n<meta property=\"og:type\" content=\"article\" \/>\n<meta property=\"og:title\" content=\"Tender na z\u00e1chranky \u201ezav\u00e1\u0148a\u201c k\u0161eftom\" \/>\n<meta property=\"og:description\" content=\"Od roku 2009 skon\u010dil ka\u017ed\u00fd tender na ambulancie Z\u00e1chrannej zdravotnej slu\u017eby (ZZS) \u0161kand\u00e1lom. Ten posledn\u00fd v 2019 rie\u0161ila dokonca a\u017e Eur\u00f3pska komisia pre podozrenie z nez\u00e1konn\u00e9ho prepojenia \u010dlenov v\u00fdberovej komisie na naj\u00faspe\u0161nej\u0161iu firmu. \u201eKe\u010f 4 mesiace h\u013eadal minister \u0160a\u0161ko tzv. &#8220;politick\u00fa zhodu&#8221;\u00a0 na predlo\u017eenie novely Z\u00e1kona o z\u00e1chrank\u00e1ch a minister Taraba mal z\u00e1sadn\u00e9 pripomienky, Demokrati [&hellip;]\" \/>\n<meta property=\"og:url\" content=\"https:\/\/www.smedemokrati.sk\/en\/tender-na-zachranky-zavana-kseftom\/\" \/>\n<meta property=\"og:site_name\" content=\"Smedemokrati.sk\" \/>\n<meta property=\"article:publisher\" content=\"https:\/\/www.facebook.com\/smedemokrati2023\" \/>\n<meta property=\"article:published_time\" content=\"2025-08-05T11:49:09+00:00\" \/>\n<meta property=\"article:modified_time\" content=\"2025-08-05T11:49:10+00:00\" \/>\n<meta property=\"og:image\" content=\"https:\/\/www.smedemokrati.sk\/wp-content\/uploads\/2025\/08\/kseft-zachranky.jpg\" \/>\n\t<meta property=\"og:image:width\" content=\"1183\" \/>\n\t<meta property=\"og:image:height\" content=\"670\" \/>\n\t<meta property=\"og:image:type\" content=\"image\/jpeg\" \/>\n<meta name=\"author\" content=\"miro.sopko\" \/>\n<meta name=\"twitter:card\" content=\"summary_large_image\" \/>\n<meta name=\"twitter:label1\" content=\"Written by\" \/>\n\t<meta name=\"twitter:data1\" content=\"miro.sopko\" \/>\n\t<meta name=\"twitter:label2\" content=\"Est. reading time\" \/>\n\t<meta name=\"twitter:data2\" content=\"2 minutes\" \/>\n<script type=\"application\/ld+json\" class=\"yoast-schema-graph\">{\"@context\":\"https:\/\/schema.org\",\"@graph\":[{\"@type\":\"Article\",\"@id\":\"https:\/\/www.smedemokrati.sk\/tender-na-zachranky-zavana-kseftom\/#article\",\"isPartOf\":{\"@id\":\"https:\/\/www.smedemokrati.sk\/tender-na-zachranky-zavana-kseftom\/\"},\"author\":{\"name\":\"miro.sopko\",\"@id\":\"https:\/\/www.smedemokrati.sk\/#\/schema\/person\/21f147c88d605aa7ded900e1e7c344ba\"},\"headline\":\"Tender na z\u00e1chranky \u201ezav\u00e1\u0148a\u201c k\u0161eftom\",\"datePublished\":\"2025-08-05T11:49:09+00:00\",\"dateModified\":\"2025-08-05T11:49:10+00:00\",\"mainEntityOfPage\":{\"@id\":\"https:\/\/www.smedemokrati.sk\/tender-na-zachranky-zavana-kseftom\/\"},\"wordCount\":263,\"publisher\":{\"@id\":\"https:\/\/www.smedemokrati.sk\/#organization\"},\"image\":{\"@id\":\"https:\/\/www.smedemokrati.sk\/tender-na-zachranky-zavana-kseftom\/#primaryimage\"},\"thumbnailUrl\":\"https:\/\/www.smedemokrati.sk\/wp-content\/uploads\/2025\/08\/kseft-zachranky.jpg\",\"articleSection\":[\"Tla\u010dov\u00e9 spr\u00e1vy\"],\"inLanguage\":\"en-US\"},{\"@type\":\"WebPage\",\"@id\":\"https:\/\/www.smedemokrati.sk\/tender-na-zachranky-zavana-kseftom\/\",\"url\":\"https:\/\/www.smedemokrati.sk\/tender-na-zachranky-zavana-kseftom\/\",\"name\":\"Tender na z\u00e1chranky \u201ezav\u00e1\u0148a\u201c k\u0161eftom\",\"isPartOf\":{\"@id\":\"https:\/\/www.smedemokrati.sk\/#website\"},\"primaryImageOfPage\":{\"@id\":\"https:\/\/www.smedemokrati.sk\/tender-na-zachranky-zavana-kseftom\/#primaryimage\"},\"image\":{\"@id\":\"https:\/\/www.smedemokrati.sk\/tender-na-zachranky-zavana-kseftom\/#primaryimage\"},\"thumbnailUrl\":\"https:\/\/www.smedemokrati.sk\/wp-content\/uploads\/2025\/08\/kseft-zachranky.jpg\",\"datePublished\":\"2025-08-05T11:49:09+00:00\",\"dateModified\":\"2025-08-05T11:49:10+00:00\",\"breadcrumb\":{\"@id\":\"https:\/\/www.smedemokrati.sk\/tender-na-zachranky-zavana-kseftom\/#breadcrumb\"},\"inLanguage\":\"en-US\",\"potentialAction\":[{\"@type\":\"ReadAction\",\"target\":[\"https:\/\/www.smedemokrati.sk\/tender-na-zachranky-zavana-kseftom\/\"]}]},{\"@type\":\"ImageObject\",\"inLanguage\":\"en-US\",\"@id\":\"https:\/\/www.smedemokrati.sk\/tender-na-zachranky-zavana-kseftom\/#primaryimage\",\"url\":\"https:\/\/www.smedemokrati.sk\/wp-content\/uploads\/2025\/08\/kseft-zachranky.jpg\",\"contentUrl\":\"https:\/\/www.smedemokrati.sk\/wp-content\/uploads\/2025\/08\/kseft-zachranky.jpg\",\"width\":1183,\"height\":670},{\"@type\":\"BreadcrumbList\",\"@id\":\"https:\/\/www.smedemokrati.sk\/tender-na-zachranky-zavana-kseftom\/#breadcrumb\",\"itemListElement\":[{\"@type\":\"ListItem\",\"position\":1,\"name\":\"Domovsk\u00e1 str\u00e1nka\",\"item\":\"https:\/\/www.smedemokrati.sk\/\"},{\"@type\":\"ListItem\",\"position\":2,\"name\":\"Tender na z\u00e1chranky \u201ezav\u00e1\u0148a\u201c k\u0161eftom\"}]},{\"@type\":\"WebSite\",\"@id\":\"https:\/\/www.smedemokrati.sk\/#website\",\"url\":\"https:\/\/www.smedemokrati.sk\/\",\"name\":\"Smedemokrati.sk\",\"description\":\"Demokracia a slu\u0161nos\u0165 zv\u00ed\u0165az\u00ed\",\"publisher\":{\"@id\":\"https:\/\/www.smedemokrati.sk\/#organization\"},\"potentialAction\":[{\"@type\":\"SearchAction\",\"target\":{\"@type\":\"EntryPoint\",\"urlTemplate\":\"https:\/\/www.smedemokrati.sk\/?s={search_term_string}\"},\"query-input\":{\"@type\":\"PropertyValueSpecification\",\"valueRequired\":true,\"valueName\":\"search_term_string\"}}],\"inLanguage\":\"en-US\"},{\"@type\":\"Organization\",\"@id\":\"https:\/\/www.smedemokrati.sk\/#organization\",\"name\":\"Smedemokrati.sk\",\"url\":\"https:\/\/www.smedemokrati.sk\/\",\"logo\":{\"@type\":\"ImageObject\",\"inLanguage\":\"en-US\",\"@id\":\"https:\/\/www.smedemokrati.sk\/#\/schema\/logo\/image\/\",\"url\":\"https:\/\/www.smedemokrati.sk\/wp-content\/uploads\/2023\/04\/ff.002.jpeg\",\"contentUrl\":\"https:\/\/www.smedemokrati.sk\/wp-content\/uploads\/2023\/04\/ff.002.jpeg\",\"width\":640,\"height\":480,\"caption\":\"Smedemokrati.sk\"},\"image\":{\"@id\":\"https:\/\/www.smedemokrati.sk\/#\/schema\/logo\/image\/\"},\"sameAs\":[\"https:\/\/www.facebook.com\/smedemokrati2023\"]},{\"@type\":\"Person\",\"@id\":\"https:\/\/www.smedemokrati.sk\/#\/schema\/person\/21f147c88d605aa7ded900e1e7c344ba\",\"name\":\"miro.sopko\",\"image\":{\"@type\":\"ImageObject\",\"inLanguage\":\"en-US\",\"@id\":\"https:\/\/secure.gravatar.com\/avatar\/267e4a36f704376c109afe3a78740c1f5dd8675a2180a908699e7863c9247606?s=96&d=mm&r=g\",\"url\":\"https:\/\/secure.gravatar.com\/avatar\/267e4a36f704376c109afe3a78740c1f5dd8675a2180a908699e7863c9247606?s=96&d=mm&r=g\",\"contentUrl\":\"https:\/\/secure.gravatar.com\/avatar\/267e4a36f704376c109afe3a78740c1f5dd8675a2180a908699e7863c9247606?s=96&d=mm&r=g\",\"caption\":\"miro.sopko\"},\"url\":\"https:\/\/www.smedemokrati.sk\/en\/author\/miro-sopko\/\"}]}<\/script>\n<!-- \/ Yoast SEO plugin. -->","yoast_head_json":{"title":"Tender na z\u00e1chranky \u201ezav\u00e1\u0148a\u201c k\u0161eftom","robots":{"index":"index","follow":"follow","max-snippet":"max-snippet:-1","max-image-preview":"max-image-preview:large","max-video-preview":"max-video-preview:-1"},"canonical":"https:\/\/www.smedemokrati.sk\/en\/tender-na-zachranky-zavana-kseftom\/","og_locale":"en_US","og_type":"article","og_title":"[:sk]Tender na z\u00e1chranky \u201ezav\u00e1\u0148a\u201c k\u0161eftom[:] - Smedemokrati.sk","og_description":"Od roku 2009 skon\u010dil ka\u017ed\u00fd tender na ambulancie Z\u00e1chrannej zdravotnej slu\u017eby (ZZS) \u0161kand\u00e1lom. Ten posledn\u00fd v 2019 rie\u0161ila dokonca a\u017e Eur\u00f3pska komisia pre podozrenie z nez\u00e1konn\u00e9ho prepojenia \u010dlenov v\u00fdberovej komisie na naj\u00faspe\u0161nej\u0161iu firmu. \u201eKe\u010f 4 mesiace h\u013eadal minister \u0160a\u0161ko tzv. &#8220;politick\u00fa zhodu&#8221;\u00a0 na predlo\u017eenie novely Z\u00e1kona o z\u00e1chrank\u00e1ch a minister Taraba mal z\u00e1sadn\u00e9 pripomienky, Demokrati [&hellip;]","og_url":"https:\/\/www.smedemokrati.sk\/en\/tender-na-zachranky-zavana-kseftom\/","og_site_name":"Smedemokrati.sk","article_publisher":"https:\/\/www.facebook.com\/smedemokrati2023","article_published_time":"2025-08-05T11:49:09+00:00","article_modified_time":"2025-08-05T11:49:10+00:00","og_image":[{"width":1183,"height":670,"url":"https:\/\/www.smedemokrati.sk\/wp-content\/uploads\/2025\/08\/kseft-zachranky.jpg","type":"image\/jpeg"}],"author":"miro.sopko","twitter_card":"summary_large_image","twitter_misc":{"Written by":"miro.sopko","Est. reading time":"2 minutes"},"schema":{"@context":"https:\/\/schema.org","@graph":[{"@type":"Article","@id":"https:\/\/www.smedemokrati.sk\/tender-na-zachranky-zavana-kseftom\/#article","isPartOf":{"@id":"https:\/\/www.smedemokrati.sk\/tender-na-zachranky-zavana-kseftom\/"},"author":{"name":"miro.sopko","@id":"https:\/\/www.smedemokrati.sk\/#\/schema\/person\/21f147c88d605aa7ded900e1e7c344ba"},"headline":"Tender na z\u00e1chranky \u201ezav\u00e1\u0148a\u201c k\u0161eftom","datePublished":"2025-08-05T11:49:09+00:00","dateModified":"2025-08-05T11:49:10+00:00","mainEntityOfPage":{"@id":"https:\/\/www.smedemokrati.sk\/tender-na-zachranky-zavana-kseftom\/"},"wordCount":263,"publisher":{"@id":"https:\/\/www.smedemokrati.sk\/#organization"},"image":{"@id":"https:\/\/www.smedemokrati.sk\/tender-na-zachranky-zavana-kseftom\/#primaryimage"},"thumbnailUrl":"https:\/\/www.smedemokrati.sk\/wp-content\/uploads\/2025\/08\/kseft-zachranky.jpg","articleSection":["Tla\u010dov\u00e9 spr\u00e1vy"],"inLanguage":"en-US"},{"@type":"WebPage","@id":"https:\/\/www.smedemokrati.sk\/tender-na-zachranky-zavana-kseftom\/","url":"https:\/\/www.smedemokrati.sk\/tender-na-zachranky-zavana-kseftom\/","name":"Tender na z\u00e1chranky \u201ezav\u00e1\u0148a\u201c k\u0161eftom","isPartOf":{"@id":"https:\/\/www.smedemokrati.sk\/#website"},"primaryImageOfPage":{"@id":"https:\/\/www.smedemokrati.sk\/tender-na-zachranky-zavana-kseftom\/#primaryimage"},"image":{"@id":"https:\/\/www.smedemokrati.sk\/tender-na-zachranky-zavana-kseftom\/#primaryimage"},"thumbnailUrl":"https:\/\/www.smedemokrati.sk\/wp-content\/uploads\/2025\/08\/kseft-zachranky.jpg","datePublished":"2025-08-05T11:49:09+00:00","dateModified":"2025-08-05T11:49:10+00:00","breadcrumb":{"@id":"https:\/\/www.smedemokrati.sk\/tender-na-zachranky-zavana-kseftom\/#breadcrumb"},"inLanguage":"en-US","potentialAction":[{"@type":"ReadAction","target":["https:\/\/www.smedemokrati.sk\/tender-na-zachranky-zavana-kseftom\/"]}]},{"@type":"ImageObject","inLanguage":"en-US","@id":"https:\/\/www.smedemokrati.sk\/tender-na-zachranky-zavana-kseftom\/#primaryimage","url":"https:\/\/www.smedemokrati.sk\/wp-content\/uploads\/2025\/08\/kseft-zachranky.jpg","contentUrl":"https:\/\/www.smedemokrati.sk\/wp-content\/uploads\/2025\/08\/kseft-zachranky.jpg","width":1183,"height":670},{"@type":"BreadcrumbList","@id":"https:\/\/www.smedemokrati.sk\/tender-na-zachranky-zavana-kseftom\/#breadcrumb","itemListElement":[{"@type":"ListItem","position":1,"name":"Domovsk\u00e1 str\u00e1nka","item":"https:\/\/www.smedemokrati.sk\/"},{"@type":"ListItem","position":2,"name":"Tender na z\u00e1chranky \u201ezav\u00e1\u0148a\u201c k\u0161eftom"}]},{"@type":"WebSite","@id":"https:\/\/www.smedemokrati.sk\/#website","url":"https:\/\/www.smedemokrati.sk\/","name":"Smedemokrati.sk","description":"Demokracia a slu\u0161nos\u0165 zv\u00ed\u0165az\u00ed","publisher":{"@id":"https:\/\/www.smedemokrati.sk\/#organization"},"potentialAction":[{"@type":"SearchAction","target":{"@type":"EntryPoint","urlTemplate":"https:\/\/www.smedemokrati.sk\/?s={search_term_string}"},"query-input":{"@type":"PropertyValueSpecification","valueRequired":true,"valueName":"search_term_string"}}],"inLanguage":"en-US"},{"@type":"Organization","@id":"https:\/\/www.smedemokrati.sk\/#organization","name":"Smedemokrati.sk","url":"https:\/\/www.smedemokrati.sk\/","logo":{"@type":"ImageObject","inLanguage":"en-US","@id":"https:\/\/www.smedemokrati.sk\/#\/schema\/logo\/image\/","url":"https:\/\/www.smedemokrati.sk\/wp-content\/uploads\/2023\/04\/ff.002.jpeg","contentUrl":"https:\/\/www.smedemokrati.sk\/wp-content\/uploads\/2023\/04\/ff.002.jpeg","width":640,"height":480,"caption":"Smedemokrati.sk"},"image":{"@id":"https:\/\/www.smedemokrati.sk\/#\/schema\/logo\/image\/"},"sameAs":["https:\/\/www.facebook.com\/smedemokrati2023"]},{"@type":"Person","@id":"https:\/\/www.smedemokrati.sk\/#\/schema\/person\/21f147c88d605aa7ded900e1e7c344ba","name":"miro.sopko","image":{"@type":"ImageObject","inLanguage":"en-US","@id":"https:\/\/secure.gravatar.com\/avatar\/267e4a36f704376c109afe3a78740c1f5dd8675a2180a908699e7863c9247606?s=96&d=mm&r=g","url":"https:\/\/secure.gravatar.com\/avatar\/267e4a36f704376c109afe3a78740c1f5dd8675a2180a908699e7863c9247606?s=96&d=mm&r=g","contentUrl":"https:\/\/secure.gravatar.com\/avatar\/267e4a36f704376c109afe3a78740c1f5dd8675a2180a908699e7863c9247606?s=96&d=mm&r=g","caption":"miro.sopko"},"url":"https:\/\/www.smedemokrati.sk\/en\/author\/miro-sopko\/"}]}},"_links":{"self":[{"href":"https:\/\/www.smedemokrati.sk\/en\/wp-json\/wp\/v2\/posts\/7870","targetHints":{"allow":["GET"]}}],"collection":[{"href":"https:\/\/www.smedemokrati.sk\/en\/wp-json\/wp\/v2\/posts"}],"about":[{"href":"https:\/\/www.smedemokrati.sk\/en\/wp-json\/wp\/v2\/types\/post"}],"author":[{"embeddable":true,"href":"https:\/\/www.smedemokrati.sk\/en\/wp-json\/wp\/v2\/users\/13"}],"replies":[{"embeddable":true,"href":"https:\/\/www.smedemokrati.sk\/en\/wp-json\/wp\/v2\/comments?post=7870"}],"version-history":[{"count":1,"href":"https:\/\/www.smedemokrati.sk\/en\/wp-json\/wp\/v2\/posts\/7870\/revisions"}],"predecessor-version":[{"id":7872,"href":"https:\/\/www.smedemokrati.sk\/en\/wp-json\/wp\/v2\/posts\/7870\/revisions\/7872"}],"wp:featuredmedia":[{"embeddable":true,"href":"https:\/\/www.smedemokrati.sk\/en\/wp-json\/wp\/v2\/media\/7871"}],"wp:attachment":[{"href":"https:\/\/www.smedemokrati.sk\/en\/wp-json\/wp\/v2\/media?parent=7870"}],"wp:term":[{"taxonomy":"category","embeddable":true,"href":"https:\/\/www.smedemokrati.sk\/en\/wp-json\/wp\/v2\/categories?post=7870"},{"taxonomy":"post_tag","embeddable":true,"href":"https:\/\/www.smedemokrati.sk\/en\/wp-json\/wp\/v2\/tags?post=7870"}],"curies":[{"name":"wp","href":"https:\/\/api.w.org\/{rel}","templated":true}]}}