{"id":7805,"date":"2025-08-02T16:27:34","date_gmt":"2025-08-02T15:27:34","guid":{"rendered":"https:\/\/www.smedemokrati.sk\/?p=7805"},"modified":"2025-08-03T08:10:09","modified_gmt":"2025-08-03T07:10:09","slug":"demokrati-na-republikovej-rade-schvalili-programovu-liniu-hlboka-orba-je-poctiva-obnova-slovenska","status":"publish","type":"post","link":"https:\/\/www.smedemokrati.sk\/en\/demokrati-na-republikovej-rade-schvalili-programovu-liniu-hlboka-orba-je-poctiva-obnova-slovenska\/","title":{"rendered":"Demokrati na Republikovej rade schv\u00e1lili programov\u00fa l\u00edniu: Hlbok\u00e1 orba je poctiv\u00e1 obnova Slovenska"},"content":{"rendered":"<div id=\"fb-root\"><\/div>\n\n<p><strong>Na Republikovej rade Demokratov v Banskej Bystrici deleg\u00e1ti schv\u00e1lili nov\u00fa programov\u00fa l\u00edniu strany s n\u00e1zvom \u201eHlbok\u00e1 orba\u201c. Predseda strany Jaroslav Na\u010f informoval o doteraj\u0161ej \u010dinnosti strany, priebehu zberu podpisov za pred\u010dasn\u00e9 vo\u013eby, v\u00fdvoji \u010dlenskej z\u00e1kladne a pr\u00edprav\u00e1ch na nadch\u00e1dzaj\u00face komun\u00e1lne vo\u013eby.&nbsp;<\/strong><\/p>\n\n\n\n<p><em>\u201eSom hrd\u00fd, \u017ee sa n\u00e1m dar\u00ed \u00faspe\u0161ne budova\u0165 \u0161trukt\u00fary po celom Slovensku. K dne\u0161n\u00e9mu d\u0148u m\u00e1me 943 \u010dlenov a pokryt\u00e9 v\u0161etky okresy. V&nbsp;ka\u017edom okrese m\u00e1me svojich z\u00e1stupcov, preto\u017ee sme presved\u010den\u00ed, \u017ee ka\u017ed\u00e1 politick\u00e1 strana m\u00f4\u017ee by\u0165 siln\u00e1 len vtedy, ak m\u00e1 siln\u00e9 regi\u00f3ny. Aj preto m\u00f4\u017eem potvrdi\u0165, \u017ee pr\u00e1ve v\u010faka obetavej pr\u00e1ci na\u0161ich dobrovo\u013en\u00edkov podp\u00edsalo pet\u00edciu Sta\u010dilo Fica u\u017e viac ako 200 000 \u013eud\u00ed,\u201c<\/em>&nbsp;uviedol Jaroslav Na\u010f.<\/p>\n\n\n\n<p>Pokra\u010doval, \u017ee Demokrati intenz\u00edvne pripravuj\u00fa kandidat\u00fary do komun\u00e1lnych a region\u00e1lnych volieb. Prim\u00e1rnym cie\u013eom je uspie\u0165 s kandid\u00e1tmi na minim\u00e1lne jedno krajsk\u00e9 mesto a jednu krajsk\u00fa \u017eupu:&nbsp;<em>\u201eUrob\u00edme v\u0161etko pre to, aby sme postavili siln\u00e9 nomin\u00e1cie. U\u017e dnes m\u00e1me nieko\u013eko zvu\u010dn\u00fdch mien a komunikujeme s partnermi z demokratickej opoz\u00edcie s&nbsp;\u00faprimnou snahou vytvori\u0165 siln\u00fa koal\u00edciu\u201c<\/em>&nbsp;dodal Na\u010f.<\/p>\n\n\n\n<p>Deleg\u00e1ti z\u00e1rove\u0148 uznesen\u00edm schv\u00e1lili nov\u00fa programov\u00fa l\u00edniu \u201eHlbok\u00e1 orba\u201c, ktor\u00e1 m\u00e1 by\u0165 r\u00e1mcom poctivej obnovy Slovenska.&nbsp;<em>\u201eHlbok\u00e1 orba je spravodliv\u00e9 a z\u00e1konn\u00e9 vyrovnanie sa s korup\u010dn\u00fdmi, mafi\u00e1nskymi a prorusk\u00fdmi klanmi \u2018na\u0161ich \u013eud\u00ed\u2019.&nbsp;Ide o z\u00e1sadn\u00fa a trval\u00fa premenu, ktor\u00e1 m\u00e1 zabezpe\u010di\u0165 d\u00f4sledn\u00e9 dodr\u017eiavanie z\u00e1konov, posilni\u0165 pr\u00e1vny \u0161t\u00e1t, garantova\u0165 \u00fastavn\u00e9 brzdy vo\u010di autorit\u00e1rstvu a z\u00e1rove\u0148 potvrdi\u0165 na\u0161u neochvejn\u00fa proz\u00e1padn\u00fa orient\u00e1ciu,\u201c<\/em>&nbsp;vysvetlil podpredseda strany Juraj \u0160eliga.<\/p>\n\n\n\n<p>Jaroslav Na\u010f z\u00e1rove\u0148 odmietol interpret\u00e1cie, \u017ee ide o politick\u00fa vendetu:&nbsp;<em>\u201eT\u00ed, z&nbsp;vl\u00e1dnej koal\u00edcii, ktor\u00ed sa u\u017e dnes vo\u010di projektu ohradzuj\u00fa, sa v \u0148om&nbsp;zjavne spoznali. Hlbok\u00e1 orba nie je ni\u010d in\u00e9 ne\u017e d\u00f4sledn\u00e9 uplat\u0148ovanie z\u00e1konov a spravodlivos\u0165 pre v\u0161etk\u00fdch. Aby sa t\u00fdm, ktor\u00ed poctivo platia dane, \u017eilo lep\u0161ie. Kampa\u0148 sme e\u0161te ani nespustili a u\u017e ma predvol\u00e1vaj\u00fa na v\u00fdsluch len preto, \u017ee premi\u00e9rovi prek\u00e1\u017ea, ke\u010f poviem, \u017ee prorusk\u00ed kolaboranti nemaj\u00fa \u010do robi\u0165 vo veden\u00ed tejto krajiny. My sme v\u0161ak pripraven\u00ed. Slovensko malo prejs\u0165 hlbokou orbou u\u017e v roku 1989 a potom op\u00e4\u0165 v roku 1998. Teraz je najvy\u0161\u0161\u00ed \u010das. Hlbok\u00e1 orba je poctiv\u00e1 obnova Slovenska.\u201c<\/em>&nbsp;hovor\u00ed Jaroslav Na\u010f predseda Demokratov.<\/p>\n\n\n\n<p><em>\u201eZ\u00e1rove\u0148 je to na\u0161a snaha o poctiv\u00fa obnovu Slovenska, aby sa stalo lep\u0161ou krajinou pre \u013eud\u00ed. Snaha o z\u00e1sadn\u00fa, trval\u00fa premenu, ktor\u00e1 zabezpe\u010d\u00ed konkuren\u010dn\u00fa ekonomiku, prosperuj\u00facu stredn\u00fa triedu, funguj\u00faci pr\u00e1vny \u0161t\u00e1t, kvalitn\u00e9 \u0161kolstvo a siln\u00fa ob\u010diansku spolo\u010dnos\u0165.\u00a0Hlbok\u00e1 orba je aj obhajobou hodn\u00f4t, ktor\u00e9 boli dlh\u00e9 roky zanedb\u00e1van\u00e9 \u2013 dostupn\u00e9ho a kvalitn\u00e9ho zdravotn\u00edctva, ochrany \u017eivotn\u00e9ho prostredia ako podmienky pre dlhodob\u00fa prosperitu, ako aj slobodnej kult\u00fary, ktor\u00e1 formuje hodnotov\u00e9 sebavedomie krajiny.\u201c<\/em>\u00a0vysvet\u013euje Jaroslav Na\u010f, predseda strany Demokrati.<\/p>\n\n\n\n<p>Strana z\u00e1rove\u0148 spustila&nbsp;<strong>online formul\u00e1r,<\/strong>&nbsp;prostredn\u00edctvom ktor\u00e9ho sa verejnos\u0165 m\u00f4\u017ee zapoji\u0165 do tvorby programu Hlbok\u00e1 orba:<\/p>\n\n\n\n<a href=\"https:\/\/docs.google.com\/forms\/d\/e\/1FAIpQLSe5iW5rkk-u52cMLT4YBfi_5yp8-g8dQ8yfJKZAYONzQtYUIg\/viewform\" target=\"_blank\" class=\"btn btn--primary\">Onlne formul\u00e1r<\/a>\n\n\n\n<div style=\"height:30px\" aria-hidden=\"true\" class=\"wp-block-spacer\"><\/div>\n\n\n\n<div class=\"wp-block-file\"><a id=\"wp-block-file--media-5c0e1190-08fb-4996-8ab7-29f850624f00\" href=\"https:\/\/www.smedemokrati.sk\/wp-content\/uploads\/2025\/08\/uznesenie_demokrati_republikova_rada-BA-2.pdf\">Uznesenie republikovej rady &#8211; Demokrati &#8211; 2.8.2025<\/a><a href=\"https:\/\/www.smedemokrati.sk\/wp-content\/uploads\/2025\/08\/uznesenie_demokrati_republikova_rada-BA-2.pdf\" class=\"wp-block-file__button wp-element-button\" download aria-describedby=\"wp-block-file--media-5c0e1190-08fb-4996-8ab7-29f850624f00\">Stiahnu\u0165<\/a><\/div>\n\n\n<div class=\"fb-video\" data-href=\"https:\/\/fb.watch\/BdJCaVuqDB\" data-allowfullscreen=\"true\" data-autoplay=\"false\" data-width=\"\" data-show-text=\"false\" data-show-captions=\"true\"><\/div>\n\n\n\nngg_shortcode_0_placeholder\n","protected":false},"excerpt":{"rendered":"<p>Na Republikovej rade Demokratov v Banskej Bystrici deleg\u00e1ti schv\u00e1lili nov\u00fa programov\u00fa l\u00edniu strany s n\u00e1zvom \u201eHlbok\u00e1 orba\u201c. Predseda strany Jaroslav Na\u010f informoval o doteraj\u0161ej \u010dinnosti strany, priebehu zberu podpisov za pred\u010dasn\u00e9 vo\u013eby, v\u00fdvoji \u010dlenskej z\u00e1kladne a pr\u00edprav\u00e1ch na nadch\u00e1dzaj\u00face komun\u00e1lne vo\u013eby.&nbsp; \u201eSom hrd\u00fd, \u017ee sa n\u00e1m dar\u00ed \u00faspe\u0161ne budova\u0165 \u0161trukt\u00fary po celom Slovensku. K dne\u0161n\u00e9mu [&hellip;]<\/p>\n","protected":false},"author":13,"featured_media":7798,"comment_status":"closed","ping_status":"closed","sticky":false,"template":"","format":"standard","meta":{"_acf_changed":false,"ngg_post_thumbnail":0,"footnotes":""},"categories":[4],"tags":[],"class_list":["post-7805","post","type-post","status-publish","format-standard","has-post-thumbnail","hentry","category-tlacove-spravy"],"acf":[],"yoast_head":"<!-- This site is optimized with the Yoast SEO plugin v27.2 - https:\/\/yoast.com\/product\/yoast-seo-wordpress\/ -->\n<title>Demokrati na Republikovej rade schv\u00e1lili programov\u00fa l\u00edniu: Hlbok\u00e1 orba je poctiv\u00e1 obnova Slovenska<\/title>\n<meta name=\"robots\" content=\"index, follow, max-snippet:-1, max-image-preview:large, max-video-preview:-1\" \/>\n<link rel=\"canonical\" href=\"https:\/\/www.smedemokrati.sk\/en\/demokrati-na-republikovej-rade-schvalili-programovu-liniu-hlboka-orba-je-poctiva-obnova-slovenska\/\" \/>\n<meta property=\"og:locale\" content=\"en_US\" \/>\n<meta property=\"og:locale:alternate\" content=\"cs_CZ\" \/>\n<meta property=\"og:locale:alternate\" content=\"hu_HU\" \/>\n<meta property=\"og:locale:alternate\" content=\"sk_SK\" \/>\n<meta property=\"og:locale:alternate\" content=\"sv_SE\" \/>\n<meta property=\"og:type\" content=\"article\" \/>\n<meta property=\"og:title\" content=\"Demokrati na Republikovej rade schv\u00e1lili programov\u00fa l\u00edniu: Hlbok\u00e1 orba je poctiv\u00e1 obnova Slovenska\" \/>\n<meta property=\"og:description\" content=\"Na Republikovej rade Demokratov v Banskej Bystrici deleg\u00e1ti schv\u00e1lili nov\u00fa programov\u00fa l\u00edniu strany s n\u00e1zvom \u201eHlbok\u00e1 orba\u201c. Predseda strany Jaroslav Na\u010f informoval o doteraj\u0161ej \u010dinnosti strany, priebehu zberu podpisov za pred\u010dasn\u00e9 vo\u013eby, v\u00fdvoji \u010dlenskej z\u00e1kladne a pr\u00edprav\u00e1ch na nadch\u00e1dzaj\u00face komun\u00e1lne vo\u013eby.&nbsp; \u201eSom hrd\u00fd, \u017ee sa n\u00e1m dar\u00ed \u00faspe\u0161ne budova\u0165 \u0161trukt\u00fary po celom Slovensku. K dne\u0161n\u00e9mu [&hellip;]\" \/>\n<meta property=\"og:url\" content=\"https:\/\/www.smedemokrati.sk\/en\/demokrati-na-republikovej-rade-schvalili-programovu-liniu-hlboka-orba-je-poctiva-obnova-slovenska\/\" \/>\n<meta property=\"og:site_name\" content=\"Smedemokrati.sk\" \/>\n<meta property=\"article:publisher\" content=\"https:\/\/www.facebook.com\/smedemokrati2023\" \/>\n<meta property=\"article:published_time\" content=\"2025-08-02T15:27:34+00:00\" \/>\n<meta property=\"article:modified_time\" content=\"2025-08-03T07:10:09+00:00\" \/>\n<meta property=\"og:image\" content=\"https:\/\/www.smedemokrati.sk\/wp-content\/uploads\/2025\/08\/HO_Desktop-scaled.png\" \/>\n\t<meta property=\"og:image:width\" content=\"2560\" \/>\n\t<meta property=\"og:image:height\" content=\"1440\" \/>\n\t<meta property=\"og:image:type\" content=\"image\/png\" \/>\n<meta name=\"author\" content=\"miro.sopko\" \/>\n<meta name=\"twitter:card\" content=\"summary_large_image\" \/>\n<meta name=\"twitter:label1\" content=\"Written by\" \/>\n\t<meta name=\"twitter:data1\" content=\"miro.sopko\" \/>\n\t<meta name=\"twitter:label2\" content=\"Est. reading time\" \/>\n\t<meta name=\"twitter:data2\" content=\"3 minutes\" \/>\n<script type=\"application\/ld+json\" class=\"yoast-schema-graph\">{\"@context\":\"https:\/\/schema.org\",\"@graph\":[{\"@type\":\"Article\",\"@id\":\"https:\/\/www.smedemokrati.sk\/demokrati-na-republikovej-rade-schvalili-programovu-liniu-hlboka-orba-je-poctiva-obnova-slovenska\/#article\",\"isPartOf\":{\"@id\":\"https:\/\/www.smedemokrati.sk\/demokrati-na-republikovej-rade-schvalili-programovu-liniu-hlboka-orba-je-poctiva-obnova-slovenska\/\"},\"author\":{\"name\":\"miro.sopko\",\"@id\":\"https:\/\/www.smedemokrati.sk\/#\/schema\/person\/21f147c88d605aa7ded900e1e7c344ba\"},\"headline\":\"Demokrati na Republikovej rade schv\u00e1lili programov\u00fa l\u00edniu: Hlbok\u00e1 orba je poctiv\u00e1 obnova Slovenska\",\"datePublished\":\"2025-08-02T15:27:34+00:00\",\"dateModified\":\"2025-08-03T07:10:09+00:00\",\"mainEntityOfPage\":{\"@id\":\"https:\/\/www.smedemokrati.sk\/demokrati-na-republikovej-rade-schvalili-programovu-liniu-hlboka-orba-je-poctiva-obnova-slovenska\/\"},\"wordCount\":612,\"publisher\":{\"@id\":\"https:\/\/www.smedemokrati.sk\/#organization\"},\"image\":{\"@id\":\"https:\/\/www.smedemokrati.sk\/demokrati-na-republikovej-rade-schvalili-programovu-liniu-hlboka-orba-je-poctiva-obnova-slovenska\/#primaryimage\"},\"thumbnailUrl\":\"https:\/\/www.smedemokrati.sk\/wp-content\/uploads\/2025\/08\/HO_Desktop-scaled.png\",\"articleSection\":[\"Tla\u010dov\u00e9 spr\u00e1vy\"],\"inLanguage\":\"en-US\"},{\"@type\":\"WebPage\",\"@id\":\"https:\/\/www.smedemokrati.sk\/demokrati-na-republikovej-rade-schvalili-programovu-liniu-hlboka-orba-je-poctiva-obnova-slovenska\/\",\"url\":\"https:\/\/www.smedemokrati.sk\/demokrati-na-republikovej-rade-schvalili-programovu-liniu-hlboka-orba-je-poctiva-obnova-slovenska\/\",\"name\":\"Demokrati na Republikovej rade schv\u00e1lili programov\u00fa l\u00edniu: Hlbok\u00e1 orba je poctiv\u00e1 obnova Slovenska\",\"isPartOf\":{\"@id\":\"https:\/\/www.smedemokrati.sk\/#website\"},\"primaryImageOfPage\":{\"@id\":\"https:\/\/www.smedemokrati.sk\/demokrati-na-republikovej-rade-schvalili-programovu-liniu-hlboka-orba-je-poctiva-obnova-slovenska\/#primaryimage\"},\"image\":{\"@id\":\"https:\/\/www.smedemokrati.sk\/demokrati-na-republikovej-rade-schvalili-programovu-liniu-hlboka-orba-je-poctiva-obnova-slovenska\/#primaryimage\"},\"thumbnailUrl\":\"https:\/\/www.smedemokrati.sk\/wp-content\/uploads\/2025\/08\/HO_Desktop-scaled.png\",\"datePublished\":\"2025-08-02T15:27:34+00:00\",\"dateModified\":\"2025-08-03T07:10:09+00:00\",\"breadcrumb\":{\"@id\":\"https:\/\/www.smedemokrati.sk\/demokrati-na-republikovej-rade-schvalili-programovu-liniu-hlboka-orba-je-poctiva-obnova-slovenska\/#breadcrumb\"},\"inLanguage\":\"en-US\",\"potentialAction\":[{\"@type\":\"ReadAction\",\"target\":[\"https:\/\/www.smedemokrati.sk\/demokrati-na-republikovej-rade-schvalili-programovu-liniu-hlboka-orba-je-poctiva-obnova-slovenska\/\"]}]},{\"@type\":\"ImageObject\",\"inLanguage\":\"en-US\",\"@id\":\"https:\/\/www.smedemokrati.sk\/demokrati-na-republikovej-rade-schvalili-programovu-liniu-hlboka-orba-je-poctiva-obnova-slovenska\/#primaryimage\",\"url\":\"https:\/\/www.smedemokrati.sk\/wp-content\/uploads\/2025\/08\/HO_Desktop-scaled.png\",\"contentUrl\":\"https:\/\/www.smedemokrati.sk\/wp-content\/uploads\/2025\/08\/HO_Desktop-scaled.png\",\"width\":2560,\"height\":1440},{\"@type\":\"BreadcrumbList\",\"@id\":\"https:\/\/www.smedemokrati.sk\/demokrati-na-republikovej-rade-schvalili-programovu-liniu-hlboka-orba-je-poctiva-obnova-slovenska\/#breadcrumb\",\"itemListElement\":[{\"@type\":\"ListItem\",\"position\":1,\"name\":\"Domovsk\u00e1 str\u00e1nka\",\"item\":\"https:\/\/www.smedemokrati.sk\/\"},{\"@type\":\"ListItem\",\"position\":2,\"name\":\"Demokrati na Republikovej rade schv\u00e1lili programov\u00fa l\u00edniu: Hlbok\u00e1 orba je poctiv\u00e1 obnova Slovenska\"}]},{\"@type\":\"WebSite\",\"@id\":\"https:\/\/www.smedemokrati.sk\/#website\",\"url\":\"https:\/\/www.smedemokrati.sk\/\",\"name\":\"Smedemokrati.sk\",\"description\":\"Demokracia a slu\u0161nos\u0165 zv\u00ed\u0165az\u00ed\",\"publisher\":{\"@id\":\"https:\/\/www.smedemokrati.sk\/#organization\"},\"potentialAction\":[{\"@type\":\"SearchAction\",\"target\":{\"@type\":\"EntryPoint\",\"urlTemplate\":\"https:\/\/www.smedemokrati.sk\/?s={search_term_string}\"},\"query-input\":{\"@type\":\"PropertyValueSpecification\",\"valueRequired\":true,\"valueName\":\"search_term_string\"}}],\"inLanguage\":\"en-US\"},{\"@type\":\"Organization\",\"@id\":\"https:\/\/www.smedemokrati.sk\/#organization\",\"name\":\"Smedemokrati.sk\",\"url\":\"https:\/\/www.smedemokrati.sk\/\",\"logo\":{\"@type\":\"ImageObject\",\"inLanguage\":\"en-US\",\"@id\":\"https:\/\/www.smedemokrati.sk\/#\/schema\/logo\/image\/\",\"url\":\"https:\/\/www.smedemokrati.sk\/wp-content\/uploads\/2023\/04\/ff.002.jpeg\",\"contentUrl\":\"https:\/\/www.smedemokrati.sk\/wp-content\/uploads\/2023\/04\/ff.002.jpeg\",\"width\":640,\"height\":480,\"caption\":\"Smedemokrati.sk\"},\"image\":{\"@id\":\"https:\/\/www.smedemokrati.sk\/#\/schema\/logo\/image\/\"},\"sameAs\":[\"https:\/\/www.facebook.com\/smedemokrati2023\"]},{\"@type\":\"Person\",\"@id\":\"https:\/\/www.smedemokrati.sk\/#\/schema\/person\/21f147c88d605aa7ded900e1e7c344ba\",\"name\":\"miro.sopko\",\"image\":{\"@type\":\"ImageObject\",\"inLanguage\":\"en-US\",\"@id\":\"https:\/\/secure.gravatar.com\/avatar\/267e4a36f704376c109afe3a78740c1f5dd8675a2180a908699e7863c9247606?s=96&d=mm&r=g\",\"url\":\"https:\/\/secure.gravatar.com\/avatar\/267e4a36f704376c109afe3a78740c1f5dd8675a2180a908699e7863c9247606?s=96&d=mm&r=g\",\"contentUrl\":\"https:\/\/secure.gravatar.com\/avatar\/267e4a36f704376c109afe3a78740c1f5dd8675a2180a908699e7863c9247606?s=96&d=mm&r=g\",\"caption\":\"miro.sopko\"},\"url\":\"https:\/\/www.smedemokrati.sk\/en\/author\/miro-sopko\/\"}]}<\/script>\n<!-- \/ Yoast SEO plugin. -->","yoast_head_json":{"title":"Demokrati na Republikovej rade schv\u00e1lili programov\u00fa l\u00edniu: Hlbok\u00e1 orba je poctiv\u00e1 obnova Slovenska","robots":{"index":"index","follow":"follow","max-snippet":"max-snippet:-1","max-image-preview":"max-image-preview:large","max-video-preview":"max-video-preview:-1"},"canonical":"https:\/\/www.smedemokrati.sk\/en\/demokrati-na-republikovej-rade-schvalili-programovu-liniu-hlboka-orba-je-poctiva-obnova-slovenska\/","og_locale":"en_US","og_type":"article","og_title":"[:sk]Demokrati na Republikovej rade schv\u00e1lili programov\u00fa l\u00edniu: Hlbok\u00e1 orba je poctiv\u00e1 obnova Slovenska[:] - Smedemokrati.sk","og_description":"Na Republikovej rade Demokratov v Banskej Bystrici deleg\u00e1ti schv\u00e1lili nov\u00fa programov\u00fa l\u00edniu strany s n\u00e1zvom \u201eHlbok\u00e1 orba\u201c. Predseda strany Jaroslav Na\u010f informoval o doteraj\u0161ej \u010dinnosti strany, priebehu zberu podpisov za pred\u010dasn\u00e9 vo\u013eby, v\u00fdvoji \u010dlenskej z\u00e1kladne a pr\u00edprav\u00e1ch na nadch\u00e1dzaj\u00face komun\u00e1lne vo\u013eby.&nbsp; \u201eSom hrd\u00fd, \u017ee sa n\u00e1m dar\u00ed \u00faspe\u0161ne budova\u0165 \u0161trukt\u00fary po celom Slovensku. K dne\u0161n\u00e9mu [&hellip;]","og_url":"https:\/\/www.smedemokrati.sk\/en\/demokrati-na-republikovej-rade-schvalili-programovu-liniu-hlboka-orba-je-poctiva-obnova-slovenska\/","og_site_name":"Smedemokrati.sk","article_publisher":"https:\/\/www.facebook.com\/smedemokrati2023","article_published_time":"2025-08-02T15:27:34+00:00","article_modified_time":"2025-08-03T07:10:09+00:00","og_image":[{"width":2560,"height":1440,"url":"https:\/\/www.smedemokrati.sk\/wp-content\/uploads\/2025\/08\/HO_Desktop-scaled.png","type":"image\/png"}],"author":"miro.sopko","twitter_card":"summary_large_image","twitter_misc":{"Written by":"miro.sopko","Est. reading time":"3 minutes"},"schema":{"@context":"https:\/\/schema.org","@graph":[{"@type":"Article","@id":"https:\/\/www.smedemokrati.sk\/demokrati-na-republikovej-rade-schvalili-programovu-liniu-hlboka-orba-je-poctiva-obnova-slovenska\/#article","isPartOf":{"@id":"https:\/\/www.smedemokrati.sk\/demokrati-na-republikovej-rade-schvalili-programovu-liniu-hlboka-orba-je-poctiva-obnova-slovenska\/"},"author":{"name":"miro.sopko","@id":"https:\/\/www.smedemokrati.sk\/#\/schema\/person\/21f147c88d605aa7ded900e1e7c344ba"},"headline":"Demokrati na Republikovej rade schv\u00e1lili programov\u00fa l\u00edniu: Hlbok\u00e1 orba je poctiv\u00e1 obnova Slovenska","datePublished":"2025-08-02T15:27:34+00:00","dateModified":"2025-08-03T07:10:09+00:00","mainEntityOfPage":{"@id":"https:\/\/www.smedemokrati.sk\/demokrati-na-republikovej-rade-schvalili-programovu-liniu-hlboka-orba-je-poctiva-obnova-slovenska\/"},"wordCount":612,"publisher":{"@id":"https:\/\/www.smedemokrati.sk\/#organization"},"image":{"@id":"https:\/\/www.smedemokrati.sk\/demokrati-na-republikovej-rade-schvalili-programovu-liniu-hlboka-orba-je-poctiva-obnova-slovenska\/#primaryimage"},"thumbnailUrl":"https:\/\/www.smedemokrati.sk\/wp-content\/uploads\/2025\/08\/HO_Desktop-scaled.png","articleSection":["Tla\u010dov\u00e9 spr\u00e1vy"],"inLanguage":"en-US"},{"@type":"WebPage","@id":"https:\/\/www.smedemokrati.sk\/demokrati-na-republikovej-rade-schvalili-programovu-liniu-hlboka-orba-je-poctiva-obnova-slovenska\/","url":"https:\/\/www.smedemokrati.sk\/demokrati-na-republikovej-rade-schvalili-programovu-liniu-hlboka-orba-je-poctiva-obnova-slovenska\/","name":"Demokrati na Republikovej rade schv\u00e1lili programov\u00fa l\u00edniu: Hlbok\u00e1 orba je poctiv\u00e1 obnova Slovenska","isPartOf":{"@id":"https:\/\/www.smedemokrati.sk\/#website"},"primaryImageOfPage":{"@id":"https:\/\/www.smedemokrati.sk\/demokrati-na-republikovej-rade-schvalili-programovu-liniu-hlboka-orba-je-poctiva-obnova-slovenska\/#primaryimage"},"image":{"@id":"https:\/\/www.smedemokrati.sk\/demokrati-na-republikovej-rade-schvalili-programovu-liniu-hlboka-orba-je-poctiva-obnova-slovenska\/#primaryimage"},"thumbnailUrl":"https:\/\/www.smedemokrati.sk\/wp-content\/uploads\/2025\/08\/HO_Desktop-scaled.png","datePublished":"2025-08-02T15:27:34+00:00","dateModified":"2025-08-03T07:10:09+00:00","breadcrumb":{"@id":"https:\/\/www.smedemokrati.sk\/demokrati-na-republikovej-rade-schvalili-programovu-liniu-hlboka-orba-je-poctiva-obnova-slovenska\/#breadcrumb"},"inLanguage":"en-US","potentialAction":[{"@type":"ReadAction","target":["https:\/\/www.smedemokrati.sk\/demokrati-na-republikovej-rade-schvalili-programovu-liniu-hlboka-orba-je-poctiva-obnova-slovenska\/"]}]},{"@type":"ImageObject","inLanguage":"en-US","@id":"https:\/\/www.smedemokrati.sk\/demokrati-na-republikovej-rade-schvalili-programovu-liniu-hlboka-orba-je-poctiva-obnova-slovenska\/#primaryimage","url":"https:\/\/www.smedemokrati.sk\/wp-content\/uploads\/2025\/08\/HO_Desktop-scaled.png","contentUrl":"https:\/\/www.smedemokrati.sk\/wp-content\/uploads\/2025\/08\/HO_Desktop-scaled.png","width":2560,"height":1440},{"@type":"BreadcrumbList","@id":"https:\/\/www.smedemokrati.sk\/demokrati-na-republikovej-rade-schvalili-programovu-liniu-hlboka-orba-je-poctiva-obnova-slovenska\/#breadcrumb","itemListElement":[{"@type":"ListItem","position":1,"name":"Domovsk\u00e1 str\u00e1nka","item":"https:\/\/www.smedemokrati.sk\/"},{"@type":"ListItem","position":2,"name":"Demokrati na Republikovej rade schv\u00e1lili programov\u00fa l\u00edniu: Hlbok\u00e1 orba je poctiv\u00e1 obnova Slovenska"}]},{"@type":"WebSite","@id":"https:\/\/www.smedemokrati.sk\/#website","url":"https:\/\/www.smedemokrati.sk\/","name":"Smedemokrati.sk","description":"Demokracia a slu\u0161nos\u0165 zv\u00ed\u0165az\u00ed","publisher":{"@id":"https:\/\/www.smedemokrati.sk\/#organization"},"potentialAction":[{"@type":"SearchAction","target":{"@type":"EntryPoint","urlTemplate":"https:\/\/www.smedemokrati.sk\/?s={search_term_string}"},"query-input":{"@type":"PropertyValueSpecification","valueRequired":true,"valueName":"search_term_string"}}],"inLanguage":"en-US"},{"@type":"Organization","@id":"https:\/\/www.smedemokrati.sk\/#organization","name":"Smedemokrati.sk","url":"https:\/\/www.smedemokrati.sk\/","logo":{"@type":"ImageObject","inLanguage":"en-US","@id":"https:\/\/www.smedemokrati.sk\/#\/schema\/logo\/image\/","url":"https:\/\/www.smedemokrati.sk\/wp-content\/uploads\/2023\/04\/ff.002.jpeg","contentUrl":"https:\/\/www.smedemokrati.sk\/wp-content\/uploads\/2023\/04\/ff.002.jpeg","width":640,"height":480,"caption":"Smedemokrati.sk"},"image":{"@id":"https:\/\/www.smedemokrati.sk\/#\/schema\/logo\/image\/"},"sameAs":["https:\/\/www.facebook.com\/smedemokrati2023"]},{"@type":"Person","@id":"https:\/\/www.smedemokrati.sk\/#\/schema\/person\/21f147c88d605aa7ded900e1e7c344ba","name":"miro.sopko","image":{"@type":"ImageObject","inLanguage":"en-US","@id":"https:\/\/secure.gravatar.com\/avatar\/267e4a36f704376c109afe3a78740c1f5dd8675a2180a908699e7863c9247606?s=96&d=mm&r=g","url":"https:\/\/secure.gravatar.com\/avatar\/267e4a36f704376c109afe3a78740c1f5dd8675a2180a908699e7863c9247606?s=96&d=mm&r=g","contentUrl":"https:\/\/secure.gravatar.com\/avatar\/267e4a36f704376c109afe3a78740c1f5dd8675a2180a908699e7863c9247606?s=96&d=mm&r=g","caption":"miro.sopko"},"url":"https:\/\/www.smedemokrati.sk\/en\/author\/miro-sopko\/"}]}},"_links":{"self":[{"href":"https:\/\/www.smedemokrati.sk\/en\/wp-json\/wp\/v2\/posts\/7805","targetHints":{"allow":["GET"]}}],"collection":[{"href":"https:\/\/www.smedemokrati.sk\/en\/wp-json\/wp\/v2\/posts"}],"about":[{"href":"https:\/\/www.smedemokrati.sk\/en\/wp-json\/wp\/v2\/types\/post"}],"author":[{"embeddable":true,"href":"https:\/\/www.smedemokrati.sk\/en\/wp-json\/wp\/v2\/users\/13"}],"replies":[{"embeddable":true,"href":"https:\/\/www.smedemokrati.sk\/en\/wp-json\/wp\/v2\/comments?post=7805"}],"version-history":[{"count":7,"href":"https:\/\/www.smedemokrati.sk\/en\/wp-json\/wp\/v2\/posts\/7805\/revisions"}],"predecessor-version":[{"id":7838,"href":"https:\/\/www.smedemokrati.sk\/en\/wp-json\/wp\/v2\/posts\/7805\/revisions\/7838"}],"wp:featuredmedia":[{"embeddable":true,"href":"https:\/\/www.smedemokrati.sk\/en\/wp-json\/wp\/v2\/media\/7798"}],"wp:attachment":[{"href":"https:\/\/www.smedemokrati.sk\/en\/wp-json\/wp\/v2\/media?parent=7805"}],"wp:term":[{"taxonomy":"category","embeddable":true,"href":"https:\/\/www.smedemokrati.sk\/en\/wp-json\/wp\/v2\/categories?post=7805"},{"taxonomy":"post_tag","embeddable":true,"href":"https:\/\/www.smedemokrati.sk\/en\/wp-json\/wp\/v2\/tags?post=7805"}],"curies":[{"name":"wp","href":"https:\/\/api.w.org\/{rel}","templated":true}]}}