{"id":7727,"date":"2025-07-22T11:45:00","date_gmt":"2025-07-22T10:45:00","guid":{"rendered":"https:\/\/www.smedemokrati.sk\/?p=7727"},"modified":"2025-07-22T11:45:01","modified_gmt":"2025-07-22T10:45:01","slug":"zilinka-nam-dal-za-pravdu-sutaj-estok-musi-uverejnit-kto-cestoval-vladnym-specialom-na-futbal-do-nemecka","status":"publish","type":"post","link":"https:\/\/www.smedemokrati.sk\/en\/zilinka-nam-dal-za-pravdu-sutaj-estok-musi-uverejnit-kto-cestoval-vladnym-specialom-na-futbal-do-nemecka\/","title":{"rendered":"\u017dilinka n\u00e1m dal za pravdu: \u0160utaj E\u0161tok mus\u00ed uverejni\u0165, kto cestoval vl\u00e1dnym \u0161peci\u00e1lom na futbal do Nemecka"},"content":{"rendered":"<div id=\"fb-root\"><\/div>\n\n<p><strong><br>Demokrati sa hne\u010f po prevalen\u00ed papal\u00e1\u0161skej cesty ministra vn\u00fatra E\u0161toka na minuloro\u010dn\u00e9 majstrovstv\u00e1 sveta vo futbale do Nemecka obr\u00e1tili na MV SR s ot\u00e1zkami, kto cestoval vl\u00e1dnym \u0161peci\u00e1lom a ko\u013eko cesta st\u00e1la. Rezort opakovane odmietol odpoveda\u0165, a tak sa Jaroslav Na\u010f obr\u00e1til na verejn\u00e9ho ochrancu pr\u00e1v, ktor\u00fd post\u00fapil vec gener\u00e1lnemu prokur\u00e1torovi. Ten dal Demokratom za pravdu, \u0160utaj E\u0161tok mus\u00ed uverejni\u0165 zoznam pasa\u017eierov a n\u00e1klady na cestu. Strana preto dnes odniesla opakovan\u00fa \u017eiados\u0165 o inform\u00e1cie.<\/strong><\/p>\n\n\n\n<p>\u201eRok sa s rokom stretol. Boli sme vytrval\u00ed a postupovali krok za krokom. Najprv sme oslovili rezort a ke\u010f sme nepochodili, ofici\u00e1lne sme kontaktovali verejn\u00e9ho ochrancu pr\u00e1v, ktor\u00fd post\u00fapil vec gener\u00e1lnemu prokur\u00e1torovi. Na z\u00e1klade na\u0161ej \u017eiadosti ste ned\u00e1vno v m\u00e9di\u00e1ch zachytili, \u017ee \u017dilinka potvrdil \u0160utaj E\u0161tokove pochybenie,\u201c uviedol Jaroslav Na\u010f, predseda Demokratov.<\/p>\n\n\n\n<p>\u201eNa ministerstvo vn\u00fatra sme dnes doru\u010dili \u010fal\u0161iu \u017eiados\u0165 o inform\u00e1cie na z\u00e1klade rozhodnutia gener\u00e1lneho prokur\u00e1tora. Ak op\u00e4\u0165 rezort pod veden\u00edm E\u0161toka odmietne poveda\u0165, kto sa viezol na majstrovstv\u00e1 vo futbale za na\u0161e peniaze, sme pripraven\u00ed s\u00fadi\u0165 sa. Verejnos\u0165 si zasl\u00fa\u017ei pravdu a neexistuje, aby si jeden minister urobil z rezortu cestovn\u00fa kancel\u00e1riu,\u201c dodal Jaroslav Na\u010f.<\/p>\n\n\n\n<p>\u201eT\u00e1to t\u00e9ma je symbol. Symbol pr\u00edstupu tejto vl\u00e1dy k \u013eu\u010fom, pr\u00edstupu k financi\u00e1m n\u00e1s v\u0161etk\u00fdch a k spr\u00e1ve cel\u00e9ho \u0161t\u00e1tu. Spravodlivos\u0165 mus\u00ed plati\u0165 pre v\u0161etk\u00fdch, vrcholn\u00fdch predstavite\u013eov \u0161t\u00e1tu nevyn\u00edmaj\u00fac. My sme vytrval\u00ed, aj ke\u010f to trv\u00e1 rok, nevzd\u00e1me sa. Je neuverite\u013en\u00e9, \u017ee to cel\u00e9 trv\u00e1 rok \u2013 zoznam pasa\u017eierov a n\u00e1klady na cestu. Je to pr\u00edzna\u010dn\u00e9 pre t\u00fato vl\u00e1du, ale ver\u00edm, \u017ee sa to po vo\u013eb\u00e1ch zmen\u00ed. V Demokratoch to vol\u00e1me hlbok\u00e1 orba,\u201c uzavrel k t\u00e9me Juraj \u0160eliga, podpredseda Demokratov.<\/p>\n\n\n<div class=\"fb-video\" data-href=\"https:\/\/www.facebook.com\/smedemokrati2023\/videos\/1394695308431525\" data-allowfullscreen=\"true\" data-autoplay=\"false\" data-width=\"\" data-show-text=\"false\" data-show-captions=\"true\"><\/div>\n","protected":false},"excerpt":{"rendered":"<p>Demokrati sa hne\u010f po prevalen\u00ed papal\u00e1\u0161skej cesty ministra vn\u00fatra E\u0161toka na minuloro\u010dn\u00e9 majstrovstv\u00e1 sveta vo futbale do Nemecka obr\u00e1tili na MV SR s ot\u00e1zkami, kto cestoval vl\u00e1dnym \u0161peci\u00e1lom a ko\u013eko cesta st\u00e1la. Rezort opakovane odmietol odpoveda\u0165, a tak sa Jaroslav Na\u010f obr\u00e1til na verejn\u00e9ho ochrancu pr\u00e1v, ktor\u00fd post\u00fapil vec gener\u00e1lnemu prokur\u00e1torovi. Ten dal Demokratom za [&hellip;]<\/p>\n","protected":false},"author":13,"featured_media":7728,"comment_status":"closed","ping_status":"closed","sticky":false,"template":"","format":"standard","meta":{"_acf_changed":false,"ngg_post_thumbnail":0,"footnotes":""},"categories":[4],"tags":[],"class_list":["post-7727","post","type-post","status-publish","format-standard","has-post-thumbnail","hentry","category-tlacove-spravy"],"acf":[],"yoast_head":"<!-- This site is optimized with the Yoast SEO plugin v27.2 - https:\/\/yoast.com\/product\/yoast-seo-wordpress\/ -->\n<title>\u017dilinka n\u00e1m dal za pravdu: \u0160utaj E\u0161tok mus\u00ed uverejni\u0165, kto cestoval vl\u00e1dnym \u0161peci\u00e1lom na futbal do Nemecka<\/title>\n<meta name=\"description\" content=\"Demokrati sa hne\u010f po prevalen\u00ed papal\u00e1\u0161skej cesty ministra vn\u00fatra E\u0161toka na minuloro\u010dn\u00e9 majstrovstv\u00e1 sveta vo futbale do Nemecka obr\u00e1tili na MV SR s ot\u00e1zkami, kto cestoval vl\u00e1dnym \u0161peci\u00e1lom a ko\u013eko cesta st\u00e1la. Rezort opakovane odmietol odpoveda\u0165, a tak sa Jaroslav Na\u010f obr\u00e1til na verejn\u00e9ho ochrancu pr\u00e1v, ktor\u00fd post\u00fapil vec gener\u00e1lnemu prokur\u00e1torovi. Ten dal Demokratom za pravdu, \u0160utaj E\u0161tok mus\u00ed uverejni\u0165 zoznam pasa\u017eierov a n\u00e1klady na cestu. Strana preto dnes odniesla opakovan\u00fa \u017eiados\u0165 o inform\u00e1cie.\" \/>\n<meta name=\"robots\" content=\"index, follow, max-snippet:-1, max-image-preview:large, max-video-preview:-1\" \/>\n<link rel=\"canonical\" href=\"https:\/\/www.smedemokrati.sk\/en\/zilinka-nam-dal-za-pravdu-sutaj-estok-musi-uverejnit-kto-cestoval-vladnym-specialom-na-futbal-do-nemecka\/\" \/>\n<meta property=\"og:locale\" content=\"en_US\" \/>\n<meta property=\"og:locale:alternate\" content=\"cs_CZ\" \/>\n<meta property=\"og:locale:alternate\" content=\"hu_HU\" \/>\n<meta property=\"og:locale:alternate\" content=\"sk_SK\" \/>\n<meta property=\"og:locale:alternate\" content=\"sv_SE\" \/>\n<meta property=\"og:type\" content=\"article\" \/>\n<meta property=\"og:title\" content=\"\u017dilinka n\u00e1m dal za pravdu: \u0160utaj E\u0161tok mus\u00ed uverejni\u0165, kto cestoval vl\u00e1dnym \u0161peci\u00e1lom na futbal do Nemecka\" \/>\n<meta property=\"og:description\" content=\"Demokrati sa hne\u010f po prevalen\u00ed papal\u00e1\u0161skej cesty ministra vn\u00fatra E\u0161toka na minuloro\u010dn\u00e9 majstrovstv\u00e1 sveta vo futbale do Nemecka obr\u00e1tili na MV SR s ot\u00e1zkami, kto cestoval vl\u00e1dnym \u0161peci\u00e1lom a ko\u013eko cesta st\u00e1la. Rezort opakovane odmietol odpoveda\u0165, a tak sa Jaroslav Na\u010f obr\u00e1til na verejn\u00e9ho ochrancu pr\u00e1v, ktor\u00fd post\u00fapil vec gener\u00e1lnemu prokur\u00e1torovi. Ten dal Demokratom za pravdu, \u0160utaj E\u0161tok mus\u00ed uverejni\u0165 zoznam pasa\u017eierov a n\u00e1klady na cestu. Strana preto dnes odniesla opakovan\u00fa \u017eiados\u0165 o inform\u00e1cie.\" \/>\n<meta property=\"og:url\" content=\"https:\/\/www.smedemokrati.sk\/en\/zilinka-nam-dal-za-pravdu-sutaj-estok-musi-uverejnit-kto-cestoval-vladnym-specialom-na-futbal-do-nemecka\/\" \/>\n<meta property=\"og:site_name\" content=\"Smedemokrati.sk\" \/>\n<meta property=\"article:publisher\" content=\"https:\/\/www.facebook.com\/smedemokrati2023\" \/>\n<meta property=\"article:published_time\" content=\"2025-07-22T10:45:00+00:00\" \/>\n<meta property=\"article:modified_time\" content=\"2025-07-22T10:45:01+00:00\" \/>\n<meta property=\"og:image\" content=\"https:\/\/www.smedemokrati.sk\/wp-content\/uploads\/2025\/07\/sutaj-klame.jpg\" \/>\n\t<meta property=\"og:image:width\" content=\"1416\" \/>\n\t<meta property=\"og:image:height\" content=\"830\" \/>\n\t<meta property=\"og:image:type\" content=\"image\/jpeg\" \/>\n<meta name=\"author\" content=\"miro.sopko\" \/>\n<meta name=\"twitter:card\" content=\"summary_large_image\" \/>\n<meta name=\"twitter:label1\" content=\"Written by\" \/>\n\t<meta name=\"twitter:data1\" content=\"miro.sopko\" \/>\n\t<meta name=\"twitter:label2\" content=\"Est. reading time\" \/>\n\t<meta name=\"twitter:data2\" content=\"2 minutes\" \/>\n<script type=\"application\/ld+json\" class=\"yoast-schema-graph\">{\"@context\":\"https:\/\/schema.org\",\"@graph\":[{\"@type\":\"Article\",\"@id\":\"https:\/\/www.smedemokrati.sk\/zilinka-nam-dal-za-pravdu-sutaj-estok-musi-uverejnit-kto-cestoval-vladnym-specialom-na-futbal-do-nemecka\/#article\",\"isPartOf\":{\"@id\":\"https:\/\/www.smedemokrati.sk\/zilinka-nam-dal-za-pravdu-sutaj-estok-musi-uverejnit-kto-cestoval-vladnym-specialom-na-futbal-do-nemecka\/\"},\"author\":{\"name\":\"miro.sopko\",\"@id\":\"https:\/\/www.smedemokrati.sk\/#\/schema\/person\/21f147c88d605aa7ded900e1e7c344ba\"},\"headline\":\"\u017dilinka n\u00e1m dal za pravdu: \u0160utaj E\u0161tok mus\u00ed uverejni\u0165, kto cestoval vl\u00e1dnym \u0161peci\u00e1lom na futbal do Nemecka\",\"datePublished\":\"2025-07-22T10:45:00+00:00\",\"dateModified\":\"2025-07-22T10:45:01+00:00\",\"mainEntityOfPage\":{\"@id\":\"https:\/\/www.smedemokrati.sk\/zilinka-nam-dal-za-pravdu-sutaj-estok-musi-uverejnit-kto-cestoval-vladnym-specialom-na-futbal-do-nemecka\/\"},\"wordCount\":371,\"publisher\":{\"@id\":\"https:\/\/www.smedemokrati.sk\/#organization\"},\"image\":{\"@id\":\"https:\/\/www.smedemokrati.sk\/zilinka-nam-dal-za-pravdu-sutaj-estok-musi-uverejnit-kto-cestoval-vladnym-specialom-na-futbal-do-nemecka\/#primaryimage\"},\"thumbnailUrl\":\"https:\/\/www.smedemokrati.sk\/wp-content\/uploads\/2025\/07\/sutaj-klame.jpg\",\"articleSection\":[\"Tla\u010dov\u00e9 spr\u00e1vy\"],\"inLanguage\":\"en-US\"},{\"@type\":\"WebPage\",\"@id\":\"https:\/\/www.smedemokrati.sk\/zilinka-nam-dal-za-pravdu-sutaj-estok-musi-uverejnit-kto-cestoval-vladnym-specialom-na-futbal-do-nemecka\/\",\"url\":\"https:\/\/www.smedemokrati.sk\/zilinka-nam-dal-za-pravdu-sutaj-estok-musi-uverejnit-kto-cestoval-vladnym-specialom-na-futbal-do-nemecka\/\",\"name\":\"\u017dilinka n\u00e1m dal za pravdu: \u0160utaj E\u0161tok mus\u00ed uverejni\u0165, kto cestoval vl\u00e1dnym \u0161peci\u00e1lom na futbal do Nemecka\",\"isPartOf\":{\"@id\":\"https:\/\/www.smedemokrati.sk\/#website\"},\"primaryImageOfPage\":{\"@id\":\"https:\/\/www.smedemokrati.sk\/zilinka-nam-dal-za-pravdu-sutaj-estok-musi-uverejnit-kto-cestoval-vladnym-specialom-na-futbal-do-nemecka\/#primaryimage\"},\"image\":{\"@id\":\"https:\/\/www.smedemokrati.sk\/zilinka-nam-dal-za-pravdu-sutaj-estok-musi-uverejnit-kto-cestoval-vladnym-specialom-na-futbal-do-nemecka\/#primaryimage\"},\"thumbnailUrl\":\"https:\/\/www.smedemokrati.sk\/wp-content\/uploads\/2025\/07\/sutaj-klame.jpg\",\"datePublished\":\"2025-07-22T10:45:00+00:00\",\"dateModified\":\"2025-07-22T10:45:01+00:00\",\"description\":\"Demokrati sa hne\u010f po prevalen\u00ed papal\u00e1\u0161skej cesty ministra vn\u00fatra E\u0161toka na minuloro\u010dn\u00e9 majstrovstv\u00e1 sveta vo futbale do Nemecka obr\u00e1tili na MV SR s ot\u00e1zkami, kto cestoval vl\u00e1dnym \u0161peci\u00e1lom a ko\u013eko cesta st\u00e1la. Rezort opakovane odmietol odpoveda\u0165, a tak sa Jaroslav Na\u010f obr\u00e1til na verejn\u00e9ho ochrancu pr\u00e1v, ktor\u00fd post\u00fapil vec gener\u00e1lnemu prokur\u00e1torovi. Ten dal Demokratom za pravdu, \u0160utaj E\u0161tok mus\u00ed uverejni\u0165 zoznam pasa\u017eierov a n\u00e1klady na cestu. Strana preto dnes odniesla opakovan\u00fa \u017eiados\u0165 o inform\u00e1cie.\",\"breadcrumb\":{\"@id\":\"https:\/\/www.smedemokrati.sk\/zilinka-nam-dal-za-pravdu-sutaj-estok-musi-uverejnit-kto-cestoval-vladnym-specialom-na-futbal-do-nemecka\/#breadcrumb\"},\"inLanguage\":\"en-US\",\"potentialAction\":[{\"@type\":\"ReadAction\",\"target\":[\"https:\/\/www.smedemokrati.sk\/zilinka-nam-dal-za-pravdu-sutaj-estok-musi-uverejnit-kto-cestoval-vladnym-specialom-na-futbal-do-nemecka\/\"]}]},{\"@type\":\"ImageObject\",\"inLanguage\":\"en-US\",\"@id\":\"https:\/\/www.smedemokrati.sk\/zilinka-nam-dal-za-pravdu-sutaj-estok-musi-uverejnit-kto-cestoval-vladnym-specialom-na-futbal-do-nemecka\/#primaryimage\",\"url\":\"https:\/\/www.smedemokrati.sk\/wp-content\/uploads\/2025\/07\/sutaj-klame.jpg\",\"contentUrl\":\"https:\/\/www.smedemokrati.sk\/wp-content\/uploads\/2025\/07\/sutaj-klame.jpg\",\"width\":1416,\"height\":830},{\"@type\":\"BreadcrumbList\",\"@id\":\"https:\/\/www.smedemokrati.sk\/zilinka-nam-dal-za-pravdu-sutaj-estok-musi-uverejnit-kto-cestoval-vladnym-specialom-na-futbal-do-nemecka\/#breadcrumb\",\"itemListElement\":[{\"@type\":\"ListItem\",\"position\":1,\"name\":\"Domovsk\u00e1 str\u00e1nka\",\"item\":\"https:\/\/www.smedemokrati.sk\/\"},{\"@type\":\"ListItem\",\"position\":2,\"name\":\"\u017dilinka n\u00e1m dal za pravdu: \u0160utaj E\u0161tok mus\u00ed uverejni\u0165, kto cestoval vl\u00e1dnym \u0161peci\u00e1lom na futbal do Nemecka\"}]},{\"@type\":\"WebSite\",\"@id\":\"https:\/\/www.smedemokrati.sk\/#website\",\"url\":\"https:\/\/www.smedemokrati.sk\/\",\"name\":\"Smedemokrati.sk\",\"description\":\"Demokracia a slu\u0161nos\u0165 zv\u00ed\u0165az\u00ed\",\"publisher\":{\"@id\":\"https:\/\/www.smedemokrati.sk\/#organization\"},\"potentialAction\":[{\"@type\":\"SearchAction\",\"target\":{\"@type\":\"EntryPoint\",\"urlTemplate\":\"https:\/\/www.smedemokrati.sk\/?s={search_term_string}\"},\"query-input\":{\"@type\":\"PropertyValueSpecification\",\"valueRequired\":true,\"valueName\":\"search_term_string\"}}],\"inLanguage\":\"en-US\"},{\"@type\":\"Organization\",\"@id\":\"https:\/\/www.smedemokrati.sk\/#organization\",\"name\":\"Smedemokrati.sk\",\"url\":\"https:\/\/www.smedemokrati.sk\/\",\"logo\":{\"@type\":\"ImageObject\",\"inLanguage\":\"en-US\",\"@id\":\"https:\/\/www.smedemokrati.sk\/#\/schema\/logo\/image\/\",\"url\":\"https:\/\/www.smedemokrati.sk\/wp-content\/uploads\/2023\/04\/ff.002.jpeg\",\"contentUrl\":\"https:\/\/www.smedemokrati.sk\/wp-content\/uploads\/2023\/04\/ff.002.jpeg\",\"width\":640,\"height\":480,\"caption\":\"Smedemokrati.sk\"},\"image\":{\"@id\":\"https:\/\/www.smedemokrati.sk\/#\/schema\/logo\/image\/\"},\"sameAs\":[\"https:\/\/www.facebook.com\/smedemokrati2023\"]},{\"@type\":\"Person\",\"@id\":\"https:\/\/www.smedemokrati.sk\/#\/schema\/person\/21f147c88d605aa7ded900e1e7c344ba\",\"name\":\"miro.sopko\",\"image\":{\"@type\":\"ImageObject\",\"inLanguage\":\"en-US\",\"@id\":\"https:\/\/secure.gravatar.com\/avatar\/267e4a36f704376c109afe3a78740c1f5dd8675a2180a908699e7863c9247606?s=96&d=mm&r=g\",\"url\":\"https:\/\/secure.gravatar.com\/avatar\/267e4a36f704376c109afe3a78740c1f5dd8675a2180a908699e7863c9247606?s=96&d=mm&r=g\",\"contentUrl\":\"https:\/\/secure.gravatar.com\/avatar\/267e4a36f704376c109afe3a78740c1f5dd8675a2180a908699e7863c9247606?s=96&d=mm&r=g\",\"caption\":\"miro.sopko\"},\"url\":\"https:\/\/www.smedemokrati.sk\/en\/author\/miro-sopko\/\"}]}<\/script>\n<!-- \/ Yoast SEO plugin. -->","yoast_head_json":{"title":"\u017dilinka n\u00e1m dal za pravdu: \u0160utaj E\u0161tok mus\u00ed uverejni\u0165, kto cestoval vl\u00e1dnym \u0161peci\u00e1lom na futbal do Nemecka","description":"Demokrati sa hne\u010f po prevalen\u00ed papal\u00e1\u0161skej cesty ministra vn\u00fatra E\u0161toka na minuloro\u010dn\u00e9 majstrovstv\u00e1 sveta vo futbale do Nemecka obr\u00e1tili na MV SR s ot\u00e1zkami, kto cestoval vl\u00e1dnym \u0161peci\u00e1lom a ko\u013eko cesta st\u00e1la. Rezort opakovane odmietol odpoveda\u0165, a tak sa Jaroslav Na\u010f obr\u00e1til na verejn\u00e9ho ochrancu pr\u00e1v, ktor\u00fd post\u00fapil vec gener\u00e1lnemu prokur\u00e1torovi. Ten dal Demokratom za pravdu, \u0160utaj E\u0161tok mus\u00ed uverejni\u0165 zoznam pasa\u017eierov a n\u00e1klady na cestu. Strana preto dnes odniesla opakovan\u00fa \u017eiados\u0165 o inform\u00e1cie.","robots":{"index":"index","follow":"follow","max-snippet":"max-snippet:-1","max-image-preview":"max-image-preview:large","max-video-preview":"max-video-preview:-1"},"canonical":"https:\/\/www.smedemokrati.sk\/en\/zilinka-nam-dal-za-pravdu-sutaj-estok-musi-uverejnit-kto-cestoval-vladnym-specialom-na-futbal-do-nemecka\/","og_locale":"en_US","og_type":"article","og_title":"[:sk]\u017dilinka n\u00e1m dal za pravdu: \u0160utaj E\u0161tok mus\u00ed uverejni\u0165, kto cestoval vl\u00e1dnym \u0161peci\u00e1lom na futbal do Nemecka[:] - Smedemokrati.sk","og_description":"[:sk]Demokrati sa hne\u010f po prevalen\u00ed papal\u00e1\u0161skej cesty ministra vn\u00fatra E\u0161toka na minuloro\u010dn\u00e9 majstrovstv\u00e1 sveta vo futbale do Nemecka obr\u00e1tili na MV SR s ot\u00e1zkami, kto cestoval vl\u00e1dnym \u0161peci\u00e1lom a ko\u013eko cesta st\u00e1la. Rezort opakovane odmietol odpoveda\u0165, a tak sa Jaroslav Na\u010f obr\u00e1til na verejn\u00e9ho ochrancu pr\u00e1v, ktor\u00fd post\u00fapil vec gener\u00e1lnemu prokur\u00e1torovi. Ten dal Demokratom za pravdu, \u0160utaj E\u0161tok mus\u00ed uverejni\u0165 zoznam pasa\u017eierov a n\u00e1klady na cestu. Strana preto dnes odniesla opakovan\u00fa \u017eiados\u0165 o inform\u00e1cie.[:]","og_url":"https:\/\/www.smedemokrati.sk\/en\/zilinka-nam-dal-za-pravdu-sutaj-estok-musi-uverejnit-kto-cestoval-vladnym-specialom-na-futbal-do-nemecka\/","og_site_name":"Smedemokrati.sk","article_publisher":"https:\/\/www.facebook.com\/smedemokrati2023","article_published_time":"2025-07-22T10:45:00+00:00","article_modified_time":"2025-07-22T10:45:01+00:00","og_image":[{"width":1416,"height":830,"url":"https:\/\/www.smedemokrati.sk\/wp-content\/uploads\/2025\/07\/sutaj-klame.jpg","type":"image\/jpeg"}],"author":"miro.sopko","twitter_card":"summary_large_image","twitter_misc":{"Written by":"miro.sopko","Est. reading time":"2 minutes"},"schema":{"@context":"https:\/\/schema.org","@graph":[{"@type":"Article","@id":"https:\/\/www.smedemokrati.sk\/zilinka-nam-dal-za-pravdu-sutaj-estok-musi-uverejnit-kto-cestoval-vladnym-specialom-na-futbal-do-nemecka\/#article","isPartOf":{"@id":"https:\/\/www.smedemokrati.sk\/zilinka-nam-dal-za-pravdu-sutaj-estok-musi-uverejnit-kto-cestoval-vladnym-specialom-na-futbal-do-nemecka\/"},"author":{"name":"miro.sopko","@id":"https:\/\/www.smedemokrati.sk\/#\/schema\/person\/21f147c88d605aa7ded900e1e7c344ba"},"headline":"\u017dilinka n\u00e1m dal za pravdu: \u0160utaj E\u0161tok mus\u00ed uverejni\u0165, kto cestoval vl\u00e1dnym \u0161peci\u00e1lom na futbal do Nemecka","datePublished":"2025-07-22T10:45:00+00:00","dateModified":"2025-07-22T10:45:01+00:00","mainEntityOfPage":{"@id":"https:\/\/www.smedemokrati.sk\/zilinka-nam-dal-za-pravdu-sutaj-estok-musi-uverejnit-kto-cestoval-vladnym-specialom-na-futbal-do-nemecka\/"},"wordCount":371,"publisher":{"@id":"https:\/\/www.smedemokrati.sk\/#organization"},"image":{"@id":"https:\/\/www.smedemokrati.sk\/zilinka-nam-dal-za-pravdu-sutaj-estok-musi-uverejnit-kto-cestoval-vladnym-specialom-na-futbal-do-nemecka\/#primaryimage"},"thumbnailUrl":"https:\/\/www.smedemokrati.sk\/wp-content\/uploads\/2025\/07\/sutaj-klame.jpg","articleSection":["Tla\u010dov\u00e9 spr\u00e1vy"],"inLanguage":"en-US"},{"@type":"WebPage","@id":"https:\/\/www.smedemokrati.sk\/zilinka-nam-dal-za-pravdu-sutaj-estok-musi-uverejnit-kto-cestoval-vladnym-specialom-na-futbal-do-nemecka\/","url":"https:\/\/www.smedemokrati.sk\/zilinka-nam-dal-za-pravdu-sutaj-estok-musi-uverejnit-kto-cestoval-vladnym-specialom-na-futbal-do-nemecka\/","name":"\u017dilinka n\u00e1m dal za pravdu: \u0160utaj E\u0161tok mus\u00ed uverejni\u0165, kto cestoval vl\u00e1dnym \u0161peci\u00e1lom na futbal do Nemecka","isPartOf":{"@id":"https:\/\/www.smedemokrati.sk\/#website"},"primaryImageOfPage":{"@id":"https:\/\/www.smedemokrati.sk\/zilinka-nam-dal-za-pravdu-sutaj-estok-musi-uverejnit-kto-cestoval-vladnym-specialom-na-futbal-do-nemecka\/#primaryimage"},"image":{"@id":"https:\/\/www.smedemokrati.sk\/zilinka-nam-dal-za-pravdu-sutaj-estok-musi-uverejnit-kto-cestoval-vladnym-specialom-na-futbal-do-nemecka\/#primaryimage"},"thumbnailUrl":"https:\/\/www.smedemokrati.sk\/wp-content\/uploads\/2025\/07\/sutaj-klame.jpg","datePublished":"2025-07-22T10:45:00+00:00","dateModified":"2025-07-22T10:45:01+00:00","description":"Demokrati sa hne\u010f po prevalen\u00ed papal\u00e1\u0161skej cesty ministra vn\u00fatra E\u0161toka na minuloro\u010dn\u00e9 majstrovstv\u00e1 sveta vo futbale do Nemecka obr\u00e1tili na MV SR s ot\u00e1zkami, kto cestoval vl\u00e1dnym \u0161peci\u00e1lom a ko\u013eko cesta st\u00e1la. Rezort opakovane odmietol odpoveda\u0165, a tak sa Jaroslav Na\u010f obr\u00e1til na verejn\u00e9ho ochrancu pr\u00e1v, ktor\u00fd post\u00fapil vec gener\u00e1lnemu prokur\u00e1torovi. Ten dal Demokratom za pravdu, \u0160utaj E\u0161tok mus\u00ed uverejni\u0165 zoznam pasa\u017eierov a n\u00e1klady na cestu. Strana preto dnes odniesla opakovan\u00fa \u017eiados\u0165 o inform\u00e1cie.","breadcrumb":{"@id":"https:\/\/www.smedemokrati.sk\/zilinka-nam-dal-za-pravdu-sutaj-estok-musi-uverejnit-kto-cestoval-vladnym-specialom-na-futbal-do-nemecka\/#breadcrumb"},"inLanguage":"en-US","potentialAction":[{"@type":"ReadAction","target":["https:\/\/www.smedemokrati.sk\/zilinka-nam-dal-za-pravdu-sutaj-estok-musi-uverejnit-kto-cestoval-vladnym-specialom-na-futbal-do-nemecka\/"]}]},{"@type":"ImageObject","inLanguage":"en-US","@id":"https:\/\/www.smedemokrati.sk\/zilinka-nam-dal-za-pravdu-sutaj-estok-musi-uverejnit-kto-cestoval-vladnym-specialom-na-futbal-do-nemecka\/#primaryimage","url":"https:\/\/www.smedemokrati.sk\/wp-content\/uploads\/2025\/07\/sutaj-klame.jpg","contentUrl":"https:\/\/www.smedemokrati.sk\/wp-content\/uploads\/2025\/07\/sutaj-klame.jpg","width":1416,"height":830},{"@type":"BreadcrumbList","@id":"https:\/\/www.smedemokrati.sk\/zilinka-nam-dal-za-pravdu-sutaj-estok-musi-uverejnit-kto-cestoval-vladnym-specialom-na-futbal-do-nemecka\/#breadcrumb","itemListElement":[{"@type":"ListItem","position":1,"name":"Domovsk\u00e1 str\u00e1nka","item":"https:\/\/www.smedemokrati.sk\/"},{"@type":"ListItem","position":2,"name":"\u017dilinka n\u00e1m dal za pravdu: \u0160utaj E\u0161tok mus\u00ed uverejni\u0165, kto cestoval vl\u00e1dnym \u0161peci\u00e1lom na futbal do Nemecka"}]},{"@type":"WebSite","@id":"https:\/\/www.smedemokrati.sk\/#website","url":"https:\/\/www.smedemokrati.sk\/","name":"Smedemokrati.sk","description":"Demokracia a slu\u0161nos\u0165 zv\u00ed\u0165az\u00ed","publisher":{"@id":"https:\/\/www.smedemokrati.sk\/#organization"},"potentialAction":[{"@type":"SearchAction","target":{"@type":"EntryPoint","urlTemplate":"https:\/\/www.smedemokrati.sk\/?s={search_term_string}"},"query-input":{"@type":"PropertyValueSpecification","valueRequired":true,"valueName":"search_term_string"}}],"inLanguage":"en-US"},{"@type":"Organization","@id":"https:\/\/www.smedemokrati.sk\/#organization","name":"Smedemokrati.sk","url":"https:\/\/www.smedemokrati.sk\/","logo":{"@type":"ImageObject","inLanguage":"en-US","@id":"https:\/\/www.smedemokrati.sk\/#\/schema\/logo\/image\/","url":"https:\/\/www.smedemokrati.sk\/wp-content\/uploads\/2023\/04\/ff.002.jpeg","contentUrl":"https:\/\/www.smedemokrati.sk\/wp-content\/uploads\/2023\/04\/ff.002.jpeg","width":640,"height":480,"caption":"Smedemokrati.sk"},"image":{"@id":"https:\/\/www.smedemokrati.sk\/#\/schema\/logo\/image\/"},"sameAs":["https:\/\/www.facebook.com\/smedemokrati2023"]},{"@type":"Person","@id":"https:\/\/www.smedemokrati.sk\/#\/schema\/person\/21f147c88d605aa7ded900e1e7c344ba","name":"miro.sopko","image":{"@type":"ImageObject","inLanguage":"en-US","@id":"https:\/\/secure.gravatar.com\/avatar\/267e4a36f704376c109afe3a78740c1f5dd8675a2180a908699e7863c9247606?s=96&d=mm&r=g","url":"https:\/\/secure.gravatar.com\/avatar\/267e4a36f704376c109afe3a78740c1f5dd8675a2180a908699e7863c9247606?s=96&d=mm&r=g","contentUrl":"https:\/\/secure.gravatar.com\/avatar\/267e4a36f704376c109afe3a78740c1f5dd8675a2180a908699e7863c9247606?s=96&d=mm&r=g","caption":"miro.sopko"},"url":"https:\/\/www.smedemokrati.sk\/en\/author\/miro-sopko\/"}]}},"_links":{"self":[{"href":"https:\/\/www.smedemokrati.sk\/en\/wp-json\/wp\/v2\/posts\/7727","targetHints":{"allow":["GET"]}}],"collection":[{"href":"https:\/\/www.smedemokrati.sk\/en\/wp-json\/wp\/v2\/posts"}],"about":[{"href":"https:\/\/www.smedemokrati.sk\/en\/wp-json\/wp\/v2\/types\/post"}],"author":[{"embeddable":true,"href":"https:\/\/www.smedemokrati.sk\/en\/wp-json\/wp\/v2\/users\/13"}],"replies":[{"embeddable":true,"href":"https:\/\/www.smedemokrati.sk\/en\/wp-json\/wp\/v2\/comments?post=7727"}],"version-history":[{"count":1,"href":"https:\/\/www.smedemokrati.sk\/en\/wp-json\/wp\/v2\/posts\/7727\/revisions"}],"predecessor-version":[{"id":7729,"href":"https:\/\/www.smedemokrati.sk\/en\/wp-json\/wp\/v2\/posts\/7727\/revisions\/7729"}],"wp:featuredmedia":[{"embeddable":true,"href":"https:\/\/www.smedemokrati.sk\/en\/wp-json\/wp\/v2\/media\/7728"}],"wp:attachment":[{"href":"https:\/\/www.smedemokrati.sk\/en\/wp-json\/wp\/v2\/media?parent=7727"}],"wp:term":[{"taxonomy":"category","embeddable":true,"href":"https:\/\/www.smedemokrati.sk\/en\/wp-json\/wp\/v2\/categories?post=7727"},{"taxonomy":"post_tag","embeddable":true,"href":"https:\/\/www.smedemokrati.sk\/en\/wp-json\/wp\/v2\/tags?post=7727"}],"curies":[{"name":"wp","href":"https:\/\/api.w.org\/{rel}","templated":true}]}}