{"id":7721,"date":"2025-07-21T11:49:46","date_gmt":"2025-07-21T10:49:46","guid":{"rendered":"https:\/\/www.smedemokrati.sk\/?p=7721"},"modified":"2025-07-21T14:45:57","modified_gmt":"2025-07-21T13:45:57","slug":"predaj-gabcikovskej-elektriny-madarsku-za-zvyhodnene-ceny-by-porusil-pravo-eu","status":"publish","type":"post","link":"https:\/\/www.smedemokrati.sk\/en\/predaj-gabcikovskej-elektriny-madarsku-za-zvyhodnene-ceny-by-porusil-pravo-eu\/","title":{"rendered":"Predaj Gab\u010d\u00edkovskej elektriny Ma\u010farsku za zv\u00fdhodnen\u00e9 ceny by poru\u0161il pr\u00e1vo E\u00da"},"content":{"rendered":"<div id=\"fb-root\"><\/div>\n\n<p><strong>Tarabov \u0161kandal\u00f3zny z\u00e1mer prakticky darova\u0165 v\u00fdznamn\u00fd podiel elektrickej energie z Gab\u010d\u00edkova by narazil na pravidl\u00e1 jednotn\u00e9ho trhu s elektrickou energiou v Eur\u00f3pskej \u00fanii (E\u00da). Ma\u010farsk\u00ed predstavitelia verejne operuj\u00fa podielom 30 % produkcie na 25 rokov za \u201cv\u00fdhodn\u00fa\u201d cenu. Tento postup by v\u0161ak bol v\u0161eobecne v rozpore s predpismi E\u00da, pod\u013ea ktor\u00fdch sa m\u00f4\u017ee obchodova\u0165 s elektrickou energiou len na trhovom princ\u00edpe. Demokrati sa obr\u00e1tia na Eur\u00f3psku komisiu s podnetom s cie\u013eom ochrany z\u00e1ujmov slovensk\u00fdch spotrebite\u013eov.&nbsp;<\/strong><\/p>\n\n\n\n<p>Napriek prvotn\u00e9mu zapieraniu je zrejm\u00e9, \u017ee slovensk\u00e1 vl\u00e1da prostredn\u00edctvom premi\u00e9ra Fica a ministra \u017eivotn\u00e9ho prostredia Tarabu absol\u00fatne bezd\u00f4vodne rokuje v r\u00e1mci uzavretia medzin\u00e1rodn\u00e9ho sporu s Ma\u010farskom o zv\u00fdhodnen\u00fdch dod\u00e1vkach elektrickej energie z Gab\u010d\u00edkovskej elektr\u00e1rne. \u201c<em>Je jedno, ak\u00e1 bude v\u00fdsledn\u00e1 suma \u201cv\u00fdhodnej\u201d ceny, pri deklarovanom pl\u00e1ne dod\u00e1vok tretiny produkcie na 25 rokov nepochybne p\u00f4jde o straty a\u017e do miliardy eur na slovenskej strane, z ktorej by benefitovali ma\u010farsk\u00ed spotrebitelia. Vl\u00e1du v\u0161ak upozor\u0148ujeme, \u017ee nariadenie E\u00da o vn\u00fatornom trhu s elektrinou striktne vy\u017eaduje jej predaj len na trhovom princ\u00edpe, \u010do je nezlu\u010dite\u013en\u00e9 s jej z\u00e1merom. Ich utajovan\u00e9 pl\u00e1ny nepokr\u00fdva ani \u017eiadna z pr\u00edpustn\u00fdch v\u00fdnimiek. Obraciame sa preto na Eur\u00f3psku komisiu s podnetom, aby si v s\u00falade s nariaden\u00edm vy\u017eiadala inform\u00e1cie o pl\u00e1noch vl\u00e1dy, presk\u00famala ich rozpor s pr\u00e1vom E\u00da a zasiahla proti jeho poru\u0161ovaniu. Mo\u017eno je to Tarabovi nepr\u00edjemn\u00e9, ale st\u00e1le sme \u010dlensk\u00fdm \u0161t\u00e1tom E\u00da a jej pr\u00e1vo mus\u00edme dodr\u017eiava\u0165,<\/em>\u201d vysvet\u013euje Michal Ki\u010da, enviroexpert Demokratov.&nbsp;<\/p>\n\n\n\n<p>Predstavitelia Orb\u00e1novej vl\u00e1dy verejnej deklaruj\u00fa, \u017ee tretina produkcie z Gab\u010d\u00edkova m\u00f4\u017ee sl\u00fa\u017ei\u0165 na pokrytie spotreby elektriny v \u017eupe Gy\u0151r-Moson-Sopron a Kom\u00e1rom-Esztergom. A to hovor\u00edme len o ro\u010dnej spotrebe, pri\u010dom Fico s Tarabom rokuj\u00fa o 25 ro\u010dnom kontrakte. \u201c<em>Ako k tomu pr\u00eddu slovensk\u00e9 dom\u00e1cnosti a firmy, ktor\u00e9 nebud\u00fa ma\u0165 \u017eiadnu elektrinu za \u201cv\u00fdhodn\u00e9\u201d ceny? Pripom\u00edname, \u017ee za posledn\u00fdch 30 rokov \u017eiadna garnit\u00fara na Slovensku ni\u010d podobn\u00e9 v rokovaniach s Ma\u010farmi nepripustila. O kroky vl\u00e1dy by sa mali kone\u010dne za\u010da\u0165 zauj\u00edma\u0165 aj predstavitelia slovensk\u00e9ho priemyslu, preto\u017ee z lacnej elektriny z Gab\u010d\u00edkova bude m\u00f4c\u0165 profitova\u0165 aj ma\u010farsk\u00fd priemysel, ktor\u00fd neopodstatnene z\u00edska k\u013e\u00fa\u010dov\u00fa konkuren\u010dn\u00fa v\u00fdhodu,<\/em>\u201d dop\u013a\u0148a Karel Hirman, b\u00fdval\u00fd minister hospod\u00e1rstva a expert Demokratov na energetiku.&nbsp;<\/p>\n\n\n\n<p>Pripom\u00edname, \u017ee na veci ni\u010d nemen\u00ed ani pr\u00edpadn\u00e9 uzavretie dohody o garantovan\u00fdch dod\u00e1vkach elektriny za \u201cv\u00fdhodn\u00e9\u201d ceny v podobe novej medzin\u00e1rodnej zmluvy. Aj t\u00e1 mus\u00ed toti\u017e re\u0161pektova\u0165 pr\u00e1vo E\u00da. \u201c<em>Ak ho Ficova vl\u00e1da napriek v\u0161etk\u00e9mu odignoruje, Demokrati bud\u00fa v novej vl\u00e1de presadzova\u0165 presk\u00famanie z\u00e1v\u00e4znosti Tarabovej dohody pre jej mo\u017en\u00fd rozpor s eur\u00f3pskou legislat\u00edvou. Z\u00e1ujmy \u00fazkej skupiny okolo Viktora Orb\u00e1na, za ktor\u00fa dnes kope Fico s Tarabom, nem\u00f4\u017eu \u00eds\u0165 na \u00fakor slovensk\u00fdch firiem a dom\u00e1cnost\u00ed,<\/em>\u201d uzavrel Michal Ki\u010da.&nbsp;<\/p>\n","protected":false},"excerpt":{"rendered":"<p>Tarabov \u0161kandal\u00f3zny z\u00e1mer prakticky darova\u0165 v\u00fdznamn\u00fd podiel elektrickej energie z Gab\u010d\u00edkova by narazil na pravidl\u00e1 jednotn\u00e9ho trhu s elektrickou energiou v Eur\u00f3pskej \u00fanii (E\u00da). Ma\u010farsk\u00ed predstavitelia verejne operuj\u00fa podielom 30 % produkcie na 25 rokov za \u201cv\u00fdhodn\u00fa\u201d cenu. Tento postup by v\u0161ak bol v\u0161eobecne v rozpore s predpismi E\u00da, pod\u013ea ktor\u00fdch sa m\u00f4\u017ee obchodova\u0165 s [&hellip;]<\/p>\n","protected":false},"author":13,"featured_media":385,"comment_status":"closed","ping_status":"closed","sticky":false,"template":"","format":"standard","meta":{"_acf_changed":false,"ngg_post_thumbnail":0,"footnotes":""},"categories":[4],"tags":[],"class_list":["post-7721","post","type-post","status-publish","format-standard","has-post-thumbnail","hentry","category-tlacove-spravy"],"acf":[],"yoast_head":"<!-- This site is optimized with the Yoast SEO plugin v27.2 - https:\/\/yoast.com\/product\/yoast-seo-wordpress\/ -->\n<title>Predaj Gab\u010d\u00edkovskej elektriny Ma\u010farsku za zv\u00fdhodnen\u00e9 ceny by poru\u0161il pr\u00e1vo E\u00da<\/title>\n<meta name=\"description\" content=\"Tarabov \u0161kandal\u00f3zny z\u00e1mer prakticky darova\u0165 v\u00fdznamn\u00fd podiel elektrickej energie z Gab\u010d\u00edkova by narazil na pravidl\u00e1 jednotn\u00e9ho trhu s elektrickou energiou v Eur\u00f3pskej \u00fanii (E\u00da). Ma\u010farsk\u00ed predstavitelia verejne operuj\u00fa podielom 30 % produkcie na 25 rokov za \u201cv\u00fdhodn\u00fa\u201d cenu. Tento postup by v\u0161ak bol v\u0161eobecne v rozpore s predpismi E\u00da, pod\u013ea ktor\u00fdch sa m\u00f4\u017ee obchodova\u0165 s elektrickou energiou len na trhovom princ\u00edpe. Demokrati sa obr\u00e1tia na Eur\u00f3psku komisiu s podnetom s cie\u013eom ochrany z\u00e1ujmov slovensk\u00fdch spotrebite\u013eov.\u00a0\" \/>\n<meta name=\"robots\" content=\"index, follow, max-snippet:-1, max-image-preview:large, max-video-preview:-1\" \/>\n<link rel=\"canonical\" href=\"https:\/\/www.smedemokrati.sk\/en\/predaj-gabcikovskej-elektriny-madarsku-za-zvyhodnene-ceny-by-porusil-pravo-eu\/\" \/>\n<meta property=\"og:locale\" content=\"en_US\" \/>\n<meta property=\"og:locale:alternate\" content=\"cs_CZ\" \/>\n<meta property=\"og:locale:alternate\" content=\"hu_HU\" \/>\n<meta property=\"og:locale:alternate\" content=\"sk_SK\" \/>\n<meta property=\"og:locale:alternate\" content=\"sv_SE\" \/>\n<meta property=\"og:type\" content=\"article\" \/>\n<meta property=\"og:title\" content=\"Predaj Gab\u010d\u00edkovskej elektriny Ma\u010farsku za zv\u00fdhodnen\u00e9 ceny by poru\u0161il pr\u00e1vo E\u00da\" \/>\n<meta property=\"og:description\" content=\"Tarabov \u0161kandal\u00f3zny z\u00e1mer prakticky darova\u0165 v\u00fdznamn\u00fd podiel elektrickej energie z Gab\u010d\u00edkova by narazil na pravidl\u00e1 jednotn\u00e9ho trhu s elektrickou energiou v Eur\u00f3pskej \u00fanii (E\u00da). Ma\u010farsk\u00ed predstavitelia verejne operuj\u00fa podielom 30 % produkcie na 25 rokov za \u201cv\u00fdhodn\u00fa\u201d cenu. Tento postup by v\u0161ak bol v\u0161eobecne v rozpore s predpismi E\u00da, pod\u013ea ktor\u00fdch sa m\u00f4\u017ee obchodova\u0165 s elektrickou energiou len na trhovom princ\u00edpe. Demokrati sa obr\u00e1tia na Eur\u00f3psku komisiu s podnetom s cie\u013eom ochrany z\u00e1ujmov slovensk\u00fdch spotrebite\u013eov.\u00a0\" \/>\n<meta property=\"og:url\" content=\"https:\/\/www.smedemokrati.sk\/en\/predaj-gabcikovskej-elektriny-madarsku-za-zvyhodnene-ceny-by-porusil-pravo-eu\/\" \/>\n<meta property=\"og:site_name\" content=\"Smedemokrati.sk\" \/>\n<meta property=\"article:publisher\" content=\"https:\/\/www.facebook.com\/smedemokrati2023\" \/>\n<meta property=\"article:published_time\" content=\"2025-07-21T10:49:46+00:00\" \/>\n<meta property=\"article:modified_time\" content=\"2025-07-21T13:45:57+00:00\" \/>\n<meta property=\"og:image\" content=\"https:\/\/www.smedemokrati.sk\/wp-content\/uploads\/2023\/04\/MKica.jpg\" \/>\n\t<meta property=\"og:image:width\" content=\"1520\" \/>\n\t<meta property=\"og:image:height\" content=\"1080\" \/>\n\t<meta property=\"og:image:type\" content=\"image\/jpeg\" \/>\n<meta name=\"author\" content=\"miro.sopko\" \/>\n<meta name=\"twitter:card\" content=\"summary_large_image\" \/>\n<meta name=\"twitter:label1\" content=\"Written by\" \/>\n\t<meta name=\"twitter:data1\" content=\"miro.sopko\" \/>\n\t<meta name=\"twitter:label2\" content=\"Est. reading time\" \/>\n\t<meta name=\"twitter:data2\" content=\"3 minutes\" \/>\n<script type=\"application\/ld+json\" class=\"yoast-schema-graph\">{\"@context\":\"https:\/\/schema.org\",\"@graph\":[{\"@type\":\"Article\",\"@id\":\"https:\/\/www.smedemokrati.sk\/predaj-gabcikovskej-elektriny-madarsku-za-zvyhodnene-ceny-by-porusil-pravo-eu\/#article\",\"isPartOf\":{\"@id\":\"https:\/\/www.smedemokrati.sk\/predaj-gabcikovskej-elektriny-madarsku-za-zvyhodnene-ceny-by-porusil-pravo-eu\/\"},\"author\":{\"name\":\"miro.sopko\",\"@id\":\"https:\/\/www.smedemokrati.sk\/#\/schema\/person\/21f147c88d605aa7ded900e1e7c344ba\"},\"headline\":\"Predaj Gab\u010d\u00edkovskej elektriny Ma\u010farsku za zv\u00fdhodnen\u00e9 ceny by poru\u0161il pr\u00e1vo E\u00da\",\"datePublished\":\"2025-07-21T10:49:46+00:00\",\"dateModified\":\"2025-07-21T13:45:57+00:00\",\"mainEntityOfPage\":{\"@id\":\"https:\/\/www.smedemokrati.sk\/predaj-gabcikovskej-elektriny-madarsku-za-zvyhodnene-ceny-by-porusil-pravo-eu\/\"},\"wordCount\":567,\"publisher\":{\"@id\":\"https:\/\/www.smedemokrati.sk\/#organization\"},\"image\":{\"@id\":\"https:\/\/www.smedemokrati.sk\/predaj-gabcikovskej-elektriny-madarsku-za-zvyhodnene-ceny-by-porusil-pravo-eu\/#primaryimage\"},\"thumbnailUrl\":\"https:\/\/www.smedemokrati.sk\/wp-content\/uploads\/2023\/04\/MKica.jpg\",\"articleSection\":[\"Tla\u010dov\u00e9 spr\u00e1vy\"],\"inLanguage\":\"en-US\"},{\"@type\":\"WebPage\",\"@id\":\"https:\/\/www.smedemokrati.sk\/predaj-gabcikovskej-elektriny-madarsku-za-zvyhodnene-ceny-by-porusil-pravo-eu\/\",\"url\":\"https:\/\/www.smedemokrati.sk\/predaj-gabcikovskej-elektriny-madarsku-za-zvyhodnene-ceny-by-porusil-pravo-eu\/\",\"name\":\"Predaj Gab\u010d\u00edkovskej elektriny Ma\u010farsku za zv\u00fdhodnen\u00e9 ceny by poru\u0161il pr\u00e1vo E\u00da\",\"isPartOf\":{\"@id\":\"https:\/\/www.smedemokrati.sk\/#website\"},\"primaryImageOfPage\":{\"@id\":\"https:\/\/www.smedemokrati.sk\/predaj-gabcikovskej-elektriny-madarsku-za-zvyhodnene-ceny-by-porusil-pravo-eu\/#primaryimage\"},\"image\":{\"@id\":\"https:\/\/www.smedemokrati.sk\/predaj-gabcikovskej-elektriny-madarsku-za-zvyhodnene-ceny-by-porusil-pravo-eu\/#primaryimage\"},\"thumbnailUrl\":\"https:\/\/www.smedemokrati.sk\/wp-content\/uploads\/2023\/04\/MKica.jpg\",\"datePublished\":\"2025-07-21T10:49:46+00:00\",\"dateModified\":\"2025-07-21T13:45:57+00:00\",\"description\":\"Tarabov \u0161kandal\u00f3zny z\u00e1mer prakticky darova\u0165 v\u00fdznamn\u00fd podiel elektrickej energie z Gab\u010d\u00edkova by narazil na pravidl\u00e1 jednotn\u00e9ho trhu s elektrickou energiou v Eur\u00f3pskej \u00fanii (E\u00da). Ma\u010farsk\u00ed predstavitelia verejne operuj\u00fa podielom 30 % produkcie na 25 rokov za \u201cv\u00fdhodn\u00fa\u201d cenu. Tento postup by v\u0161ak bol v\u0161eobecne v rozpore s predpismi E\u00da, pod\u013ea ktor\u00fdch sa m\u00f4\u017ee obchodova\u0165 s elektrickou energiou len na trhovom princ\u00edpe. Demokrati sa obr\u00e1tia na Eur\u00f3psku komisiu s podnetom s cie\u013eom ochrany z\u00e1ujmov slovensk\u00fdch spotrebite\u013eov.\u00a0\",\"breadcrumb\":{\"@id\":\"https:\/\/www.smedemokrati.sk\/predaj-gabcikovskej-elektriny-madarsku-za-zvyhodnene-ceny-by-porusil-pravo-eu\/#breadcrumb\"},\"inLanguage\":\"en-US\",\"potentialAction\":[{\"@type\":\"ReadAction\",\"target\":[\"https:\/\/www.smedemokrati.sk\/predaj-gabcikovskej-elektriny-madarsku-za-zvyhodnene-ceny-by-porusil-pravo-eu\/\"]}]},{\"@type\":\"ImageObject\",\"inLanguage\":\"en-US\",\"@id\":\"https:\/\/www.smedemokrati.sk\/predaj-gabcikovskej-elektriny-madarsku-za-zvyhodnene-ceny-by-porusil-pravo-eu\/#primaryimage\",\"url\":\"https:\/\/www.smedemokrati.sk\/wp-content\/uploads\/2023\/04\/MKica.jpg\",\"contentUrl\":\"https:\/\/www.smedemokrati.sk\/wp-content\/uploads\/2023\/04\/MKica.jpg\",\"width\":1520,\"height\":1080},{\"@type\":\"BreadcrumbList\",\"@id\":\"https:\/\/www.smedemokrati.sk\/predaj-gabcikovskej-elektriny-madarsku-za-zvyhodnene-ceny-by-porusil-pravo-eu\/#breadcrumb\",\"itemListElement\":[{\"@type\":\"ListItem\",\"position\":1,\"name\":\"Domovsk\u00e1 str\u00e1nka\",\"item\":\"https:\/\/www.smedemokrati.sk\/\"},{\"@type\":\"ListItem\",\"position\":2,\"name\":\"Predaj Gab\u010d\u00edkovskej elektriny Ma\u010farsku za zv\u00fdhodnen\u00e9 ceny by poru\u0161il pr\u00e1vo E\u00da\"}]},{\"@type\":\"WebSite\",\"@id\":\"https:\/\/www.smedemokrati.sk\/#website\",\"url\":\"https:\/\/www.smedemokrati.sk\/\",\"name\":\"Smedemokrati.sk\",\"description\":\"Demokracia a slu\u0161nos\u0165 zv\u00ed\u0165az\u00ed\",\"publisher\":{\"@id\":\"https:\/\/www.smedemokrati.sk\/#organization\"},\"potentialAction\":[{\"@type\":\"SearchAction\",\"target\":{\"@type\":\"EntryPoint\",\"urlTemplate\":\"https:\/\/www.smedemokrati.sk\/?s={search_term_string}\"},\"query-input\":{\"@type\":\"PropertyValueSpecification\",\"valueRequired\":true,\"valueName\":\"search_term_string\"}}],\"inLanguage\":\"en-US\"},{\"@type\":\"Organization\",\"@id\":\"https:\/\/www.smedemokrati.sk\/#organization\",\"name\":\"Smedemokrati.sk\",\"url\":\"https:\/\/www.smedemokrati.sk\/\",\"logo\":{\"@type\":\"ImageObject\",\"inLanguage\":\"en-US\",\"@id\":\"https:\/\/www.smedemokrati.sk\/#\/schema\/logo\/image\/\",\"url\":\"https:\/\/www.smedemokrati.sk\/wp-content\/uploads\/2023\/04\/ff.002.jpeg\",\"contentUrl\":\"https:\/\/www.smedemokrati.sk\/wp-content\/uploads\/2023\/04\/ff.002.jpeg\",\"width\":640,\"height\":480,\"caption\":\"Smedemokrati.sk\"},\"image\":{\"@id\":\"https:\/\/www.smedemokrati.sk\/#\/schema\/logo\/image\/\"},\"sameAs\":[\"https:\/\/www.facebook.com\/smedemokrati2023\"]},{\"@type\":\"Person\",\"@id\":\"https:\/\/www.smedemokrati.sk\/#\/schema\/person\/21f147c88d605aa7ded900e1e7c344ba\",\"name\":\"miro.sopko\",\"image\":{\"@type\":\"ImageObject\",\"inLanguage\":\"en-US\",\"@id\":\"https:\/\/secure.gravatar.com\/avatar\/267e4a36f704376c109afe3a78740c1f5dd8675a2180a908699e7863c9247606?s=96&d=mm&r=g\",\"url\":\"https:\/\/secure.gravatar.com\/avatar\/267e4a36f704376c109afe3a78740c1f5dd8675a2180a908699e7863c9247606?s=96&d=mm&r=g\",\"contentUrl\":\"https:\/\/secure.gravatar.com\/avatar\/267e4a36f704376c109afe3a78740c1f5dd8675a2180a908699e7863c9247606?s=96&d=mm&r=g\",\"caption\":\"miro.sopko\"},\"url\":\"https:\/\/www.smedemokrati.sk\/en\/author\/miro-sopko\/\"}]}<\/script>\n<!-- \/ Yoast SEO plugin. -->","yoast_head_json":{"title":"Predaj Gab\u010d\u00edkovskej elektriny Ma\u010farsku za zv\u00fdhodnen\u00e9 ceny by poru\u0161il pr\u00e1vo E\u00da","description":"Tarabov \u0161kandal\u00f3zny z\u00e1mer prakticky darova\u0165 v\u00fdznamn\u00fd podiel elektrickej energie z Gab\u010d\u00edkova by narazil na pravidl\u00e1 jednotn\u00e9ho trhu s elektrickou energiou v Eur\u00f3pskej \u00fanii (E\u00da). Ma\u010farsk\u00ed predstavitelia verejne operuj\u00fa podielom 30 % produkcie na 25 rokov za \u201cv\u00fdhodn\u00fa\u201d cenu. Tento postup by v\u0161ak bol v\u0161eobecne v rozpore s predpismi E\u00da, pod\u013ea ktor\u00fdch sa m\u00f4\u017ee obchodova\u0165 s elektrickou energiou len na trhovom princ\u00edpe. Demokrati sa obr\u00e1tia na Eur\u00f3psku komisiu s podnetom s cie\u013eom ochrany z\u00e1ujmov slovensk\u00fdch spotrebite\u013eov.\u00a0","robots":{"index":"index","follow":"follow","max-snippet":"max-snippet:-1","max-image-preview":"max-image-preview:large","max-video-preview":"max-video-preview:-1"},"canonical":"https:\/\/www.smedemokrati.sk\/en\/predaj-gabcikovskej-elektriny-madarsku-za-zvyhodnene-ceny-by-porusil-pravo-eu\/","og_locale":"en_US","og_type":"article","og_title":"[:sk]Predaj Gab\u010d\u00edkovskej elektriny Ma\u010farsku za zv\u00fdhodnen\u00e9 ceny by poru\u0161il pr\u00e1vo E\u00da[:] - Smedemokrati.sk","og_description":"[:sk]Tarabov \u0161kandal\u00f3zny z\u00e1mer prakticky darova\u0165 v\u00fdznamn\u00fd podiel elektrickej energie z Gab\u010d\u00edkova by narazil na pravidl\u00e1 jednotn\u00e9ho trhu s elektrickou energiou v Eur\u00f3pskej \u00fanii (E\u00da). Ma\u010farsk\u00ed predstavitelia verejne operuj\u00fa podielom 30 % produkcie na 25 rokov za \u201cv\u00fdhodn\u00fa\u201d cenu. Tento postup by v\u0161ak bol v\u0161eobecne v rozpore s predpismi E\u00da, pod\u013ea ktor\u00fdch sa m\u00f4\u017ee obchodova\u0165 s elektrickou energiou len na trhovom princ\u00edpe. Demokrati sa obr\u00e1tia na Eur\u00f3psku komisiu s podnetom s cie\u013eom ochrany z\u00e1ujmov slovensk\u00fdch spotrebite\u013eov.\u00a0[:]","og_url":"https:\/\/www.smedemokrati.sk\/en\/predaj-gabcikovskej-elektriny-madarsku-za-zvyhodnene-ceny-by-porusil-pravo-eu\/","og_site_name":"Smedemokrati.sk","article_publisher":"https:\/\/www.facebook.com\/smedemokrati2023","article_published_time":"2025-07-21T10:49:46+00:00","article_modified_time":"2025-07-21T13:45:57+00:00","og_image":[{"width":1520,"height":1080,"url":"https:\/\/www.smedemokrati.sk\/wp-content\/uploads\/2023\/04\/MKica.jpg","type":"image\/jpeg"}],"author":"miro.sopko","twitter_card":"summary_large_image","twitter_misc":{"Written by":"miro.sopko","Est. reading time":"3 minutes"},"schema":{"@context":"https:\/\/schema.org","@graph":[{"@type":"Article","@id":"https:\/\/www.smedemokrati.sk\/predaj-gabcikovskej-elektriny-madarsku-za-zvyhodnene-ceny-by-porusil-pravo-eu\/#article","isPartOf":{"@id":"https:\/\/www.smedemokrati.sk\/predaj-gabcikovskej-elektriny-madarsku-za-zvyhodnene-ceny-by-porusil-pravo-eu\/"},"author":{"name":"miro.sopko","@id":"https:\/\/www.smedemokrati.sk\/#\/schema\/person\/21f147c88d605aa7ded900e1e7c344ba"},"headline":"Predaj Gab\u010d\u00edkovskej elektriny Ma\u010farsku za zv\u00fdhodnen\u00e9 ceny by poru\u0161il pr\u00e1vo E\u00da","datePublished":"2025-07-21T10:49:46+00:00","dateModified":"2025-07-21T13:45:57+00:00","mainEntityOfPage":{"@id":"https:\/\/www.smedemokrati.sk\/predaj-gabcikovskej-elektriny-madarsku-za-zvyhodnene-ceny-by-porusil-pravo-eu\/"},"wordCount":567,"publisher":{"@id":"https:\/\/www.smedemokrati.sk\/#organization"},"image":{"@id":"https:\/\/www.smedemokrati.sk\/predaj-gabcikovskej-elektriny-madarsku-za-zvyhodnene-ceny-by-porusil-pravo-eu\/#primaryimage"},"thumbnailUrl":"https:\/\/www.smedemokrati.sk\/wp-content\/uploads\/2023\/04\/MKica.jpg","articleSection":["Tla\u010dov\u00e9 spr\u00e1vy"],"inLanguage":"en-US"},{"@type":"WebPage","@id":"https:\/\/www.smedemokrati.sk\/predaj-gabcikovskej-elektriny-madarsku-za-zvyhodnene-ceny-by-porusil-pravo-eu\/","url":"https:\/\/www.smedemokrati.sk\/predaj-gabcikovskej-elektriny-madarsku-za-zvyhodnene-ceny-by-porusil-pravo-eu\/","name":"Predaj Gab\u010d\u00edkovskej elektriny Ma\u010farsku za zv\u00fdhodnen\u00e9 ceny by poru\u0161il pr\u00e1vo E\u00da","isPartOf":{"@id":"https:\/\/www.smedemokrati.sk\/#website"},"primaryImageOfPage":{"@id":"https:\/\/www.smedemokrati.sk\/predaj-gabcikovskej-elektriny-madarsku-za-zvyhodnene-ceny-by-porusil-pravo-eu\/#primaryimage"},"image":{"@id":"https:\/\/www.smedemokrati.sk\/predaj-gabcikovskej-elektriny-madarsku-za-zvyhodnene-ceny-by-porusil-pravo-eu\/#primaryimage"},"thumbnailUrl":"https:\/\/www.smedemokrati.sk\/wp-content\/uploads\/2023\/04\/MKica.jpg","datePublished":"2025-07-21T10:49:46+00:00","dateModified":"2025-07-21T13:45:57+00:00","description":"Tarabov \u0161kandal\u00f3zny z\u00e1mer prakticky darova\u0165 v\u00fdznamn\u00fd podiel elektrickej energie z Gab\u010d\u00edkova by narazil na pravidl\u00e1 jednotn\u00e9ho trhu s elektrickou energiou v Eur\u00f3pskej \u00fanii (E\u00da). Ma\u010farsk\u00ed predstavitelia verejne operuj\u00fa podielom 30 % produkcie na 25 rokov za \u201cv\u00fdhodn\u00fa\u201d cenu. Tento postup by v\u0161ak bol v\u0161eobecne v rozpore s predpismi E\u00da, pod\u013ea ktor\u00fdch sa m\u00f4\u017ee obchodova\u0165 s elektrickou energiou len na trhovom princ\u00edpe. Demokrati sa obr\u00e1tia na Eur\u00f3psku komisiu s podnetom s cie\u013eom ochrany z\u00e1ujmov slovensk\u00fdch spotrebite\u013eov.\u00a0","breadcrumb":{"@id":"https:\/\/www.smedemokrati.sk\/predaj-gabcikovskej-elektriny-madarsku-za-zvyhodnene-ceny-by-porusil-pravo-eu\/#breadcrumb"},"inLanguage":"en-US","potentialAction":[{"@type":"ReadAction","target":["https:\/\/www.smedemokrati.sk\/predaj-gabcikovskej-elektriny-madarsku-za-zvyhodnene-ceny-by-porusil-pravo-eu\/"]}]},{"@type":"ImageObject","inLanguage":"en-US","@id":"https:\/\/www.smedemokrati.sk\/predaj-gabcikovskej-elektriny-madarsku-za-zvyhodnene-ceny-by-porusil-pravo-eu\/#primaryimage","url":"https:\/\/www.smedemokrati.sk\/wp-content\/uploads\/2023\/04\/MKica.jpg","contentUrl":"https:\/\/www.smedemokrati.sk\/wp-content\/uploads\/2023\/04\/MKica.jpg","width":1520,"height":1080},{"@type":"BreadcrumbList","@id":"https:\/\/www.smedemokrati.sk\/predaj-gabcikovskej-elektriny-madarsku-za-zvyhodnene-ceny-by-porusil-pravo-eu\/#breadcrumb","itemListElement":[{"@type":"ListItem","position":1,"name":"Domovsk\u00e1 str\u00e1nka","item":"https:\/\/www.smedemokrati.sk\/"},{"@type":"ListItem","position":2,"name":"Predaj Gab\u010d\u00edkovskej elektriny Ma\u010farsku za zv\u00fdhodnen\u00e9 ceny by poru\u0161il pr\u00e1vo E\u00da"}]},{"@type":"WebSite","@id":"https:\/\/www.smedemokrati.sk\/#website","url":"https:\/\/www.smedemokrati.sk\/","name":"Smedemokrati.sk","description":"Demokracia a slu\u0161nos\u0165 zv\u00ed\u0165az\u00ed","publisher":{"@id":"https:\/\/www.smedemokrati.sk\/#organization"},"potentialAction":[{"@type":"SearchAction","target":{"@type":"EntryPoint","urlTemplate":"https:\/\/www.smedemokrati.sk\/?s={search_term_string}"},"query-input":{"@type":"PropertyValueSpecification","valueRequired":true,"valueName":"search_term_string"}}],"inLanguage":"en-US"},{"@type":"Organization","@id":"https:\/\/www.smedemokrati.sk\/#organization","name":"Smedemokrati.sk","url":"https:\/\/www.smedemokrati.sk\/","logo":{"@type":"ImageObject","inLanguage":"en-US","@id":"https:\/\/www.smedemokrati.sk\/#\/schema\/logo\/image\/","url":"https:\/\/www.smedemokrati.sk\/wp-content\/uploads\/2023\/04\/ff.002.jpeg","contentUrl":"https:\/\/www.smedemokrati.sk\/wp-content\/uploads\/2023\/04\/ff.002.jpeg","width":640,"height":480,"caption":"Smedemokrati.sk"},"image":{"@id":"https:\/\/www.smedemokrati.sk\/#\/schema\/logo\/image\/"},"sameAs":["https:\/\/www.facebook.com\/smedemokrati2023"]},{"@type":"Person","@id":"https:\/\/www.smedemokrati.sk\/#\/schema\/person\/21f147c88d605aa7ded900e1e7c344ba","name":"miro.sopko","image":{"@type":"ImageObject","inLanguage":"en-US","@id":"https:\/\/secure.gravatar.com\/avatar\/267e4a36f704376c109afe3a78740c1f5dd8675a2180a908699e7863c9247606?s=96&d=mm&r=g","url":"https:\/\/secure.gravatar.com\/avatar\/267e4a36f704376c109afe3a78740c1f5dd8675a2180a908699e7863c9247606?s=96&d=mm&r=g","contentUrl":"https:\/\/secure.gravatar.com\/avatar\/267e4a36f704376c109afe3a78740c1f5dd8675a2180a908699e7863c9247606?s=96&d=mm&r=g","caption":"miro.sopko"},"url":"https:\/\/www.smedemokrati.sk\/en\/author\/miro-sopko\/"}]}},"_links":{"self":[{"href":"https:\/\/www.smedemokrati.sk\/en\/wp-json\/wp\/v2\/posts\/7721","targetHints":{"allow":["GET"]}}],"collection":[{"href":"https:\/\/www.smedemokrati.sk\/en\/wp-json\/wp\/v2\/posts"}],"about":[{"href":"https:\/\/www.smedemokrati.sk\/en\/wp-json\/wp\/v2\/types\/post"}],"author":[{"embeddable":true,"href":"https:\/\/www.smedemokrati.sk\/en\/wp-json\/wp\/v2\/users\/13"}],"replies":[{"embeddable":true,"href":"https:\/\/www.smedemokrati.sk\/en\/wp-json\/wp\/v2\/comments?post=7721"}],"version-history":[{"count":1,"href":"https:\/\/www.smedemokrati.sk\/en\/wp-json\/wp\/v2\/posts\/7721\/revisions"}],"predecessor-version":[{"id":7722,"href":"https:\/\/www.smedemokrati.sk\/en\/wp-json\/wp\/v2\/posts\/7721\/revisions\/7722"}],"wp:featuredmedia":[{"embeddable":true,"href":"https:\/\/www.smedemokrati.sk\/en\/wp-json\/wp\/v2\/media\/385"}],"wp:attachment":[{"href":"https:\/\/www.smedemokrati.sk\/en\/wp-json\/wp\/v2\/media?parent=7721"}],"wp:term":[{"taxonomy":"category","embeddable":true,"href":"https:\/\/www.smedemokrati.sk\/en\/wp-json\/wp\/v2\/categories?post=7721"},{"taxonomy":"post_tag","embeddable":true,"href":"https:\/\/www.smedemokrati.sk\/en\/wp-json\/wp\/v2\/tags?post=7721"}],"curies":[{"name":"wp","href":"https:\/\/api.w.org\/{rel}","templated":true}]}}