{"id":7702,"date":"2025-07-15T10:58:50","date_gmt":"2025-07-15T09:58:50","guid":{"rendered":"https:\/\/www.smedemokrati.sk\/?p=7702"},"modified":"2025-07-15T10:58:51","modified_gmt":"2025-07-15T09:58:51","slug":"ficove-opatrenia-dusia-ekonomiku-cisla-jeho-vlastneho-nominanta-odhaluju-prepad-slovenska","status":"publish","type":"post","link":"https:\/\/www.smedemokrati.sk\/en\/ficove-opatrenia-dusia-ekonomiku-cisla-jeho-vlastneho-nominanta-odhaluju-prepad-slovenska\/","title":{"rendered":"Ficove opatrenia dusia ekonomiku: \u010d\u00edsla jeho vlastn\u00e9ho nominanta odha\u013euj\u00fa prepad Slovenska"},"content":{"rendered":"<div id=\"fb-root\"><\/div>\n\n<p><strong>Opatrenia Roberta Fica dostali vysved\u010denie od jeho vlastn\u00e9ho nominanta, \u0161\u00e9fa \u0160tatistick\u00e9ho \u00faradu SR. \u00dadaje \u00faradu potvrdzuj\u00fa, \u017ee Slovensko sa prepad\u00e1 vo v\u0161etk\u00fdch relevantn\u00fdch ukazovate\u013eoch. Ekonomika sa spomalila, infl\u00e1cia je najvy\u0161\u0161ia za posledn\u00fd rok a pol a dom\u00e1cnosti maj\u00fa \u010doraz menej pe\u0148az\u00ed.<\/strong><\/p>\n\n\n\n<p>Eduard Heger upozor\u0148uje, \u017ee vl\u00e1da svojimi krokmi dus\u00ed hospod\u00e1rstvo, brzd\u00ed rast HDP a \u013eu\u010fom priniesla r\u00fdchlo rast\u00face ceny:&nbsp;<em>\u201eHrub\u00fd dom\u00e1ci produkt Slovenska rastie najpomal\u0161ie za posledn\u00e9 dva roky. Fico nadelil \u013eu\u010fom vysok\u00e9 dane, odradil investorov a zhor\u0161il podnikate\u013esk\u00e9 prostredie svojou takzvanou suver\u00e9nnou politikou na v\u0161etky \u0161tyri svetov\u00e9 strany,\u201c&nbsp;<\/em>uv\u00e1dza expremi\u00e9r Heger.<\/p>\n\n\n\n<p>Pokra\u010duje, \u017ee Ficove opatrenia negat\u00edvne zasahuj\u00fa nielen podnikate\u013eov, ale aj be\u017en\u00e9 dom\u00e1cnosti:&nbsp;<em>\u201ePod\u013ea \u010d\u00edsel Ficovho nominanta je vzdelanie drah\u0161ie o 10 %, v\u00fdvoz odpadu o 13 % a voda dokonca o 14 %. Re\u00e1lna mzda be\u017en\u00fdch zamestnancov vzr\u00e1stla len o 1 %, preto\u017ee podnikatelia jednoducho nemaj\u00fa peniaze. Fico tvrd\u00ed, \u017ee rozostaval Slovensko, kde s\u00fa tie byty? \u010c\u00edsla ukazuj\u00fa, \u017ee bytov\u00e1 v\u00fdstavba skolabovala o 24 % a rodiny si u\u017e nem\u00f4\u017eu dovoli\u0165 b\u00fdvanie v predra\u017een\u00fdch n\u00e1jmoch,\u201c<\/em>&nbsp;dod\u00e1va Heger.<\/p>\n\n\n\n<p>Pod\u013ea \u010dlena expertnej skupiny Dominika Sumbala je rie\u0161en\u00edm adresn\u00fd da\u0148ov\u00fd bonus, podpora prv\u00e9ho b\u00fdvania bez DPH \u010di zjednodu\u0161enie odvodov pre \u017eivnostn\u00edkov:&nbsp;<em>\u201ePotrebujeme okam\u017eite ozdravi\u0165 verejn\u00e9 financie. V prvom rade sa mus\u00edme vr\u00e1ti\u0165 na spr\u00e1vnu ko\u013eaj v zahrani\u010dnej politike, preto\u017ee investori, ktor\u00ed prin\u00e1\u0161aj\u00fa pracovn\u00e9 miesta, nemaj\u00fa z\u00e1ujem p\u00f4sobi\u0165 v krajine, ktor\u00e1 adoruje rusk\u00fd re\u017eim. Je nevyhnutn\u00e9, aby in\u0161tit\u00facie ako \u00datvar hodnoty za peniaze, \u00darad \u0161peci\u00e1lnej prokurat\u00fary a NAKA boli obnoven\u00e9. Navrhujeme aj zavedenie rovnej dane, adresn\u00e9ho da\u0148ov\u00e9ho bonusu a podporu mlad\u00fdch rod\u00edn, aby si mohli k\u00fapi\u0165 nov\u00fa nehnute\u013enos\u0165 s nulovou DPH,\u201c&nbsp;<\/em>uzatv\u00e1ra Sumbal.<\/p>\n\n\n<div class=\"fb-video\" data-href=\"https:\/\/fb.watch\/AROZkNMC4k\" data-allowfullscreen=\"true\" data-autoplay=\"false\" data-width=\"\" data-show-text=\"false\" data-show-captions=\"true\"><\/div>\n","protected":false},"excerpt":{"rendered":"<p>Opatrenia Roberta Fica dostali vysved\u010denie od jeho vlastn\u00e9ho nominanta, \u0161\u00e9fa \u0160tatistick\u00e9ho \u00faradu SR. \u00dadaje \u00faradu potvrdzuj\u00fa, \u017ee Slovensko sa prepad\u00e1 vo v\u0161etk\u00fdch relevantn\u00fdch ukazovate\u013eoch. Ekonomika sa spomalila, infl\u00e1cia je najvy\u0161\u0161ia za posledn\u00fd rok a pol a dom\u00e1cnosti maj\u00fa \u010doraz menej pe\u0148az\u00ed. Eduard Heger upozor\u0148uje, \u017ee vl\u00e1da svojimi krokmi dus\u00ed hospod\u00e1rstvo, brzd\u00ed rast HDP a \u013eu\u010fom [&hellip;]<\/p>\n","protected":false},"author":13,"featured_media":7703,"comment_status":"closed","ping_status":"closed","sticky":false,"template":"","format":"standard","meta":{"_acf_changed":false,"ngg_post_thumbnail":0,"footnotes":""},"categories":[4],"tags":[],"class_list":["post-7702","post","type-post","status-publish","format-standard","has-post-thumbnail","hentry","category-tlacove-spravy"],"acf":[],"yoast_head":"<!-- This site is optimized with the Yoast SEO plugin v27.2 - https:\/\/yoast.com\/product\/yoast-seo-wordpress\/ -->\n<title>Ficove opatrenia dusia ekonomiku: \u010d\u00edsla jeho vlastn\u00e9ho nominanta odha\u013euj\u00fa prepad Slovenska<\/title>\n<meta name=\"robots\" content=\"index, follow, max-snippet:-1, max-image-preview:large, max-video-preview:-1\" \/>\n<link rel=\"canonical\" href=\"https:\/\/www.smedemokrati.sk\/en\/ficove-opatrenia-dusia-ekonomiku-cisla-jeho-vlastneho-nominanta-odhaluju-prepad-slovenska\/\" \/>\n<meta property=\"og:locale\" content=\"en_US\" \/>\n<meta property=\"og:locale:alternate\" content=\"cs_CZ\" \/>\n<meta property=\"og:locale:alternate\" content=\"hu_HU\" \/>\n<meta property=\"og:locale:alternate\" content=\"sk_SK\" \/>\n<meta property=\"og:locale:alternate\" content=\"sv_SE\" \/>\n<meta property=\"og:type\" content=\"article\" \/>\n<meta property=\"og:title\" content=\"Ficove opatrenia dusia ekonomiku: \u010d\u00edsla jeho vlastn\u00e9ho nominanta odha\u013euj\u00fa prepad Slovenska\" \/>\n<meta property=\"og:description\" content=\"Opatrenia Roberta Fica dostali vysved\u010denie od jeho vlastn\u00e9ho nominanta, \u0161\u00e9fa \u0160tatistick\u00e9ho \u00faradu SR. \u00dadaje \u00faradu potvrdzuj\u00fa, \u017ee Slovensko sa prepad\u00e1 vo v\u0161etk\u00fdch relevantn\u00fdch ukazovate\u013eoch. Ekonomika sa spomalila, infl\u00e1cia je najvy\u0161\u0161ia za posledn\u00fd rok a pol a dom\u00e1cnosti maj\u00fa \u010doraz menej pe\u0148az\u00ed. Eduard Heger upozor\u0148uje, \u017ee vl\u00e1da svojimi krokmi dus\u00ed hospod\u00e1rstvo, brzd\u00ed rast HDP a \u013eu\u010fom [&hellip;]\" \/>\n<meta property=\"og:url\" content=\"https:\/\/www.smedemokrati.sk\/en\/ficove-opatrenia-dusia-ekonomiku-cisla-jeho-vlastneho-nominanta-odhaluju-prepad-slovenska\/\" \/>\n<meta property=\"og:site_name\" content=\"Smedemokrati.sk\" \/>\n<meta property=\"article:publisher\" content=\"https:\/\/www.facebook.com\/smedemokrati2023\" \/>\n<meta property=\"article:published_time\" content=\"2025-07-15T09:58:50+00:00\" \/>\n<meta property=\"article:modified_time\" content=\"2025-07-15T09:58:51+00:00\" \/>\n<meta property=\"og:image\" content=\"https:\/\/www.smedemokrati.sk\/wp-content\/uploads\/2025\/07\/2025-07-15-11_55_59-2-Facebook-Live-_-Facebook.jpg\" \/>\n\t<meta property=\"og:image:width\" content=\"1802\" \/>\n\t<meta property=\"og:image:height\" content=\"1047\" \/>\n\t<meta property=\"og:image:type\" content=\"image\/jpeg\" \/>\n<meta name=\"author\" content=\"miro.sopko\" \/>\n<meta name=\"twitter:card\" content=\"summary_large_image\" \/>\n<meta name=\"twitter:label1\" content=\"Written by\" \/>\n\t<meta name=\"twitter:data1\" content=\"miro.sopko\" \/>\n\t<meta name=\"twitter:label2\" content=\"Est. reading time\" \/>\n\t<meta name=\"twitter:data2\" content=\"2 minutes\" \/>\n<script type=\"application\/ld+json\" class=\"yoast-schema-graph\">{\"@context\":\"https:\/\/schema.org\",\"@graph\":[{\"@type\":\"Article\",\"@id\":\"https:\/\/www.smedemokrati.sk\/ficove-opatrenia-dusia-ekonomiku-cisla-jeho-vlastneho-nominanta-odhaluju-prepad-slovenska\/#article\",\"isPartOf\":{\"@id\":\"https:\/\/www.smedemokrati.sk\/ficove-opatrenia-dusia-ekonomiku-cisla-jeho-vlastneho-nominanta-odhaluju-prepad-slovenska\/\"},\"author\":{\"name\":\"miro.sopko\",\"@id\":\"https:\/\/www.smedemokrati.sk\/#\/schema\/person\/21f147c88d605aa7ded900e1e7c344ba\"},\"headline\":\"Ficove opatrenia dusia ekonomiku: \u010d\u00edsla jeho vlastn\u00e9ho nominanta odha\u013euj\u00fa prepad Slovenska\",\"datePublished\":\"2025-07-15T09:58:50+00:00\",\"dateModified\":\"2025-07-15T09:58:51+00:00\",\"mainEntityOfPage\":{\"@id\":\"https:\/\/www.smedemokrati.sk\/ficove-opatrenia-dusia-ekonomiku-cisla-jeho-vlastneho-nominanta-odhaluju-prepad-slovenska\/\"},\"wordCount\":358,\"publisher\":{\"@id\":\"https:\/\/www.smedemokrati.sk\/#organization\"},\"image\":{\"@id\":\"https:\/\/www.smedemokrati.sk\/ficove-opatrenia-dusia-ekonomiku-cisla-jeho-vlastneho-nominanta-odhaluju-prepad-slovenska\/#primaryimage\"},\"thumbnailUrl\":\"https:\/\/www.smedemokrati.sk\/wp-content\/uploads\/2025\/07\/2025-07-15-11_55_59-2-Facebook-Live-_-Facebook.jpg\",\"articleSection\":[\"Tla\u010dov\u00e9 spr\u00e1vy\"],\"inLanguage\":\"en-US\"},{\"@type\":\"WebPage\",\"@id\":\"https:\/\/www.smedemokrati.sk\/ficove-opatrenia-dusia-ekonomiku-cisla-jeho-vlastneho-nominanta-odhaluju-prepad-slovenska\/\",\"url\":\"https:\/\/www.smedemokrati.sk\/ficove-opatrenia-dusia-ekonomiku-cisla-jeho-vlastneho-nominanta-odhaluju-prepad-slovenska\/\",\"name\":\"Ficove opatrenia dusia ekonomiku: \u010d\u00edsla jeho vlastn\u00e9ho nominanta odha\u013euj\u00fa prepad Slovenska\",\"isPartOf\":{\"@id\":\"https:\/\/www.smedemokrati.sk\/#website\"},\"primaryImageOfPage\":{\"@id\":\"https:\/\/www.smedemokrati.sk\/ficove-opatrenia-dusia-ekonomiku-cisla-jeho-vlastneho-nominanta-odhaluju-prepad-slovenska\/#primaryimage\"},\"image\":{\"@id\":\"https:\/\/www.smedemokrati.sk\/ficove-opatrenia-dusia-ekonomiku-cisla-jeho-vlastneho-nominanta-odhaluju-prepad-slovenska\/#primaryimage\"},\"thumbnailUrl\":\"https:\/\/www.smedemokrati.sk\/wp-content\/uploads\/2025\/07\/2025-07-15-11_55_59-2-Facebook-Live-_-Facebook.jpg\",\"datePublished\":\"2025-07-15T09:58:50+00:00\",\"dateModified\":\"2025-07-15T09:58:51+00:00\",\"breadcrumb\":{\"@id\":\"https:\/\/www.smedemokrati.sk\/ficove-opatrenia-dusia-ekonomiku-cisla-jeho-vlastneho-nominanta-odhaluju-prepad-slovenska\/#breadcrumb\"},\"inLanguage\":\"en-US\",\"potentialAction\":[{\"@type\":\"ReadAction\",\"target\":[\"https:\/\/www.smedemokrati.sk\/ficove-opatrenia-dusia-ekonomiku-cisla-jeho-vlastneho-nominanta-odhaluju-prepad-slovenska\/\"]}]},{\"@type\":\"ImageObject\",\"inLanguage\":\"en-US\",\"@id\":\"https:\/\/www.smedemokrati.sk\/ficove-opatrenia-dusia-ekonomiku-cisla-jeho-vlastneho-nominanta-odhaluju-prepad-slovenska\/#primaryimage\",\"url\":\"https:\/\/www.smedemokrati.sk\/wp-content\/uploads\/2025\/07\/2025-07-15-11_55_59-2-Facebook-Live-_-Facebook.jpg\",\"contentUrl\":\"https:\/\/www.smedemokrati.sk\/wp-content\/uploads\/2025\/07\/2025-07-15-11_55_59-2-Facebook-Live-_-Facebook.jpg\",\"width\":1802,\"height\":1047},{\"@type\":\"BreadcrumbList\",\"@id\":\"https:\/\/www.smedemokrati.sk\/ficove-opatrenia-dusia-ekonomiku-cisla-jeho-vlastneho-nominanta-odhaluju-prepad-slovenska\/#breadcrumb\",\"itemListElement\":[{\"@type\":\"ListItem\",\"position\":1,\"name\":\"Domovsk\u00e1 str\u00e1nka\",\"item\":\"https:\/\/www.smedemokrati.sk\/\"},{\"@type\":\"ListItem\",\"position\":2,\"name\":\"Ficove opatrenia dusia ekonomiku: \u010d\u00edsla jeho vlastn\u00e9ho nominanta odha\u013euj\u00fa prepad Slovenska\"}]},{\"@type\":\"WebSite\",\"@id\":\"https:\/\/www.smedemokrati.sk\/#website\",\"url\":\"https:\/\/www.smedemokrati.sk\/\",\"name\":\"Smedemokrati.sk\",\"description\":\"Demokracia a slu\u0161nos\u0165 zv\u00ed\u0165az\u00ed\",\"publisher\":{\"@id\":\"https:\/\/www.smedemokrati.sk\/#organization\"},\"potentialAction\":[{\"@type\":\"SearchAction\",\"target\":{\"@type\":\"EntryPoint\",\"urlTemplate\":\"https:\/\/www.smedemokrati.sk\/?s={search_term_string}\"},\"query-input\":{\"@type\":\"PropertyValueSpecification\",\"valueRequired\":true,\"valueName\":\"search_term_string\"}}],\"inLanguage\":\"en-US\"},{\"@type\":\"Organization\",\"@id\":\"https:\/\/www.smedemokrati.sk\/#organization\",\"name\":\"Smedemokrati.sk\",\"url\":\"https:\/\/www.smedemokrati.sk\/\",\"logo\":{\"@type\":\"ImageObject\",\"inLanguage\":\"en-US\",\"@id\":\"https:\/\/www.smedemokrati.sk\/#\/schema\/logo\/image\/\",\"url\":\"https:\/\/www.smedemokrati.sk\/wp-content\/uploads\/2023\/04\/ff.002.jpeg\",\"contentUrl\":\"https:\/\/www.smedemokrati.sk\/wp-content\/uploads\/2023\/04\/ff.002.jpeg\",\"width\":640,\"height\":480,\"caption\":\"Smedemokrati.sk\"},\"image\":{\"@id\":\"https:\/\/www.smedemokrati.sk\/#\/schema\/logo\/image\/\"},\"sameAs\":[\"https:\/\/www.facebook.com\/smedemokrati2023\"]},{\"@type\":\"Person\",\"@id\":\"https:\/\/www.smedemokrati.sk\/#\/schema\/person\/21f147c88d605aa7ded900e1e7c344ba\",\"name\":\"miro.sopko\",\"image\":{\"@type\":\"ImageObject\",\"inLanguage\":\"en-US\",\"@id\":\"https:\/\/secure.gravatar.com\/avatar\/267e4a36f704376c109afe3a78740c1f5dd8675a2180a908699e7863c9247606?s=96&d=mm&r=g\",\"url\":\"https:\/\/secure.gravatar.com\/avatar\/267e4a36f704376c109afe3a78740c1f5dd8675a2180a908699e7863c9247606?s=96&d=mm&r=g\",\"contentUrl\":\"https:\/\/secure.gravatar.com\/avatar\/267e4a36f704376c109afe3a78740c1f5dd8675a2180a908699e7863c9247606?s=96&d=mm&r=g\",\"caption\":\"miro.sopko\"},\"url\":\"https:\/\/www.smedemokrati.sk\/en\/author\/miro-sopko\/\"}]}<\/script>\n<!-- \/ Yoast SEO plugin. -->","yoast_head_json":{"title":"Ficove opatrenia dusia ekonomiku: \u010d\u00edsla jeho vlastn\u00e9ho nominanta odha\u013euj\u00fa prepad Slovenska","robots":{"index":"index","follow":"follow","max-snippet":"max-snippet:-1","max-image-preview":"max-image-preview:large","max-video-preview":"max-video-preview:-1"},"canonical":"https:\/\/www.smedemokrati.sk\/en\/ficove-opatrenia-dusia-ekonomiku-cisla-jeho-vlastneho-nominanta-odhaluju-prepad-slovenska\/","og_locale":"en_US","og_type":"article","og_title":"[:sk]Ficove opatrenia dusia ekonomiku: \u010d\u00edsla jeho vlastn\u00e9ho nominanta odha\u013euj\u00fa prepad Slovenska[:] - Smedemokrati.sk","og_description":"Opatrenia Roberta Fica dostali vysved\u010denie od jeho vlastn\u00e9ho nominanta, \u0161\u00e9fa \u0160tatistick\u00e9ho \u00faradu SR. \u00dadaje \u00faradu potvrdzuj\u00fa, \u017ee Slovensko sa prepad\u00e1 vo v\u0161etk\u00fdch relevantn\u00fdch ukazovate\u013eoch. Ekonomika sa spomalila, infl\u00e1cia je najvy\u0161\u0161ia za posledn\u00fd rok a pol a dom\u00e1cnosti maj\u00fa \u010doraz menej pe\u0148az\u00ed. Eduard Heger upozor\u0148uje, \u017ee vl\u00e1da svojimi krokmi dus\u00ed hospod\u00e1rstvo, brzd\u00ed rast HDP a \u013eu\u010fom [&hellip;]","og_url":"https:\/\/www.smedemokrati.sk\/en\/ficove-opatrenia-dusia-ekonomiku-cisla-jeho-vlastneho-nominanta-odhaluju-prepad-slovenska\/","og_site_name":"Smedemokrati.sk","article_publisher":"https:\/\/www.facebook.com\/smedemokrati2023","article_published_time":"2025-07-15T09:58:50+00:00","article_modified_time":"2025-07-15T09:58:51+00:00","og_image":[{"width":1802,"height":1047,"url":"https:\/\/www.smedemokrati.sk\/wp-content\/uploads\/2025\/07\/2025-07-15-11_55_59-2-Facebook-Live-_-Facebook.jpg","type":"image\/jpeg"}],"author":"miro.sopko","twitter_card":"summary_large_image","twitter_misc":{"Written by":"miro.sopko","Est. reading time":"2 minutes"},"schema":{"@context":"https:\/\/schema.org","@graph":[{"@type":"Article","@id":"https:\/\/www.smedemokrati.sk\/ficove-opatrenia-dusia-ekonomiku-cisla-jeho-vlastneho-nominanta-odhaluju-prepad-slovenska\/#article","isPartOf":{"@id":"https:\/\/www.smedemokrati.sk\/ficove-opatrenia-dusia-ekonomiku-cisla-jeho-vlastneho-nominanta-odhaluju-prepad-slovenska\/"},"author":{"name":"miro.sopko","@id":"https:\/\/www.smedemokrati.sk\/#\/schema\/person\/21f147c88d605aa7ded900e1e7c344ba"},"headline":"Ficove opatrenia dusia ekonomiku: \u010d\u00edsla jeho vlastn\u00e9ho nominanta odha\u013euj\u00fa prepad Slovenska","datePublished":"2025-07-15T09:58:50+00:00","dateModified":"2025-07-15T09:58:51+00:00","mainEntityOfPage":{"@id":"https:\/\/www.smedemokrati.sk\/ficove-opatrenia-dusia-ekonomiku-cisla-jeho-vlastneho-nominanta-odhaluju-prepad-slovenska\/"},"wordCount":358,"publisher":{"@id":"https:\/\/www.smedemokrati.sk\/#organization"},"image":{"@id":"https:\/\/www.smedemokrati.sk\/ficove-opatrenia-dusia-ekonomiku-cisla-jeho-vlastneho-nominanta-odhaluju-prepad-slovenska\/#primaryimage"},"thumbnailUrl":"https:\/\/www.smedemokrati.sk\/wp-content\/uploads\/2025\/07\/2025-07-15-11_55_59-2-Facebook-Live-_-Facebook.jpg","articleSection":["Tla\u010dov\u00e9 spr\u00e1vy"],"inLanguage":"en-US"},{"@type":"WebPage","@id":"https:\/\/www.smedemokrati.sk\/ficove-opatrenia-dusia-ekonomiku-cisla-jeho-vlastneho-nominanta-odhaluju-prepad-slovenska\/","url":"https:\/\/www.smedemokrati.sk\/ficove-opatrenia-dusia-ekonomiku-cisla-jeho-vlastneho-nominanta-odhaluju-prepad-slovenska\/","name":"Ficove opatrenia dusia ekonomiku: \u010d\u00edsla jeho vlastn\u00e9ho nominanta odha\u013euj\u00fa prepad Slovenska","isPartOf":{"@id":"https:\/\/www.smedemokrati.sk\/#website"},"primaryImageOfPage":{"@id":"https:\/\/www.smedemokrati.sk\/ficove-opatrenia-dusia-ekonomiku-cisla-jeho-vlastneho-nominanta-odhaluju-prepad-slovenska\/#primaryimage"},"image":{"@id":"https:\/\/www.smedemokrati.sk\/ficove-opatrenia-dusia-ekonomiku-cisla-jeho-vlastneho-nominanta-odhaluju-prepad-slovenska\/#primaryimage"},"thumbnailUrl":"https:\/\/www.smedemokrati.sk\/wp-content\/uploads\/2025\/07\/2025-07-15-11_55_59-2-Facebook-Live-_-Facebook.jpg","datePublished":"2025-07-15T09:58:50+00:00","dateModified":"2025-07-15T09:58:51+00:00","breadcrumb":{"@id":"https:\/\/www.smedemokrati.sk\/ficove-opatrenia-dusia-ekonomiku-cisla-jeho-vlastneho-nominanta-odhaluju-prepad-slovenska\/#breadcrumb"},"inLanguage":"en-US","potentialAction":[{"@type":"ReadAction","target":["https:\/\/www.smedemokrati.sk\/ficove-opatrenia-dusia-ekonomiku-cisla-jeho-vlastneho-nominanta-odhaluju-prepad-slovenska\/"]}]},{"@type":"ImageObject","inLanguage":"en-US","@id":"https:\/\/www.smedemokrati.sk\/ficove-opatrenia-dusia-ekonomiku-cisla-jeho-vlastneho-nominanta-odhaluju-prepad-slovenska\/#primaryimage","url":"https:\/\/www.smedemokrati.sk\/wp-content\/uploads\/2025\/07\/2025-07-15-11_55_59-2-Facebook-Live-_-Facebook.jpg","contentUrl":"https:\/\/www.smedemokrati.sk\/wp-content\/uploads\/2025\/07\/2025-07-15-11_55_59-2-Facebook-Live-_-Facebook.jpg","width":1802,"height":1047},{"@type":"BreadcrumbList","@id":"https:\/\/www.smedemokrati.sk\/ficove-opatrenia-dusia-ekonomiku-cisla-jeho-vlastneho-nominanta-odhaluju-prepad-slovenska\/#breadcrumb","itemListElement":[{"@type":"ListItem","position":1,"name":"Domovsk\u00e1 str\u00e1nka","item":"https:\/\/www.smedemokrati.sk\/"},{"@type":"ListItem","position":2,"name":"Ficove opatrenia dusia ekonomiku: \u010d\u00edsla jeho vlastn\u00e9ho nominanta odha\u013euj\u00fa prepad Slovenska"}]},{"@type":"WebSite","@id":"https:\/\/www.smedemokrati.sk\/#website","url":"https:\/\/www.smedemokrati.sk\/","name":"Smedemokrati.sk","description":"Demokracia a slu\u0161nos\u0165 zv\u00ed\u0165az\u00ed","publisher":{"@id":"https:\/\/www.smedemokrati.sk\/#organization"},"potentialAction":[{"@type":"SearchAction","target":{"@type":"EntryPoint","urlTemplate":"https:\/\/www.smedemokrati.sk\/?s={search_term_string}"},"query-input":{"@type":"PropertyValueSpecification","valueRequired":true,"valueName":"search_term_string"}}],"inLanguage":"en-US"},{"@type":"Organization","@id":"https:\/\/www.smedemokrati.sk\/#organization","name":"Smedemokrati.sk","url":"https:\/\/www.smedemokrati.sk\/","logo":{"@type":"ImageObject","inLanguage":"en-US","@id":"https:\/\/www.smedemokrati.sk\/#\/schema\/logo\/image\/","url":"https:\/\/www.smedemokrati.sk\/wp-content\/uploads\/2023\/04\/ff.002.jpeg","contentUrl":"https:\/\/www.smedemokrati.sk\/wp-content\/uploads\/2023\/04\/ff.002.jpeg","width":640,"height":480,"caption":"Smedemokrati.sk"},"image":{"@id":"https:\/\/www.smedemokrati.sk\/#\/schema\/logo\/image\/"},"sameAs":["https:\/\/www.facebook.com\/smedemokrati2023"]},{"@type":"Person","@id":"https:\/\/www.smedemokrati.sk\/#\/schema\/person\/21f147c88d605aa7ded900e1e7c344ba","name":"miro.sopko","image":{"@type":"ImageObject","inLanguage":"en-US","@id":"https:\/\/secure.gravatar.com\/avatar\/267e4a36f704376c109afe3a78740c1f5dd8675a2180a908699e7863c9247606?s=96&d=mm&r=g","url":"https:\/\/secure.gravatar.com\/avatar\/267e4a36f704376c109afe3a78740c1f5dd8675a2180a908699e7863c9247606?s=96&d=mm&r=g","contentUrl":"https:\/\/secure.gravatar.com\/avatar\/267e4a36f704376c109afe3a78740c1f5dd8675a2180a908699e7863c9247606?s=96&d=mm&r=g","caption":"miro.sopko"},"url":"https:\/\/www.smedemokrati.sk\/en\/author\/miro-sopko\/"}]}},"_links":{"self":[{"href":"https:\/\/www.smedemokrati.sk\/en\/wp-json\/wp\/v2\/posts\/7702","targetHints":{"allow":["GET"]}}],"collection":[{"href":"https:\/\/www.smedemokrati.sk\/en\/wp-json\/wp\/v2\/posts"}],"about":[{"href":"https:\/\/www.smedemokrati.sk\/en\/wp-json\/wp\/v2\/types\/post"}],"author":[{"embeddable":true,"href":"https:\/\/www.smedemokrati.sk\/en\/wp-json\/wp\/v2\/users\/13"}],"replies":[{"embeddable":true,"href":"https:\/\/www.smedemokrati.sk\/en\/wp-json\/wp\/v2\/comments?post=7702"}],"version-history":[{"count":1,"href":"https:\/\/www.smedemokrati.sk\/en\/wp-json\/wp\/v2\/posts\/7702\/revisions"}],"predecessor-version":[{"id":7704,"href":"https:\/\/www.smedemokrati.sk\/en\/wp-json\/wp\/v2\/posts\/7702\/revisions\/7704"}],"wp:featuredmedia":[{"embeddable":true,"href":"https:\/\/www.smedemokrati.sk\/en\/wp-json\/wp\/v2\/media\/7703"}],"wp:attachment":[{"href":"https:\/\/www.smedemokrati.sk\/en\/wp-json\/wp\/v2\/media?parent=7702"}],"wp:term":[{"taxonomy":"category","embeddable":true,"href":"https:\/\/www.smedemokrati.sk\/en\/wp-json\/wp\/v2\/categories?post=7702"},{"taxonomy":"post_tag","embeddable":true,"href":"https:\/\/www.smedemokrati.sk\/en\/wp-json\/wp\/v2\/tags?post=7702"}],"curies":[{"name":"wp","href":"https:\/\/api.w.org\/{rel}","templated":true}]}}