{"id":7629,"date":"2025-06-26T15:12:07","date_gmt":"2025-06-26T14:12:07","guid":{"rendered":"https:\/\/www.smedemokrati.sk\/?p=7629"},"modified":"2025-06-26T15:12:10","modified_gmt":"2025-06-26T14:12:10","slug":"vlada-plni-plan-obnovy-pomaly-ohrozene-su-miliardy","status":"publish","type":"post","link":"https:\/\/www.smedemokrati.sk\/en\/vlada-plni-plan-obnovy-pomaly-ohrozene-su-miliardy\/","title":{"rendered":"Vl\u00e1da pln\u00ed Pl\u00e1n obnovy pomaly, ohrozen\u00e9 s\u00fa miliardy"},"content":{"rendered":"<div id=\"fb-root\"><\/div>\n\n<p><strong>Strana Demokrati upozor\u0148uje, \u017ee plnenie m\u00ed\u013enikov z\u00a0Pl\u00e1nu obnovy a\u00a0odolnosti je ohrozen\u00e9. Do konca augusta 2026 musia by\u0165 poddan\u00e9 v\u0161etky \u017eiadosti o\u00a0platbu, teda \u017eiadosti za viac ako 3 mld. euro. Vzh\u013eadom na tempo, ktor\u00fdm pracuje vl\u00e1da Roberta Fica pri Pl\u00e1ne obnovy a\u00a0odolnosti je zrejm\u00e9, \u017ee tento term\u00edn nest\u00edhaj\u00fa. Doposia\u013e za rok vl\u00e1da stihla zrealizova\u0165 14 m\u00ed\u013enikov, av\u0161ak za nasleduj\u00facich \u0161trn\u00e1s\u0165 mesiacov musia zrealizova\u0165 101 m\u00ed\u013enikov. Pri aktu\u00e1lnom tempe to bude vl\u00e1de trva\u0165 7 rokov. Pri takomto tempe Slovensko pr\u00edde o peniaze z Pl\u00e1nu obnovy.<\/strong><\/p>\n\n\n\n<p>\u201eRobert Fico ako premi\u00e9r dostal na st\u00f4l Pl\u00e1n obnovy s&nbsp;m\u00ed\u013enikmi, ktor\u00e9 ke\u010f vl\u00e1da spln\u00ed Slovensku bud\u00fa vyplaten\u00e9 peniaze z&nbsp;Eur\u00f3pskej komisie. Jednoduch\u00e9, on v\u0161ak miesto dozeranie na plnenie rie\u0161i v\u017edy nie\u010do in\u00e9. Najnov\u0161ie bl\u00fazni o&nbsp;neutralite alebo \u00fato\u010d\u00ed na na\u0161ich spojencov. Miesto toho v\u0161ak m\u00e1 tla\u010di\u0165 na svojich ministrov, aby plnili svoje \u00falohy a&nbsp;tak mohli na Slovensko pr\u00eds\u0165 peniaze na obnovu \u0161k\u00f4l a&nbsp;\u0161k\u00f4lok, nemocn\u00edc a&nbsp;celkov\u00fd rozvoj na\u0161ej krajiny. Ohrozi\u0165 \u010derpanie pe\u0148az\u00ed z&nbsp;Pl\u00e1nu obnovy je absol\u00fatne trestuhodn\u00e9, preto\u017ee za tieto peniaze sa vie re\u00e1lne zv\u00fd\u0161i\u0165 \u017eivotn\u00e1 \u00farove\u0148 Slov\u00e1kov. O&nbsp;to absurdnej\u0161ie je, \u017ee v\u0161etci si aktu\u00e1lne spokojne odch\u00e1dzaj\u00fa na pr\u00e1zdniny\u201c. hovor\u00ed Juraj \u0160eliga, podpredseda Demokratov a&nbsp;vyz\u00fdva vl\u00e1du, aby predstavila ak\u010dn\u00e1 pl\u00e1n Plnenia pl\u00e1nu obnovy, tak aby nebolo ohrozen\u00e9 \u010derpanie pe\u0148az\u00ed z&nbsp;Eur\u00f3pskej komisie.<\/p>\n\n\n\n<p>\u201eKe\u010f sme pripravovali pl\u00e1n obnovy vedeli sme, \u017ee to je ve\u013ek\u00e1 \u0161anca pre Slovensko, posun\u00fa\u0165 sa dopredu. 6 mld. euro, ktor\u00e9 sl\u00fa\u017eia na rozvoj a&nbsp;zlep\u0161enie \u017eivota \u013eud\u00ed na Slovensku, nov\u00e9 \u0161koly, \u0161k\u00f4lky, invest\u00edcie do infra\u0161trukt\u00fary, ochrany \u017eivotn\u00e9ho prostredia. To v\u0161etko s&nbsp;cie\u013eom modernizova\u0165 a&nbsp;obnovi\u0165 na\u0161u krajinu. Za na\u0161ej vl\u00e1dy sme stihli pripravi\u0165 pl\u00e1n, schv\u00e1li\u0165, a&nbsp;realizova\u0165, resp. pripravi\u0165 realizovanie \u0161tyroch platieb z&nbsp;Pl\u00e1nu obnovy a&nbsp;odolnosti. Dne\u0161n\u00e1 vl\u00e1da odovzdala za takmer dva roky jednu \u017eiados\u0165 a&nbsp;druh\u00fa pripravuje. Av\u0161ak za toho rok a&nbsp;pol realizovali len 14 m\u00ed\u013enikov. Ako chc\u00fa za rok realizova\u0165 101 m\u00ed\u013enikov? Kde je predseda vl\u00e1dy Robert Fico? Ani toto nie je premi\u00e9rska t\u00e9ma? P\u00fdtam sa potom, \u010do je premi\u00e9rska t\u00e9ma? Bl\u00faznenie o&nbsp;nez\u00e1vislosti, biznis so zbroj\u00e1rmi a&nbsp;dovolenka?\u201c p\u00fdta sa Eduard Heger, b\u00fdval\u00fd premi\u00e9r a&nbsp;podpredseda Demokratov.<\/p>\n\n\n\n<p>\u201eVl\u00e1da mimoriadne riskuje, ak sa spolieha na pred\u013a\u017eenie pl\u00e1nu obnovy po auguste 2026. Eur\u00f3pska komisia, ktor\u00e1 jedin\u00e1 m\u00e1 pr\u00e1vomoc to navrhn\u00fa\u0165, toti\u017e \u017eiaden sign\u00e1l v tomto smere nevyslala. Bud\u00face leto m\u00f4\u017ee Fico za\u017ei\u0165 mimoriadne nepr\u00edjemn\u00e9 prekvapenie, na ktor\u00e9 ale doplatia ob\u010dania. Je to obrovsk\u00fd hazard a&nbsp;len prianie vl\u00e1dy, \u017ee v\u0161etko bude pred\u013a\u017eenie\u201c uzatv\u00e1ra Michal Ki\u010da, enviroexpert strany Demokrati.<\/p>\n\n\n<div class=\"fb-video\" data-href=\"https:\/\/fb.watch\/AsRbc4o4H9\" data-allowfullscreen=\"true\" data-autoplay=\"false\" data-width=\"\" data-show-text=\"false\" data-show-captions=\"true\"><\/div>\n","protected":false},"excerpt":{"rendered":"<p>Strana Demokrati upozor\u0148uje, \u017ee plnenie m\u00ed\u013enikov z\u00a0Pl\u00e1nu obnovy a\u00a0odolnosti je ohrozen\u00e9. Do konca augusta 2026 musia by\u0165 poddan\u00e9 v\u0161etky \u017eiadosti o\u00a0platbu, teda \u017eiadosti za viac ako 3 mld. euro. Vzh\u013eadom na tempo, ktor\u00fdm pracuje vl\u00e1da Roberta Fica pri Pl\u00e1ne obnovy a\u00a0odolnosti je zrejm\u00e9, \u017ee tento term\u00edn nest\u00edhaj\u00fa. Doposia\u013e za rok vl\u00e1da stihla zrealizova\u0165 14 m\u00ed\u013enikov, [&hellip;]<\/p>\n","protected":false},"author":13,"featured_media":7630,"comment_status":"closed","ping_status":"closed","sticky":false,"template":"","format":"standard","meta":{"_acf_changed":false,"ngg_post_thumbnail":0,"footnotes":""},"categories":[4],"tags":[],"class_list":["post-7629","post","type-post","status-publish","format-standard","has-post-thumbnail","hentry","category-tlacove-spravy"],"acf":[],"yoast_head":"<!-- This site is optimized with the Yoast SEO plugin v27.2 - https:\/\/yoast.com\/product\/yoast-seo-wordpress\/ -->\n<title>Vl\u00e1da pln\u00ed Pl\u00e1n obnovy pomaly, ohrozen\u00e9 s\u00fa miliardy<\/title>\n<meta name=\"robots\" content=\"index, follow, max-snippet:-1, max-image-preview:large, max-video-preview:-1\" \/>\n<link rel=\"canonical\" href=\"https:\/\/www.smedemokrati.sk\/en\/vlada-plni-plan-obnovy-pomaly-ohrozene-su-miliardy\/\" \/>\n<meta property=\"og:locale\" content=\"en_US\" \/>\n<meta property=\"og:locale:alternate\" content=\"cs_CZ\" \/>\n<meta property=\"og:locale:alternate\" content=\"hu_HU\" \/>\n<meta property=\"og:locale:alternate\" content=\"sk_SK\" \/>\n<meta property=\"og:locale:alternate\" content=\"sv_SE\" \/>\n<meta property=\"og:type\" content=\"article\" \/>\n<meta property=\"og:title\" content=\"Vl\u00e1da pln\u00ed Pl\u00e1n obnovy pomaly, ohrozen\u00e9 s\u00fa miliardy\" \/>\n<meta property=\"og:description\" content=\"Strana Demokrati upozor\u0148uje, \u017ee plnenie m\u00ed\u013enikov z\u00a0Pl\u00e1nu obnovy a\u00a0odolnosti je ohrozen\u00e9. Do konca augusta 2026 musia by\u0165 poddan\u00e9 v\u0161etky \u017eiadosti o\u00a0platbu, teda \u017eiadosti za viac ako 3 mld. euro. Vzh\u013eadom na tempo, ktor\u00fdm pracuje vl\u00e1da Roberta Fica pri Pl\u00e1ne obnovy a\u00a0odolnosti je zrejm\u00e9, \u017ee tento term\u00edn nest\u00edhaj\u00fa. Doposia\u013e za rok vl\u00e1da stihla zrealizova\u0165 14 m\u00ed\u013enikov, [&hellip;]\" \/>\n<meta property=\"og:url\" content=\"https:\/\/www.smedemokrati.sk\/en\/vlada-plni-plan-obnovy-pomaly-ohrozene-su-miliardy\/\" \/>\n<meta property=\"og:site_name\" content=\"Smedemokrati.sk\" \/>\n<meta property=\"article:publisher\" content=\"https:\/\/www.facebook.com\/smedemokrati2023\" \/>\n<meta property=\"article:published_time\" content=\"2025-06-26T14:12:07+00:00\" \/>\n<meta property=\"article:modified_time\" content=\"2025-06-26T14:12:10+00:00\" \/>\n<meta property=\"og:image\" content=\"https:\/\/www.smedemokrati.sk\/wp-content\/uploads\/2025\/06\/vlecu-sa-ako-slimaky.jpg\" \/>\n\t<meta property=\"og:image:width\" content=\"2266\" \/>\n\t<meta property=\"og:image:height\" content=\"1423\" \/>\n\t<meta property=\"og:image:type\" content=\"image\/jpeg\" \/>\n<meta name=\"author\" content=\"miro.sopko\" \/>\n<meta name=\"twitter:card\" content=\"summary_large_image\" \/>\n<meta name=\"twitter:label1\" content=\"Written by\" \/>\n\t<meta name=\"twitter:data1\" content=\"miro.sopko\" \/>\n\t<meta name=\"twitter:label2\" content=\"Est. reading time\" \/>\n\t<meta name=\"twitter:data2\" content=\"3 minutes\" \/>\n<script type=\"application\/ld+json\" class=\"yoast-schema-graph\">{\"@context\":\"https:\/\/schema.org\",\"@graph\":[{\"@type\":\"Article\",\"@id\":\"https:\/\/www.smedemokrati.sk\/vlada-plni-plan-obnovy-pomaly-ohrozene-su-miliardy\/#article\",\"isPartOf\":{\"@id\":\"https:\/\/www.smedemokrati.sk\/vlada-plni-plan-obnovy-pomaly-ohrozene-su-miliardy\/\"},\"author\":{\"name\":\"miro.sopko\",\"@id\":\"https:\/\/www.smedemokrati.sk\/#\/schema\/person\/21f147c88d605aa7ded900e1e7c344ba\"},\"headline\":\"Vl\u00e1da pln\u00ed Pl\u00e1n obnovy pomaly, ohrozen\u00e9 s\u00fa miliardy\",\"datePublished\":\"2025-06-26T14:12:07+00:00\",\"dateModified\":\"2025-06-26T14:12:10+00:00\",\"mainEntityOfPage\":{\"@id\":\"https:\/\/www.smedemokrati.sk\/vlada-plni-plan-obnovy-pomaly-ohrozene-su-miliardy\/\"},\"wordCount\":551,\"publisher\":{\"@id\":\"https:\/\/www.smedemokrati.sk\/#organization\"},\"image\":{\"@id\":\"https:\/\/www.smedemokrati.sk\/vlada-plni-plan-obnovy-pomaly-ohrozene-su-miliardy\/#primaryimage\"},\"thumbnailUrl\":\"https:\/\/www.smedemokrati.sk\/wp-content\/uploads\/2025\/06\/vlecu-sa-ako-slimaky.jpg\",\"articleSection\":[\"Tla\u010dov\u00e9 spr\u00e1vy\"],\"inLanguage\":\"en-US\"},{\"@type\":\"WebPage\",\"@id\":\"https:\/\/www.smedemokrati.sk\/vlada-plni-plan-obnovy-pomaly-ohrozene-su-miliardy\/\",\"url\":\"https:\/\/www.smedemokrati.sk\/vlada-plni-plan-obnovy-pomaly-ohrozene-su-miliardy\/\",\"name\":\"Vl\u00e1da pln\u00ed Pl\u00e1n obnovy pomaly, ohrozen\u00e9 s\u00fa miliardy\",\"isPartOf\":{\"@id\":\"https:\/\/www.smedemokrati.sk\/#website\"},\"primaryImageOfPage\":{\"@id\":\"https:\/\/www.smedemokrati.sk\/vlada-plni-plan-obnovy-pomaly-ohrozene-su-miliardy\/#primaryimage\"},\"image\":{\"@id\":\"https:\/\/www.smedemokrati.sk\/vlada-plni-plan-obnovy-pomaly-ohrozene-su-miliardy\/#primaryimage\"},\"thumbnailUrl\":\"https:\/\/www.smedemokrati.sk\/wp-content\/uploads\/2025\/06\/vlecu-sa-ako-slimaky.jpg\",\"datePublished\":\"2025-06-26T14:12:07+00:00\",\"dateModified\":\"2025-06-26T14:12:10+00:00\",\"breadcrumb\":{\"@id\":\"https:\/\/www.smedemokrati.sk\/vlada-plni-plan-obnovy-pomaly-ohrozene-su-miliardy\/#breadcrumb\"},\"inLanguage\":\"en-US\",\"potentialAction\":[{\"@type\":\"ReadAction\",\"target\":[\"https:\/\/www.smedemokrati.sk\/vlada-plni-plan-obnovy-pomaly-ohrozene-su-miliardy\/\"]}]},{\"@type\":\"ImageObject\",\"inLanguage\":\"en-US\",\"@id\":\"https:\/\/www.smedemokrati.sk\/vlada-plni-plan-obnovy-pomaly-ohrozene-su-miliardy\/#primaryimage\",\"url\":\"https:\/\/www.smedemokrati.sk\/wp-content\/uploads\/2025\/06\/vlecu-sa-ako-slimaky.jpg\",\"contentUrl\":\"https:\/\/www.smedemokrati.sk\/wp-content\/uploads\/2025\/06\/vlecu-sa-ako-slimaky.jpg\",\"width\":2266,\"height\":1423},{\"@type\":\"BreadcrumbList\",\"@id\":\"https:\/\/www.smedemokrati.sk\/vlada-plni-plan-obnovy-pomaly-ohrozene-su-miliardy\/#breadcrumb\",\"itemListElement\":[{\"@type\":\"ListItem\",\"position\":1,\"name\":\"Domovsk\u00e1 str\u00e1nka\",\"item\":\"https:\/\/www.smedemokrati.sk\/\"},{\"@type\":\"ListItem\",\"position\":2,\"name\":\"Vl\u00e1da pln\u00ed Pl\u00e1n obnovy pomaly, ohrozen\u00e9 s\u00fa miliardy\"}]},{\"@type\":\"WebSite\",\"@id\":\"https:\/\/www.smedemokrati.sk\/#website\",\"url\":\"https:\/\/www.smedemokrati.sk\/\",\"name\":\"Smedemokrati.sk\",\"description\":\"Demokracia a slu\u0161nos\u0165 zv\u00ed\u0165az\u00ed\",\"publisher\":{\"@id\":\"https:\/\/www.smedemokrati.sk\/#organization\"},\"potentialAction\":[{\"@type\":\"SearchAction\",\"target\":{\"@type\":\"EntryPoint\",\"urlTemplate\":\"https:\/\/www.smedemokrati.sk\/?s={search_term_string}\"},\"query-input\":{\"@type\":\"PropertyValueSpecification\",\"valueRequired\":true,\"valueName\":\"search_term_string\"}}],\"inLanguage\":\"en-US\"},{\"@type\":\"Organization\",\"@id\":\"https:\/\/www.smedemokrati.sk\/#organization\",\"name\":\"Smedemokrati.sk\",\"url\":\"https:\/\/www.smedemokrati.sk\/\",\"logo\":{\"@type\":\"ImageObject\",\"inLanguage\":\"en-US\",\"@id\":\"https:\/\/www.smedemokrati.sk\/#\/schema\/logo\/image\/\",\"url\":\"https:\/\/www.smedemokrati.sk\/wp-content\/uploads\/2023\/04\/ff.002.jpeg\",\"contentUrl\":\"https:\/\/www.smedemokrati.sk\/wp-content\/uploads\/2023\/04\/ff.002.jpeg\",\"width\":640,\"height\":480,\"caption\":\"Smedemokrati.sk\"},\"image\":{\"@id\":\"https:\/\/www.smedemokrati.sk\/#\/schema\/logo\/image\/\"},\"sameAs\":[\"https:\/\/www.facebook.com\/smedemokrati2023\"]},{\"@type\":\"Person\",\"@id\":\"https:\/\/www.smedemokrati.sk\/#\/schema\/person\/21f147c88d605aa7ded900e1e7c344ba\",\"name\":\"miro.sopko\",\"image\":{\"@type\":\"ImageObject\",\"inLanguage\":\"en-US\",\"@id\":\"https:\/\/secure.gravatar.com\/avatar\/267e4a36f704376c109afe3a78740c1f5dd8675a2180a908699e7863c9247606?s=96&d=mm&r=g\",\"url\":\"https:\/\/secure.gravatar.com\/avatar\/267e4a36f704376c109afe3a78740c1f5dd8675a2180a908699e7863c9247606?s=96&d=mm&r=g\",\"contentUrl\":\"https:\/\/secure.gravatar.com\/avatar\/267e4a36f704376c109afe3a78740c1f5dd8675a2180a908699e7863c9247606?s=96&d=mm&r=g\",\"caption\":\"miro.sopko\"},\"url\":\"https:\/\/www.smedemokrati.sk\/en\/author\/miro-sopko\/\"}]}<\/script>\n<!-- \/ Yoast SEO plugin. -->","yoast_head_json":{"title":"Vl\u00e1da pln\u00ed Pl\u00e1n obnovy pomaly, ohrozen\u00e9 s\u00fa miliardy","robots":{"index":"index","follow":"follow","max-snippet":"max-snippet:-1","max-image-preview":"max-image-preview:large","max-video-preview":"max-video-preview:-1"},"canonical":"https:\/\/www.smedemokrati.sk\/en\/vlada-plni-plan-obnovy-pomaly-ohrozene-su-miliardy\/","og_locale":"en_US","og_type":"article","og_title":"[:sk]Vl\u00e1da pln\u00ed Pl\u00e1n obnovy pomaly, ohrozen\u00e9 s\u00fa miliardy[:] - Smedemokrati.sk","og_description":"Strana Demokrati upozor\u0148uje, \u017ee plnenie m\u00ed\u013enikov z\u00a0Pl\u00e1nu obnovy a\u00a0odolnosti je ohrozen\u00e9. Do konca augusta 2026 musia by\u0165 poddan\u00e9 v\u0161etky \u017eiadosti o\u00a0platbu, teda \u017eiadosti za viac ako 3 mld. euro. Vzh\u013eadom na tempo, ktor\u00fdm pracuje vl\u00e1da Roberta Fica pri Pl\u00e1ne obnovy a\u00a0odolnosti je zrejm\u00e9, \u017ee tento term\u00edn nest\u00edhaj\u00fa. Doposia\u013e za rok vl\u00e1da stihla zrealizova\u0165 14 m\u00ed\u013enikov, [&hellip;]","og_url":"https:\/\/www.smedemokrati.sk\/en\/vlada-plni-plan-obnovy-pomaly-ohrozene-su-miliardy\/","og_site_name":"Smedemokrati.sk","article_publisher":"https:\/\/www.facebook.com\/smedemokrati2023","article_published_time":"2025-06-26T14:12:07+00:00","article_modified_time":"2025-06-26T14:12:10+00:00","og_image":[{"width":2266,"height":1423,"url":"https:\/\/www.smedemokrati.sk\/wp-content\/uploads\/2025\/06\/vlecu-sa-ako-slimaky.jpg","type":"image\/jpeg"}],"author":"miro.sopko","twitter_card":"summary_large_image","twitter_misc":{"Written by":"miro.sopko","Est. reading time":"3 minutes"},"schema":{"@context":"https:\/\/schema.org","@graph":[{"@type":"Article","@id":"https:\/\/www.smedemokrati.sk\/vlada-plni-plan-obnovy-pomaly-ohrozene-su-miliardy\/#article","isPartOf":{"@id":"https:\/\/www.smedemokrati.sk\/vlada-plni-plan-obnovy-pomaly-ohrozene-su-miliardy\/"},"author":{"name":"miro.sopko","@id":"https:\/\/www.smedemokrati.sk\/#\/schema\/person\/21f147c88d605aa7ded900e1e7c344ba"},"headline":"Vl\u00e1da pln\u00ed Pl\u00e1n obnovy pomaly, ohrozen\u00e9 s\u00fa miliardy","datePublished":"2025-06-26T14:12:07+00:00","dateModified":"2025-06-26T14:12:10+00:00","mainEntityOfPage":{"@id":"https:\/\/www.smedemokrati.sk\/vlada-plni-plan-obnovy-pomaly-ohrozene-su-miliardy\/"},"wordCount":551,"publisher":{"@id":"https:\/\/www.smedemokrati.sk\/#organization"},"image":{"@id":"https:\/\/www.smedemokrati.sk\/vlada-plni-plan-obnovy-pomaly-ohrozene-su-miliardy\/#primaryimage"},"thumbnailUrl":"https:\/\/www.smedemokrati.sk\/wp-content\/uploads\/2025\/06\/vlecu-sa-ako-slimaky.jpg","articleSection":["Tla\u010dov\u00e9 spr\u00e1vy"],"inLanguage":"en-US"},{"@type":"WebPage","@id":"https:\/\/www.smedemokrati.sk\/vlada-plni-plan-obnovy-pomaly-ohrozene-su-miliardy\/","url":"https:\/\/www.smedemokrati.sk\/vlada-plni-plan-obnovy-pomaly-ohrozene-su-miliardy\/","name":"Vl\u00e1da pln\u00ed Pl\u00e1n obnovy pomaly, ohrozen\u00e9 s\u00fa miliardy","isPartOf":{"@id":"https:\/\/www.smedemokrati.sk\/#website"},"primaryImageOfPage":{"@id":"https:\/\/www.smedemokrati.sk\/vlada-plni-plan-obnovy-pomaly-ohrozene-su-miliardy\/#primaryimage"},"image":{"@id":"https:\/\/www.smedemokrati.sk\/vlada-plni-plan-obnovy-pomaly-ohrozene-su-miliardy\/#primaryimage"},"thumbnailUrl":"https:\/\/www.smedemokrati.sk\/wp-content\/uploads\/2025\/06\/vlecu-sa-ako-slimaky.jpg","datePublished":"2025-06-26T14:12:07+00:00","dateModified":"2025-06-26T14:12:10+00:00","breadcrumb":{"@id":"https:\/\/www.smedemokrati.sk\/vlada-plni-plan-obnovy-pomaly-ohrozene-su-miliardy\/#breadcrumb"},"inLanguage":"en-US","potentialAction":[{"@type":"ReadAction","target":["https:\/\/www.smedemokrati.sk\/vlada-plni-plan-obnovy-pomaly-ohrozene-su-miliardy\/"]}]},{"@type":"ImageObject","inLanguage":"en-US","@id":"https:\/\/www.smedemokrati.sk\/vlada-plni-plan-obnovy-pomaly-ohrozene-su-miliardy\/#primaryimage","url":"https:\/\/www.smedemokrati.sk\/wp-content\/uploads\/2025\/06\/vlecu-sa-ako-slimaky.jpg","contentUrl":"https:\/\/www.smedemokrati.sk\/wp-content\/uploads\/2025\/06\/vlecu-sa-ako-slimaky.jpg","width":2266,"height":1423},{"@type":"BreadcrumbList","@id":"https:\/\/www.smedemokrati.sk\/vlada-plni-plan-obnovy-pomaly-ohrozene-su-miliardy\/#breadcrumb","itemListElement":[{"@type":"ListItem","position":1,"name":"Domovsk\u00e1 str\u00e1nka","item":"https:\/\/www.smedemokrati.sk\/"},{"@type":"ListItem","position":2,"name":"Vl\u00e1da pln\u00ed Pl\u00e1n obnovy pomaly, ohrozen\u00e9 s\u00fa miliardy"}]},{"@type":"WebSite","@id":"https:\/\/www.smedemokrati.sk\/#website","url":"https:\/\/www.smedemokrati.sk\/","name":"Smedemokrati.sk","description":"Demokracia a slu\u0161nos\u0165 zv\u00ed\u0165az\u00ed","publisher":{"@id":"https:\/\/www.smedemokrati.sk\/#organization"},"potentialAction":[{"@type":"SearchAction","target":{"@type":"EntryPoint","urlTemplate":"https:\/\/www.smedemokrati.sk\/?s={search_term_string}"},"query-input":{"@type":"PropertyValueSpecification","valueRequired":true,"valueName":"search_term_string"}}],"inLanguage":"en-US"},{"@type":"Organization","@id":"https:\/\/www.smedemokrati.sk\/#organization","name":"Smedemokrati.sk","url":"https:\/\/www.smedemokrati.sk\/","logo":{"@type":"ImageObject","inLanguage":"en-US","@id":"https:\/\/www.smedemokrati.sk\/#\/schema\/logo\/image\/","url":"https:\/\/www.smedemokrati.sk\/wp-content\/uploads\/2023\/04\/ff.002.jpeg","contentUrl":"https:\/\/www.smedemokrati.sk\/wp-content\/uploads\/2023\/04\/ff.002.jpeg","width":640,"height":480,"caption":"Smedemokrati.sk"},"image":{"@id":"https:\/\/www.smedemokrati.sk\/#\/schema\/logo\/image\/"},"sameAs":["https:\/\/www.facebook.com\/smedemokrati2023"]},{"@type":"Person","@id":"https:\/\/www.smedemokrati.sk\/#\/schema\/person\/21f147c88d605aa7ded900e1e7c344ba","name":"miro.sopko","image":{"@type":"ImageObject","inLanguage":"en-US","@id":"https:\/\/secure.gravatar.com\/avatar\/267e4a36f704376c109afe3a78740c1f5dd8675a2180a908699e7863c9247606?s=96&d=mm&r=g","url":"https:\/\/secure.gravatar.com\/avatar\/267e4a36f704376c109afe3a78740c1f5dd8675a2180a908699e7863c9247606?s=96&d=mm&r=g","contentUrl":"https:\/\/secure.gravatar.com\/avatar\/267e4a36f704376c109afe3a78740c1f5dd8675a2180a908699e7863c9247606?s=96&d=mm&r=g","caption":"miro.sopko"},"url":"https:\/\/www.smedemokrati.sk\/en\/author\/miro-sopko\/"}]}},"_links":{"self":[{"href":"https:\/\/www.smedemokrati.sk\/en\/wp-json\/wp\/v2\/posts\/7629","targetHints":{"allow":["GET"]}}],"collection":[{"href":"https:\/\/www.smedemokrati.sk\/en\/wp-json\/wp\/v2\/posts"}],"about":[{"href":"https:\/\/www.smedemokrati.sk\/en\/wp-json\/wp\/v2\/types\/post"}],"author":[{"embeddable":true,"href":"https:\/\/www.smedemokrati.sk\/en\/wp-json\/wp\/v2\/users\/13"}],"replies":[{"embeddable":true,"href":"https:\/\/www.smedemokrati.sk\/en\/wp-json\/wp\/v2\/comments?post=7629"}],"version-history":[{"count":1,"href":"https:\/\/www.smedemokrati.sk\/en\/wp-json\/wp\/v2\/posts\/7629\/revisions"}],"predecessor-version":[{"id":7631,"href":"https:\/\/www.smedemokrati.sk\/en\/wp-json\/wp\/v2\/posts\/7629\/revisions\/7631"}],"wp:featuredmedia":[{"embeddable":true,"href":"https:\/\/www.smedemokrati.sk\/en\/wp-json\/wp\/v2\/media\/7630"}],"wp:attachment":[{"href":"https:\/\/www.smedemokrati.sk\/en\/wp-json\/wp\/v2\/media?parent=7629"}],"wp:term":[{"taxonomy":"category","embeddable":true,"href":"https:\/\/www.smedemokrati.sk\/en\/wp-json\/wp\/v2\/categories?post=7629"},{"taxonomy":"post_tag","embeddable":true,"href":"https:\/\/www.smedemokrati.sk\/en\/wp-json\/wp\/v2\/tags?post=7629"}],"curies":[{"name":"wp","href":"https:\/\/api.w.org\/{rel}","templated":true}]}}