{"id":7617,"date":"2025-06-24T18:18:58","date_gmt":"2025-06-24T17:18:58","guid":{"rendered":"https:\/\/www.smedemokrati.sk\/?p=7617"},"modified":"2025-06-25T05:03:21","modified_gmt":"2025-06-25T04:03:21","slug":"ficov-kontrolny-den-na-mzp-plny-klamstiev","status":"publish","type":"post","link":"https:\/\/www.smedemokrati.sk\/en\/ficov-kontrolny-den-na-mzp-plny-klamstiev\/","title":{"rendered":"Ficov kontroln\u00fd de\u0148 na M\u017dP pln\u00fd klamstiev"},"content":{"rendered":"<div id=\"fb-root\"><\/div>\n\n<p><strong>Strana Demokrati pova\u017euje dne\u0161n\u00fd kontroln\u00fd de\u0148 Roberta Fica u Tarabu za jedno z najabsurdnej\u0161\u00edch politick\u00fdch divadiel za mimoriadne dlh\u00e9 obdobie. Tarabovi s Ficom dod\u00e1vame 26 odborne vyargumentovan\u00fdch najz\u00e1va\u017enej\u0161\u00edch zlyhan\u00ed v oblasti \u017eivotn\u00e9ho prostredia, ktor\u00e9 za necel\u00e9 dva roky sp\u00f4sobil, osobitne v \u010derpan\u00ed eurofondov, budovan\u00ed vodovodov a kanaliz\u00e1ci\u00ed, drancovan\u00ed pr\u00edrody a person\u00e1lnej devast\u00e1cie rezortu. Jedin\u00e9, \u010do sa Tarabovi podarilo, je vytrval\u00e9 krytie papal\u00e1\u0161skych manierov rodiny Kuffovcov. A dnes naviac naplno vypukla najv\u00e4\u010d\u0161ia kauza v rezorte &#8211; utajovan\u00e9 a nev\u00fdhodn\u00e9 odovzdanie gab\u010d\u00edkovskej elektriny Ma\u010farsku.<\/strong><\/p>\n\n\n\n<p>Utajovanie de facto bezplatn\u00e9ho odovzdania energie z Gab\u010d\u00edkova Ma\u010farsku pova\u017eujeme za neakceptovate\u013en\u00e9. <em>\u201eK\u00fdm Fico hovor\u00ed, \u017ee sme e\u0161te \u010faleko od rie\u0161enia sporu s Ma\u010farskom, Taraba tvrd\u00ed, \u017ee skoro v\u0161etko je dohodnut\u00e9. Taraba nielen\u017ee nijako vecne nevyvr\u00e1til obavy Demokratov zalo\u017een\u00e9 na d\u00f4veryhodn\u00fdch zdrojoch, ale naopak, de facto potvrdil, \u017ee v hre je neod\u00f4vodnen\u00e9 a pre Slovensko maxim\u00e1lne nev\u00fdhodn\u00e9 uzavretie sporu, na ktor\u00e9 doplatia spotrebitelia elektriny na Slovensku,\u201d<\/em> uv\u00e1dza Michal Ki\u010da, enviroexpert Demokratov. <\/p>\n\n\n\n<p><em>\u201eJedin\u00e9, na \u010do m\u00f4\u017ee by\u0165 Taraba &#8220;hrd\u00fd&#8221;, je udr\u017eanie Kuffovcov vo funkcii napriek ich otrasn\u00fdm papal\u00e1\u0161skym manierom, zvedenie hrdinsk\u00e9ho z\u00e1pasu s Huliakom o udr\u017eanie ministerstva, ktor\u00fdm len potvrdil, \u017ee im od za\u010diatku \u0161lo len o politick\u00fd vplyv v rezorte a nev\u00eddan\u00e1 stran\u00edcka koloniz\u00e1cia rezortu pre \u013eud\u00ed z SNS. Je pred nami e\u0161te ve\u013ea pr\u00e1ce, ale Demokrati maj\u00fa odborn\u00fd t\u00edm a rie\u0161enia, ako napravi\u0165 aj tento kolaps envirorezortu, ktor\u00fd nem\u00e1 v dejin\u00e1ch Slovenska obdobu,\u201d<\/em> povedal Michal Ki\u010da.<\/p>\n\n\n\n<p><em>\u201ePremi\u00e9rovi Ficovi a ministrovi Tarabovi pripom\u00edname zlyhania, ktor\u00fdmi sa dnes pochopite\u013ene nepochv\u00e1lil, ale na ktor\u00e9 doplatia najm\u00e4 ob\u010dania Slovenska,\u201d <\/em>uv\u00e1dza Ki\u010da a vymen\u00fava:<\/p>\n\n\n\n<ul class=\"wp-block-list\">\n<li>strata 300 mil. eur z pl\u00e1nu obnovy, ktor\u00e9 mohli \u00eds\u0165 na zatep\u013eovanie domov,<\/li>\n\n\n\n<li>hrozba straty 1,4 mld. eur zo Soci\u00e1lno-klimatick\u00e9ho fondu, ktor\u00e9 m\u00f4\u017ee \u00eds\u0165 na zatep\u013eovanie desiatok tis\u00edc domov,<\/li>\n\n\n\n<li>person\u00e1lny kolaps rezortu, ktor\u00fd bude u\u017e len ve\u013emi \u0165a\u017eko napravite\u013en\u00fd,<\/li>\n\n\n\n<li>3. najpomal\u0161ie \u010derpanie spomedzi rezortov, \u010do potvrdil vl\u00e1dny materi\u00e1l z minul\u00e9ho t\u00fd\u017ed\u0148a, samotn\u00fd minister Kamenick\u00fd upozornil v marci Tarabu, \u017ee stav eurofondov v rezorte je najhor\u0161\u00ed v porovnan\u00ed s dvoma predch\u00e1dzaj\u00facimi obdobiami a pri vodovodoch a kanaliz\u00e1ci\u00e1ch sa realizuj\u00fa najm\u00e4 projekty pripraven\u00e9 v na\u0161om obodb\u00ed,<\/li>\n\n\n\n<li>Taraba zlyhal pri v\u00fdmene turb\u00edn v Gab\u010d\u00edkove, \u010do mala by\u0165 kr\u00e1tkodob\u00e1 priorita vl\u00e1dy, s\u00e1m ale s hanbou zru\u0161il svoje vlastn\u00e9 verejn\u00e9 obstar\u00e1vanie,<\/li>\n\n\n\n<li>zon\u00e1cie n\u00e1rodn\u00fdch parkov v trosk\u00e1ch, t\u00e1 najikonickej\u0161ia, Tatransk\u00fd n\u00e1rodn\u00fd park, bola ozna\u010den\u00e1 prokurat\u00farou za nez\u00e1konn\u00fa,<\/li>\n\n\n\n<li>zru\u0161enie projektov na rie\u0161enie kvality ovzdu\u0161ia, osobitne v Jel\u0161ave, a absol\u00fatna pasivita pri rie\u0161en\u00ed kvality ovzdu\u0161ia na Slovensku,<\/li>\n\n\n\n<li>chaos a nekompetentn\u00e9 rie\u0161enia spolu\u017eitia \u010dloveka s medve\u010fom (historicky najviac \u00famrt\u00ed za jeho p\u00f4sobenia), rezign\u00e1cia na ak\u00fako\u013evek prevenciu,<\/li>\n\n\n\n<li>z\u00e1kazky pre kamo\u0161a pr\u00e1vnika Podhorsk\u00e9ho za st\u00e1tis\u00edce eur,<\/li>\n\n\n\n<li>\u0161okuj\u00faci odklad dotrie\u010fovania odpadov pred skl\u00e1dkovan\u00edm, ktor\u00fdm oklamal samospr\u00e1vy a zberov\u00e9 spolo\u010dnosti,<\/li>\n\n\n\n<li>kauza M\u00e1linec ako prejav nev\u00eddanej arogancie ministra vo\u010di \u013eu\u010fom v regi\u00f3noch,<\/li>\n\n\n\n<li>neschopnost odvr\u00e1ti\u0165 prehru pred s\u00fadmi E\u00da v kauze hluch\u00e1\u0148 a \u010fal\u0161ie prehrat\u00e9 s\u00fady<\/li>\n\n\n\n<li>vyl\u00fa\u010denie verejnosti z konan\u00ed z procesoch EIA a pod\u013ea z\u00e1kona o ochrane pr\u00edrody, pokia\u013e Fico hovoril o rozostavan\u00ed Slovenska, preva\u017en\u00e1 v\u00e4\u010d\u0161ina n\u00edm spom\u00ednan\u00fdch infa\u0161trukt\u00farnych projektov ide pod\u013ea doteraj\u0161\u00edch predpisov,paral\u00fdza dobrovo\u013enej str\u00e1\u017ee pr\u00edrody,<\/li>\n\n\n\n<li>prakticky \u017eiaden postup pri rie\u0161en\u00ed enviroz\u00e1\u0165a\u017e\u00ed (osobitne poukazujeme na Vraku\u0148u),<\/li>\n\n\n\n<li>k Ficom ohl\u00e1senej legislat\u00edvnej smr\u0161ti uv\u00e1dzame fiasko s Kuffovou novelou z\u00e1kona o ochrane pr\u00edrody,<\/li>\n\n\n\n<li>nerie\u0161enie sucha, pri\u010dom to bude tr\u00e1pi\u0165 40 % obyvate\u013eov regi\u00f3nov Slovenska,<\/li>\n\n\n\n<li>ohrozovanie zdrojov pitnej vody, a to pri M\u00e1linci a neodborn\u00fdm n\u00e1vrhom zon\u00e1cie Polon\u00edn,<\/li>\n\n\n\n<li>\u0161kandal\u00f3zne z\u00e1kazky na \u0165a\u017ebu dreva na Mur\u00e1nskej planine, v TANAPe a Ve\u013ekej Fatre za mili\u00f3ny eur,<\/li>\n\n\n\n<li>nerie\u0161enie klimatickej kr\u00edzy napriek upozorneniam NK\u00da,<\/li>\n\n\n\n<li>asistencia pri obnoven\u00ed dovozu r\u00e1dioakt\u00edvnych odpadov na Slovensko za \u00fa\u010delom spa\u013eovania,<\/li>\n\n\n\n<li>biomasaker s v\u00fdrubom drev\u00edn,<\/li>\n\n\n\n<li>snaha o zlikvidovanie z\u00e1lohovania,<\/li>\n\n\n\n<li>strie\u013eanie vlkov a bobrov, od ktor\u00e9ho o\u010dak\u00e1va asi z\u00e1chranu slovensk\u00e9ho vidieka.<\/li>\n<\/ul>\n\n\n\n<p><\/p>\n","protected":false},"excerpt":{"rendered":"<p>Strana Demokrati pova\u017euje dne\u0161n\u00fd kontroln\u00fd de\u0148 Roberta Fica u Tarabu za jedno z najabsurdnej\u0161\u00edch politick\u00fdch divadiel za mimoriadne dlh\u00e9 obdobie. Tarabovi s Ficom dod\u00e1vame 26 odborne vyargumentovan\u00fdch najz\u00e1va\u017enej\u0161\u00edch zlyhan\u00ed v oblasti \u017eivotn\u00e9ho prostredia, ktor\u00e9 za necel\u00e9 dva roky sp\u00f4sobil, osobitne v \u010derpan\u00ed eurofondov, budovan\u00ed vodovodov a kanaliz\u00e1ci\u00ed, drancovan\u00ed pr\u00edrody a person\u00e1lnej devast\u00e1cie rezortu. Jedin\u00e9, \u010do [&hellip;]<\/p>\n","protected":false},"author":13,"featured_media":4207,"comment_status":"closed","ping_status":"closed","sticky":false,"template":"","format":"standard","meta":{"_acf_changed":false,"ngg_post_thumbnail":0,"footnotes":""},"categories":[4],"tags":[],"class_list":["post-7617","post","type-post","status-publish","format-standard","has-post-thumbnail","hentry","category-tlacove-spravy"],"acf":[],"yoast_head":"<!-- This site is optimized with the Yoast SEO plugin v27.2 - https:\/\/yoast.com\/product\/yoast-seo-wordpress\/ -->\n<title>Ficov kontroln\u00fd de\u0148 na M\u017dP pln\u00fd klamstiev<\/title>\n<meta name=\"robots\" content=\"index, follow, max-snippet:-1, max-image-preview:large, max-video-preview:-1\" \/>\n<link rel=\"canonical\" href=\"https:\/\/www.smedemokrati.sk\/en\/ficov-kontrolny-den-na-mzp-plny-klamstiev\/\" \/>\n<meta property=\"og:locale\" content=\"en_US\" \/>\n<meta property=\"og:locale:alternate\" content=\"cs_CZ\" \/>\n<meta property=\"og:locale:alternate\" content=\"hu_HU\" \/>\n<meta property=\"og:locale:alternate\" content=\"sk_SK\" \/>\n<meta property=\"og:locale:alternate\" content=\"sv_SE\" \/>\n<meta property=\"og:type\" content=\"article\" \/>\n<meta property=\"og:title\" content=\"Ficov kontroln\u00fd de\u0148 na M\u017dP pln\u00fd klamstiev\" \/>\n<meta property=\"og:description\" content=\"Strana Demokrati pova\u017euje dne\u0161n\u00fd kontroln\u00fd de\u0148 Roberta Fica u Tarabu za jedno z najabsurdnej\u0161\u00edch politick\u00fdch divadiel za mimoriadne dlh\u00e9 obdobie. Tarabovi s Ficom dod\u00e1vame 26 odborne vyargumentovan\u00fdch najz\u00e1va\u017enej\u0161\u00edch zlyhan\u00ed v oblasti \u017eivotn\u00e9ho prostredia, ktor\u00e9 za necel\u00e9 dva roky sp\u00f4sobil, osobitne v \u010derpan\u00ed eurofondov, budovan\u00ed vodovodov a kanaliz\u00e1ci\u00ed, drancovan\u00ed pr\u00edrody a person\u00e1lnej devast\u00e1cie rezortu. Jedin\u00e9, \u010do [&hellip;]\" \/>\n<meta property=\"og:url\" content=\"https:\/\/www.smedemokrati.sk\/en\/ficov-kontrolny-den-na-mzp-plny-klamstiev\/\" \/>\n<meta property=\"og:site_name\" content=\"Smedemokrati.sk\" \/>\n<meta property=\"article:publisher\" content=\"https:\/\/www.facebook.com\/smedemokrati2023\" \/>\n<meta property=\"article:published_time\" content=\"2025-06-24T17:18:58+00:00\" \/>\n<meta property=\"article:modified_time\" content=\"2025-06-25T04:03:21+00:00\" \/>\n<meta property=\"og:image\" content=\"https:\/\/www.smedemokrati.sk\/wp-content\/uploads\/2024\/05\/taraba-amnestia-vyrub.jpg\" \/>\n\t<meta property=\"og:image:width\" content=\"1920\" \/>\n\t<meta property=\"og:image:height\" content=\"1271\" \/>\n\t<meta property=\"og:image:type\" content=\"image\/jpeg\" \/>\n<meta name=\"author\" content=\"miro.sopko\" \/>\n<meta name=\"twitter:card\" content=\"summary_large_image\" \/>\n<meta name=\"twitter:label1\" content=\"Written by\" \/>\n\t<meta name=\"twitter:data1\" content=\"miro.sopko\" \/>\n\t<meta name=\"twitter:label2\" content=\"Est. reading time\" \/>\n\t<meta name=\"twitter:data2\" content=\"4 minutes\" \/>\n<script type=\"application\/ld+json\" class=\"yoast-schema-graph\">{\"@context\":\"https:\/\/schema.org\",\"@graph\":[{\"@type\":\"Article\",\"@id\":\"https:\/\/www.smedemokrati.sk\/ficov-kontrolny-den-na-mzp-plny-klamstiev\/#article\",\"isPartOf\":{\"@id\":\"https:\/\/www.smedemokrati.sk\/ficov-kontrolny-den-na-mzp-plny-klamstiev\/\"},\"author\":{\"name\":\"miro.sopko\",\"@id\":\"https:\/\/www.smedemokrati.sk\/#\/schema\/person\/21f147c88d605aa7ded900e1e7c344ba\"},\"headline\":\"Ficov kontroln\u00fd de\u0148 na M\u017dP pln\u00fd klamstiev\",\"datePublished\":\"2025-06-24T17:18:58+00:00\",\"dateModified\":\"2025-06-25T04:03:21+00:00\",\"mainEntityOfPage\":{\"@id\":\"https:\/\/www.smedemokrati.sk\/ficov-kontrolny-den-na-mzp-plny-klamstiev\/\"},\"wordCount\":789,\"publisher\":{\"@id\":\"https:\/\/www.smedemokrati.sk\/#organization\"},\"image\":{\"@id\":\"https:\/\/www.smedemokrati.sk\/ficov-kontrolny-den-na-mzp-plny-klamstiev\/#primaryimage\"},\"thumbnailUrl\":\"https:\/\/www.smedemokrati.sk\/wp-content\/uploads\/2024\/05\/taraba-amnestia-vyrub.jpg\",\"articleSection\":[\"Tla\u010dov\u00e9 spr\u00e1vy\"],\"inLanguage\":\"en-US\"},{\"@type\":\"WebPage\",\"@id\":\"https:\/\/www.smedemokrati.sk\/ficov-kontrolny-den-na-mzp-plny-klamstiev\/\",\"url\":\"https:\/\/www.smedemokrati.sk\/ficov-kontrolny-den-na-mzp-plny-klamstiev\/\",\"name\":\"Ficov kontroln\u00fd de\u0148 na M\u017dP pln\u00fd klamstiev\",\"isPartOf\":{\"@id\":\"https:\/\/www.smedemokrati.sk\/#website\"},\"primaryImageOfPage\":{\"@id\":\"https:\/\/www.smedemokrati.sk\/ficov-kontrolny-den-na-mzp-plny-klamstiev\/#primaryimage\"},\"image\":{\"@id\":\"https:\/\/www.smedemokrati.sk\/ficov-kontrolny-den-na-mzp-plny-klamstiev\/#primaryimage\"},\"thumbnailUrl\":\"https:\/\/www.smedemokrati.sk\/wp-content\/uploads\/2024\/05\/taraba-amnestia-vyrub.jpg\",\"datePublished\":\"2025-06-24T17:18:58+00:00\",\"dateModified\":\"2025-06-25T04:03:21+00:00\",\"breadcrumb\":{\"@id\":\"https:\/\/www.smedemokrati.sk\/ficov-kontrolny-den-na-mzp-plny-klamstiev\/#breadcrumb\"},\"inLanguage\":\"en-US\",\"potentialAction\":[{\"@type\":\"ReadAction\",\"target\":[\"https:\/\/www.smedemokrati.sk\/ficov-kontrolny-den-na-mzp-plny-klamstiev\/\"]}]},{\"@type\":\"ImageObject\",\"inLanguage\":\"en-US\",\"@id\":\"https:\/\/www.smedemokrati.sk\/ficov-kontrolny-den-na-mzp-plny-klamstiev\/#primaryimage\",\"url\":\"https:\/\/www.smedemokrati.sk\/wp-content\/uploads\/2024\/05\/taraba-amnestia-vyrub.jpg\",\"contentUrl\":\"https:\/\/www.smedemokrati.sk\/wp-content\/uploads\/2024\/05\/taraba-amnestia-vyrub.jpg\",\"width\":1920,\"height\":1271},{\"@type\":\"BreadcrumbList\",\"@id\":\"https:\/\/www.smedemokrati.sk\/ficov-kontrolny-den-na-mzp-plny-klamstiev\/#breadcrumb\",\"itemListElement\":[{\"@type\":\"ListItem\",\"position\":1,\"name\":\"Domovsk\u00e1 str\u00e1nka\",\"item\":\"https:\/\/www.smedemokrati.sk\/\"},{\"@type\":\"ListItem\",\"position\":2,\"name\":\"Ficov kontroln\u00fd de\u0148 na M\u017dP pln\u00fd klamstiev\"}]},{\"@type\":\"WebSite\",\"@id\":\"https:\/\/www.smedemokrati.sk\/#website\",\"url\":\"https:\/\/www.smedemokrati.sk\/\",\"name\":\"Smedemokrati.sk\",\"description\":\"Demokracia a slu\u0161nos\u0165 zv\u00ed\u0165az\u00ed\",\"publisher\":{\"@id\":\"https:\/\/www.smedemokrati.sk\/#organization\"},\"potentialAction\":[{\"@type\":\"SearchAction\",\"target\":{\"@type\":\"EntryPoint\",\"urlTemplate\":\"https:\/\/www.smedemokrati.sk\/?s={search_term_string}\"},\"query-input\":{\"@type\":\"PropertyValueSpecification\",\"valueRequired\":true,\"valueName\":\"search_term_string\"}}],\"inLanguage\":\"en-US\"},{\"@type\":\"Organization\",\"@id\":\"https:\/\/www.smedemokrati.sk\/#organization\",\"name\":\"Smedemokrati.sk\",\"url\":\"https:\/\/www.smedemokrati.sk\/\",\"logo\":{\"@type\":\"ImageObject\",\"inLanguage\":\"en-US\",\"@id\":\"https:\/\/www.smedemokrati.sk\/#\/schema\/logo\/image\/\",\"url\":\"https:\/\/www.smedemokrati.sk\/wp-content\/uploads\/2023\/04\/ff.002.jpeg\",\"contentUrl\":\"https:\/\/www.smedemokrati.sk\/wp-content\/uploads\/2023\/04\/ff.002.jpeg\",\"width\":640,\"height\":480,\"caption\":\"Smedemokrati.sk\"},\"image\":{\"@id\":\"https:\/\/www.smedemokrati.sk\/#\/schema\/logo\/image\/\"},\"sameAs\":[\"https:\/\/www.facebook.com\/smedemokrati2023\"]},{\"@type\":\"Person\",\"@id\":\"https:\/\/www.smedemokrati.sk\/#\/schema\/person\/21f147c88d605aa7ded900e1e7c344ba\",\"name\":\"miro.sopko\",\"image\":{\"@type\":\"ImageObject\",\"inLanguage\":\"en-US\",\"@id\":\"https:\/\/secure.gravatar.com\/avatar\/267e4a36f704376c109afe3a78740c1f5dd8675a2180a908699e7863c9247606?s=96&d=mm&r=g\",\"url\":\"https:\/\/secure.gravatar.com\/avatar\/267e4a36f704376c109afe3a78740c1f5dd8675a2180a908699e7863c9247606?s=96&d=mm&r=g\",\"contentUrl\":\"https:\/\/secure.gravatar.com\/avatar\/267e4a36f704376c109afe3a78740c1f5dd8675a2180a908699e7863c9247606?s=96&d=mm&r=g\",\"caption\":\"miro.sopko\"},\"url\":\"https:\/\/www.smedemokrati.sk\/en\/author\/miro-sopko\/\"}]}<\/script>\n<!-- \/ Yoast SEO plugin. -->","yoast_head_json":{"title":"Ficov kontroln\u00fd de\u0148 na M\u017dP pln\u00fd klamstiev","robots":{"index":"index","follow":"follow","max-snippet":"max-snippet:-1","max-image-preview":"max-image-preview:large","max-video-preview":"max-video-preview:-1"},"canonical":"https:\/\/www.smedemokrati.sk\/en\/ficov-kontrolny-den-na-mzp-plny-klamstiev\/","og_locale":"en_US","og_type":"article","og_title":"[:sk]Ficov kontroln\u00fd de\u0148 na M\u017dP pln\u00fd klamstiev[:] - Smedemokrati.sk","og_description":"Strana Demokrati pova\u017euje dne\u0161n\u00fd kontroln\u00fd de\u0148 Roberta Fica u Tarabu za jedno z najabsurdnej\u0161\u00edch politick\u00fdch divadiel za mimoriadne dlh\u00e9 obdobie. Tarabovi s Ficom dod\u00e1vame 26 odborne vyargumentovan\u00fdch najz\u00e1va\u017enej\u0161\u00edch zlyhan\u00ed v oblasti \u017eivotn\u00e9ho prostredia, ktor\u00e9 za necel\u00e9 dva roky sp\u00f4sobil, osobitne v \u010derpan\u00ed eurofondov, budovan\u00ed vodovodov a kanaliz\u00e1ci\u00ed, drancovan\u00ed pr\u00edrody a person\u00e1lnej devast\u00e1cie rezortu. Jedin\u00e9, \u010do [&hellip;]","og_url":"https:\/\/www.smedemokrati.sk\/en\/ficov-kontrolny-den-na-mzp-plny-klamstiev\/","og_site_name":"Smedemokrati.sk","article_publisher":"https:\/\/www.facebook.com\/smedemokrati2023","article_published_time":"2025-06-24T17:18:58+00:00","article_modified_time":"2025-06-25T04:03:21+00:00","og_image":[{"width":1920,"height":1271,"url":"https:\/\/www.smedemokrati.sk\/wp-content\/uploads\/2024\/05\/taraba-amnestia-vyrub.jpg","type":"image\/jpeg"}],"author":"miro.sopko","twitter_card":"summary_large_image","twitter_misc":{"Written by":"miro.sopko","Est. reading time":"4 minutes"},"schema":{"@context":"https:\/\/schema.org","@graph":[{"@type":"Article","@id":"https:\/\/www.smedemokrati.sk\/ficov-kontrolny-den-na-mzp-plny-klamstiev\/#article","isPartOf":{"@id":"https:\/\/www.smedemokrati.sk\/ficov-kontrolny-den-na-mzp-plny-klamstiev\/"},"author":{"name":"miro.sopko","@id":"https:\/\/www.smedemokrati.sk\/#\/schema\/person\/21f147c88d605aa7ded900e1e7c344ba"},"headline":"Ficov kontroln\u00fd de\u0148 na M\u017dP pln\u00fd klamstiev","datePublished":"2025-06-24T17:18:58+00:00","dateModified":"2025-06-25T04:03:21+00:00","mainEntityOfPage":{"@id":"https:\/\/www.smedemokrati.sk\/ficov-kontrolny-den-na-mzp-plny-klamstiev\/"},"wordCount":789,"publisher":{"@id":"https:\/\/www.smedemokrati.sk\/#organization"},"image":{"@id":"https:\/\/www.smedemokrati.sk\/ficov-kontrolny-den-na-mzp-plny-klamstiev\/#primaryimage"},"thumbnailUrl":"https:\/\/www.smedemokrati.sk\/wp-content\/uploads\/2024\/05\/taraba-amnestia-vyrub.jpg","articleSection":["Tla\u010dov\u00e9 spr\u00e1vy"],"inLanguage":"en-US"},{"@type":"WebPage","@id":"https:\/\/www.smedemokrati.sk\/ficov-kontrolny-den-na-mzp-plny-klamstiev\/","url":"https:\/\/www.smedemokrati.sk\/ficov-kontrolny-den-na-mzp-plny-klamstiev\/","name":"Ficov kontroln\u00fd de\u0148 na M\u017dP pln\u00fd klamstiev","isPartOf":{"@id":"https:\/\/www.smedemokrati.sk\/#website"},"primaryImageOfPage":{"@id":"https:\/\/www.smedemokrati.sk\/ficov-kontrolny-den-na-mzp-plny-klamstiev\/#primaryimage"},"image":{"@id":"https:\/\/www.smedemokrati.sk\/ficov-kontrolny-den-na-mzp-plny-klamstiev\/#primaryimage"},"thumbnailUrl":"https:\/\/www.smedemokrati.sk\/wp-content\/uploads\/2024\/05\/taraba-amnestia-vyrub.jpg","datePublished":"2025-06-24T17:18:58+00:00","dateModified":"2025-06-25T04:03:21+00:00","breadcrumb":{"@id":"https:\/\/www.smedemokrati.sk\/ficov-kontrolny-den-na-mzp-plny-klamstiev\/#breadcrumb"},"inLanguage":"en-US","potentialAction":[{"@type":"ReadAction","target":["https:\/\/www.smedemokrati.sk\/ficov-kontrolny-den-na-mzp-plny-klamstiev\/"]}]},{"@type":"ImageObject","inLanguage":"en-US","@id":"https:\/\/www.smedemokrati.sk\/ficov-kontrolny-den-na-mzp-plny-klamstiev\/#primaryimage","url":"https:\/\/www.smedemokrati.sk\/wp-content\/uploads\/2024\/05\/taraba-amnestia-vyrub.jpg","contentUrl":"https:\/\/www.smedemokrati.sk\/wp-content\/uploads\/2024\/05\/taraba-amnestia-vyrub.jpg","width":1920,"height":1271},{"@type":"BreadcrumbList","@id":"https:\/\/www.smedemokrati.sk\/ficov-kontrolny-den-na-mzp-plny-klamstiev\/#breadcrumb","itemListElement":[{"@type":"ListItem","position":1,"name":"Domovsk\u00e1 str\u00e1nka","item":"https:\/\/www.smedemokrati.sk\/"},{"@type":"ListItem","position":2,"name":"Ficov kontroln\u00fd de\u0148 na M\u017dP pln\u00fd klamstiev"}]},{"@type":"WebSite","@id":"https:\/\/www.smedemokrati.sk\/#website","url":"https:\/\/www.smedemokrati.sk\/","name":"Smedemokrati.sk","description":"Demokracia a slu\u0161nos\u0165 zv\u00ed\u0165az\u00ed","publisher":{"@id":"https:\/\/www.smedemokrati.sk\/#organization"},"potentialAction":[{"@type":"SearchAction","target":{"@type":"EntryPoint","urlTemplate":"https:\/\/www.smedemokrati.sk\/?s={search_term_string}"},"query-input":{"@type":"PropertyValueSpecification","valueRequired":true,"valueName":"search_term_string"}}],"inLanguage":"en-US"},{"@type":"Organization","@id":"https:\/\/www.smedemokrati.sk\/#organization","name":"Smedemokrati.sk","url":"https:\/\/www.smedemokrati.sk\/","logo":{"@type":"ImageObject","inLanguage":"en-US","@id":"https:\/\/www.smedemokrati.sk\/#\/schema\/logo\/image\/","url":"https:\/\/www.smedemokrati.sk\/wp-content\/uploads\/2023\/04\/ff.002.jpeg","contentUrl":"https:\/\/www.smedemokrati.sk\/wp-content\/uploads\/2023\/04\/ff.002.jpeg","width":640,"height":480,"caption":"Smedemokrati.sk"},"image":{"@id":"https:\/\/www.smedemokrati.sk\/#\/schema\/logo\/image\/"},"sameAs":["https:\/\/www.facebook.com\/smedemokrati2023"]},{"@type":"Person","@id":"https:\/\/www.smedemokrati.sk\/#\/schema\/person\/21f147c88d605aa7ded900e1e7c344ba","name":"miro.sopko","image":{"@type":"ImageObject","inLanguage":"en-US","@id":"https:\/\/secure.gravatar.com\/avatar\/267e4a36f704376c109afe3a78740c1f5dd8675a2180a908699e7863c9247606?s=96&d=mm&r=g","url":"https:\/\/secure.gravatar.com\/avatar\/267e4a36f704376c109afe3a78740c1f5dd8675a2180a908699e7863c9247606?s=96&d=mm&r=g","contentUrl":"https:\/\/secure.gravatar.com\/avatar\/267e4a36f704376c109afe3a78740c1f5dd8675a2180a908699e7863c9247606?s=96&d=mm&r=g","caption":"miro.sopko"},"url":"https:\/\/www.smedemokrati.sk\/en\/author\/miro-sopko\/"}]}},"_links":{"self":[{"href":"https:\/\/www.smedemokrati.sk\/en\/wp-json\/wp\/v2\/posts\/7617","targetHints":{"allow":["GET"]}}],"collection":[{"href":"https:\/\/www.smedemokrati.sk\/en\/wp-json\/wp\/v2\/posts"}],"about":[{"href":"https:\/\/www.smedemokrati.sk\/en\/wp-json\/wp\/v2\/types\/post"}],"author":[{"embeddable":true,"href":"https:\/\/www.smedemokrati.sk\/en\/wp-json\/wp\/v2\/users\/13"}],"replies":[{"embeddable":true,"href":"https:\/\/www.smedemokrati.sk\/en\/wp-json\/wp\/v2\/comments?post=7617"}],"version-history":[{"count":1,"href":"https:\/\/www.smedemokrati.sk\/en\/wp-json\/wp\/v2\/posts\/7617\/revisions"}],"predecessor-version":[{"id":7618,"href":"https:\/\/www.smedemokrati.sk\/en\/wp-json\/wp\/v2\/posts\/7617\/revisions\/7618"}],"wp:featuredmedia":[{"embeddable":true,"href":"https:\/\/www.smedemokrati.sk\/en\/wp-json\/wp\/v2\/media\/4207"}],"wp:attachment":[{"href":"https:\/\/www.smedemokrati.sk\/en\/wp-json\/wp\/v2\/media?parent=7617"}],"wp:term":[{"taxonomy":"category","embeddable":true,"href":"https:\/\/www.smedemokrati.sk\/en\/wp-json\/wp\/v2\/categories?post=7617"},{"taxonomy":"post_tag","embeddable":true,"href":"https:\/\/www.smedemokrati.sk\/en\/wp-json\/wp\/v2\/tags?post=7617"}],"curies":[{"name":"wp","href":"https:\/\/api.w.org\/{rel}","templated":true}]}}