{"id":7582,"date":"2025-06-20T16:36:10","date_gmt":"2025-06-20T15:36:10","guid":{"rendered":"https:\/\/www.smedemokrati.sk\/?p=7582"},"modified":"2025-06-20T16:36:31","modified_gmt":"2025-06-20T15:36:31","slug":"reakcia-na-tk-ministerky-sakovej","status":"publish","type":"post","link":"https:\/\/www.smedemokrati.sk\/en\/reakcia-na-tk-ministerky-sakovej\/","title":{"rendered":"Reakcia na TK ministerky Sakovej"},"content":{"rendered":"<div id=\"fb-root\"><\/div>\n\n<p>Exminister Karel Hirman:\u00a0<em>\u201eMinisterka Sakov\u00e1 usved\u010dila Roberta Fica zo zav\u00e1dzania ke\u010f potvrdila moje slov\u00e1, \u017ee za\u010diatkom tohto roka \u017eiaden plyn z Ruska na na\u0161e \u00fazemie prakticky nepr\u00fadil. Tie\u017e s\u00fahlasila s moj\u00edm tvrden\u00edm, \u017ee z\u00e1soby plynu na Slovensku s\u00fa 10% pod priemerom E\u00da. V neposlednom rade potvrdila, \u017ee rusk\u00fd Gazprom si nepln\u00ed svoje povinnosti a nedod\u00e1va plyn v takom objeme, ako to m\u00e1 uveden\u00e9 v zmluve. Pani ministerka hovorila, \u017ee by ak by sme sa proti tomu za\u010dali br\u00e1ni\u0165, prehrali by sme arbitr\u00e1\u017ene konanie v Rusku. Ale to, pani ministerka, prebieha v Eur\u00f3pe a Slovensko m\u00e1 br\u00e1ni\u0165 svoje z\u00e1ujmy aj s\u00fadne tak, ako to urobilo u\u017e nieko\u013eko kraj\u00edn. Zhrniem to: nem\u00e1me rusk\u00fd plyn, nem\u00e1me arbitr\u00e1\u017e a SPP skupuje za drah\u00e9 peniaze plyn od priekupn\u00edkov.&#8221;<\/em><\/p>\n\n\n\n<figure class=\"wp-block-video\"><video height=\"848\" style=\"aspect-ratio: 480 \/ 848;\" width=\"480\" controls src=\"https:\/\/www.smedemokrati.sk\/wp-content\/uploads\/2025\/06\/E85739EF-847D-4F87-9C93-23A00CAE1DE3.mp4\"><\/video><\/figure>\n","protected":false},"excerpt":{"rendered":"<p>Exminister Karel Hirman:\u00a0\u201eMinisterka Sakov\u00e1 usved\u010dila Roberta Fica zo zav\u00e1dzania ke\u010f potvrdila moje slov\u00e1, \u017ee za\u010diatkom tohto roka \u017eiaden plyn z Ruska na na\u0161e \u00fazemie prakticky nepr\u00fadil. Tie\u017e s\u00fahlasila s moj\u00edm tvrden\u00edm, \u017ee z\u00e1soby plynu na Slovensku s\u00fa 10% pod priemerom E\u00da. V neposlednom rade potvrdila, \u017ee rusk\u00fd Gazprom si nepln\u00ed svoje povinnosti a nedod\u00e1va plyn [&hellip;]<\/p>\n","protected":false},"author":13,"featured_media":394,"comment_status":"closed","ping_status":"closed","sticky":false,"template":"","format":"standard","meta":{"_acf_changed":false,"ngg_post_thumbnail":0,"footnotes":""},"categories":[4],"tags":[],"class_list":["post-7582","post","type-post","status-publish","format-standard","has-post-thumbnail","hentry","category-tlacove-spravy"],"acf":[],"yoast_head":"<!-- This site is optimized with the Yoast SEO plugin v27.2 - https:\/\/yoast.com\/product\/yoast-seo-wordpress\/ -->\n<title>Reakcia na TK ministerky Sakovej<\/title>\n<meta name=\"robots\" content=\"index, follow, max-snippet:-1, max-image-preview:large, max-video-preview:-1\" \/>\n<link rel=\"canonical\" href=\"https:\/\/www.smedemokrati.sk\/en\/reakcia-na-tk-ministerky-sakovej\/\" \/>\n<meta property=\"og:locale\" content=\"en_US\" \/>\n<meta property=\"og:locale:alternate\" content=\"cs_CZ\" \/>\n<meta property=\"og:locale:alternate\" content=\"hu_HU\" \/>\n<meta property=\"og:locale:alternate\" content=\"sk_SK\" \/>\n<meta property=\"og:locale:alternate\" content=\"sv_SE\" \/>\n<meta property=\"og:type\" content=\"article\" \/>\n<meta property=\"og:title\" content=\"Reakcia na TK ministerky Sakovej\" \/>\n<meta property=\"og:description\" content=\"Exminister Karel Hirman:\u00a0\u201eMinisterka Sakov\u00e1 usved\u010dila Roberta Fica zo zav\u00e1dzania ke\u010f potvrdila moje slov\u00e1, \u017ee za\u010diatkom tohto roka \u017eiaden plyn z Ruska na na\u0161e \u00fazemie prakticky nepr\u00fadil. Tie\u017e s\u00fahlasila s moj\u00edm tvrden\u00edm, \u017ee z\u00e1soby plynu na Slovensku s\u00fa 10% pod priemerom E\u00da. V neposlednom rade potvrdila, \u017ee rusk\u00fd Gazprom si nepln\u00ed svoje povinnosti a nedod\u00e1va plyn [&hellip;]\" \/>\n<meta property=\"og:url\" content=\"https:\/\/www.smedemokrati.sk\/en\/reakcia-na-tk-ministerky-sakovej\/\" \/>\n<meta property=\"og:site_name\" content=\"Smedemokrati.sk\" \/>\n<meta property=\"article:publisher\" content=\"https:\/\/www.facebook.com\/smedemokrati2023\" \/>\n<meta property=\"article:published_time\" content=\"2025-06-20T15:36:10+00:00\" \/>\n<meta property=\"article:modified_time\" content=\"2025-06-20T15:36:31+00:00\" \/>\n<meta property=\"og:image\" content=\"https:\/\/www.smedemokrati.sk\/wp-content\/uploads\/2023\/03\/KH_web.jpeg\" \/>\n\t<meta property=\"og:image:width\" content=\"1520\" \/>\n\t<meta property=\"og:image:height\" content=\"1080\" \/>\n\t<meta property=\"og:image:type\" content=\"image\/jpeg\" \/>\n<meta name=\"author\" content=\"miro.sopko\" \/>\n<meta name=\"twitter:card\" content=\"summary_large_image\" \/>\n<meta name=\"twitter:label1\" content=\"Written by\" \/>\n\t<meta name=\"twitter:data1\" content=\"miro.sopko\" \/>\n\t<meta name=\"twitter:label2\" content=\"Est. reading time\" \/>\n\t<meta name=\"twitter:data2\" content=\"1 minute\" \/>\n<script type=\"application\/ld+json\" class=\"yoast-schema-graph\">{\"@context\":\"https:\/\/schema.org\",\"@graph\":[{\"@type\":\"Article\",\"@id\":\"https:\/\/www.smedemokrati.sk\/reakcia-na-tk-ministerky-sakovej\/#article\",\"isPartOf\":{\"@id\":\"https:\/\/www.smedemokrati.sk\/reakcia-na-tk-ministerky-sakovej\/\"},\"author\":{\"name\":\"miro.sopko\",\"@id\":\"https:\/\/www.smedemokrati.sk\/#\/schema\/person\/21f147c88d605aa7ded900e1e7c344ba\"},\"headline\":\"Reakcia na TK ministerky Sakovej\",\"datePublished\":\"2025-06-20T15:36:10+00:00\",\"dateModified\":\"2025-06-20T15:36:31+00:00\",\"mainEntityOfPage\":{\"@id\":\"https:\/\/www.smedemokrati.sk\/reakcia-na-tk-ministerky-sakovej\/\"},\"wordCount\":151,\"publisher\":{\"@id\":\"https:\/\/www.smedemokrati.sk\/#organization\"},\"image\":{\"@id\":\"https:\/\/www.smedemokrati.sk\/reakcia-na-tk-ministerky-sakovej\/#primaryimage\"},\"thumbnailUrl\":\"https:\/\/www.smedemokrati.sk\/wp-content\/uploads\/2023\/03\/KH_web.jpeg\",\"articleSection\":[\"Tla\u010dov\u00e9 spr\u00e1vy\"],\"inLanguage\":\"en-US\"},{\"@type\":\"WebPage\",\"@id\":\"https:\/\/www.smedemokrati.sk\/reakcia-na-tk-ministerky-sakovej\/\",\"url\":\"https:\/\/www.smedemokrati.sk\/reakcia-na-tk-ministerky-sakovej\/\",\"name\":\"Reakcia na TK ministerky Sakovej\",\"isPartOf\":{\"@id\":\"https:\/\/www.smedemokrati.sk\/#website\"},\"primaryImageOfPage\":{\"@id\":\"https:\/\/www.smedemokrati.sk\/reakcia-na-tk-ministerky-sakovej\/#primaryimage\"},\"image\":{\"@id\":\"https:\/\/www.smedemokrati.sk\/reakcia-na-tk-ministerky-sakovej\/#primaryimage\"},\"thumbnailUrl\":\"https:\/\/www.smedemokrati.sk\/wp-content\/uploads\/2023\/03\/KH_web.jpeg\",\"datePublished\":\"2025-06-20T15:36:10+00:00\",\"dateModified\":\"2025-06-20T15:36:31+00:00\",\"breadcrumb\":{\"@id\":\"https:\/\/www.smedemokrati.sk\/reakcia-na-tk-ministerky-sakovej\/#breadcrumb\"},\"inLanguage\":\"en-US\",\"potentialAction\":[{\"@type\":\"ReadAction\",\"target\":[\"https:\/\/www.smedemokrati.sk\/reakcia-na-tk-ministerky-sakovej\/\"]}]},{\"@type\":\"ImageObject\",\"inLanguage\":\"en-US\",\"@id\":\"https:\/\/www.smedemokrati.sk\/reakcia-na-tk-ministerky-sakovej\/#primaryimage\",\"url\":\"https:\/\/www.smedemokrati.sk\/wp-content\/uploads\/2023\/03\/KH_web.jpeg\",\"contentUrl\":\"https:\/\/www.smedemokrati.sk\/wp-content\/uploads\/2023\/03\/KH_web.jpeg\",\"width\":1520,\"height\":1080},{\"@type\":\"BreadcrumbList\",\"@id\":\"https:\/\/www.smedemokrati.sk\/reakcia-na-tk-ministerky-sakovej\/#breadcrumb\",\"itemListElement\":[{\"@type\":\"ListItem\",\"position\":1,\"name\":\"Domovsk\u00e1 str\u00e1nka\",\"item\":\"https:\/\/www.smedemokrati.sk\/\"},{\"@type\":\"ListItem\",\"position\":2,\"name\":\"Reakcia na TK ministerky Sakovej\"}]},{\"@type\":\"WebSite\",\"@id\":\"https:\/\/www.smedemokrati.sk\/#website\",\"url\":\"https:\/\/www.smedemokrati.sk\/\",\"name\":\"Smedemokrati.sk\",\"description\":\"Demokracia a slu\u0161nos\u0165 zv\u00ed\u0165az\u00ed\",\"publisher\":{\"@id\":\"https:\/\/www.smedemokrati.sk\/#organization\"},\"potentialAction\":[{\"@type\":\"SearchAction\",\"target\":{\"@type\":\"EntryPoint\",\"urlTemplate\":\"https:\/\/www.smedemokrati.sk\/?s={search_term_string}\"},\"query-input\":{\"@type\":\"PropertyValueSpecification\",\"valueRequired\":true,\"valueName\":\"search_term_string\"}}],\"inLanguage\":\"en-US\"},{\"@type\":\"Organization\",\"@id\":\"https:\/\/www.smedemokrati.sk\/#organization\",\"name\":\"Smedemokrati.sk\",\"url\":\"https:\/\/www.smedemokrati.sk\/\",\"logo\":{\"@type\":\"ImageObject\",\"inLanguage\":\"en-US\",\"@id\":\"https:\/\/www.smedemokrati.sk\/#\/schema\/logo\/image\/\",\"url\":\"https:\/\/www.smedemokrati.sk\/wp-content\/uploads\/2023\/04\/ff.002.jpeg\",\"contentUrl\":\"https:\/\/www.smedemokrati.sk\/wp-content\/uploads\/2023\/04\/ff.002.jpeg\",\"width\":640,\"height\":480,\"caption\":\"Smedemokrati.sk\"},\"image\":{\"@id\":\"https:\/\/www.smedemokrati.sk\/#\/schema\/logo\/image\/\"},\"sameAs\":[\"https:\/\/www.facebook.com\/smedemokrati2023\"]},{\"@type\":\"Person\",\"@id\":\"https:\/\/www.smedemokrati.sk\/#\/schema\/person\/21f147c88d605aa7ded900e1e7c344ba\",\"name\":\"miro.sopko\",\"image\":{\"@type\":\"ImageObject\",\"inLanguage\":\"en-US\",\"@id\":\"https:\/\/secure.gravatar.com\/avatar\/267e4a36f704376c109afe3a78740c1f5dd8675a2180a908699e7863c9247606?s=96&d=mm&r=g\",\"url\":\"https:\/\/secure.gravatar.com\/avatar\/267e4a36f704376c109afe3a78740c1f5dd8675a2180a908699e7863c9247606?s=96&d=mm&r=g\",\"contentUrl\":\"https:\/\/secure.gravatar.com\/avatar\/267e4a36f704376c109afe3a78740c1f5dd8675a2180a908699e7863c9247606?s=96&d=mm&r=g\",\"caption\":\"miro.sopko\"},\"url\":\"https:\/\/www.smedemokrati.sk\/en\/author\/miro-sopko\/\"}]}<\/script>\n<!-- \/ Yoast SEO plugin. -->","yoast_head_json":{"title":"Reakcia na TK ministerky Sakovej","robots":{"index":"index","follow":"follow","max-snippet":"max-snippet:-1","max-image-preview":"max-image-preview:large","max-video-preview":"max-video-preview:-1"},"canonical":"https:\/\/www.smedemokrati.sk\/en\/reakcia-na-tk-ministerky-sakovej\/","og_locale":"en_US","og_type":"article","og_title":"[:sk]Reakcia na TK ministerky Sakovej[:] - Smedemokrati.sk","og_description":"Exminister Karel Hirman:\u00a0\u201eMinisterka Sakov\u00e1 usved\u010dila Roberta Fica zo zav\u00e1dzania ke\u010f potvrdila moje slov\u00e1, \u017ee za\u010diatkom tohto roka \u017eiaden plyn z Ruska na na\u0161e \u00fazemie prakticky nepr\u00fadil. Tie\u017e s\u00fahlasila s moj\u00edm tvrden\u00edm, \u017ee z\u00e1soby plynu na Slovensku s\u00fa 10% pod priemerom E\u00da. V neposlednom rade potvrdila, \u017ee rusk\u00fd Gazprom si nepln\u00ed svoje povinnosti a nedod\u00e1va plyn [&hellip;]","og_url":"https:\/\/www.smedemokrati.sk\/en\/reakcia-na-tk-ministerky-sakovej\/","og_site_name":"Smedemokrati.sk","article_publisher":"https:\/\/www.facebook.com\/smedemokrati2023","article_published_time":"2025-06-20T15:36:10+00:00","article_modified_time":"2025-06-20T15:36:31+00:00","og_image":[{"width":1520,"height":1080,"url":"https:\/\/www.smedemokrati.sk\/wp-content\/uploads\/2023\/03\/KH_web.jpeg","type":"image\/jpeg"}],"author":"miro.sopko","twitter_card":"summary_large_image","twitter_misc":{"Written by":"miro.sopko","Est. reading time":"1 minute"},"schema":{"@context":"https:\/\/schema.org","@graph":[{"@type":"Article","@id":"https:\/\/www.smedemokrati.sk\/reakcia-na-tk-ministerky-sakovej\/#article","isPartOf":{"@id":"https:\/\/www.smedemokrati.sk\/reakcia-na-tk-ministerky-sakovej\/"},"author":{"name":"miro.sopko","@id":"https:\/\/www.smedemokrati.sk\/#\/schema\/person\/21f147c88d605aa7ded900e1e7c344ba"},"headline":"Reakcia na TK ministerky Sakovej","datePublished":"2025-06-20T15:36:10+00:00","dateModified":"2025-06-20T15:36:31+00:00","mainEntityOfPage":{"@id":"https:\/\/www.smedemokrati.sk\/reakcia-na-tk-ministerky-sakovej\/"},"wordCount":151,"publisher":{"@id":"https:\/\/www.smedemokrati.sk\/#organization"},"image":{"@id":"https:\/\/www.smedemokrati.sk\/reakcia-na-tk-ministerky-sakovej\/#primaryimage"},"thumbnailUrl":"https:\/\/www.smedemokrati.sk\/wp-content\/uploads\/2023\/03\/KH_web.jpeg","articleSection":["Tla\u010dov\u00e9 spr\u00e1vy"],"inLanguage":"en-US"},{"@type":"WebPage","@id":"https:\/\/www.smedemokrati.sk\/reakcia-na-tk-ministerky-sakovej\/","url":"https:\/\/www.smedemokrati.sk\/reakcia-na-tk-ministerky-sakovej\/","name":"Reakcia na TK ministerky Sakovej","isPartOf":{"@id":"https:\/\/www.smedemokrati.sk\/#website"},"primaryImageOfPage":{"@id":"https:\/\/www.smedemokrati.sk\/reakcia-na-tk-ministerky-sakovej\/#primaryimage"},"image":{"@id":"https:\/\/www.smedemokrati.sk\/reakcia-na-tk-ministerky-sakovej\/#primaryimage"},"thumbnailUrl":"https:\/\/www.smedemokrati.sk\/wp-content\/uploads\/2023\/03\/KH_web.jpeg","datePublished":"2025-06-20T15:36:10+00:00","dateModified":"2025-06-20T15:36:31+00:00","breadcrumb":{"@id":"https:\/\/www.smedemokrati.sk\/reakcia-na-tk-ministerky-sakovej\/#breadcrumb"},"inLanguage":"en-US","potentialAction":[{"@type":"ReadAction","target":["https:\/\/www.smedemokrati.sk\/reakcia-na-tk-ministerky-sakovej\/"]}]},{"@type":"ImageObject","inLanguage":"en-US","@id":"https:\/\/www.smedemokrati.sk\/reakcia-na-tk-ministerky-sakovej\/#primaryimage","url":"https:\/\/www.smedemokrati.sk\/wp-content\/uploads\/2023\/03\/KH_web.jpeg","contentUrl":"https:\/\/www.smedemokrati.sk\/wp-content\/uploads\/2023\/03\/KH_web.jpeg","width":1520,"height":1080},{"@type":"BreadcrumbList","@id":"https:\/\/www.smedemokrati.sk\/reakcia-na-tk-ministerky-sakovej\/#breadcrumb","itemListElement":[{"@type":"ListItem","position":1,"name":"Domovsk\u00e1 str\u00e1nka","item":"https:\/\/www.smedemokrati.sk\/"},{"@type":"ListItem","position":2,"name":"Reakcia na TK ministerky Sakovej"}]},{"@type":"WebSite","@id":"https:\/\/www.smedemokrati.sk\/#website","url":"https:\/\/www.smedemokrati.sk\/","name":"Smedemokrati.sk","description":"Demokracia a slu\u0161nos\u0165 zv\u00ed\u0165az\u00ed","publisher":{"@id":"https:\/\/www.smedemokrati.sk\/#organization"},"potentialAction":[{"@type":"SearchAction","target":{"@type":"EntryPoint","urlTemplate":"https:\/\/www.smedemokrati.sk\/?s={search_term_string}"},"query-input":{"@type":"PropertyValueSpecification","valueRequired":true,"valueName":"search_term_string"}}],"inLanguage":"en-US"},{"@type":"Organization","@id":"https:\/\/www.smedemokrati.sk\/#organization","name":"Smedemokrati.sk","url":"https:\/\/www.smedemokrati.sk\/","logo":{"@type":"ImageObject","inLanguage":"en-US","@id":"https:\/\/www.smedemokrati.sk\/#\/schema\/logo\/image\/","url":"https:\/\/www.smedemokrati.sk\/wp-content\/uploads\/2023\/04\/ff.002.jpeg","contentUrl":"https:\/\/www.smedemokrati.sk\/wp-content\/uploads\/2023\/04\/ff.002.jpeg","width":640,"height":480,"caption":"Smedemokrati.sk"},"image":{"@id":"https:\/\/www.smedemokrati.sk\/#\/schema\/logo\/image\/"},"sameAs":["https:\/\/www.facebook.com\/smedemokrati2023"]},{"@type":"Person","@id":"https:\/\/www.smedemokrati.sk\/#\/schema\/person\/21f147c88d605aa7ded900e1e7c344ba","name":"miro.sopko","image":{"@type":"ImageObject","inLanguage":"en-US","@id":"https:\/\/secure.gravatar.com\/avatar\/267e4a36f704376c109afe3a78740c1f5dd8675a2180a908699e7863c9247606?s=96&d=mm&r=g","url":"https:\/\/secure.gravatar.com\/avatar\/267e4a36f704376c109afe3a78740c1f5dd8675a2180a908699e7863c9247606?s=96&d=mm&r=g","contentUrl":"https:\/\/secure.gravatar.com\/avatar\/267e4a36f704376c109afe3a78740c1f5dd8675a2180a908699e7863c9247606?s=96&d=mm&r=g","caption":"miro.sopko"},"url":"https:\/\/www.smedemokrati.sk\/en\/author\/miro-sopko\/"}]}},"_links":{"self":[{"href":"https:\/\/www.smedemokrati.sk\/en\/wp-json\/wp\/v2\/posts\/7582","targetHints":{"allow":["GET"]}}],"collection":[{"href":"https:\/\/www.smedemokrati.sk\/en\/wp-json\/wp\/v2\/posts"}],"about":[{"href":"https:\/\/www.smedemokrati.sk\/en\/wp-json\/wp\/v2\/types\/post"}],"author":[{"embeddable":true,"href":"https:\/\/www.smedemokrati.sk\/en\/wp-json\/wp\/v2\/users\/13"}],"replies":[{"embeddable":true,"href":"https:\/\/www.smedemokrati.sk\/en\/wp-json\/wp\/v2\/comments?post=7582"}],"version-history":[{"count":1,"href":"https:\/\/www.smedemokrati.sk\/en\/wp-json\/wp\/v2\/posts\/7582\/revisions"}],"predecessor-version":[{"id":7584,"href":"https:\/\/www.smedemokrati.sk\/en\/wp-json\/wp\/v2\/posts\/7582\/revisions\/7584"}],"wp:featuredmedia":[{"embeddable":true,"href":"https:\/\/www.smedemokrati.sk\/en\/wp-json\/wp\/v2\/media\/394"}],"wp:attachment":[{"href":"https:\/\/www.smedemokrati.sk\/en\/wp-json\/wp\/v2\/media?parent=7582"}],"wp:term":[{"taxonomy":"category","embeddable":true,"href":"https:\/\/www.smedemokrati.sk\/en\/wp-json\/wp\/v2\/categories?post=7582"},{"taxonomy":"post_tag","embeddable":true,"href":"https:\/\/www.smedemokrati.sk\/en\/wp-json\/wp\/v2\/tags?post=7582"}],"curies":[{"name":"wp","href":"https:\/\/api.w.org\/{rel}","templated":true}]}}