{"id":7563,"date":"2025-06-17T16:58:33","date_gmt":"2025-06-17T15:58:33","guid":{"rendered":"https:\/\/www.smedemokrati.sk\/?p=7563"},"modified":"2025-06-17T16:58:34","modified_gmt":"2025-06-17T15:58:34","slug":"neutralita-slovenska-by-bola-bezpecnostna-a-ekonomicka-sabotaz","status":"publish","type":"post","link":"https:\/\/www.smedemokrati.sk\/en\/neutralita-slovenska-by-bola-bezpecnostna-a-ekonomicka-sabotaz\/","title":{"rendered":"Neutralita Slovenska by bola bezpe\u010dnostn\u00e1 a ekonomick\u00e1 sabot\u00e1\u017e"},"content":{"rendered":"<div id=\"fb-root\"><\/div>\n\n<p><strong>Neutralita by znamenala n\u00e1sobne viac pe\u0148az\u00ed na moderniz\u00e1ciu a budovanie ozbrojen\u00fdch s\u00edl \u010di infra\u0161trukt\u00fary, znovuzavedenie povinnej z\u00e1kladnej vojenskej slu\u017eby, nav\u00fd\u0161enie po\u010dtu vojakov a odchod v\u00fdznamn\u00fdch investorov. Demokrati tak reaguj\u00fa na slov\u00e1 premi\u00e9ra Fica, ktor\u00fd tvrd\u00ed, \u017ee Slovensku by v dne\u0161nej situ\u00e1cii prospelo, ak by bolo neutr\u00e1lne. Strana pod veden\u00edm Jaroslava Na\u010fa to kategoricky odmieta a hovor\u00ed o bezpe\u010dnostnej a ekonomickej sabot\u00e1\u017ei.<\/strong><\/p>\n\n\n\n<p><em>\u201eAk dnes niekto na pozad\u00ed v\u0161etk\u00fdch vojnov\u00fdch konfliktov vo svete hovor\u00ed o vojenskej neutralite, je bu\u010f bezpe\u010dnostn\u00fd deviant, alebo rovno sabot\u00e9r. Neutralita ned\u00e1va bezpe\u010dnostn\u00fd ani ekonomick\u00fd zmysel. Je to prestretie \u010derven\u00e9ho koberca Putinov\u00fdm tankom a v\u00e1\u017ene ohrozenie na\u0161ej bezpe\u010dnosti s nedozern\u00fdmi n\u00e1sledkami, ktor\u00e9 poc\u00edti ka\u017ed\u00fd ob\u010dan,\u201c<\/em>&nbsp;hovor\u00ed exminister obrany a predseda Demokratov Jaroslav Na\u010f. Ako \u010fal\u0161ie negat\u00edvum v pr\u00edpade neutrality uv\u00e1dza aj zhor\u0161enie ratingu krajiny, \u010do by sp\u00f4sobilo \u010fal\u0161ie ekonomick\u00e9 probl\u00e9my.<\/p>\n\n\n\n<p>Pod\u013ea Eduarda Hegera oslabuje Robert Fico tak\u00fdmito vyjadreniami poz\u00edciu Slovenska medzi spojencami:&nbsp;<em>\u201eJe t\u00fd\u017ede\u0148 pred summitom NATO a nikto nevie, s ak\u00fdmi poz\u00edciami tam Slovensko ide. Mal\u00e9 krajiny ako Slovensko \u0165a\u017eia z kolekt\u00edvnej obrany a tak\u00e9to \u0161ialen\u00e9 vyjadrenia oslabuj\u00fa na\u0161e postavenie v o\u010diach ostatn\u00fdch spojencov. Vyz\u00fdvam Roberta Fica, aby umiernil svoje vyjadrenia a spr\u00e1val sa ako zodpovedn\u00fd \u010dlen eur\u00f3pskych a alian\u010dn\u00fdch \u0161trukt\u00far.\u201c<\/em><\/p>\n\n\n\n<p>Demokrati komentuj\u00fa aj dne\u0161n\u00e9 stretnutie opoz\u00edcie na pozvanie prezidenta SR:&nbsp;<em>\u201eS opoz\u00edciou sa sna\u017e\u00edme o korektn\u00e9 a kon\u0161trukt\u00edvne vz\u0165ahy, no zd\u00e1 sa n\u00e1m, \u017ee kolegovia sa nechali vyu\u017ei\u0165 na politick\u00fa hru, preto\u017ee tieto t\u00e9my s\u00fa \u010fal\u0161\u00edm zastierac\u00edm man\u00e9vrom, ako odp\u00fata\u0165 pozornos\u0165 od re\u00e1lnych probl\u00e9mov. Vl\u00e1da sa tak\u00fdmito stretnutiami chce zbavova\u0165 zodpovednosti, no s\u00fa to oni, ktor\u00ed vl\u00e1dnu a ak to nevedia robi\u0165, nech od\u00eddu. Pre\u010do pri transak\u010dnej dani nezvol\u00e1vali opoz\u00edciu? Pre\u010do pri zmen\u00e1ch v trestnom z\u00e1kone nevolali opoz\u00edciu?\u201c<\/em>&nbsp;hovor\u00ed Juraj \u0160eliga, podpredseda Demokratov.<\/p>\n\n\n\n<p>Demokrati hovoria, \u017ee v\u00fddavky na obranu treba systematicky navy\u0161ova\u0165, no s d\u00f4razom na skuto\u010dn\u00e9 potreby ozbrojen\u00fdch s\u00edl:&nbsp;<em>\u201eDlhodob\u00fd pl\u00e1n rozvoja ozbrojen\u00fdch s\u00edl je pripraven\u00fd do roku 2035. Pracovali na \u0148om odborn\u00edci z civilnej aj vojenskej \u010dasti ministerstva obrany a je schv\u00e1len\u00fd NR SR. Nepotrebujeme \u010fal\u0161ie pl\u00e1ny. Sta\u010d\u00ed, ak si minister Kali\u0148\u00e1k nebude robi\u0165 z ozbrojen\u00fdch s\u00edl zlat\u00fa ba\u0148u pre spriaznen\u00fdch zbroj\u00e1rov,\u201c<\/em>&nbsp;povedala Monika Podhor\u00e1ny Masarikov\u00e1, bezpe\u010dnostn\u00e1 analyti\u010dka. Dod\u00e1va, \u017ee volanie po zriaden\u00ed kontroln\u00fdch komisi\u00ed, ktor\u00e9 by dohliadali na m\u00ed\u0148anie pe\u0148az\u00ed rezortu, je duplicitn\u00e9, preto\u017ee t\u00fato funkciu u\u017e pln\u00ed V\u00fdbor pre obranu a bezpe\u010dnos\u0165 NR SR, ako aj samotn\u00e9 NATO.<\/p>\n\n\n<div class=\"fb-video\" data-href=\"https:\/\/fb.watch\/Ahbc1dUm2K\" data-allowfullscreen=\"true\" data-autoplay=\"false\" data-width=\"\" data-show-text=\"false\" data-show-captions=\"true\"><\/div>\n","protected":false},"excerpt":{"rendered":"<p>Neutralita by znamenala n\u00e1sobne viac pe\u0148az\u00ed na moderniz\u00e1ciu a budovanie ozbrojen\u00fdch s\u00edl \u010di infra\u0161trukt\u00fary, znovuzavedenie povinnej z\u00e1kladnej vojenskej slu\u017eby, nav\u00fd\u0161enie po\u010dtu vojakov a odchod v\u00fdznamn\u00fdch investorov. Demokrati tak reaguj\u00fa na slov\u00e1 premi\u00e9ra Fica, ktor\u00fd tvrd\u00ed, \u017ee Slovensku by v dne\u0161nej situ\u00e1cii prospelo, ak by bolo neutr\u00e1lne. Strana pod veden\u00edm Jaroslava Na\u010fa to kategoricky odmieta a [&hellip;]<\/p>\n","protected":false},"author":13,"featured_media":7564,"comment_status":"closed","ping_status":"closed","sticky":false,"template":"","format":"standard","meta":{"_acf_changed":false,"ngg_post_thumbnail":0,"footnotes":""},"categories":[4],"tags":[],"class_list":["post-7563","post","type-post","status-publish","format-standard","has-post-thumbnail","hentry","category-tlacove-spravy"],"acf":[],"yoast_head":"<!-- This site is optimized with the Yoast SEO plugin v27.2 - https:\/\/yoast.com\/product\/yoast-seo-wordpress\/ -->\n<title>Neutralita Slovenska by bola bezpe\u010dnostn\u00e1 a ekonomick\u00e1 sabot\u00e1\u017e<\/title>\n<meta name=\"robots\" content=\"index, follow, max-snippet:-1, max-image-preview:large, max-video-preview:-1\" \/>\n<link rel=\"canonical\" href=\"https:\/\/www.smedemokrati.sk\/en\/neutralita-slovenska-by-bola-bezpecnostna-a-ekonomicka-sabotaz\/\" \/>\n<meta property=\"og:locale\" content=\"en_US\" \/>\n<meta property=\"og:locale:alternate\" content=\"cs_CZ\" \/>\n<meta property=\"og:locale:alternate\" content=\"hu_HU\" \/>\n<meta property=\"og:locale:alternate\" content=\"sk_SK\" \/>\n<meta property=\"og:locale:alternate\" content=\"sv_SE\" \/>\n<meta property=\"og:type\" content=\"article\" \/>\n<meta property=\"og:title\" content=\"Neutralita Slovenska by bola bezpe\u010dnostn\u00e1 a ekonomick\u00e1 sabot\u00e1\u017e\" \/>\n<meta property=\"og:description\" content=\"Neutralita by znamenala n\u00e1sobne viac pe\u0148az\u00ed na moderniz\u00e1ciu a budovanie ozbrojen\u00fdch s\u00edl \u010di infra\u0161trukt\u00fary, znovuzavedenie povinnej z\u00e1kladnej vojenskej slu\u017eby, nav\u00fd\u0161enie po\u010dtu vojakov a odchod v\u00fdznamn\u00fdch investorov. Demokrati tak reaguj\u00fa na slov\u00e1 premi\u00e9ra Fica, ktor\u00fd tvrd\u00ed, \u017ee Slovensku by v dne\u0161nej situ\u00e1cii prospelo, ak by bolo neutr\u00e1lne. Strana pod veden\u00edm Jaroslava Na\u010fa to kategoricky odmieta a [&hellip;]\" \/>\n<meta property=\"og:url\" content=\"https:\/\/www.smedemokrati.sk\/en\/neutralita-slovenska-by-bola-bezpecnostna-a-ekonomicka-sabotaz\/\" \/>\n<meta property=\"og:site_name\" content=\"Smedemokrati.sk\" \/>\n<meta property=\"article:publisher\" content=\"https:\/\/www.facebook.com\/smedemokrati2023\" \/>\n<meta property=\"article:published_time\" content=\"2025-06-17T15:58:33+00:00\" \/>\n<meta property=\"article:modified_time\" content=\"2025-06-17T15:58:34+00:00\" \/>\n<meta property=\"og:image\" content=\"https:\/\/www.smedemokrati.sk\/wp-content\/uploads\/2025\/06\/neutralita-zly-napad.jpg\" \/>\n\t<meta property=\"og:image:width\" content=\"837\" \/>\n\t<meta property=\"og:image:height\" content=\"424\" \/>\n\t<meta property=\"og:image:type\" content=\"image\/jpeg\" \/>\n<meta name=\"author\" content=\"miro.sopko\" \/>\n<meta name=\"twitter:card\" content=\"summary_large_image\" \/>\n<meta name=\"twitter:label1\" content=\"Written by\" \/>\n\t<meta name=\"twitter:data1\" content=\"miro.sopko\" \/>\n\t<meta name=\"twitter:label2\" content=\"Est. reading time\" \/>\n\t<meta name=\"twitter:data2\" content=\"3 minutes\" \/>\n<script type=\"application\/ld+json\" class=\"yoast-schema-graph\">{\"@context\":\"https:\/\/schema.org\",\"@graph\":[{\"@type\":\"Article\",\"@id\":\"https:\/\/www.smedemokrati.sk\/neutralita-slovenska-by-bola-bezpecnostna-a-ekonomicka-sabotaz\/#article\",\"isPartOf\":{\"@id\":\"https:\/\/www.smedemokrati.sk\/neutralita-slovenska-by-bola-bezpecnostna-a-ekonomicka-sabotaz\/\"},\"author\":{\"name\":\"miro.sopko\",\"@id\":\"https:\/\/www.smedemokrati.sk\/#\/schema\/person\/21f147c88d605aa7ded900e1e7c344ba\"},\"headline\":\"Neutralita Slovenska by bola bezpe\u010dnostn\u00e1 a ekonomick\u00e1 sabot\u00e1\u017e\",\"datePublished\":\"2025-06-17T15:58:33+00:00\",\"dateModified\":\"2025-06-17T15:58:34+00:00\",\"mainEntityOfPage\":{\"@id\":\"https:\/\/www.smedemokrati.sk\/neutralita-slovenska-by-bola-bezpecnostna-a-ekonomicka-sabotaz\/\"},\"wordCount\":525,\"publisher\":{\"@id\":\"https:\/\/www.smedemokrati.sk\/#organization\"},\"image\":{\"@id\":\"https:\/\/www.smedemokrati.sk\/neutralita-slovenska-by-bola-bezpecnostna-a-ekonomicka-sabotaz\/#primaryimage\"},\"thumbnailUrl\":\"https:\/\/www.smedemokrati.sk\/wp-content\/uploads\/2025\/06\/neutralita-zly-napad.jpg\",\"articleSection\":[\"Tla\u010dov\u00e9 spr\u00e1vy\"],\"inLanguage\":\"en-US\"},{\"@type\":\"WebPage\",\"@id\":\"https:\/\/www.smedemokrati.sk\/neutralita-slovenska-by-bola-bezpecnostna-a-ekonomicka-sabotaz\/\",\"url\":\"https:\/\/www.smedemokrati.sk\/neutralita-slovenska-by-bola-bezpecnostna-a-ekonomicka-sabotaz\/\",\"name\":\"Neutralita Slovenska by bola bezpe\u010dnostn\u00e1 a ekonomick\u00e1 sabot\u00e1\u017e\",\"isPartOf\":{\"@id\":\"https:\/\/www.smedemokrati.sk\/#website\"},\"primaryImageOfPage\":{\"@id\":\"https:\/\/www.smedemokrati.sk\/neutralita-slovenska-by-bola-bezpecnostna-a-ekonomicka-sabotaz\/#primaryimage\"},\"image\":{\"@id\":\"https:\/\/www.smedemokrati.sk\/neutralita-slovenska-by-bola-bezpecnostna-a-ekonomicka-sabotaz\/#primaryimage\"},\"thumbnailUrl\":\"https:\/\/www.smedemokrati.sk\/wp-content\/uploads\/2025\/06\/neutralita-zly-napad.jpg\",\"datePublished\":\"2025-06-17T15:58:33+00:00\",\"dateModified\":\"2025-06-17T15:58:34+00:00\",\"breadcrumb\":{\"@id\":\"https:\/\/www.smedemokrati.sk\/neutralita-slovenska-by-bola-bezpecnostna-a-ekonomicka-sabotaz\/#breadcrumb\"},\"inLanguage\":\"en-US\",\"potentialAction\":[{\"@type\":\"ReadAction\",\"target\":[\"https:\/\/www.smedemokrati.sk\/neutralita-slovenska-by-bola-bezpecnostna-a-ekonomicka-sabotaz\/\"]}]},{\"@type\":\"ImageObject\",\"inLanguage\":\"en-US\",\"@id\":\"https:\/\/www.smedemokrati.sk\/neutralita-slovenska-by-bola-bezpecnostna-a-ekonomicka-sabotaz\/#primaryimage\",\"url\":\"https:\/\/www.smedemokrati.sk\/wp-content\/uploads\/2025\/06\/neutralita-zly-napad.jpg\",\"contentUrl\":\"https:\/\/www.smedemokrati.sk\/wp-content\/uploads\/2025\/06\/neutralita-zly-napad.jpg\",\"width\":837,\"height\":424},{\"@type\":\"BreadcrumbList\",\"@id\":\"https:\/\/www.smedemokrati.sk\/neutralita-slovenska-by-bola-bezpecnostna-a-ekonomicka-sabotaz\/#breadcrumb\",\"itemListElement\":[{\"@type\":\"ListItem\",\"position\":1,\"name\":\"Domovsk\u00e1 str\u00e1nka\",\"item\":\"https:\/\/www.smedemokrati.sk\/\"},{\"@type\":\"ListItem\",\"position\":2,\"name\":\"Neutralita Slovenska by bola bezpe\u010dnostn\u00e1 a ekonomick\u00e1 sabot\u00e1\u017e\"}]},{\"@type\":\"WebSite\",\"@id\":\"https:\/\/www.smedemokrati.sk\/#website\",\"url\":\"https:\/\/www.smedemokrati.sk\/\",\"name\":\"Smedemokrati.sk\",\"description\":\"Demokracia a slu\u0161nos\u0165 zv\u00ed\u0165az\u00ed\",\"publisher\":{\"@id\":\"https:\/\/www.smedemokrati.sk\/#organization\"},\"potentialAction\":[{\"@type\":\"SearchAction\",\"target\":{\"@type\":\"EntryPoint\",\"urlTemplate\":\"https:\/\/www.smedemokrati.sk\/?s={search_term_string}\"},\"query-input\":{\"@type\":\"PropertyValueSpecification\",\"valueRequired\":true,\"valueName\":\"search_term_string\"}}],\"inLanguage\":\"en-US\"},{\"@type\":\"Organization\",\"@id\":\"https:\/\/www.smedemokrati.sk\/#organization\",\"name\":\"Smedemokrati.sk\",\"url\":\"https:\/\/www.smedemokrati.sk\/\",\"logo\":{\"@type\":\"ImageObject\",\"inLanguage\":\"en-US\",\"@id\":\"https:\/\/www.smedemokrati.sk\/#\/schema\/logo\/image\/\",\"url\":\"https:\/\/www.smedemokrati.sk\/wp-content\/uploads\/2023\/04\/ff.002.jpeg\",\"contentUrl\":\"https:\/\/www.smedemokrati.sk\/wp-content\/uploads\/2023\/04\/ff.002.jpeg\",\"width\":640,\"height\":480,\"caption\":\"Smedemokrati.sk\"},\"image\":{\"@id\":\"https:\/\/www.smedemokrati.sk\/#\/schema\/logo\/image\/\"},\"sameAs\":[\"https:\/\/www.facebook.com\/smedemokrati2023\"]},{\"@type\":\"Person\",\"@id\":\"https:\/\/www.smedemokrati.sk\/#\/schema\/person\/21f147c88d605aa7ded900e1e7c344ba\",\"name\":\"miro.sopko\",\"image\":{\"@type\":\"ImageObject\",\"inLanguage\":\"en-US\",\"@id\":\"https:\/\/secure.gravatar.com\/avatar\/267e4a36f704376c109afe3a78740c1f5dd8675a2180a908699e7863c9247606?s=96&d=mm&r=g\",\"url\":\"https:\/\/secure.gravatar.com\/avatar\/267e4a36f704376c109afe3a78740c1f5dd8675a2180a908699e7863c9247606?s=96&d=mm&r=g\",\"contentUrl\":\"https:\/\/secure.gravatar.com\/avatar\/267e4a36f704376c109afe3a78740c1f5dd8675a2180a908699e7863c9247606?s=96&d=mm&r=g\",\"caption\":\"miro.sopko\"},\"url\":\"https:\/\/www.smedemokrati.sk\/en\/author\/miro-sopko\/\"}]}<\/script>\n<!-- \/ Yoast SEO plugin. -->","yoast_head_json":{"title":"Neutralita Slovenska by bola bezpe\u010dnostn\u00e1 a ekonomick\u00e1 sabot\u00e1\u017e","robots":{"index":"index","follow":"follow","max-snippet":"max-snippet:-1","max-image-preview":"max-image-preview:large","max-video-preview":"max-video-preview:-1"},"canonical":"https:\/\/www.smedemokrati.sk\/en\/neutralita-slovenska-by-bola-bezpecnostna-a-ekonomicka-sabotaz\/","og_locale":"en_US","og_type":"article","og_title":"[:sk]Neutralita Slovenska by bola bezpe\u010dnostn\u00e1 a ekonomick\u00e1 sabot\u00e1\u017e[:] - Smedemokrati.sk","og_description":"Neutralita by znamenala n\u00e1sobne viac pe\u0148az\u00ed na moderniz\u00e1ciu a budovanie ozbrojen\u00fdch s\u00edl \u010di infra\u0161trukt\u00fary, znovuzavedenie povinnej z\u00e1kladnej vojenskej slu\u017eby, nav\u00fd\u0161enie po\u010dtu vojakov a odchod v\u00fdznamn\u00fdch investorov. Demokrati tak reaguj\u00fa na slov\u00e1 premi\u00e9ra Fica, ktor\u00fd tvrd\u00ed, \u017ee Slovensku by v dne\u0161nej situ\u00e1cii prospelo, ak by bolo neutr\u00e1lne. Strana pod veden\u00edm Jaroslava Na\u010fa to kategoricky odmieta a [&hellip;]","og_url":"https:\/\/www.smedemokrati.sk\/en\/neutralita-slovenska-by-bola-bezpecnostna-a-ekonomicka-sabotaz\/","og_site_name":"Smedemokrati.sk","article_publisher":"https:\/\/www.facebook.com\/smedemokrati2023","article_published_time":"2025-06-17T15:58:33+00:00","article_modified_time":"2025-06-17T15:58:34+00:00","og_image":[{"width":837,"height":424,"url":"https:\/\/www.smedemokrati.sk\/wp-content\/uploads\/2025\/06\/neutralita-zly-napad.jpg","type":"image\/jpeg"}],"author":"miro.sopko","twitter_card":"summary_large_image","twitter_misc":{"Written by":"miro.sopko","Est. reading time":"3 minutes"},"schema":{"@context":"https:\/\/schema.org","@graph":[{"@type":"Article","@id":"https:\/\/www.smedemokrati.sk\/neutralita-slovenska-by-bola-bezpecnostna-a-ekonomicka-sabotaz\/#article","isPartOf":{"@id":"https:\/\/www.smedemokrati.sk\/neutralita-slovenska-by-bola-bezpecnostna-a-ekonomicka-sabotaz\/"},"author":{"name":"miro.sopko","@id":"https:\/\/www.smedemokrati.sk\/#\/schema\/person\/21f147c88d605aa7ded900e1e7c344ba"},"headline":"Neutralita Slovenska by bola bezpe\u010dnostn\u00e1 a ekonomick\u00e1 sabot\u00e1\u017e","datePublished":"2025-06-17T15:58:33+00:00","dateModified":"2025-06-17T15:58:34+00:00","mainEntityOfPage":{"@id":"https:\/\/www.smedemokrati.sk\/neutralita-slovenska-by-bola-bezpecnostna-a-ekonomicka-sabotaz\/"},"wordCount":525,"publisher":{"@id":"https:\/\/www.smedemokrati.sk\/#organization"},"image":{"@id":"https:\/\/www.smedemokrati.sk\/neutralita-slovenska-by-bola-bezpecnostna-a-ekonomicka-sabotaz\/#primaryimage"},"thumbnailUrl":"https:\/\/www.smedemokrati.sk\/wp-content\/uploads\/2025\/06\/neutralita-zly-napad.jpg","articleSection":["Tla\u010dov\u00e9 spr\u00e1vy"],"inLanguage":"en-US"},{"@type":"WebPage","@id":"https:\/\/www.smedemokrati.sk\/neutralita-slovenska-by-bola-bezpecnostna-a-ekonomicka-sabotaz\/","url":"https:\/\/www.smedemokrati.sk\/neutralita-slovenska-by-bola-bezpecnostna-a-ekonomicka-sabotaz\/","name":"Neutralita Slovenska by bola bezpe\u010dnostn\u00e1 a ekonomick\u00e1 sabot\u00e1\u017e","isPartOf":{"@id":"https:\/\/www.smedemokrati.sk\/#website"},"primaryImageOfPage":{"@id":"https:\/\/www.smedemokrati.sk\/neutralita-slovenska-by-bola-bezpecnostna-a-ekonomicka-sabotaz\/#primaryimage"},"image":{"@id":"https:\/\/www.smedemokrati.sk\/neutralita-slovenska-by-bola-bezpecnostna-a-ekonomicka-sabotaz\/#primaryimage"},"thumbnailUrl":"https:\/\/www.smedemokrati.sk\/wp-content\/uploads\/2025\/06\/neutralita-zly-napad.jpg","datePublished":"2025-06-17T15:58:33+00:00","dateModified":"2025-06-17T15:58:34+00:00","breadcrumb":{"@id":"https:\/\/www.smedemokrati.sk\/neutralita-slovenska-by-bola-bezpecnostna-a-ekonomicka-sabotaz\/#breadcrumb"},"inLanguage":"en-US","potentialAction":[{"@type":"ReadAction","target":["https:\/\/www.smedemokrati.sk\/neutralita-slovenska-by-bola-bezpecnostna-a-ekonomicka-sabotaz\/"]}]},{"@type":"ImageObject","inLanguage":"en-US","@id":"https:\/\/www.smedemokrati.sk\/neutralita-slovenska-by-bola-bezpecnostna-a-ekonomicka-sabotaz\/#primaryimage","url":"https:\/\/www.smedemokrati.sk\/wp-content\/uploads\/2025\/06\/neutralita-zly-napad.jpg","contentUrl":"https:\/\/www.smedemokrati.sk\/wp-content\/uploads\/2025\/06\/neutralita-zly-napad.jpg","width":837,"height":424},{"@type":"BreadcrumbList","@id":"https:\/\/www.smedemokrati.sk\/neutralita-slovenska-by-bola-bezpecnostna-a-ekonomicka-sabotaz\/#breadcrumb","itemListElement":[{"@type":"ListItem","position":1,"name":"Domovsk\u00e1 str\u00e1nka","item":"https:\/\/www.smedemokrati.sk\/"},{"@type":"ListItem","position":2,"name":"Neutralita Slovenska by bola bezpe\u010dnostn\u00e1 a ekonomick\u00e1 sabot\u00e1\u017e"}]},{"@type":"WebSite","@id":"https:\/\/www.smedemokrati.sk\/#website","url":"https:\/\/www.smedemokrati.sk\/","name":"Smedemokrati.sk","description":"Demokracia a slu\u0161nos\u0165 zv\u00ed\u0165az\u00ed","publisher":{"@id":"https:\/\/www.smedemokrati.sk\/#organization"},"potentialAction":[{"@type":"SearchAction","target":{"@type":"EntryPoint","urlTemplate":"https:\/\/www.smedemokrati.sk\/?s={search_term_string}"},"query-input":{"@type":"PropertyValueSpecification","valueRequired":true,"valueName":"search_term_string"}}],"inLanguage":"en-US"},{"@type":"Organization","@id":"https:\/\/www.smedemokrati.sk\/#organization","name":"Smedemokrati.sk","url":"https:\/\/www.smedemokrati.sk\/","logo":{"@type":"ImageObject","inLanguage":"en-US","@id":"https:\/\/www.smedemokrati.sk\/#\/schema\/logo\/image\/","url":"https:\/\/www.smedemokrati.sk\/wp-content\/uploads\/2023\/04\/ff.002.jpeg","contentUrl":"https:\/\/www.smedemokrati.sk\/wp-content\/uploads\/2023\/04\/ff.002.jpeg","width":640,"height":480,"caption":"Smedemokrati.sk"},"image":{"@id":"https:\/\/www.smedemokrati.sk\/#\/schema\/logo\/image\/"},"sameAs":["https:\/\/www.facebook.com\/smedemokrati2023"]},{"@type":"Person","@id":"https:\/\/www.smedemokrati.sk\/#\/schema\/person\/21f147c88d605aa7ded900e1e7c344ba","name":"miro.sopko","image":{"@type":"ImageObject","inLanguage":"en-US","@id":"https:\/\/secure.gravatar.com\/avatar\/267e4a36f704376c109afe3a78740c1f5dd8675a2180a908699e7863c9247606?s=96&d=mm&r=g","url":"https:\/\/secure.gravatar.com\/avatar\/267e4a36f704376c109afe3a78740c1f5dd8675a2180a908699e7863c9247606?s=96&d=mm&r=g","contentUrl":"https:\/\/secure.gravatar.com\/avatar\/267e4a36f704376c109afe3a78740c1f5dd8675a2180a908699e7863c9247606?s=96&d=mm&r=g","caption":"miro.sopko"},"url":"https:\/\/www.smedemokrati.sk\/en\/author\/miro-sopko\/"}]}},"_links":{"self":[{"href":"https:\/\/www.smedemokrati.sk\/en\/wp-json\/wp\/v2\/posts\/7563","targetHints":{"allow":["GET"]}}],"collection":[{"href":"https:\/\/www.smedemokrati.sk\/en\/wp-json\/wp\/v2\/posts"}],"about":[{"href":"https:\/\/www.smedemokrati.sk\/en\/wp-json\/wp\/v2\/types\/post"}],"author":[{"embeddable":true,"href":"https:\/\/www.smedemokrati.sk\/en\/wp-json\/wp\/v2\/users\/13"}],"replies":[{"embeddable":true,"href":"https:\/\/www.smedemokrati.sk\/en\/wp-json\/wp\/v2\/comments?post=7563"}],"version-history":[{"count":1,"href":"https:\/\/www.smedemokrati.sk\/en\/wp-json\/wp\/v2\/posts\/7563\/revisions"}],"predecessor-version":[{"id":7565,"href":"https:\/\/www.smedemokrati.sk\/en\/wp-json\/wp\/v2\/posts\/7563\/revisions\/7565"}],"wp:featuredmedia":[{"embeddable":true,"href":"https:\/\/www.smedemokrati.sk\/en\/wp-json\/wp\/v2\/media\/7564"}],"wp:attachment":[{"href":"https:\/\/www.smedemokrati.sk\/en\/wp-json\/wp\/v2\/media?parent=7563"}],"wp:term":[{"taxonomy":"category","embeddable":true,"href":"https:\/\/www.smedemokrati.sk\/en\/wp-json\/wp\/v2\/categories?post=7563"},{"taxonomy":"post_tag","embeddable":true,"href":"https:\/\/www.smedemokrati.sk\/en\/wp-json\/wp\/v2\/tags?post=7563"}],"curies":[{"name":"wp","href":"https:\/\/api.w.org\/{rel}","templated":true}]}}