{"id":7536,"date":"2025-06-12T20:07:15","date_gmt":"2025-06-12T19:07:15","guid":{"rendered":"https:\/\/www.smedemokrati.sk\/?p=7536"},"modified":"2025-06-12T20:07:16","modified_gmt":"2025-06-12T19:07:16","slug":"vysetrovanie-a-vnutorna-kontrola-na-ppa-nefunguje-reakcia-na-klamstva-t-gaspara","status":"publish","type":"post","link":"https:\/\/www.smedemokrati.sk\/en\/vysetrovanie-a-vnutorna-kontrola-na-ppa-nefunguje-reakcia-na-klamstva-t-gaspara\/","title":{"rendered":"Vy\u0161etrovanie a vn\u00fatorn\u00e1 kontrola na PPA nefunguje. Reakcia na klamstv\u00e1 T. Ga\u0161para"},"content":{"rendered":"<div id=\"fb-root\"><\/div>\n\n<p><strong>Demokrati sa dnes pok\u00fasili ubytova\u0165 v&nbsp;Lehniciach, v&nbsp;penzi\u00f3ne, na ktor\u00fd z\u00edskala dot\u00e1ciu dc\u00e9ra p. Onderi\u0161inovej z PPA. Opakovane a&nbsp;ne\u00faspe\u0161ne. Uprostred obytnej z\u00f3ny v&nbsp;rodinnom dome, ktor\u00fd sa vyd\u00e1va za \u201epenzi\u00f3n\u201c neotv\u00e1ral nikto. Tibor Ga\u0161par dnes na tla\u010dovej konferencii zav\u00e1dzal, ke\u010f tvrdil, \u017ee pri penzi\u00f3noch a&nbsp;podpore na PPA ide o&nbsp;individu\u00e1lne zlyhanie. Naopak, ide o&nbsp;syst\u00e9m a&nbsp;jeho premyslenou s\u00fa\u010das\u0165ou s\u00fa i&nbsp;Lehnice a&nbsp;rovnako p. Onderi\u0161inov\u00e1, ktor\u00e1 st\u00e1le pracuje na PPA. Ako tam funguje vn\u00fatorn\u00e1 kontrola, ako sa vy\u0161etruje, ke\u010f \u017eena podozriv\u00e1 z&nbsp;podvodov je st\u00e1le na PPA?&nbsp;<\/strong><\/p>\n\n\n\n<p><em>\u201ePri\u0161li sme do Lehnic, aby sme uk\u00e1zali ako v&nbsp;praxi funguje a&nbsp;fungoval syst\u00e9m na\u0161ich \u013eud\u00ed. Tento rodinn\u00fd dom, je symbolom rozkr\u00e1dania PPA. Uprostred obytnej \u0161tvrte stoj\u00ed ako\u017ee penzi\u00f3n, ktor\u00fd je na nerozoznanie od rodinn\u00fdch domov okolo. E\u0161te doned\u00e1vna nebol ani ozna\u010den\u00fd ako projekt podporen\u00fd z&nbsp;E\u00da fondov. Po na\u0161ich tla\u010dov\u00fdch konferenci\u00e1ch s&nbsp;pani \u0160ubovou v\u0161ak nastala panika a&nbsp;r\u00fdchlo zavesili na br\u00e1nu oznam o&nbsp;projektovej podpore. Na tomto mieste chceme reagova\u0165 aj na klamstv\u00e1 T. Ga\u0161para, ktor\u00fd sa dnes na \u00farade vl\u00e1dy tv\u00e1ril, \u017ee vlastne na PPA nie je \u017eiadny probl\u00e9m, \u017ee je to pseudokauza. Nie je, Onderi\u0161inov\u00e1 je s\u00fa\u010das\u0165ou na\u0161ich \u013eud\u00ed, ktor\u00ed participovali na vybran\u00fdch projektoch. Je to syst\u00e9m, kde podozrenie st\u00fapaj\u00fa a\u017e k&nbsp;dot\u00e1ci\u00e1m vo v\u00fd\u0161ke 10 mil. eur. Chceli sme sa tu dnes ubytova\u0165 a\u017e do bud\u00faceho t\u00fd\u017ed\u0148a, aby sme tu z&nbsp;tohto miesta odprezentovali cel\u00fa sch\u00e9mu, ktor\u00e1 tunelovala PPA a&nbsp;verejn\u00e9 peniaze.\u201c<\/em>&nbsp;Hovor\u00ed v&nbsp;Lehniciach podpredseda Demokratov Juraj \u0160eliga.&nbsp;<\/p>\n\n\n\n<p><em>\u201eRoky som na PPA p\u00f4sobila tak\u017ee mne nebude p\u00e1n Ga\u0161par, Tak\u00e1\u010d a&nbsp;u\u017e v\u00f4bec nie p\u00e1n Para vysvet\u013eova\u0165, resp. sna\u017ei\u0165 sa vysvet\u013eova\u0165 ako v\u0161etko pod\u013ea ich slov funguje. PPA je v&nbsp;s\u00fa\u010dasnom stave neopravite\u013en\u00e1 a&nbsp;treba ju vytvori\u0165 nanovo. Sch\u00e9ma, ktor\u00e1 fungovala za vl\u00e1dy Roberta Fica je, dovol\u00edm si poveda\u0165, organizovan\u00fd zlo\u010din a&nbsp;vo veci som podala nieko\u013eko trestn\u00fdch ozn\u00e1men\u00ed. V&nbsp;odha\u013eovan\u00ed \u010fal\u0161\u00edch inform\u00e1ci\u00ed k tejto obrovskej kauze budeme pokra\u010dova\u0165.\u201c<\/em>&nbsp;hovor\u00ed Zuzana \u0160ubov\u00e1, predsedn\u00ed\u010dka Pir\u00e1tskej strany.<\/p>\n\n\n\n<p><em>\u201eAko je mo\u017en\u00e9, \u017ee \u201epenzi\u00f3n\u201c postaven\u00fd z&nbsp;verejn\u00fdch pe\u0148az\u00ed je nedostupn\u00fd pre ubytovanie be\u017en\u00fdm \u013eu\u010fom? Evidentne preto, \u017ee p\u00f4vodn\u00fd \u00fa\u010del bol \u00faplne in\u00fd ako deklarovan\u00fd. Dnes sme zaslali objedn\u00e1vku na ubytovanie a&nbsp;\u010dak\u00e1me na odpove\u010f. M\u00e1me z\u00e1ujem si penzi\u00f3n prenaja\u0165 a&nbsp;uk\u00e1za\u0165 celej verejnosti, kde i\u0161li peniaze da\u0148ov\u00fdch poplatn\u00edkov celej Eur\u00f3pskej \u00fanie.\u201c<\/em>&nbsp;Uzatv\u00e1ra Juraj \u0160eliga, podpredseda Demokratov.&nbsp;<\/p>\n\n\n<div class=\"fb-video\" data-href=\"https:\/\/fb.watch\/AaCybDQEEA\" data-allowfullscreen=\"true\" data-autoplay=\"false\" data-width=\"\" data-show-text=\"false\" data-show-captions=\"true\"><\/div>\n","protected":false},"excerpt":{"rendered":"<p>Demokrati sa dnes pok\u00fasili ubytova\u0165 v&nbsp;Lehniciach, v&nbsp;penzi\u00f3ne, na ktor\u00fd z\u00edskala dot\u00e1ciu dc\u00e9ra p. Onderi\u0161inovej z PPA. Opakovane a&nbsp;ne\u00faspe\u0161ne. Uprostred obytnej z\u00f3ny v&nbsp;rodinnom dome, ktor\u00fd sa vyd\u00e1va za \u201epenzi\u00f3n\u201c neotv\u00e1ral nikto. Tibor Ga\u0161par dnes na tla\u010dovej konferencii zav\u00e1dzal, ke\u010f tvrdil, \u017ee pri penzi\u00f3noch a&nbsp;podpore na PPA ide o&nbsp;individu\u00e1lne zlyhanie. Naopak, ide o&nbsp;syst\u00e9m a&nbsp;jeho premyslenou s\u00fa\u010das\u0165ou s\u00fa [&hellip;]<\/p>\n","protected":false},"author":13,"featured_media":7538,"comment_status":"closed","ping_status":"closed","sticky":false,"template":"","format":"standard","meta":{"_acf_changed":false,"ngg_post_thumbnail":0,"footnotes":""},"categories":[4],"tags":[],"class_list":["post-7536","post","type-post","status-publish","format-standard","has-post-thumbnail","hentry","category-tlacove-spravy"],"acf":[],"yoast_head":"<!-- This site is optimized with the Yoast SEO plugin v27.2 - https:\/\/yoast.com\/product\/yoast-seo-wordpress\/ -->\n<title>Vy\u0161etrovanie a vn\u00fatorn\u00e1 kontrola na PPA nefunguje. Reakcia na klamstv\u00e1 T. Ga\u0161para<\/title>\n<meta name=\"robots\" content=\"index, follow, max-snippet:-1, max-image-preview:large, max-video-preview:-1\" \/>\n<link rel=\"canonical\" href=\"https:\/\/www.smedemokrati.sk\/en\/vysetrovanie-a-vnutorna-kontrola-na-ppa-nefunguje-reakcia-na-klamstva-t-gaspara\/\" \/>\n<meta property=\"og:locale\" content=\"en_US\" \/>\n<meta property=\"og:locale:alternate\" content=\"cs_CZ\" \/>\n<meta property=\"og:locale:alternate\" content=\"hu_HU\" \/>\n<meta property=\"og:locale:alternate\" content=\"sk_SK\" \/>\n<meta property=\"og:locale:alternate\" content=\"sv_SE\" \/>\n<meta property=\"og:type\" content=\"article\" \/>\n<meta property=\"og:title\" content=\"Vy\u0161etrovanie a vn\u00fatorn\u00e1 kontrola na PPA nefunguje. Reakcia na klamstv\u00e1 T. Ga\u0161para\" \/>\n<meta property=\"og:description\" content=\"Demokrati sa dnes pok\u00fasili ubytova\u0165 v&nbsp;Lehniciach, v&nbsp;penzi\u00f3ne, na ktor\u00fd z\u00edskala dot\u00e1ciu dc\u00e9ra p. Onderi\u0161inovej z PPA. Opakovane a&nbsp;ne\u00faspe\u0161ne. Uprostred obytnej z\u00f3ny v&nbsp;rodinnom dome, ktor\u00fd sa vyd\u00e1va za \u201epenzi\u00f3n\u201c neotv\u00e1ral nikto. Tibor Ga\u0161par dnes na tla\u010dovej konferencii zav\u00e1dzal, ke\u010f tvrdil, \u017ee pri penzi\u00f3noch a&nbsp;podpore na PPA ide o&nbsp;individu\u00e1lne zlyhanie. Naopak, ide o&nbsp;syst\u00e9m a&nbsp;jeho premyslenou s\u00fa\u010das\u0165ou s\u00fa [&hellip;]\" \/>\n<meta property=\"og:url\" content=\"https:\/\/www.smedemokrati.sk\/en\/vysetrovanie-a-vnutorna-kontrola-na-ppa-nefunguje-reakcia-na-klamstva-t-gaspara\/\" \/>\n<meta property=\"og:site_name\" content=\"Smedemokrati.sk\" \/>\n<meta property=\"article:publisher\" content=\"https:\/\/www.facebook.com\/smedemokrati2023\" \/>\n<meta property=\"article:published_time\" content=\"2025-06-12T19:07:15+00:00\" \/>\n<meta property=\"article:modified_time\" content=\"2025-06-12T19:07:16+00:00\" \/>\n<meta property=\"og:image\" content=\"https:\/\/www.smedemokrati.sk\/wp-content\/uploads\/2025\/06\/haciendy-1.jpg\" \/>\n\t<meta property=\"og:image:width\" content=\"905\" \/>\n\t<meta property=\"og:image:height\" content=\"423\" \/>\n\t<meta property=\"og:image:type\" content=\"image\/jpeg\" \/>\n<meta name=\"author\" content=\"miro.sopko\" \/>\n<meta name=\"twitter:card\" content=\"summary_large_image\" \/>\n<meta name=\"twitter:label1\" content=\"Written by\" \/>\n\t<meta name=\"twitter:data1\" content=\"miro.sopko\" \/>\n\t<meta name=\"twitter:label2\" content=\"Est. reading time\" \/>\n\t<meta name=\"twitter:data2\" content=\"3 minutes\" \/>\n<script type=\"application\/ld+json\" class=\"yoast-schema-graph\">{\"@context\":\"https:\/\/schema.org\",\"@graph\":[{\"@type\":\"Article\",\"@id\":\"https:\/\/www.smedemokrati.sk\/vysetrovanie-a-vnutorna-kontrola-na-ppa-nefunguje-reakcia-na-klamstva-t-gaspara\/#article\",\"isPartOf\":{\"@id\":\"https:\/\/www.smedemokrati.sk\/vysetrovanie-a-vnutorna-kontrola-na-ppa-nefunguje-reakcia-na-klamstva-t-gaspara\/\"},\"author\":{\"name\":\"miro.sopko\",\"@id\":\"https:\/\/www.smedemokrati.sk\/#\/schema\/person\/21f147c88d605aa7ded900e1e7c344ba\"},\"headline\":\"Vy\u0161etrovanie a vn\u00fatorn\u00e1 kontrola na PPA nefunguje. Reakcia na klamstv\u00e1 T. Ga\u0161para\",\"datePublished\":\"2025-06-12T19:07:15+00:00\",\"dateModified\":\"2025-06-12T19:07:16+00:00\",\"mainEntityOfPage\":{\"@id\":\"https:\/\/www.smedemokrati.sk\/vysetrovanie-a-vnutorna-kontrola-na-ppa-nefunguje-reakcia-na-klamstva-t-gaspara\/\"},\"wordCount\":544,\"publisher\":{\"@id\":\"https:\/\/www.smedemokrati.sk\/#organization\"},\"image\":{\"@id\":\"https:\/\/www.smedemokrati.sk\/vysetrovanie-a-vnutorna-kontrola-na-ppa-nefunguje-reakcia-na-klamstva-t-gaspara\/#primaryimage\"},\"thumbnailUrl\":\"https:\/\/www.smedemokrati.sk\/wp-content\/uploads\/2025\/06\/haciendy-1.jpg\",\"articleSection\":[\"Tla\u010dov\u00e9 spr\u00e1vy\"],\"inLanguage\":\"en-US\"},{\"@type\":\"WebPage\",\"@id\":\"https:\/\/www.smedemokrati.sk\/vysetrovanie-a-vnutorna-kontrola-na-ppa-nefunguje-reakcia-na-klamstva-t-gaspara\/\",\"url\":\"https:\/\/www.smedemokrati.sk\/vysetrovanie-a-vnutorna-kontrola-na-ppa-nefunguje-reakcia-na-klamstva-t-gaspara\/\",\"name\":\"Vy\u0161etrovanie a vn\u00fatorn\u00e1 kontrola na PPA nefunguje. Reakcia na klamstv\u00e1 T. Ga\u0161para\",\"isPartOf\":{\"@id\":\"https:\/\/www.smedemokrati.sk\/#website\"},\"primaryImageOfPage\":{\"@id\":\"https:\/\/www.smedemokrati.sk\/vysetrovanie-a-vnutorna-kontrola-na-ppa-nefunguje-reakcia-na-klamstva-t-gaspara\/#primaryimage\"},\"image\":{\"@id\":\"https:\/\/www.smedemokrati.sk\/vysetrovanie-a-vnutorna-kontrola-na-ppa-nefunguje-reakcia-na-klamstva-t-gaspara\/#primaryimage\"},\"thumbnailUrl\":\"https:\/\/www.smedemokrati.sk\/wp-content\/uploads\/2025\/06\/haciendy-1.jpg\",\"datePublished\":\"2025-06-12T19:07:15+00:00\",\"dateModified\":\"2025-06-12T19:07:16+00:00\",\"breadcrumb\":{\"@id\":\"https:\/\/www.smedemokrati.sk\/vysetrovanie-a-vnutorna-kontrola-na-ppa-nefunguje-reakcia-na-klamstva-t-gaspara\/#breadcrumb\"},\"inLanguage\":\"en-US\",\"potentialAction\":[{\"@type\":\"ReadAction\",\"target\":[\"https:\/\/www.smedemokrati.sk\/vysetrovanie-a-vnutorna-kontrola-na-ppa-nefunguje-reakcia-na-klamstva-t-gaspara\/\"]}]},{\"@type\":\"ImageObject\",\"inLanguage\":\"en-US\",\"@id\":\"https:\/\/www.smedemokrati.sk\/vysetrovanie-a-vnutorna-kontrola-na-ppa-nefunguje-reakcia-na-klamstva-t-gaspara\/#primaryimage\",\"url\":\"https:\/\/www.smedemokrati.sk\/wp-content\/uploads\/2025\/06\/haciendy-1.jpg\",\"contentUrl\":\"https:\/\/www.smedemokrati.sk\/wp-content\/uploads\/2025\/06\/haciendy-1.jpg\",\"width\":905,\"height\":423},{\"@type\":\"BreadcrumbList\",\"@id\":\"https:\/\/www.smedemokrati.sk\/vysetrovanie-a-vnutorna-kontrola-na-ppa-nefunguje-reakcia-na-klamstva-t-gaspara\/#breadcrumb\",\"itemListElement\":[{\"@type\":\"ListItem\",\"position\":1,\"name\":\"Domovsk\u00e1 str\u00e1nka\",\"item\":\"https:\/\/www.smedemokrati.sk\/\"},{\"@type\":\"ListItem\",\"position\":2,\"name\":\"Vy\u0161etrovanie a vn\u00fatorn\u00e1 kontrola na PPA nefunguje. Reakcia na klamstv\u00e1 T. Ga\u0161para\"}]},{\"@type\":\"WebSite\",\"@id\":\"https:\/\/www.smedemokrati.sk\/#website\",\"url\":\"https:\/\/www.smedemokrati.sk\/\",\"name\":\"Smedemokrati.sk\",\"description\":\"Demokracia a slu\u0161nos\u0165 zv\u00ed\u0165az\u00ed\",\"publisher\":{\"@id\":\"https:\/\/www.smedemokrati.sk\/#organization\"},\"potentialAction\":[{\"@type\":\"SearchAction\",\"target\":{\"@type\":\"EntryPoint\",\"urlTemplate\":\"https:\/\/www.smedemokrati.sk\/?s={search_term_string}\"},\"query-input\":{\"@type\":\"PropertyValueSpecification\",\"valueRequired\":true,\"valueName\":\"search_term_string\"}}],\"inLanguage\":\"en-US\"},{\"@type\":\"Organization\",\"@id\":\"https:\/\/www.smedemokrati.sk\/#organization\",\"name\":\"Smedemokrati.sk\",\"url\":\"https:\/\/www.smedemokrati.sk\/\",\"logo\":{\"@type\":\"ImageObject\",\"inLanguage\":\"en-US\",\"@id\":\"https:\/\/www.smedemokrati.sk\/#\/schema\/logo\/image\/\",\"url\":\"https:\/\/www.smedemokrati.sk\/wp-content\/uploads\/2023\/04\/ff.002.jpeg\",\"contentUrl\":\"https:\/\/www.smedemokrati.sk\/wp-content\/uploads\/2023\/04\/ff.002.jpeg\",\"width\":640,\"height\":480,\"caption\":\"Smedemokrati.sk\"},\"image\":{\"@id\":\"https:\/\/www.smedemokrati.sk\/#\/schema\/logo\/image\/\"},\"sameAs\":[\"https:\/\/www.facebook.com\/smedemokrati2023\"]},{\"@type\":\"Person\",\"@id\":\"https:\/\/www.smedemokrati.sk\/#\/schema\/person\/21f147c88d605aa7ded900e1e7c344ba\",\"name\":\"miro.sopko\",\"image\":{\"@type\":\"ImageObject\",\"inLanguage\":\"en-US\",\"@id\":\"https:\/\/secure.gravatar.com\/avatar\/267e4a36f704376c109afe3a78740c1f5dd8675a2180a908699e7863c9247606?s=96&d=mm&r=g\",\"url\":\"https:\/\/secure.gravatar.com\/avatar\/267e4a36f704376c109afe3a78740c1f5dd8675a2180a908699e7863c9247606?s=96&d=mm&r=g\",\"contentUrl\":\"https:\/\/secure.gravatar.com\/avatar\/267e4a36f704376c109afe3a78740c1f5dd8675a2180a908699e7863c9247606?s=96&d=mm&r=g\",\"caption\":\"miro.sopko\"},\"url\":\"https:\/\/www.smedemokrati.sk\/en\/author\/miro-sopko\/\"}]}<\/script>\n<!-- \/ Yoast SEO plugin. -->","yoast_head_json":{"title":"Vy\u0161etrovanie a vn\u00fatorn\u00e1 kontrola na PPA nefunguje. Reakcia na klamstv\u00e1 T. Ga\u0161para","robots":{"index":"index","follow":"follow","max-snippet":"max-snippet:-1","max-image-preview":"max-image-preview:large","max-video-preview":"max-video-preview:-1"},"canonical":"https:\/\/www.smedemokrati.sk\/en\/vysetrovanie-a-vnutorna-kontrola-na-ppa-nefunguje-reakcia-na-klamstva-t-gaspara\/","og_locale":"en_US","og_type":"article","og_title":"[:sk]Vy\u0161etrovanie a vn\u00fatorn\u00e1 kontrola na PPA nefunguje. Reakcia na klamstv\u00e1 T. Ga\u0161para[:] - Smedemokrati.sk","og_description":"Demokrati sa dnes pok\u00fasili ubytova\u0165 v&nbsp;Lehniciach, v&nbsp;penzi\u00f3ne, na ktor\u00fd z\u00edskala dot\u00e1ciu dc\u00e9ra p. Onderi\u0161inovej z PPA. Opakovane a&nbsp;ne\u00faspe\u0161ne. Uprostred obytnej z\u00f3ny v&nbsp;rodinnom dome, ktor\u00fd sa vyd\u00e1va za \u201epenzi\u00f3n\u201c neotv\u00e1ral nikto. Tibor Ga\u0161par dnes na tla\u010dovej konferencii zav\u00e1dzal, ke\u010f tvrdil, \u017ee pri penzi\u00f3noch a&nbsp;podpore na PPA ide o&nbsp;individu\u00e1lne zlyhanie. Naopak, ide o&nbsp;syst\u00e9m a&nbsp;jeho premyslenou s\u00fa\u010das\u0165ou s\u00fa [&hellip;]","og_url":"https:\/\/www.smedemokrati.sk\/en\/vysetrovanie-a-vnutorna-kontrola-na-ppa-nefunguje-reakcia-na-klamstva-t-gaspara\/","og_site_name":"Smedemokrati.sk","article_publisher":"https:\/\/www.facebook.com\/smedemokrati2023","article_published_time":"2025-06-12T19:07:15+00:00","article_modified_time":"2025-06-12T19:07:16+00:00","og_image":[{"width":905,"height":423,"url":"https:\/\/www.smedemokrati.sk\/wp-content\/uploads\/2025\/06\/haciendy-1.jpg","type":"image\/jpeg"}],"author":"miro.sopko","twitter_card":"summary_large_image","twitter_misc":{"Written by":"miro.sopko","Est. reading time":"3 minutes"},"schema":{"@context":"https:\/\/schema.org","@graph":[{"@type":"Article","@id":"https:\/\/www.smedemokrati.sk\/vysetrovanie-a-vnutorna-kontrola-na-ppa-nefunguje-reakcia-na-klamstva-t-gaspara\/#article","isPartOf":{"@id":"https:\/\/www.smedemokrati.sk\/vysetrovanie-a-vnutorna-kontrola-na-ppa-nefunguje-reakcia-na-klamstva-t-gaspara\/"},"author":{"name":"miro.sopko","@id":"https:\/\/www.smedemokrati.sk\/#\/schema\/person\/21f147c88d605aa7ded900e1e7c344ba"},"headline":"Vy\u0161etrovanie a vn\u00fatorn\u00e1 kontrola na PPA nefunguje. Reakcia na klamstv\u00e1 T. Ga\u0161para","datePublished":"2025-06-12T19:07:15+00:00","dateModified":"2025-06-12T19:07:16+00:00","mainEntityOfPage":{"@id":"https:\/\/www.smedemokrati.sk\/vysetrovanie-a-vnutorna-kontrola-na-ppa-nefunguje-reakcia-na-klamstva-t-gaspara\/"},"wordCount":544,"publisher":{"@id":"https:\/\/www.smedemokrati.sk\/#organization"},"image":{"@id":"https:\/\/www.smedemokrati.sk\/vysetrovanie-a-vnutorna-kontrola-na-ppa-nefunguje-reakcia-na-klamstva-t-gaspara\/#primaryimage"},"thumbnailUrl":"https:\/\/www.smedemokrati.sk\/wp-content\/uploads\/2025\/06\/haciendy-1.jpg","articleSection":["Tla\u010dov\u00e9 spr\u00e1vy"],"inLanguage":"en-US"},{"@type":"WebPage","@id":"https:\/\/www.smedemokrati.sk\/vysetrovanie-a-vnutorna-kontrola-na-ppa-nefunguje-reakcia-na-klamstva-t-gaspara\/","url":"https:\/\/www.smedemokrati.sk\/vysetrovanie-a-vnutorna-kontrola-na-ppa-nefunguje-reakcia-na-klamstva-t-gaspara\/","name":"Vy\u0161etrovanie a vn\u00fatorn\u00e1 kontrola na PPA nefunguje. Reakcia na klamstv\u00e1 T. Ga\u0161para","isPartOf":{"@id":"https:\/\/www.smedemokrati.sk\/#website"},"primaryImageOfPage":{"@id":"https:\/\/www.smedemokrati.sk\/vysetrovanie-a-vnutorna-kontrola-na-ppa-nefunguje-reakcia-na-klamstva-t-gaspara\/#primaryimage"},"image":{"@id":"https:\/\/www.smedemokrati.sk\/vysetrovanie-a-vnutorna-kontrola-na-ppa-nefunguje-reakcia-na-klamstva-t-gaspara\/#primaryimage"},"thumbnailUrl":"https:\/\/www.smedemokrati.sk\/wp-content\/uploads\/2025\/06\/haciendy-1.jpg","datePublished":"2025-06-12T19:07:15+00:00","dateModified":"2025-06-12T19:07:16+00:00","breadcrumb":{"@id":"https:\/\/www.smedemokrati.sk\/vysetrovanie-a-vnutorna-kontrola-na-ppa-nefunguje-reakcia-na-klamstva-t-gaspara\/#breadcrumb"},"inLanguage":"en-US","potentialAction":[{"@type":"ReadAction","target":["https:\/\/www.smedemokrati.sk\/vysetrovanie-a-vnutorna-kontrola-na-ppa-nefunguje-reakcia-na-klamstva-t-gaspara\/"]}]},{"@type":"ImageObject","inLanguage":"en-US","@id":"https:\/\/www.smedemokrati.sk\/vysetrovanie-a-vnutorna-kontrola-na-ppa-nefunguje-reakcia-na-klamstva-t-gaspara\/#primaryimage","url":"https:\/\/www.smedemokrati.sk\/wp-content\/uploads\/2025\/06\/haciendy-1.jpg","contentUrl":"https:\/\/www.smedemokrati.sk\/wp-content\/uploads\/2025\/06\/haciendy-1.jpg","width":905,"height":423},{"@type":"BreadcrumbList","@id":"https:\/\/www.smedemokrati.sk\/vysetrovanie-a-vnutorna-kontrola-na-ppa-nefunguje-reakcia-na-klamstva-t-gaspara\/#breadcrumb","itemListElement":[{"@type":"ListItem","position":1,"name":"Domovsk\u00e1 str\u00e1nka","item":"https:\/\/www.smedemokrati.sk\/"},{"@type":"ListItem","position":2,"name":"Vy\u0161etrovanie a vn\u00fatorn\u00e1 kontrola na PPA nefunguje. Reakcia na klamstv\u00e1 T. Ga\u0161para"}]},{"@type":"WebSite","@id":"https:\/\/www.smedemokrati.sk\/#website","url":"https:\/\/www.smedemokrati.sk\/","name":"Smedemokrati.sk","description":"Demokracia a slu\u0161nos\u0165 zv\u00ed\u0165az\u00ed","publisher":{"@id":"https:\/\/www.smedemokrati.sk\/#organization"},"potentialAction":[{"@type":"SearchAction","target":{"@type":"EntryPoint","urlTemplate":"https:\/\/www.smedemokrati.sk\/?s={search_term_string}"},"query-input":{"@type":"PropertyValueSpecification","valueRequired":true,"valueName":"search_term_string"}}],"inLanguage":"en-US"},{"@type":"Organization","@id":"https:\/\/www.smedemokrati.sk\/#organization","name":"Smedemokrati.sk","url":"https:\/\/www.smedemokrati.sk\/","logo":{"@type":"ImageObject","inLanguage":"en-US","@id":"https:\/\/www.smedemokrati.sk\/#\/schema\/logo\/image\/","url":"https:\/\/www.smedemokrati.sk\/wp-content\/uploads\/2023\/04\/ff.002.jpeg","contentUrl":"https:\/\/www.smedemokrati.sk\/wp-content\/uploads\/2023\/04\/ff.002.jpeg","width":640,"height":480,"caption":"Smedemokrati.sk"},"image":{"@id":"https:\/\/www.smedemokrati.sk\/#\/schema\/logo\/image\/"},"sameAs":["https:\/\/www.facebook.com\/smedemokrati2023"]},{"@type":"Person","@id":"https:\/\/www.smedemokrati.sk\/#\/schema\/person\/21f147c88d605aa7ded900e1e7c344ba","name":"miro.sopko","image":{"@type":"ImageObject","inLanguage":"en-US","@id":"https:\/\/secure.gravatar.com\/avatar\/267e4a36f704376c109afe3a78740c1f5dd8675a2180a908699e7863c9247606?s=96&d=mm&r=g","url":"https:\/\/secure.gravatar.com\/avatar\/267e4a36f704376c109afe3a78740c1f5dd8675a2180a908699e7863c9247606?s=96&d=mm&r=g","contentUrl":"https:\/\/secure.gravatar.com\/avatar\/267e4a36f704376c109afe3a78740c1f5dd8675a2180a908699e7863c9247606?s=96&d=mm&r=g","caption":"miro.sopko"},"url":"https:\/\/www.smedemokrati.sk\/en\/author\/miro-sopko\/"}]}},"_links":{"self":[{"href":"https:\/\/www.smedemokrati.sk\/en\/wp-json\/wp\/v2\/posts\/7536","targetHints":{"allow":["GET"]}}],"collection":[{"href":"https:\/\/www.smedemokrati.sk\/en\/wp-json\/wp\/v2\/posts"}],"about":[{"href":"https:\/\/www.smedemokrati.sk\/en\/wp-json\/wp\/v2\/types\/post"}],"author":[{"embeddable":true,"href":"https:\/\/www.smedemokrati.sk\/en\/wp-json\/wp\/v2\/users\/13"}],"replies":[{"embeddable":true,"href":"https:\/\/www.smedemokrati.sk\/en\/wp-json\/wp\/v2\/comments?post=7536"}],"version-history":[{"count":1,"href":"https:\/\/www.smedemokrati.sk\/en\/wp-json\/wp\/v2\/posts\/7536\/revisions"}],"predecessor-version":[{"id":7539,"href":"https:\/\/www.smedemokrati.sk\/en\/wp-json\/wp\/v2\/posts\/7536\/revisions\/7539"}],"wp:featuredmedia":[{"embeddable":true,"href":"https:\/\/www.smedemokrati.sk\/en\/wp-json\/wp\/v2\/media\/7538"}],"wp:attachment":[{"href":"https:\/\/www.smedemokrati.sk\/en\/wp-json\/wp\/v2\/media?parent=7536"}],"wp:term":[{"taxonomy":"category","embeddable":true,"href":"https:\/\/www.smedemokrati.sk\/en\/wp-json\/wp\/v2\/categories?post=7536"},{"taxonomy":"post_tag","embeddable":true,"href":"https:\/\/www.smedemokrati.sk\/en\/wp-json\/wp\/v2\/tags?post=7536"}],"curies":[{"name":"wp","href":"https:\/\/api.w.org\/{rel}","templated":true}]}}