{"id":7323,"date":"2025-05-27T09:39:53","date_gmt":"2025-05-27T08:39:53","guid":{"rendered":"https:\/\/www.smedemokrati.sk\/?p=7323"},"modified":"2025-05-27T09:39:55","modified_gmt":"2025-05-27T08:39:55","slug":"marian-kery-sa-za-fyzicky-utok-na-clena-demokratov-ma-vzdat-poslaneckeho-mandatu","status":"publish","type":"post","link":"https:\/\/www.smedemokrati.sk\/en\/marian-kery-sa-za-fyzicky-utok-na-clena-demokratov-ma-vzdat-poslaneckeho-mandatu\/","title":{"rendered":"Mari\u00e1n K\u00e9ry sa za fyzick\u00fd \u00fatok na \u010dlena Demokratov m\u00e1 vzda\u0165 poslaneck\u00e9ho mand\u00e1tu"},"content":{"rendered":"<div id=\"fb-root\"><\/div>\n\n<p><strong>Strana Demokrati vyz\u00fdva poslanca za SMER Mari\u00e1na K\u00e9ryho, aby sa po v\u010deraj\u0161om fyzickom \u00fatoku na Mareka P\u00e1len\u00edka, \u010dlena Demokratov, vzdal poslaneck\u00e9ho mand\u00e1tu. Strana z\u00e1rove\u0148 v tejto veci pod\u00e1va podnet na mand\u00e1tov\u00fd a imunitn\u00fd v\u00fdbor.<\/strong><\/p>\n\n\n\n<p><em>\u201eJe toto nov\u00fd \u0161tandard, \u017ee poslanec a predseda v\u00fdboru N\u00e1rodnej rady za in\u00fd n\u00e1zor a realizovanie \u00fastavn\u00e9ho pr\u00e1va, teda zber podpisov za pet\u00edciu, fack\u00e1 svojich politick\u00fdch oponentov? Vyz\u00fdvam K\u00e9ryho, aby sa okam\u017eite vzdal poslaneck\u00e9ho mand\u00e1tu. Mal by sa kone\u010dne zachova\u0165 ako chlap, preto\u017ee po odhalen\u00ed jeho plagi\u00e1torstva s diplomovou pr\u00e1cou, teraz, po fyzickom \u00fatoku, nem\u00e1 nad \u010d\u00edm uva\u017eova\u0165,\u201c&nbsp;<\/em>povedal Juraj \u0160eliga, podpredseda Demokratov.<\/p>\n\n\n\n<p><em>\u201eP\u00fdtam sa, \u010do ide strana SMER, ktor\u00e1 v\u0161emo\u017ene vyhlasuje, ako odmieta n\u00e1silie, robi\u0165 s vlastn\u00fdm poslancom Mari\u00e1nom K\u00e9rym? O\u010dak\u00e1vam vyvodenie zodpovednosti a my ako strana urob\u00edme v\u0161etko pre to, aby zodpovednos\u0165 za svoje konanie musel prevzia\u0165. Pod\u00e1vame preto podnet na mand\u00e1tov\u00fd a imunitn\u00fd v\u00fdbor,\u201c<\/em>&nbsp;pokra\u010duje \u0160eliga a z\u00e1rove\u0148 odkazuje poslancovi K\u00e9rymu, aby svoju \u201esilu\u201c uk\u00e1zal v telev\u00edznom dueli, do ktor\u00e9ho ho poz\u00fdva.<\/p>\n\n\n\n<p>Kristi\u00e1n \u010cechm\u00e1nek bol na mieste incidentu a hovor\u00ed, \u017ee poslanec pred pr\u00edchodom hliadky u\u0161iel:&nbsp;<em>\u201eZa\u010dalo to slovnou h\u00e1dkou zo strany poslanca K\u00e9ryho, ktor\u00fa sme sa sna\u017eili umierni\u0165, no poslanec st\u00e1le kri\u010dal na n\u00e1\u0161ho \u010dlena. Nasledovala facka a potom e\u0161te \u010fal\u0161ia. Tento \u00fatok sme i\u0161li ihne\u010f ozn\u00e1mi\u0165 pol\u00edcii a t\u00e1 n\u00e1s uistila, \u017ee na n\u00e1mest\u00ed s\u00fa kamery. O\u010dak\u00e1vame, \u017ee v\u0161etko, \u010do sa stalo v meste Zlat\u00e9 Moravce, zverejn\u00ed mesto.\u201c<\/em><\/p>\n\n\n<div class=\"fb-video\" data-href=\"https:\/\/fb.watch\/zRbsOGp-bW\" data-allowfullscreen=\"true\" data-autoplay=\"false\" data-width=\"\" data-show-text=\"false\" data-show-captions=\"true\"><\/div>\n","protected":false},"excerpt":{"rendered":"<p>Strana Demokrati vyz\u00fdva poslanca za SMER Mari\u00e1na K\u00e9ryho, aby sa po v\u010deraj\u0161om fyzickom \u00fatoku na Mareka P\u00e1len\u00edka, \u010dlena Demokratov, vzdal poslaneck\u00e9ho mand\u00e1tu. Strana z\u00e1rove\u0148 v tejto veci pod\u00e1va podnet na mand\u00e1tov\u00fd a imunitn\u00fd v\u00fdbor. \u201eJe toto nov\u00fd \u0161tandard, \u017ee poslanec a predseda v\u00fdboru N\u00e1rodnej rady za in\u00fd n\u00e1zor a realizovanie \u00fastavn\u00e9ho pr\u00e1va, teda zber podpisov [&hellip;]<\/p>\n","protected":false},"author":13,"featured_media":7324,"comment_status":"closed","ping_status":"closed","sticky":false,"template":"","format":"standard","meta":{"_acf_changed":false,"ngg_post_thumbnail":0,"footnotes":""},"categories":[4],"tags":[],"class_list":["post-7323","post","type-post","status-publish","format-standard","has-post-thumbnail","hentry","category-tlacove-spravy"],"acf":[],"yoast_head":"<!-- This site is optimized with the Yoast SEO plugin v27.2 - https:\/\/yoast.com\/product\/yoast-seo-wordpress\/ -->\n<title>Mari\u00e1n K\u00e9ry sa za fyzick\u00fd \u00fatok na \u010dlena Demokratov m\u00e1 vzda\u0165 poslaneck\u00e9ho mand\u00e1tu<\/title>\n<meta name=\"robots\" content=\"index, follow, max-snippet:-1, max-image-preview:large, max-video-preview:-1\" \/>\n<link rel=\"canonical\" href=\"https:\/\/www.smedemokrati.sk\/en\/marian-kery-sa-za-fyzicky-utok-na-clena-demokratov-ma-vzdat-poslaneckeho-mandatu\/\" \/>\n<meta property=\"og:locale\" content=\"en_US\" \/>\n<meta property=\"og:locale:alternate\" content=\"cs_CZ\" \/>\n<meta property=\"og:locale:alternate\" content=\"hu_HU\" \/>\n<meta property=\"og:locale:alternate\" content=\"sk_SK\" \/>\n<meta property=\"og:locale:alternate\" content=\"sv_SE\" \/>\n<meta property=\"og:type\" content=\"article\" \/>\n<meta property=\"og:title\" content=\"Mari\u00e1n K\u00e9ry sa za fyzick\u00fd \u00fatok na \u010dlena Demokratov m\u00e1 vzda\u0165 poslaneck\u00e9ho mand\u00e1tu\" \/>\n<meta property=\"og:description\" content=\"Strana Demokrati vyz\u00fdva poslanca za SMER Mari\u00e1na K\u00e9ryho, aby sa po v\u010deraj\u0161om fyzickom \u00fatoku na Mareka P\u00e1len\u00edka, \u010dlena Demokratov, vzdal poslaneck\u00e9ho mand\u00e1tu. Strana z\u00e1rove\u0148 v tejto veci pod\u00e1va podnet na mand\u00e1tov\u00fd a imunitn\u00fd v\u00fdbor. \u201eJe toto nov\u00fd \u0161tandard, \u017ee poslanec a predseda v\u00fdboru N\u00e1rodnej rady za in\u00fd n\u00e1zor a realizovanie \u00fastavn\u00e9ho pr\u00e1va, teda zber podpisov [&hellip;]\" \/>\n<meta property=\"og:url\" content=\"https:\/\/www.smedemokrati.sk\/en\/marian-kery-sa-za-fyzicky-utok-na-clena-demokratov-ma-vzdat-poslaneckeho-mandatu\/\" \/>\n<meta property=\"og:site_name\" content=\"Smedemokrati.sk\" \/>\n<meta property=\"article:publisher\" content=\"https:\/\/www.facebook.com\/smedemokrati2023\" \/>\n<meta property=\"article:published_time\" content=\"2025-05-27T08:39:53+00:00\" \/>\n<meta property=\"article:modified_time\" content=\"2025-05-27T08:39:55+00:00\" \/>\n<meta property=\"og:image\" content=\"https:\/\/www.smedemokrati.sk\/wp-content\/uploads\/2025\/05\/kery-mandat.jpg\" \/>\n\t<meta property=\"og:image:width\" content=\"842\" \/>\n\t<meta property=\"og:image:height\" content=\"427\" \/>\n\t<meta property=\"og:image:type\" content=\"image\/jpeg\" \/>\n<meta name=\"author\" content=\"miro.sopko\" \/>\n<meta name=\"twitter:card\" content=\"summary_large_image\" \/>\n<meta name=\"twitter:label1\" content=\"Written by\" \/>\n\t<meta name=\"twitter:data1\" content=\"miro.sopko\" \/>\n\t<meta name=\"twitter:label2\" content=\"Est. reading time\" \/>\n\t<meta name=\"twitter:data2\" content=\"2 minutes\" \/>\n<script type=\"application\/ld+json\" class=\"yoast-schema-graph\">{\"@context\":\"https:\/\/schema.org\",\"@graph\":[{\"@type\":\"Article\",\"@id\":\"https:\/\/www.smedemokrati.sk\/marian-kery-sa-za-fyzicky-utok-na-clena-demokratov-ma-vzdat-poslaneckeho-mandatu\/#article\",\"isPartOf\":{\"@id\":\"https:\/\/www.smedemokrati.sk\/marian-kery-sa-za-fyzicky-utok-na-clena-demokratov-ma-vzdat-poslaneckeho-mandatu\/\"},\"author\":{\"name\":\"miro.sopko\",\"@id\":\"https:\/\/www.smedemokrati.sk\/#\/schema\/person\/21f147c88d605aa7ded900e1e7c344ba\"},\"headline\":\"Mari\u00e1n K\u00e9ry sa za fyzick\u00fd \u00fatok na \u010dlena Demokratov m\u00e1 vzda\u0165 poslaneck\u00e9ho mand\u00e1tu\",\"datePublished\":\"2025-05-27T08:39:53+00:00\",\"dateModified\":\"2025-05-27T08:39:55+00:00\",\"mainEntityOfPage\":{\"@id\":\"https:\/\/www.smedemokrati.sk\/marian-kery-sa-za-fyzicky-utok-na-clena-demokratov-ma-vzdat-poslaneckeho-mandatu\/\"},\"wordCount\":329,\"publisher\":{\"@id\":\"https:\/\/www.smedemokrati.sk\/#organization\"},\"image\":{\"@id\":\"https:\/\/www.smedemokrati.sk\/marian-kery-sa-za-fyzicky-utok-na-clena-demokratov-ma-vzdat-poslaneckeho-mandatu\/#primaryimage\"},\"thumbnailUrl\":\"https:\/\/www.smedemokrati.sk\/wp-content\/uploads\/2025\/05\/kery-mandat.jpg\",\"articleSection\":[\"Tla\u010dov\u00e9 spr\u00e1vy\"],\"inLanguage\":\"en-US\"},{\"@type\":\"WebPage\",\"@id\":\"https:\/\/www.smedemokrati.sk\/marian-kery-sa-za-fyzicky-utok-na-clena-demokratov-ma-vzdat-poslaneckeho-mandatu\/\",\"url\":\"https:\/\/www.smedemokrati.sk\/marian-kery-sa-za-fyzicky-utok-na-clena-demokratov-ma-vzdat-poslaneckeho-mandatu\/\",\"name\":\"Mari\u00e1n K\u00e9ry sa za fyzick\u00fd \u00fatok na \u010dlena Demokratov m\u00e1 vzda\u0165 poslaneck\u00e9ho mand\u00e1tu\",\"isPartOf\":{\"@id\":\"https:\/\/www.smedemokrati.sk\/#website\"},\"primaryImageOfPage\":{\"@id\":\"https:\/\/www.smedemokrati.sk\/marian-kery-sa-za-fyzicky-utok-na-clena-demokratov-ma-vzdat-poslaneckeho-mandatu\/#primaryimage\"},\"image\":{\"@id\":\"https:\/\/www.smedemokrati.sk\/marian-kery-sa-za-fyzicky-utok-na-clena-demokratov-ma-vzdat-poslaneckeho-mandatu\/#primaryimage\"},\"thumbnailUrl\":\"https:\/\/www.smedemokrati.sk\/wp-content\/uploads\/2025\/05\/kery-mandat.jpg\",\"datePublished\":\"2025-05-27T08:39:53+00:00\",\"dateModified\":\"2025-05-27T08:39:55+00:00\",\"breadcrumb\":{\"@id\":\"https:\/\/www.smedemokrati.sk\/marian-kery-sa-za-fyzicky-utok-na-clena-demokratov-ma-vzdat-poslaneckeho-mandatu\/#breadcrumb\"},\"inLanguage\":\"en-US\",\"potentialAction\":[{\"@type\":\"ReadAction\",\"target\":[\"https:\/\/www.smedemokrati.sk\/marian-kery-sa-za-fyzicky-utok-na-clena-demokratov-ma-vzdat-poslaneckeho-mandatu\/\"]}]},{\"@type\":\"ImageObject\",\"inLanguage\":\"en-US\",\"@id\":\"https:\/\/www.smedemokrati.sk\/marian-kery-sa-za-fyzicky-utok-na-clena-demokratov-ma-vzdat-poslaneckeho-mandatu\/#primaryimage\",\"url\":\"https:\/\/www.smedemokrati.sk\/wp-content\/uploads\/2025\/05\/kery-mandat.jpg\",\"contentUrl\":\"https:\/\/www.smedemokrati.sk\/wp-content\/uploads\/2025\/05\/kery-mandat.jpg\",\"width\":842,\"height\":427},{\"@type\":\"BreadcrumbList\",\"@id\":\"https:\/\/www.smedemokrati.sk\/marian-kery-sa-za-fyzicky-utok-na-clena-demokratov-ma-vzdat-poslaneckeho-mandatu\/#breadcrumb\",\"itemListElement\":[{\"@type\":\"ListItem\",\"position\":1,\"name\":\"Domovsk\u00e1 str\u00e1nka\",\"item\":\"https:\/\/www.smedemokrati.sk\/\"},{\"@type\":\"ListItem\",\"position\":2,\"name\":\"Mari\u00e1n K\u00e9ry sa za fyzick\u00fd \u00fatok na \u010dlena Demokratov m\u00e1 vzda\u0165 poslaneck\u00e9ho mand\u00e1tu\"}]},{\"@type\":\"WebSite\",\"@id\":\"https:\/\/www.smedemokrati.sk\/#website\",\"url\":\"https:\/\/www.smedemokrati.sk\/\",\"name\":\"Smedemokrati.sk\",\"description\":\"Demokracia a slu\u0161nos\u0165 zv\u00ed\u0165az\u00ed\",\"publisher\":{\"@id\":\"https:\/\/www.smedemokrati.sk\/#organization\"},\"potentialAction\":[{\"@type\":\"SearchAction\",\"target\":{\"@type\":\"EntryPoint\",\"urlTemplate\":\"https:\/\/www.smedemokrati.sk\/?s={search_term_string}\"},\"query-input\":{\"@type\":\"PropertyValueSpecification\",\"valueRequired\":true,\"valueName\":\"search_term_string\"}}],\"inLanguage\":\"en-US\"},{\"@type\":\"Organization\",\"@id\":\"https:\/\/www.smedemokrati.sk\/#organization\",\"name\":\"Smedemokrati.sk\",\"url\":\"https:\/\/www.smedemokrati.sk\/\",\"logo\":{\"@type\":\"ImageObject\",\"inLanguage\":\"en-US\",\"@id\":\"https:\/\/www.smedemokrati.sk\/#\/schema\/logo\/image\/\",\"url\":\"https:\/\/www.smedemokrati.sk\/wp-content\/uploads\/2023\/04\/ff.002.jpeg\",\"contentUrl\":\"https:\/\/www.smedemokrati.sk\/wp-content\/uploads\/2023\/04\/ff.002.jpeg\",\"width\":640,\"height\":480,\"caption\":\"Smedemokrati.sk\"},\"image\":{\"@id\":\"https:\/\/www.smedemokrati.sk\/#\/schema\/logo\/image\/\"},\"sameAs\":[\"https:\/\/www.facebook.com\/smedemokrati2023\"]},{\"@type\":\"Person\",\"@id\":\"https:\/\/www.smedemokrati.sk\/#\/schema\/person\/21f147c88d605aa7ded900e1e7c344ba\",\"name\":\"miro.sopko\",\"image\":{\"@type\":\"ImageObject\",\"inLanguage\":\"en-US\",\"@id\":\"https:\/\/secure.gravatar.com\/avatar\/267e4a36f704376c109afe3a78740c1f5dd8675a2180a908699e7863c9247606?s=96&d=mm&r=g\",\"url\":\"https:\/\/secure.gravatar.com\/avatar\/267e4a36f704376c109afe3a78740c1f5dd8675a2180a908699e7863c9247606?s=96&d=mm&r=g\",\"contentUrl\":\"https:\/\/secure.gravatar.com\/avatar\/267e4a36f704376c109afe3a78740c1f5dd8675a2180a908699e7863c9247606?s=96&d=mm&r=g\",\"caption\":\"miro.sopko\"},\"url\":\"https:\/\/www.smedemokrati.sk\/en\/author\/miro-sopko\/\"}]}<\/script>\n<!-- \/ Yoast SEO plugin. -->","yoast_head_json":{"title":"Mari\u00e1n K\u00e9ry sa za fyzick\u00fd \u00fatok na \u010dlena Demokratov m\u00e1 vzda\u0165 poslaneck\u00e9ho mand\u00e1tu","robots":{"index":"index","follow":"follow","max-snippet":"max-snippet:-1","max-image-preview":"max-image-preview:large","max-video-preview":"max-video-preview:-1"},"canonical":"https:\/\/www.smedemokrati.sk\/en\/marian-kery-sa-za-fyzicky-utok-na-clena-demokratov-ma-vzdat-poslaneckeho-mandatu\/","og_locale":"en_US","og_type":"article","og_title":"[:sk]Mari\u00e1n K\u00e9ry sa za fyzick\u00fd \u00fatok na \u010dlena Demokratov m\u00e1 vzda\u0165 poslaneck\u00e9ho mand\u00e1tu[:] - Smedemokrati.sk","og_description":"Strana Demokrati vyz\u00fdva poslanca za SMER Mari\u00e1na K\u00e9ryho, aby sa po v\u010deraj\u0161om fyzickom \u00fatoku na Mareka P\u00e1len\u00edka, \u010dlena Demokratov, vzdal poslaneck\u00e9ho mand\u00e1tu. Strana z\u00e1rove\u0148 v tejto veci pod\u00e1va podnet na mand\u00e1tov\u00fd a imunitn\u00fd v\u00fdbor. \u201eJe toto nov\u00fd \u0161tandard, \u017ee poslanec a predseda v\u00fdboru N\u00e1rodnej rady za in\u00fd n\u00e1zor a realizovanie \u00fastavn\u00e9ho pr\u00e1va, teda zber podpisov [&hellip;]","og_url":"https:\/\/www.smedemokrati.sk\/en\/marian-kery-sa-za-fyzicky-utok-na-clena-demokratov-ma-vzdat-poslaneckeho-mandatu\/","og_site_name":"Smedemokrati.sk","article_publisher":"https:\/\/www.facebook.com\/smedemokrati2023","article_published_time":"2025-05-27T08:39:53+00:00","article_modified_time":"2025-05-27T08:39:55+00:00","og_image":[{"width":842,"height":427,"url":"https:\/\/www.smedemokrati.sk\/wp-content\/uploads\/2025\/05\/kery-mandat.jpg","type":"image\/jpeg"}],"author":"miro.sopko","twitter_card":"summary_large_image","twitter_misc":{"Written by":"miro.sopko","Est. reading time":"2 minutes"},"schema":{"@context":"https:\/\/schema.org","@graph":[{"@type":"Article","@id":"https:\/\/www.smedemokrati.sk\/marian-kery-sa-za-fyzicky-utok-na-clena-demokratov-ma-vzdat-poslaneckeho-mandatu\/#article","isPartOf":{"@id":"https:\/\/www.smedemokrati.sk\/marian-kery-sa-za-fyzicky-utok-na-clena-demokratov-ma-vzdat-poslaneckeho-mandatu\/"},"author":{"name":"miro.sopko","@id":"https:\/\/www.smedemokrati.sk\/#\/schema\/person\/21f147c88d605aa7ded900e1e7c344ba"},"headline":"Mari\u00e1n K\u00e9ry sa za fyzick\u00fd \u00fatok na \u010dlena Demokratov m\u00e1 vzda\u0165 poslaneck\u00e9ho mand\u00e1tu","datePublished":"2025-05-27T08:39:53+00:00","dateModified":"2025-05-27T08:39:55+00:00","mainEntityOfPage":{"@id":"https:\/\/www.smedemokrati.sk\/marian-kery-sa-za-fyzicky-utok-na-clena-demokratov-ma-vzdat-poslaneckeho-mandatu\/"},"wordCount":329,"publisher":{"@id":"https:\/\/www.smedemokrati.sk\/#organization"},"image":{"@id":"https:\/\/www.smedemokrati.sk\/marian-kery-sa-za-fyzicky-utok-na-clena-demokratov-ma-vzdat-poslaneckeho-mandatu\/#primaryimage"},"thumbnailUrl":"https:\/\/www.smedemokrati.sk\/wp-content\/uploads\/2025\/05\/kery-mandat.jpg","articleSection":["Tla\u010dov\u00e9 spr\u00e1vy"],"inLanguage":"en-US"},{"@type":"WebPage","@id":"https:\/\/www.smedemokrati.sk\/marian-kery-sa-za-fyzicky-utok-na-clena-demokratov-ma-vzdat-poslaneckeho-mandatu\/","url":"https:\/\/www.smedemokrati.sk\/marian-kery-sa-za-fyzicky-utok-na-clena-demokratov-ma-vzdat-poslaneckeho-mandatu\/","name":"Mari\u00e1n K\u00e9ry sa za fyzick\u00fd \u00fatok na \u010dlena Demokratov m\u00e1 vzda\u0165 poslaneck\u00e9ho mand\u00e1tu","isPartOf":{"@id":"https:\/\/www.smedemokrati.sk\/#website"},"primaryImageOfPage":{"@id":"https:\/\/www.smedemokrati.sk\/marian-kery-sa-za-fyzicky-utok-na-clena-demokratov-ma-vzdat-poslaneckeho-mandatu\/#primaryimage"},"image":{"@id":"https:\/\/www.smedemokrati.sk\/marian-kery-sa-za-fyzicky-utok-na-clena-demokratov-ma-vzdat-poslaneckeho-mandatu\/#primaryimage"},"thumbnailUrl":"https:\/\/www.smedemokrati.sk\/wp-content\/uploads\/2025\/05\/kery-mandat.jpg","datePublished":"2025-05-27T08:39:53+00:00","dateModified":"2025-05-27T08:39:55+00:00","breadcrumb":{"@id":"https:\/\/www.smedemokrati.sk\/marian-kery-sa-za-fyzicky-utok-na-clena-demokratov-ma-vzdat-poslaneckeho-mandatu\/#breadcrumb"},"inLanguage":"en-US","potentialAction":[{"@type":"ReadAction","target":["https:\/\/www.smedemokrati.sk\/marian-kery-sa-za-fyzicky-utok-na-clena-demokratov-ma-vzdat-poslaneckeho-mandatu\/"]}]},{"@type":"ImageObject","inLanguage":"en-US","@id":"https:\/\/www.smedemokrati.sk\/marian-kery-sa-za-fyzicky-utok-na-clena-demokratov-ma-vzdat-poslaneckeho-mandatu\/#primaryimage","url":"https:\/\/www.smedemokrati.sk\/wp-content\/uploads\/2025\/05\/kery-mandat.jpg","contentUrl":"https:\/\/www.smedemokrati.sk\/wp-content\/uploads\/2025\/05\/kery-mandat.jpg","width":842,"height":427},{"@type":"BreadcrumbList","@id":"https:\/\/www.smedemokrati.sk\/marian-kery-sa-za-fyzicky-utok-na-clena-demokratov-ma-vzdat-poslaneckeho-mandatu\/#breadcrumb","itemListElement":[{"@type":"ListItem","position":1,"name":"Domovsk\u00e1 str\u00e1nka","item":"https:\/\/www.smedemokrati.sk\/"},{"@type":"ListItem","position":2,"name":"Mari\u00e1n K\u00e9ry sa za fyzick\u00fd \u00fatok na \u010dlena Demokratov m\u00e1 vzda\u0165 poslaneck\u00e9ho mand\u00e1tu"}]},{"@type":"WebSite","@id":"https:\/\/www.smedemokrati.sk\/#website","url":"https:\/\/www.smedemokrati.sk\/","name":"Smedemokrati.sk","description":"Demokracia a slu\u0161nos\u0165 zv\u00ed\u0165az\u00ed","publisher":{"@id":"https:\/\/www.smedemokrati.sk\/#organization"},"potentialAction":[{"@type":"SearchAction","target":{"@type":"EntryPoint","urlTemplate":"https:\/\/www.smedemokrati.sk\/?s={search_term_string}"},"query-input":{"@type":"PropertyValueSpecification","valueRequired":true,"valueName":"search_term_string"}}],"inLanguage":"en-US"},{"@type":"Organization","@id":"https:\/\/www.smedemokrati.sk\/#organization","name":"Smedemokrati.sk","url":"https:\/\/www.smedemokrati.sk\/","logo":{"@type":"ImageObject","inLanguage":"en-US","@id":"https:\/\/www.smedemokrati.sk\/#\/schema\/logo\/image\/","url":"https:\/\/www.smedemokrati.sk\/wp-content\/uploads\/2023\/04\/ff.002.jpeg","contentUrl":"https:\/\/www.smedemokrati.sk\/wp-content\/uploads\/2023\/04\/ff.002.jpeg","width":640,"height":480,"caption":"Smedemokrati.sk"},"image":{"@id":"https:\/\/www.smedemokrati.sk\/#\/schema\/logo\/image\/"},"sameAs":["https:\/\/www.facebook.com\/smedemokrati2023"]},{"@type":"Person","@id":"https:\/\/www.smedemokrati.sk\/#\/schema\/person\/21f147c88d605aa7ded900e1e7c344ba","name":"miro.sopko","image":{"@type":"ImageObject","inLanguage":"en-US","@id":"https:\/\/secure.gravatar.com\/avatar\/267e4a36f704376c109afe3a78740c1f5dd8675a2180a908699e7863c9247606?s=96&d=mm&r=g","url":"https:\/\/secure.gravatar.com\/avatar\/267e4a36f704376c109afe3a78740c1f5dd8675a2180a908699e7863c9247606?s=96&d=mm&r=g","contentUrl":"https:\/\/secure.gravatar.com\/avatar\/267e4a36f704376c109afe3a78740c1f5dd8675a2180a908699e7863c9247606?s=96&d=mm&r=g","caption":"miro.sopko"},"url":"https:\/\/www.smedemokrati.sk\/en\/author\/miro-sopko\/"}]}},"_links":{"self":[{"href":"https:\/\/www.smedemokrati.sk\/en\/wp-json\/wp\/v2\/posts\/7323","targetHints":{"allow":["GET"]}}],"collection":[{"href":"https:\/\/www.smedemokrati.sk\/en\/wp-json\/wp\/v2\/posts"}],"about":[{"href":"https:\/\/www.smedemokrati.sk\/en\/wp-json\/wp\/v2\/types\/post"}],"author":[{"embeddable":true,"href":"https:\/\/www.smedemokrati.sk\/en\/wp-json\/wp\/v2\/users\/13"}],"replies":[{"embeddable":true,"href":"https:\/\/www.smedemokrati.sk\/en\/wp-json\/wp\/v2\/comments?post=7323"}],"version-history":[{"count":1,"href":"https:\/\/www.smedemokrati.sk\/en\/wp-json\/wp\/v2\/posts\/7323\/revisions"}],"predecessor-version":[{"id":7325,"href":"https:\/\/www.smedemokrati.sk\/en\/wp-json\/wp\/v2\/posts\/7323\/revisions\/7325"}],"wp:featuredmedia":[{"embeddable":true,"href":"https:\/\/www.smedemokrati.sk\/en\/wp-json\/wp\/v2\/media\/7324"}],"wp:attachment":[{"href":"https:\/\/www.smedemokrati.sk\/en\/wp-json\/wp\/v2\/media?parent=7323"}],"wp:term":[{"taxonomy":"category","embeddable":true,"href":"https:\/\/www.smedemokrati.sk\/en\/wp-json\/wp\/v2\/categories?post=7323"},{"taxonomy":"post_tag","embeddable":true,"href":"https:\/\/www.smedemokrati.sk\/en\/wp-json\/wp\/v2\/tags?post=7323"}],"curies":[{"name":"wp","href":"https:\/\/api.w.org\/{rel}","templated":true}]}}