{"id":7318,"date":"2025-05-26T16:49:44","date_gmt":"2025-05-26T15:49:44","guid":{"rendered":"https:\/\/www.smedemokrati.sk\/?p=7318"},"modified":"2025-05-26T16:49:45","modified_gmt":"2025-05-26T15:49:45","slug":"matecna-je-podozriva-ze-za-pravne-sluzby-dala-ako-sefka-spf-dala-neopravnene-183-mil-eur","status":"publish","type":"post","link":"https:\/\/www.smedemokrati.sk\/en\/matecna-je-podozriva-ze-za-pravne-sluzby-dala-ako-sefka-spf-dala-neopravnene-183-mil-eur\/","title":{"rendered":"Mate\u010dn\u00e1 je podozriv\u00e1, \u017ee za pr\u00e1vne slu\u017eby dala ako \u0161\u00e9fka SPF dala neopr\u00e1vnene 1,83 mil. eur"},"content":{"rendered":"<div id=\"fb-root\"><\/div>\n\n<p><strong>Na z\u00e1klade podan\u00ed Zuzany \u0160ubovej, predsedn\u00ed\u010dky Pir\u00e1tskej strany podal prokur\u00e1tor n\u00e1vrh na za\u010datie trestn\u00e9ho konania, kde je podozriv\u00e1 aj b\u00fdval\u00e1 ministerka Gabriela Mate\u010dn\u00e1. M\u00e1 \u00eds\u0165 o 1,83 mil. eur, ktor\u00e9 boli zrejme nez\u00e1konne pou\u017eit\u00e9 na pr\u00e1vne slu\u017eby v\u00a0\u010dase, ke\u010f Mate\u010dn\u00e1 bola \u0161\u00e9fkou SPF.\u00a0Smer a\u00a0Hlas v\u0161ak kritizuj\u00fa Demokratov a\u00a0pani \u0160ubov\u00fa, teda t\u00fdch \u010do s\u00a0odhaleniami prich\u00e1dzaj\u00fa a\u00a0upozor\u0148uj\u00fa na rozkr\u00e1danie verejn\u00fdch pe\u0148az\u00ed.<\/strong><\/p>\n\n\n\n<p><em>\u201eMinister Tak\u00e1\u010d ma v reakcii na moje odhalenia ozna\u010dil za Cintulovku, zlodejku spisov na P\u00f4dohospod\u00e1rskej platobnej agent\u00fare\u00a0a t\u00fa, ktor\u00e1 \u00fa\u010delovo skartovala vybran\u00e9 spisy. Kategoricky to odmietam. Tieto \u00fatoky ad hominem prich\u00e1dzaj\u00fa v\u017edy po na\u0161ich tla\u010dov\u00fdch konferenci\u00e1ch s\u00a0Demokratmi, kde poukazujeme na zlyhania ako v\u00a0rezorte Tak\u00e1\u010da, tak na PPA. V\u017edy som konala v zmysle z\u00e1kona a potvrdzuje to aj vy\u0161etrovanie v s\u00favislosti s trestn\u00fdm ozn\u00e1men\u00edm, ktor\u00e9 na m\u0148a podal ex\u0161\u00e9f PPA Jozef Ki\u0161\u0161. Preto podnik\u00e1m pr\u00e1vne kroky, a to trestnopr\u00e1vne ale aj civiln\u00e9 na ochranu mojej osobnosti za \u00fatoky, ktor\u00e9 na moju osobu prezentoval minister Tak\u00e1\u010d.&#8221;\u00a0<\/em>Otv\u00e1ra t\u00e9mu Zuzana \u0160ubov\u00e1, ktor\u00e1 na PPA p\u00f4sobila ako \u0161\u00e9fka protikorup\u010dnej sekcie.\u00a0<\/p>\n\n\n\n<p>Dnes predsedn\u00ed\u010dka Pir\u00e1tskej strany \u0160ubov\u00e1 \u010falej informuje, \u017ee Gabriela Mate\u010dn\u00e1 mala ako \u0161\u00e9fka Slovensk\u00e9ho pozemkov\u00e9ho fondu (SPF)\u00a0<em>\u00a0\u201eB\u00fdval\u00e1 ministerka p\u00f4dohospod\u00e1rstva Gabriela Mate\u010dn\u00e1, je z \u010dasu, kedy \u0161\u00e9fovala Slovensk\u00e9mu pozemkov\u00e9mu fondu, podozriv\u00e1, z nez\u00e1konn\u00e9ho \u0161af\u00e1renia v hodnote 1,83 mil. eur, ktor\u00e9 mali \u00eds\u0165 v prospech vybran\u00e9ho &#8220;hr\u00e1\u010da&#8221;. Na z\u00e1klade mojich zisten\u00ed a podan\u00ed toti\u017e vydal prokur\u00e1tor krajskej prokurat\u00fary z\u00e1v\u00e4zn\u00fd pokyn na za\u010datie trestn\u00e9ho konania pre poru\u0161enie spr\u00e1vy majetku, z ktor\u00e9ho je podozriv\u00e1\u00a0pr\u00e1ve Mate\u010dn\u00e1 a \u010fal\u0161\u00ed zamestnanci SPF.&#8221;\u00a0<\/em>Hovor\u00ed \u0160ubov\u00e1 a upres\u0148uje, \u017ee m\u00e1 \u00eds\u0165 financie za pr\u00e1vne slu\u017eby na SPF.<\/p>\n\n\n\n<p>Michal Ki\u010da poukazuje na \u010fal\u0161ie podozriv\u00e9 \u0161af\u00e1renie a zl\u00fd mana\u017ement, na ktor\u00fd v minulosti doplatili slovensk\u00ed farm\u00e1ri a op\u00e4\u0165 to bolo za \u00faradovania Gabriely Mate\u010dnej:<em>\u00a0\u201e27 mili\u00f3nov eur malo \u00eds\u0165 na podporu farm\u00e1rom, namiesto toho tieto peniaze Eur\u00f3pska komisia ve\u013emi opr\u00e1vnene zastavila, preto\u017ee pod veden\u00edm Gabriely Mate\u010dnej na ministerskom kresle bolo v\u00e1\u017ene podozrenie, \u017ee bud\u00fa, nazvem to, neefekt\u00edvne vynalo\u017een\u00e9. My sme e\u0161te koncom minul\u00e9ho roka vyzvali ministra Tarabu a\u00a0Tak\u00e1\u010da, aby tieto straty zosobnili Gabriele Mate\u010dnej. Odpove\u010f na n\u00e1\u0161 list nepri\u0161la, naopak najprv uva\u017eovali o\u00a0Mate\u010dnej ako o\u00a0ve\u013evyslankyni v\u00a0Slovinsku, nesk\u00f4r v\u0161ak pochopili mieru probl\u00e9mov a\u00a0odvolali ju aj z\u00a0poz\u00edcie \u0161t\u00e1tnej tajomn\u00ed\u010dky.&#8221;<\/em><\/p>\n\n\n\n<p><em>\u201eKa\u017ed\u00fd kto sa sna\u017e\u00ed pouk\u00e1za\u0165 na pochybn\u00e9 kroky vl\u00e1dy, tentoraz konkr\u00e9tne ministra Tak\u00e1\u010da je zastra\u0161ovan\u00fd a pod pa\u013ebou osobn\u00fdch invekt\u00edv. Rovnako aj Zuzana \u0160ubov\u00e1 s\u00a0ktorou sme ako prv\u00ed otvorili pandorinu skrinku s n\u00e1zvom haciendy pre vyvolen\u00fdch a \u0161af\u00e1renie na PPA. U\u017e mesiace prin\u00e1\u0161ame nov\u00e9 inform\u00e1cie o\u00a0zlyhaniach Fica, Tak\u00e1\u010da a\u00a0Kissa. Dnes miesto toho, aby sa vy\u0161etrovali tieto zlyhania na p\u00f4dohospod\u00e1rstve a\u00a0PPA Smer kri\u010d\u00ed na v\u0161etk\u00fdch okolo. Je neuverite\u013en\u00e9, ako maria v\u00fdbory ako maria vy\u0161etrovanie, ako sa tv\u00e1ria, \u017ee sa ni\u010d nestalo. Mili\u00f3ny eur pou\u017eitie na vily a\u00a0haciendy pre vyvolen\u00fdch, mili\u00f3ny vyplaten\u00e9 v\u00a0rozpore so z\u00e1konom, ale my po\u010d\u00favame Tak\u00e1\u010da a\u00a0Ga\u0161para ako kri\u010dia na Demokratov a\u00a0pani \u0160ubov\u00fa, \u017ee sme Cintulovci alebo in\u00e9 nezmysly. V\u00edtame, deleg\u00e1ciu z\u00a0Eur\u00f3pskeho parlamentu, preto\u017ee k\u00fdm Smer a\u00a0Hlas sa hraj\u00fa na potemkinovu dedinu, svet vid\u00ed ako klam\u00fa a\u00a0zneu\u017e\u00edvaj\u00fa verejn\u00e9 zdroje. Je evidentn\u00e9, \u017ee vl\u00e1dna koal\u00edcia nem\u00e1 z\u00e1ujem vy\u0161etrova\u0165, naopak chc\u00fa kry\u0165 zlyhania. Pre\u010do potom B\u00f6d\u00f6r chod\u00ed na \u00darad vl\u00e1dy? Pre\u010do Ga\u0161par a\u00a0\u0160utaj kri\u010dia, \u017ee tu sa chyst\u00e1 o\u010dier\u0148ovanie a\u00a0kriminaliz\u00e1cia vl\u00e1dnej koal\u00edcie. Preto\u017ee chc\u00fa prekry\u0165 svoje zlyhania a\u00a0pripravi\u0165 si p\u00f4du na kritiku z\u00a0Eur\u00f3pskej komisie a\u00a0zastavenie dot\u00e1ci\u00ed. Chcem v\u00a0mene strany Demokrati zopakova\u0165, \u017ee stoj\u00edme ako za pani \u0160ubovou, rovnako tak za v\u0161etk\u00fdmi, ktor\u00ed odha\u013euj\u00fa podozriv\u00e9 konanie \u0161t\u00e1tnej moci. Rovnako odkazujeme vl\u00e1dnej koal\u00edcii, n\u00e1s neuml\u010d\u00edte.&#8221;\u00a0<\/em>Uzavrel Juraj \u0160eliga, podpredseda Demokratov.<\/p>\n\n\n<div class=\"fb-video\" data-href=\"https:\/\/fb.watch\/zQ4lSpqgem\" data-allowfullscreen=\"true\" data-autoplay=\"false\" data-width=\"\" data-show-text=\"false\" data-show-captions=\"true\"><\/div>\n","protected":false},"excerpt":{"rendered":"<p>Na z\u00e1klade podan\u00ed Zuzany \u0160ubovej, predsedn\u00ed\u010dky Pir\u00e1tskej strany podal prokur\u00e1tor n\u00e1vrh na za\u010datie trestn\u00e9ho konania, kde je podozriv\u00e1 aj b\u00fdval\u00e1 ministerka Gabriela Mate\u010dn\u00e1. M\u00e1 \u00eds\u0165 o 1,83 mil. eur, ktor\u00e9 boli zrejme nez\u00e1konne pou\u017eit\u00e9 na pr\u00e1vne slu\u017eby v\u00a0\u010dase, ke\u010f Mate\u010dn\u00e1 bola \u0161\u00e9fkou SPF.\u00a0Smer a\u00a0Hlas v\u0161ak kritizuj\u00fa Demokratov a\u00a0pani \u0160ubov\u00fa, teda t\u00fdch \u010do s\u00a0odhaleniami prich\u00e1dzaj\u00fa a\u00a0upozor\u0148uj\u00fa [&hellip;]<\/p>\n","protected":false},"author":13,"featured_media":5304,"comment_status":"closed","ping_status":"closed","sticky":false,"template":"","format":"standard","meta":{"_acf_changed":false,"ngg_post_thumbnail":0,"footnotes":""},"categories":[4],"tags":[],"class_list":["post-7318","post","type-post","status-publish","format-standard","has-post-thumbnail","hentry","category-tlacove-spravy"],"acf":[],"yoast_head":"<!-- This site is optimized with the Yoast SEO plugin v27.2 - https:\/\/yoast.com\/product\/yoast-seo-wordpress\/ -->\n<title>Mate\u010dn\u00e1 je podozriv\u00e1, \u017ee za pr\u00e1vne slu\u017eby dala ako \u0161\u00e9fka SPF dala neopr\u00e1vnene 1,83 mil. eur<\/title>\n<meta name=\"robots\" content=\"index, follow, max-snippet:-1, max-image-preview:large, max-video-preview:-1\" \/>\n<link rel=\"canonical\" href=\"https:\/\/www.smedemokrati.sk\/en\/matecna-je-podozriva-ze-za-pravne-sluzby-dala-ako-sefka-spf-dala-neopravnene-183-mil-eur\/\" \/>\n<meta property=\"og:locale\" content=\"en_US\" \/>\n<meta property=\"og:locale:alternate\" content=\"cs_CZ\" \/>\n<meta property=\"og:locale:alternate\" content=\"hu_HU\" \/>\n<meta property=\"og:locale:alternate\" content=\"sk_SK\" \/>\n<meta property=\"og:locale:alternate\" content=\"sv_SE\" \/>\n<meta property=\"og:type\" content=\"article\" \/>\n<meta property=\"og:title\" content=\"Mate\u010dn\u00e1 je podozriv\u00e1, \u017ee za pr\u00e1vne slu\u017eby dala ako \u0161\u00e9fka SPF dala neopr\u00e1vnene 1,83 mil. eur\" \/>\n<meta property=\"og:description\" content=\"Na z\u00e1klade podan\u00ed Zuzany \u0160ubovej, predsedn\u00ed\u010dky Pir\u00e1tskej strany podal prokur\u00e1tor n\u00e1vrh na za\u010datie trestn\u00e9ho konania, kde je podozriv\u00e1 aj b\u00fdval\u00e1 ministerka Gabriela Mate\u010dn\u00e1. M\u00e1 \u00eds\u0165 o 1,83 mil. eur, ktor\u00e9 boli zrejme nez\u00e1konne pou\u017eit\u00e9 na pr\u00e1vne slu\u017eby v\u00a0\u010dase, ke\u010f Mate\u010dn\u00e1 bola \u0161\u00e9fkou SPF.\u00a0Smer a\u00a0Hlas v\u0161ak kritizuj\u00fa Demokratov a\u00a0pani \u0160ubov\u00fa, teda t\u00fdch \u010do s\u00a0odhaleniami prich\u00e1dzaj\u00fa a\u00a0upozor\u0148uj\u00fa [&hellip;]\" \/>\n<meta property=\"og:url\" content=\"https:\/\/www.smedemokrati.sk\/en\/matecna-je-podozriva-ze-za-pravne-sluzby-dala-ako-sefka-spf-dala-neopravnene-183-mil-eur\/\" \/>\n<meta property=\"og:site_name\" content=\"Smedemokrati.sk\" \/>\n<meta property=\"article:publisher\" content=\"https:\/\/www.facebook.com\/smedemokrati2023\" \/>\n<meta property=\"article:published_time\" content=\"2025-05-26T15:49:44+00:00\" \/>\n<meta property=\"article:modified_time\" content=\"2025-05-26T15:49:45+00:00\" \/>\n<meta property=\"og:image\" content=\"https:\/\/www.smedemokrati.sk\/wp-content\/uploads\/2024\/10\/matecna.jpg\" \/>\n\t<meta property=\"og:image:width\" content=\"990\" \/>\n\t<meta property=\"og:image:height\" content=\"660\" \/>\n\t<meta property=\"og:image:type\" content=\"image\/jpeg\" \/>\n<meta name=\"author\" content=\"miro.sopko\" \/>\n<meta name=\"twitter:card\" content=\"summary_large_image\" \/>\n<meta name=\"twitter:label1\" content=\"Written by\" \/>\n\t<meta name=\"twitter:data1\" content=\"miro.sopko\" \/>\n\t<meta name=\"twitter:label2\" content=\"Est. reading time\" \/>\n\t<meta name=\"twitter:data2\" content=\"4 minutes\" \/>\n<script type=\"application\/ld+json\" class=\"yoast-schema-graph\">{\"@context\":\"https:\/\/schema.org\",\"@graph\":[{\"@type\":\"Article\",\"@id\":\"https:\/\/www.smedemokrati.sk\/matecna-je-podozriva-ze-za-pravne-sluzby-dala-ako-sefka-spf-dala-neopravnene-183-mil-eur\/#article\",\"isPartOf\":{\"@id\":\"https:\/\/www.smedemokrati.sk\/matecna-je-podozriva-ze-za-pravne-sluzby-dala-ako-sefka-spf-dala-neopravnene-183-mil-eur\/\"},\"author\":{\"name\":\"miro.sopko\",\"@id\":\"https:\/\/www.smedemokrati.sk\/#\/schema\/person\/21f147c88d605aa7ded900e1e7c344ba\"},\"headline\":\"Mate\u010dn\u00e1 je podozriv\u00e1, \u017ee za pr\u00e1vne slu\u017eby dala ako \u0161\u00e9fka SPF dala neopr\u00e1vnene 1,83 mil. eur\",\"datePublished\":\"2025-05-26T15:49:44+00:00\",\"dateModified\":\"2025-05-26T15:49:45+00:00\",\"mainEntityOfPage\":{\"@id\":\"https:\/\/www.smedemokrati.sk\/matecna-je-podozriva-ze-za-pravne-sluzby-dala-ako-sefka-spf-dala-neopravnene-183-mil-eur\/\"},\"wordCount\":797,\"publisher\":{\"@id\":\"https:\/\/www.smedemokrati.sk\/#organization\"},\"image\":{\"@id\":\"https:\/\/www.smedemokrati.sk\/matecna-je-podozriva-ze-za-pravne-sluzby-dala-ako-sefka-spf-dala-neopravnene-183-mil-eur\/#primaryimage\"},\"thumbnailUrl\":\"https:\/\/www.smedemokrati.sk\/wp-content\/uploads\/2024\/10\/matecna.jpg\",\"articleSection\":[\"Tla\u010dov\u00e9 spr\u00e1vy\"],\"inLanguage\":\"en-US\"},{\"@type\":\"WebPage\",\"@id\":\"https:\/\/www.smedemokrati.sk\/matecna-je-podozriva-ze-za-pravne-sluzby-dala-ako-sefka-spf-dala-neopravnene-183-mil-eur\/\",\"url\":\"https:\/\/www.smedemokrati.sk\/matecna-je-podozriva-ze-za-pravne-sluzby-dala-ako-sefka-spf-dala-neopravnene-183-mil-eur\/\",\"name\":\"Mate\u010dn\u00e1 je podozriv\u00e1, \u017ee za pr\u00e1vne slu\u017eby dala ako \u0161\u00e9fka SPF dala neopr\u00e1vnene 1,83 mil. eur\",\"isPartOf\":{\"@id\":\"https:\/\/www.smedemokrati.sk\/#website\"},\"primaryImageOfPage\":{\"@id\":\"https:\/\/www.smedemokrati.sk\/matecna-je-podozriva-ze-za-pravne-sluzby-dala-ako-sefka-spf-dala-neopravnene-183-mil-eur\/#primaryimage\"},\"image\":{\"@id\":\"https:\/\/www.smedemokrati.sk\/matecna-je-podozriva-ze-za-pravne-sluzby-dala-ako-sefka-spf-dala-neopravnene-183-mil-eur\/#primaryimage\"},\"thumbnailUrl\":\"https:\/\/www.smedemokrati.sk\/wp-content\/uploads\/2024\/10\/matecna.jpg\",\"datePublished\":\"2025-05-26T15:49:44+00:00\",\"dateModified\":\"2025-05-26T15:49:45+00:00\",\"breadcrumb\":{\"@id\":\"https:\/\/www.smedemokrati.sk\/matecna-je-podozriva-ze-za-pravne-sluzby-dala-ako-sefka-spf-dala-neopravnene-183-mil-eur\/#breadcrumb\"},\"inLanguage\":\"en-US\",\"potentialAction\":[{\"@type\":\"ReadAction\",\"target\":[\"https:\/\/www.smedemokrati.sk\/matecna-je-podozriva-ze-za-pravne-sluzby-dala-ako-sefka-spf-dala-neopravnene-183-mil-eur\/\"]}]},{\"@type\":\"ImageObject\",\"inLanguage\":\"en-US\",\"@id\":\"https:\/\/www.smedemokrati.sk\/matecna-je-podozriva-ze-za-pravne-sluzby-dala-ako-sefka-spf-dala-neopravnene-183-mil-eur\/#primaryimage\",\"url\":\"https:\/\/www.smedemokrati.sk\/wp-content\/uploads\/2024\/10\/matecna.jpg\",\"contentUrl\":\"https:\/\/www.smedemokrati.sk\/wp-content\/uploads\/2024\/10\/matecna.jpg\",\"width\":990,\"height\":660},{\"@type\":\"BreadcrumbList\",\"@id\":\"https:\/\/www.smedemokrati.sk\/matecna-je-podozriva-ze-za-pravne-sluzby-dala-ako-sefka-spf-dala-neopravnene-183-mil-eur\/#breadcrumb\",\"itemListElement\":[{\"@type\":\"ListItem\",\"position\":1,\"name\":\"Domovsk\u00e1 str\u00e1nka\",\"item\":\"https:\/\/www.smedemokrati.sk\/\"},{\"@type\":\"ListItem\",\"position\":2,\"name\":\"Mate\u010dn\u00e1 je podozriv\u00e1, \u017ee za pr\u00e1vne slu\u017eby dala ako \u0161\u00e9fka SPF dala neopr\u00e1vnene 1,83 mil. eur\"}]},{\"@type\":\"WebSite\",\"@id\":\"https:\/\/www.smedemokrati.sk\/#website\",\"url\":\"https:\/\/www.smedemokrati.sk\/\",\"name\":\"Smedemokrati.sk\",\"description\":\"Demokracia a slu\u0161nos\u0165 zv\u00ed\u0165az\u00ed\",\"publisher\":{\"@id\":\"https:\/\/www.smedemokrati.sk\/#organization\"},\"potentialAction\":[{\"@type\":\"SearchAction\",\"target\":{\"@type\":\"EntryPoint\",\"urlTemplate\":\"https:\/\/www.smedemokrati.sk\/?s={search_term_string}\"},\"query-input\":{\"@type\":\"PropertyValueSpecification\",\"valueRequired\":true,\"valueName\":\"search_term_string\"}}],\"inLanguage\":\"en-US\"},{\"@type\":\"Organization\",\"@id\":\"https:\/\/www.smedemokrati.sk\/#organization\",\"name\":\"Smedemokrati.sk\",\"url\":\"https:\/\/www.smedemokrati.sk\/\",\"logo\":{\"@type\":\"ImageObject\",\"inLanguage\":\"en-US\",\"@id\":\"https:\/\/www.smedemokrati.sk\/#\/schema\/logo\/image\/\",\"url\":\"https:\/\/www.smedemokrati.sk\/wp-content\/uploads\/2023\/04\/ff.002.jpeg\",\"contentUrl\":\"https:\/\/www.smedemokrati.sk\/wp-content\/uploads\/2023\/04\/ff.002.jpeg\",\"width\":640,\"height\":480,\"caption\":\"Smedemokrati.sk\"},\"image\":{\"@id\":\"https:\/\/www.smedemokrati.sk\/#\/schema\/logo\/image\/\"},\"sameAs\":[\"https:\/\/www.facebook.com\/smedemokrati2023\"]},{\"@type\":\"Person\",\"@id\":\"https:\/\/www.smedemokrati.sk\/#\/schema\/person\/21f147c88d605aa7ded900e1e7c344ba\",\"name\":\"miro.sopko\",\"image\":{\"@type\":\"ImageObject\",\"inLanguage\":\"en-US\",\"@id\":\"https:\/\/secure.gravatar.com\/avatar\/267e4a36f704376c109afe3a78740c1f5dd8675a2180a908699e7863c9247606?s=96&d=mm&r=g\",\"url\":\"https:\/\/secure.gravatar.com\/avatar\/267e4a36f704376c109afe3a78740c1f5dd8675a2180a908699e7863c9247606?s=96&d=mm&r=g\",\"contentUrl\":\"https:\/\/secure.gravatar.com\/avatar\/267e4a36f704376c109afe3a78740c1f5dd8675a2180a908699e7863c9247606?s=96&d=mm&r=g\",\"caption\":\"miro.sopko\"},\"url\":\"https:\/\/www.smedemokrati.sk\/en\/author\/miro-sopko\/\"}]}<\/script>\n<!-- \/ Yoast SEO plugin. -->","yoast_head_json":{"title":"Mate\u010dn\u00e1 je podozriv\u00e1, \u017ee za pr\u00e1vne slu\u017eby dala ako \u0161\u00e9fka SPF dala neopr\u00e1vnene 1,83 mil. eur","robots":{"index":"index","follow":"follow","max-snippet":"max-snippet:-1","max-image-preview":"max-image-preview:large","max-video-preview":"max-video-preview:-1"},"canonical":"https:\/\/www.smedemokrati.sk\/en\/matecna-je-podozriva-ze-za-pravne-sluzby-dala-ako-sefka-spf-dala-neopravnene-183-mil-eur\/","og_locale":"en_US","og_type":"article","og_title":"[:sk]Mate\u010dn\u00e1 je podozriv\u00e1, \u017ee za pr\u00e1vne slu\u017eby dala ako \u0161\u00e9fka SPF dala neopr\u00e1vnene 1,83 mil. eur[:] - Smedemokrati.sk","og_description":"Na z\u00e1klade podan\u00ed Zuzany \u0160ubovej, predsedn\u00ed\u010dky Pir\u00e1tskej strany podal prokur\u00e1tor n\u00e1vrh na za\u010datie trestn\u00e9ho konania, kde je podozriv\u00e1 aj b\u00fdval\u00e1 ministerka Gabriela Mate\u010dn\u00e1. M\u00e1 \u00eds\u0165 o 1,83 mil. eur, ktor\u00e9 boli zrejme nez\u00e1konne pou\u017eit\u00e9 na pr\u00e1vne slu\u017eby v\u00a0\u010dase, ke\u010f Mate\u010dn\u00e1 bola \u0161\u00e9fkou SPF.\u00a0Smer a\u00a0Hlas v\u0161ak kritizuj\u00fa Demokratov a\u00a0pani \u0160ubov\u00fa, teda t\u00fdch \u010do s\u00a0odhaleniami prich\u00e1dzaj\u00fa a\u00a0upozor\u0148uj\u00fa [&hellip;]","og_url":"https:\/\/www.smedemokrati.sk\/en\/matecna-je-podozriva-ze-za-pravne-sluzby-dala-ako-sefka-spf-dala-neopravnene-183-mil-eur\/","og_site_name":"Smedemokrati.sk","article_publisher":"https:\/\/www.facebook.com\/smedemokrati2023","article_published_time":"2025-05-26T15:49:44+00:00","article_modified_time":"2025-05-26T15:49:45+00:00","og_image":[{"width":990,"height":660,"url":"https:\/\/www.smedemokrati.sk\/wp-content\/uploads\/2024\/10\/matecna.jpg","type":"image\/jpeg"}],"author":"miro.sopko","twitter_card":"summary_large_image","twitter_misc":{"Written by":"miro.sopko","Est. reading time":"4 minutes"},"schema":{"@context":"https:\/\/schema.org","@graph":[{"@type":"Article","@id":"https:\/\/www.smedemokrati.sk\/matecna-je-podozriva-ze-za-pravne-sluzby-dala-ako-sefka-spf-dala-neopravnene-183-mil-eur\/#article","isPartOf":{"@id":"https:\/\/www.smedemokrati.sk\/matecna-je-podozriva-ze-za-pravne-sluzby-dala-ako-sefka-spf-dala-neopravnene-183-mil-eur\/"},"author":{"name":"miro.sopko","@id":"https:\/\/www.smedemokrati.sk\/#\/schema\/person\/21f147c88d605aa7ded900e1e7c344ba"},"headline":"Mate\u010dn\u00e1 je podozriv\u00e1, \u017ee za pr\u00e1vne slu\u017eby dala ako \u0161\u00e9fka SPF dala neopr\u00e1vnene 1,83 mil. eur","datePublished":"2025-05-26T15:49:44+00:00","dateModified":"2025-05-26T15:49:45+00:00","mainEntityOfPage":{"@id":"https:\/\/www.smedemokrati.sk\/matecna-je-podozriva-ze-za-pravne-sluzby-dala-ako-sefka-spf-dala-neopravnene-183-mil-eur\/"},"wordCount":797,"publisher":{"@id":"https:\/\/www.smedemokrati.sk\/#organization"},"image":{"@id":"https:\/\/www.smedemokrati.sk\/matecna-je-podozriva-ze-za-pravne-sluzby-dala-ako-sefka-spf-dala-neopravnene-183-mil-eur\/#primaryimage"},"thumbnailUrl":"https:\/\/www.smedemokrati.sk\/wp-content\/uploads\/2024\/10\/matecna.jpg","articleSection":["Tla\u010dov\u00e9 spr\u00e1vy"],"inLanguage":"en-US"},{"@type":"WebPage","@id":"https:\/\/www.smedemokrati.sk\/matecna-je-podozriva-ze-za-pravne-sluzby-dala-ako-sefka-spf-dala-neopravnene-183-mil-eur\/","url":"https:\/\/www.smedemokrati.sk\/matecna-je-podozriva-ze-za-pravne-sluzby-dala-ako-sefka-spf-dala-neopravnene-183-mil-eur\/","name":"Mate\u010dn\u00e1 je podozriv\u00e1, \u017ee za pr\u00e1vne slu\u017eby dala ako \u0161\u00e9fka SPF dala neopr\u00e1vnene 1,83 mil. eur","isPartOf":{"@id":"https:\/\/www.smedemokrati.sk\/#website"},"primaryImageOfPage":{"@id":"https:\/\/www.smedemokrati.sk\/matecna-je-podozriva-ze-za-pravne-sluzby-dala-ako-sefka-spf-dala-neopravnene-183-mil-eur\/#primaryimage"},"image":{"@id":"https:\/\/www.smedemokrati.sk\/matecna-je-podozriva-ze-za-pravne-sluzby-dala-ako-sefka-spf-dala-neopravnene-183-mil-eur\/#primaryimage"},"thumbnailUrl":"https:\/\/www.smedemokrati.sk\/wp-content\/uploads\/2024\/10\/matecna.jpg","datePublished":"2025-05-26T15:49:44+00:00","dateModified":"2025-05-26T15:49:45+00:00","breadcrumb":{"@id":"https:\/\/www.smedemokrati.sk\/matecna-je-podozriva-ze-za-pravne-sluzby-dala-ako-sefka-spf-dala-neopravnene-183-mil-eur\/#breadcrumb"},"inLanguage":"en-US","potentialAction":[{"@type":"ReadAction","target":["https:\/\/www.smedemokrati.sk\/matecna-je-podozriva-ze-za-pravne-sluzby-dala-ako-sefka-spf-dala-neopravnene-183-mil-eur\/"]}]},{"@type":"ImageObject","inLanguage":"en-US","@id":"https:\/\/www.smedemokrati.sk\/matecna-je-podozriva-ze-za-pravne-sluzby-dala-ako-sefka-spf-dala-neopravnene-183-mil-eur\/#primaryimage","url":"https:\/\/www.smedemokrati.sk\/wp-content\/uploads\/2024\/10\/matecna.jpg","contentUrl":"https:\/\/www.smedemokrati.sk\/wp-content\/uploads\/2024\/10\/matecna.jpg","width":990,"height":660},{"@type":"BreadcrumbList","@id":"https:\/\/www.smedemokrati.sk\/matecna-je-podozriva-ze-za-pravne-sluzby-dala-ako-sefka-spf-dala-neopravnene-183-mil-eur\/#breadcrumb","itemListElement":[{"@type":"ListItem","position":1,"name":"Domovsk\u00e1 str\u00e1nka","item":"https:\/\/www.smedemokrati.sk\/"},{"@type":"ListItem","position":2,"name":"Mate\u010dn\u00e1 je podozriv\u00e1, \u017ee za pr\u00e1vne slu\u017eby dala ako \u0161\u00e9fka SPF dala neopr\u00e1vnene 1,83 mil. eur"}]},{"@type":"WebSite","@id":"https:\/\/www.smedemokrati.sk\/#website","url":"https:\/\/www.smedemokrati.sk\/","name":"Smedemokrati.sk","description":"Demokracia a slu\u0161nos\u0165 zv\u00ed\u0165az\u00ed","publisher":{"@id":"https:\/\/www.smedemokrati.sk\/#organization"},"potentialAction":[{"@type":"SearchAction","target":{"@type":"EntryPoint","urlTemplate":"https:\/\/www.smedemokrati.sk\/?s={search_term_string}"},"query-input":{"@type":"PropertyValueSpecification","valueRequired":true,"valueName":"search_term_string"}}],"inLanguage":"en-US"},{"@type":"Organization","@id":"https:\/\/www.smedemokrati.sk\/#organization","name":"Smedemokrati.sk","url":"https:\/\/www.smedemokrati.sk\/","logo":{"@type":"ImageObject","inLanguage":"en-US","@id":"https:\/\/www.smedemokrati.sk\/#\/schema\/logo\/image\/","url":"https:\/\/www.smedemokrati.sk\/wp-content\/uploads\/2023\/04\/ff.002.jpeg","contentUrl":"https:\/\/www.smedemokrati.sk\/wp-content\/uploads\/2023\/04\/ff.002.jpeg","width":640,"height":480,"caption":"Smedemokrati.sk"},"image":{"@id":"https:\/\/www.smedemokrati.sk\/#\/schema\/logo\/image\/"},"sameAs":["https:\/\/www.facebook.com\/smedemokrati2023"]},{"@type":"Person","@id":"https:\/\/www.smedemokrati.sk\/#\/schema\/person\/21f147c88d605aa7ded900e1e7c344ba","name":"miro.sopko","image":{"@type":"ImageObject","inLanguage":"en-US","@id":"https:\/\/secure.gravatar.com\/avatar\/267e4a36f704376c109afe3a78740c1f5dd8675a2180a908699e7863c9247606?s=96&d=mm&r=g","url":"https:\/\/secure.gravatar.com\/avatar\/267e4a36f704376c109afe3a78740c1f5dd8675a2180a908699e7863c9247606?s=96&d=mm&r=g","contentUrl":"https:\/\/secure.gravatar.com\/avatar\/267e4a36f704376c109afe3a78740c1f5dd8675a2180a908699e7863c9247606?s=96&d=mm&r=g","caption":"miro.sopko"},"url":"https:\/\/www.smedemokrati.sk\/en\/author\/miro-sopko\/"}]}},"_links":{"self":[{"href":"https:\/\/www.smedemokrati.sk\/en\/wp-json\/wp\/v2\/posts\/7318","targetHints":{"allow":["GET"]}}],"collection":[{"href":"https:\/\/www.smedemokrati.sk\/en\/wp-json\/wp\/v2\/posts"}],"about":[{"href":"https:\/\/www.smedemokrati.sk\/en\/wp-json\/wp\/v2\/types\/post"}],"author":[{"embeddable":true,"href":"https:\/\/www.smedemokrati.sk\/en\/wp-json\/wp\/v2\/users\/13"}],"replies":[{"embeddable":true,"href":"https:\/\/www.smedemokrati.sk\/en\/wp-json\/wp\/v2\/comments?post=7318"}],"version-history":[{"count":1,"href":"https:\/\/www.smedemokrati.sk\/en\/wp-json\/wp\/v2\/posts\/7318\/revisions"}],"predecessor-version":[{"id":7319,"href":"https:\/\/www.smedemokrati.sk\/en\/wp-json\/wp\/v2\/posts\/7318\/revisions\/7319"}],"wp:featuredmedia":[{"embeddable":true,"href":"https:\/\/www.smedemokrati.sk\/en\/wp-json\/wp\/v2\/media\/5304"}],"wp:attachment":[{"href":"https:\/\/www.smedemokrati.sk\/en\/wp-json\/wp\/v2\/media?parent=7318"}],"wp:term":[{"taxonomy":"category","embeddable":true,"href":"https:\/\/www.smedemokrati.sk\/en\/wp-json\/wp\/v2\/categories?post=7318"},{"taxonomy":"post_tag","embeddable":true,"href":"https:\/\/www.smedemokrati.sk\/en\/wp-json\/wp\/v2\/tags?post=7318"}],"curies":[{"name":"wp","href":"https:\/\/api.w.org\/{rel}","templated":true}]}}