{"id":7315,"date":"2025-05-23T19:13:00","date_gmt":"2025-05-23T18:13:00","guid":{"rendered":"https:\/\/www.smedemokrati.sk\/?p=7315"},"modified":"2025-05-26T07:26:51","modified_gmt":"2025-05-26T06:26:51","slug":"pre-porusenie-zakona-pri-zonacii-tanap-u-sme-sa-obratili-na-prokuraturu-a-ziadame-krizove-opatrenia-planu-obnovy","status":"publish","type":"post","link":"https:\/\/www.smedemokrati.sk\/en\/pre-porusenie-zakona-pri-zonacii-tanap-u-sme-sa-obratili-na-prokuraturu-a-ziadame-krizove-opatrenia-planu-obnovy\/","title":{"rendered":"Pre poru\u0161enie z\u00e1kona pri zon\u00e1cii TANAP-u sme sa obr\u00e1tili na prokurat\u00faru a \u017eiadame kr\u00edzov\u00e9 opatrenia pl\u00e1nu obnovy"},"content":{"rendered":"<div id=\"fb-root\"><\/div>\n\n<p><strong>N\u00e1vrh zon\u00e1cie Tatransk\u00e9ho n\u00e1rodn\u00e9ho parku (TANAP) poru\u0161uje z\u00e1kon o ochrane pr\u00edrody a krajiny, ke\u010f\u017ee spolu s n\u00edm nebol zverejnen\u00fd aj n\u00e1vrh programu starostlivosti o n\u00e1rodn\u00fd park. Pre zjavn\u00e9 poru\u0161enie z\u00e1kona sme sa dnes obr\u00e1tili na Krajsk\u00fa prokurat\u00faru v Pre\u0161ove s podnetom na pre\u0161etrenie postupu Okresn\u00e9ho \u00faradu Pre\u0161ov a Spr\u00e1vy TANAP-u. Flagrantn\u00e9 nere\u0161pektovanie z\u00e1kona po\u0161kodzuje pr\u00e1va vlastn\u00edkov a vyvol\u00e1va z\u00e1va\u017en\u00e9 pochybnosti o odbornej str\u00e1nke procesu zon\u00e1ci\u00ed, za ktor\u00e9 zodpovedaj\u00fa minister Taraba a \u0161t\u00e1tny tajomn\u00edk Filip Kuffa. Vyz\u00fdvame podpredsedu vl\u00e1dy pre pl\u00e1n obnovy Petra Kmeca, aby s \u00faradom vl\u00e1dy za\u010dal monitorova\u0165 proces zon\u00e1ci\u00ed a pripravil vl\u00e1de n\u00e1vrh kr\u00edzov\u00fdch opatren\u00ed, ke\u010f\u017ee ide o z\u00e1v\u00e4zn\u00fd m\u00ed\u013enik pl\u00e1nu obnovy.<\/strong><\/p>\n\n\n\n<p>N\u00e1vrh zon\u00e1cie TANAP-u, ku ktor\u00e9mu sa verejne prihl\u00e1sil \u0161t\u00e1tny tajomn\u00edk envirorezortu Filip Kuffa, zverejnil na \u00faradnej tabuli Okresn\u00fd \u00farad Pre\u0161ov 13. m\u00e1ja. N\u00e1vrh zon\u00e1cie v\u0161ak neobsahuje aj n\u00e1vrh programu starostlivosti o n\u00e1rodn\u00fd park, hoci to z\u00e1kon o ochrane pr\u00edrody a krajiny v paragrafe 54 ods. 20 jednozna\u010dne vy\u017eaduje. \u201e<em>Program starostlivosti je k\u013e\u00fa\u010dov\u00fdm dokumentom aj pre ne\u0161t\u00e1tnych vlastn\u00edkov, preto\u017ee podrobne upravuje opatrenia na dosiahnutie cie\u013eov ochrany n\u00e1rodn\u00e9ho parku, \u010do m\u00f4\u017ee ma\u0165 vplyv na ich obmedzenia a sp\u00f4sob ur\u010denia finan\u010dnej n\u00e1hrady. D\u00f4sledkom poru\u0161enia z\u00e1kona je znemo\u017enenie \u00fa\u010dinnej ochrany ich pr\u00e1v ako aj obmedzenie verejnej kontroly n\u00e1vrhu zo strany ochran\u00e1rskych organiz\u00e1ci\u00ed. Pre jednozna\u010dn\u00e9 a z\u00e1va\u017en\u00e9 poru\u0161enie z\u00e1kona sme dnes doru\u010dili podnet Krajskej prokurat\u00fare v Pre\u0161ove, od ktorej po\u017eadujeme zjednanie n\u00e1pravy. V minulosti bolo toto ustanovenie v\u017edy re\u0161pektovan\u00e9, napokon, n\u00e1vrh programu starostlivosti zverejnili aj pri ich zon\u00e1cii Malej Fatry. Najr\u00fdchlej\u0161\u00edm rie\u0161en\u00edm by v tejto situ\u00e1cii bolo stiahnutie n\u00e1vrhu zon\u00e1cie e\u0161te pred z\u00e1sahom prokurat\u00fary a jej op\u00e4tovn\u00e9 predlo\u017eenie v s\u00falade so z\u00e1konom, teda spolu s programom starostlivosti a v skuto\u010dne odbornej kvalite, na \u010do Filipa Kuffu vyz\u00fdvame,<\/em>\u201d uviedol Michal Ki\u010da, enviroexpert Demokratov.<\/p>\n\n\n\n<p>Zon\u00e1cia TANAP-u je neakceptovate\u013en\u00e1 aj z odbornej str\u00e1nky, ke\u010f\u017ee \u0161okuj\u00faco oslabuje ochranu pr\u00edrody n\u00e1\u0161ho najv\u00e4\u010d\u0161ieho a najstar\u0161ieho n\u00e1rodn\u00e9ho parku. Filip Kuffa nielen\u017ee nedok\u00e1\u017ee pripravi\u0165 aspo\u0148 minim\u00e1lne akceptovate\u013en\u00fd odborn\u00fd n\u00e1vrh, av\u0161ak nedok\u00e1\u017ee zabezpe\u010di\u0165 ani element\u00e1rnu z\u00e1konnos\u0165 tohto procesu. A to na \u00fakor ne\u0161t\u00e1tnych vlastn\u00edkov, ktor\u00fdmi sa v\u017edy za\u0161ti\u0165oval. \u201e<em>Nerozpr\u00e1vame sa o tom, ak\u00fa zon\u00e1ciu by sme chceli, ale o jeho neschopnosti dodr\u017ea\u0165 z\u00e1kon. Po jeho fiasku s\u00a0\u00a0novelou ochrany pr\u00edrody a krajiny, ktor\u00fa v stredu mimoriadne skritizovala vl\u00e1da, ide o druh\u00fd pr\u00edklad preukazuj\u00faci jeho hrub\u00fa neznalos\u0165 z\u00e1kona o ochrane pr\u00edrody a krajiny. Potvrdzuje sa tak jeho nesp\u00f4sobilos\u0165 riadi\u0165 proces zon\u00e1cie n\u00e1rodn\u00fdch parkov, pred \u010d\u00edm zatv\u00e1ra o\u010di aj minister Taraba,<\/em>\u201d vysvet\u013euje Michal Ki\u010da.<\/p>\n\n\n\n<p>Nekompetentnos\u0165 Filipa Kuffu ohrozuje aj plnenie pl\u00e1nu obnovy, ke\u010f\u017ee prijatie odborn\u00fdch zon\u00e1ci\u00ed n\u00e1rodn\u00fdch parkov sa stalo z\u00e1v\u00e4zn\u00fdm m\u00ed\u013enikom pl\u00e1nu obnovy. Tarabove a Kuffove zon\u00e1cie nielen\u017ee nere\u0161pektuj\u00fa z\u00e1kladn\u00e9 z\u00e1konn\u00e9 ustanovenia, ale v rozpore s pl\u00e1nom obnovy preuk\u00e1zate\u013ene nezabezpe\u010duj\u00fa ochranu lokal\u00edt s v\u00fdskytom hluch\u00e1\u0148a h\u00f4rneho a vz\u00e1cnych pralesov. \u201e<em>Vyz\u00fdvame podpredsedu vl\u00e1dy pre pl\u00e1n obnovy Petra Kmeca, aby v s\u00falade so z\u00e1konom o mechanizme na podporu obnovy a odolnosti za\u010dal vykon\u00e1va\u0165 doh\u013ead nad \u010dinnos\u0165ou envirorezortu a navrhol vl\u00e1de prijatie kr\u00edzov\u00fdch opatren\u00ed. Pokia\u013e ponech\u00e1me zon\u00e1cie na nekompetentn\u00e9 duo Taraba a Kuffa, vl\u00e1da ohroz\u00ed nielen pr\u00edrodu v n\u00e1rodn\u00fdch parkoch ale aj prospe\u0161n\u00e9 invest\u00edcie pl\u00e1nu obnovy, ktor\u00e9 maj\u00fa sl\u00fa\u017ei\u0165 v\u0161etk\u00fdm ob\u010danom,<\/em>\u201d uzavrel Michal Ki\u010da.\u00a0\u00a0<\/p>\n\n\n<div class=\"fb-video\" data-href=\"https:\/\/www.facebook.com\/reel\/1007486918230121\" data-allowfullscreen=\"true\" data-autoplay=\"false\" data-width=\"\" data-show-text=\"false\" data-show-captions=\"true\"><\/div>\n","protected":false},"excerpt":{"rendered":"<p>N\u00e1vrh zon\u00e1cie Tatransk\u00e9ho n\u00e1rodn\u00e9ho parku (TANAP) poru\u0161uje z\u00e1kon o ochrane pr\u00edrody a krajiny, ke\u010f\u017ee spolu s n\u00edm nebol zverejnen\u00fd aj n\u00e1vrh programu starostlivosti o n\u00e1rodn\u00fd park. Pre zjavn\u00e9 poru\u0161enie z\u00e1kona sme sa dnes obr\u00e1tili na Krajsk\u00fa prokurat\u00faru v Pre\u0161ove s podnetom na pre\u0161etrenie postupu Okresn\u00e9ho \u00faradu Pre\u0161ov a Spr\u00e1vy TANAP-u. Flagrantn\u00e9 nere\u0161pektovanie z\u00e1kona po\u0161kodzuje pr\u00e1va [&hellip;]<\/p>\n","protected":false},"author":13,"featured_media":2486,"comment_status":"closed","ping_status":"closed","sticky":false,"template":"","format":"standard","meta":{"_acf_changed":false,"ngg_post_thumbnail":0,"footnotes":""},"categories":[1],"tags":[],"class_list":["post-7315","post","type-post","status-publish","format-standard","has-post-thumbnail","hentry","category-uncategorized"],"acf":[],"yoast_head":"<!-- This site is optimized with the Yoast SEO plugin v27.2 - https:\/\/yoast.com\/product\/yoast-seo-wordpress\/ -->\n<title>Pre poru\u0161enie z\u00e1kona pri zon\u00e1cii TANAP-u sme sa obr\u00e1tili na prokurat\u00faru a \u017eiadame kr\u00edzov\u00e9 opatrenia pl\u00e1nu obnovy<\/title>\n<meta name=\"robots\" content=\"index, follow, max-snippet:-1, max-image-preview:large, max-video-preview:-1\" \/>\n<link rel=\"canonical\" href=\"https:\/\/www.smedemokrati.sk\/en\/pre-porusenie-zakona-pri-zonacii-tanap-u-sme-sa-obratili-na-prokuraturu-a-ziadame-krizove-opatrenia-planu-obnovy\/\" \/>\n<meta property=\"og:locale\" content=\"en_US\" \/>\n<meta property=\"og:locale:alternate\" content=\"cs_CZ\" \/>\n<meta property=\"og:locale:alternate\" content=\"hu_HU\" \/>\n<meta property=\"og:locale:alternate\" content=\"sk_SK\" \/>\n<meta property=\"og:locale:alternate\" content=\"sv_SE\" \/>\n<meta property=\"og:type\" content=\"article\" \/>\n<meta property=\"og:title\" content=\"Pre poru\u0161enie z\u00e1kona pri zon\u00e1cii TANAP-u sme sa obr\u00e1tili na prokurat\u00faru a \u017eiadame kr\u00edzov\u00e9 opatrenia pl\u00e1nu obnovy\" \/>\n<meta property=\"og:description\" content=\"N\u00e1vrh zon\u00e1cie Tatransk\u00e9ho n\u00e1rodn\u00e9ho parku (TANAP) poru\u0161uje z\u00e1kon o ochrane pr\u00edrody a krajiny, ke\u010f\u017ee spolu s n\u00edm nebol zverejnen\u00fd aj n\u00e1vrh programu starostlivosti o n\u00e1rodn\u00fd park. Pre zjavn\u00e9 poru\u0161enie z\u00e1kona sme sa dnes obr\u00e1tili na Krajsk\u00fa prokurat\u00faru v Pre\u0161ove s podnetom na pre\u0161etrenie postupu Okresn\u00e9ho \u00faradu Pre\u0161ov a Spr\u00e1vy TANAP-u. Flagrantn\u00e9 nere\u0161pektovanie z\u00e1kona po\u0161kodzuje pr\u00e1va [&hellip;]\" \/>\n<meta property=\"og:url\" content=\"https:\/\/www.smedemokrati.sk\/en\/pre-porusenie-zakona-pri-zonacii-tanap-u-sme-sa-obratili-na-prokuraturu-a-ziadame-krizove-opatrenia-planu-obnovy\/\" \/>\n<meta property=\"og:site_name\" content=\"Smedemokrati.sk\" \/>\n<meta property=\"article:publisher\" content=\"https:\/\/www.facebook.com\/smedemokrati2023\" \/>\n<meta property=\"article:published_time\" content=\"2025-05-23T18:13:00+00:00\" \/>\n<meta property=\"article:modified_time\" content=\"2025-05-26T06:26:51+00:00\" \/>\n<meta property=\"og:image\" content=\"https:\/\/www.smedemokrati.sk\/wp-content\/uploads\/2024\/01\/Kica.jpg\" \/>\n\t<meta property=\"og:image:width\" content=\"1901\" \/>\n\t<meta property=\"og:image:height\" content=\"1066\" \/>\n\t<meta property=\"og:image:type\" content=\"image\/jpeg\" \/>\n<meta name=\"author\" content=\"miro.sopko\" \/>\n<meta name=\"twitter:card\" content=\"summary_large_image\" \/>\n<meta name=\"twitter:label1\" content=\"Written by\" \/>\n\t<meta name=\"twitter:data1\" content=\"miro.sopko\" \/>\n\t<meta name=\"twitter:label2\" content=\"Est. reading time\" \/>\n\t<meta name=\"twitter:data2\" content=\"3 minutes\" \/>\n<script type=\"application\/ld+json\" class=\"yoast-schema-graph\">{\"@context\":\"https:\/\/schema.org\",\"@graph\":[{\"@type\":\"Article\",\"@id\":\"https:\/\/www.smedemokrati.sk\/pre-porusenie-zakona-pri-zonacii-tanap-u-sme-sa-obratili-na-prokuraturu-a-ziadame-krizove-opatrenia-planu-obnovy\/#article\",\"isPartOf\":{\"@id\":\"https:\/\/www.smedemokrati.sk\/pre-porusenie-zakona-pri-zonacii-tanap-u-sme-sa-obratili-na-prokuraturu-a-ziadame-krizove-opatrenia-planu-obnovy\/\"},\"author\":{\"name\":\"miro.sopko\",\"@id\":\"https:\/\/www.smedemokrati.sk\/#\/schema\/person\/21f147c88d605aa7ded900e1e7c344ba\"},\"headline\":\"Pre poru\u0161enie z\u00e1kona pri zon\u00e1cii TANAP-u sme sa obr\u00e1tili na prokurat\u00faru a \u017eiadame kr\u00edzov\u00e9 opatrenia pl\u00e1nu obnovy\",\"datePublished\":\"2025-05-23T18:13:00+00:00\",\"dateModified\":\"2025-05-26T06:26:51+00:00\",\"mainEntityOfPage\":{\"@id\":\"https:\/\/www.smedemokrati.sk\/pre-porusenie-zakona-pri-zonacii-tanap-u-sme-sa-obratili-na-prokuraturu-a-ziadame-krizove-opatrenia-planu-obnovy\/\"},\"wordCount\":747,\"publisher\":{\"@id\":\"https:\/\/www.smedemokrati.sk\/#organization\"},\"image\":{\"@id\":\"https:\/\/www.smedemokrati.sk\/pre-porusenie-zakona-pri-zonacii-tanap-u-sme-sa-obratili-na-prokuraturu-a-ziadame-krizove-opatrenia-planu-obnovy\/#primaryimage\"},\"thumbnailUrl\":\"https:\/\/www.smedemokrati.sk\/wp-content\/uploads\/2024\/01\/Kica.jpg\",\"inLanguage\":\"en-US\"},{\"@type\":\"WebPage\",\"@id\":\"https:\/\/www.smedemokrati.sk\/pre-porusenie-zakona-pri-zonacii-tanap-u-sme-sa-obratili-na-prokuraturu-a-ziadame-krizove-opatrenia-planu-obnovy\/\",\"url\":\"https:\/\/www.smedemokrati.sk\/pre-porusenie-zakona-pri-zonacii-tanap-u-sme-sa-obratili-na-prokuraturu-a-ziadame-krizove-opatrenia-planu-obnovy\/\",\"name\":\"Pre poru\u0161enie z\u00e1kona pri zon\u00e1cii TANAP-u sme sa obr\u00e1tili na prokurat\u00faru a \u017eiadame kr\u00edzov\u00e9 opatrenia pl\u00e1nu obnovy\",\"isPartOf\":{\"@id\":\"https:\/\/www.smedemokrati.sk\/#website\"},\"primaryImageOfPage\":{\"@id\":\"https:\/\/www.smedemokrati.sk\/pre-porusenie-zakona-pri-zonacii-tanap-u-sme-sa-obratili-na-prokuraturu-a-ziadame-krizove-opatrenia-planu-obnovy\/#primaryimage\"},\"image\":{\"@id\":\"https:\/\/www.smedemokrati.sk\/pre-porusenie-zakona-pri-zonacii-tanap-u-sme-sa-obratili-na-prokuraturu-a-ziadame-krizove-opatrenia-planu-obnovy\/#primaryimage\"},\"thumbnailUrl\":\"https:\/\/www.smedemokrati.sk\/wp-content\/uploads\/2024\/01\/Kica.jpg\",\"datePublished\":\"2025-05-23T18:13:00+00:00\",\"dateModified\":\"2025-05-26T06:26:51+00:00\",\"breadcrumb\":{\"@id\":\"https:\/\/www.smedemokrati.sk\/pre-porusenie-zakona-pri-zonacii-tanap-u-sme-sa-obratili-na-prokuraturu-a-ziadame-krizove-opatrenia-planu-obnovy\/#breadcrumb\"},\"inLanguage\":\"en-US\",\"potentialAction\":[{\"@type\":\"ReadAction\",\"target\":[\"https:\/\/www.smedemokrati.sk\/pre-porusenie-zakona-pri-zonacii-tanap-u-sme-sa-obratili-na-prokuraturu-a-ziadame-krizove-opatrenia-planu-obnovy\/\"]}]},{\"@type\":\"ImageObject\",\"inLanguage\":\"en-US\",\"@id\":\"https:\/\/www.smedemokrati.sk\/pre-porusenie-zakona-pri-zonacii-tanap-u-sme-sa-obratili-na-prokuraturu-a-ziadame-krizove-opatrenia-planu-obnovy\/#primaryimage\",\"url\":\"https:\/\/www.smedemokrati.sk\/wp-content\/uploads\/2024\/01\/Kica.jpg\",\"contentUrl\":\"https:\/\/www.smedemokrati.sk\/wp-content\/uploads\/2024\/01\/Kica.jpg\",\"width\":1901,\"height\":1066},{\"@type\":\"BreadcrumbList\",\"@id\":\"https:\/\/www.smedemokrati.sk\/pre-porusenie-zakona-pri-zonacii-tanap-u-sme-sa-obratili-na-prokuraturu-a-ziadame-krizove-opatrenia-planu-obnovy\/#breadcrumb\",\"itemListElement\":[{\"@type\":\"ListItem\",\"position\":1,\"name\":\"Domovsk\u00e1 str\u00e1nka\",\"item\":\"https:\/\/www.smedemokrati.sk\/\"},{\"@type\":\"ListItem\",\"position\":2,\"name\":\"Pre poru\u0161enie z\u00e1kona pri zon\u00e1cii TANAP-u sme sa obr\u00e1tili na prokurat\u00faru a \u017eiadame kr\u00edzov\u00e9 opatrenia pl\u00e1nu obnovy\"}]},{\"@type\":\"WebSite\",\"@id\":\"https:\/\/www.smedemokrati.sk\/#website\",\"url\":\"https:\/\/www.smedemokrati.sk\/\",\"name\":\"Smedemokrati.sk\",\"description\":\"Demokracia a slu\u0161nos\u0165 zv\u00ed\u0165az\u00ed\",\"publisher\":{\"@id\":\"https:\/\/www.smedemokrati.sk\/#organization\"},\"potentialAction\":[{\"@type\":\"SearchAction\",\"target\":{\"@type\":\"EntryPoint\",\"urlTemplate\":\"https:\/\/www.smedemokrati.sk\/?s={search_term_string}\"},\"query-input\":{\"@type\":\"PropertyValueSpecification\",\"valueRequired\":true,\"valueName\":\"search_term_string\"}}],\"inLanguage\":\"en-US\"},{\"@type\":\"Organization\",\"@id\":\"https:\/\/www.smedemokrati.sk\/#organization\",\"name\":\"Smedemokrati.sk\",\"url\":\"https:\/\/www.smedemokrati.sk\/\",\"logo\":{\"@type\":\"ImageObject\",\"inLanguage\":\"en-US\",\"@id\":\"https:\/\/www.smedemokrati.sk\/#\/schema\/logo\/image\/\",\"url\":\"https:\/\/www.smedemokrati.sk\/wp-content\/uploads\/2023\/04\/ff.002.jpeg\",\"contentUrl\":\"https:\/\/www.smedemokrati.sk\/wp-content\/uploads\/2023\/04\/ff.002.jpeg\",\"width\":640,\"height\":480,\"caption\":\"Smedemokrati.sk\"},\"image\":{\"@id\":\"https:\/\/www.smedemokrati.sk\/#\/schema\/logo\/image\/\"},\"sameAs\":[\"https:\/\/www.facebook.com\/smedemokrati2023\"]},{\"@type\":\"Person\",\"@id\":\"https:\/\/www.smedemokrati.sk\/#\/schema\/person\/21f147c88d605aa7ded900e1e7c344ba\",\"name\":\"miro.sopko\",\"image\":{\"@type\":\"ImageObject\",\"inLanguage\":\"en-US\",\"@id\":\"https:\/\/secure.gravatar.com\/avatar\/267e4a36f704376c109afe3a78740c1f5dd8675a2180a908699e7863c9247606?s=96&d=mm&r=g\",\"url\":\"https:\/\/secure.gravatar.com\/avatar\/267e4a36f704376c109afe3a78740c1f5dd8675a2180a908699e7863c9247606?s=96&d=mm&r=g\",\"contentUrl\":\"https:\/\/secure.gravatar.com\/avatar\/267e4a36f704376c109afe3a78740c1f5dd8675a2180a908699e7863c9247606?s=96&d=mm&r=g\",\"caption\":\"miro.sopko\"},\"url\":\"https:\/\/www.smedemokrati.sk\/en\/author\/miro-sopko\/\"}]}<\/script>\n<!-- \/ Yoast SEO plugin. -->","yoast_head_json":{"title":"Pre poru\u0161enie z\u00e1kona pri zon\u00e1cii TANAP-u sme sa obr\u00e1tili na prokurat\u00faru a \u017eiadame kr\u00edzov\u00e9 opatrenia pl\u00e1nu obnovy","robots":{"index":"index","follow":"follow","max-snippet":"max-snippet:-1","max-image-preview":"max-image-preview:large","max-video-preview":"max-video-preview:-1"},"canonical":"https:\/\/www.smedemokrati.sk\/en\/pre-porusenie-zakona-pri-zonacii-tanap-u-sme-sa-obratili-na-prokuraturu-a-ziadame-krizove-opatrenia-planu-obnovy\/","og_locale":"en_US","og_type":"article","og_title":"[:sk]Pre poru\u0161enie z\u00e1kona pri zon\u00e1cii TANAP-u sme sa obr\u00e1tili na prokurat\u00faru a \u017eiadame kr\u00edzov\u00e9 opatrenia pl\u00e1nu obnovy[:] - Smedemokrati.sk","og_description":"N\u00e1vrh zon\u00e1cie Tatransk\u00e9ho n\u00e1rodn\u00e9ho parku (TANAP) poru\u0161uje z\u00e1kon o ochrane pr\u00edrody a krajiny, ke\u010f\u017ee spolu s n\u00edm nebol zverejnen\u00fd aj n\u00e1vrh programu starostlivosti o n\u00e1rodn\u00fd park. Pre zjavn\u00e9 poru\u0161enie z\u00e1kona sme sa dnes obr\u00e1tili na Krajsk\u00fa prokurat\u00faru v Pre\u0161ove s podnetom na pre\u0161etrenie postupu Okresn\u00e9ho \u00faradu Pre\u0161ov a Spr\u00e1vy TANAP-u. Flagrantn\u00e9 nere\u0161pektovanie z\u00e1kona po\u0161kodzuje pr\u00e1va [&hellip;]","og_url":"https:\/\/www.smedemokrati.sk\/en\/pre-porusenie-zakona-pri-zonacii-tanap-u-sme-sa-obratili-na-prokuraturu-a-ziadame-krizove-opatrenia-planu-obnovy\/","og_site_name":"Smedemokrati.sk","article_publisher":"https:\/\/www.facebook.com\/smedemokrati2023","article_published_time":"2025-05-23T18:13:00+00:00","article_modified_time":"2025-05-26T06:26:51+00:00","og_image":[{"width":1901,"height":1066,"url":"https:\/\/www.smedemokrati.sk\/wp-content\/uploads\/2024\/01\/Kica.jpg","type":"image\/jpeg"}],"author":"miro.sopko","twitter_card":"summary_large_image","twitter_misc":{"Written by":"miro.sopko","Est. reading time":"3 minutes"},"schema":{"@context":"https:\/\/schema.org","@graph":[{"@type":"Article","@id":"https:\/\/www.smedemokrati.sk\/pre-porusenie-zakona-pri-zonacii-tanap-u-sme-sa-obratili-na-prokuraturu-a-ziadame-krizove-opatrenia-planu-obnovy\/#article","isPartOf":{"@id":"https:\/\/www.smedemokrati.sk\/pre-porusenie-zakona-pri-zonacii-tanap-u-sme-sa-obratili-na-prokuraturu-a-ziadame-krizove-opatrenia-planu-obnovy\/"},"author":{"name":"miro.sopko","@id":"https:\/\/www.smedemokrati.sk\/#\/schema\/person\/21f147c88d605aa7ded900e1e7c344ba"},"headline":"Pre poru\u0161enie z\u00e1kona pri zon\u00e1cii TANAP-u sme sa obr\u00e1tili na prokurat\u00faru a \u017eiadame kr\u00edzov\u00e9 opatrenia pl\u00e1nu obnovy","datePublished":"2025-05-23T18:13:00+00:00","dateModified":"2025-05-26T06:26:51+00:00","mainEntityOfPage":{"@id":"https:\/\/www.smedemokrati.sk\/pre-porusenie-zakona-pri-zonacii-tanap-u-sme-sa-obratili-na-prokuraturu-a-ziadame-krizove-opatrenia-planu-obnovy\/"},"wordCount":747,"publisher":{"@id":"https:\/\/www.smedemokrati.sk\/#organization"},"image":{"@id":"https:\/\/www.smedemokrati.sk\/pre-porusenie-zakona-pri-zonacii-tanap-u-sme-sa-obratili-na-prokuraturu-a-ziadame-krizove-opatrenia-planu-obnovy\/#primaryimage"},"thumbnailUrl":"https:\/\/www.smedemokrati.sk\/wp-content\/uploads\/2024\/01\/Kica.jpg","inLanguage":"en-US"},{"@type":"WebPage","@id":"https:\/\/www.smedemokrati.sk\/pre-porusenie-zakona-pri-zonacii-tanap-u-sme-sa-obratili-na-prokuraturu-a-ziadame-krizove-opatrenia-planu-obnovy\/","url":"https:\/\/www.smedemokrati.sk\/pre-porusenie-zakona-pri-zonacii-tanap-u-sme-sa-obratili-na-prokuraturu-a-ziadame-krizove-opatrenia-planu-obnovy\/","name":"Pre poru\u0161enie z\u00e1kona pri zon\u00e1cii TANAP-u sme sa obr\u00e1tili na prokurat\u00faru a \u017eiadame kr\u00edzov\u00e9 opatrenia pl\u00e1nu obnovy","isPartOf":{"@id":"https:\/\/www.smedemokrati.sk\/#website"},"primaryImageOfPage":{"@id":"https:\/\/www.smedemokrati.sk\/pre-porusenie-zakona-pri-zonacii-tanap-u-sme-sa-obratili-na-prokuraturu-a-ziadame-krizove-opatrenia-planu-obnovy\/#primaryimage"},"image":{"@id":"https:\/\/www.smedemokrati.sk\/pre-porusenie-zakona-pri-zonacii-tanap-u-sme-sa-obratili-na-prokuraturu-a-ziadame-krizove-opatrenia-planu-obnovy\/#primaryimage"},"thumbnailUrl":"https:\/\/www.smedemokrati.sk\/wp-content\/uploads\/2024\/01\/Kica.jpg","datePublished":"2025-05-23T18:13:00+00:00","dateModified":"2025-05-26T06:26:51+00:00","breadcrumb":{"@id":"https:\/\/www.smedemokrati.sk\/pre-porusenie-zakona-pri-zonacii-tanap-u-sme-sa-obratili-na-prokuraturu-a-ziadame-krizove-opatrenia-planu-obnovy\/#breadcrumb"},"inLanguage":"en-US","potentialAction":[{"@type":"ReadAction","target":["https:\/\/www.smedemokrati.sk\/pre-porusenie-zakona-pri-zonacii-tanap-u-sme-sa-obratili-na-prokuraturu-a-ziadame-krizove-opatrenia-planu-obnovy\/"]}]},{"@type":"ImageObject","inLanguage":"en-US","@id":"https:\/\/www.smedemokrati.sk\/pre-porusenie-zakona-pri-zonacii-tanap-u-sme-sa-obratili-na-prokuraturu-a-ziadame-krizove-opatrenia-planu-obnovy\/#primaryimage","url":"https:\/\/www.smedemokrati.sk\/wp-content\/uploads\/2024\/01\/Kica.jpg","contentUrl":"https:\/\/www.smedemokrati.sk\/wp-content\/uploads\/2024\/01\/Kica.jpg","width":1901,"height":1066},{"@type":"BreadcrumbList","@id":"https:\/\/www.smedemokrati.sk\/pre-porusenie-zakona-pri-zonacii-tanap-u-sme-sa-obratili-na-prokuraturu-a-ziadame-krizove-opatrenia-planu-obnovy\/#breadcrumb","itemListElement":[{"@type":"ListItem","position":1,"name":"Domovsk\u00e1 str\u00e1nka","item":"https:\/\/www.smedemokrati.sk\/"},{"@type":"ListItem","position":2,"name":"Pre poru\u0161enie z\u00e1kona pri zon\u00e1cii TANAP-u sme sa obr\u00e1tili na prokurat\u00faru a \u017eiadame kr\u00edzov\u00e9 opatrenia pl\u00e1nu obnovy"}]},{"@type":"WebSite","@id":"https:\/\/www.smedemokrati.sk\/#website","url":"https:\/\/www.smedemokrati.sk\/","name":"Smedemokrati.sk","description":"Demokracia a slu\u0161nos\u0165 zv\u00ed\u0165az\u00ed","publisher":{"@id":"https:\/\/www.smedemokrati.sk\/#organization"},"potentialAction":[{"@type":"SearchAction","target":{"@type":"EntryPoint","urlTemplate":"https:\/\/www.smedemokrati.sk\/?s={search_term_string}"},"query-input":{"@type":"PropertyValueSpecification","valueRequired":true,"valueName":"search_term_string"}}],"inLanguage":"en-US"},{"@type":"Organization","@id":"https:\/\/www.smedemokrati.sk\/#organization","name":"Smedemokrati.sk","url":"https:\/\/www.smedemokrati.sk\/","logo":{"@type":"ImageObject","inLanguage":"en-US","@id":"https:\/\/www.smedemokrati.sk\/#\/schema\/logo\/image\/","url":"https:\/\/www.smedemokrati.sk\/wp-content\/uploads\/2023\/04\/ff.002.jpeg","contentUrl":"https:\/\/www.smedemokrati.sk\/wp-content\/uploads\/2023\/04\/ff.002.jpeg","width":640,"height":480,"caption":"Smedemokrati.sk"},"image":{"@id":"https:\/\/www.smedemokrati.sk\/#\/schema\/logo\/image\/"},"sameAs":["https:\/\/www.facebook.com\/smedemokrati2023"]},{"@type":"Person","@id":"https:\/\/www.smedemokrati.sk\/#\/schema\/person\/21f147c88d605aa7ded900e1e7c344ba","name":"miro.sopko","image":{"@type":"ImageObject","inLanguage":"en-US","@id":"https:\/\/secure.gravatar.com\/avatar\/267e4a36f704376c109afe3a78740c1f5dd8675a2180a908699e7863c9247606?s=96&d=mm&r=g","url":"https:\/\/secure.gravatar.com\/avatar\/267e4a36f704376c109afe3a78740c1f5dd8675a2180a908699e7863c9247606?s=96&d=mm&r=g","contentUrl":"https:\/\/secure.gravatar.com\/avatar\/267e4a36f704376c109afe3a78740c1f5dd8675a2180a908699e7863c9247606?s=96&d=mm&r=g","caption":"miro.sopko"},"url":"https:\/\/www.smedemokrati.sk\/en\/author\/miro-sopko\/"}]}},"_links":{"self":[{"href":"https:\/\/www.smedemokrati.sk\/en\/wp-json\/wp\/v2\/posts\/7315","targetHints":{"allow":["GET"]}}],"collection":[{"href":"https:\/\/www.smedemokrati.sk\/en\/wp-json\/wp\/v2\/posts"}],"about":[{"href":"https:\/\/www.smedemokrati.sk\/en\/wp-json\/wp\/v2\/types\/post"}],"author":[{"embeddable":true,"href":"https:\/\/www.smedemokrati.sk\/en\/wp-json\/wp\/v2\/users\/13"}],"replies":[{"embeddable":true,"href":"https:\/\/www.smedemokrati.sk\/en\/wp-json\/wp\/v2\/comments?post=7315"}],"version-history":[{"count":1,"href":"https:\/\/www.smedemokrati.sk\/en\/wp-json\/wp\/v2\/posts\/7315\/revisions"}],"predecessor-version":[{"id":7316,"href":"https:\/\/www.smedemokrati.sk\/en\/wp-json\/wp\/v2\/posts\/7315\/revisions\/7316"}],"wp:featuredmedia":[{"embeddable":true,"href":"https:\/\/www.smedemokrati.sk\/en\/wp-json\/wp\/v2\/media\/2486"}],"wp:attachment":[{"href":"https:\/\/www.smedemokrati.sk\/en\/wp-json\/wp\/v2\/media?parent=7315"}],"wp:term":[{"taxonomy":"category","embeddable":true,"href":"https:\/\/www.smedemokrati.sk\/en\/wp-json\/wp\/v2\/categories?post=7315"},{"taxonomy":"post_tag","embeddable":true,"href":"https:\/\/www.smedemokrati.sk\/en\/wp-json\/wp\/v2\/tags?post=7315"}],"curies":[{"name":"wp","href":"https:\/\/api.w.org\/{rel}","templated":true}]}}