{"id":7302,"date":"2025-05-23T11:30:56","date_gmt":"2025-05-23T10:30:56","guid":{"rendered":"https:\/\/www.smedemokrati.sk\/?p=7302"},"modified":"2025-05-23T11:30:57","modified_gmt":"2025-05-23T10:30:57","slug":"demokrati-dorucili-pred-dnesnym-zaciatkom-koalicnej-rady-list-premierovi-a-predstavitelom-koalicie-s-pomenovanim-najaktualnejsich-problemov","status":"publish","type":"post","link":"https:\/\/www.smedemokrati.sk\/en\/demokrati-dorucili-pred-dnesnym-zaciatkom-koalicnej-rady-list-premierovi-a-predstavitelom-koalicie-s-pomenovanim-najaktualnejsich-problemov\/","title":{"rendered":"Demokrati doru\u010dili pred dne\u0161n\u00fdm za\u010diatkom koali\u010dnej rady list premi\u00e9rovi a predstavite\u013eom koal\u00edcie s pomenovan\u00edm najaktu\u00e1lnej\u0161\u00edch probl\u00e9mov"},"content":{"rendered":"<div id=\"fb-root\"><\/div>\n\n<p><strong>Demokrati vyz\u00fdvaj\u00fa koali\u010dn\u00fa radu, aby kone\u010dne za\u010dala kona\u0165 a\u00a0nerie\u0161ila iba seba. Strana doru\u010dila pred dne\u0161n\u00fdm za\u010diatkom koali\u010dnej rady list premi\u00e9rovi a\u00a0predstavite\u013eom koal\u00edcie s\u00a0pomenovan\u00edm najaktu\u00e1lnej\u0161\u00edch probl\u00e9mov, ktor\u00e9 tr\u00e1pia \u013eud\u00ed na Slovensku<\/strong><a>.\u00a0<\/a><\/p>\n\n\n\n<p>\u201eZ\u00fa\u010dastnil som sa desiatok koali\u010dn\u00fdch r\u00e1d a&nbsp;ich prioritou maj\u00fa by\u0165 probl\u00e9my \u013eud\u00ed a&nbsp;snaha zlep\u0161i\u0165 situ\u00e1ciu na Slovensku. \u017dia\u013e koali\u010dn\u00e9 rady s\u00fa dnes pri vl\u00e1de Roberta Fica, len n\u00e1strojom rie\u0161enia vlastn\u00fdch probl\u00e9mov a&nbsp;sporov jednotliv\u00fdch koali\u010dn\u00fdch l\u00eddrov.&nbsp;<strong>Je \u00faplne zrejm\u00e9, \u017ee t\u00e1to koal\u00edcia nefunguje, preto odkazujem koal\u00edci\u00ed, cho\u010fte od toho a&nbsp;dohodnite sa na pred\u010dasn\u00fdch vo\u013eb\u00e1ch. Neviete to robi\u0165, netr\u00e1pte ob\u010danov va\u0161im amaterizmom a&nbsp;spormi.<\/strong>\u201c Hovor\u00ed podpredseda Demokratov a&nbsp;b\u00fdval\u00fd premi\u00e9r Eduard Heger s&nbsp;t\u00fdm, \u017ee menuje probl\u00e9my, ktor\u00e9 by mala koal\u00edcia rie\u0161i\u0165. Zru\u0161enie transak\u010dnej dane, ot\u00e1zka tzv. inovat\u00edvnych liekov alebo snaha pril\u00e1ka\u0165 na Slovensko investorov, to m\u00e1 by\u0165 pod\u013ea Hegera priorita koal\u00edcie.&nbsp;<\/p>\n\n\n\n<p>\u201eKoali\u010dn\u00ed l\u00eddri prich\u00e1dzaj\u00fa za Ficom ako za svojim cis\u00e1rom. Je evidentn\u00e9, \u017ee vl\u00e1dne on a&nbsp;oni mu robia asistentov, hoc sa pred kamerami tv\u00e1ria inak. Dnes sa koali\u010dn\u00e1 rada bude zaobera\u0165 najprv zasadac\u00edm poriadkom, kto ved\u013ea koho m\u00f4\u017ee sedie\u0165 a&nbsp;potom svojimi spormi, n\u00e1sledne propagandou a&nbsp;prekr\u00fdvan\u00edm zl\u00e9ho stavu svojho vl\u00e1dnutia. \u017dia\u013e miesto probl\u00e9mov \u013eud\u00ed to op\u00e4\u0165 bude \u00fatok na opoz\u00edciu, m\u00e9di\u00e1 a ob\u010diansku spolo\u010dnos\u0165.&nbsp;<strong>T\u00e1to koal\u00edcia je odtrhnut\u00e1 od reality. Preto im zasielame list s&nbsp;pomenovan\u00edm najak\u00fatnej\u0161\u00edch probl\u00e9mov Slovenska.<\/strong>\u201c Hovor\u00ed Juraj \u0160eliga, podpredseda strany Demokrati.&nbsp;<\/p>\n\n\n<div class=\"fb-video\" data-href=\"https:\/\/fb.watch\/zL_nw0LKHU\" data-allowfullscreen=\"true\" data-autoplay=\"false\" data-width=\"\" data-show-text=\"false\" data-show-captions=\"true\"><\/div>\n\n\n\n<div data-wp-interactive=\"core\/file\" class=\"wp-block-file\"><object data-wp-bind--hidden=\"!state.hasPdfPreview\" hidden class=\"wp-block-file__embed\" data=\"https:\/\/www.smedemokrati.sk\/wp-content\/uploads\/2025\/05\/List-na-koalicnu-radu.pdf\" type=\"application\/pdf\" style=\"width:100%;height:600px\" aria-label=\"Embed of List na koalic\u030cnu\u0301 radu.\"><\/object><a id=\"wp-block-file--media-bbf6be4f-8911-42d0-a24d-2c9d6b13873b\" href=\"https:\/\/www.smedemokrati.sk\/wp-content\/uploads\/2025\/05\/List-na-koalicnu-radu.pdf\" target=\"_blank\" rel=\"noreferrer noopener\">List na koalic\u030cnu\u0301 radu<\/a><a href=\"https:\/\/www.smedemokrati.sk\/wp-content\/uploads\/2025\/05\/List-na-koalicnu-radu.pdf\" class=\"wp-block-file__button wp-element-button\" download aria-describedby=\"wp-block-file--media-bbf6be4f-8911-42d0-a24d-2c9d6b13873b\">Stiahnu\u0165<\/a><\/div>\n","protected":false},"excerpt":{"rendered":"<p>Demokrati vyz\u00fdvaj\u00fa koali\u010dn\u00fa radu, aby kone\u010dne za\u010dala kona\u0165 a\u00a0nerie\u0161ila iba seba. Strana doru\u010dila pred dne\u0161n\u00fdm za\u010diatkom koali\u010dnej rady list premi\u00e9rovi a\u00a0predstavite\u013eom koal\u00edcie s\u00a0pomenovan\u00edm najaktu\u00e1lnej\u0161\u00edch probl\u00e9mov, ktor\u00e9 tr\u00e1pia \u013eud\u00ed na Slovensku.\u00a0 \u201eZ\u00fa\u010dastnil som sa desiatok koali\u010dn\u00fdch r\u00e1d a&nbsp;ich prioritou maj\u00fa by\u0165 probl\u00e9my \u013eud\u00ed a&nbsp;snaha zlep\u0161i\u0165 situ\u00e1ciu na Slovensku. \u017dia\u013e koali\u010dn\u00e9 rady s\u00fa dnes pri vl\u00e1de Roberta [&hellip;]<\/p>\n","protected":false},"author":13,"featured_media":7303,"comment_status":"closed","ping_status":"closed","sticky":false,"template":"","format":"standard","meta":{"_acf_changed":false,"ngg_post_thumbnail":0,"footnotes":""},"categories":[4],"tags":[],"class_list":["post-7302","post","type-post","status-publish","format-standard","has-post-thumbnail","hentry","category-tlacove-spravy"],"acf":[],"yoast_head":"<!-- This site is optimized with the Yoast SEO plugin v27.2 - https:\/\/yoast.com\/product\/yoast-seo-wordpress\/ -->\n<title>Demokrati doru\u010dili pred dne\u0161n\u00fdm za\u010diatkom koali\u010dnej rady list premi\u00e9rovi a predstavite\u013eom koal\u00edcie s pomenovan\u00edm najaktu\u00e1lnej\u0161\u00edch probl\u00e9mov<\/title>\n<meta name=\"robots\" content=\"index, follow, max-snippet:-1, max-image-preview:large, max-video-preview:-1\" \/>\n<link rel=\"canonical\" href=\"https:\/\/www.smedemokrati.sk\/en\/demokrati-dorucili-pred-dnesnym-zaciatkom-koalicnej-rady-list-premierovi-a-predstavitelom-koalicie-s-pomenovanim-najaktualnejsich-problemov\/\" \/>\n<meta property=\"og:locale\" content=\"en_US\" \/>\n<meta property=\"og:locale:alternate\" content=\"cs_CZ\" \/>\n<meta property=\"og:locale:alternate\" content=\"hu_HU\" \/>\n<meta property=\"og:locale:alternate\" content=\"sk_SK\" \/>\n<meta property=\"og:locale:alternate\" content=\"sv_SE\" \/>\n<meta property=\"og:type\" content=\"article\" \/>\n<meta property=\"og:title\" content=\"Demokrati doru\u010dili pred dne\u0161n\u00fdm za\u010diatkom koali\u010dnej rady list premi\u00e9rovi a predstavite\u013eom koal\u00edcie s pomenovan\u00edm najaktu\u00e1lnej\u0161\u00edch probl\u00e9mov\" \/>\n<meta property=\"og:description\" content=\"Demokrati vyz\u00fdvaj\u00fa koali\u010dn\u00fa radu, aby kone\u010dne za\u010dala kona\u0165 a\u00a0nerie\u0161ila iba seba. Strana doru\u010dila pred dne\u0161n\u00fdm za\u010diatkom koali\u010dnej rady list premi\u00e9rovi a\u00a0predstavite\u013eom koal\u00edcie s\u00a0pomenovan\u00edm najaktu\u00e1lnej\u0161\u00edch probl\u00e9mov, ktor\u00e9 tr\u00e1pia \u013eud\u00ed na Slovensku.\u00a0 \u201eZ\u00fa\u010dastnil som sa desiatok koali\u010dn\u00fdch r\u00e1d a&nbsp;ich prioritou maj\u00fa by\u0165 probl\u00e9my \u013eud\u00ed a&nbsp;snaha zlep\u0161i\u0165 situ\u00e1ciu na Slovensku. \u017dia\u013e koali\u010dn\u00e9 rady s\u00fa dnes pri vl\u00e1de Roberta [&hellip;]\" \/>\n<meta property=\"og:url\" content=\"https:\/\/www.smedemokrati.sk\/en\/demokrati-dorucili-pred-dnesnym-zaciatkom-koalicnej-rady-list-premierovi-a-predstavitelom-koalicie-s-pomenovanim-najaktualnejsich-problemov\/\" \/>\n<meta property=\"og:site_name\" content=\"Smedemokrati.sk\" \/>\n<meta property=\"article:publisher\" content=\"https:\/\/www.facebook.com\/smedemokrati2023\" \/>\n<meta property=\"article:published_time\" content=\"2025-05-23T10:30:56+00:00\" \/>\n<meta property=\"article:modified_time\" content=\"2025-05-23T10:30:57+00:00\" \/>\n<meta property=\"og:image\" content=\"https:\/\/www.smedemokrati.sk\/wp-content\/uploads\/2025\/05\/vyzva-koalicna-rada.jpg\" \/>\n\t<meta property=\"og:image:width\" content=\"957\" \/>\n\t<meta property=\"og:image:height\" content=\"517\" \/>\n\t<meta property=\"og:image:type\" content=\"image\/jpeg\" \/>\n<meta name=\"author\" content=\"miro.sopko\" \/>\n<meta name=\"twitter:card\" content=\"summary_large_image\" \/>\n<meta name=\"twitter:label1\" content=\"Written by\" \/>\n\t<meta name=\"twitter:data1\" content=\"miro.sopko\" \/>\n\t<meta name=\"twitter:label2\" content=\"Est. reading time\" \/>\n\t<meta name=\"twitter:data2\" content=\"2 minutes\" \/>\n<script type=\"application\/ld+json\" class=\"yoast-schema-graph\">{\"@context\":\"https:\/\/schema.org\",\"@graph\":[{\"@type\":\"Article\",\"@id\":\"https:\/\/www.smedemokrati.sk\/demokrati-dorucili-pred-dnesnym-zaciatkom-koalicnej-rady-list-premierovi-a-predstavitelom-koalicie-s-pomenovanim-najaktualnejsich-problemov\/#article\",\"isPartOf\":{\"@id\":\"https:\/\/www.smedemokrati.sk\/demokrati-dorucili-pred-dnesnym-zaciatkom-koalicnej-rady-list-premierovi-a-predstavitelom-koalicie-s-pomenovanim-najaktualnejsich-problemov\/\"},\"author\":{\"name\":\"miro.sopko\",\"@id\":\"https:\/\/www.smedemokrati.sk\/#\/schema\/person\/21f147c88d605aa7ded900e1e7c344ba\"},\"headline\":\"Demokrati doru\u010dili pred dne\u0161n\u00fdm za\u010diatkom koali\u010dnej rady list premi\u00e9rovi a predstavite\u013eom koal\u00edcie s pomenovan\u00edm najaktu\u00e1lnej\u0161\u00edch probl\u00e9mov\",\"datePublished\":\"2025-05-23T10:30:56+00:00\",\"dateModified\":\"2025-05-23T10:30:57+00:00\",\"mainEntityOfPage\":{\"@id\":\"https:\/\/www.smedemokrati.sk\/demokrati-dorucili-pred-dnesnym-zaciatkom-koalicnej-rady-list-premierovi-a-predstavitelom-koalicie-s-pomenovanim-najaktualnejsich-problemov\/\"},\"wordCount\":369,\"publisher\":{\"@id\":\"https:\/\/www.smedemokrati.sk\/#organization\"},\"image\":{\"@id\":\"https:\/\/www.smedemokrati.sk\/demokrati-dorucili-pred-dnesnym-zaciatkom-koalicnej-rady-list-premierovi-a-predstavitelom-koalicie-s-pomenovanim-najaktualnejsich-problemov\/#primaryimage\"},\"thumbnailUrl\":\"https:\/\/www.smedemokrati.sk\/wp-content\/uploads\/2025\/05\/vyzva-koalicna-rada.jpg\",\"articleSection\":[\"Tla\u010dov\u00e9 spr\u00e1vy\"],\"inLanguage\":\"en-US\"},{\"@type\":\"WebPage\",\"@id\":\"https:\/\/www.smedemokrati.sk\/demokrati-dorucili-pred-dnesnym-zaciatkom-koalicnej-rady-list-premierovi-a-predstavitelom-koalicie-s-pomenovanim-najaktualnejsich-problemov\/\",\"url\":\"https:\/\/www.smedemokrati.sk\/demokrati-dorucili-pred-dnesnym-zaciatkom-koalicnej-rady-list-premierovi-a-predstavitelom-koalicie-s-pomenovanim-najaktualnejsich-problemov\/\",\"name\":\"Demokrati doru\u010dili pred dne\u0161n\u00fdm za\u010diatkom koali\u010dnej rady list premi\u00e9rovi a predstavite\u013eom koal\u00edcie s pomenovan\u00edm najaktu\u00e1lnej\u0161\u00edch probl\u00e9mov\",\"isPartOf\":{\"@id\":\"https:\/\/www.smedemokrati.sk\/#website\"},\"primaryImageOfPage\":{\"@id\":\"https:\/\/www.smedemokrati.sk\/demokrati-dorucili-pred-dnesnym-zaciatkom-koalicnej-rady-list-premierovi-a-predstavitelom-koalicie-s-pomenovanim-najaktualnejsich-problemov\/#primaryimage\"},\"image\":{\"@id\":\"https:\/\/www.smedemokrati.sk\/demokrati-dorucili-pred-dnesnym-zaciatkom-koalicnej-rady-list-premierovi-a-predstavitelom-koalicie-s-pomenovanim-najaktualnejsich-problemov\/#primaryimage\"},\"thumbnailUrl\":\"https:\/\/www.smedemokrati.sk\/wp-content\/uploads\/2025\/05\/vyzva-koalicna-rada.jpg\",\"datePublished\":\"2025-05-23T10:30:56+00:00\",\"dateModified\":\"2025-05-23T10:30:57+00:00\",\"breadcrumb\":{\"@id\":\"https:\/\/www.smedemokrati.sk\/demokrati-dorucili-pred-dnesnym-zaciatkom-koalicnej-rady-list-premierovi-a-predstavitelom-koalicie-s-pomenovanim-najaktualnejsich-problemov\/#breadcrumb\"},\"inLanguage\":\"en-US\",\"potentialAction\":[{\"@type\":\"ReadAction\",\"target\":[\"https:\/\/www.smedemokrati.sk\/demokrati-dorucili-pred-dnesnym-zaciatkom-koalicnej-rady-list-premierovi-a-predstavitelom-koalicie-s-pomenovanim-najaktualnejsich-problemov\/\"]}]},{\"@type\":\"ImageObject\",\"inLanguage\":\"en-US\",\"@id\":\"https:\/\/www.smedemokrati.sk\/demokrati-dorucili-pred-dnesnym-zaciatkom-koalicnej-rady-list-premierovi-a-predstavitelom-koalicie-s-pomenovanim-najaktualnejsich-problemov\/#primaryimage\",\"url\":\"https:\/\/www.smedemokrati.sk\/wp-content\/uploads\/2025\/05\/vyzva-koalicna-rada.jpg\",\"contentUrl\":\"https:\/\/www.smedemokrati.sk\/wp-content\/uploads\/2025\/05\/vyzva-koalicna-rada.jpg\",\"width\":957,\"height\":517},{\"@type\":\"BreadcrumbList\",\"@id\":\"https:\/\/www.smedemokrati.sk\/demokrati-dorucili-pred-dnesnym-zaciatkom-koalicnej-rady-list-premierovi-a-predstavitelom-koalicie-s-pomenovanim-najaktualnejsich-problemov\/#breadcrumb\",\"itemListElement\":[{\"@type\":\"ListItem\",\"position\":1,\"name\":\"Domovsk\u00e1 str\u00e1nka\",\"item\":\"https:\/\/www.smedemokrati.sk\/\"},{\"@type\":\"ListItem\",\"position\":2,\"name\":\"Demokrati doru\u010dili pred dne\u0161n\u00fdm za\u010diatkom koali\u010dnej rady list premi\u00e9rovi a predstavite\u013eom koal\u00edcie s pomenovan\u00edm najaktu\u00e1lnej\u0161\u00edch probl\u00e9mov\"}]},{\"@type\":\"WebSite\",\"@id\":\"https:\/\/www.smedemokrati.sk\/#website\",\"url\":\"https:\/\/www.smedemokrati.sk\/\",\"name\":\"Smedemokrati.sk\",\"description\":\"Demokracia a slu\u0161nos\u0165 zv\u00ed\u0165az\u00ed\",\"publisher\":{\"@id\":\"https:\/\/www.smedemokrati.sk\/#organization\"},\"potentialAction\":[{\"@type\":\"SearchAction\",\"target\":{\"@type\":\"EntryPoint\",\"urlTemplate\":\"https:\/\/www.smedemokrati.sk\/?s={search_term_string}\"},\"query-input\":{\"@type\":\"PropertyValueSpecification\",\"valueRequired\":true,\"valueName\":\"search_term_string\"}}],\"inLanguage\":\"en-US\"},{\"@type\":\"Organization\",\"@id\":\"https:\/\/www.smedemokrati.sk\/#organization\",\"name\":\"Smedemokrati.sk\",\"url\":\"https:\/\/www.smedemokrati.sk\/\",\"logo\":{\"@type\":\"ImageObject\",\"inLanguage\":\"en-US\",\"@id\":\"https:\/\/www.smedemokrati.sk\/#\/schema\/logo\/image\/\",\"url\":\"https:\/\/www.smedemokrati.sk\/wp-content\/uploads\/2023\/04\/ff.002.jpeg\",\"contentUrl\":\"https:\/\/www.smedemokrati.sk\/wp-content\/uploads\/2023\/04\/ff.002.jpeg\",\"width\":640,\"height\":480,\"caption\":\"Smedemokrati.sk\"},\"image\":{\"@id\":\"https:\/\/www.smedemokrati.sk\/#\/schema\/logo\/image\/\"},\"sameAs\":[\"https:\/\/www.facebook.com\/smedemokrati2023\"]},{\"@type\":\"Person\",\"@id\":\"https:\/\/www.smedemokrati.sk\/#\/schema\/person\/21f147c88d605aa7ded900e1e7c344ba\",\"name\":\"miro.sopko\",\"image\":{\"@type\":\"ImageObject\",\"inLanguage\":\"en-US\",\"@id\":\"https:\/\/secure.gravatar.com\/avatar\/267e4a36f704376c109afe3a78740c1f5dd8675a2180a908699e7863c9247606?s=96&d=mm&r=g\",\"url\":\"https:\/\/secure.gravatar.com\/avatar\/267e4a36f704376c109afe3a78740c1f5dd8675a2180a908699e7863c9247606?s=96&d=mm&r=g\",\"contentUrl\":\"https:\/\/secure.gravatar.com\/avatar\/267e4a36f704376c109afe3a78740c1f5dd8675a2180a908699e7863c9247606?s=96&d=mm&r=g\",\"caption\":\"miro.sopko\"},\"url\":\"https:\/\/www.smedemokrati.sk\/en\/author\/miro-sopko\/\"}]}<\/script>\n<!-- \/ Yoast SEO plugin. -->","yoast_head_json":{"title":"Demokrati doru\u010dili pred dne\u0161n\u00fdm za\u010diatkom koali\u010dnej rady list premi\u00e9rovi a predstavite\u013eom koal\u00edcie s pomenovan\u00edm najaktu\u00e1lnej\u0161\u00edch probl\u00e9mov","robots":{"index":"index","follow":"follow","max-snippet":"max-snippet:-1","max-image-preview":"max-image-preview:large","max-video-preview":"max-video-preview:-1"},"canonical":"https:\/\/www.smedemokrati.sk\/en\/demokrati-dorucili-pred-dnesnym-zaciatkom-koalicnej-rady-list-premierovi-a-predstavitelom-koalicie-s-pomenovanim-najaktualnejsich-problemov\/","og_locale":"en_US","og_type":"article","og_title":"[:sk]Demokrati doru\u010dili pred dne\u0161n\u00fdm za\u010diatkom koali\u010dnej rady list premi\u00e9rovi a predstavite\u013eom koal\u00edcie s pomenovan\u00edm najaktu\u00e1lnej\u0161\u00edch probl\u00e9mov[:] - Smedemokrati.sk","og_description":"Demokrati vyz\u00fdvaj\u00fa koali\u010dn\u00fa radu, aby kone\u010dne za\u010dala kona\u0165 a\u00a0nerie\u0161ila iba seba. Strana doru\u010dila pred dne\u0161n\u00fdm za\u010diatkom koali\u010dnej rady list premi\u00e9rovi a\u00a0predstavite\u013eom koal\u00edcie s\u00a0pomenovan\u00edm najaktu\u00e1lnej\u0161\u00edch probl\u00e9mov, ktor\u00e9 tr\u00e1pia \u013eud\u00ed na Slovensku.\u00a0 \u201eZ\u00fa\u010dastnil som sa desiatok koali\u010dn\u00fdch r\u00e1d a&nbsp;ich prioritou maj\u00fa by\u0165 probl\u00e9my \u013eud\u00ed a&nbsp;snaha zlep\u0161i\u0165 situ\u00e1ciu na Slovensku. \u017dia\u013e koali\u010dn\u00e9 rady s\u00fa dnes pri vl\u00e1de Roberta [&hellip;]","og_url":"https:\/\/www.smedemokrati.sk\/en\/demokrati-dorucili-pred-dnesnym-zaciatkom-koalicnej-rady-list-premierovi-a-predstavitelom-koalicie-s-pomenovanim-najaktualnejsich-problemov\/","og_site_name":"Smedemokrati.sk","article_publisher":"https:\/\/www.facebook.com\/smedemokrati2023","article_published_time":"2025-05-23T10:30:56+00:00","article_modified_time":"2025-05-23T10:30:57+00:00","og_image":[{"width":957,"height":517,"url":"https:\/\/www.smedemokrati.sk\/wp-content\/uploads\/2025\/05\/vyzva-koalicna-rada.jpg","type":"image\/jpeg"}],"author":"miro.sopko","twitter_card":"summary_large_image","twitter_misc":{"Written by":"miro.sopko","Est. reading time":"2 minutes"},"schema":{"@context":"https:\/\/schema.org","@graph":[{"@type":"Article","@id":"https:\/\/www.smedemokrati.sk\/demokrati-dorucili-pred-dnesnym-zaciatkom-koalicnej-rady-list-premierovi-a-predstavitelom-koalicie-s-pomenovanim-najaktualnejsich-problemov\/#article","isPartOf":{"@id":"https:\/\/www.smedemokrati.sk\/demokrati-dorucili-pred-dnesnym-zaciatkom-koalicnej-rady-list-premierovi-a-predstavitelom-koalicie-s-pomenovanim-najaktualnejsich-problemov\/"},"author":{"name":"miro.sopko","@id":"https:\/\/www.smedemokrati.sk\/#\/schema\/person\/21f147c88d605aa7ded900e1e7c344ba"},"headline":"Demokrati doru\u010dili pred dne\u0161n\u00fdm za\u010diatkom koali\u010dnej rady list premi\u00e9rovi a predstavite\u013eom koal\u00edcie s pomenovan\u00edm najaktu\u00e1lnej\u0161\u00edch probl\u00e9mov","datePublished":"2025-05-23T10:30:56+00:00","dateModified":"2025-05-23T10:30:57+00:00","mainEntityOfPage":{"@id":"https:\/\/www.smedemokrati.sk\/demokrati-dorucili-pred-dnesnym-zaciatkom-koalicnej-rady-list-premierovi-a-predstavitelom-koalicie-s-pomenovanim-najaktualnejsich-problemov\/"},"wordCount":369,"publisher":{"@id":"https:\/\/www.smedemokrati.sk\/#organization"},"image":{"@id":"https:\/\/www.smedemokrati.sk\/demokrati-dorucili-pred-dnesnym-zaciatkom-koalicnej-rady-list-premierovi-a-predstavitelom-koalicie-s-pomenovanim-najaktualnejsich-problemov\/#primaryimage"},"thumbnailUrl":"https:\/\/www.smedemokrati.sk\/wp-content\/uploads\/2025\/05\/vyzva-koalicna-rada.jpg","articleSection":["Tla\u010dov\u00e9 spr\u00e1vy"],"inLanguage":"en-US"},{"@type":"WebPage","@id":"https:\/\/www.smedemokrati.sk\/demokrati-dorucili-pred-dnesnym-zaciatkom-koalicnej-rady-list-premierovi-a-predstavitelom-koalicie-s-pomenovanim-najaktualnejsich-problemov\/","url":"https:\/\/www.smedemokrati.sk\/demokrati-dorucili-pred-dnesnym-zaciatkom-koalicnej-rady-list-premierovi-a-predstavitelom-koalicie-s-pomenovanim-najaktualnejsich-problemov\/","name":"Demokrati doru\u010dili pred dne\u0161n\u00fdm za\u010diatkom koali\u010dnej rady list premi\u00e9rovi a predstavite\u013eom koal\u00edcie s pomenovan\u00edm najaktu\u00e1lnej\u0161\u00edch probl\u00e9mov","isPartOf":{"@id":"https:\/\/www.smedemokrati.sk\/#website"},"primaryImageOfPage":{"@id":"https:\/\/www.smedemokrati.sk\/demokrati-dorucili-pred-dnesnym-zaciatkom-koalicnej-rady-list-premierovi-a-predstavitelom-koalicie-s-pomenovanim-najaktualnejsich-problemov\/#primaryimage"},"image":{"@id":"https:\/\/www.smedemokrati.sk\/demokrati-dorucili-pred-dnesnym-zaciatkom-koalicnej-rady-list-premierovi-a-predstavitelom-koalicie-s-pomenovanim-najaktualnejsich-problemov\/#primaryimage"},"thumbnailUrl":"https:\/\/www.smedemokrati.sk\/wp-content\/uploads\/2025\/05\/vyzva-koalicna-rada.jpg","datePublished":"2025-05-23T10:30:56+00:00","dateModified":"2025-05-23T10:30:57+00:00","breadcrumb":{"@id":"https:\/\/www.smedemokrati.sk\/demokrati-dorucili-pred-dnesnym-zaciatkom-koalicnej-rady-list-premierovi-a-predstavitelom-koalicie-s-pomenovanim-najaktualnejsich-problemov\/#breadcrumb"},"inLanguage":"en-US","potentialAction":[{"@type":"ReadAction","target":["https:\/\/www.smedemokrati.sk\/demokrati-dorucili-pred-dnesnym-zaciatkom-koalicnej-rady-list-premierovi-a-predstavitelom-koalicie-s-pomenovanim-najaktualnejsich-problemov\/"]}]},{"@type":"ImageObject","inLanguage":"en-US","@id":"https:\/\/www.smedemokrati.sk\/demokrati-dorucili-pred-dnesnym-zaciatkom-koalicnej-rady-list-premierovi-a-predstavitelom-koalicie-s-pomenovanim-najaktualnejsich-problemov\/#primaryimage","url":"https:\/\/www.smedemokrati.sk\/wp-content\/uploads\/2025\/05\/vyzva-koalicna-rada.jpg","contentUrl":"https:\/\/www.smedemokrati.sk\/wp-content\/uploads\/2025\/05\/vyzva-koalicna-rada.jpg","width":957,"height":517},{"@type":"BreadcrumbList","@id":"https:\/\/www.smedemokrati.sk\/demokrati-dorucili-pred-dnesnym-zaciatkom-koalicnej-rady-list-premierovi-a-predstavitelom-koalicie-s-pomenovanim-najaktualnejsich-problemov\/#breadcrumb","itemListElement":[{"@type":"ListItem","position":1,"name":"Domovsk\u00e1 str\u00e1nka","item":"https:\/\/www.smedemokrati.sk\/"},{"@type":"ListItem","position":2,"name":"Demokrati doru\u010dili pred dne\u0161n\u00fdm za\u010diatkom koali\u010dnej rady list premi\u00e9rovi a predstavite\u013eom koal\u00edcie s pomenovan\u00edm najaktu\u00e1lnej\u0161\u00edch probl\u00e9mov"}]},{"@type":"WebSite","@id":"https:\/\/www.smedemokrati.sk\/#website","url":"https:\/\/www.smedemokrati.sk\/","name":"Smedemokrati.sk","description":"Demokracia a slu\u0161nos\u0165 zv\u00ed\u0165az\u00ed","publisher":{"@id":"https:\/\/www.smedemokrati.sk\/#organization"},"potentialAction":[{"@type":"SearchAction","target":{"@type":"EntryPoint","urlTemplate":"https:\/\/www.smedemokrati.sk\/?s={search_term_string}"},"query-input":{"@type":"PropertyValueSpecification","valueRequired":true,"valueName":"search_term_string"}}],"inLanguage":"en-US"},{"@type":"Organization","@id":"https:\/\/www.smedemokrati.sk\/#organization","name":"Smedemokrati.sk","url":"https:\/\/www.smedemokrati.sk\/","logo":{"@type":"ImageObject","inLanguage":"en-US","@id":"https:\/\/www.smedemokrati.sk\/#\/schema\/logo\/image\/","url":"https:\/\/www.smedemokrati.sk\/wp-content\/uploads\/2023\/04\/ff.002.jpeg","contentUrl":"https:\/\/www.smedemokrati.sk\/wp-content\/uploads\/2023\/04\/ff.002.jpeg","width":640,"height":480,"caption":"Smedemokrati.sk"},"image":{"@id":"https:\/\/www.smedemokrati.sk\/#\/schema\/logo\/image\/"},"sameAs":["https:\/\/www.facebook.com\/smedemokrati2023"]},{"@type":"Person","@id":"https:\/\/www.smedemokrati.sk\/#\/schema\/person\/21f147c88d605aa7ded900e1e7c344ba","name":"miro.sopko","image":{"@type":"ImageObject","inLanguage":"en-US","@id":"https:\/\/secure.gravatar.com\/avatar\/267e4a36f704376c109afe3a78740c1f5dd8675a2180a908699e7863c9247606?s=96&d=mm&r=g","url":"https:\/\/secure.gravatar.com\/avatar\/267e4a36f704376c109afe3a78740c1f5dd8675a2180a908699e7863c9247606?s=96&d=mm&r=g","contentUrl":"https:\/\/secure.gravatar.com\/avatar\/267e4a36f704376c109afe3a78740c1f5dd8675a2180a908699e7863c9247606?s=96&d=mm&r=g","caption":"miro.sopko"},"url":"https:\/\/www.smedemokrati.sk\/en\/author\/miro-sopko\/"}]}},"_links":{"self":[{"href":"https:\/\/www.smedemokrati.sk\/en\/wp-json\/wp\/v2\/posts\/7302","targetHints":{"allow":["GET"]}}],"collection":[{"href":"https:\/\/www.smedemokrati.sk\/en\/wp-json\/wp\/v2\/posts"}],"about":[{"href":"https:\/\/www.smedemokrati.sk\/en\/wp-json\/wp\/v2\/types\/post"}],"author":[{"embeddable":true,"href":"https:\/\/www.smedemokrati.sk\/en\/wp-json\/wp\/v2\/users\/13"}],"replies":[{"embeddable":true,"href":"https:\/\/www.smedemokrati.sk\/en\/wp-json\/wp\/v2\/comments?post=7302"}],"version-history":[{"count":1,"href":"https:\/\/www.smedemokrati.sk\/en\/wp-json\/wp\/v2\/posts\/7302\/revisions"}],"predecessor-version":[{"id":7305,"href":"https:\/\/www.smedemokrati.sk\/en\/wp-json\/wp\/v2\/posts\/7302\/revisions\/7305"}],"wp:featuredmedia":[{"embeddable":true,"href":"https:\/\/www.smedemokrati.sk\/en\/wp-json\/wp\/v2\/media\/7303"}],"wp:attachment":[{"href":"https:\/\/www.smedemokrati.sk\/en\/wp-json\/wp\/v2\/media?parent=7302"}],"wp:term":[{"taxonomy":"category","embeddable":true,"href":"https:\/\/www.smedemokrati.sk\/en\/wp-json\/wp\/v2\/categories?post=7302"},{"taxonomy":"post_tag","embeddable":true,"href":"https:\/\/www.smedemokrati.sk\/en\/wp-json\/wp\/v2\/tags?post=7302"}],"curies":[{"name":"wp","href":"https:\/\/api.w.org\/{rel}","templated":true}]}}