{"id":7287,"date":"2025-05-21T18:31:11","date_gmt":"2025-05-21T17:31:11","guid":{"rendered":"https:\/\/www.smedemokrati.sk\/?p=7287"},"modified":"2025-05-21T18:31:11","modified_gmt":"2025-05-21T17:31:11","slug":"vlada-usvedcila-filipa-kuffu-z-legislativneho-motactva","status":"publish","type":"post","link":"https:\/\/www.smedemokrati.sk\/en\/vlada-usvedcila-filipa-kuffu-z-legislativneho-motactva\/","title":{"rendered":"Vl\u00e1da usved\u010dila Filipa Kuffu z legislat\u00edvneho mot\u00e1ctva"},"content":{"rendered":"<div id=\"fb-root\"><\/div>\n\n<p><strong>Vl\u00e1da dnes s\u00edce s\u00fahlasila s novelou z\u00e1kona o ochrane pr\u00edrody a krajiny poslancov Garaja a spol. z SNS, ku ktorej sa prihl\u00e1sil Filip Kuffa, av\u0161ak sp\u00f4sobom, za ktor\u00fd sa mus\u00ed Kuffa hanbi\u0165. N\u00e1vrh mu v podstatn\u00fdch \u010dastiach \u201crozcupovali na franforce\u201d. I\u0161lo by o siedmu noveliz\u00e1ciu z\u00e1kona v tomto volebnom obdob\u00ed, v\u017edy len k hor\u0161iemu. Demokrati vyz\u00fdvaj\u00fa po dne\u0161nom legislat\u00edvnom fiasku poslancov SNS a Filipa Kuffu, aby n\u00e1vrh z\u00e1kona stiahli.&nbsp;<\/strong><\/p>\n\n\n\n<p>\u201c<em>V pripomienkovom konan\u00ed som sa proti n\u00e1vrhu postavili nielen Demokrati, ale aj mimovl\u00e1dne organiz\u00e1cie, \u00farad vl\u00e1dy, ministerstvo obrany, ministerstvo p\u00f4dohospod\u00e1rstva a dokonca aj Slovensk\u00e9 n\u00e1rodn\u00e9 stredisko pre \u013eudsk\u00e9 pr\u00e1va. Po dne\u0161ku sa k v\u00fdhrad\u00e1m k podstatn\u00fdm \u010dastiam n\u00e1vrhu pripojila aj legislat\u00edvna rada vl\u00e1dy, \u00fatvar vl\u00e1dnej legislat\u00edvy a napokon aj cel\u00e1 vl\u00e1da. Pre poslancov to ma s\u00edce len odpor\u00fa\u010dac\u00ed charakter, ale pre Kuffu je to tak \u010di onak ve\u013ek\u00e1 hanba a schv\u00e1lenie z\u00e1kona je v p\u00f4vodnej podobe politicky nemyslite\u013en\u00e9,<\/em>\u201d uv\u00e1dza Michal Ki\u010da, environment\u00e1lny expert Demokratov.&nbsp;<\/p>\n\n\n\n<p>\u201c<em>Dne\u0161n\u00e9 stanovisko vl\u00e1dy je vizitkou Kuffovej legislat\u00edvnej neschopnosti. On by pr\u00edrodu aj chcel ni\u010di\u0165 e\u0161te viac, len to skr\u00e1tka nedok\u00e1\u017ee riadne nachysta\u0165. Navrhovatelia z\u00e1kona a Filip Kuffa predviedli nev\u00eddan\u00fa mieru legislat\u00edvnej ignorancie. N\u00e1vrh z\u00e1kona je na\u010falej nebezpe\u010dn\u00fd a e\u0161te hor\u0161ie bud\u00fa pozme\u0148ovacie n\u00e1vrhy. Nem\u00f4\u017eeme akceptova\u0165 ich prax v\u017edy na posledn\u00fa chv\u00ed\u013eu predlo\u017ei\u0165 rozsiahly pozme\u0148uj\u00faci n\u00e1vrh, ktor\u00fd nikto nevidel. Poru\u0161uj\u00fa t\u00fdm pravidl\u00e1 legislat\u00edvneho procesu. O\u010dak\u00e1vam, \u017ee tu r\u00e1taj\u00fa op\u00e4\u0165 s rozsiahlym pozme\u0148uj\u00facim n\u00e1vrhom. I\u0161lo by o siedmu noveliz\u00e1ciu z\u00e1kona v tomto volebnom obdob\u00ed, v\u017edy len k hor\u0161iemu. Aj po dne\u0161nom legislat\u00edvnom fiasku vyz\u00fdvam poslancov SNS a Filipa Kuffu, aby n\u00e1vrh z\u00e1kona stiahli,<\/em>\u201d vyhl\u00e1sil Michal Ki\u010da.&nbsp;<\/p>\n\n\n\n<p><strong>\u010co teda prek\u00e1\u017ea nielen n\u00e1m, ale aj vl\u00e1de?&nbsp;<\/strong><\/p>\n\n\n\n<ul class=\"wp-block-list\">\n<li>Kuffa chcel od druh\u00e9ho stup\u0148a zak\u00e1za\u0165 vykon\u00e1va\u0165 hospod\u00e1rsku \u010dinnos\u0165 na pozemkoch bez s\u00fahlasu vlastn\u00edka a pr\u00e1vneho d\u00f4vodu. I\u0161lo mu o podk\u00farenie d\u00e9monick\u00fdm mimovl\u00e1dkam, ale vo v\u00fdsledku ide o \u00faplne absurdn\u00e9 ustanovenie. Hospod\u00e1rskou \u010dinnos\u0165ou m\u00f4\u017ee by\u0165 toti\u017e prakticky ak\u00e1ko\u013evek aktivita, nielen sprev\u00e1dzanie v pr\u00edrode, ako od\u00f4vod\u0148ovali navrhovatelia a \u0161t\u00e1tny tajomn\u00edk Kuffa na tla\u010dovej konferencii. M\u00f4\u017ee sa jedna\u0165 o v\u00fdkon pr\u00e1va ryb\u00e1rstva, po\u013eovn\u00edctva, po\u013enohospod\u00e1rsku \u010dinnos\u0165, preprava dreva alebo ak\u00e9hoko\u013evek in\u00e9ho tovaru, jazda prostriedku verejnej dopravy a stovky in\u00fdch druhov aktiv\u00edt. Hovor\u00edme odhadom o desatine \u00fazemia SR. V pr\u00edpade rozdroben\u00e9ho vlastn\u00edctva pozemkov (ve\u013ea drobn\u00fdch parciel alebo ve\u013ea vlastn\u00edkov jednej parcely) by bolo absol\u00fatne nemo\u017en\u00e9 zabezpe\u010di\u0165 obstaranie tak\u00fdchto s\u00fahlasov, ke\u010f\u017ee sa jedn\u00e1 o st\u00e1tis\u00edce pr\u00e1vnych vz\u0165ahov na dotknut\u00fdch parcel\u00e1ch. D\u00f4sledkom by bola nemo\u017enos\u0165 vykon\u00e1va\u0165 tak\u00fato \u010dinnos\u0165 (napr. pasenie) a paral\u00fdza hospod\u00e1rskych \u010dinnost\u00ed na pribli\u017ene desatine \u00fazemia SR. Tak\u00e1to po\u017eiadavka naviac nijako nes\u00favis\u00ed s predmetom z\u00e1kona o ochrane pr\u00edrody a krajiny.<\/li>\n\n\n\n<li>vl\u00e1da upozornila Kuffov\u00fdch poslancov, \u017ee umo\u017enenie zberu h\u00fab u\u017e v z\u00e1kone d\u00e1vno je. Aspo\u0148 vid\u00edte, ako ho \u201cpoznaj\u00fa\u201d z\u00e1kon, ktor\u00fd chc\u00fa novelizova\u0165.<\/li>\n\n\n\n<li>Kuffova v\u00e1\u0161e\u0148 pre lov v mokradiach, ktor\u00fd chcel umo\u017eni\u0165 bez v\u00fdnimky, je pod\u013ea vl\u00e1dy nezlu\u010dite\u013en\u00e1 s Ramsarsk\u00fdm dohovorom o mokradiach, preto\u017ee by to mohlo znamena\u0165 svojvo\u013en\u00e9 chytanie a usmrcovanie \u017eivo\u010d\u00edchov.<\/li>\n\n\n\n<li>vl\u00e1da rovnako nes\u00fahlas\u00ed ani s Kuffov\u00fdm n\u00e1vrhom oslabova\u0165 z\u00e1kladn\u00fd cie\u013e n\u00e1rodn\u00e9ho parku dosiahnu\u0165 v\u00fdh\u013eadovo na 75 % \u00fazemia striktn\u00fa ochranu, \u010do bola jeho vlajkov\u00e1 lo\u010f, ktorou si chcel pom\u00f4c\u0165 pre presadzovan\u00ed \u201cjeho\u201d zon\u00e1ci\u00ed.<\/li>\n<\/ul>\n","protected":false},"excerpt":{"rendered":"<p>Vl\u00e1da dnes s\u00edce s\u00fahlasila s novelou z\u00e1kona o ochrane pr\u00edrody a krajiny poslancov Garaja a spol. z SNS, ku ktorej sa prihl\u00e1sil Filip Kuffa, av\u0161ak sp\u00f4sobom, za ktor\u00fd sa mus\u00ed Kuffa hanbi\u0165. N\u00e1vrh mu v podstatn\u00fdch \u010dastiach \u201crozcupovali na franforce\u201d. I\u0161lo by o siedmu noveliz\u00e1ciu z\u00e1kona v tomto volebnom obdob\u00ed, v\u017edy len k hor\u0161iemu. Demokrati [&hellip;]<\/p>\n","protected":false},"author":13,"featured_media":6804,"comment_status":"closed","ping_status":"closed","sticky":false,"template":"","format":"standard","meta":{"_acf_changed":false,"ngg_post_thumbnail":0,"footnotes":""},"categories":[4],"tags":[],"class_list":["post-7287","post","type-post","status-publish","format-standard","has-post-thumbnail","hentry","category-tlacove-spravy"],"acf":[],"yoast_head":"<!-- This site is optimized with the Yoast SEO plugin v27.2 - https:\/\/yoast.com\/product\/yoast-seo-wordpress\/ -->\n<title>Vl\u00e1da usved\u010dila Filipa Kuffu z legislat\u00edvneho mot\u00e1ctva<\/title>\n<meta name=\"robots\" content=\"index, follow, max-snippet:-1, max-image-preview:large, max-video-preview:-1\" \/>\n<link rel=\"canonical\" href=\"https:\/\/www.smedemokrati.sk\/en\/vlada-usvedcila-filipa-kuffu-z-legislativneho-motactva\/\" \/>\n<meta property=\"og:locale\" content=\"en_US\" \/>\n<meta property=\"og:locale:alternate\" content=\"cs_CZ\" \/>\n<meta property=\"og:locale:alternate\" content=\"hu_HU\" \/>\n<meta property=\"og:locale:alternate\" content=\"sk_SK\" \/>\n<meta property=\"og:locale:alternate\" content=\"sv_SE\" \/>\n<meta property=\"og:type\" content=\"article\" \/>\n<meta property=\"og:title\" content=\"Vl\u00e1da usved\u010dila Filipa Kuffu z legislat\u00edvneho mot\u00e1ctva\" \/>\n<meta property=\"og:description\" content=\"Vl\u00e1da dnes s\u00edce s\u00fahlasila s novelou z\u00e1kona o ochrane pr\u00edrody a krajiny poslancov Garaja a spol. z SNS, ku ktorej sa prihl\u00e1sil Filip Kuffa, av\u0161ak sp\u00f4sobom, za ktor\u00fd sa mus\u00ed Kuffa hanbi\u0165. N\u00e1vrh mu v podstatn\u00fdch \u010dastiach \u201crozcupovali na franforce\u201d. I\u0161lo by o siedmu noveliz\u00e1ciu z\u00e1kona v tomto volebnom obdob\u00ed, v\u017edy len k hor\u0161iemu. Demokrati [&hellip;]\" \/>\n<meta property=\"og:url\" content=\"https:\/\/www.smedemokrati.sk\/en\/vlada-usvedcila-filipa-kuffu-z-legislativneho-motactva\/\" \/>\n<meta property=\"og:site_name\" content=\"Smedemokrati.sk\" \/>\n<meta property=\"article:publisher\" content=\"https:\/\/www.facebook.com\/smedemokrati2023\" \/>\n<meta property=\"article:published_time\" content=\"2025-05-21T17:31:11+00:00\" \/>\n<meta property=\"og:image\" content=\"https:\/\/www.smedemokrati.sk\/wp-content\/uploads\/2025\/04\/fiip_kuffa.jpg\" \/>\n\t<meta property=\"og:image:width\" content=\"910\" \/>\n\t<meta property=\"og:image:height\" content=\"608\" \/>\n\t<meta property=\"og:image:type\" content=\"image\/jpeg\" \/>\n<meta name=\"author\" content=\"miro.sopko\" \/>\n<meta name=\"twitter:card\" content=\"summary_large_image\" \/>\n<meta name=\"twitter:label1\" content=\"Written by\" \/>\n\t<meta name=\"twitter:data1\" content=\"miro.sopko\" \/>\n\t<meta name=\"twitter:label2\" content=\"Est. reading time\" \/>\n\t<meta name=\"twitter:data2\" content=\"3 minutes\" \/>\n<script type=\"application\/ld+json\" class=\"yoast-schema-graph\">{\"@context\":\"https:\/\/schema.org\",\"@graph\":[{\"@type\":\"Article\",\"@id\":\"https:\/\/www.smedemokrati.sk\/vlada-usvedcila-filipa-kuffu-z-legislativneho-motactva\/#article\",\"isPartOf\":{\"@id\":\"https:\/\/www.smedemokrati.sk\/vlada-usvedcila-filipa-kuffu-z-legislativneho-motactva\/\"},\"author\":{\"name\":\"miro.sopko\",\"@id\":\"https:\/\/www.smedemokrati.sk\/#\/schema\/person\/21f147c88d605aa7ded900e1e7c344ba\"},\"headline\":\"Vl\u00e1da usved\u010dila Filipa Kuffu z legislat\u00edvneho mot\u00e1ctva\",\"datePublished\":\"2025-05-21T17:31:11+00:00\",\"mainEntityOfPage\":{\"@id\":\"https:\/\/www.smedemokrati.sk\/vlada-usvedcila-filipa-kuffu-z-legislativneho-motactva\/\"},\"wordCount\":711,\"publisher\":{\"@id\":\"https:\/\/www.smedemokrati.sk\/#organization\"},\"image\":{\"@id\":\"https:\/\/www.smedemokrati.sk\/vlada-usvedcila-filipa-kuffu-z-legislativneho-motactva\/#primaryimage\"},\"thumbnailUrl\":\"https:\/\/www.smedemokrati.sk\/wp-content\/uploads\/2025\/04\/fiip_kuffa.jpg\",\"articleSection\":[\"Tla\u010dov\u00e9 spr\u00e1vy\"],\"inLanguage\":\"en-US\"},{\"@type\":\"WebPage\",\"@id\":\"https:\/\/www.smedemokrati.sk\/vlada-usvedcila-filipa-kuffu-z-legislativneho-motactva\/\",\"url\":\"https:\/\/www.smedemokrati.sk\/vlada-usvedcila-filipa-kuffu-z-legislativneho-motactva\/\",\"name\":\"Vl\u00e1da usved\u010dila Filipa Kuffu z legislat\u00edvneho mot\u00e1ctva\",\"isPartOf\":{\"@id\":\"https:\/\/www.smedemokrati.sk\/#website\"},\"primaryImageOfPage\":{\"@id\":\"https:\/\/www.smedemokrati.sk\/vlada-usvedcila-filipa-kuffu-z-legislativneho-motactva\/#primaryimage\"},\"image\":{\"@id\":\"https:\/\/www.smedemokrati.sk\/vlada-usvedcila-filipa-kuffu-z-legislativneho-motactva\/#primaryimage\"},\"thumbnailUrl\":\"https:\/\/www.smedemokrati.sk\/wp-content\/uploads\/2025\/04\/fiip_kuffa.jpg\",\"datePublished\":\"2025-05-21T17:31:11+00:00\",\"breadcrumb\":{\"@id\":\"https:\/\/www.smedemokrati.sk\/vlada-usvedcila-filipa-kuffu-z-legislativneho-motactva\/#breadcrumb\"},\"inLanguage\":\"en-US\",\"potentialAction\":[{\"@type\":\"ReadAction\",\"target\":[\"https:\/\/www.smedemokrati.sk\/vlada-usvedcila-filipa-kuffu-z-legislativneho-motactva\/\"]}]},{\"@type\":\"ImageObject\",\"inLanguage\":\"en-US\",\"@id\":\"https:\/\/www.smedemokrati.sk\/vlada-usvedcila-filipa-kuffu-z-legislativneho-motactva\/#primaryimage\",\"url\":\"https:\/\/www.smedemokrati.sk\/wp-content\/uploads\/2025\/04\/fiip_kuffa.jpg\",\"contentUrl\":\"https:\/\/www.smedemokrati.sk\/wp-content\/uploads\/2025\/04\/fiip_kuffa.jpg\",\"width\":910,\"height\":608},{\"@type\":\"BreadcrumbList\",\"@id\":\"https:\/\/www.smedemokrati.sk\/vlada-usvedcila-filipa-kuffu-z-legislativneho-motactva\/#breadcrumb\",\"itemListElement\":[{\"@type\":\"ListItem\",\"position\":1,\"name\":\"Domovsk\u00e1 str\u00e1nka\",\"item\":\"https:\/\/www.smedemokrati.sk\/\"},{\"@type\":\"ListItem\",\"position\":2,\"name\":\"Vl\u00e1da usved\u010dila Filipa Kuffu z legislat\u00edvneho mot\u00e1ctva\"}]},{\"@type\":\"WebSite\",\"@id\":\"https:\/\/www.smedemokrati.sk\/#website\",\"url\":\"https:\/\/www.smedemokrati.sk\/\",\"name\":\"Smedemokrati.sk\",\"description\":\"Demokracia a slu\u0161nos\u0165 zv\u00ed\u0165az\u00ed\",\"publisher\":{\"@id\":\"https:\/\/www.smedemokrati.sk\/#organization\"},\"potentialAction\":[{\"@type\":\"SearchAction\",\"target\":{\"@type\":\"EntryPoint\",\"urlTemplate\":\"https:\/\/www.smedemokrati.sk\/?s={search_term_string}\"},\"query-input\":{\"@type\":\"PropertyValueSpecification\",\"valueRequired\":true,\"valueName\":\"search_term_string\"}}],\"inLanguage\":\"en-US\"},{\"@type\":\"Organization\",\"@id\":\"https:\/\/www.smedemokrati.sk\/#organization\",\"name\":\"Smedemokrati.sk\",\"url\":\"https:\/\/www.smedemokrati.sk\/\",\"logo\":{\"@type\":\"ImageObject\",\"inLanguage\":\"en-US\",\"@id\":\"https:\/\/www.smedemokrati.sk\/#\/schema\/logo\/image\/\",\"url\":\"https:\/\/www.smedemokrati.sk\/wp-content\/uploads\/2023\/04\/ff.002.jpeg\",\"contentUrl\":\"https:\/\/www.smedemokrati.sk\/wp-content\/uploads\/2023\/04\/ff.002.jpeg\",\"width\":640,\"height\":480,\"caption\":\"Smedemokrati.sk\"},\"image\":{\"@id\":\"https:\/\/www.smedemokrati.sk\/#\/schema\/logo\/image\/\"},\"sameAs\":[\"https:\/\/www.facebook.com\/smedemokrati2023\"]},{\"@type\":\"Person\",\"@id\":\"https:\/\/www.smedemokrati.sk\/#\/schema\/person\/21f147c88d605aa7ded900e1e7c344ba\",\"name\":\"miro.sopko\",\"image\":{\"@type\":\"ImageObject\",\"inLanguage\":\"en-US\",\"@id\":\"https:\/\/secure.gravatar.com\/avatar\/267e4a36f704376c109afe3a78740c1f5dd8675a2180a908699e7863c9247606?s=96&d=mm&r=g\",\"url\":\"https:\/\/secure.gravatar.com\/avatar\/267e4a36f704376c109afe3a78740c1f5dd8675a2180a908699e7863c9247606?s=96&d=mm&r=g\",\"contentUrl\":\"https:\/\/secure.gravatar.com\/avatar\/267e4a36f704376c109afe3a78740c1f5dd8675a2180a908699e7863c9247606?s=96&d=mm&r=g\",\"caption\":\"miro.sopko\"},\"url\":\"https:\/\/www.smedemokrati.sk\/en\/author\/miro-sopko\/\"}]}<\/script>\n<!-- \/ Yoast SEO plugin. -->","yoast_head_json":{"title":"Vl\u00e1da usved\u010dila Filipa Kuffu z legislat\u00edvneho mot\u00e1ctva","robots":{"index":"index","follow":"follow","max-snippet":"max-snippet:-1","max-image-preview":"max-image-preview:large","max-video-preview":"max-video-preview:-1"},"canonical":"https:\/\/www.smedemokrati.sk\/en\/vlada-usvedcila-filipa-kuffu-z-legislativneho-motactva\/","og_locale":"en_US","og_type":"article","og_title":"[:sk]Vl\u00e1da usved\u010dila Filipa Kuffu z legislat\u00edvneho mot\u00e1ctva[:] - Smedemokrati.sk","og_description":"Vl\u00e1da dnes s\u00edce s\u00fahlasila s novelou z\u00e1kona o ochrane pr\u00edrody a krajiny poslancov Garaja a spol. z SNS, ku ktorej sa prihl\u00e1sil Filip Kuffa, av\u0161ak sp\u00f4sobom, za ktor\u00fd sa mus\u00ed Kuffa hanbi\u0165. N\u00e1vrh mu v podstatn\u00fdch \u010dastiach \u201crozcupovali na franforce\u201d. I\u0161lo by o siedmu noveliz\u00e1ciu z\u00e1kona v tomto volebnom obdob\u00ed, v\u017edy len k hor\u0161iemu. Demokrati [&hellip;]","og_url":"https:\/\/www.smedemokrati.sk\/en\/vlada-usvedcila-filipa-kuffu-z-legislativneho-motactva\/","og_site_name":"Smedemokrati.sk","article_publisher":"https:\/\/www.facebook.com\/smedemokrati2023","article_published_time":"2025-05-21T17:31:11+00:00","og_image":[{"width":910,"height":608,"url":"https:\/\/www.smedemokrati.sk\/wp-content\/uploads\/2025\/04\/fiip_kuffa.jpg","type":"image\/jpeg"}],"author":"miro.sopko","twitter_card":"summary_large_image","twitter_misc":{"Written by":"miro.sopko","Est. reading time":"3 minutes"},"schema":{"@context":"https:\/\/schema.org","@graph":[{"@type":"Article","@id":"https:\/\/www.smedemokrati.sk\/vlada-usvedcila-filipa-kuffu-z-legislativneho-motactva\/#article","isPartOf":{"@id":"https:\/\/www.smedemokrati.sk\/vlada-usvedcila-filipa-kuffu-z-legislativneho-motactva\/"},"author":{"name":"miro.sopko","@id":"https:\/\/www.smedemokrati.sk\/#\/schema\/person\/21f147c88d605aa7ded900e1e7c344ba"},"headline":"Vl\u00e1da usved\u010dila Filipa Kuffu z legislat\u00edvneho mot\u00e1ctva","datePublished":"2025-05-21T17:31:11+00:00","mainEntityOfPage":{"@id":"https:\/\/www.smedemokrati.sk\/vlada-usvedcila-filipa-kuffu-z-legislativneho-motactva\/"},"wordCount":711,"publisher":{"@id":"https:\/\/www.smedemokrati.sk\/#organization"},"image":{"@id":"https:\/\/www.smedemokrati.sk\/vlada-usvedcila-filipa-kuffu-z-legislativneho-motactva\/#primaryimage"},"thumbnailUrl":"https:\/\/www.smedemokrati.sk\/wp-content\/uploads\/2025\/04\/fiip_kuffa.jpg","articleSection":["Tla\u010dov\u00e9 spr\u00e1vy"],"inLanguage":"en-US"},{"@type":"WebPage","@id":"https:\/\/www.smedemokrati.sk\/vlada-usvedcila-filipa-kuffu-z-legislativneho-motactva\/","url":"https:\/\/www.smedemokrati.sk\/vlada-usvedcila-filipa-kuffu-z-legislativneho-motactva\/","name":"Vl\u00e1da usved\u010dila Filipa Kuffu z legislat\u00edvneho mot\u00e1ctva","isPartOf":{"@id":"https:\/\/www.smedemokrati.sk\/#website"},"primaryImageOfPage":{"@id":"https:\/\/www.smedemokrati.sk\/vlada-usvedcila-filipa-kuffu-z-legislativneho-motactva\/#primaryimage"},"image":{"@id":"https:\/\/www.smedemokrati.sk\/vlada-usvedcila-filipa-kuffu-z-legislativneho-motactva\/#primaryimage"},"thumbnailUrl":"https:\/\/www.smedemokrati.sk\/wp-content\/uploads\/2025\/04\/fiip_kuffa.jpg","datePublished":"2025-05-21T17:31:11+00:00","breadcrumb":{"@id":"https:\/\/www.smedemokrati.sk\/vlada-usvedcila-filipa-kuffu-z-legislativneho-motactva\/#breadcrumb"},"inLanguage":"en-US","potentialAction":[{"@type":"ReadAction","target":["https:\/\/www.smedemokrati.sk\/vlada-usvedcila-filipa-kuffu-z-legislativneho-motactva\/"]}]},{"@type":"ImageObject","inLanguage":"en-US","@id":"https:\/\/www.smedemokrati.sk\/vlada-usvedcila-filipa-kuffu-z-legislativneho-motactva\/#primaryimage","url":"https:\/\/www.smedemokrati.sk\/wp-content\/uploads\/2025\/04\/fiip_kuffa.jpg","contentUrl":"https:\/\/www.smedemokrati.sk\/wp-content\/uploads\/2025\/04\/fiip_kuffa.jpg","width":910,"height":608},{"@type":"BreadcrumbList","@id":"https:\/\/www.smedemokrati.sk\/vlada-usvedcila-filipa-kuffu-z-legislativneho-motactva\/#breadcrumb","itemListElement":[{"@type":"ListItem","position":1,"name":"Domovsk\u00e1 str\u00e1nka","item":"https:\/\/www.smedemokrati.sk\/"},{"@type":"ListItem","position":2,"name":"Vl\u00e1da usved\u010dila Filipa Kuffu z legislat\u00edvneho mot\u00e1ctva"}]},{"@type":"WebSite","@id":"https:\/\/www.smedemokrati.sk\/#website","url":"https:\/\/www.smedemokrati.sk\/","name":"Smedemokrati.sk","description":"Demokracia a slu\u0161nos\u0165 zv\u00ed\u0165az\u00ed","publisher":{"@id":"https:\/\/www.smedemokrati.sk\/#organization"},"potentialAction":[{"@type":"SearchAction","target":{"@type":"EntryPoint","urlTemplate":"https:\/\/www.smedemokrati.sk\/?s={search_term_string}"},"query-input":{"@type":"PropertyValueSpecification","valueRequired":true,"valueName":"search_term_string"}}],"inLanguage":"en-US"},{"@type":"Organization","@id":"https:\/\/www.smedemokrati.sk\/#organization","name":"Smedemokrati.sk","url":"https:\/\/www.smedemokrati.sk\/","logo":{"@type":"ImageObject","inLanguage":"en-US","@id":"https:\/\/www.smedemokrati.sk\/#\/schema\/logo\/image\/","url":"https:\/\/www.smedemokrati.sk\/wp-content\/uploads\/2023\/04\/ff.002.jpeg","contentUrl":"https:\/\/www.smedemokrati.sk\/wp-content\/uploads\/2023\/04\/ff.002.jpeg","width":640,"height":480,"caption":"Smedemokrati.sk"},"image":{"@id":"https:\/\/www.smedemokrati.sk\/#\/schema\/logo\/image\/"},"sameAs":["https:\/\/www.facebook.com\/smedemokrati2023"]},{"@type":"Person","@id":"https:\/\/www.smedemokrati.sk\/#\/schema\/person\/21f147c88d605aa7ded900e1e7c344ba","name":"miro.sopko","image":{"@type":"ImageObject","inLanguage":"en-US","@id":"https:\/\/secure.gravatar.com\/avatar\/267e4a36f704376c109afe3a78740c1f5dd8675a2180a908699e7863c9247606?s=96&d=mm&r=g","url":"https:\/\/secure.gravatar.com\/avatar\/267e4a36f704376c109afe3a78740c1f5dd8675a2180a908699e7863c9247606?s=96&d=mm&r=g","contentUrl":"https:\/\/secure.gravatar.com\/avatar\/267e4a36f704376c109afe3a78740c1f5dd8675a2180a908699e7863c9247606?s=96&d=mm&r=g","caption":"miro.sopko"},"url":"https:\/\/www.smedemokrati.sk\/en\/author\/miro-sopko\/"}]}},"_links":{"self":[{"href":"https:\/\/www.smedemokrati.sk\/en\/wp-json\/wp\/v2\/posts\/7287","targetHints":{"allow":["GET"]}}],"collection":[{"href":"https:\/\/www.smedemokrati.sk\/en\/wp-json\/wp\/v2\/posts"}],"about":[{"href":"https:\/\/www.smedemokrati.sk\/en\/wp-json\/wp\/v2\/types\/post"}],"author":[{"embeddable":true,"href":"https:\/\/www.smedemokrati.sk\/en\/wp-json\/wp\/v2\/users\/13"}],"replies":[{"embeddable":true,"href":"https:\/\/www.smedemokrati.sk\/en\/wp-json\/wp\/v2\/comments?post=7287"}],"version-history":[{"count":1,"href":"https:\/\/www.smedemokrati.sk\/en\/wp-json\/wp\/v2\/posts\/7287\/revisions"}],"predecessor-version":[{"id":7288,"href":"https:\/\/www.smedemokrati.sk\/en\/wp-json\/wp\/v2\/posts\/7287\/revisions\/7288"}],"wp:featuredmedia":[{"embeddable":true,"href":"https:\/\/www.smedemokrati.sk\/en\/wp-json\/wp\/v2\/media\/6804"}],"wp:attachment":[{"href":"https:\/\/www.smedemokrati.sk\/en\/wp-json\/wp\/v2\/media?parent=7287"}],"wp:term":[{"taxonomy":"category","embeddable":true,"href":"https:\/\/www.smedemokrati.sk\/en\/wp-json\/wp\/v2\/categories?post=7287"},{"taxonomy":"post_tag","embeddable":true,"href":"https:\/\/www.smedemokrati.sk\/en\/wp-json\/wp\/v2\/tags?post=7287"}],"curies":[{"name":"wp","href":"https:\/\/api.w.org\/{rel}","templated":true}]}}