{"id":7192,"date":"2025-05-13T14:42:15","date_gmt":"2025-05-13T13:42:15","guid":{"rendered":"https:\/\/www.smedemokrati.sk\/?p=7192"},"modified":"2025-05-13T14:42:17","modified_gmt":"2025-05-13T13:42:17","slug":"cestny-predseda-hlasu-pellegrini-zasiahnite-voci-sutajovi-estokovi","status":"publish","type":"post","link":"https:\/\/www.smedemokrati.sk\/en\/cestny-predseda-hlasu-pellegrini-zasiahnite-voci-sutajovi-estokovi\/","title":{"rendered":"\u010cestn\u00fd predseda Hlasu Pellegrini zasiahnite vo\u010di \u0160utajovi E\u0161tokovi"},"content":{"rendered":"<div id=\"fb-root\"><\/div>\n\n<p>Ka\u017ed\u00fd jeden t\u00fd\u017ede\u0148 prich\u00e1dza nov\u00e1 kauza predra\u017een\u00fdch n\u00e1kupov na ministerstve vn\u00fatra. Najprv to bola hasi\u010dsk\u00e1 technika, nesk\u00f4r n\u00e1kup kancel\u00e1rskych doplnkov, n\u00e1sledne ko\u0161ele pre policajtov z&nbsp;k\u00e1vov\u00fdch z\u0155n, drah\u00e9 po\u010d\u00edta\u010de a dnes \u010diapky pre policajtov. Tak\u00fdmto sp\u00f4sobom s\u00fa ohrozen\u00e9 mili\u00f3ny eur, ktor\u00e9 platia ob\u010dania Slovenska v&nbsp;nezmyseln\u00fdch daniach, ktor\u00e9 na nich uvrhla vl\u00e1dna koal\u00edcia. Vyz\u00fdvame Petra Pellegriniho, aby si urobil \u201eporiadky\u201c so svojim nominantom a&nbsp;predsedom Hlasu.<\/p>\n\n\n\n<p>\u201e<strong><em>V&nbsp;janu\u00e1ri tohto roka sme vyzvali Petra Pellegriniho, aby sa vzdal funkcie \u010destn\u00e9ho predsedu strany Hlas. Pellegrini nielen\u017ee na\u0161u v\u00fdzvu ignoroval, ale dokonca akt\u00edvne vst\u00fapil do rie\u0161enia vn\u00fatrostran\u00edckej a&nbsp;koali\u010dnej kr\u00edzy v&nbsp;mene strany Hlas. T\u00fdm sa naplno prihl\u00e1sil k&nbsp;zodpovednosti za stranu Hlasu a&nbsp;jej politick\u00e9 p\u00f4sobenie. Nehovoriac o&nbsp;stanov\u00e1ch strany Hlas, ktor\u00e9 s\u00fa verejne publikovan\u00e9, a&nbsp;ktor\u00e9 d\u00e1vaj\u00fa prezidentovi Pellegrinimu siln\u00e9 opr\u00e1vnenia vo vz\u0165ahu k&nbsp;strane. Pr\u00e1ve preto tu dnes stoj\u00edme, pred prezidentsk\u00fdm pal\u00e1com, aby Peter Pellegrini stiahol ministra vn\u00fatra \u0160utaja E\u0161toka z&nbsp;funkcie ministra vn\u00fatra. P\u00e1n \u0160utaj E\u0161tok ni\u010d\u00ed ministerstvo vn\u00fatra, hospod\u00e1ri ako keby bol cis\u00e1r a&nbsp;zneu\u017e\u00edva pol\u00edciu na kriminalizovanie opoz\u00edcie. Mili\u00f3ny a&nbsp;mili\u00f3ny eur, ktor\u00e9 \u013eudia zaplatili na daniach \u013eudia kon\u010dia v&nbsp;netransparentn\u00fdch v\u00fdberov\u00fdch konaniach.<\/em><\/strong>\u201c Hovor\u00ed Juraj \u0160eliga, podpredseda strany Demokrati.&nbsp;&nbsp;<\/p>\n\n\n\n<p>\u201eN\u00e1kup policajn\u00fdch \u010diapok je \u010fal\u0161\u00edm v\u00fdsmechom v\u0161etk\u00fdm policajtom, ob\u010danom a&nbsp;da\u0148ov\u00fdm poplatn\u00edkom. U\u017e len \u010dere\u0161ni\u010dkou na torte je, \u017ee objednali 50 \u010diapok pre policajn\u00fdch gener\u00e1lov. Ko\u013eko m\u00e1me gener\u00e1lov v&nbsp;pol\u00edcii, \u017ee potrebuj\u00fa 50 \u010diapok? Je naozaj zar\u00e1\u017eaj\u00face, \u017ee aj majster n\u00e1kupov Robert Kali\u0148\u00e1k vie rovnak\u00e9 \u010diapky k\u00fapi\u0165 lacnej\u0161ie ako \u0160utaj E\u0161tok.&nbsp;<strong>Opakujem, vlastn\u00fd kolega z&nbsp;vl\u00e1dy vie nakupova\u0165 rovnak\u00fa vec lacnej\u0161ie ako Mat\u00fa\u0161 \u0160utaj E\u0161tok. To je usved\u010denie zlyhania \u0160utaja E\u0161toka priamo Robertom Kali\u0148\u00e1kom.<\/strong>&nbsp;Nehovoriac o&nbsp;tom, ak Peter Pellegrini chce by\u0165 prezidentom v\u0161etk\u00fdch ob\u010danov, tak by bez v\u00e1hania mal zasiahnu\u0165 a&nbsp;zjedna\u0165 na ministerstve vn\u00fatra n\u00e1pravu. Nie je mo\u017en\u00e9 konsolidova\u0165 a&nbsp;rozkr\u00e1da\u0165 naraz. P\u00e1n prezident konajte!\u201c uzatv\u00e1ra Juraj \u0160eliga.<\/p>\n\n\n\n<p>V&nbsp;tejto s\u00favislosti budeme pod\u00e1va\u0165 ako strana Demokrati podnety na \u00darad pre verejn\u00e9 obstar\u00e1vanie a&nbsp;Najvy\u0161\u0161\u00ed kontroln\u00fd \u00farad. Ver\u00edme, \u017ee pol\u00edcia okrem \u0161ikany opoz\u00edcie a&nbsp;niektor\u00fdch policajtov sleduje aj tieto obstar\u00e1vania a&nbsp;tendre, ktor\u00e9 ohrozuj\u00fa peniaze slovensk\u00fdch da\u0148ov\u00fdch poplatn\u00edkov.&nbsp;<\/p>\n\n\n<div class=\"fb-video\" data-href=\"https:\/\/fb.watch\/zy_Oaa15UH\" data-allowfullscreen=\"true\" data-autoplay=\"false\" data-width=\"\" data-show-text=\"false\" data-show-captions=\"true\"><\/div>\n","protected":false},"excerpt":{"rendered":"<p>Ka\u017ed\u00fd jeden t\u00fd\u017ede\u0148 prich\u00e1dza nov\u00e1 kauza predra\u017een\u00fdch n\u00e1kupov na ministerstve vn\u00fatra. Najprv to bola hasi\u010dsk\u00e1 technika, nesk\u00f4r n\u00e1kup kancel\u00e1rskych doplnkov, n\u00e1sledne ko\u0161ele pre policajtov z&nbsp;k\u00e1vov\u00fdch z\u0155n, drah\u00e9 po\u010d\u00edta\u010de a dnes \u010diapky pre policajtov. Tak\u00fdmto sp\u00f4sobom s\u00fa ohrozen\u00e9 mili\u00f3ny eur, ktor\u00e9 platia ob\u010dania Slovenska v&nbsp;nezmyseln\u00fdch daniach, ktor\u00e9 na nich uvrhla vl\u00e1dna koal\u00edcia. Vyz\u00fdvame Petra Pellegriniho, aby [&hellip;]<\/p>\n","protected":false},"author":13,"featured_media":7193,"comment_status":"closed","ping_status":"closed","sticky":false,"template":"","format":"standard","meta":{"_acf_changed":false,"ngg_post_thumbnail":0,"footnotes":""},"categories":[4],"tags":[],"class_list":["post-7192","post","type-post","status-publish","format-standard","has-post-thumbnail","hentry","category-tlacove-spravy"],"acf":[],"yoast_head":"<!-- This site is optimized with the Yoast SEO plugin v27.2 - https:\/\/yoast.com\/product\/yoast-seo-wordpress\/ -->\n<title>\u010cestn\u00fd predseda Hlasu Pellegrini zasiahnite vo\u010di \u0160utajovi E\u0161tokovi<\/title>\n<meta name=\"robots\" content=\"index, follow, max-snippet:-1, max-image-preview:large, max-video-preview:-1\" \/>\n<link rel=\"canonical\" href=\"https:\/\/www.smedemokrati.sk\/en\/cestny-predseda-hlasu-pellegrini-zasiahnite-voci-sutajovi-estokovi\/\" \/>\n<meta property=\"og:locale\" content=\"en_US\" \/>\n<meta property=\"og:locale:alternate\" content=\"cs_CZ\" \/>\n<meta property=\"og:locale:alternate\" content=\"hu_HU\" \/>\n<meta property=\"og:locale:alternate\" content=\"sk_SK\" \/>\n<meta property=\"og:locale:alternate\" content=\"sv_SE\" \/>\n<meta property=\"og:type\" content=\"article\" \/>\n<meta property=\"og:title\" content=\"\u010cestn\u00fd predseda Hlasu Pellegrini zasiahnite vo\u010di \u0160utajovi E\u0161tokovi\" \/>\n<meta property=\"og:description\" content=\"Ka\u017ed\u00fd jeden t\u00fd\u017ede\u0148 prich\u00e1dza nov\u00e1 kauza predra\u017een\u00fdch n\u00e1kupov na ministerstve vn\u00fatra. Najprv to bola hasi\u010dsk\u00e1 technika, nesk\u00f4r n\u00e1kup kancel\u00e1rskych doplnkov, n\u00e1sledne ko\u0161ele pre policajtov z&nbsp;k\u00e1vov\u00fdch z\u0155n, drah\u00e9 po\u010d\u00edta\u010de a dnes \u010diapky pre policajtov. Tak\u00fdmto sp\u00f4sobom s\u00fa ohrozen\u00e9 mili\u00f3ny eur, ktor\u00e9 platia ob\u010dania Slovenska v&nbsp;nezmyseln\u00fdch daniach, ktor\u00e9 na nich uvrhla vl\u00e1dna koal\u00edcia. Vyz\u00fdvame Petra Pellegriniho, aby [&hellip;]\" \/>\n<meta property=\"og:url\" content=\"https:\/\/www.smedemokrati.sk\/en\/cestny-predseda-hlasu-pellegrini-zasiahnite-voci-sutajovi-estokovi\/\" \/>\n<meta property=\"og:site_name\" content=\"Smedemokrati.sk\" \/>\n<meta property=\"article:publisher\" content=\"https:\/\/www.facebook.com\/smedemokrati2023\" \/>\n<meta property=\"article:published_time\" content=\"2025-05-13T13:42:15+00:00\" \/>\n<meta property=\"article:modified_time\" content=\"2025-05-13T13:42:17+00:00\" \/>\n<meta property=\"og:image\" content=\"https:\/\/www.smedemokrati.sk\/wp-content\/uploads\/2025\/05\/pellegrini-ciapka.jpg\" \/>\n\t<meta property=\"og:image:width\" content=\"876\" \/>\n\t<meta property=\"og:image:height\" content=\"492\" \/>\n\t<meta property=\"og:image:type\" content=\"image\/jpeg\" \/>\n<meta name=\"author\" content=\"miro.sopko\" \/>\n<meta name=\"twitter:card\" content=\"summary_large_image\" \/>\n<meta name=\"twitter:label1\" content=\"Written by\" \/>\n\t<meta name=\"twitter:data1\" content=\"miro.sopko\" \/>\n\t<meta name=\"twitter:label2\" content=\"Est. reading time\" \/>\n\t<meta name=\"twitter:data2\" content=\"3 minutes\" \/>\n<script type=\"application\/ld+json\" class=\"yoast-schema-graph\">{\"@context\":\"https:\/\/schema.org\",\"@graph\":[{\"@type\":\"Article\",\"@id\":\"https:\/\/www.smedemokrati.sk\/cestny-predseda-hlasu-pellegrini-zasiahnite-voci-sutajovi-estokovi\/#article\",\"isPartOf\":{\"@id\":\"https:\/\/www.smedemokrati.sk\/cestny-predseda-hlasu-pellegrini-zasiahnite-voci-sutajovi-estokovi\/\"},\"author\":{\"name\":\"miro.sopko\",\"@id\":\"https:\/\/www.smedemokrati.sk\/#\/schema\/person\/21f147c88d605aa7ded900e1e7c344ba\"},\"headline\":\"\u010cestn\u00fd predseda Hlasu Pellegrini zasiahnite vo\u010di \u0160utajovi E\u0161tokovi\",\"datePublished\":\"2025-05-13T13:42:15+00:00\",\"dateModified\":\"2025-05-13T13:42:17+00:00\",\"mainEntityOfPage\":{\"@id\":\"https:\/\/www.smedemokrati.sk\/cestny-predseda-hlasu-pellegrini-zasiahnite-voci-sutajovi-estokovi\/\"},\"wordCount\":510,\"publisher\":{\"@id\":\"https:\/\/www.smedemokrati.sk\/#organization\"},\"image\":{\"@id\":\"https:\/\/www.smedemokrati.sk\/cestny-predseda-hlasu-pellegrini-zasiahnite-voci-sutajovi-estokovi\/#primaryimage\"},\"thumbnailUrl\":\"https:\/\/www.smedemokrati.sk\/wp-content\/uploads\/2025\/05\/pellegrini-ciapka.jpg\",\"articleSection\":[\"Tla\u010dov\u00e9 spr\u00e1vy\"],\"inLanguage\":\"en-US\"},{\"@type\":\"WebPage\",\"@id\":\"https:\/\/www.smedemokrati.sk\/cestny-predseda-hlasu-pellegrini-zasiahnite-voci-sutajovi-estokovi\/\",\"url\":\"https:\/\/www.smedemokrati.sk\/cestny-predseda-hlasu-pellegrini-zasiahnite-voci-sutajovi-estokovi\/\",\"name\":\"\u010cestn\u00fd predseda Hlasu Pellegrini zasiahnite vo\u010di \u0160utajovi E\u0161tokovi\",\"isPartOf\":{\"@id\":\"https:\/\/www.smedemokrati.sk\/#website\"},\"primaryImageOfPage\":{\"@id\":\"https:\/\/www.smedemokrati.sk\/cestny-predseda-hlasu-pellegrini-zasiahnite-voci-sutajovi-estokovi\/#primaryimage\"},\"image\":{\"@id\":\"https:\/\/www.smedemokrati.sk\/cestny-predseda-hlasu-pellegrini-zasiahnite-voci-sutajovi-estokovi\/#primaryimage\"},\"thumbnailUrl\":\"https:\/\/www.smedemokrati.sk\/wp-content\/uploads\/2025\/05\/pellegrini-ciapka.jpg\",\"datePublished\":\"2025-05-13T13:42:15+00:00\",\"dateModified\":\"2025-05-13T13:42:17+00:00\",\"breadcrumb\":{\"@id\":\"https:\/\/www.smedemokrati.sk\/cestny-predseda-hlasu-pellegrini-zasiahnite-voci-sutajovi-estokovi\/#breadcrumb\"},\"inLanguage\":\"en-US\",\"potentialAction\":[{\"@type\":\"ReadAction\",\"target\":[\"https:\/\/www.smedemokrati.sk\/cestny-predseda-hlasu-pellegrini-zasiahnite-voci-sutajovi-estokovi\/\"]}]},{\"@type\":\"ImageObject\",\"inLanguage\":\"en-US\",\"@id\":\"https:\/\/www.smedemokrati.sk\/cestny-predseda-hlasu-pellegrini-zasiahnite-voci-sutajovi-estokovi\/#primaryimage\",\"url\":\"https:\/\/www.smedemokrati.sk\/wp-content\/uploads\/2025\/05\/pellegrini-ciapka.jpg\",\"contentUrl\":\"https:\/\/www.smedemokrati.sk\/wp-content\/uploads\/2025\/05\/pellegrini-ciapka.jpg\",\"width\":876,\"height\":492},{\"@type\":\"BreadcrumbList\",\"@id\":\"https:\/\/www.smedemokrati.sk\/cestny-predseda-hlasu-pellegrini-zasiahnite-voci-sutajovi-estokovi\/#breadcrumb\",\"itemListElement\":[{\"@type\":\"ListItem\",\"position\":1,\"name\":\"Domovsk\u00e1 str\u00e1nka\",\"item\":\"https:\/\/www.smedemokrati.sk\/\"},{\"@type\":\"ListItem\",\"position\":2,\"name\":\"\u010cestn\u00fd predseda Hlasu Pellegrini zasiahnite vo\u010di \u0160utajovi E\u0161tokovi\"}]},{\"@type\":\"WebSite\",\"@id\":\"https:\/\/www.smedemokrati.sk\/#website\",\"url\":\"https:\/\/www.smedemokrati.sk\/\",\"name\":\"Smedemokrati.sk\",\"description\":\"Demokracia a slu\u0161nos\u0165 zv\u00ed\u0165az\u00ed\",\"publisher\":{\"@id\":\"https:\/\/www.smedemokrati.sk\/#organization\"},\"potentialAction\":[{\"@type\":\"SearchAction\",\"target\":{\"@type\":\"EntryPoint\",\"urlTemplate\":\"https:\/\/www.smedemokrati.sk\/?s={search_term_string}\"},\"query-input\":{\"@type\":\"PropertyValueSpecification\",\"valueRequired\":true,\"valueName\":\"search_term_string\"}}],\"inLanguage\":\"en-US\"},{\"@type\":\"Organization\",\"@id\":\"https:\/\/www.smedemokrati.sk\/#organization\",\"name\":\"Smedemokrati.sk\",\"url\":\"https:\/\/www.smedemokrati.sk\/\",\"logo\":{\"@type\":\"ImageObject\",\"inLanguage\":\"en-US\",\"@id\":\"https:\/\/www.smedemokrati.sk\/#\/schema\/logo\/image\/\",\"url\":\"https:\/\/www.smedemokrati.sk\/wp-content\/uploads\/2023\/04\/ff.002.jpeg\",\"contentUrl\":\"https:\/\/www.smedemokrati.sk\/wp-content\/uploads\/2023\/04\/ff.002.jpeg\",\"width\":640,\"height\":480,\"caption\":\"Smedemokrati.sk\"},\"image\":{\"@id\":\"https:\/\/www.smedemokrati.sk\/#\/schema\/logo\/image\/\"},\"sameAs\":[\"https:\/\/www.facebook.com\/smedemokrati2023\"]},{\"@type\":\"Person\",\"@id\":\"https:\/\/www.smedemokrati.sk\/#\/schema\/person\/21f147c88d605aa7ded900e1e7c344ba\",\"name\":\"miro.sopko\",\"image\":{\"@type\":\"ImageObject\",\"inLanguage\":\"en-US\",\"@id\":\"https:\/\/secure.gravatar.com\/avatar\/267e4a36f704376c109afe3a78740c1f5dd8675a2180a908699e7863c9247606?s=96&d=mm&r=g\",\"url\":\"https:\/\/secure.gravatar.com\/avatar\/267e4a36f704376c109afe3a78740c1f5dd8675a2180a908699e7863c9247606?s=96&d=mm&r=g\",\"contentUrl\":\"https:\/\/secure.gravatar.com\/avatar\/267e4a36f704376c109afe3a78740c1f5dd8675a2180a908699e7863c9247606?s=96&d=mm&r=g\",\"caption\":\"miro.sopko\"},\"url\":\"https:\/\/www.smedemokrati.sk\/en\/author\/miro-sopko\/\"}]}<\/script>\n<!-- \/ Yoast SEO plugin. -->","yoast_head_json":{"title":"\u010cestn\u00fd predseda Hlasu Pellegrini zasiahnite vo\u010di \u0160utajovi E\u0161tokovi","robots":{"index":"index","follow":"follow","max-snippet":"max-snippet:-1","max-image-preview":"max-image-preview:large","max-video-preview":"max-video-preview:-1"},"canonical":"https:\/\/www.smedemokrati.sk\/en\/cestny-predseda-hlasu-pellegrini-zasiahnite-voci-sutajovi-estokovi\/","og_locale":"en_US","og_type":"article","og_title":"[:sk]\u010cestn\u00fd predseda Hlasu Pellegrini zasiahnite vo\u010di \u0160utajovi E\u0161tokovi[:] - Smedemokrati.sk","og_description":"Ka\u017ed\u00fd jeden t\u00fd\u017ede\u0148 prich\u00e1dza nov\u00e1 kauza predra\u017een\u00fdch n\u00e1kupov na ministerstve vn\u00fatra. Najprv to bola hasi\u010dsk\u00e1 technika, nesk\u00f4r n\u00e1kup kancel\u00e1rskych doplnkov, n\u00e1sledne ko\u0161ele pre policajtov z&nbsp;k\u00e1vov\u00fdch z\u0155n, drah\u00e9 po\u010d\u00edta\u010de a dnes \u010diapky pre policajtov. Tak\u00fdmto sp\u00f4sobom s\u00fa ohrozen\u00e9 mili\u00f3ny eur, ktor\u00e9 platia ob\u010dania Slovenska v&nbsp;nezmyseln\u00fdch daniach, ktor\u00e9 na nich uvrhla vl\u00e1dna koal\u00edcia. Vyz\u00fdvame Petra Pellegriniho, aby [&hellip;]","og_url":"https:\/\/www.smedemokrati.sk\/en\/cestny-predseda-hlasu-pellegrini-zasiahnite-voci-sutajovi-estokovi\/","og_site_name":"Smedemokrati.sk","article_publisher":"https:\/\/www.facebook.com\/smedemokrati2023","article_published_time":"2025-05-13T13:42:15+00:00","article_modified_time":"2025-05-13T13:42:17+00:00","og_image":[{"width":876,"height":492,"url":"https:\/\/www.smedemokrati.sk\/wp-content\/uploads\/2025\/05\/pellegrini-ciapka.jpg","type":"image\/jpeg"}],"author":"miro.sopko","twitter_card":"summary_large_image","twitter_misc":{"Written by":"miro.sopko","Est. reading time":"3 minutes"},"schema":{"@context":"https:\/\/schema.org","@graph":[{"@type":"Article","@id":"https:\/\/www.smedemokrati.sk\/cestny-predseda-hlasu-pellegrini-zasiahnite-voci-sutajovi-estokovi\/#article","isPartOf":{"@id":"https:\/\/www.smedemokrati.sk\/cestny-predseda-hlasu-pellegrini-zasiahnite-voci-sutajovi-estokovi\/"},"author":{"name":"miro.sopko","@id":"https:\/\/www.smedemokrati.sk\/#\/schema\/person\/21f147c88d605aa7ded900e1e7c344ba"},"headline":"\u010cestn\u00fd predseda Hlasu Pellegrini zasiahnite vo\u010di \u0160utajovi E\u0161tokovi","datePublished":"2025-05-13T13:42:15+00:00","dateModified":"2025-05-13T13:42:17+00:00","mainEntityOfPage":{"@id":"https:\/\/www.smedemokrati.sk\/cestny-predseda-hlasu-pellegrini-zasiahnite-voci-sutajovi-estokovi\/"},"wordCount":510,"publisher":{"@id":"https:\/\/www.smedemokrati.sk\/#organization"},"image":{"@id":"https:\/\/www.smedemokrati.sk\/cestny-predseda-hlasu-pellegrini-zasiahnite-voci-sutajovi-estokovi\/#primaryimage"},"thumbnailUrl":"https:\/\/www.smedemokrati.sk\/wp-content\/uploads\/2025\/05\/pellegrini-ciapka.jpg","articleSection":["Tla\u010dov\u00e9 spr\u00e1vy"],"inLanguage":"en-US"},{"@type":"WebPage","@id":"https:\/\/www.smedemokrati.sk\/cestny-predseda-hlasu-pellegrini-zasiahnite-voci-sutajovi-estokovi\/","url":"https:\/\/www.smedemokrati.sk\/cestny-predseda-hlasu-pellegrini-zasiahnite-voci-sutajovi-estokovi\/","name":"\u010cestn\u00fd predseda Hlasu Pellegrini zasiahnite vo\u010di \u0160utajovi E\u0161tokovi","isPartOf":{"@id":"https:\/\/www.smedemokrati.sk\/#website"},"primaryImageOfPage":{"@id":"https:\/\/www.smedemokrati.sk\/cestny-predseda-hlasu-pellegrini-zasiahnite-voci-sutajovi-estokovi\/#primaryimage"},"image":{"@id":"https:\/\/www.smedemokrati.sk\/cestny-predseda-hlasu-pellegrini-zasiahnite-voci-sutajovi-estokovi\/#primaryimage"},"thumbnailUrl":"https:\/\/www.smedemokrati.sk\/wp-content\/uploads\/2025\/05\/pellegrini-ciapka.jpg","datePublished":"2025-05-13T13:42:15+00:00","dateModified":"2025-05-13T13:42:17+00:00","breadcrumb":{"@id":"https:\/\/www.smedemokrati.sk\/cestny-predseda-hlasu-pellegrini-zasiahnite-voci-sutajovi-estokovi\/#breadcrumb"},"inLanguage":"en-US","potentialAction":[{"@type":"ReadAction","target":["https:\/\/www.smedemokrati.sk\/cestny-predseda-hlasu-pellegrini-zasiahnite-voci-sutajovi-estokovi\/"]}]},{"@type":"ImageObject","inLanguage":"en-US","@id":"https:\/\/www.smedemokrati.sk\/cestny-predseda-hlasu-pellegrini-zasiahnite-voci-sutajovi-estokovi\/#primaryimage","url":"https:\/\/www.smedemokrati.sk\/wp-content\/uploads\/2025\/05\/pellegrini-ciapka.jpg","contentUrl":"https:\/\/www.smedemokrati.sk\/wp-content\/uploads\/2025\/05\/pellegrini-ciapka.jpg","width":876,"height":492},{"@type":"BreadcrumbList","@id":"https:\/\/www.smedemokrati.sk\/cestny-predseda-hlasu-pellegrini-zasiahnite-voci-sutajovi-estokovi\/#breadcrumb","itemListElement":[{"@type":"ListItem","position":1,"name":"Domovsk\u00e1 str\u00e1nka","item":"https:\/\/www.smedemokrati.sk\/"},{"@type":"ListItem","position":2,"name":"\u010cestn\u00fd predseda Hlasu Pellegrini zasiahnite vo\u010di \u0160utajovi E\u0161tokovi"}]},{"@type":"WebSite","@id":"https:\/\/www.smedemokrati.sk\/#website","url":"https:\/\/www.smedemokrati.sk\/","name":"Smedemokrati.sk","description":"Demokracia a slu\u0161nos\u0165 zv\u00ed\u0165az\u00ed","publisher":{"@id":"https:\/\/www.smedemokrati.sk\/#organization"},"potentialAction":[{"@type":"SearchAction","target":{"@type":"EntryPoint","urlTemplate":"https:\/\/www.smedemokrati.sk\/?s={search_term_string}"},"query-input":{"@type":"PropertyValueSpecification","valueRequired":true,"valueName":"search_term_string"}}],"inLanguage":"en-US"},{"@type":"Organization","@id":"https:\/\/www.smedemokrati.sk\/#organization","name":"Smedemokrati.sk","url":"https:\/\/www.smedemokrati.sk\/","logo":{"@type":"ImageObject","inLanguage":"en-US","@id":"https:\/\/www.smedemokrati.sk\/#\/schema\/logo\/image\/","url":"https:\/\/www.smedemokrati.sk\/wp-content\/uploads\/2023\/04\/ff.002.jpeg","contentUrl":"https:\/\/www.smedemokrati.sk\/wp-content\/uploads\/2023\/04\/ff.002.jpeg","width":640,"height":480,"caption":"Smedemokrati.sk"},"image":{"@id":"https:\/\/www.smedemokrati.sk\/#\/schema\/logo\/image\/"},"sameAs":["https:\/\/www.facebook.com\/smedemokrati2023"]},{"@type":"Person","@id":"https:\/\/www.smedemokrati.sk\/#\/schema\/person\/21f147c88d605aa7ded900e1e7c344ba","name":"miro.sopko","image":{"@type":"ImageObject","inLanguage":"en-US","@id":"https:\/\/secure.gravatar.com\/avatar\/267e4a36f704376c109afe3a78740c1f5dd8675a2180a908699e7863c9247606?s=96&d=mm&r=g","url":"https:\/\/secure.gravatar.com\/avatar\/267e4a36f704376c109afe3a78740c1f5dd8675a2180a908699e7863c9247606?s=96&d=mm&r=g","contentUrl":"https:\/\/secure.gravatar.com\/avatar\/267e4a36f704376c109afe3a78740c1f5dd8675a2180a908699e7863c9247606?s=96&d=mm&r=g","caption":"miro.sopko"},"url":"https:\/\/www.smedemokrati.sk\/en\/author\/miro-sopko\/"}]}},"_links":{"self":[{"href":"https:\/\/www.smedemokrati.sk\/en\/wp-json\/wp\/v2\/posts\/7192","targetHints":{"allow":["GET"]}}],"collection":[{"href":"https:\/\/www.smedemokrati.sk\/en\/wp-json\/wp\/v2\/posts"}],"about":[{"href":"https:\/\/www.smedemokrati.sk\/en\/wp-json\/wp\/v2\/types\/post"}],"author":[{"embeddable":true,"href":"https:\/\/www.smedemokrati.sk\/en\/wp-json\/wp\/v2\/users\/13"}],"replies":[{"embeddable":true,"href":"https:\/\/www.smedemokrati.sk\/en\/wp-json\/wp\/v2\/comments?post=7192"}],"version-history":[{"count":1,"href":"https:\/\/www.smedemokrati.sk\/en\/wp-json\/wp\/v2\/posts\/7192\/revisions"}],"predecessor-version":[{"id":7194,"href":"https:\/\/www.smedemokrati.sk\/en\/wp-json\/wp\/v2\/posts\/7192\/revisions\/7194"}],"wp:featuredmedia":[{"embeddable":true,"href":"https:\/\/www.smedemokrati.sk\/en\/wp-json\/wp\/v2\/media\/7193"}],"wp:attachment":[{"href":"https:\/\/www.smedemokrati.sk\/en\/wp-json\/wp\/v2\/media?parent=7192"}],"wp:term":[{"taxonomy":"category","embeddable":true,"href":"https:\/\/www.smedemokrati.sk\/en\/wp-json\/wp\/v2\/categories?post=7192"},{"taxonomy":"post_tag","embeddable":true,"href":"https:\/\/www.smedemokrati.sk\/en\/wp-json\/wp\/v2\/tags?post=7192"}],"curies":[{"name":"wp","href":"https:\/\/api.w.org\/{rel}","templated":true}]}}