{"id":7181,"date":"2025-05-12T18:06:29","date_gmt":"2025-05-12T17:06:29","guid":{"rendered":"https:\/\/www.smedemokrati.sk\/?p=7181"},"modified":"2025-05-12T18:06:30","modified_gmt":"2025-05-12T17:06:30","slug":"100-dni-maskarovej-v-urade-porady-vedenia-o-curillovcoch-stihanie-opozicie-ale-systemove-zmeny-v-nedohladne","status":"publish","type":"post","link":"https:\/\/www.smedemokrati.sk\/en\/100-dni-maskarovej-v-urade-porady-vedenia-o-curillovcoch-stihanie-opozicie-ale-systemove-zmeny-v-nedohladne\/","title":{"rendered":"100 dn\u00ed Ma\u0161karovej v \u00farade: porady vedenia o \u010curillovcoch, st\u00edhanie opoz\u00edcie, ale syst\u00e9mov\u00e9 zmeny v nedoh\u013eadne"},"content":{"rendered":"<div id=\"fb-root\"><\/div>\n\n<p><strong>Strana Demokrati \u017eiada policajn\u00fa prezidentku Ma\u0161karov\u00fa, aby po sto d\u0148och vo funkcii predstavila odpo\u010det svojej pr\u00e1ce v prospech Policajn\u00e9ho zboru a ob\u010danov. Z\u00e1rove\u0148 strana disponuje inform\u00e1ciami, \u017ee namiesto prij\u00edmania opatren\u00ed a syst\u00e9mov\u00fdch zmien na podporu PZ SR sa na porad\u00e1ch najvy\u0161\u0161ieho vedenia pol\u00edcie rie\u0161i, ako odstavi\u0165 tzv. \u010curillovcov.<\/strong><\/p>\n\n\n\n<p>Demokrati doru\u010dili prezidentke Ma\u0161karovej list, v ktorom ju \u017eiadaj\u00fa o zverejnenie odpo\u010dtu svojej pr\u00e1ce:&nbsp;<em>\u201eZ verejne dostupn\u00fdch inform\u00e1ci\u00ed nie je zrejm\u00e9, k ak\u00fdm syst\u00e9mov\u00fdm zmen\u00e1m na zlep\u0161enie podmienok a stavu Policajn\u00e9ho zboru do\u0161lo po n\u00e1stupe pani Ma\u0161karovej. Opierame sa o jej vlastn\u00e9 slov\u00e1 z \u00favodnej tla\u010dovej konferencie, kde predstavila svoje priority a ciele, no domnievame sa, \u017ee k \u017eiadnym pozit\u00edvnym zmen\u00e1m nedo\u0161lo. Pani Ma\u0161karovej uplynula sk\u00fa\u0161obn\u00e1 doba, je \u010das na odpo\u010det, \u201c<\/em>&nbsp;hovor\u00ed Juraj \u0160eliga, podpredseda Demokratov. Cituje pritom policajn\u00fa prezidentku, ktor\u00e1 s\u013eubovala efekt\u00edvne riadenie, stabiliz\u00e1ciu policajn\u00e9ho zboru, zlep\u0161enie platov\u00fdch a zdravotn\u00fdch podmienok, nestrann\u00e9 a z\u00e1konn\u00e9 konanie pol\u00edcie \u010di podporu b\u00fdvania pre pr\u00edslu\u0161n\u00edkov PZ SR.<\/p>\n\n\n\n<p><em>\u201e<\/em><em>Po 100 d\u0148och pani Ma\u0161karovej sme videli ako \u0160utaj E\u0161tok rob\u00ed zhyby na hrazde, policajti maj\u00fa u\u017e \u00f4smy polep na policajn\u00fdch aut\u00e1ch, vy\u0161etruje sa akur\u00e1t tak opoz\u00edcia a policajti s\u00fa zneu\u017e\u00edvan\u00ed na zastra\u0161ovanie politick\u00fdch oponentov vl\u00e1dy. Zurian bol nezmyselne vymenovan\u00ed za gener\u00e1la a policajn\u00ed papal\u00e1\u0161i b\u00fdvaj\u00fa za smie\u0161ne peniaze v slu\u017eobn\u00fdch bytoch. Nehovoriac o debat\u00e1ch, \u017ee m\u00e1 pr\u00eds\u0165 k prehodnoteniu d\u00f4chodkov\u00e9ho syst\u00e9mu pr\u00edslu\u0161n\u00edkov PZ SR. Toto je t\u00e1 zmena k lep\u0161iemu?<\/em>&#8221; p\u00fdta sa Juraj \u0160eliga.<\/p>\n\n\n\n<p><em>\u201eKriminalita st\u00fapa, policajti pracuj\u00fa v katastrof\u00e1lnych podmienkach, nest\u00edhaj\u00fa a s\u00fa pre\u0165a\u017een\u00ed. Maj\u00fa nedostato\u010dn\u00e9 materi\u00e1lne vybavenie a len v Ko\u0161ickom kraji ch\u00fdba 500 policajtov, a pod\u013ea na\u0161ich inform\u00e1ci\u00ed sa na porad\u00e1ch najvy\u0161\u0161ieho vedenia rie\u0161i, v \u00favodzovk\u00e1ch, piati \u010curillovci. Vym\u00fd\u0161\u013eaj\u00fa, kde a ak\u00e9 kontroly im posiela\u0165, aby ich zdiskreditovali a vyhodili z policajn\u00e9ho zboru. Tomuto sa m\u00e1 venova\u0165 vedenie pol\u00edcie? Pani prezidentka s\u013eubovala podporu b\u00fdvania. Jedin\u00fd, kto si zlep\u0161il b\u00fdvania, je policajn\u00fd viceprezident, ktor\u00fd z\u00edskal slu\u017eobn\u00fd byt za 10 eur mesa\u010dne. A z n\u00e1borovej kampane policajn\u00e9ho zboru na pril\u00e1kanie mlad\u00fdch \u013eud\u00ed vieme jedin\u00e9, \u017ee minister vn\u00fatra vie urobi\u0165 desa\u0165 klikov,\u201c<\/em>&nbsp;pokra\u010duje Juraj \u0160eliga a vyz\u00fdva prezidentku Ma\u0161karov\u00fa, aby v zmysle s\u013e\u00fabenej otvorenej komunik\u00e1cie s verejnos\u0165ou zverejnila odpo\u010det krokov, ktor\u00e9 doteraz realizovala a ktor\u00e9 pl\u00e1nuje v prospech Policajn\u00e9ho zboru.<\/p>\n\n\n\n<p>Strana Demokrati by ocenila, ak by policajn\u00e1 prezidentka zhodnotila rozhodnutie nez\u00e1konn\u00fdm sp\u00f4sobom zru\u0161i\u0165 NAKA a nahradi\u0165 ju \u00daBOKOM:&nbsp;<em>\u201eJe na mieste, aby verejnos\u0165 po\u010dula relevantn\u00e9 \u0161tatistiky o tom, ko\u013eko pr\u00edpadov vy\u0161etruje a objasnil \u00darad boja proti organizovanej kriminalite a \u010di jeho efekt\u00edvnos\u0165 je rovnak\u00e1, resp. lep\u0161ia ako to bolo v pr\u00edpade NAKA, ktor\u00fa sa vl\u00e1da rozhodla zo zi\u0161tn\u00fdch d\u00f4vodov zru\u0161i\u0165.&#8221;&nbsp;<\/em>Uzavrel Juraj \u0160eliga.<\/p>\n\n\n<div class=\"fb-video\" data-href=\"https:\/\/fb.watch\/zxCXRy4ojF\" data-allowfullscreen=\"true\" data-autoplay=\"false\" data-width=\"\" data-show-text=\"false\" data-show-captions=\"true\"><\/div>\n","protected":false},"excerpt":{"rendered":"<p>Strana Demokrati \u017eiada policajn\u00fa prezidentku Ma\u0161karov\u00fa, aby po sto d\u0148och vo funkcii predstavila odpo\u010det svojej pr\u00e1ce v prospech Policajn\u00e9ho zboru a ob\u010danov. Z\u00e1rove\u0148 strana disponuje inform\u00e1ciami, \u017ee namiesto prij\u00edmania opatren\u00ed a syst\u00e9mov\u00fdch zmien na podporu PZ SR sa na porad\u00e1ch najvy\u0161\u0161ieho vedenia pol\u00edcie rie\u0161i, ako odstavi\u0165 tzv. \u010curillovcov. Demokrati doru\u010dili prezidentke Ma\u0161karovej list, v ktorom [&hellip;]<\/p>\n","protected":false},"author":13,"featured_media":7182,"comment_status":"closed","ping_status":"closed","sticky":false,"template":"","format":"standard","meta":{"_acf_changed":false,"ngg_post_thumbnail":0,"footnotes":""},"categories":[4],"tags":[],"class_list":["post-7181","post","type-post","status-publish","format-standard","has-post-thumbnail","hentry","category-tlacove-spravy"],"acf":[],"yoast_head":"<!-- This site is optimized with the Yoast SEO plugin v27.2 - https:\/\/yoast.com\/product\/yoast-seo-wordpress\/ -->\n<title>100 dn\u00ed Ma\u0161karovej v \u00farade: porady vedenia o \u010curillovcoch, st\u00edhanie opoz\u00edcie, ale syst\u00e9mov\u00e9 zmeny v nedoh\u013eadne<\/title>\n<meta name=\"robots\" content=\"index, follow, max-snippet:-1, max-image-preview:large, max-video-preview:-1\" \/>\n<link rel=\"canonical\" href=\"https:\/\/www.smedemokrati.sk\/en\/100-dni-maskarovej-v-urade-porady-vedenia-o-curillovcoch-stihanie-opozicie-ale-systemove-zmeny-v-nedohladne\/\" \/>\n<meta property=\"og:locale\" content=\"en_US\" \/>\n<meta property=\"og:locale:alternate\" content=\"cs_CZ\" \/>\n<meta property=\"og:locale:alternate\" content=\"hu_HU\" \/>\n<meta property=\"og:locale:alternate\" content=\"sk_SK\" \/>\n<meta property=\"og:locale:alternate\" content=\"sv_SE\" \/>\n<meta property=\"og:type\" content=\"article\" \/>\n<meta property=\"og:title\" content=\"100 dn\u00ed Ma\u0161karovej v \u00farade: porady vedenia o \u010curillovcoch, st\u00edhanie opoz\u00edcie, ale syst\u00e9mov\u00e9 zmeny v nedoh\u013eadne\" \/>\n<meta property=\"og:description\" content=\"Strana Demokrati \u017eiada policajn\u00fa prezidentku Ma\u0161karov\u00fa, aby po sto d\u0148och vo funkcii predstavila odpo\u010det svojej pr\u00e1ce v prospech Policajn\u00e9ho zboru a ob\u010danov. Z\u00e1rove\u0148 strana disponuje inform\u00e1ciami, \u017ee namiesto prij\u00edmania opatren\u00ed a syst\u00e9mov\u00fdch zmien na podporu PZ SR sa na porad\u00e1ch najvy\u0161\u0161ieho vedenia pol\u00edcie rie\u0161i, ako odstavi\u0165 tzv. \u010curillovcov. Demokrati doru\u010dili prezidentke Ma\u0161karovej list, v ktorom [&hellip;]\" \/>\n<meta property=\"og:url\" content=\"https:\/\/www.smedemokrati.sk\/en\/100-dni-maskarovej-v-urade-porady-vedenia-o-curillovcoch-stihanie-opozicie-ale-systemove-zmeny-v-nedohladne\/\" \/>\n<meta property=\"og:site_name\" content=\"Smedemokrati.sk\" \/>\n<meta property=\"article:publisher\" content=\"https:\/\/www.facebook.com\/smedemokrati2023\" \/>\n<meta property=\"article:published_time\" content=\"2025-05-12T17:06:29+00:00\" \/>\n<meta property=\"article:modified_time\" content=\"2025-05-12T17:06:30+00:00\" \/>\n<meta property=\"og:image\" content=\"https:\/\/www.smedemokrati.sk\/wp-content\/uploads\/2025\/05\/pre_prezidentka_PZ.jpg\" \/>\n\t<meta property=\"og:image:width\" content=\"877\" \/>\n\t<meta property=\"og:image:height\" content=\"507\" \/>\n\t<meta property=\"og:image:type\" content=\"image\/jpeg\" \/>\n<meta name=\"author\" content=\"miro.sopko\" \/>\n<meta name=\"twitter:card\" content=\"summary_large_image\" \/>\n<meta name=\"twitter:label1\" content=\"Written by\" \/>\n\t<meta name=\"twitter:data1\" content=\"miro.sopko\" \/>\n\t<meta name=\"twitter:label2\" content=\"Est. reading time\" \/>\n\t<meta name=\"twitter:data2\" content=\"3 minutes\" \/>\n<script type=\"application\/ld+json\" class=\"yoast-schema-graph\">{\"@context\":\"https:\/\/schema.org\",\"@graph\":[{\"@type\":\"Article\",\"@id\":\"https:\/\/www.smedemokrati.sk\/100-dni-maskarovej-v-urade-porady-vedenia-o-curillovcoch-stihanie-opozicie-ale-systemove-zmeny-v-nedohladne\/#article\",\"isPartOf\":{\"@id\":\"https:\/\/www.smedemokrati.sk\/100-dni-maskarovej-v-urade-porady-vedenia-o-curillovcoch-stihanie-opozicie-ale-systemove-zmeny-v-nedohladne\/\"},\"author\":{\"name\":\"miro.sopko\",\"@id\":\"https:\/\/www.smedemokrati.sk\/#\/schema\/person\/21f147c88d605aa7ded900e1e7c344ba\"},\"headline\":\"100 dn\u00ed Ma\u0161karovej v \u00farade: porady vedenia o \u010curillovcoch, st\u00edhanie opoz\u00edcie, ale syst\u00e9mov\u00e9 zmeny v nedoh\u013eadne\",\"datePublished\":\"2025-05-12T17:06:29+00:00\",\"dateModified\":\"2025-05-12T17:06:30+00:00\",\"mainEntityOfPage\":{\"@id\":\"https:\/\/www.smedemokrati.sk\/100-dni-maskarovej-v-urade-porady-vedenia-o-curillovcoch-stihanie-opozicie-ale-systemove-zmeny-v-nedohladne\/\"},\"wordCount\":583,\"publisher\":{\"@id\":\"https:\/\/www.smedemokrati.sk\/#organization\"},\"image\":{\"@id\":\"https:\/\/www.smedemokrati.sk\/100-dni-maskarovej-v-urade-porady-vedenia-o-curillovcoch-stihanie-opozicie-ale-systemove-zmeny-v-nedohladne\/#primaryimage\"},\"thumbnailUrl\":\"https:\/\/www.smedemokrati.sk\/wp-content\/uploads\/2025\/05\/pre_prezidentka_PZ.jpg\",\"articleSection\":[\"Tla\u010dov\u00e9 spr\u00e1vy\"],\"inLanguage\":\"en-US\"},{\"@type\":\"WebPage\",\"@id\":\"https:\/\/www.smedemokrati.sk\/100-dni-maskarovej-v-urade-porady-vedenia-o-curillovcoch-stihanie-opozicie-ale-systemove-zmeny-v-nedohladne\/\",\"url\":\"https:\/\/www.smedemokrati.sk\/100-dni-maskarovej-v-urade-porady-vedenia-o-curillovcoch-stihanie-opozicie-ale-systemove-zmeny-v-nedohladne\/\",\"name\":\"100 dn\u00ed Ma\u0161karovej v \u00farade: porady vedenia o \u010curillovcoch, st\u00edhanie opoz\u00edcie, ale syst\u00e9mov\u00e9 zmeny v nedoh\u013eadne\",\"isPartOf\":{\"@id\":\"https:\/\/www.smedemokrati.sk\/#website\"},\"primaryImageOfPage\":{\"@id\":\"https:\/\/www.smedemokrati.sk\/100-dni-maskarovej-v-urade-porady-vedenia-o-curillovcoch-stihanie-opozicie-ale-systemove-zmeny-v-nedohladne\/#primaryimage\"},\"image\":{\"@id\":\"https:\/\/www.smedemokrati.sk\/100-dni-maskarovej-v-urade-porady-vedenia-o-curillovcoch-stihanie-opozicie-ale-systemove-zmeny-v-nedohladne\/#primaryimage\"},\"thumbnailUrl\":\"https:\/\/www.smedemokrati.sk\/wp-content\/uploads\/2025\/05\/pre_prezidentka_PZ.jpg\",\"datePublished\":\"2025-05-12T17:06:29+00:00\",\"dateModified\":\"2025-05-12T17:06:30+00:00\",\"breadcrumb\":{\"@id\":\"https:\/\/www.smedemokrati.sk\/100-dni-maskarovej-v-urade-porady-vedenia-o-curillovcoch-stihanie-opozicie-ale-systemove-zmeny-v-nedohladne\/#breadcrumb\"},\"inLanguage\":\"en-US\",\"potentialAction\":[{\"@type\":\"ReadAction\",\"target\":[\"https:\/\/www.smedemokrati.sk\/100-dni-maskarovej-v-urade-porady-vedenia-o-curillovcoch-stihanie-opozicie-ale-systemove-zmeny-v-nedohladne\/\"]}]},{\"@type\":\"ImageObject\",\"inLanguage\":\"en-US\",\"@id\":\"https:\/\/www.smedemokrati.sk\/100-dni-maskarovej-v-urade-porady-vedenia-o-curillovcoch-stihanie-opozicie-ale-systemove-zmeny-v-nedohladne\/#primaryimage\",\"url\":\"https:\/\/www.smedemokrati.sk\/wp-content\/uploads\/2025\/05\/pre_prezidentka_PZ.jpg\",\"contentUrl\":\"https:\/\/www.smedemokrati.sk\/wp-content\/uploads\/2025\/05\/pre_prezidentka_PZ.jpg\",\"width\":877,\"height\":507},{\"@type\":\"BreadcrumbList\",\"@id\":\"https:\/\/www.smedemokrati.sk\/100-dni-maskarovej-v-urade-porady-vedenia-o-curillovcoch-stihanie-opozicie-ale-systemove-zmeny-v-nedohladne\/#breadcrumb\",\"itemListElement\":[{\"@type\":\"ListItem\",\"position\":1,\"name\":\"Domovsk\u00e1 str\u00e1nka\",\"item\":\"https:\/\/www.smedemokrati.sk\/\"},{\"@type\":\"ListItem\",\"position\":2,\"name\":\"100 dn\u00ed Ma\u0161karovej v \u00farade: porady vedenia o \u010curillovcoch, st\u00edhanie opoz\u00edcie, ale syst\u00e9mov\u00e9 zmeny v nedoh\u013eadne\"}]},{\"@type\":\"WebSite\",\"@id\":\"https:\/\/www.smedemokrati.sk\/#website\",\"url\":\"https:\/\/www.smedemokrati.sk\/\",\"name\":\"Smedemokrati.sk\",\"description\":\"Demokracia a slu\u0161nos\u0165 zv\u00ed\u0165az\u00ed\",\"publisher\":{\"@id\":\"https:\/\/www.smedemokrati.sk\/#organization\"},\"potentialAction\":[{\"@type\":\"SearchAction\",\"target\":{\"@type\":\"EntryPoint\",\"urlTemplate\":\"https:\/\/www.smedemokrati.sk\/?s={search_term_string}\"},\"query-input\":{\"@type\":\"PropertyValueSpecification\",\"valueRequired\":true,\"valueName\":\"search_term_string\"}}],\"inLanguage\":\"en-US\"},{\"@type\":\"Organization\",\"@id\":\"https:\/\/www.smedemokrati.sk\/#organization\",\"name\":\"Smedemokrati.sk\",\"url\":\"https:\/\/www.smedemokrati.sk\/\",\"logo\":{\"@type\":\"ImageObject\",\"inLanguage\":\"en-US\",\"@id\":\"https:\/\/www.smedemokrati.sk\/#\/schema\/logo\/image\/\",\"url\":\"https:\/\/www.smedemokrati.sk\/wp-content\/uploads\/2023\/04\/ff.002.jpeg\",\"contentUrl\":\"https:\/\/www.smedemokrati.sk\/wp-content\/uploads\/2023\/04\/ff.002.jpeg\",\"width\":640,\"height\":480,\"caption\":\"Smedemokrati.sk\"},\"image\":{\"@id\":\"https:\/\/www.smedemokrati.sk\/#\/schema\/logo\/image\/\"},\"sameAs\":[\"https:\/\/www.facebook.com\/smedemokrati2023\"]},{\"@type\":\"Person\",\"@id\":\"https:\/\/www.smedemokrati.sk\/#\/schema\/person\/21f147c88d605aa7ded900e1e7c344ba\",\"name\":\"miro.sopko\",\"image\":{\"@type\":\"ImageObject\",\"inLanguage\":\"en-US\",\"@id\":\"https:\/\/secure.gravatar.com\/avatar\/267e4a36f704376c109afe3a78740c1f5dd8675a2180a908699e7863c9247606?s=96&d=mm&r=g\",\"url\":\"https:\/\/secure.gravatar.com\/avatar\/267e4a36f704376c109afe3a78740c1f5dd8675a2180a908699e7863c9247606?s=96&d=mm&r=g\",\"contentUrl\":\"https:\/\/secure.gravatar.com\/avatar\/267e4a36f704376c109afe3a78740c1f5dd8675a2180a908699e7863c9247606?s=96&d=mm&r=g\",\"caption\":\"miro.sopko\"},\"url\":\"https:\/\/www.smedemokrati.sk\/en\/author\/miro-sopko\/\"}]}<\/script>\n<!-- \/ Yoast SEO plugin. -->","yoast_head_json":{"title":"100 dn\u00ed Ma\u0161karovej v \u00farade: porady vedenia o \u010curillovcoch, st\u00edhanie opoz\u00edcie, ale syst\u00e9mov\u00e9 zmeny v nedoh\u013eadne","robots":{"index":"index","follow":"follow","max-snippet":"max-snippet:-1","max-image-preview":"max-image-preview:large","max-video-preview":"max-video-preview:-1"},"canonical":"https:\/\/www.smedemokrati.sk\/en\/100-dni-maskarovej-v-urade-porady-vedenia-o-curillovcoch-stihanie-opozicie-ale-systemove-zmeny-v-nedohladne\/","og_locale":"en_US","og_type":"article","og_title":"[:sk]100 dn\u00ed Ma\u0161karovej v \u00farade: porady vedenia o \u010curillovcoch, st\u00edhanie opoz\u00edcie, ale syst\u00e9mov\u00e9 zmeny v nedoh\u013eadne[:] - Smedemokrati.sk","og_description":"Strana Demokrati \u017eiada policajn\u00fa prezidentku Ma\u0161karov\u00fa, aby po sto d\u0148och vo funkcii predstavila odpo\u010det svojej pr\u00e1ce v prospech Policajn\u00e9ho zboru a ob\u010danov. Z\u00e1rove\u0148 strana disponuje inform\u00e1ciami, \u017ee namiesto prij\u00edmania opatren\u00ed a syst\u00e9mov\u00fdch zmien na podporu PZ SR sa na porad\u00e1ch najvy\u0161\u0161ieho vedenia pol\u00edcie rie\u0161i, ako odstavi\u0165 tzv. \u010curillovcov. Demokrati doru\u010dili prezidentke Ma\u0161karovej list, v ktorom [&hellip;]","og_url":"https:\/\/www.smedemokrati.sk\/en\/100-dni-maskarovej-v-urade-porady-vedenia-o-curillovcoch-stihanie-opozicie-ale-systemove-zmeny-v-nedohladne\/","og_site_name":"Smedemokrati.sk","article_publisher":"https:\/\/www.facebook.com\/smedemokrati2023","article_published_time":"2025-05-12T17:06:29+00:00","article_modified_time":"2025-05-12T17:06:30+00:00","og_image":[{"width":877,"height":507,"url":"https:\/\/www.smedemokrati.sk\/wp-content\/uploads\/2025\/05\/pre_prezidentka_PZ.jpg","type":"image\/jpeg"}],"author":"miro.sopko","twitter_card":"summary_large_image","twitter_misc":{"Written by":"miro.sopko","Est. reading time":"3 minutes"},"schema":{"@context":"https:\/\/schema.org","@graph":[{"@type":"Article","@id":"https:\/\/www.smedemokrati.sk\/100-dni-maskarovej-v-urade-porady-vedenia-o-curillovcoch-stihanie-opozicie-ale-systemove-zmeny-v-nedohladne\/#article","isPartOf":{"@id":"https:\/\/www.smedemokrati.sk\/100-dni-maskarovej-v-urade-porady-vedenia-o-curillovcoch-stihanie-opozicie-ale-systemove-zmeny-v-nedohladne\/"},"author":{"name":"miro.sopko","@id":"https:\/\/www.smedemokrati.sk\/#\/schema\/person\/21f147c88d605aa7ded900e1e7c344ba"},"headline":"100 dn\u00ed Ma\u0161karovej v \u00farade: porady vedenia o \u010curillovcoch, st\u00edhanie opoz\u00edcie, ale syst\u00e9mov\u00e9 zmeny v nedoh\u013eadne","datePublished":"2025-05-12T17:06:29+00:00","dateModified":"2025-05-12T17:06:30+00:00","mainEntityOfPage":{"@id":"https:\/\/www.smedemokrati.sk\/100-dni-maskarovej-v-urade-porady-vedenia-o-curillovcoch-stihanie-opozicie-ale-systemove-zmeny-v-nedohladne\/"},"wordCount":583,"publisher":{"@id":"https:\/\/www.smedemokrati.sk\/#organization"},"image":{"@id":"https:\/\/www.smedemokrati.sk\/100-dni-maskarovej-v-urade-porady-vedenia-o-curillovcoch-stihanie-opozicie-ale-systemove-zmeny-v-nedohladne\/#primaryimage"},"thumbnailUrl":"https:\/\/www.smedemokrati.sk\/wp-content\/uploads\/2025\/05\/pre_prezidentka_PZ.jpg","articleSection":["Tla\u010dov\u00e9 spr\u00e1vy"],"inLanguage":"en-US"},{"@type":"WebPage","@id":"https:\/\/www.smedemokrati.sk\/100-dni-maskarovej-v-urade-porady-vedenia-o-curillovcoch-stihanie-opozicie-ale-systemove-zmeny-v-nedohladne\/","url":"https:\/\/www.smedemokrati.sk\/100-dni-maskarovej-v-urade-porady-vedenia-o-curillovcoch-stihanie-opozicie-ale-systemove-zmeny-v-nedohladne\/","name":"100 dn\u00ed Ma\u0161karovej v \u00farade: porady vedenia o \u010curillovcoch, st\u00edhanie opoz\u00edcie, ale syst\u00e9mov\u00e9 zmeny v nedoh\u013eadne","isPartOf":{"@id":"https:\/\/www.smedemokrati.sk\/#website"},"primaryImageOfPage":{"@id":"https:\/\/www.smedemokrati.sk\/100-dni-maskarovej-v-urade-porady-vedenia-o-curillovcoch-stihanie-opozicie-ale-systemove-zmeny-v-nedohladne\/#primaryimage"},"image":{"@id":"https:\/\/www.smedemokrati.sk\/100-dni-maskarovej-v-urade-porady-vedenia-o-curillovcoch-stihanie-opozicie-ale-systemove-zmeny-v-nedohladne\/#primaryimage"},"thumbnailUrl":"https:\/\/www.smedemokrati.sk\/wp-content\/uploads\/2025\/05\/pre_prezidentka_PZ.jpg","datePublished":"2025-05-12T17:06:29+00:00","dateModified":"2025-05-12T17:06:30+00:00","breadcrumb":{"@id":"https:\/\/www.smedemokrati.sk\/100-dni-maskarovej-v-urade-porady-vedenia-o-curillovcoch-stihanie-opozicie-ale-systemove-zmeny-v-nedohladne\/#breadcrumb"},"inLanguage":"en-US","potentialAction":[{"@type":"ReadAction","target":["https:\/\/www.smedemokrati.sk\/100-dni-maskarovej-v-urade-porady-vedenia-o-curillovcoch-stihanie-opozicie-ale-systemove-zmeny-v-nedohladne\/"]}]},{"@type":"ImageObject","inLanguage":"en-US","@id":"https:\/\/www.smedemokrati.sk\/100-dni-maskarovej-v-urade-porady-vedenia-o-curillovcoch-stihanie-opozicie-ale-systemove-zmeny-v-nedohladne\/#primaryimage","url":"https:\/\/www.smedemokrati.sk\/wp-content\/uploads\/2025\/05\/pre_prezidentka_PZ.jpg","contentUrl":"https:\/\/www.smedemokrati.sk\/wp-content\/uploads\/2025\/05\/pre_prezidentka_PZ.jpg","width":877,"height":507},{"@type":"BreadcrumbList","@id":"https:\/\/www.smedemokrati.sk\/100-dni-maskarovej-v-urade-porady-vedenia-o-curillovcoch-stihanie-opozicie-ale-systemove-zmeny-v-nedohladne\/#breadcrumb","itemListElement":[{"@type":"ListItem","position":1,"name":"Domovsk\u00e1 str\u00e1nka","item":"https:\/\/www.smedemokrati.sk\/"},{"@type":"ListItem","position":2,"name":"100 dn\u00ed Ma\u0161karovej v \u00farade: porady vedenia o \u010curillovcoch, st\u00edhanie opoz\u00edcie, ale syst\u00e9mov\u00e9 zmeny v nedoh\u013eadne"}]},{"@type":"WebSite","@id":"https:\/\/www.smedemokrati.sk\/#website","url":"https:\/\/www.smedemokrati.sk\/","name":"Smedemokrati.sk","description":"Demokracia a slu\u0161nos\u0165 zv\u00ed\u0165az\u00ed","publisher":{"@id":"https:\/\/www.smedemokrati.sk\/#organization"},"potentialAction":[{"@type":"SearchAction","target":{"@type":"EntryPoint","urlTemplate":"https:\/\/www.smedemokrati.sk\/?s={search_term_string}"},"query-input":{"@type":"PropertyValueSpecification","valueRequired":true,"valueName":"search_term_string"}}],"inLanguage":"en-US"},{"@type":"Organization","@id":"https:\/\/www.smedemokrati.sk\/#organization","name":"Smedemokrati.sk","url":"https:\/\/www.smedemokrati.sk\/","logo":{"@type":"ImageObject","inLanguage":"en-US","@id":"https:\/\/www.smedemokrati.sk\/#\/schema\/logo\/image\/","url":"https:\/\/www.smedemokrati.sk\/wp-content\/uploads\/2023\/04\/ff.002.jpeg","contentUrl":"https:\/\/www.smedemokrati.sk\/wp-content\/uploads\/2023\/04\/ff.002.jpeg","width":640,"height":480,"caption":"Smedemokrati.sk"},"image":{"@id":"https:\/\/www.smedemokrati.sk\/#\/schema\/logo\/image\/"},"sameAs":["https:\/\/www.facebook.com\/smedemokrati2023"]},{"@type":"Person","@id":"https:\/\/www.smedemokrati.sk\/#\/schema\/person\/21f147c88d605aa7ded900e1e7c344ba","name":"miro.sopko","image":{"@type":"ImageObject","inLanguage":"en-US","@id":"https:\/\/secure.gravatar.com\/avatar\/267e4a36f704376c109afe3a78740c1f5dd8675a2180a908699e7863c9247606?s=96&d=mm&r=g","url":"https:\/\/secure.gravatar.com\/avatar\/267e4a36f704376c109afe3a78740c1f5dd8675a2180a908699e7863c9247606?s=96&d=mm&r=g","contentUrl":"https:\/\/secure.gravatar.com\/avatar\/267e4a36f704376c109afe3a78740c1f5dd8675a2180a908699e7863c9247606?s=96&d=mm&r=g","caption":"miro.sopko"},"url":"https:\/\/www.smedemokrati.sk\/en\/author\/miro-sopko\/"}]}},"_links":{"self":[{"href":"https:\/\/www.smedemokrati.sk\/en\/wp-json\/wp\/v2\/posts\/7181","targetHints":{"allow":["GET"]}}],"collection":[{"href":"https:\/\/www.smedemokrati.sk\/en\/wp-json\/wp\/v2\/posts"}],"about":[{"href":"https:\/\/www.smedemokrati.sk\/en\/wp-json\/wp\/v2\/types\/post"}],"author":[{"embeddable":true,"href":"https:\/\/www.smedemokrati.sk\/en\/wp-json\/wp\/v2\/users\/13"}],"replies":[{"embeddable":true,"href":"https:\/\/www.smedemokrati.sk\/en\/wp-json\/wp\/v2\/comments?post=7181"}],"version-history":[{"count":1,"href":"https:\/\/www.smedemokrati.sk\/en\/wp-json\/wp\/v2\/posts\/7181\/revisions"}],"predecessor-version":[{"id":7183,"href":"https:\/\/www.smedemokrati.sk\/en\/wp-json\/wp\/v2\/posts\/7181\/revisions\/7183"}],"wp:featuredmedia":[{"embeddable":true,"href":"https:\/\/www.smedemokrati.sk\/en\/wp-json\/wp\/v2\/media\/7182"}],"wp:attachment":[{"href":"https:\/\/www.smedemokrati.sk\/en\/wp-json\/wp\/v2\/media?parent=7181"}],"wp:term":[{"taxonomy":"category","embeddable":true,"href":"https:\/\/www.smedemokrati.sk\/en\/wp-json\/wp\/v2\/categories?post=7181"},{"taxonomy":"post_tag","embeddable":true,"href":"https:\/\/www.smedemokrati.sk\/en\/wp-json\/wp\/v2\/tags?post=7181"}],"curies":[{"name":"wp","href":"https:\/\/api.w.org\/{rel}","templated":true}]}}