{"id":7062,"date":"2025-04-30T22:58:00","date_gmt":"2025-04-30T21:58:00","guid":{"rendered":"https:\/\/www.smedemokrati.sk\/?p=7062"},"modified":"2025-05-01T06:05:26","modified_gmt":"2025-05-01T05:05:26","slug":"t-gaspar-z-kollar-a-viktorin-budu-vysvetlovat-podavame-trestne-oznamenie-za-falsovanie-verejnej-listiny-a-krive-obvinenie-z-korupcie","status":"publish","type":"post","link":"https:\/\/www.smedemokrati.sk\/en\/t-gaspar-z-kollar-a-viktorin-budu-vysvetlovat-podavame-trestne-oznamenie-za-falsovanie-verejnej-listiny-a-krive-obvinenie-z-korupcie\/","title":{"rendered":"T. Ga\u0161par, Z. Koll\u00e1r a Viktor\u00edn bud\u00fa vysvet\u013eova\u0165: pod\u00e1vame trestn\u00e9 ozn\u00e1menie za fal\u0161ovanie verejnej listiny a kriv\u00e9 obvinenie z korupcie"},"content":{"rendered":"<div id=\"fb-root\"><\/div>\n\n<p><strong>Jaroslav Na\u010f dnes (30. apr\u00edla 2025) podal na Gener\u00e1lnej prokurat\u00fare SR trestn\u00e9 ozn\u00e1menie za fal\u0161ovanie verejnej listiny, kriv\u00e9 obvinenie z korupcie a ohov\u00e1ranie. Ozn\u00e1menie s\u00favis\u00ed s tla\u010dovou konferenciou podpredsedu NR SR Tibora Ga\u0161para a videom podnikate\u013ea Zoroslava Koll\u00e1ra, v ktor\u00fdch uverejnili \u201elistinn\u00fd d\u00f4kaz\u201c a zvukov\u00fd z\u00e1znam, pod\u013ea ktor\u00fdch mal Jaroslav Na\u010f e\u0161te ako minister obrany prija\u0165 \u00faplatok 3,5 mili\u00f3na eur pri pois\u0165ovan\u00ed \u0161t\u00e1tneho majetku. Policajn\u00e1 in\u0161pekcia potvrdila, \u017ee listinn\u00fd d\u00f4kaz, ktor\u00fd prezentovali Ga\u0161par a E\u0161tok, bol sfal\u0161ovan\u00fd a zvukov\u00fd z\u00e1znam bol zjavne \u00fa\u010delov\u00fd.<\/strong><\/p>\n\n\n\n<p>\u201e<em>M\u00f4j poh\u00e1r trpezlivosti pretiekol. O\u010dak\u00e1vam, \u017ee Gener\u00e1lna prokurat\u00fara sa t\u00fdmto trestn\u00fdm ozn\u00e1men\u00edm bude detailne zaobera\u0165. Samozrejme, som pripraven\u00fd poskytn\u00fa\u0165 pln\u00fa s\u00fa\u010dinnos\u0165 a ver\u00edm, \u017ee tak ochotn\u00ed bud\u00fa aj p\u00e1ni Ga\u0161par, Koll\u00e1r a Viktor\u00edn,\u201c<\/em> hovor\u00ed Jaroslav Na\u010f, ktor\u00fd opakovane odmieta, \u017ee by kedyko\u013evek prijal \u00faplatok.<\/p>\n\n\n\n<p>Vysvet\u013euje, \u017ee listinn\u00fd d\u00f4kaz, ktor\u00fd na tla\u010dovej konferencii ukazoval Tibor Ga\u0161par a predt\u00fdm vo videu Zoroslav Koll\u00e1r, je pod\u013ea policajnej in\u0161pekcie Mat\u00fa\u0161a \u0160utaja E\u0161toka falzifik\u00e1t: <em>\u201eDnes som to ja a zajtra to m\u00f4\u017ee by\u0165 ktoko\u013evek in\u00fd, kto sa stane pre t\u00fato vl\u00e1du nepohodln\u00fd. Preto som podal toto trestn\u00e9 ozn\u00e1menie. Obvini\u0165 m\u0148a alebo kohoko\u013evek z prijatia \u00faplatku pred cel\u00fdm Slovenskom a s falo\u0161n\u00fdmi \u201ad\u00f4kazmi\u2018 v ruke je nepr\u00edpustn\u00e9. Nehovoriac o nahr\u00e1vke, ktor\u00e1 bola pod\u013ea investigat\u00edvy denn\u00edka SME zjavne \u00fa\u010delovo vytvoren\u00e1. Na nej vystupuje politruk z Republiky, RSDr. Jozef Viktor\u00edn, ktor\u00fd \u2013 ako predpoklad\u00e1m \u2013 vie, kto si objednal moju diskredit\u00e1ciu,\u201c<\/em> uzatv\u00e1ra Na\u010f.<\/p>\n\n\n<div class=\"fb-video\" data-href=\"https:\/\/fb.watch\/zhSWvTrRv2\" data-allowfullscreen=\"true\" data-autoplay=\"false\" data-width=\"\" data-show-text=\"false\" data-show-captions=\"true\"><\/div>\n","protected":false},"excerpt":{"rendered":"<p>Jaroslav Na\u010f dnes (30. apr\u00edla 2025) podal na Gener\u00e1lnej prokurat\u00fare SR trestn\u00e9 ozn\u00e1menie za fal\u0161ovanie verejnej listiny, kriv\u00e9 obvinenie z korupcie a ohov\u00e1ranie. Ozn\u00e1menie s\u00favis\u00ed s tla\u010dovou konferenciou podpredsedu NR SR Tibora Ga\u0161para a videom podnikate\u013ea Zoroslava Koll\u00e1ra, v ktor\u00fdch uverejnili \u201elistinn\u00fd d\u00f4kaz\u201c a zvukov\u00fd z\u00e1znam, pod\u013ea ktor\u00fdch mal Jaroslav Na\u010f e\u0161te ako minister obrany [&hellip;]<\/p>\n","protected":false},"author":13,"featured_media":7063,"comment_status":"closed","ping_status":"closed","sticky":false,"template":"","format":"standard","meta":{"_acf_changed":false,"ngg_post_thumbnail":0,"footnotes":""},"categories":[4],"tags":[],"class_list":["post-7062","post","type-post","status-publish","format-standard","has-post-thumbnail","hentry","category-tlacove-spravy"],"acf":[],"yoast_head":"<!-- This site is optimized with the Yoast SEO plugin v27.2 - https:\/\/yoast.com\/product\/yoast-seo-wordpress\/ -->\n<title>T. Ga\u0161par, Z. Koll\u00e1r a Viktor\u00edn bud\u00fa vysvet\u013eova\u0165: pod\u00e1vame trestn\u00e9 ozn\u00e1menie za fal\u0161ovanie verejnej listiny a kriv\u00e9 obvinenie z korupcie<\/title>\n<meta name=\"robots\" content=\"index, follow, max-snippet:-1, max-image-preview:large, max-video-preview:-1\" \/>\n<link rel=\"canonical\" href=\"https:\/\/www.smedemokrati.sk\/en\/t-gaspar-z-kollar-a-viktorin-budu-vysvetlovat-podavame-trestne-oznamenie-za-falsovanie-verejnej-listiny-a-krive-obvinenie-z-korupcie\/\" \/>\n<meta property=\"og:locale\" content=\"en_US\" \/>\n<meta property=\"og:locale:alternate\" content=\"cs_CZ\" \/>\n<meta property=\"og:locale:alternate\" content=\"hu_HU\" \/>\n<meta property=\"og:locale:alternate\" content=\"sk_SK\" \/>\n<meta property=\"og:locale:alternate\" content=\"sv_SE\" \/>\n<meta property=\"og:type\" content=\"article\" \/>\n<meta property=\"og:title\" content=\"T. Ga\u0161par, Z. Koll\u00e1r a Viktor\u00edn bud\u00fa vysvet\u013eova\u0165: pod\u00e1vame trestn\u00e9 ozn\u00e1menie za fal\u0161ovanie verejnej listiny a kriv\u00e9 obvinenie z korupcie\" \/>\n<meta property=\"og:description\" content=\"Jaroslav Na\u010f dnes (30. apr\u00edla 2025) podal na Gener\u00e1lnej prokurat\u00fare SR trestn\u00e9 ozn\u00e1menie za fal\u0161ovanie verejnej listiny, kriv\u00e9 obvinenie z korupcie a ohov\u00e1ranie. Ozn\u00e1menie s\u00favis\u00ed s tla\u010dovou konferenciou podpredsedu NR SR Tibora Ga\u0161para a videom podnikate\u013ea Zoroslava Koll\u00e1ra, v ktor\u00fdch uverejnili \u201elistinn\u00fd d\u00f4kaz\u201c a zvukov\u00fd z\u00e1znam, pod\u013ea ktor\u00fdch mal Jaroslav Na\u010f e\u0161te ako minister obrany [&hellip;]\" \/>\n<meta property=\"og:url\" content=\"https:\/\/www.smedemokrati.sk\/en\/t-gaspar-z-kollar-a-viktorin-budu-vysvetlovat-podavame-trestne-oznamenie-za-falsovanie-verejnej-listiny-a-krive-obvinenie-z-korupcie\/\" \/>\n<meta property=\"og:site_name\" content=\"Smedemokrati.sk\" \/>\n<meta property=\"article:publisher\" content=\"https:\/\/www.facebook.com\/smedemokrati2023\" \/>\n<meta property=\"article:published_time\" content=\"2025-04-30T21:58:00+00:00\" \/>\n<meta property=\"article:modified_time\" content=\"2025-05-01T05:05:26+00:00\" \/>\n<meta property=\"og:image\" content=\"https:\/\/www.smedemokrati.sk\/wp-content\/uploads\/2025\/05\/Screenshot_2025-05-01-07-03-46-690_com.instagram.android-edit.jpg\" \/>\n\t<meta property=\"og:image:width\" content=\"1220\" \/>\n\t<meta property=\"og:image:height\" content=\"1414\" \/>\n\t<meta property=\"og:image:type\" content=\"image\/jpeg\" \/>\n<meta name=\"author\" content=\"miro.sopko\" \/>\n<meta name=\"twitter:card\" content=\"summary_large_image\" \/>\n<meta name=\"twitter:label1\" content=\"Written by\" \/>\n\t<meta name=\"twitter:data1\" content=\"miro.sopko\" \/>\n\t<meta name=\"twitter:label2\" content=\"Est. reading time\" \/>\n\t<meta name=\"twitter:data2\" content=\"2 minutes\" \/>\n<script type=\"application\/ld+json\" class=\"yoast-schema-graph\">{\"@context\":\"https:\/\/schema.org\",\"@graph\":[{\"@type\":\"Article\",\"@id\":\"https:\/\/www.smedemokrati.sk\/t-gaspar-z-kollar-a-viktorin-budu-vysvetlovat-podavame-trestne-oznamenie-za-falsovanie-verejnej-listiny-a-krive-obvinenie-z-korupcie\/#article\",\"isPartOf\":{\"@id\":\"https:\/\/www.smedemokrati.sk\/t-gaspar-z-kollar-a-viktorin-budu-vysvetlovat-podavame-trestne-oznamenie-za-falsovanie-verejnej-listiny-a-krive-obvinenie-z-korupcie\/\"},\"author\":{\"name\":\"miro.sopko\",\"@id\":\"https:\/\/www.smedemokrati.sk\/#\/schema\/person\/21f147c88d605aa7ded900e1e7c344ba\"},\"headline\":\"T. Ga\u0161par, Z. Koll\u00e1r a Viktor\u00edn bud\u00fa vysvet\u013eova\u0165: pod\u00e1vame trestn\u00e9 ozn\u00e1menie za fal\u0161ovanie verejnej listiny a kriv\u00e9 obvinenie z korupcie\",\"datePublished\":\"2025-04-30T21:58:00+00:00\",\"dateModified\":\"2025-05-01T05:05:26+00:00\",\"mainEntityOfPage\":{\"@id\":\"https:\/\/www.smedemokrati.sk\/t-gaspar-z-kollar-a-viktorin-budu-vysvetlovat-podavame-trestne-oznamenie-za-falsovanie-verejnej-listiny-a-krive-obvinenie-z-korupcie\/\"},\"wordCount\":335,\"publisher\":{\"@id\":\"https:\/\/www.smedemokrati.sk\/#organization\"},\"image\":{\"@id\":\"https:\/\/www.smedemokrati.sk\/t-gaspar-z-kollar-a-viktorin-budu-vysvetlovat-podavame-trestne-oznamenie-za-falsovanie-verejnej-listiny-a-krive-obvinenie-z-korupcie\/#primaryimage\"},\"thumbnailUrl\":\"https:\/\/www.smedemokrati.sk\/wp-content\/uploads\/2025\/05\/Screenshot_2025-05-01-07-03-46-690_com.instagram.android-edit-e1746088088183.jpg\",\"articleSection\":[\"Tla\u010dov\u00e9 spr\u00e1vy\"],\"inLanguage\":\"en-US\"},{\"@type\":\"WebPage\",\"@id\":\"https:\/\/www.smedemokrati.sk\/t-gaspar-z-kollar-a-viktorin-budu-vysvetlovat-podavame-trestne-oznamenie-za-falsovanie-verejnej-listiny-a-krive-obvinenie-z-korupcie\/\",\"url\":\"https:\/\/www.smedemokrati.sk\/t-gaspar-z-kollar-a-viktorin-budu-vysvetlovat-podavame-trestne-oznamenie-za-falsovanie-verejnej-listiny-a-krive-obvinenie-z-korupcie\/\",\"name\":\"T. Ga\u0161par, Z. Koll\u00e1r a Viktor\u00edn bud\u00fa vysvet\u013eova\u0165: pod\u00e1vame trestn\u00e9 ozn\u00e1menie za fal\u0161ovanie verejnej listiny a kriv\u00e9 obvinenie z korupcie\",\"isPartOf\":{\"@id\":\"https:\/\/www.smedemokrati.sk\/#website\"},\"primaryImageOfPage\":{\"@id\":\"https:\/\/www.smedemokrati.sk\/t-gaspar-z-kollar-a-viktorin-budu-vysvetlovat-podavame-trestne-oznamenie-za-falsovanie-verejnej-listiny-a-krive-obvinenie-z-korupcie\/#primaryimage\"},\"image\":{\"@id\":\"https:\/\/www.smedemokrati.sk\/t-gaspar-z-kollar-a-viktorin-budu-vysvetlovat-podavame-trestne-oznamenie-za-falsovanie-verejnej-listiny-a-krive-obvinenie-z-korupcie\/#primaryimage\"},\"thumbnailUrl\":\"https:\/\/www.smedemokrati.sk\/wp-content\/uploads\/2025\/05\/Screenshot_2025-05-01-07-03-46-690_com.instagram.android-edit-e1746088088183.jpg\",\"datePublished\":\"2025-04-30T21:58:00+00:00\",\"dateModified\":\"2025-05-01T05:05:26+00:00\",\"breadcrumb\":{\"@id\":\"https:\/\/www.smedemokrati.sk\/t-gaspar-z-kollar-a-viktorin-budu-vysvetlovat-podavame-trestne-oznamenie-za-falsovanie-verejnej-listiny-a-krive-obvinenie-z-korupcie\/#breadcrumb\"},\"inLanguage\":\"en-US\",\"potentialAction\":[{\"@type\":\"ReadAction\",\"target\":[\"https:\/\/www.smedemokrati.sk\/t-gaspar-z-kollar-a-viktorin-budu-vysvetlovat-podavame-trestne-oznamenie-za-falsovanie-verejnej-listiny-a-krive-obvinenie-z-korupcie\/\"]}]},{\"@type\":\"ImageObject\",\"inLanguage\":\"en-US\",\"@id\":\"https:\/\/www.smedemokrati.sk\/t-gaspar-z-kollar-a-viktorin-budu-vysvetlovat-podavame-trestne-oznamenie-za-falsovanie-verejnej-listiny-a-krive-obvinenie-z-korupcie\/#primaryimage\",\"url\":\"https:\/\/www.smedemokrati.sk\/wp-content\/uploads\/2025\/05\/Screenshot_2025-05-01-07-03-46-690_com.instagram.android-edit-e1746088088183.jpg\",\"contentUrl\":\"https:\/\/www.smedemokrati.sk\/wp-content\/uploads\/2025\/05\/Screenshot_2025-05-01-07-03-46-690_com.instagram.android-edit-e1746088088183.jpg\",\"width\":1220,\"height\":1072},{\"@type\":\"BreadcrumbList\",\"@id\":\"https:\/\/www.smedemokrati.sk\/t-gaspar-z-kollar-a-viktorin-budu-vysvetlovat-podavame-trestne-oznamenie-za-falsovanie-verejnej-listiny-a-krive-obvinenie-z-korupcie\/#breadcrumb\",\"itemListElement\":[{\"@type\":\"ListItem\",\"position\":1,\"name\":\"Domovsk\u00e1 str\u00e1nka\",\"item\":\"https:\/\/www.smedemokrati.sk\/\"},{\"@type\":\"ListItem\",\"position\":2,\"name\":\"T. Ga\u0161par, Z. Koll\u00e1r a Viktor\u00edn bud\u00fa vysvet\u013eova\u0165: pod\u00e1vame trestn\u00e9 ozn\u00e1menie za fal\u0161ovanie verejnej listiny a kriv\u00e9 obvinenie z korupcie\"}]},{\"@type\":\"WebSite\",\"@id\":\"https:\/\/www.smedemokrati.sk\/#website\",\"url\":\"https:\/\/www.smedemokrati.sk\/\",\"name\":\"Smedemokrati.sk\",\"description\":\"Demokracia a slu\u0161nos\u0165 zv\u00ed\u0165az\u00ed\",\"publisher\":{\"@id\":\"https:\/\/www.smedemokrati.sk\/#organization\"},\"potentialAction\":[{\"@type\":\"SearchAction\",\"target\":{\"@type\":\"EntryPoint\",\"urlTemplate\":\"https:\/\/www.smedemokrati.sk\/?s={search_term_string}\"},\"query-input\":{\"@type\":\"PropertyValueSpecification\",\"valueRequired\":true,\"valueName\":\"search_term_string\"}}],\"inLanguage\":\"en-US\"},{\"@type\":\"Organization\",\"@id\":\"https:\/\/www.smedemokrati.sk\/#organization\",\"name\":\"Smedemokrati.sk\",\"url\":\"https:\/\/www.smedemokrati.sk\/\",\"logo\":{\"@type\":\"ImageObject\",\"inLanguage\":\"en-US\",\"@id\":\"https:\/\/www.smedemokrati.sk\/#\/schema\/logo\/image\/\",\"url\":\"https:\/\/www.smedemokrati.sk\/wp-content\/uploads\/2023\/04\/ff.002.jpeg\",\"contentUrl\":\"https:\/\/www.smedemokrati.sk\/wp-content\/uploads\/2023\/04\/ff.002.jpeg\",\"width\":640,\"height\":480,\"caption\":\"Smedemokrati.sk\"},\"image\":{\"@id\":\"https:\/\/www.smedemokrati.sk\/#\/schema\/logo\/image\/\"},\"sameAs\":[\"https:\/\/www.facebook.com\/smedemokrati2023\"]},{\"@type\":\"Person\",\"@id\":\"https:\/\/www.smedemokrati.sk\/#\/schema\/person\/21f147c88d605aa7ded900e1e7c344ba\",\"name\":\"miro.sopko\",\"image\":{\"@type\":\"ImageObject\",\"inLanguage\":\"en-US\",\"@id\":\"https:\/\/secure.gravatar.com\/avatar\/267e4a36f704376c109afe3a78740c1f5dd8675a2180a908699e7863c9247606?s=96&d=mm&r=g\",\"url\":\"https:\/\/secure.gravatar.com\/avatar\/267e4a36f704376c109afe3a78740c1f5dd8675a2180a908699e7863c9247606?s=96&d=mm&r=g\",\"contentUrl\":\"https:\/\/secure.gravatar.com\/avatar\/267e4a36f704376c109afe3a78740c1f5dd8675a2180a908699e7863c9247606?s=96&d=mm&r=g\",\"caption\":\"miro.sopko\"},\"url\":\"https:\/\/www.smedemokrati.sk\/en\/author\/miro-sopko\/\"}]}<\/script>\n<!-- \/ Yoast SEO plugin. -->","yoast_head_json":{"title":"T. Ga\u0161par, Z. Koll\u00e1r a Viktor\u00edn bud\u00fa vysvet\u013eova\u0165: pod\u00e1vame trestn\u00e9 ozn\u00e1menie za fal\u0161ovanie verejnej listiny a kriv\u00e9 obvinenie z korupcie","robots":{"index":"index","follow":"follow","max-snippet":"max-snippet:-1","max-image-preview":"max-image-preview:large","max-video-preview":"max-video-preview:-1"},"canonical":"https:\/\/www.smedemokrati.sk\/en\/t-gaspar-z-kollar-a-viktorin-budu-vysvetlovat-podavame-trestne-oznamenie-za-falsovanie-verejnej-listiny-a-krive-obvinenie-z-korupcie\/","og_locale":"en_US","og_type":"article","og_title":"[:sk]T. Ga\u0161par, Z. Koll\u00e1r a Viktor\u00edn bud\u00fa vysvet\u013eova\u0165: pod\u00e1vame trestn\u00e9 ozn\u00e1menie za fal\u0161ovanie verejnej listiny a kriv\u00e9 obvinenie z korupcie[:] - Smedemokrati.sk","og_description":"Jaroslav Na\u010f dnes (30. apr\u00edla 2025) podal na Gener\u00e1lnej prokurat\u00fare SR trestn\u00e9 ozn\u00e1menie za fal\u0161ovanie verejnej listiny, kriv\u00e9 obvinenie z korupcie a ohov\u00e1ranie. Ozn\u00e1menie s\u00favis\u00ed s tla\u010dovou konferenciou podpredsedu NR SR Tibora Ga\u0161para a videom podnikate\u013ea Zoroslava Koll\u00e1ra, v ktor\u00fdch uverejnili \u201elistinn\u00fd d\u00f4kaz\u201c a zvukov\u00fd z\u00e1znam, pod\u013ea ktor\u00fdch mal Jaroslav Na\u010f e\u0161te ako minister obrany [&hellip;]","og_url":"https:\/\/www.smedemokrati.sk\/en\/t-gaspar-z-kollar-a-viktorin-budu-vysvetlovat-podavame-trestne-oznamenie-za-falsovanie-verejnej-listiny-a-krive-obvinenie-z-korupcie\/","og_site_name":"Smedemokrati.sk","article_publisher":"https:\/\/www.facebook.com\/smedemokrati2023","article_published_time":"2025-04-30T21:58:00+00:00","article_modified_time":"2025-05-01T05:05:26+00:00","og_image":[{"width":1220,"height":1414,"url":"https:\/\/www.smedemokrati.sk\/wp-content\/uploads\/2025\/05\/Screenshot_2025-05-01-07-03-46-690_com.instagram.android-edit.jpg","type":"image\/jpeg"}],"author":"miro.sopko","twitter_card":"summary_large_image","twitter_misc":{"Written by":"miro.sopko","Est. reading time":"2 minutes"},"schema":{"@context":"https:\/\/schema.org","@graph":[{"@type":"Article","@id":"https:\/\/www.smedemokrati.sk\/t-gaspar-z-kollar-a-viktorin-budu-vysvetlovat-podavame-trestne-oznamenie-za-falsovanie-verejnej-listiny-a-krive-obvinenie-z-korupcie\/#article","isPartOf":{"@id":"https:\/\/www.smedemokrati.sk\/t-gaspar-z-kollar-a-viktorin-budu-vysvetlovat-podavame-trestne-oznamenie-za-falsovanie-verejnej-listiny-a-krive-obvinenie-z-korupcie\/"},"author":{"name":"miro.sopko","@id":"https:\/\/www.smedemokrati.sk\/#\/schema\/person\/21f147c88d605aa7ded900e1e7c344ba"},"headline":"T. Ga\u0161par, Z. Koll\u00e1r a Viktor\u00edn bud\u00fa vysvet\u013eova\u0165: pod\u00e1vame trestn\u00e9 ozn\u00e1menie za fal\u0161ovanie verejnej listiny a kriv\u00e9 obvinenie z korupcie","datePublished":"2025-04-30T21:58:00+00:00","dateModified":"2025-05-01T05:05:26+00:00","mainEntityOfPage":{"@id":"https:\/\/www.smedemokrati.sk\/t-gaspar-z-kollar-a-viktorin-budu-vysvetlovat-podavame-trestne-oznamenie-za-falsovanie-verejnej-listiny-a-krive-obvinenie-z-korupcie\/"},"wordCount":335,"publisher":{"@id":"https:\/\/www.smedemokrati.sk\/#organization"},"image":{"@id":"https:\/\/www.smedemokrati.sk\/t-gaspar-z-kollar-a-viktorin-budu-vysvetlovat-podavame-trestne-oznamenie-za-falsovanie-verejnej-listiny-a-krive-obvinenie-z-korupcie\/#primaryimage"},"thumbnailUrl":"https:\/\/www.smedemokrati.sk\/wp-content\/uploads\/2025\/05\/Screenshot_2025-05-01-07-03-46-690_com.instagram.android-edit-e1746088088183.jpg","articleSection":["Tla\u010dov\u00e9 spr\u00e1vy"],"inLanguage":"en-US"},{"@type":"WebPage","@id":"https:\/\/www.smedemokrati.sk\/t-gaspar-z-kollar-a-viktorin-budu-vysvetlovat-podavame-trestne-oznamenie-za-falsovanie-verejnej-listiny-a-krive-obvinenie-z-korupcie\/","url":"https:\/\/www.smedemokrati.sk\/t-gaspar-z-kollar-a-viktorin-budu-vysvetlovat-podavame-trestne-oznamenie-za-falsovanie-verejnej-listiny-a-krive-obvinenie-z-korupcie\/","name":"T. Ga\u0161par, Z. Koll\u00e1r a Viktor\u00edn bud\u00fa vysvet\u013eova\u0165: pod\u00e1vame trestn\u00e9 ozn\u00e1menie za fal\u0161ovanie verejnej listiny a kriv\u00e9 obvinenie z korupcie","isPartOf":{"@id":"https:\/\/www.smedemokrati.sk\/#website"},"primaryImageOfPage":{"@id":"https:\/\/www.smedemokrati.sk\/t-gaspar-z-kollar-a-viktorin-budu-vysvetlovat-podavame-trestne-oznamenie-za-falsovanie-verejnej-listiny-a-krive-obvinenie-z-korupcie\/#primaryimage"},"image":{"@id":"https:\/\/www.smedemokrati.sk\/t-gaspar-z-kollar-a-viktorin-budu-vysvetlovat-podavame-trestne-oznamenie-za-falsovanie-verejnej-listiny-a-krive-obvinenie-z-korupcie\/#primaryimage"},"thumbnailUrl":"https:\/\/www.smedemokrati.sk\/wp-content\/uploads\/2025\/05\/Screenshot_2025-05-01-07-03-46-690_com.instagram.android-edit-e1746088088183.jpg","datePublished":"2025-04-30T21:58:00+00:00","dateModified":"2025-05-01T05:05:26+00:00","breadcrumb":{"@id":"https:\/\/www.smedemokrati.sk\/t-gaspar-z-kollar-a-viktorin-budu-vysvetlovat-podavame-trestne-oznamenie-za-falsovanie-verejnej-listiny-a-krive-obvinenie-z-korupcie\/#breadcrumb"},"inLanguage":"en-US","potentialAction":[{"@type":"ReadAction","target":["https:\/\/www.smedemokrati.sk\/t-gaspar-z-kollar-a-viktorin-budu-vysvetlovat-podavame-trestne-oznamenie-za-falsovanie-verejnej-listiny-a-krive-obvinenie-z-korupcie\/"]}]},{"@type":"ImageObject","inLanguage":"en-US","@id":"https:\/\/www.smedemokrati.sk\/t-gaspar-z-kollar-a-viktorin-budu-vysvetlovat-podavame-trestne-oznamenie-za-falsovanie-verejnej-listiny-a-krive-obvinenie-z-korupcie\/#primaryimage","url":"https:\/\/www.smedemokrati.sk\/wp-content\/uploads\/2025\/05\/Screenshot_2025-05-01-07-03-46-690_com.instagram.android-edit-e1746088088183.jpg","contentUrl":"https:\/\/www.smedemokrati.sk\/wp-content\/uploads\/2025\/05\/Screenshot_2025-05-01-07-03-46-690_com.instagram.android-edit-e1746088088183.jpg","width":1220,"height":1072},{"@type":"BreadcrumbList","@id":"https:\/\/www.smedemokrati.sk\/t-gaspar-z-kollar-a-viktorin-budu-vysvetlovat-podavame-trestne-oznamenie-za-falsovanie-verejnej-listiny-a-krive-obvinenie-z-korupcie\/#breadcrumb","itemListElement":[{"@type":"ListItem","position":1,"name":"Domovsk\u00e1 str\u00e1nka","item":"https:\/\/www.smedemokrati.sk\/"},{"@type":"ListItem","position":2,"name":"T. Ga\u0161par, Z. Koll\u00e1r a Viktor\u00edn bud\u00fa vysvet\u013eova\u0165: pod\u00e1vame trestn\u00e9 ozn\u00e1menie za fal\u0161ovanie verejnej listiny a kriv\u00e9 obvinenie z korupcie"}]},{"@type":"WebSite","@id":"https:\/\/www.smedemokrati.sk\/#website","url":"https:\/\/www.smedemokrati.sk\/","name":"Smedemokrati.sk","description":"Demokracia a slu\u0161nos\u0165 zv\u00ed\u0165az\u00ed","publisher":{"@id":"https:\/\/www.smedemokrati.sk\/#organization"},"potentialAction":[{"@type":"SearchAction","target":{"@type":"EntryPoint","urlTemplate":"https:\/\/www.smedemokrati.sk\/?s={search_term_string}"},"query-input":{"@type":"PropertyValueSpecification","valueRequired":true,"valueName":"search_term_string"}}],"inLanguage":"en-US"},{"@type":"Organization","@id":"https:\/\/www.smedemokrati.sk\/#organization","name":"Smedemokrati.sk","url":"https:\/\/www.smedemokrati.sk\/","logo":{"@type":"ImageObject","inLanguage":"en-US","@id":"https:\/\/www.smedemokrati.sk\/#\/schema\/logo\/image\/","url":"https:\/\/www.smedemokrati.sk\/wp-content\/uploads\/2023\/04\/ff.002.jpeg","contentUrl":"https:\/\/www.smedemokrati.sk\/wp-content\/uploads\/2023\/04\/ff.002.jpeg","width":640,"height":480,"caption":"Smedemokrati.sk"},"image":{"@id":"https:\/\/www.smedemokrati.sk\/#\/schema\/logo\/image\/"},"sameAs":["https:\/\/www.facebook.com\/smedemokrati2023"]},{"@type":"Person","@id":"https:\/\/www.smedemokrati.sk\/#\/schema\/person\/21f147c88d605aa7ded900e1e7c344ba","name":"miro.sopko","image":{"@type":"ImageObject","inLanguage":"en-US","@id":"https:\/\/secure.gravatar.com\/avatar\/267e4a36f704376c109afe3a78740c1f5dd8675a2180a908699e7863c9247606?s=96&d=mm&r=g","url":"https:\/\/secure.gravatar.com\/avatar\/267e4a36f704376c109afe3a78740c1f5dd8675a2180a908699e7863c9247606?s=96&d=mm&r=g","contentUrl":"https:\/\/secure.gravatar.com\/avatar\/267e4a36f704376c109afe3a78740c1f5dd8675a2180a908699e7863c9247606?s=96&d=mm&r=g","caption":"miro.sopko"},"url":"https:\/\/www.smedemokrati.sk\/en\/author\/miro-sopko\/"}]}},"_links":{"self":[{"href":"https:\/\/www.smedemokrati.sk\/en\/wp-json\/wp\/v2\/posts\/7062","targetHints":{"allow":["GET"]}}],"collection":[{"href":"https:\/\/www.smedemokrati.sk\/en\/wp-json\/wp\/v2\/posts"}],"about":[{"href":"https:\/\/www.smedemokrati.sk\/en\/wp-json\/wp\/v2\/types\/post"}],"author":[{"embeddable":true,"href":"https:\/\/www.smedemokrati.sk\/en\/wp-json\/wp\/v2\/users\/13"}],"replies":[{"embeddable":true,"href":"https:\/\/www.smedemokrati.sk\/en\/wp-json\/wp\/v2\/comments?post=7062"}],"version-history":[{"count":1,"href":"https:\/\/www.smedemokrati.sk\/en\/wp-json\/wp\/v2\/posts\/7062\/revisions"}],"predecessor-version":[{"id":7064,"href":"https:\/\/www.smedemokrati.sk\/en\/wp-json\/wp\/v2\/posts\/7062\/revisions\/7064"}],"wp:featuredmedia":[{"embeddable":true,"href":"https:\/\/www.smedemokrati.sk\/en\/wp-json\/wp\/v2\/media\/7063"}],"wp:attachment":[{"href":"https:\/\/www.smedemokrati.sk\/en\/wp-json\/wp\/v2\/media?parent=7062"}],"wp:term":[{"taxonomy":"category","embeddable":true,"href":"https:\/\/www.smedemokrati.sk\/en\/wp-json\/wp\/v2\/categories?post=7062"},{"taxonomy":"post_tag","embeddable":true,"href":"https:\/\/www.smedemokrati.sk\/en\/wp-json\/wp\/v2\/tags?post=7062"}],"curies":[{"name":"wp","href":"https:\/\/api.w.org\/{rel}","templated":true}]}}