{"id":7021,"date":"2025-04-28T18:01:26","date_gmt":"2025-04-28T17:01:26","guid":{"rendered":"https:\/\/www.smedemokrati.sk\/?p=7021"},"modified":"2025-04-28T18:01:28","modified_gmt":"2025-04-28T17:01:28","slug":"obvinenie-juraja-seligu-je-politickou-vendetou","status":"publish","type":"post","link":"https:\/\/www.smedemokrati.sk\/en\/obvinenie-juraja-seligu-je-politickou-vendetou\/","title":{"rendered":"Obvinenie Juraja \u0160eligu je politickou vendetou"},"content":{"rendered":"<div id=\"fb-root\"><\/div>\n\n<p><strong>Podpredseda Demokratov sa o \u00fadajnom obvinen\u00ed z podnecovania dozvedel z m\u00e9di\u00ed a e\u0161te nebol ani vypoveda\u0165. Demokrati pova\u017euj\u00fa obvinenie za politick\u00fa pomstu a odkazuj\u00fa, \u017ee sa nenechaj\u00fa zastra\u0161i\u0165.<\/strong><\/p>\n\n\n\n<p>Jurajovi \u0160eligovi nebolo obvinenie doru\u010den\u00e9, dozvedel sa o \u0148om z m\u00e9di\u00ed:&nbsp;<em>\u201eAk je toto nov\u00fd precedens, \u017ee sa o obvineniach najm\u00e4 ten, ktor\u00e9ho sa to m\u00e1 t\u00fdka\u0165, dozved\u00e1 z m\u00e9di\u00ed, je stav spravodlivosti a kult\u00fary na ministerstve vn\u00fatra pod veden\u00edm Mat\u00fa\u0161a \u0160utaja E\u0161toka hor\u0161\u00ed, ne\u017e sme si doteraz mysleli.\u201c<\/em>&nbsp;Hovor\u00ed Juraj \u0160eliga a nazna\u010duje, \u017ee z medializovan\u00fdch inform\u00e1ci\u00ed vypl\u00fdva, \u017ee m\u00e1 \u00eds\u0165 o podnecovanie, ktor\u00e9 sa malo sta\u0165 na tla\u010dovej konferencii ku spomienke na J\u00e1na Kuciaka a Martinu Ku\u0161n\u00edrov\u00fa. Juraj \u0160eliga vtedy vyz\u00fdval Petra Pellegriniho, aby ani neuva\u017eoval o udelen\u00ed amnesti\u00ed Ko\u010dnerovi, lebo inak sa \u013eudia m\u00f4\u017eu tak nahneva\u0165, \u017ee mo\u017eno zb\u00faraj\u00fa Prezidentsk\u00fd pal\u00e1c.&nbsp;<em>\u201eNie som si vedom\u00fd, \u017eeby som sp\u00e1chal nejak\u00fd protipr\u00e1vny skutok a ani ten, o ktorom som si dnes pre\u010d\u00edtal v m\u00e9di\u00e1ch. Som pripraven\u00fd poskytn\u00fa\u0165 org\u00e1nom \u010dinn\u00fdm v trestnom konan\u00ed pln\u00fa s\u00fa\u010dinnos\u0165, no popritom budem na\u010falej verejne hovori\u0165 o pochybeniach tejto vl\u00e1dy, ktor\u00fdmi, ako sa zd\u00e1, triafame do \u010dierneho,\u201c<\/em>&nbsp;hovor\u00ed podpredseda Demokratov Juraj \u0160eliga.<\/p>\n\n\n\n<p>\u010ealej nazna\u010duje, \u017ee aj toto obvinenie m\u00f4\u017ee zapadn\u00fa\u0165 do vl\u00e1dnej propagandy proti opoz\u00edcii, ktor\u00e1 od\u0161tartovala bezprostredne po atent\u00e1te na premi\u00e9ra Fica:&nbsp;<em>\u201eO\u010dak\u00e1vame, \u017ee na v\u00fdro\u010die odpornej stre\u013eby na premi\u00e9ra, ktor\u00fd odsudzujeme, pr\u00edde v \u00favodzovk\u00e1ch ve\u013ek\u00fd pr\u00edbeh. Na\u010falej n\u00e1s volaj\u00fa Cintulovci, a to aj napriek tomu, \u017ee jedin\u00fd, kto bol z atent\u00e1tu obvinen\u00fd, je strelec Cintula. Sp\u00e1jaj\u00fa n\u00e1s s atent\u00e1tom, preto\u017ee odkr\u00fdvame, ako sa im rozpad\u00e1 pr\u00edbeh o tom, \u017ee opoz\u00edcia na \u010dele s Demokratmi nab\u00e1dala k tomuto skutku. Obvinen\u00fd podpredseda Demokratov z ak\u00e9hosi podnecovania im kr\u00e1sne zapadne do sklada\u010dky. No je to v\u0161etko postaven\u00e9 na vode a robia to iba preto, \u017ee Demokratov potrebuj\u00fa udupa\u0165 a uml\u010da\u0165, no na n\u00e1s zastra\u0161ovanie neplat\u00ed,\u201c<\/em>&nbsp;uzavrel \u0160eliga.<\/p>\n\n\n\n<p><em>\u201eTrestn\u00e9 st\u00edhanie opozi\u010dn\u00e9ho politika za verb\u00e1lny politick\u00fd prejav \u2013 to tu nebolo ani za Me\u010diara a je to cesta do Ruska. Ak je obvinen\u00fd Juraj \u0160eliga, p\u00fdtam sa, ako je mo\u017en\u00e9, \u017ee nie je obvinen\u00fd Robert Fico, ktor\u00fd priamo vyz\u00fdval \u013eud\u00ed, aby zobrali lopaty a kromp\u00e1\u010de a i\u0161li na parlament a ostali z neho kamene? Ak zist\u00edme, \u017ee Juraj je naozaj obvinen\u00fd, garantujem v\u00e1m, \u017ee trestn\u00e9 ozn\u00e1menie p\u00f4jde aj na Roberta Fica,\u201c&nbsp;<\/em>hovor\u00ed predseda Demokratov Jaroslav Na\u010f a obvinenie pova\u017euje za akt politickej pomsty za odkr\u00fdvanie z\u00e1va\u017en\u00fdch k\u00e1uz.&nbsp;<em>\u201eDnes je to Juraj \u0160eliga, zajtra to m\u00f4\u017ee by\u0165 ktoko\u013evek in\u00fd, \u010di u\u017e z opoz\u00edcie alebo verejnosti, ktor\u00fd m\u00e1 opa\u010dn\u00fd n\u00e1zor a verejne ho prezentuje.\u201c<\/em><\/p>\n\n\n<div class=\"fb-video\" data-href=\"https:\/\/fb.watch\/zfq5YFO4MP\" data-allowfullscreen=\"true\" data-autoplay=\"false\" data-width=\"\" data-show-text=\"false\" data-show-captions=\"true\"><\/div>\n","protected":false},"excerpt":{"rendered":"<p>Podpredseda Demokratov sa o \u00fadajnom obvinen\u00ed z podnecovania dozvedel z m\u00e9di\u00ed a e\u0161te nebol ani vypoveda\u0165. Demokrati pova\u017euj\u00fa obvinenie za politick\u00fa pomstu a odkazuj\u00fa, \u017ee sa nenechaj\u00fa zastra\u0161i\u0165. Jurajovi \u0160eligovi nebolo obvinenie doru\u010den\u00e9, dozvedel sa o \u0148om z m\u00e9di\u00ed:&nbsp;\u201eAk je toto nov\u00fd precedens, \u017ee sa o obvineniach najm\u00e4 ten, ktor\u00e9ho sa to m\u00e1 t\u00fdka\u0165, dozved\u00e1 [&hellip;]<\/p>\n","protected":false},"author":13,"featured_media":930,"comment_status":"closed","ping_status":"closed","sticky":false,"template":"","format":"standard","meta":{"_acf_changed":false,"ngg_post_thumbnail":0,"footnotes":""},"categories":[4],"tags":[],"class_list":["post-7021","post","type-post","status-publish","format-standard","has-post-thumbnail","hentry","category-tlacove-spravy"],"acf":[],"yoast_head":"<!-- This site is optimized with the Yoast SEO plugin v27.2 - https:\/\/yoast.com\/product\/yoast-seo-wordpress\/ -->\n<title>Obvinenie Juraja \u0160eligu je politickou vendetou<\/title>\n<meta name=\"robots\" content=\"index, follow, max-snippet:-1, max-image-preview:large, max-video-preview:-1\" \/>\n<link rel=\"canonical\" href=\"https:\/\/www.smedemokrati.sk\/en\/obvinenie-juraja-seligu-je-politickou-vendetou\/\" \/>\n<meta property=\"og:locale\" content=\"en_US\" \/>\n<meta property=\"og:locale:alternate\" content=\"cs_CZ\" \/>\n<meta property=\"og:locale:alternate\" content=\"hu_HU\" \/>\n<meta property=\"og:locale:alternate\" content=\"sk_SK\" \/>\n<meta property=\"og:locale:alternate\" content=\"sv_SE\" \/>\n<meta property=\"og:type\" content=\"article\" \/>\n<meta property=\"og:title\" content=\"Obvinenie Juraja \u0160eligu je politickou vendetou\" \/>\n<meta property=\"og:description\" content=\"Podpredseda Demokratov sa o \u00fadajnom obvinen\u00ed z podnecovania dozvedel z m\u00e9di\u00ed a e\u0161te nebol ani vypoveda\u0165. Demokrati pova\u017euj\u00fa obvinenie za politick\u00fa pomstu a odkazuj\u00fa, \u017ee sa nenechaj\u00fa zastra\u0161i\u0165. Jurajovi \u0160eligovi nebolo obvinenie doru\u010den\u00e9, dozvedel sa o \u0148om z m\u00e9di\u00ed:&nbsp;\u201eAk je toto nov\u00fd precedens, \u017ee sa o obvineniach najm\u00e4 ten, ktor\u00e9ho sa to m\u00e1 t\u00fdka\u0165, dozved\u00e1 [&hellip;]\" \/>\n<meta property=\"og:url\" content=\"https:\/\/www.smedemokrati.sk\/en\/obvinenie-juraja-seligu-je-politickou-vendetou\/\" \/>\n<meta property=\"og:site_name\" content=\"Smedemokrati.sk\" \/>\n<meta property=\"article:publisher\" content=\"https:\/\/www.facebook.com\/smedemokrati2023\" \/>\n<meta property=\"article:published_time\" content=\"2025-04-28T17:01:26+00:00\" \/>\n<meta property=\"article:modified_time\" content=\"2025-04-28T17:01:28+00:00\" \/>\n<meta property=\"og:image\" content=\"https:\/\/www.smedemokrati.sk\/wp-content\/uploads\/2023\/04\/Images_web_portety_JS.jpg\" \/>\n\t<meta property=\"og:image:width\" content=\"1520\" \/>\n\t<meta property=\"og:image:height\" content=\"1080\" \/>\n\t<meta property=\"og:image:type\" content=\"image\/jpeg\" \/>\n<meta name=\"author\" content=\"miro.sopko\" \/>\n<meta name=\"twitter:card\" content=\"summary_large_image\" \/>\n<meta name=\"twitter:label1\" content=\"Written by\" \/>\n\t<meta name=\"twitter:data1\" content=\"miro.sopko\" \/>\n\t<meta name=\"twitter:label2\" content=\"Est. reading time\" \/>\n\t<meta name=\"twitter:data2\" content=\"3 minutes\" \/>\n<script type=\"application\/ld+json\" class=\"yoast-schema-graph\">{\"@context\":\"https:\/\/schema.org\",\"@graph\":[{\"@type\":\"Article\",\"@id\":\"https:\/\/www.smedemokrati.sk\/obvinenie-juraja-seligu-je-politickou-vendetou\/#article\",\"isPartOf\":{\"@id\":\"https:\/\/www.smedemokrati.sk\/obvinenie-juraja-seligu-je-politickou-vendetou\/\"},\"author\":{\"name\":\"miro.sopko\",\"@id\":\"https:\/\/www.smedemokrati.sk\/#\/schema\/person\/21f147c88d605aa7ded900e1e7c344ba\"},\"headline\":\"Obvinenie Juraja \u0160eligu je politickou vendetou\",\"datePublished\":\"2025-04-28T17:01:26+00:00\",\"dateModified\":\"2025-04-28T17:01:28+00:00\",\"mainEntityOfPage\":{\"@id\":\"https:\/\/www.smedemokrati.sk\/obvinenie-juraja-seligu-je-politickou-vendetou\/\"},\"wordCount\":537,\"publisher\":{\"@id\":\"https:\/\/www.smedemokrati.sk\/#organization\"},\"image\":{\"@id\":\"https:\/\/www.smedemokrati.sk\/obvinenie-juraja-seligu-je-politickou-vendetou\/#primaryimage\"},\"thumbnailUrl\":\"https:\/\/www.smedemokrati.sk\/wp-content\/uploads\/2023\/04\/Images_web_portety_JS.jpg\",\"articleSection\":[\"Tla\u010dov\u00e9 spr\u00e1vy\"],\"inLanguage\":\"en-US\"},{\"@type\":\"WebPage\",\"@id\":\"https:\/\/www.smedemokrati.sk\/obvinenie-juraja-seligu-je-politickou-vendetou\/\",\"url\":\"https:\/\/www.smedemokrati.sk\/obvinenie-juraja-seligu-je-politickou-vendetou\/\",\"name\":\"Obvinenie Juraja \u0160eligu je politickou vendetou\",\"isPartOf\":{\"@id\":\"https:\/\/www.smedemokrati.sk\/#website\"},\"primaryImageOfPage\":{\"@id\":\"https:\/\/www.smedemokrati.sk\/obvinenie-juraja-seligu-je-politickou-vendetou\/#primaryimage\"},\"image\":{\"@id\":\"https:\/\/www.smedemokrati.sk\/obvinenie-juraja-seligu-je-politickou-vendetou\/#primaryimage\"},\"thumbnailUrl\":\"https:\/\/www.smedemokrati.sk\/wp-content\/uploads\/2023\/04\/Images_web_portety_JS.jpg\",\"datePublished\":\"2025-04-28T17:01:26+00:00\",\"dateModified\":\"2025-04-28T17:01:28+00:00\",\"breadcrumb\":{\"@id\":\"https:\/\/www.smedemokrati.sk\/obvinenie-juraja-seligu-je-politickou-vendetou\/#breadcrumb\"},\"inLanguage\":\"en-US\",\"potentialAction\":[{\"@type\":\"ReadAction\",\"target\":[\"https:\/\/www.smedemokrati.sk\/obvinenie-juraja-seligu-je-politickou-vendetou\/\"]}]},{\"@type\":\"ImageObject\",\"inLanguage\":\"en-US\",\"@id\":\"https:\/\/www.smedemokrati.sk\/obvinenie-juraja-seligu-je-politickou-vendetou\/#primaryimage\",\"url\":\"https:\/\/www.smedemokrati.sk\/wp-content\/uploads\/2023\/04\/Images_web_portety_JS.jpg\",\"contentUrl\":\"https:\/\/www.smedemokrati.sk\/wp-content\/uploads\/2023\/04\/Images_web_portety_JS.jpg\",\"width\":1520,\"height\":1080},{\"@type\":\"BreadcrumbList\",\"@id\":\"https:\/\/www.smedemokrati.sk\/obvinenie-juraja-seligu-je-politickou-vendetou\/#breadcrumb\",\"itemListElement\":[{\"@type\":\"ListItem\",\"position\":1,\"name\":\"Domovsk\u00e1 str\u00e1nka\",\"item\":\"https:\/\/www.smedemokrati.sk\/\"},{\"@type\":\"ListItem\",\"position\":2,\"name\":\"Obvinenie Juraja \u0160eligu je politickou vendetou\"}]},{\"@type\":\"WebSite\",\"@id\":\"https:\/\/www.smedemokrati.sk\/#website\",\"url\":\"https:\/\/www.smedemokrati.sk\/\",\"name\":\"Smedemokrati.sk\",\"description\":\"Demokracia a slu\u0161nos\u0165 zv\u00ed\u0165az\u00ed\",\"publisher\":{\"@id\":\"https:\/\/www.smedemokrati.sk\/#organization\"},\"potentialAction\":[{\"@type\":\"SearchAction\",\"target\":{\"@type\":\"EntryPoint\",\"urlTemplate\":\"https:\/\/www.smedemokrati.sk\/?s={search_term_string}\"},\"query-input\":{\"@type\":\"PropertyValueSpecification\",\"valueRequired\":true,\"valueName\":\"search_term_string\"}}],\"inLanguage\":\"en-US\"},{\"@type\":\"Organization\",\"@id\":\"https:\/\/www.smedemokrati.sk\/#organization\",\"name\":\"Smedemokrati.sk\",\"url\":\"https:\/\/www.smedemokrati.sk\/\",\"logo\":{\"@type\":\"ImageObject\",\"inLanguage\":\"en-US\",\"@id\":\"https:\/\/www.smedemokrati.sk\/#\/schema\/logo\/image\/\",\"url\":\"https:\/\/www.smedemokrati.sk\/wp-content\/uploads\/2023\/04\/ff.002.jpeg\",\"contentUrl\":\"https:\/\/www.smedemokrati.sk\/wp-content\/uploads\/2023\/04\/ff.002.jpeg\",\"width\":640,\"height\":480,\"caption\":\"Smedemokrati.sk\"},\"image\":{\"@id\":\"https:\/\/www.smedemokrati.sk\/#\/schema\/logo\/image\/\"},\"sameAs\":[\"https:\/\/www.facebook.com\/smedemokrati2023\"]},{\"@type\":\"Person\",\"@id\":\"https:\/\/www.smedemokrati.sk\/#\/schema\/person\/21f147c88d605aa7ded900e1e7c344ba\",\"name\":\"miro.sopko\",\"image\":{\"@type\":\"ImageObject\",\"inLanguage\":\"en-US\",\"@id\":\"https:\/\/secure.gravatar.com\/avatar\/267e4a36f704376c109afe3a78740c1f5dd8675a2180a908699e7863c9247606?s=96&d=mm&r=g\",\"url\":\"https:\/\/secure.gravatar.com\/avatar\/267e4a36f704376c109afe3a78740c1f5dd8675a2180a908699e7863c9247606?s=96&d=mm&r=g\",\"contentUrl\":\"https:\/\/secure.gravatar.com\/avatar\/267e4a36f704376c109afe3a78740c1f5dd8675a2180a908699e7863c9247606?s=96&d=mm&r=g\",\"caption\":\"miro.sopko\"},\"url\":\"https:\/\/www.smedemokrati.sk\/en\/author\/miro-sopko\/\"}]}<\/script>\n<!-- \/ Yoast SEO plugin. -->","yoast_head_json":{"title":"Obvinenie Juraja \u0160eligu je politickou vendetou","robots":{"index":"index","follow":"follow","max-snippet":"max-snippet:-1","max-image-preview":"max-image-preview:large","max-video-preview":"max-video-preview:-1"},"canonical":"https:\/\/www.smedemokrati.sk\/en\/obvinenie-juraja-seligu-je-politickou-vendetou\/","og_locale":"en_US","og_type":"article","og_title":"[:sk]Obvinenie Juraja \u0160eligu je politickou vendetou[:] - Smedemokrati.sk","og_description":"Podpredseda Demokratov sa o \u00fadajnom obvinen\u00ed z podnecovania dozvedel z m\u00e9di\u00ed a e\u0161te nebol ani vypoveda\u0165. Demokrati pova\u017euj\u00fa obvinenie za politick\u00fa pomstu a odkazuj\u00fa, \u017ee sa nenechaj\u00fa zastra\u0161i\u0165. Jurajovi \u0160eligovi nebolo obvinenie doru\u010den\u00e9, dozvedel sa o \u0148om z m\u00e9di\u00ed:&nbsp;\u201eAk je toto nov\u00fd precedens, \u017ee sa o obvineniach najm\u00e4 ten, ktor\u00e9ho sa to m\u00e1 t\u00fdka\u0165, dozved\u00e1 [&hellip;]","og_url":"https:\/\/www.smedemokrati.sk\/en\/obvinenie-juraja-seligu-je-politickou-vendetou\/","og_site_name":"Smedemokrati.sk","article_publisher":"https:\/\/www.facebook.com\/smedemokrati2023","article_published_time":"2025-04-28T17:01:26+00:00","article_modified_time":"2025-04-28T17:01:28+00:00","og_image":[{"width":1520,"height":1080,"url":"https:\/\/www.smedemokrati.sk\/wp-content\/uploads\/2023\/04\/Images_web_portety_JS.jpg","type":"image\/jpeg"}],"author":"miro.sopko","twitter_card":"summary_large_image","twitter_misc":{"Written by":"miro.sopko","Est. reading time":"3 minutes"},"schema":{"@context":"https:\/\/schema.org","@graph":[{"@type":"Article","@id":"https:\/\/www.smedemokrati.sk\/obvinenie-juraja-seligu-je-politickou-vendetou\/#article","isPartOf":{"@id":"https:\/\/www.smedemokrati.sk\/obvinenie-juraja-seligu-je-politickou-vendetou\/"},"author":{"name":"miro.sopko","@id":"https:\/\/www.smedemokrati.sk\/#\/schema\/person\/21f147c88d605aa7ded900e1e7c344ba"},"headline":"Obvinenie Juraja \u0160eligu je politickou vendetou","datePublished":"2025-04-28T17:01:26+00:00","dateModified":"2025-04-28T17:01:28+00:00","mainEntityOfPage":{"@id":"https:\/\/www.smedemokrati.sk\/obvinenie-juraja-seligu-je-politickou-vendetou\/"},"wordCount":537,"publisher":{"@id":"https:\/\/www.smedemokrati.sk\/#organization"},"image":{"@id":"https:\/\/www.smedemokrati.sk\/obvinenie-juraja-seligu-je-politickou-vendetou\/#primaryimage"},"thumbnailUrl":"https:\/\/www.smedemokrati.sk\/wp-content\/uploads\/2023\/04\/Images_web_portety_JS.jpg","articleSection":["Tla\u010dov\u00e9 spr\u00e1vy"],"inLanguage":"en-US"},{"@type":"WebPage","@id":"https:\/\/www.smedemokrati.sk\/obvinenie-juraja-seligu-je-politickou-vendetou\/","url":"https:\/\/www.smedemokrati.sk\/obvinenie-juraja-seligu-je-politickou-vendetou\/","name":"Obvinenie Juraja \u0160eligu je politickou vendetou","isPartOf":{"@id":"https:\/\/www.smedemokrati.sk\/#website"},"primaryImageOfPage":{"@id":"https:\/\/www.smedemokrati.sk\/obvinenie-juraja-seligu-je-politickou-vendetou\/#primaryimage"},"image":{"@id":"https:\/\/www.smedemokrati.sk\/obvinenie-juraja-seligu-je-politickou-vendetou\/#primaryimage"},"thumbnailUrl":"https:\/\/www.smedemokrati.sk\/wp-content\/uploads\/2023\/04\/Images_web_portety_JS.jpg","datePublished":"2025-04-28T17:01:26+00:00","dateModified":"2025-04-28T17:01:28+00:00","breadcrumb":{"@id":"https:\/\/www.smedemokrati.sk\/obvinenie-juraja-seligu-je-politickou-vendetou\/#breadcrumb"},"inLanguage":"en-US","potentialAction":[{"@type":"ReadAction","target":["https:\/\/www.smedemokrati.sk\/obvinenie-juraja-seligu-je-politickou-vendetou\/"]}]},{"@type":"ImageObject","inLanguage":"en-US","@id":"https:\/\/www.smedemokrati.sk\/obvinenie-juraja-seligu-je-politickou-vendetou\/#primaryimage","url":"https:\/\/www.smedemokrati.sk\/wp-content\/uploads\/2023\/04\/Images_web_portety_JS.jpg","contentUrl":"https:\/\/www.smedemokrati.sk\/wp-content\/uploads\/2023\/04\/Images_web_portety_JS.jpg","width":1520,"height":1080},{"@type":"BreadcrumbList","@id":"https:\/\/www.smedemokrati.sk\/obvinenie-juraja-seligu-je-politickou-vendetou\/#breadcrumb","itemListElement":[{"@type":"ListItem","position":1,"name":"Domovsk\u00e1 str\u00e1nka","item":"https:\/\/www.smedemokrati.sk\/"},{"@type":"ListItem","position":2,"name":"Obvinenie Juraja \u0160eligu je politickou vendetou"}]},{"@type":"WebSite","@id":"https:\/\/www.smedemokrati.sk\/#website","url":"https:\/\/www.smedemokrati.sk\/","name":"Smedemokrati.sk","description":"Demokracia a slu\u0161nos\u0165 zv\u00ed\u0165az\u00ed","publisher":{"@id":"https:\/\/www.smedemokrati.sk\/#organization"},"potentialAction":[{"@type":"SearchAction","target":{"@type":"EntryPoint","urlTemplate":"https:\/\/www.smedemokrati.sk\/?s={search_term_string}"},"query-input":{"@type":"PropertyValueSpecification","valueRequired":true,"valueName":"search_term_string"}}],"inLanguage":"en-US"},{"@type":"Organization","@id":"https:\/\/www.smedemokrati.sk\/#organization","name":"Smedemokrati.sk","url":"https:\/\/www.smedemokrati.sk\/","logo":{"@type":"ImageObject","inLanguage":"en-US","@id":"https:\/\/www.smedemokrati.sk\/#\/schema\/logo\/image\/","url":"https:\/\/www.smedemokrati.sk\/wp-content\/uploads\/2023\/04\/ff.002.jpeg","contentUrl":"https:\/\/www.smedemokrati.sk\/wp-content\/uploads\/2023\/04\/ff.002.jpeg","width":640,"height":480,"caption":"Smedemokrati.sk"},"image":{"@id":"https:\/\/www.smedemokrati.sk\/#\/schema\/logo\/image\/"},"sameAs":["https:\/\/www.facebook.com\/smedemokrati2023"]},{"@type":"Person","@id":"https:\/\/www.smedemokrati.sk\/#\/schema\/person\/21f147c88d605aa7ded900e1e7c344ba","name":"miro.sopko","image":{"@type":"ImageObject","inLanguage":"en-US","@id":"https:\/\/secure.gravatar.com\/avatar\/267e4a36f704376c109afe3a78740c1f5dd8675a2180a908699e7863c9247606?s=96&d=mm&r=g","url":"https:\/\/secure.gravatar.com\/avatar\/267e4a36f704376c109afe3a78740c1f5dd8675a2180a908699e7863c9247606?s=96&d=mm&r=g","contentUrl":"https:\/\/secure.gravatar.com\/avatar\/267e4a36f704376c109afe3a78740c1f5dd8675a2180a908699e7863c9247606?s=96&d=mm&r=g","caption":"miro.sopko"},"url":"https:\/\/www.smedemokrati.sk\/en\/author\/miro-sopko\/"}]}},"_links":{"self":[{"href":"https:\/\/www.smedemokrati.sk\/en\/wp-json\/wp\/v2\/posts\/7021","targetHints":{"allow":["GET"]}}],"collection":[{"href":"https:\/\/www.smedemokrati.sk\/en\/wp-json\/wp\/v2\/posts"}],"about":[{"href":"https:\/\/www.smedemokrati.sk\/en\/wp-json\/wp\/v2\/types\/post"}],"author":[{"embeddable":true,"href":"https:\/\/www.smedemokrati.sk\/en\/wp-json\/wp\/v2\/users\/13"}],"replies":[{"embeddable":true,"href":"https:\/\/www.smedemokrati.sk\/en\/wp-json\/wp\/v2\/comments?post=7021"}],"version-history":[{"count":1,"href":"https:\/\/www.smedemokrati.sk\/en\/wp-json\/wp\/v2\/posts\/7021\/revisions"}],"predecessor-version":[{"id":7022,"href":"https:\/\/www.smedemokrati.sk\/en\/wp-json\/wp\/v2\/posts\/7021\/revisions\/7022"}],"wp:featuredmedia":[{"embeddable":true,"href":"https:\/\/www.smedemokrati.sk\/en\/wp-json\/wp\/v2\/media\/930"}],"wp:attachment":[{"href":"https:\/\/www.smedemokrati.sk\/en\/wp-json\/wp\/v2\/media?parent=7021"}],"wp:term":[{"taxonomy":"category","embeddable":true,"href":"https:\/\/www.smedemokrati.sk\/en\/wp-json\/wp\/v2\/categories?post=7021"},{"taxonomy":"post_tag","embeddable":true,"href":"https:\/\/www.smedemokrati.sk\/en\/wp-json\/wp\/v2\/tags?post=7021"}],"curies":[{"name":"wp","href":"https:\/\/api.w.org\/{rel}","templated":true}]}}