{"id":7004,"date":"2025-04-25T11:13:40","date_gmt":"2025-04-25T10:13:40","guid":{"rendered":"https:\/\/www.smedemokrati.sk\/?p=7004"},"modified":"2025-04-25T11:13:40","modified_gmt":"2025-04-25T10:13:40","slug":"nestrielajte-psy-spustame-peticiu","status":"publish","type":"post","link":"https:\/\/www.smedemokrati.sk\/en\/nestrielajte-psy-spustame-peticiu\/","title":{"rendered":"Nestrie\u013eajte psy! Sp\u00fa\u0161\u0165ame pet\u00edciu"},"content":{"rendered":"<div id=\"fb-root\"><\/div>\n\n<p><strong>Vl\u00e1dou zam\u00fd\u0161\u013ean\u00fd z\u00e1kon o po\u013eovn\u00edctve by spr\u00edsnil vo\u013en\u00fd pohyb psov. V praxi by jeho schv\u00e1len\u00edm mohli by\u0165 odstrelen\u00e9 psy, ktor\u00e9 s\u00fa pusten\u00e9 na vo\u013eno, napr\u00edklad po\u010das prech\u00e1dzky a pohybuj\u00fa sa v po\u013eovn\u00edckom rev\u00edri \u2013 \u010do je prakticky cel\u00e9 \u00fazemie Slovenska. Demokrati, ktor\u00ed na t\u00e9mu upozornili, sp\u00fa\u0161\u0165aj\u00fa online pet\u00edciu, v ktorej po\u017eaduj\u00fa zachovanie vo\u013en\u00e9ho pohybu psov a z\u00e1kaz ich strie\u013eania v po\u013eovn\u00fdch rev\u00edroch.<\/strong><\/p>\n\n\n\n<p><em>\u201eK\u00fdm doteraz platilo, \u017ee psa m\u00f4\u017eete ma\u0165 \u201ana vo\u013eno\u2018, pokia\u013e sa od majite\u013ea nevzdiali na viac ako 50 metrov, Tak\u00e1\u010d navrhuje, aby platil \u00fapln\u00fd z\u00e1kaz ich vo\u013en\u00e9ho pohybu. Ten by mal plati\u0165 prakticky na celom Slovensku \u2013 po\u013eovnou plochou je toti\u017e pribli\u017ene 4,5 mili\u00f3na hekt\u00e1rov pozemkov, prakticky v\u0161etko mimo intravil\u00e1nov miest a obc\u00ed,\u201c&nbsp;<\/em>hovor\u00ed enviroexpert Demokratov Michal Ki\u010da, ktor\u00fd na z\u00e1mery vl\u00e1dy upozornil. Kontroverzn\u00e9 ustanovenia sa dostali do n\u00e1vrhu z\u00e1kona a\u017e po pripomienkovom konan\u00ed, tak\u017ee verejnos\u0165 o nich nevedela. Tak\u00e1\u010d n\u00e1vrh predlo\u017eil na rokovanie vl\u00e1dy 23. apr\u00edla.<\/p>\n\n\n\n<p>Minister Tak\u00e1\u010d na\u010falej ponech\u00e1va mo\u017enos\u0165, aby u\u017e\u00edvatelia po\u013eovn\u00fdch rev\u00edrov strie\u013eali psy pohybuj\u00face sa na vo\u013eno. Toto opr\u00e1vnenie pritom m\u00f4\u017eu roz\u0161\u00edri\u0165 na ak\u00e9hoko\u013evek po\u013eovn\u00edka s platn\u00fdm po\u013eovn\u00fdm l\u00edstkom. Bude len na ich \u00favahe, \u010di dan\u00fd pes \u201eprenasleduje zver alebo inak po\u0161kodzuje zver\u201c.&nbsp;<em>&#8220;Tak\u00e1\u010d \u010falej navrhuje zru\u0161i\u0165 aj doteraj\u0161iu minim\u00e1lnu odstupov\u00fa vzdialenos\u0165 pre strie\u013eanie psov, ktor\u00e1 bola 200 metrov od najbli\u017e\u0161ej budovy. \u010ci\u017ee ak bude v\u00e1\u0161 pes pobehova\u0165 ved\u013ea v\u00e1s na l\u00fake a po\u013eovn\u00edk si vyhodnot\u00ed, \u017ee mu \u2013 dajme tomu \u2013 po\u0161kodzuje zajace, bude ho m\u00f4c\u0165 zastreli\u0165. Bude to len o jeho n\u00e1zore. A m\u00f4\u017ee sa tak sta\u0165 aj na va\u0161om pozemku, o ktorom ani nemus\u00edte tu\u0161i\u0165, \u017ee je s\u00fa\u010das\u0165ou po\u013eovn\u00e9ho rev\u00edru,\u201c<\/em>&nbsp;upres\u0148uje Ki\u010da.<\/p>\n\n\n\n<p>Demokrati preto sp\u00fa\u0161\u0165aj\u00fa online pet\u00edciu \u201eNestrie\u013eajte psy\u201c:&nbsp;<em>\u201eT\u00e1to vl\u00e1da rie\u0161i hl\u00faposti. Aj Fico, aj Pellegrini, aj \u010fal\u0161\u00ed \u010dlenovia vl\u00e1dy maj\u00fa tieto dom\u00e1ce zvierat\u00e1. Bu\u010f sa \u00faplne zbl\u00e1znili, alebo u\u017e nebud\u00fa v \u00favodzovk\u00e1ch chr\u00e1nen\u00ed len ich \u201ana\u0161i \u013eudia\u2018, ale aj \u201ana\u0161e psy\u2018. Nech sa neopov\u00e1\u017eia nie\u010do tak\u00e9 schv\u00e1li\u0165. Pros\u00edm verejnos\u0165, aby sa do pet\u00edcie zapojila,\u201c<\/em>&nbsp;povedal Juraj \u0160eliga, podpredseda Demokratov.<\/p>\n\n\n\n<p>Jaroslav Na\u010f dod\u00e1va, \u017ee ako po\u013eovn\u00edk si uvedomuje potrebu zmeny z\u00e1kona o po\u013eovn\u00edctve, no tento krok pova\u017euje za nezmyseln\u00fd:&nbsp;<em>\u201eSom po\u013eovn\u00edk a v tejto komunite sa intenz\u00edvne rozpr\u00e1vame o tom, \u010do by u\u013eah\u010dilo a zlep\u0161ilo pr\u00e1cu po\u013eovn\u00edkov. Strie\u013eanie psov to ale rozhodne nie je. S\u00e1m som majite\u013e dalmat\u00ednca. To naozaj teraz nebudem m\u00f4c\u0165 \u00eds\u0165 s n\u00edm do lesa a pusti\u0165 ho, nech sa vybeh\u00e1, lebo sa budem b\u00e1\u0165, \u017ee ho zastrelia? To je \u0161ialen\u00e9.\u201c<\/em><\/p>\n\n\n\n<p>Link na pet\u00edciu:&nbsp;<\/p>\n\n\n\n<p><a href=\"https:\/\/www.peticie.com\/nestrieajte_psikov_peticia_za_zmenu_zakona_o_poovnictve\" target=\"_blank\" rel=\"noreferrer noopener\">https:\/\/www.peticie.com\/nestrieajte_psikov_peticia_za_zmenu_zakona_o_poovnictve<\/a><\/p>\n\n\n<div class=\"fb-video\" data-href=\"https:\/\/fb.watch\/zb1Nzti8gm\" data-allowfullscreen=\"true\" data-autoplay=\"false\" data-width=\"\" data-show-text=\"false\" data-show-captions=\"true\"><\/div>\n","protected":false},"excerpt":{"rendered":"<p>Vl\u00e1dou zam\u00fd\u0161\u013ean\u00fd z\u00e1kon o po\u013eovn\u00edctve by spr\u00edsnil vo\u013en\u00fd pohyb psov. V praxi by jeho schv\u00e1len\u00edm mohli by\u0165 odstrelen\u00e9 psy, ktor\u00e9 s\u00fa pusten\u00e9 na vo\u013eno, napr\u00edklad po\u010das prech\u00e1dzky a pohybuj\u00fa sa v po\u013eovn\u00edckom rev\u00edri \u2013 \u010do je prakticky cel\u00e9 \u00fazemie Slovenska. Demokrati, ktor\u00ed na t\u00e9mu upozornili, sp\u00fa\u0161\u0165aj\u00fa online pet\u00edciu, v ktorej po\u017eaduj\u00fa zachovanie vo\u013en\u00e9ho pohybu psov [&hellip;]<\/p>\n","protected":false},"author":13,"featured_media":7005,"comment_status":"closed","ping_status":"closed","sticky":false,"template":"","format":"standard","meta":{"_acf_changed":false,"ngg_post_thumbnail":0,"footnotes":""},"categories":[4],"tags":[],"class_list":["post-7004","post","type-post","status-publish","format-standard","has-post-thumbnail","hentry","category-tlacove-spravy"],"acf":[],"yoast_head":"<!-- This site is optimized with the Yoast SEO plugin v27.2 - https:\/\/yoast.com\/product\/yoast-seo-wordpress\/ -->\n<title>Nestrie\u013eajte psy! Sp\u00fa\u0161\u0165ame pet\u00edciu<\/title>\n<meta name=\"robots\" content=\"index, follow, max-snippet:-1, max-image-preview:large, max-video-preview:-1\" \/>\n<link rel=\"canonical\" href=\"https:\/\/www.smedemokrati.sk\/en\/nestrielajte-psy-spustame-peticiu\/\" \/>\n<meta property=\"og:locale\" content=\"en_US\" \/>\n<meta property=\"og:locale:alternate\" content=\"cs_CZ\" \/>\n<meta property=\"og:locale:alternate\" content=\"hu_HU\" \/>\n<meta property=\"og:locale:alternate\" content=\"sk_SK\" \/>\n<meta property=\"og:locale:alternate\" content=\"sv_SE\" \/>\n<meta property=\"og:type\" content=\"article\" \/>\n<meta property=\"og:title\" content=\"Nestrie\u013eajte psy! Sp\u00fa\u0161\u0165ame pet\u00edciu\" \/>\n<meta property=\"og:description\" content=\"Vl\u00e1dou zam\u00fd\u0161\u013ean\u00fd z\u00e1kon o po\u013eovn\u00edctve by spr\u00edsnil vo\u013en\u00fd pohyb psov. V praxi by jeho schv\u00e1len\u00edm mohli by\u0165 odstrelen\u00e9 psy, ktor\u00e9 s\u00fa pusten\u00e9 na vo\u013eno, napr\u00edklad po\u010das prech\u00e1dzky a pohybuj\u00fa sa v po\u013eovn\u00edckom rev\u00edri \u2013 \u010do je prakticky cel\u00e9 \u00fazemie Slovenska. Demokrati, ktor\u00ed na t\u00e9mu upozornili, sp\u00fa\u0161\u0165aj\u00fa online pet\u00edciu, v ktorej po\u017eaduj\u00fa zachovanie vo\u013en\u00e9ho pohybu psov [&hellip;]\" \/>\n<meta property=\"og:url\" content=\"https:\/\/www.smedemokrati.sk\/en\/nestrielajte-psy-spustame-peticiu\/\" \/>\n<meta property=\"og:site_name\" content=\"Smedemokrati.sk\" \/>\n<meta property=\"article:publisher\" content=\"https:\/\/www.facebook.com\/smedemokrati2023\" \/>\n<meta property=\"article:published_time\" content=\"2025-04-25T10:13:40+00:00\" \/>\n<meta property=\"og:image\" content=\"https:\/\/www.smedemokrati.sk\/wp-content\/uploads\/2025\/04\/nestrielajte-nas.jpg\" \/>\n\t<meta property=\"og:image:width\" content=\"942\" \/>\n\t<meta property=\"og:image:height\" content=\"563\" \/>\n\t<meta property=\"og:image:type\" content=\"image\/jpeg\" \/>\n<meta name=\"author\" content=\"miro.sopko\" \/>\n<meta name=\"twitter:card\" content=\"summary_large_image\" \/>\n<meta name=\"twitter:label1\" content=\"Written by\" \/>\n\t<meta name=\"twitter:data1\" content=\"miro.sopko\" \/>\n\t<meta name=\"twitter:label2\" content=\"Est. reading time\" \/>\n\t<meta name=\"twitter:data2\" content=\"3 minutes\" \/>\n<script type=\"application\/ld+json\" class=\"yoast-schema-graph\">{\"@context\":\"https:\/\/schema.org\",\"@graph\":[{\"@type\":\"Article\",\"@id\":\"https:\/\/www.smedemokrati.sk\/nestrielajte-psy-spustame-peticiu\/#article\",\"isPartOf\":{\"@id\":\"https:\/\/www.smedemokrati.sk\/nestrielajte-psy-spustame-peticiu\/\"},\"author\":{\"name\":\"miro.sopko\",\"@id\":\"https:\/\/www.smedemokrati.sk\/#\/schema\/person\/21f147c88d605aa7ded900e1e7c344ba\"},\"headline\":\"Nestrie\u013eajte psy! Sp\u00fa\u0161\u0165ame pet\u00edciu\",\"datePublished\":\"2025-04-25T10:13:40+00:00\",\"mainEntityOfPage\":{\"@id\":\"https:\/\/www.smedemokrati.sk\/nestrielajte-psy-spustame-peticiu\/\"},\"wordCount\":567,\"publisher\":{\"@id\":\"https:\/\/www.smedemokrati.sk\/#organization\"},\"image\":{\"@id\":\"https:\/\/www.smedemokrati.sk\/nestrielajte-psy-spustame-peticiu\/#primaryimage\"},\"thumbnailUrl\":\"https:\/\/www.smedemokrati.sk\/wp-content\/uploads\/2025\/04\/nestrielajte-nas.jpg\",\"articleSection\":[\"Tla\u010dov\u00e9 spr\u00e1vy\"],\"inLanguage\":\"en-US\"},{\"@type\":\"WebPage\",\"@id\":\"https:\/\/www.smedemokrati.sk\/nestrielajte-psy-spustame-peticiu\/\",\"url\":\"https:\/\/www.smedemokrati.sk\/nestrielajte-psy-spustame-peticiu\/\",\"name\":\"Nestrie\u013eajte psy! Sp\u00fa\u0161\u0165ame pet\u00edciu\",\"isPartOf\":{\"@id\":\"https:\/\/www.smedemokrati.sk\/#website\"},\"primaryImageOfPage\":{\"@id\":\"https:\/\/www.smedemokrati.sk\/nestrielajte-psy-spustame-peticiu\/#primaryimage\"},\"image\":{\"@id\":\"https:\/\/www.smedemokrati.sk\/nestrielajte-psy-spustame-peticiu\/#primaryimage\"},\"thumbnailUrl\":\"https:\/\/www.smedemokrati.sk\/wp-content\/uploads\/2025\/04\/nestrielajte-nas.jpg\",\"datePublished\":\"2025-04-25T10:13:40+00:00\",\"breadcrumb\":{\"@id\":\"https:\/\/www.smedemokrati.sk\/nestrielajte-psy-spustame-peticiu\/#breadcrumb\"},\"inLanguage\":\"en-US\",\"potentialAction\":[{\"@type\":\"ReadAction\",\"target\":[\"https:\/\/www.smedemokrati.sk\/nestrielajte-psy-spustame-peticiu\/\"]}]},{\"@type\":\"ImageObject\",\"inLanguage\":\"en-US\",\"@id\":\"https:\/\/www.smedemokrati.sk\/nestrielajte-psy-spustame-peticiu\/#primaryimage\",\"url\":\"https:\/\/www.smedemokrati.sk\/wp-content\/uploads\/2025\/04\/nestrielajte-nas.jpg\",\"contentUrl\":\"https:\/\/www.smedemokrati.sk\/wp-content\/uploads\/2025\/04\/nestrielajte-nas.jpg\",\"width\":942,\"height\":563},{\"@type\":\"BreadcrumbList\",\"@id\":\"https:\/\/www.smedemokrati.sk\/nestrielajte-psy-spustame-peticiu\/#breadcrumb\",\"itemListElement\":[{\"@type\":\"ListItem\",\"position\":1,\"name\":\"Domovsk\u00e1 str\u00e1nka\",\"item\":\"https:\/\/www.smedemokrati.sk\/\"},{\"@type\":\"ListItem\",\"position\":2,\"name\":\"Nestrie\u013eajte psy! Sp\u00fa\u0161\u0165ame pet\u00edciu\"}]},{\"@type\":\"WebSite\",\"@id\":\"https:\/\/www.smedemokrati.sk\/#website\",\"url\":\"https:\/\/www.smedemokrati.sk\/\",\"name\":\"Smedemokrati.sk\",\"description\":\"Demokracia a slu\u0161nos\u0165 zv\u00ed\u0165az\u00ed\",\"publisher\":{\"@id\":\"https:\/\/www.smedemokrati.sk\/#organization\"},\"potentialAction\":[{\"@type\":\"SearchAction\",\"target\":{\"@type\":\"EntryPoint\",\"urlTemplate\":\"https:\/\/www.smedemokrati.sk\/?s={search_term_string}\"},\"query-input\":{\"@type\":\"PropertyValueSpecification\",\"valueRequired\":true,\"valueName\":\"search_term_string\"}}],\"inLanguage\":\"en-US\"},{\"@type\":\"Organization\",\"@id\":\"https:\/\/www.smedemokrati.sk\/#organization\",\"name\":\"Smedemokrati.sk\",\"url\":\"https:\/\/www.smedemokrati.sk\/\",\"logo\":{\"@type\":\"ImageObject\",\"inLanguage\":\"en-US\",\"@id\":\"https:\/\/www.smedemokrati.sk\/#\/schema\/logo\/image\/\",\"url\":\"https:\/\/www.smedemokrati.sk\/wp-content\/uploads\/2023\/04\/ff.002.jpeg\",\"contentUrl\":\"https:\/\/www.smedemokrati.sk\/wp-content\/uploads\/2023\/04\/ff.002.jpeg\",\"width\":640,\"height\":480,\"caption\":\"Smedemokrati.sk\"},\"image\":{\"@id\":\"https:\/\/www.smedemokrati.sk\/#\/schema\/logo\/image\/\"},\"sameAs\":[\"https:\/\/www.facebook.com\/smedemokrati2023\"]},{\"@type\":\"Person\",\"@id\":\"https:\/\/www.smedemokrati.sk\/#\/schema\/person\/21f147c88d605aa7ded900e1e7c344ba\",\"name\":\"miro.sopko\",\"image\":{\"@type\":\"ImageObject\",\"inLanguage\":\"en-US\",\"@id\":\"https:\/\/secure.gravatar.com\/avatar\/267e4a36f704376c109afe3a78740c1f5dd8675a2180a908699e7863c9247606?s=96&d=mm&r=g\",\"url\":\"https:\/\/secure.gravatar.com\/avatar\/267e4a36f704376c109afe3a78740c1f5dd8675a2180a908699e7863c9247606?s=96&d=mm&r=g\",\"contentUrl\":\"https:\/\/secure.gravatar.com\/avatar\/267e4a36f704376c109afe3a78740c1f5dd8675a2180a908699e7863c9247606?s=96&d=mm&r=g\",\"caption\":\"miro.sopko\"},\"url\":\"https:\/\/www.smedemokrati.sk\/en\/author\/miro-sopko\/\"}]}<\/script>\n<!-- \/ Yoast SEO plugin. -->","yoast_head_json":{"title":"Nestrie\u013eajte psy! Sp\u00fa\u0161\u0165ame pet\u00edciu","robots":{"index":"index","follow":"follow","max-snippet":"max-snippet:-1","max-image-preview":"max-image-preview:large","max-video-preview":"max-video-preview:-1"},"canonical":"https:\/\/www.smedemokrati.sk\/en\/nestrielajte-psy-spustame-peticiu\/","og_locale":"en_US","og_type":"article","og_title":"[:sk]Nestrie\u013eajte psy! Sp\u00fa\u0161\u0165ame pet\u00edciu[:] - Smedemokrati.sk","og_description":"Vl\u00e1dou zam\u00fd\u0161\u013ean\u00fd z\u00e1kon o po\u013eovn\u00edctve by spr\u00edsnil vo\u013en\u00fd pohyb psov. V praxi by jeho schv\u00e1len\u00edm mohli by\u0165 odstrelen\u00e9 psy, ktor\u00e9 s\u00fa pusten\u00e9 na vo\u013eno, napr\u00edklad po\u010das prech\u00e1dzky a pohybuj\u00fa sa v po\u013eovn\u00edckom rev\u00edri \u2013 \u010do je prakticky cel\u00e9 \u00fazemie Slovenska. Demokrati, ktor\u00ed na t\u00e9mu upozornili, sp\u00fa\u0161\u0165aj\u00fa online pet\u00edciu, v ktorej po\u017eaduj\u00fa zachovanie vo\u013en\u00e9ho pohybu psov [&hellip;]","og_url":"https:\/\/www.smedemokrati.sk\/en\/nestrielajte-psy-spustame-peticiu\/","og_site_name":"Smedemokrati.sk","article_publisher":"https:\/\/www.facebook.com\/smedemokrati2023","article_published_time":"2025-04-25T10:13:40+00:00","og_image":[{"width":942,"height":563,"url":"https:\/\/www.smedemokrati.sk\/wp-content\/uploads\/2025\/04\/nestrielajte-nas.jpg","type":"image\/jpeg"}],"author":"miro.sopko","twitter_card":"summary_large_image","twitter_misc":{"Written by":"miro.sopko","Est. reading time":"3 minutes"},"schema":{"@context":"https:\/\/schema.org","@graph":[{"@type":"Article","@id":"https:\/\/www.smedemokrati.sk\/nestrielajte-psy-spustame-peticiu\/#article","isPartOf":{"@id":"https:\/\/www.smedemokrati.sk\/nestrielajte-psy-spustame-peticiu\/"},"author":{"name":"miro.sopko","@id":"https:\/\/www.smedemokrati.sk\/#\/schema\/person\/21f147c88d605aa7ded900e1e7c344ba"},"headline":"Nestrie\u013eajte psy! Sp\u00fa\u0161\u0165ame pet\u00edciu","datePublished":"2025-04-25T10:13:40+00:00","mainEntityOfPage":{"@id":"https:\/\/www.smedemokrati.sk\/nestrielajte-psy-spustame-peticiu\/"},"wordCount":567,"publisher":{"@id":"https:\/\/www.smedemokrati.sk\/#organization"},"image":{"@id":"https:\/\/www.smedemokrati.sk\/nestrielajte-psy-spustame-peticiu\/#primaryimage"},"thumbnailUrl":"https:\/\/www.smedemokrati.sk\/wp-content\/uploads\/2025\/04\/nestrielajte-nas.jpg","articleSection":["Tla\u010dov\u00e9 spr\u00e1vy"],"inLanguage":"en-US"},{"@type":"WebPage","@id":"https:\/\/www.smedemokrati.sk\/nestrielajte-psy-spustame-peticiu\/","url":"https:\/\/www.smedemokrati.sk\/nestrielajte-psy-spustame-peticiu\/","name":"Nestrie\u013eajte psy! Sp\u00fa\u0161\u0165ame pet\u00edciu","isPartOf":{"@id":"https:\/\/www.smedemokrati.sk\/#website"},"primaryImageOfPage":{"@id":"https:\/\/www.smedemokrati.sk\/nestrielajte-psy-spustame-peticiu\/#primaryimage"},"image":{"@id":"https:\/\/www.smedemokrati.sk\/nestrielajte-psy-spustame-peticiu\/#primaryimage"},"thumbnailUrl":"https:\/\/www.smedemokrati.sk\/wp-content\/uploads\/2025\/04\/nestrielajte-nas.jpg","datePublished":"2025-04-25T10:13:40+00:00","breadcrumb":{"@id":"https:\/\/www.smedemokrati.sk\/nestrielajte-psy-spustame-peticiu\/#breadcrumb"},"inLanguage":"en-US","potentialAction":[{"@type":"ReadAction","target":["https:\/\/www.smedemokrati.sk\/nestrielajte-psy-spustame-peticiu\/"]}]},{"@type":"ImageObject","inLanguage":"en-US","@id":"https:\/\/www.smedemokrati.sk\/nestrielajte-psy-spustame-peticiu\/#primaryimage","url":"https:\/\/www.smedemokrati.sk\/wp-content\/uploads\/2025\/04\/nestrielajte-nas.jpg","contentUrl":"https:\/\/www.smedemokrati.sk\/wp-content\/uploads\/2025\/04\/nestrielajte-nas.jpg","width":942,"height":563},{"@type":"BreadcrumbList","@id":"https:\/\/www.smedemokrati.sk\/nestrielajte-psy-spustame-peticiu\/#breadcrumb","itemListElement":[{"@type":"ListItem","position":1,"name":"Domovsk\u00e1 str\u00e1nka","item":"https:\/\/www.smedemokrati.sk\/"},{"@type":"ListItem","position":2,"name":"Nestrie\u013eajte psy! Sp\u00fa\u0161\u0165ame pet\u00edciu"}]},{"@type":"WebSite","@id":"https:\/\/www.smedemokrati.sk\/#website","url":"https:\/\/www.smedemokrati.sk\/","name":"Smedemokrati.sk","description":"Demokracia a slu\u0161nos\u0165 zv\u00ed\u0165az\u00ed","publisher":{"@id":"https:\/\/www.smedemokrati.sk\/#organization"},"potentialAction":[{"@type":"SearchAction","target":{"@type":"EntryPoint","urlTemplate":"https:\/\/www.smedemokrati.sk\/?s={search_term_string}"},"query-input":{"@type":"PropertyValueSpecification","valueRequired":true,"valueName":"search_term_string"}}],"inLanguage":"en-US"},{"@type":"Organization","@id":"https:\/\/www.smedemokrati.sk\/#organization","name":"Smedemokrati.sk","url":"https:\/\/www.smedemokrati.sk\/","logo":{"@type":"ImageObject","inLanguage":"en-US","@id":"https:\/\/www.smedemokrati.sk\/#\/schema\/logo\/image\/","url":"https:\/\/www.smedemokrati.sk\/wp-content\/uploads\/2023\/04\/ff.002.jpeg","contentUrl":"https:\/\/www.smedemokrati.sk\/wp-content\/uploads\/2023\/04\/ff.002.jpeg","width":640,"height":480,"caption":"Smedemokrati.sk"},"image":{"@id":"https:\/\/www.smedemokrati.sk\/#\/schema\/logo\/image\/"},"sameAs":["https:\/\/www.facebook.com\/smedemokrati2023"]},{"@type":"Person","@id":"https:\/\/www.smedemokrati.sk\/#\/schema\/person\/21f147c88d605aa7ded900e1e7c344ba","name":"miro.sopko","image":{"@type":"ImageObject","inLanguage":"en-US","@id":"https:\/\/secure.gravatar.com\/avatar\/267e4a36f704376c109afe3a78740c1f5dd8675a2180a908699e7863c9247606?s=96&d=mm&r=g","url":"https:\/\/secure.gravatar.com\/avatar\/267e4a36f704376c109afe3a78740c1f5dd8675a2180a908699e7863c9247606?s=96&d=mm&r=g","contentUrl":"https:\/\/secure.gravatar.com\/avatar\/267e4a36f704376c109afe3a78740c1f5dd8675a2180a908699e7863c9247606?s=96&d=mm&r=g","caption":"miro.sopko"},"url":"https:\/\/www.smedemokrati.sk\/en\/author\/miro-sopko\/"}]}},"_links":{"self":[{"href":"https:\/\/www.smedemokrati.sk\/en\/wp-json\/wp\/v2\/posts\/7004","targetHints":{"allow":["GET"]}}],"collection":[{"href":"https:\/\/www.smedemokrati.sk\/en\/wp-json\/wp\/v2\/posts"}],"about":[{"href":"https:\/\/www.smedemokrati.sk\/en\/wp-json\/wp\/v2\/types\/post"}],"author":[{"embeddable":true,"href":"https:\/\/www.smedemokrati.sk\/en\/wp-json\/wp\/v2\/users\/13"}],"replies":[{"embeddable":true,"href":"https:\/\/www.smedemokrati.sk\/en\/wp-json\/wp\/v2\/comments?post=7004"}],"version-history":[{"count":1,"href":"https:\/\/www.smedemokrati.sk\/en\/wp-json\/wp\/v2\/posts\/7004\/revisions"}],"predecessor-version":[{"id":7006,"href":"https:\/\/www.smedemokrati.sk\/en\/wp-json\/wp\/v2\/posts\/7004\/revisions\/7006"}],"wp:featuredmedia":[{"embeddable":true,"href":"https:\/\/www.smedemokrati.sk\/en\/wp-json\/wp\/v2\/media\/7005"}],"wp:attachment":[{"href":"https:\/\/www.smedemokrati.sk\/en\/wp-json\/wp\/v2\/media?parent=7004"}],"wp:term":[{"taxonomy":"category","embeddable":true,"href":"https:\/\/www.smedemokrati.sk\/en\/wp-json\/wp\/v2\/categories?post=7004"},{"taxonomy":"post_tag","embeddable":true,"href":"https:\/\/www.smedemokrati.sk\/en\/wp-json\/wp\/v2\/tags?post=7004"}],"curies":[{"name":"wp","href":"https:\/\/api.w.org\/{rel}","templated":true}]}}